{"id":17829,"date":"2020-12-21T18:00:10","date_gmt":"2020-12-21T18:00:10","guid":{"rendered":"https:\/\/jornaldasoficinas.com\/pt\/?p=17829"},"modified":"2020-12-20T10:11:13","modified_gmt":"2020-12-20T10:11:13","slug":"auto-industrial-comemora-100-anos-de-conquistas","status":"publish","type":"post","link":"https:\/\/jornaldasoficinas.com\/pt\/auto-industrial-comemora-100-anos-de-conquistas\/","title":{"rendered":"Auto-Industrial comemora 100 anos de conquistas"},"content":{"rendered":"<p><img loading=\"lazy\" decoding=\"async\" class=\"alignnone wp-image-17810 size-full\" src=\"https:\/\/jornaldasoficinas.com\/pt\/wp-content\/uploads\/2020\/12\/auto-industrial-comemora.png\" alt=\"12 - auto-industrial-comemora\" width=\"1024\" height=\"581\" srcset=\"https:\/\/jornaldasoficinas.com\/pt\/wp-content\/uploads\/2020\/12\/auto-industrial-comemora.png 1024w, https:\/\/jornaldasoficinas.com\/pt\/wp-content\/uploads\/2020\/12\/auto-industrial-comemora-300x170.png 300w, https:\/\/jornaldasoficinas.com\/pt\/wp-content\/uploads\/2020\/12\/auto-industrial-comemora-150x85.png 150w, https:\/\/jornaldasoficinas.com\/pt\/wp-content\/uploads\/2020\/12\/auto-industrial-comemora-768x436.png 768w\" sizes=\"auto, (max-width: 1024px) 100vw, 1024px\" \/><\/p>\n<p><strong>O Grupo Auto-Industrial foi pioneiro no sector Autom\u00f3vel em Portugal, comemorando em 2020 cem anos. Uma hist\u00f3ria de compromisso e evolu\u00e7\u00e3o, num Grupo que hoje estende a sua actividade ao sector e agr\u00edcola e na\u00fatico.<\/strong><\/p>\n<p>Fundada em Coimbra, em 20 de dezembro de 1920 por 32 s\u00f3cios, a Auto-Industrial representa uma hist\u00f3ria de empreendedorismo nacional \u00edmpar. Um ano depois, em 1921 funde-se com a \ufb01rma detentora da Empreza Automobil\u00edstica Portugueza criada em 1902 por um dos pioneiros do desporto autom\u00f3vel nacional. As primeiras d\u00e9cadas do Grupo s\u00e3o de\ufb01nidas por um crescimento sustentado, pelo in\u00edcio da representa\u00e7\u00e3o de marcas autom\u00f3veis ic\u00f3nicas nomeadamente a Ford, a General Motors, a Darracq, a Buick ou os motores Perkins e pela expans\u00e3o nacional \u2013 em 1934 para o Porto, em 1947 para Lisboa e em 1949 para Leiria.<\/p>\n<p>Os anos 60 d\u00e3o in\u00edcio a uma nova fase com o in\u00edcio do neg\u00f3cio de comercializa\u00e7\u00e3o de tractores e m\u00e1quinas agr\u00edcolas em 1964. O Grupo Auto-Industrial continuou o seu percurso da expans\u00e3o em territ\u00f3rio nacional, com a abertura de novas oficinas em Lisboa e no Porto e uma \ufb01lial em Cascais. Os anos 1970 come\u00e7am com a celebra\u00e7\u00e3o dos 50 anos da empresa, mas a meio da d\u00e9cada a instabilidade pol\u00edtica e econ\u00f3mica em Portugal veio a afectar a actividade do grupo.<\/p>\n<p>Nos anos 80 o Grupo Auto-Industrial recupera com con\ufb01an\u00e7a e determina\u00e7\u00e3o. \u00c9 nessa d\u00e9cada que s\u00e3o constitu\u00eddas novas empresas e novos neg\u00f3cios, nomeadamente no sector mar\u00edtimo e da na\u00fatica em 1980, em 1983, d\u00e1-se a expans\u00e3o para a \u00e1rea \ufb01nanceira e em 1987 o in\u00edcio da atividade de cr\u00e9dito \u00e0 compra de autom\u00f3veis.<\/p>\n<p>Desde os anos 90 at\u00e9 hoje, o Grupo Auto-Industrial cresceu e consolidou as suas conquistas. Em 1991 recebe da ACAP (Associa\u00e7\u00e3o Autom\u00f3vel de Portugal) o trof\u00e9u Roda de Prata, como reconhecimento pelo percurso do Grupo ao servi\u00e7o do com\u00e9rcio autom\u00f3vel nacional. Nos \u00faltimos 30 anos, o Grupo a\ufb01rmou-se no mercado nacional e internacional com a entrada no neg\u00f3cio das telecomunica\u00e7\u00f5es em 1992, no lan\u00e7amento da actividade de aluguer de longa dura\u00e7\u00e3o em 1995 e a cria\u00e7\u00e3o do Banco Mais em 2000.<\/p>\n<p>Na primeira d\u00e9cada deste novo s\u00e9culo, s\u00e3o representadas novas marcas de autom\u00f3veis. Em 2005, o Grupo recebe a Medalha de M\u00e9rito Empresarial da cidade de Coimbra. Em 2017 atinge o 1\u00ba lugar em vendas no mercado portugu\u00eas de tratores agr\u00edcolas. Com foco na e\ufb01ci\u00eancia, em 2019 iniciou a implementa\u00e7\u00e3o de um novo sistema de informa\u00e7\u00e3o e gest\u00e3o.<\/p>\n<p>O Grupo Auto-Industrial \u00e9, em 2020, sin\u00f3nimo de con\ufb01an\u00e7a, proximidade e compromisso na disponibiliza\u00e7\u00e3o das melhores solu\u00e7\u00f5es no sector autom\u00f3vel, agr\u00edcola e na\u00fatico, atrav\u00e9s da sua rede de vendas e de assist\u00eancia t\u00e9cnica de norte a sul do pa\u00eds, consolidando a sua dimens\u00e3o e reputa\u00e7\u00e3o enquanto um dos principais dinamizadores dos mercados onde opera em Portugal.<\/p>\n<p>Actualmente o grupo disp\u00f5em de cerca de 700 colaboradores, tendo registado em 2019 uma factura\u00e7\u00e3o de 284,3 milh\u00f5es de euros. O Grupo Auto-Industrial representa em Portugal: 19 marcas de autom\u00f3veis, 9 marcas de tractores e equipamentos agr\u00edcolas, 9 marcas de motores, 6 marcas de n\u00e1utica e 2 marcas de agro-jardim.<\/p>\n","protected":false},"excerpt":{"rendered":"<p>O Grupo Auto-Industrial foi pioneiro no&#8230;<\/p>\n","protected":false},"author":15,"featured_media":17810,"comment_status":"closed","ping_status":"closed","sticky":false,"template":"","format":"standard","meta":{"footnotes":""},"categories":[29],"tags":[2498],"class_list":["post-17829","post","type-post","status-publish","format-standard","has-post-thumbnail","hentry","category-empresas","tag-grupo-auto-industrial"],"yoast_head":"<!-- This site is optimized with the Yoast SEO plugin v27.4 - https:\/\/yoast.com\/product\/yoast-seo-wordpress\/ -->\n<title>Auto-Industrial comemora 100 anos de conquistas - Jornal das Oficinas<\/title>\n<meta name=\"robots\" content=\"index, follow, max-snippet:-1, max-image-preview:large, max-video-preview:-1\" \/>\n<link rel=\"canonical\" href=\"https:\/\/jornaldasoficinas.com\/pt\/auto-industrial-comemora-100-anos-de-conquistas\/\" \/>\n<meta property=\"og:locale\" content=\"pt_PT\" \/>\n<meta property=\"og:type\" content=\"article\" \/>\n<meta property=\"og:title\" content=\"Auto-Industrial comemora 100 anos de conquistas - Jornal das Oficinas\" \/>\n<meta property=\"og:description\" content=\"O Grupo Auto-Industrial foi pioneiro no...\" \/>\n<meta property=\"og:url\" content=\"https:\/\/jornaldasoficinas.com\/pt\/auto-industrial-comemora-100-anos-de-conquistas\/\" \/>\n<meta property=\"og:site_name\" content=\"Jornal das Oficinas\" \/>\n<meta property=\"article:publisher\" content=\"https:\/\/www.facebook.com\/jornaloficinas\" \/>\n<meta property=\"article:published_time\" content=\"2020-12-21T18:00:10+00:00\" \/>\n<meta property=\"og:image\" content=\"https:\/\/jornaldasoficinas.com\/pt\/wp-content\/uploads\/2020\/12\/auto-industrial-comemora.png\" \/>\n\t<meta property=\"og:image:width\" content=\"1024\" \/>\n\t<meta property=\"og:image:height\" content=\"581\" \/>\n\t<meta property=\"og:image:type\" content=\"image\/png\" \/>\n<meta name=\"author\" content=\"Reda\u00e7\u00e3o JO\" \/>\n<meta name=\"twitter:card\" content=\"summary_large_image\" \/>\n<meta name=\"twitter:creator\" content=\"@jornaloficinas\" \/>\n<meta name=\"twitter:site\" content=\"@jornaloficinas\" \/>\n<meta name=\"twitter:label1\" content=\"Escrito por\" \/>\n\t<meta name=\"twitter:data1\" content=\"Reda\u00e7\u00e3o JO\" \/>\n\t<meta name=\"twitter:label2\" content=\"Tempo estimado de leitura\" \/>\n\t<meta name=\"twitter:data2\" content=\"3 minutos\" \/>\n<script type=\"application\/ld+json\" class=\"yoast-schema-graph\">{\"@context\":\"https:\\\/\\\/schema.org\",\"@graph\":[{\"@type\":\"Article\",\"@id\":\"https:\\\/\\\/jornaldasoficinas.com\\\/pt\\\/auto-industrial-comemora-100-anos-de-conquistas\\\/#article\",\"isPartOf\":{\"@id\":\"https:\\\/\\\/jornaldasoficinas.com\\\/pt\\\/auto-industrial-comemora-100-anos-de-conquistas\\\/\"},\"author\":{\"name\":\"Reda\u00e7\u00e3o JO\",\"@id\":\"https:\\\/\\\/jornaldasoficinas.com\\\/pt\\\/#\\\/schema\\\/person\\\/a38eef5de2c41d9e7c9ac10141afddf3\"},\"headline\":\"Auto-Industrial comemora 100 anos de conquistas\",\"datePublished\":\"2020-12-21T18:00:10+00:00\",\"mainEntityOfPage\":{\"@id\":\"https:\\\/\\\/jornaldasoficinas.com\\\/pt\\\/auto-industrial-comemora-100-anos-de-conquistas\\\/\"},\"wordCount\":566,\"publisher\":{\"@id\":\"https:\\\/\\\/jornaldasoficinas.com\\\/pt\\\/#organization\"},\"image\":{\"@id\":\"https:\\\/\\\/jornaldasoficinas.com\\\/pt\\\/auto-industrial-comemora-100-anos-de-conquistas\\\/#primaryimage\"},\"thumbnailUrl\":\"https:\\\/\\\/jornaldasoficinas.com\\\/pt\\\/wp-content\\\/uploads\\\/2020\\\/12\\\/auto-industrial-comemora.png\",\"keywords\":[\"Grupo Auto-Industrial\"],\"articleSection\":[\"Empresas\"],\"inLanguage\":\"pt-PT\"},{\"@type\":\"WebPage\",\"@id\":\"https:\\\/\\\/jornaldasoficinas.com\\\/pt\\\/auto-industrial-comemora-100-anos-de-conquistas\\\/\",\"url\":\"https:\\\/\\\/jornaldasoficinas.com\\\/pt\\\/auto-industrial-comemora-100-anos-de-conquistas\\\/\",\"name\":\"Auto-Industrial comemora 100 anos de conquistas - Jornal das Oficinas\",\"isPartOf\":{\"@id\":\"https:\\\/\\\/jornaldasoficinas.com\\\/pt\\\/#website\"},\"primaryImageOfPage\":{\"@id\":\"https:\\\/\\\/jornaldasoficinas.com\\\/pt\\\/auto-industrial-comemora-100-anos-de-conquistas\\\/#primaryimage\"},\"image\":{\"@id\":\"https:\\\/\\\/jornaldasoficinas.com\\\/pt\\\/auto-industrial-comemora-100-anos-de-conquistas\\\/#primaryimage\"},\"thumbnailUrl\":\"https:\\\/\\\/jornaldasoficinas.com\\\/pt\\\/wp-content\\\/uploads\\\/2020\\\/12\\\/auto-industrial-comemora.png\",\"datePublished\":\"2020-12-21T18:00:10+00:00\",\"breadcrumb\":{\"@id\":\"https:\\\/\\\/jornaldasoficinas.com\\\/pt\\\/auto-industrial-comemora-100-anos-de-conquistas\\\/#breadcrumb\"},\"inLanguage\":\"pt-PT\",\"potentialAction\":[{\"@type\":\"ReadAction\",\"target\":[\"https:\\\/\\\/jornaldasoficinas.com\\\/pt\\\/auto-industrial-comemora-100-anos-de-conquistas\\\/\"]}]},{\"@type\":\"ImageObject\",\"inLanguage\":\"pt-PT\",\"@id\":\"https:\\\/\\\/jornaldasoficinas.com\\\/pt\\\/auto-industrial-comemora-100-anos-de-conquistas\\\/#primaryimage\",\"url\":\"https:\\\/\\\/jornaldasoficinas.com\\\/pt\\\/wp-content\\\/uploads\\\/2020\\\/12\\\/auto-industrial-comemora.png\",\"contentUrl\":\"https:\\\/\\\/jornaldasoficinas.com\\\/pt\\\/wp-content\\\/uploads\\\/2020\\\/12\\\/auto-industrial-comemora.png\",\"width\":1024,\"height\":581,\"caption\":\"12 - auto-industrial-comemora\"},{\"@type\":\"BreadcrumbList\",\"@id\":\"https:\\\/\\\/jornaldasoficinas.com\\\/pt\\\/auto-industrial-comemora-100-anos-de-conquistas\\\/#breadcrumb\",\"itemListElement\":[{\"@type\":\"ListItem\",\"position\":1,\"name\":\"In\u00edcio\",\"item\":\"https:\\\/\\\/jornaldasoficinas.com\\\/pt\\\/\"},{\"@type\":\"ListItem\",\"position\":2,\"name\":\"Auto-Industrial comemora 100 anos de conquistas\"}]},{\"@type\":\"WebSite\",\"@id\":\"https:\\\/\\\/jornaldasoficinas.com\\\/pt\\\/#website\",\"url\":\"https:\\\/\\\/jornaldasoficinas.com\\\/pt\\\/\",\"name\":\"Jornal das Oficinas\",\"description\":\"Jornal independente do Aftermarket Autom\u00f3vel em Portugal\",\"publisher\":{\"@id\":\"https:\\\/\\\/jornaldasoficinas.com\\\/pt\\\/#organization\"},\"potentialAction\":[{\"@type\":\"SearchAction\",\"target\":{\"@type\":\"EntryPoint\",\"urlTemplate\":\"https:\\\/\\\/jornaldasoficinas.com\\\/pt\\\/?s={search_term_string}\"},\"query-input\":{\"@type\":\"PropertyValueSpecification\",\"valueRequired\":true,\"valueName\":\"search_term_string\"}}],\"inLanguage\":\"pt-PT\"},{\"@type\":\"Organization\",\"@id\":\"https:\\\/\\\/jornaldasoficinas.com\\\/pt\\\/#organization\",\"name\":\"Jornal das Oficinas\",\"url\":\"https:\\\/\\\/jornaldasoficinas.com\\\/pt\\\/\",\"logo\":{\"@type\":\"ImageObject\",\"inLanguage\":\"pt-PT\",\"@id\":\"https:\\\/\\\/jornaldasoficinas.com\\\/pt\\\/#\\\/schema\\\/logo\\\/image\\\/\",\"url\":\"https:\\\/\\\/jornaldasoficinas.com\\\/pt\\\/wp-content\\\/uploads\\\/logoJO-SEO.png\",\"contentUrl\":\"https:\\\/\\\/jornaldasoficinas.com\\\/pt\\\/wp-content\\\/uploads\\\/logoJO-SEO.png\",\"width\":285,\"height\":450,\"caption\":\"Jornal das Oficinas\"},\"image\":{\"@id\":\"https:\\\/\\\/jornaldasoficinas.com\\\/pt\\\/#\\\/schema\\\/logo\\\/image\\\/\"},\"sameAs\":[\"https:\\\/\\\/www.facebook.com\\\/jornaloficinas\",\"https:\\\/\\\/x.com\\\/jornaloficinas\",\"https:\\\/\\\/www.instagram.com\\\/jornal_oficinas\\\/\",\"https:\\\/\\\/www.linkedin.com\\\/company\\\/jornal-das-oficinas\\\/\",\"https:\\\/\\\/www.youtube.com\\\/channel\\\/UCbQZBqtcvV-oSQrr7RzINGg\"]},{\"@type\":\"Person\",\"@id\":\"https:\\\/\\\/jornaldasoficinas.com\\\/pt\\\/#\\\/schema\\\/person\\\/a38eef5de2c41d9e7c9ac10141afddf3\",\"name\":\"Reda\u00e7\u00e3o JO\",\"image\":{\"@type\":\"ImageObject\",\"inLanguage\":\"pt-PT\",\"@id\":\"https:\\\/\\\/secure.gravatar.com\\\/avatar\\\/71f2fa71737ad68a84fea94bc708ddac8ea5b0c4788dc2ad202f3ccb2887742f?s=96&d=wp_user_avatar&r=g\",\"url\":\"https:\\\/\\\/secure.gravatar.com\\\/avatar\\\/71f2fa71737ad68a84fea94bc708ddac8ea5b0c4788dc2ad202f3ccb2887742f?s=96&d=wp_user_avatar&r=g\",\"contentUrl\":\"https:\\\/\\\/secure.gravatar.com\\\/avatar\\\/71f2fa71737ad68a84fea94bc708ddac8ea5b0c4788dc2ad202f3ccb2887742f?s=96&d=wp_user_avatar&r=g\",\"caption\":\"Reda\u00e7\u00e3o JO\"},\"url\":\"https:\\\/\\\/jornaldasoficinas.com\\\/pt\\\/author\\\/joredacao\\\/\"}]}<\/script>\n<!-- \/ Yoast SEO plugin. -->","yoast_head_json":{"title":"Auto-Industrial comemora 100 anos de conquistas - Jornal das Oficinas","robots":{"index":"index","follow":"follow","max-snippet":"max-snippet:-1","max-image-preview":"max-image-preview:large","max-video-preview":"max-video-preview:-1"},"canonical":"https:\/\/jornaldasoficinas.com\/pt\/auto-industrial-comemora-100-anos-de-conquistas\/","og_locale":"pt_PT","og_type":"article","og_title":"Auto-Industrial comemora 100 anos de conquistas - Jornal das Oficinas","og_description":"O Grupo Auto-Industrial foi pioneiro no...","og_url":"https:\/\/jornaldasoficinas.com\/pt\/auto-industrial-comemora-100-anos-de-conquistas\/","og_site_name":"Jornal das Oficinas","article_publisher":"https:\/\/www.facebook.com\/jornaloficinas","article_published_time":"2020-12-21T18:00:10+00:00","og_image":[{"width":1024,"height":581,"url":"https:\/\/jornaldasoficinas.com\/pt\/wp-content\/uploads\/2020\/12\/auto-industrial-comemora.png","type":"image\/png"}],"author":"Reda\u00e7\u00e3o JO","twitter_card":"summary_large_image","twitter_creator":"@jornaloficinas","twitter_site":"@jornaloficinas","twitter_misc":{"Escrito por":"Reda\u00e7\u00e3o JO","Tempo estimado de leitura":"3 minutos"},"schema":{"@context":"https:\/\/schema.org","@graph":[{"@type":"Article","@id":"https:\/\/jornaldasoficinas.com\/pt\/auto-industrial-comemora-100-anos-de-conquistas\/#article","isPartOf":{"@id":"https:\/\/jornaldasoficinas.com\/pt\/auto-industrial-comemora-100-anos-de-conquistas\/"},"author":{"name":"Reda\u00e7\u00e3o JO","@id":"https:\/\/jornaldasoficinas.com\/pt\/#\/schema\/person\/a38eef5de2c41d9e7c9ac10141afddf3"},"headline":"Auto-Industrial comemora 100 anos de conquistas","datePublished":"2020-12-21T18:00:10+00:00","mainEntityOfPage":{"@id":"https:\/\/jornaldasoficinas.com\/pt\/auto-industrial-comemora-100-anos-de-conquistas\/"},"wordCount":566,"publisher":{"@id":"https:\/\/jornaldasoficinas.com\/pt\/#organization"},"image":{"@id":"https:\/\/jornaldasoficinas.com\/pt\/auto-industrial-comemora-100-anos-de-conquistas\/#primaryimage"},"thumbnailUrl":"https:\/\/jornaldasoficinas.com\/pt\/wp-content\/uploads\/2020\/12\/auto-industrial-comemora.png","keywords":["Grupo Auto-Industrial"],"articleSection":["Empresas"],"inLanguage":"pt-PT"},{"@type":"WebPage","@id":"https:\/\/jornaldasoficinas.com\/pt\/auto-industrial-comemora-100-anos-de-conquistas\/","url":"https:\/\/jornaldasoficinas.com\/pt\/auto-industrial-comemora-100-anos-de-conquistas\/","name":"Auto-Industrial comemora 100 anos de conquistas - Jornal das Oficinas","isPartOf":{"@id":"https:\/\/jornaldasoficinas.com\/pt\/#website"},"primaryImageOfPage":{"@id":"https:\/\/jornaldasoficinas.com\/pt\/auto-industrial-comemora-100-anos-de-conquistas\/#primaryimage"},"image":{"@id":"https:\/\/jornaldasoficinas.com\/pt\/auto-industrial-comemora-100-anos-de-conquistas\/#primaryimage"},"thumbnailUrl":"https:\/\/jornaldasoficinas.com\/pt\/wp-content\/uploads\/2020\/12\/auto-industrial-comemora.png","datePublished":"2020-12-21T18:00:10+00:00","breadcrumb":{"@id":"https:\/\/jornaldasoficinas.com\/pt\/auto-industrial-comemora-100-anos-de-conquistas\/#breadcrumb"},"inLanguage":"pt-PT","potentialAction":[{"@type":"ReadAction","target":["https:\/\/jornaldasoficinas.com\/pt\/auto-industrial-comemora-100-anos-de-conquistas\/"]}]},{"@type":"ImageObject","inLanguage":"pt-PT","@id":"https:\/\/jornaldasoficinas.com\/pt\/auto-industrial-comemora-100-anos-de-conquistas\/#primaryimage","url":"https:\/\/jornaldasoficinas.com\/pt\/wp-content\/uploads\/2020\/12\/auto-industrial-comemora.png","contentUrl":"https:\/\/jornaldasoficinas.com\/pt\/wp-content\/uploads\/2020\/12\/auto-industrial-comemora.png","width":1024,"height":581,"caption":"12 - auto-industrial-comemora"},{"@type":"BreadcrumbList","@id":"https:\/\/jornaldasoficinas.com\/pt\/auto-industrial-comemora-100-anos-de-conquistas\/#breadcrumb","itemListElement":[{"@type":"ListItem","position":1,"name":"In\u00edcio","item":"https:\/\/jornaldasoficinas.com\/pt\/"},{"@type":"ListItem","position":2,"name":"Auto-Industrial comemora 100 anos de conquistas"}]},{"@type":"WebSite","@id":"https:\/\/jornaldasoficinas.com\/pt\/#website","url":"https:\/\/jornaldasoficinas.com\/pt\/","name":"Jornal das Oficinas","description":"Jornal independente do Aftermarket Autom\u00f3vel em Portugal","publisher":{"@id":"https:\/\/jornaldasoficinas.com\/pt\/#organization"},"potentialAction":[{"@type":"SearchAction","target":{"@type":"EntryPoint","urlTemplate":"https:\/\/jornaldasoficinas.com\/pt\/?s={search_term_string}"},"query-input":{"@type":"PropertyValueSpecification","valueRequired":true,"valueName":"search_term_string"}}],"inLanguage":"pt-PT"},{"@type":"Organization","@id":"https:\/\/jornaldasoficinas.com\/pt\/#organization","name":"Jornal das Oficinas","url":"https:\/\/jornaldasoficinas.com\/pt\/","logo":{"@type":"ImageObject","inLanguage":"pt-PT","@id":"https:\/\/jornaldasoficinas.com\/pt\/#\/schema\/logo\/image\/","url":"https:\/\/jornaldasoficinas.com\/pt\/wp-content\/uploads\/logoJO-SEO.png","contentUrl":"https:\/\/jornaldasoficinas.com\/pt\/wp-content\/uploads\/logoJO-SEO.png","width":285,"height":450,"caption":"Jornal das Oficinas"},"image":{"@id":"https:\/\/jornaldasoficinas.com\/pt\/#\/schema\/logo\/image\/"},"sameAs":["https:\/\/www.facebook.com\/jornaloficinas","https:\/\/x.com\/jornaloficinas","https:\/\/www.instagram.com\/jornal_oficinas\/","https:\/\/www.linkedin.com\/company\/jornal-das-oficinas\/","https:\/\/www.youtube.com\/channel\/UCbQZBqtcvV-oSQrr7RzINGg"]},{"@type":"Person","@id":"https:\/\/jornaldasoficinas.com\/pt\/#\/schema\/person\/a38eef5de2c41d9e7c9ac10141afddf3","name":"Reda\u00e7\u00e3o JO","image":{"@type":"ImageObject","inLanguage":"pt-PT","@id":"https:\/\/secure.gravatar.com\/avatar\/71f2fa71737ad68a84fea94bc708ddac8ea5b0c4788dc2ad202f3ccb2887742f?s=96&d=wp_user_avatar&r=g","url":"https:\/\/secure.gravatar.com\/avatar\/71f2fa71737ad68a84fea94bc708ddac8ea5b0c4788dc2ad202f3ccb2887742f?s=96&d=wp_user_avatar&r=g","contentUrl":"https:\/\/secure.gravatar.com\/avatar\/71f2fa71737ad68a84fea94bc708ddac8ea5b0c4788dc2ad202f3ccb2887742f?s=96&d=wp_user_avatar&r=g","caption":"Reda\u00e7\u00e3o JO"},"url":"https:\/\/jornaldasoficinas.com\/pt\/author\/joredacao\/"}]}},"_links":{"self":[{"href":"https:\/\/jornaldasoficinas.com\/pt\/wp-json\/wp\/v2\/posts\/17829","targetHints":{"allow":["GET"]}}],"collection":[{"href":"https:\/\/jornaldasoficinas.com\/pt\/wp-json\/wp\/v2\/posts"}],"about":[{"href":"https:\/\/jornaldasoficinas.com\/pt\/wp-json\/wp\/v2\/types\/post"}],"author":[{"embeddable":true,"href":"https:\/\/jornaldasoficinas.com\/pt\/wp-json\/wp\/v2\/users\/15"}],"replies":[{"embeddable":true,"href":"https:\/\/jornaldasoficinas.com\/pt\/wp-json\/wp\/v2\/comments?post=17829"}],"version-history":[{"count":0,"href":"https:\/\/jornaldasoficinas.com\/pt\/wp-json\/wp\/v2\/posts\/17829\/revisions"}],"wp:featuredmedia":[{"embeddable":true,"href":"https:\/\/jornaldasoficinas.com\/pt\/wp-json\/wp\/v2\/media\/17810"}],"wp:attachment":[{"href":"https:\/\/jornaldasoficinas.com\/pt\/wp-json\/wp\/v2\/media?parent=17829"}],"wp:term":[{"taxonomy":"category","embeddable":true,"href":"https:\/\/jornaldasoficinas.com\/pt\/wp-json\/wp\/v2\/categories?post=17829"},{"taxonomy":"post_tag","embeddable":true,"href":"https:\/\/jornaldasoficinas.com\/pt\/wp-json\/wp\/v2\/tags?post=17829"}],"curies":[{"name":"wp","href":"https:\/\/api.w.org\/{rel}","templated":true}]}}