{"id":17845,"date":"2020-12-23T08:00:00","date_gmt":"2020-12-23T08:00:00","guid":{"rendered":"https:\/\/jornaldasoficinas.com\/pt\/?p=17845"},"modified":"2020-12-20T10:35:27","modified_gmt":"2020-12-20T10:35:27","slug":"transicao-energetica-esta-nas-maos-das-empresas-lideres-de-energia","status":"publish","type":"post","link":"https:\/\/jornaldasoficinas.com\/pt\/transicao-energetica-esta-nas-maos-das-empresas-lideres-de-energia\/","title":{"rendered":"Transi\u00e7\u00e3o Energ\u00e9tica est\u00e1 nas m\u00e3os das empresas l\u00edderes de energia"},"content":{"rendered":"<p><img loading=\"lazy\" decoding=\"async\" class=\"alignnone wp-image-17818 size-full\" src=\"https:\/\/jornaldasoficinas.com\/pt\/wp-content\/uploads\/2020\/12\/Transic\u0327a\u0303o-Energe\u0301tica.png\" alt=\"12 - Transic\u0327a\u0303o-Energe\u0301tica\" width=\"1024\" height=\"581\" srcset=\"https:\/\/jornaldasoficinas.com\/pt\/wp-content\/uploads\/2020\/12\/Transic\u0327a\u0303o-Energe\u0301tica.png 1024w, https:\/\/jornaldasoficinas.com\/pt\/wp-content\/uploads\/2020\/12\/Transic\u0327a\u0303o-Energe\u0301tica-300x170.png 300w, https:\/\/jornaldasoficinas.com\/pt\/wp-content\/uploads\/2020\/12\/Transic\u0327a\u0303o-Energe\u0301tica-150x85.png 150w, https:\/\/jornaldasoficinas.com\/pt\/wp-content\/uploads\/2020\/12\/Transic\u0327a\u0303o-Energe\u0301tica-768x436.png 768w\" sizes=\"auto, (max-width: 1024px) 100vw, 1024px\" \/><\/p>\n<p>A Galp e outras sete das principais empresas mundiais de energia \u2013 a bp, a Eni, a Equinor, a Occidental, a Repsol, a Royal Dutch Shell e a Total \u2013 anunciaram hoje que acordaram aplicar seis Princ\u00edpios de Transi\u00e7\u00e3o Energ\u00e9tica \u00e0 medida que desempenham os seus pap\u00e9is neste desafio.<\/p>\n<p>Os seis Princ\u00edpios, acordados e assumidos pelas companhias, s\u00e3o:<\/p>\n<ol>\n<li>Apoio p\u00fablico aos objetivos do Acordo de Paris: apoiar publicamente os objetivos do Acordo de Paris, incluindo a coopera\u00e7\u00e3o internacional como ve\u00edculo para assegurar que estes objetivos possam ser alcan\u00e7ados com os menores custos globais para a economia.<\/li>\n<\/ol>\n<ol start=\"2\">\n<li>Descarboniza\u00e7\u00e3o da ind\u00fastria: de acordo com a estrat\u00e9gia, ambi\u00e7\u00f5es e objetivos individuais de cada empresa, trabalhar para reduzir as emiss\u00f5es das suas pr\u00f3prias opera\u00e7\u00f5es e esfor\u00e7arem-se por reduzir as emiss\u00f5es resultantes do consumo da energia, em conjunto com os seus clientes e com a sociedade. As empresas podem medir as suas contribui\u00e7\u00f5es com recurso \u00e0 intensidade carb\u00f3nica e\/ou a m\u00e9tricas absolutas em diferentes pontos da cadeia de valor, conforme determinado pela sua abordagem.<\/li>\n<\/ol>\n<ol start=\"3\">\n<li>Colabora\u00e7\u00e3o do sistema energ\u00e9tico: colaborar com os stakeholders, incluindo os consumidores de energia, investidores e governos para desenvolver e promover abordagens que contribuam para a redu\u00e7\u00e3o de emiss\u00f5es resultantes da utiliza\u00e7\u00e3o de energia, apoiando os pa\u00edses em que operam a cumprirem as suas Contribui\u00e7\u00f5es Determinadas a N\u00edvel Nacional (CND) para alcan\u00e7arem os objetivos do Acordo de Paris.<\/li>\n<\/ol>\n<ol start=\"4\">\n<li>Desenvolvimento de sumidouros de carbono: continuar a apoiar e promover o desenvolvimento de sumidouros de emiss\u00f5es, tais como as tecnologias de captura, utiliza\u00e7\u00e3o e armazenamento de carbono (CCUS) e os sumidouros naturais.<\/li>\n<\/ol>\n<ol start=\"5\">\n<li>Transpar\u00eancia: divulgar informa\u00e7\u00e3o relacionada com os riscos e oportunidades decorrentes das altera\u00e7\u00f5es clim\u00e1ticas de forma consistente com os objetivos das recomenda\u00e7\u00f5es do Grupo de Trabalho sobre o Reporte Financeiro relacionado com o Clima (TCFD).<\/li>\n<\/ol>\n<ol start=\"6\">\n<li>Ind\u00fastria e associa\u00e7\u00f5es setoriais: divulgar informa\u00e7\u00e3o sobre a sua participa\u00e7\u00e3o nos principais f\u00f3runs e associa\u00e7\u00f5es de ind\u00fastria e o seu alinhamento com as principais posi\u00e7\u00f5es e pol\u00edticas de defesa do clima das empresas.<\/li>\n<\/ol>\n<p>Os stakeholders pedem mais consist\u00eancia e transpar\u00eancia nas m\u00e9tricas utilizadas pela ind\u00fastria para reportar o desempenho relacionado com o clima. Reconhecendo que cada empresa tem a sua pr\u00f3pria estrat\u00e9gia, objetivos e ambi\u00e7\u00f5es relativamente \u00e0 transi\u00e7\u00e3o energ\u00e9tica, muitas das empresas est\u00e3o a colaborar em duas vertentes adicionais de trabalho t\u00e9cnico.<\/p>\n<p>A primeira visa aumentar a transpar\u00eancia e a consist\u00eancia das defini\u00e7\u00f5es e dos \u00e2mbitos utilizados para o reporte de informa\u00e7\u00e3o, e sinalizar onde subsistem diferen\u00e7as devido \u00e0s diferen\u00e7as decorrentes<\/p>\n<p>da diversidade entre os neg\u00f3cios e as abordagens das empresas. A segunda \u00e9 trabalhar para desenvolver um quadro metodol\u00f3gico consistente para medir e reportar a intensidade carb\u00f3nica l\u00edquida dos seus produtos energ\u00e9ticos e das suas iniciativas de redu\u00e7\u00e3o de emiss\u00f5es.<\/p>\n<p>\u201cResponder ao desafio de enfrentar as altera\u00e7\u00f5es clim\u00e1ticas exige uma colabora\u00e7\u00e3o sem precedentes entre as empresas de energia, os governos, investidores e outras partes interessadas. Os princ\u00edpios funcionar\u00e3o como uma estrutura para as a\u00e7\u00f5es que as empresas energ\u00e9ticas l\u00edderes est\u00e3o a desenvolver em conjunto, bem como uma plataforma de colabora\u00e7\u00e3o com grupos de stakeholders mais alargados,\u201d afirmaram os CEOs das empresas participantes.<\/p>\n<p>Adam Matthews, Presidente do Grupo de Trabalho Climate Action 100+ de Investidores Europeus para um Standard Net Zero, afirmou: \u201cEste \u00e9 um compromisso fundacional importante. Representa uma consolida\u00e7\u00e3o significativa dos progressos realizados na Europa e ao mesmo tempo vemos a primeira empresa de petr\u00f3leo e g\u00e1s norte-americana a juntar-se aos seus pares europeus. Como<\/p>\n<p>investidores CA100+, mantemos um di\u00e1logo extenso e detalhado com o sector do petr\u00f3leo e g\u00e1s e \u00e9 extremamente \u00fatil termos uma posi\u00e7\u00e3o destas empresas unificada em torno de princ\u00edpios fundamentais, incluindo sobre as emiss\u00f5es de \u00e2mbito 3 e lobbying empresarial, entre outros.\u201d<\/p>\n<p>Anne Simpson, administradora da Climate Action 100+ pela CalPERs, afirmou: \u201cCongratulamo-nos com os Princ\u00edpios de Transi\u00e7\u00e3o Energ\u00e9tica que centram a aten\u00e7\u00e3o da ind\u00fastria n\u00e3o apenas no que cada empresa precisa de fazer sozinha, mas tamb\u00e9m no que todas devem fazer em conjunto. Este trabalho intersectorial ser\u00e1 vital para alcan\u00e7ar o objetivo de emiss\u00f5es l\u00edquidas zero na economia real at\u00e9 2050 ou mais cedo.\u201d<\/p>\n<p>&nbsp;<\/p>\n<p>&nbsp;<\/p>\n","protected":false},"excerpt":{"rendered":"<p>A Galp e outras sete das&#8230;<\/p>\n","protected":false},"author":15,"featured_media":17818,"comment_status":"closed","ping_status":"closed","sticky":false,"template":"","format":"standard","meta":{"footnotes":""},"categories":[37],"tags":[2352,70,2501,438,2502,2503,1046,2504],"class_list":["post-17845","post","type-post","status-publish","format-standard","has-post-thumbnail","hentry","category-mercado","tag-bp","tag-eni","tag-equinor","tag-galp","tag-occidental","tag-respsol","tag-shell","tag-total"],"yoast_head":"<!-- This site is optimized with the Yoast SEO plugin v27.4 - https:\/\/yoast.com\/product\/yoast-seo-wordpress\/ -->\n<title>Transi\u00e7\u00e3o Energ\u00e9tica est\u00e1 nas m\u00e3os das empresas l\u00edderes de energia - Jornal das Oficinas<\/title>\n<meta name=\"robots\" content=\"index, follow, max-snippet:-1, max-image-preview:large, max-video-preview:-1\" \/>\n<link rel=\"canonical\" href=\"https:\/\/jornaldasoficinas.com\/pt\/transicao-energetica-esta-nas-maos-das-empresas-lideres-de-energia\/\" \/>\n<meta property=\"og:locale\" content=\"pt_PT\" \/>\n<meta property=\"og:type\" content=\"article\" \/>\n<meta property=\"og:title\" content=\"Transi\u00e7\u00e3o Energ\u00e9tica est\u00e1 nas m\u00e3os das empresas l\u00edderes de energia - Jornal das Oficinas\" \/>\n<meta property=\"og:description\" content=\"A Galp e outras sete das...\" \/>\n<meta property=\"og:url\" content=\"https:\/\/jornaldasoficinas.com\/pt\/transicao-energetica-esta-nas-maos-das-empresas-lideres-de-energia\/\" \/>\n<meta property=\"og:site_name\" content=\"Jornal das Oficinas\" \/>\n<meta property=\"article:publisher\" content=\"https:\/\/www.facebook.com\/jornaloficinas\" \/>\n<meta property=\"article:published_time\" content=\"2020-12-23T08:00:00+00:00\" \/>\n<meta property=\"og:image\" content=\"https:\/\/jornaldasoficinas.com\/pt\/wp-content\/uploads\/2020\/12\/Transic\u0327a\u0303o-Energe\u0301tica.png\" \/>\n\t<meta property=\"og:image:width\" content=\"1024\" \/>\n\t<meta property=\"og:image:height\" content=\"581\" \/>\n\t<meta property=\"og:image:type\" content=\"image\/png\" \/>\n<meta name=\"author\" content=\"Reda\u00e7\u00e3o JO\" \/>\n<meta name=\"twitter:card\" content=\"summary_large_image\" \/>\n<meta name=\"twitter:creator\" content=\"@jornaloficinas\" \/>\n<meta name=\"twitter:site\" content=\"@jornaloficinas\" \/>\n<meta name=\"twitter:label1\" content=\"Escrito por\" \/>\n\t<meta name=\"twitter:data1\" content=\"Reda\u00e7\u00e3o JO\" \/>\n\t<meta name=\"twitter:label2\" content=\"Tempo estimado de leitura\" \/>\n\t<meta name=\"twitter:data2\" content=\"4 minutos\" \/>\n<script type=\"application\/ld+json\" class=\"yoast-schema-graph\">{\"@context\":\"https:\\\/\\\/schema.org\",\"@graph\":[{\"@type\":\"Article\",\"@id\":\"https:\\\/\\\/jornaldasoficinas.com\\\/pt\\\/transicao-energetica-esta-nas-maos-das-empresas-lideres-de-energia\\\/#article\",\"isPartOf\":{\"@id\":\"https:\\\/\\\/jornaldasoficinas.com\\\/pt\\\/transicao-energetica-esta-nas-maos-das-empresas-lideres-de-energia\\\/\"},\"author\":{\"name\":\"Reda\u00e7\u00e3o JO\",\"@id\":\"https:\\\/\\\/jornaldasoficinas.com\\\/pt\\\/#\\\/schema\\\/person\\\/a38eef5de2c41d9e7c9ac10141afddf3\"},\"headline\":\"Transi\u00e7\u00e3o Energ\u00e9tica est\u00e1 nas m\u00e3os das empresas l\u00edderes de energia\",\"datePublished\":\"2020-12-23T08:00:00+00:00\",\"mainEntityOfPage\":{\"@id\":\"https:\\\/\\\/jornaldasoficinas.com\\\/pt\\\/transicao-energetica-esta-nas-maos-das-empresas-lideres-de-energia\\\/\"},\"wordCount\":769,\"publisher\":{\"@id\":\"https:\\\/\\\/jornaldasoficinas.com\\\/pt\\\/#organization\"},\"image\":{\"@id\":\"https:\\\/\\\/jornaldasoficinas.com\\\/pt\\\/transicao-energetica-esta-nas-maos-das-empresas-lideres-de-energia\\\/#primaryimage\"},\"thumbnailUrl\":\"https:\\\/\\\/jornaldasoficinas.com\\\/pt\\\/wp-content\\\/uploads\\\/2020\\\/12\\\/Transic\u0327a\u0303o-Energe\u0301tica.png\",\"keywords\":[\"bp\",\"Eni\",\"Equinor\",\"Galp\",\"Occidental\",\"Respsol\",\"Shell\",\"Total\"],\"articleSection\":[\"Mercado\"],\"inLanguage\":\"pt-PT\"},{\"@type\":\"WebPage\",\"@id\":\"https:\\\/\\\/jornaldasoficinas.com\\\/pt\\\/transicao-energetica-esta-nas-maos-das-empresas-lideres-de-energia\\\/\",\"url\":\"https:\\\/\\\/jornaldasoficinas.com\\\/pt\\\/transicao-energetica-esta-nas-maos-das-empresas-lideres-de-energia\\\/\",\"name\":\"Transi\u00e7\u00e3o Energ\u00e9tica est\u00e1 nas m\u00e3os das empresas l\u00edderes de energia - Jornal das Oficinas\",\"isPartOf\":{\"@id\":\"https:\\\/\\\/jornaldasoficinas.com\\\/pt\\\/#website\"},\"primaryImageOfPage\":{\"@id\":\"https:\\\/\\\/jornaldasoficinas.com\\\/pt\\\/transicao-energetica-esta-nas-maos-das-empresas-lideres-de-energia\\\/#primaryimage\"},\"image\":{\"@id\":\"https:\\\/\\\/jornaldasoficinas.com\\\/pt\\\/transicao-energetica-esta-nas-maos-das-empresas-lideres-de-energia\\\/#primaryimage\"},\"thumbnailUrl\":\"https:\\\/\\\/jornaldasoficinas.com\\\/pt\\\/wp-content\\\/uploads\\\/2020\\\/12\\\/Transic\u0327a\u0303o-Energe\u0301tica.png\",\"datePublished\":\"2020-12-23T08:00:00+00:00\",\"breadcrumb\":{\"@id\":\"https:\\\/\\\/jornaldasoficinas.com\\\/pt\\\/transicao-energetica-esta-nas-maos-das-empresas-lideres-de-energia\\\/#breadcrumb\"},\"inLanguage\":\"pt-PT\",\"potentialAction\":[{\"@type\":\"ReadAction\",\"target\":[\"https:\\\/\\\/jornaldasoficinas.com\\\/pt\\\/transicao-energetica-esta-nas-maos-das-empresas-lideres-de-energia\\\/\"]}]},{\"@type\":\"ImageObject\",\"inLanguage\":\"pt-PT\",\"@id\":\"https:\\\/\\\/jornaldasoficinas.com\\\/pt\\\/transicao-energetica-esta-nas-maos-das-empresas-lideres-de-energia\\\/#primaryimage\",\"url\":\"https:\\\/\\\/jornaldasoficinas.com\\\/pt\\\/wp-content\\\/uploads\\\/2020\\\/12\\\/Transic\u0327a\u0303o-Energe\u0301tica.png\",\"contentUrl\":\"https:\\\/\\\/jornaldasoficinas.com\\\/pt\\\/wp-content\\\/uploads\\\/2020\\\/12\\\/Transic\u0327a\u0303o-Energe\u0301tica.png\",\"width\":1024,\"height\":581,\"caption\":\"12 - Transic\u0327a\u0303o-Energe\u0301tica\"},{\"@type\":\"BreadcrumbList\",\"@id\":\"https:\\\/\\\/jornaldasoficinas.com\\\/pt\\\/transicao-energetica-esta-nas-maos-das-empresas-lideres-de-energia\\\/#breadcrumb\",\"itemListElement\":[{\"@type\":\"ListItem\",\"position\":1,\"name\":\"In\u00edcio\",\"item\":\"https:\\\/\\\/jornaldasoficinas.com\\\/pt\\\/\"},{\"@type\":\"ListItem\",\"position\":2,\"name\":\"Transi\u00e7\u00e3o Energ\u00e9tica est\u00e1 nas m\u00e3os das empresas l\u00edderes de energia\"}]},{\"@type\":\"WebSite\",\"@id\":\"https:\\\/\\\/jornaldasoficinas.com\\\/pt\\\/#website\",\"url\":\"https:\\\/\\\/jornaldasoficinas.com\\\/pt\\\/\",\"name\":\"Jornal das Oficinas\",\"description\":\"Jornal independente do Aftermarket Autom\u00f3vel em Portugal\",\"publisher\":{\"@id\":\"https:\\\/\\\/jornaldasoficinas.com\\\/pt\\\/#organization\"},\"potentialAction\":[{\"@type\":\"SearchAction\",\"target\":{\"@type\":\"EntryPoint\",\"urlTemplate\":\"https:\\\/\\\/jornaldasoficinas.com\\\/pt\\\/?s={search_term_string}\"},\"query-input\":{\"@type\":\"PropertyValueSpecification\",\"valueRequired\":true,\"valueName\":\"search_term_string\"}}],\"inLanguage\":\"pt-PT\"},{\"@type\":\"Organization\",\"@id\":\"https:\\\/\\\/jornaldasoficinas.com\\\/pt\\\/#organization\",\"name\":\"Jornal das Oficinas\",\"url\":\"https:\\\/\\\/jornaldasoficinas.com\\\/pt\\\/\",\"logo\":{\"@type\":\"ImageObject\",\"inLanguage\":\"pt-PT\",\"@id\":\"https:\\\/\\\/jornaldasoficinas.com\\\/pt\\\/#\\\/schema\\\/logo\\\/image\\\/\",\"url\":\"https:\\\/\\\/jornaldasoficinas.com\\\/pt\\\/wp-content\\\/uploads\\\/logoJO-SEO.png\",\"contentUrl\":\"https:\\\/\\\/jornaldasoficinas.com\\\/pt\\\/wp-content\\\/uploads\\\/logoJO-SEO.png\",\"width\":285,\"height\":450,\"caption\":\"Jornal das Oficinas\"},\"image\":{\"@id\":\"https:\\\/\\\/jornaldasoficinas.com\\\/pt\\\/#\\\/schema\\\/logo\\\/image\\\/\"},\"sameAs\":[\"https:\\\/\\\/www.facebook.com\\\/jornaloficinas\",\"https:\\\/\\\/x.com\\\/jornaloficinas\",\"https:\\\/\\\/www.instagram.com\\\/jornal_oficinas\\\/\",\"https:\\\/\\\/www.linkedin.com\\\/company\\\/jornal-das-oficinas\\\/\",\"https:\\\/\\\/www.youtube.com\\\/channel\\\/UCbQZBqtcvV-oSQrr7RzINGg\"]},{\"@type\":\"Person\",\"@id\":\"https:\\\/\\\/jornaldasoficinas.com\\\/pt\\\/#\\\/schema\\\/person\\\/a38eef5de2c41d9e7c9ac10141afddf3\",\"name\":\"Reda\u00e7\u00e3o JO\",\"image\":{\"@type\":\"ImageObject\",\"inLanguage\":\"pt-PT\",\"@id\":\"https:\\\/\\\/secure.gravatar.com\\\/avatar\\\/71f2fa71737ad68a84fea94bc708ddac8ea5b0c4788dc2ad202f3ccb2887742f?s=96&d=wp_user_avatar&r=g\",\"url\":\"https:\\\/\\\/secure.gravatar.com\\\/avatar\\\/71f2fa71737ad68a84fea94bc708ddac8ea5b0c4788dc2ad202f3ccb2887742f?s=96&d=wp_user_avatar&r=g\",\"contentUrl\":\"https:\\\/\\\/secure.gravatar.com\\\/avatar\\\/71f2fa71737ad68a84fea94bc708ddac8ea5b0c4788dc2ad202f3ccb2887742f?s=96&d=wp_user_avatar&r=g\",\"caption\":\"Reda\u00e7\u00e3o JO\"},\"url\":\"https:\\\/\\\/jornaldasoficinas.com\\\/pt\\\/author\\\/joredacao\\\/\"}]}<\/script>\n<!-- \/ Yoast SEO plugin. -->","yoast_head_json":{"title":"Transi\u00e7\u00e3o Energ\u00e9tica est\u00e1 nas m\u00e3os das empresas l\u00edderes de energia - Jornal das Oficinas","robots":{"index":"index","follow":"follow","max-snippet":"max-snippet:-1","max-image-preview":"max-image-preview:large","max-video-preview":"max-video-preview:-1"},"canonical":"https:\/\/jornaldasoficinas.com\/pt\/transicao-energetica-esta-nas-maos-das-empresas-lideres-de-energia\/","og_locale":"pt_PT","og_type":"article","og_title":"Transi\u00e7\u00e3o Energ\u00e9tica est\u00e1 nas m\u00e3os das empresas l\u00edderes de energia - Jornal das Oficinas","og_description":"A Galp e outras sete das...","og_url":"https:\/\/jornaldasoficinas.com\/pt\/transicao-energetica-esta-nas-maos-das-empresas-lideres-de-energia\/","og_site_name":"Jornal das Oficinas","article_publisher":"https:\/\/www.facebook.com\/jornaloficinas","article_published_time":"2020-12-23T08:00:00+00:00","og_image":[{"width":1024,"height":581,"url":"https:\/\/jornaldasoficinas.com\/pt\/wp-content\/uploads\/2020\/12\/Transic\u0327a\u0303o-Energe\u0301tica.png","type":"image\/png"}],"author":"Reda\u00e7\u00e3o JO","twitter_card":"summary_large_image","twitter_creator":"@jornaloficinas","twitter_site":"@jornaloficinas","twitter_misc":{"Escrito por":"Reda\u00e7\u00e3o JO","Tempo estimado de leitura":"4 minutos"},"schema":{"@context":"https:\/\/schema.org","@graph":[{"@type":"Article","@id":"https:\/\/jornaldasoficinas.com\/pt\/transicao-energetica-esta-nas-maos-das-empresas-lideres-de-energia\/#article","isPartOf":{"@id":"https:\/\/jornaldasoficinas.com\/pt\/transicao-energetica-esta-nas-maos-das-empresas-lideres-de-energia\/"},"author":{"name":"Reda\u00e7\u00e3o JO","@id":"https:\/\/jornaldasoficinas.com\/pt\/#\/schema\/person\/a38eef5de2c41d9e7c9ac10141afddf3"},"headline":"Transi\u00e7\u00e3o Energ\u00e9tica est\u00e1 nas m\u00e3os das empresas l\u00edderes de energia","datePublished":"2020-12-23T08:00:00+00:00","mainEntityOfPage":{"@id":"https:\/\/jornaldasoficinas.com\/pt\/transicao-energetica-esta-nas-maos-das-empresas-lideres-de-energia\/"},"wordCount":769,"publisher":{"@id":"https:\/\/jornaldasoficinas.com\/pt\/#organization"},"image":{"@id":"https:\/\/jornaldasoficinas.com\/pt\/transicao-energetica-esta-nas-maos-das-empresas-lideres-de-energia\/#primaryimage"},"thumbnailUrl":"https:\/\/jornaldasoficinas.com\/pt\/wp-content\/uploads\/2020\/12\/Transic\u0327a\u0303o-Energe\u0301tica.png","keywords":["bp","Eni","Equinor","Galp","Occidental","Respsol","Shell","Total"],"articleSection":["Mercado"],"inLanguage":"pt-PT"},{"@type":"WebPage","@id":"https:\/\/jornaldasoficinas.com\/pt\/transicao-energetica-esta-nas-maos-das-empresas-lideres-de-energia\/","url":"https:\/\/jornaldasoficinas.com\/pt\/transicao-energetica-esta-nas-maos-das-empresas-lideres-de-energia\/","name":"Transi\u00e7\u00e3o Energ\u00e9tica est\u00e1 nas m\u00e3os das empresas l\u00edderes de energia - Jornal das Oficinas","isPartOf":{"@id":"https:\/\/jornaldasoficinas.com\/pt\/#website"},"primaryImageOfPage":{"@id":"https:\/\/jornaldasoficinas.com\/pt\/transicao-energetica-esta-nas-maos-das-empresas-lideres-de-energia\/#primaryimage"},"image":{"@id":"https:\/\/jornaldasoficinas.com\/pt\/transicao-energetica-esta-nas-maos-das-empresas-lideres-de-energia\/#primaryimage"},"thumbnailUrl":"https:\/\/jornaldasoficinas.com\/pt\/wp-content\/uploads\/2020\/12\/Transic\u0327a\u0303o-Energe\u0301tica.png","datePublished":"2020-12-23T08:00:00+00:00","breadcrumb":{"@id":"https:\/\/jornaldasoficinas.com\/pt\/transicao-energetica-esta-nas-maos-das-empresas-lideres-de-energia\/#breadcrumb"},"inLanguage":"pt-PT","potentialAction":[{"@type":"ReadAction","target":["https:\/\/jornaldasoficinas.com\/pt\/transicao-energetica-esta-nas-maos-das-empresas-lideres-de-energia\/"]}]},{"@type":"ImageObject","inLanguage":"pt-PT","@id":"https:\/\/jornaldasoficinas.com\/pt\/transicao-energetica-esta-nas-maos-das-empresas-lideres-de-energia\/#primaryimage","url":"https:\/\/jornaldasoficinas.com\/pt\/wp-content\/uploads\/2020\/12\/Transic\u0327a\u0303o-Energe\u0301tica.png","contentUrl":"https:\/\/jornaldasoficinas.com\/pt\/wp-content\/uploads\/2020\/12\/Transic\u0327a\u0303o-Energe\u0301tica.png","width":1024,"height":581,"caption":"12 - Transic\u0327a\u0303o-Energe\u0301tica"},{"@type":"BreadcrumbList","@id":"https:\/\/jornaldasoficinas.com\/pt\/transicao-energetica-esta-nas-maos-das-empresas-lideres-de-energia\/#breadcrumb","itemListElement":[{"@type":"ListItem","position":1,"name":"In\u00edcio","item":"https:\/\/jornaldasoficinas.com\/pt\/"},{"@type":"ListItem","position":2,"name":"Transi\u00e7\u00e3o Energ\u00e9tica est\u00e1 nas m\u00e3os das empresas l\u00edderes de energia"}]},{"@type":"WebSite","@id":"https:\/\/jornaldasoficinas.com\/pt\/#website","url":"https:\/\/jornaldasoficinas.com\/pt\/","name":"Jornal das Oficinas","description":"Jornal independente do Aftermarket Autom\u00f3vel em Portugal","publisher":{"@id":"https:\/\/jornaldasoficinas.com\/pt\/#organization"},"potentialAction":[{"@type":"SearchAction","target":{"@type":"EntryPoint","urlTemplate":"https:\/\/jornaldasoficinas.com\/pt\/?s={search_term_string}"},"query-input":{"@type":"PropertyValueSpecification","valueRequired":true,"valueName":"search_term_string"}}],"inLanguage":"pt-PT"},{"@type":"Organization","@id":"https:\/\/jornaldasoficinas.com\/pt\/#organization","name":"Jornal das Oficinas","url":"https:\/\/jornaldasoficinas.com\/pt\/","logo":{"@type":"ImageObject","inLanguage":"pt-PT","@id":"https:\/\/jornaldasoficinas.com\/pt\/#\/schema\/logo\/image\/","url":"https:\/\/jornaldasoficinas.com\/pt\/wp-content\/uploads\/logoJO-SEO.png","contentUrl":"https:\/\/jornaldasoficinas.com\/pt\/wp-content\/uploads\/logoJO-SEO.png","width":285,"height":450,"caption":"Jornal das Oficinas"},"image":{"@id":"https:\/\/jornaldasoficinas.com\/pt\/#\/schema\/logo\/image\/"},"sameAs":["https:\/\/www.facebook.com\/jornaloficinas","https:\/\/x.com\/jornaloficinas","https:\/\/www.instagram.com\/jornal_oficinas\/","https:\/\/www.linkedin.com\/company\/jornal-das-oficinas\/","https:\/\/www.youtube.com\/channel\/UCbQZBqtcvV-oSQrr7RzINGg"]},{"@type":"Person","@id":"https:\/\/jornaldasoficinas.com\/pt\/#\/schema\/person\/a38eef5de2c41d9e7c9ac10141afddf3","name":"Reda\u00e7\u00e3o JO","image":{"@type":"ImageObject","inLanguage":"pt-PT","@id":"https:\/\/secure.gravatar.com\/avatar\/71f2fa71737ad68a84fea94bc708ddac8ea5b0c4788dc2ad202f3ccb2887742f?s=96&d=wp_user_avatar&r=g","url":"https:\/\/secure.gravatar.com\/avatar\/71f2fa71737ad68a84fea94bc708ddac8ea5b0c4788dc2ad202f3ccb2887742f?s=96&d=wp_user_avatar&r=g","contentUrl":"https:\/\/secure.gravatar.com\/avatar\/71f2fa71737ad68a84fea94bc708ddac8ea5b0c4788dc2ad202f3ccb2887742f?s=96&d=wp_user_avatar&r=g","caption":"Reda\u00e7\u00e3o JO"},"url":"https:\/\/jornaldasoficinas.com\/pt\/author\/joredacao\/"}]}},"_links":{"self":[{"href":"https:\/\/jornaldasoficinas.com\/pt\/wp-json\/wp\/v2\/posts\/17845","targetHints":{"allow":["GET"]}}],"collection":[{"href":"https:\/\/jornaldasoficinas.com\/pt\/wp-json\/wp\/v2\/posts"}],"about":[{"href":"https:\/\/jornaldasoficinas.com\/pt\/wp-json\/wp\/v2\/types\/post"}],"author":[{"embeddable":true,"href":"https:\/\/jornaldasoficinas.com\/pt\/wp-json\/wp\/v2\/users\/15"}],"replies":[{"embeddable":true,"href":"https:\/\/jornaldasoficinas.com\/pt\/wp-json\/wp\/v2\/comments?post=17845"}],"version-history":[{"count":0,"href":"https:\/\/jornaldasoficinas.com\/pt\/wp-json\/wp\/v2\/posts\/17845\/revisions"}],"wp:featuredmedia":[{"embeddable":true,"href":"https:\/\/jornaldasoficinas.com\/pt\/wp-json\/wp\/v2\/media\/17818"}],"wp:attachment":[{"href":"https:\/\/jornaldasoficinas.com\/pt\/wp-json\/wp\/v2\/media?parent=17845"}],"wp:term":[{"taxonomy":"category","embeddable":true,"href":"https:\/\/jornaldasoficinas.com\/pt\/wp-json\/wp\/v2\/categories?post=17845"},{"taxonomy":"post_tag","embeddable":true,"href":"https:\/\/jornaldasoficinas.com\/pt\/wp-json\/wp\/v2\/tags?post=17845"}],"curies":[{"name":"wp","href":"https:\/\/api.w.org\/{rel}","templated":true}]}}