{"id":17961,"date":"2020-12-31T14:00:07","date_gmt":"2020-12-31T14:00:07","guid":{"rendered":"https:\/\/jornaldasoficinas.com\/pt\/?p=17961"},"modified":"2020-12-31T17:34:43","modified_gmt":"2020-12-31T17:34:43","slug":"grupo-mcoutinho-abre-nova-concessao-em-leiria","status":"publish","type":"post","link":"https:\/\/jornaldasoficinas.com\/pt\/grupo-mcoutinho-abre-nova-concessao-em-leiria\/","title":{"rendered":"Grupo MCoutinho abre nova concess\u00e3o em Leiria"},"content":{"rendered":"<p><strong><img loading=\"lazy\" decoding=\"async\" class=\"alignnone wp-image-17946 size-full\" src=\"https:\/\/jornaldasoficinas.com\/pt\/wp-content\/uploads\/2020\/12\/Grupo-MCoutinho-abre.jpg\" alt=\"12 - Grupo-MCoutinho-abre\" width=\"1024\" height=\"581\" srcset=\"https:\/\/jornaldasoficinas.com\/pt\/wp-content\/uploads\/2020\/12\/Grupo-MCoutinho-abre.jpg 1024w, https:\/\/jornaldasoficinas.com\/pt\/wp-content\/uploads\/2020\/12\/Grupo-MCoutinho-abre-300x170.jpg 300w, https:\/\/jornaldasoficinas.com\/pt\/wp-content\/uploads\/2020\/12\/Grupo-MCoutinho-abre-150x85.jpg 150w, https:\/\/jornaldasoficinas.com\/pt\/wp-content\/uploads\/2020\/12\/Grupo-MCoutinho-abre-768x436.jpg 768w\" sizes=\"auto, (max-width: 1024px) 100vw, 1024px\" \/><\/strong><\/p>\n<p><strong>A nova Concess\u00e3o Renault e Dacia em Leiria representa um forte investimento do Grupo MCoutinho nas duas marcas, projetando o neg\u00f3cio de distribui\u00e7\u00e3o autom\u00f3vel a um dos distritos mais relevantes do pa\u00eds e ampliando o portef\u00f3lio de representa\u00e7\u00f5es MCoutinho com a integra\u00e7\u00e3o das marcas Renault e Dacia.<\/strong><\/p>\n<p>O Grupo MCoutinho acaba de materializar um importante investimento na amplia\u00e7\u00e3o do seu neg\u00f3cio de distribui\u00e7\u00e3o autom\u00f3vel em Portugal, atrav\u00e9s da implementa\u00e7\u00e3o de uma nova Concess\u00e3o das marcas Renault e Dacia em Leiria.<\/p>\n<p>Com a integra\u00e7\u00e3o das duas ins\u00edgnias, o Grupo MCoutinho amplia o portef\u00f3lio para um total de 19 marcas autom\u00f3veis, consolidando a sua oferta a todos os segmentos de mercado, agora com a integra\u00e7\u00e3o da marca l\u00edder de mercado e com a import\u00e2ncia que esta det\u00e9m na eletrifica\u00e7\u00e3o autom\u00f3vel.<\/p>\n<p>Para suportar esta atividade, o Grupo implementou uma nova concess\u00e3o em Leiria, beneficiando da cria\u00e7\u00e3o de uma unidade de raiz, concebida especificamente para o neg\u00f3cio das duas marcas, representando um investimento de 3 milh\u00f5es de euros na constru\u00e7\u00e3o da instala\u00e7\u00e3o integrada de 14.500m2 dos quais 5.500m2 de \u00e1rea coberta.<\/p>\n<p>Disp\u00f5e de uma \u00e1rea de exposi\u00e7\u00e3o exclusiva para cada uma das marcas, um ponto de venda de viaturas usadas e seminovas, uma \u00e1rea de exposi\u00e7\u00e3o dedicada \u00e0s viaturas comerciais, n\u00e3o faltando o palco para a ampla oferta de tecnologia el\u00e9tricas e h\u00edbridas do construtor. Conta ainda com um espa\u00e7o exclusivo para entrega dos novos autom\u00f3veis, uma oficina dotada com a tecnologia de vanguarda na manuten\u00e7\u00e3o autom\u00f3vel, al\u00e9m de uma ampla e confort\u00e1vel \u00e1rea de estar para os Clientes.<\/p>\n<p>A nova unidade integra ainda um centro de colis\u00e3o com recurso \u00e0s mais modernos equipamentos e solu\u00e7\u00f5es de repara\u00e7\u00e3o. Face \u00e0 import\u00e2ncia de garantir a adequada cobertura regional, est\u00e1 ainda prevista a abertura de uma instala\u00e7\u00e3o em Caldas da Rainha ainda no decorrer do m\u00eas de setembro.<\/p>\n<p>Para Zineb Ghout, Diretora-Geral da Renault Portugal, \u201cpara o Grupo Renault em Portugal a Rede de Distribui\u00e7\u00e3o \u00e9 um ativo imprescind\u00edvel, e que esteve na base da nossa lideran\u00e7a de mercado de 22 anos consecutivos com a marca Renault.\u00a0 Poder contar a partir de agora com um parceiro como o Grupo MCoutinho para uma regi\u00e3o t\u00e3o importante como a de Leiria \u00e9 um motivo de grande satisfa\u00e7\u00e3o e uma grande mais valia para as nossas marcas. Em conjunto com as equipas da Renault Portugal contamos com as equipas da MCoutinho para construirmos, atrav\u00e9s dos produtos e dos servi\u00e7os, uma abordagem inovadora e diferenciadora que seja uma real mais-valia para os nossos clientes.\u201d<\/p>\n<p>Ant\u00f3nio Coutinho, Presidente da Comiss\u00e3o Executiva do Grupo, adianta que \u00aba nova concess\u00e3o representa uma fort\u00edssima aposta do Grupo MCoutinho no novo distrito, dotando a opera\u00e7\u00e3o das infraestruturas mais adequadas e dos melhores recursos e compet\u00eancias, face ao compromisso que o Grupo mant\u00e9m com a excel\u00eancia comercial e o servi\u00e7o ao Cliente. Sublinha ainda que \u00abtemos uma forte ambi\u00e7\u00e3o para este projeto, que se enquadra na nossa estrat\u00e9gia de aposta em mercados com mais potencial e que privilegia um portef\u00f3lio de marcas de excel\u00eancia, neste caso destacando-se a import\u00e2ncia da lideran\u00e7a do mercado e a tecnologia el\u00e9trica Renault, al\u00e9m da crescente import\u00e2ncia da Dacia entre os consumidores.\u00bb<\/p>\n<p>Susana Teixeira, Diretora-Geral da MCoutinho Oeste, que conta uma estrutura de recursos humanos tamb\u00e9m criada especificamente para a nova concess\u00e3o, com a cria\u00e7\u00e3o de um total de 50 postos de trabalho destaca por seu lado que \u00aba nova Renault e Dacia pretende assumir-se como uma refer\u00eancia no setor autom\u00f3vel em Portugal, suportando-se numa oficina equipada com tecnologia de ponta e dentro do novo paradigma ambiental. Apost\u00e1mos na configura\u00e7\u00e3o e dimensionamento de uma equipa de profissionais adequada para um n\u00edvel de servi\u00e7o de excel\u00eancia desde o primeiro dia e, apesar da juventude no mundo Renault, conseguimos garantir uma equipa de colaboradores com forte forma\u00e7\u00e3o e experi\u00eancia nas marcas.\u00bb<\/p>\n<div class=\"wonderplugingallery-container\" id=\"wonderplugingallery-container-40\" style=\"max-width:960px;margin:0 auto;\"><div class=\"wonderplugingallery\" id=\"wonderplugingallery-40\" data-galleryid=\"40\" data-width=\"960\" data-height=\"540\" data-skin=\"gallery\" data-playsinline=\"false\" data-mutevideo=\"false\" data-random=\"false\" data-autoslide=\"false\" data-autoplayvideo=\"false\" data-schemamarkup=\"false\" data-stopallplaying=\"false\" data-reloadonvideoend=\"false\" data-donotuseposter=\"false\" data-enabletabindex=\"false\" data-loadnextonvideoend=\"false\" data-hidetitlewhenvideoisplaying=\"false\" data-disablehovereventontouch=\"false\" data-autoslideandplayafterfirstplayed=\"false\" data-html5player=\"true\" data-responsive=\"true\" data-fullwidth=\"false\" data-showtitle=\"true\" data-showdescription=\"true\" data-showplaybutton=\"true\" data-showfullscreenbutton=\"true\" data-showtimer=\"true\" data-showcarousel=\"true\" data-galleryshadow=\"false\" data-slideshadow=\"true\" data-thumbshowtitle=\"false\" data-thumbshadow=\"true\" data-lightboxshowtitle=\"true\" data-lightboxshowdescription=\"true\" data-specifyid=\"true\" data-donotinit=\"false\" data-addinitscript=\"false\" data-triggerresize=\"false\" data-thumbcolumnsresponsive=\"false\" data-thumbverticalmiddle=\"true\" data-removeinlinecss=\"true\" data-switchonmouseover=\"false\" data-showimgtitle=\"false\" data-titlesmallscreen=\"false\" data-initsocial=\"true\" data-showsocial=\"false\" data-showemail=\"false\" data-showfacebook=\"true\" data-showtwitter=\"true\" data-showpinterest=\"true\" data-socialrotateeffect=\"true\" data-doshortcodeontext=\"false\" data-loop=\"0\" data-duration=\"1500\" data-slideduration=\"1000\" data-slideshowinterval=\"6000\" data-googleanalyticsaccount=\"\" data-resizemode=\"fill\" data-imagetoolboxmode=\"mouseover\" data-effect=\"fade\" data-padding=\"12\" data-bgcolor=\"\" data-bgimage=\"\" data-thumbwidth=\"120\" data-thumbheight=\"60\" data-thumbgap=\"8\" data-thumbrowgap=\"16\" data-lightboxtextheight=\"72\" data-lightboxtitlecss=\"{color:#333333; font:bold 12px Arial,Helvetica,sans-serif; overflow:hidden; white-space:normal; line-height:18px;}\" data-lightboxdescriptioncss=\"{color:#333333; font:normal 12px Arial,Helvetica,sans-serif; overflow:hidden; white-space:normal; line-height:14px;}\" data-titlecss=\"{color:#ffffff; font-size:14px; font-family:Armata, sans-serif, Arial; overflow:hidden; text-align:left; padding:10px 0px 10px 10px; background:rgb(102, 102, 102) transparent; background:rgba(102, 102, 102, 0.6);}\" data-descriptioncss=\"{color:#ffffff; font-size:13px; font-family:Armata, sans-serif, Arial; overflow:hidden; text-align:left; padding:0px 0px 10px 10px; background:rgb(102, 102, 102) transparent; background:rgba(102, 102, 102, 0.6);}\" data-titleheight=\"72\" data-titlesmallscreenwidth=\"640\" data-titleheightsmallscreen=\"148\" data-socialmode=\"mouseover\" data-socialposition=\"position:absolute;top:8px;right:8px;\" data-socialpositionlightbox=\"position:absolute;top:8px;right:8px;\" data-socialdirection=\"horizontal\" data-socialbuttonsize=\"32\" data-socialbuttonfontsize=\"18\" data-defaultvideovolume=\"1\" data-thumbtitleheight=\"24\" data-thumbmediumtitleheight=\"48\" data-thumbsmalltitleheight=\"72\" data-triggerresizedelay=\"100\" data-thumbmediumsize=\"800\" data-thumbsmallsize=\"480\" data-thumbmediumwidth=\"64\" data-thumbmediumheight=\"64\" data-thumbsmallwidth=\"48\" data-thumbsmallheight=\"48\" data-imgtitle=\"title\" data-jsfolder=\"https:\/\/jornaldasoficinas.com\/pt\/wp-content\/plugins\/wonderplugin-gallery\/engine\/\" style=\"display:none;\" ><a class=\"html5galleryimglink\" href=\"https:\/\/jornaldasoficinas.com\/pt\/wp-content\/uploads\/2020\/12\/Grupo-MCoutinho-abre\/MCoutinho1-1024x480.jpg\" data-mediatype=1><img decoding=\"async\" class=\"html5galleryimg html5gallery-tn-image\" src=\"https:\/\/jornaldasoficinas.com\/pt\/wp-content\/uploads\/2020\/12\/Grupo-MCoutinho-abre\/MCoutinho1-1024x480.jpg\" alt=\"\"><\/a><div class=\"html5gallery-info\"><\/div><a class=\"html5galleryimglink\" href=\"https:\/\/jornaldasoficinas.com\/pt\/wp-content\/uploads\/2020\/12\/Grupo-MCoutinho-abre\/MCoutinho1-130x90.jpg\" data-mediatype=1><img decoding=\"async\" class=\"html5galleryimg html5gallery-tn-image\" src=\"https:\/\/jornaldasoficinas.com\/pt\/wp-content\/uploads\/2020\/12\/Grupo-MCoutinho-abre\/MCoutinho1-130x90.jpg\" alt=\"\"><\/a><div class=\"html5gallery-info\"><\/div><a class=\"html5galleryimglink\" href=\"https:\/\/jornaldasoficinas.com\/pt\/wp-content\/uploads\/2020\/12\/Grupo-MCoutinho-abre\/MCoutinho1-150x150.jpg\" data-mediatype=1><img decoding=\"async\" class=\"html5galleryimg html5gallery-tn-image\" src=\"https:\/\/jornaldasoficinas.com\/pt\/wp-content\/uploads\/2020\/12\/Grupo-MCoutinho-abre\/MCoutinho1-150x150.jpg\" alt=\"\"><\/a><div class=\"html5gallery-info\"><\/div><a class=\"html5galleryimglink\" href=\"https:\/\/jornaldasoficinas.com\/pt\/wp-content\/uploads\/2020\/12\/Grupo-MCoutinho-abre\/MCoutinho1-150x85.jpg\" data-mediatype=1><img decoding=\"async\" class=\"html5galleryimg html5gallery-tn-image\" src=\"https:\/\/jornaldasoficinas.com\/pt\/wp-content\/uploads\/2020\/12\/Grupo-MCoutinho-abre\/MCoutinho1-150x85.jpg\" alt=\"\"><\/a><div class=\"html5gallery-info\"><\/div><a class=\"html5galleryimglink\" href=\"https:\/\/jornaldasoficinas.com\/pt\/wp-content\/uploads\/2020\/12\/Grupo-MCoutinho-abre\/MCoutinho1-285x450.jpg\" data-mediatype=1><img decoding=\"async\" class=\"html5galleryimg html5gallery-tn-image\" src=\"https:\/\/jornaldasoficinas.com\/pt\/wp-content\/uploads\/2020\/12\/Grupo-MCoutinho-abre\/MCoutinho1-285x450.jpg\" alt=\"\"><\/a><div class=\"html5gallery-info\"><\/div><a class=\"html5galleryimglink\" href=\"https:\/\/jornaldasoficinas.com\/pt\/wp-content\/uploads\/2020\/12\/Grupo-MCoutinho-abre\/MCoutinho1-300x170.jpg\" data-mediatype=1><img decoding=\"async\" class=\"html5galleryimg html5gallery-tn-image\" src=\"https:\/\/jornaldasoficinas.com\/pt\/wp-content\/uploads\/2020\/12\/Grupo-MCoutinho-abre\/MCoutinho1-300x170.jpg\" alt=\"\"><\/a><div class=\"html5gallery-info\"><\/div><a class=\"html5galleryimglink\" href=\"https:\/\/jornaldasoficinas.com\/pt\/wp-content\/uploads\/2020\/12\/Grupo-MCoutinho-abre\/MCoutinho1-390x205.jpg\" data-mediatype=1><img decoding=\"async\" class=\"html5galleryimg html5gallery-tn-image\" src=\"https:\/\/jornaldasoficinas.com\/pt\/wp-content\/uploads\/2020\/12\/Grupo-MCoutinho-abre\/MCoutinho1-390x205.jpg\" alt=\"\"><\/a><div class=\"html5gallery-info\"><\/div><a class=\"html5galleryimglink\" href=\"https:\/\/jornaldasoficinas.com\/pt\/wp-content\/uploads\/2020\/12\/Grupo-MCoutinho-abre\/MCoutinho1-392x272.jpg\" data-mediatype=1><img decoding=\"async\" class=\"html5galleryimg html5gallery-tn-image\" src=\"https:\/\/jornaldasoficinas.com\/pt\/wp-content\/uploads\/2020\/12\/Grupo-MCoutinho-abre\/MCoutinho1-392x272.jpg\" alt=\"\"><\/a><div class=\"html5gallery-info\"><\/div><a class=\"html5galleryimglink\" href=\"https:\/\/jornaldasoficinas.com\/pt\/wp-content\/uploads\/2020\/12\/Grupo-MCoutinho-abre\/MCoutinho1-575x198.jpg\" data-mediatype=1><img decoding=\"async\" class=\"html5galleryimg html5gallery-tn-image\" src=\"https:\/\/jornaldasoficinas.com\/pt\/wp-content\/uploads\/2020\/12\/Grupo-MCoutinho-abre\/MCoutinho1-575x198.jpg\" alt=\"\"><\/a><div class=\"html5gallery-info\"><\/div><a class=\"html5galleryimglink\" href=\"https:\/\/jornaldasoficinas.com\/pt\/wp-content\/uploads\/2020\/12\/Grupo-MCoutinho-abre\/MCoutinho1-600x417.jpg\" data-mediatype=1><img decoding=\"async\" class=\"html5galleryimg html5gallery-tn-image\" src=\"https:\/\/jornaldasoficinas.com\/pt\/wp-content\/uploads\/2020\/12\/Grupo-MCoutinho-abre\/MCoutinho1-600x417.jpg\" alt=\"\"><\/a><div class=\"html5gallery-info\"><\/div><a class=\"html5galleryimglink\" href=\"https:\/\/jornaldasoficinas.com\/pt\/wp-content\/uploads\/2020\/12\/Grupo-MCoutinho-abre\/MCoutinho1-768x436.jpg\" data-mediatype=1><img decoding=\"async\" class=\"html5galleryimg html5gallery-tn-image\" src=\"https:\/\/jornaldasoficinas.com\/pt\/wp-content\/uploads\/2020\/12\/Grupo-MCoutinho-abre\/MCoutinho1-768x436.jpg\" alt=\"\"><\/a><div class=\"html5gallery-info\"><\/div><a class=\"html5galleryimglink\" href=\"https:\/\/jornaldasoficinas.com\/pt\/wp-content\/uploads\/2020\/12\/Grupo-MCoutinho-abre\/MCoutinho1-800x445.jpg\" data-mediatype=1><img decoding=\"async\" class=\"html5galleryimg html5gallery-tn-image\" src=\"https:\/\/jornaldasoficinas.com\/pt\/wp-content\/uploads\/2020\/12\/Grupo-MCoutinho-abre\/MCoutinho1-800x445.jpg\" alt=\"\"><\/a><div class=\"html5gallery-info\"><\/div><a class=\"html5galleryimglink\" href=\"https:\/\/jornaldasoficinas.com\/pt\/wp-content\/uploads\/2020\/12\/Grupo-MCoutinho-abre\/MCoutinho1.jpg\" data-mediatype=1><img decoding=\"async\" class=\"html5galleryimg html5gallery-tn-image\" src=\"https:\/\/jornaldasoficinas.com\/pt\/wp-content\/uploads\/2020\/12\/Grupo-MCoutinho-abre\/MCoutinho1.jpg\" alt=\"\"><\/a><div class=\"html5gallery-info\"><\/div><a class=\"html5galleryimglink\" href=\"https:\/\/jornaldasoficinas.com\/pt\/wp-content\/uploads\/2020\/12\/Grupo-MCoutinho-abre\/MCoutinho3-1024x480.jpg\" data-mediatype=1><img decoding=\"async\" class=\"html5galleryimg html5gallery-tn-image\" src=\"https:\/\/jornaldasoficinas.com\/pt\/wp-content\/uploads\/2020\/12\/Grupo-MCoutinho-abre\/MCoutinho3-1024x480.jpg\" alt=\"\"><\/a><div class=\"html5gallery-info\"><\/div><a class=\"html5galleryimglink\" href=\"https:\/\/jornaldasoficinas.com\/pt\/wp-content\/uploads\/2020\/12\/Grupo-MCoutinho-abre\/MCoutinho3-130x90.jpg\" data-mediatype=1><img decoding=\"async\" class=\"html5galleryimg html5gallery-tn-image\" src=\"https:\/\/jornaldasoficinas.com\/pt\/wp-content\/uploads\/2020\/12\/Grupo-MCoutinho-abre\/MCoutinho3-130x90.jpg\" alt=\"\"><\/a><div class=\"html5gallery-info\"><\/div><a class=\"html5galleryimglink\" href=\"https:\/\/jornaldasoficinas.com\/pt\/wp-content\/uploads\/2020\/12\/Grupo-MCoutinho-abre\/MCoutinho3-150x150.jpg\" data-mediatype=1><img decoding=\"async\" class=\"html5galleryimg html5gallery-tn-image\" src=\"https:\/\/jornaldasoficinas.com\/pt\/wp-content\/uploads\/2020\/12\/Grupo-MCoutinho-abre\/MCoutinho3-150x150.jpg\" alt=\"\"><\/a><div class=\"html5gallery-info\"><\/div><a class=\"html5galleryimglink\" href=\"https:\/\/jornaldasoficinas.com\/pt\/wp-content\/uploads\/2020\/12\/Grupo-MCoutinho-abre\/MCoutinho3-150x85.jpg\" data-mediatype=1><img decoding=\"async\" class=\"html5galleryimg html5gallery-tn-image\" src=\"https:\/\/jornaldasoficinas.com\/pt\/wp-content\/uploads\/2020\/12\/Grupo-MCoutinho-abre\/MCoutinho3-150x85.jpg\" alt=\"\"><\/a><div class=\"html5gallery-info\"><\/div><a class=\"html5galleryimglink\" href=\"https:\/\/jornaldasoficinas.com\/pt\/wp-content\/uploads\/2020\/12\/Grupo-MCoutinho-abre\/MCoutinho3-285x450.jpg\" data-mediatype=1><img decoding=\"async\" class=\"html5galleryimg html5gallery-tn-image\" src=\"https:\/\/jornaldasoficinas.com\/pt\/wp-content\/uploads\/2020\/12\/Grupo-MCoutinho-abre\/MCoutinho3-285x450.jpg\" alt=\"\"><\/a><div class=\"html5gallery-info\"><\/div><a class=\"html5galleryimglink\" href=\"https:\/\/jornaldasoficinas.com\/pt\/wp-content\/uploads\/2020\/12\/Grupo-MCoutinho-abre\/MCoutinho3-300x170.jpg\" data-mediatype=1><img decoding=\"async\" class=\"html5galleryimg html5gallery-tn-image\" src=\"https:\/\/jornaldasoficinas.com\/pt\/wp-content\/uploads\/2020\/12\/Grupo-MCoutinho-abre\/MCoutinho3-300x170.jpg\" alt=\"\"><\/a><div class=\"html5gallery-info\"><\/div><a class=\"html5galleryimglink\" href=\"https:\/\/jornaldasoficinas.com\/pt\/wp-content\/uploads\/2020\/12\/Grupo-MCoutinho-abre\/MCoutinho3-390x205.jpg\" data-mediatype=1><img decoding=\"async\" class=\"html5galleryimg html5gallery-tn-image\" src=\"https:\/\/jornaldasoficinas.com\/pt\/wp-content\/uploads\/2020\/12\/Grupo-MCoutinho-abre\/MCoutinho3-390x205.jpg\" alt=\"\"><\/a><div class=\"html5gallery-info\"><\/div><a class=\"html5galleryimglink\" href=\"https:\/\/jornaldasoficinas.com\/pt\/wp-content\/uploads\/2020\/12\/Grupo-MCoutinho-abre\/MCoutinho3-392x272.jpg\" data-mediatype=1><img decoding=\"async\" class=\"html5galleryimg html5gallery-tn-image\" src=\"https:\/\/jornaldasoficinas.com\/pt\/wp-content\/uploads\/2020\/12\/Grupo-MCoutinho-abre\/MCoutinho3-392x272.jpg\" alt=\"\"><\/a><div class=\"html5gallery-info\"><\/div><a class=\"html5galleryimglink\" href=\"https:\/\/jornaldasoficinas.com\/pt\/wp-content\/uploads\/2020\/12\/Grupo-MCoutinho-abre\/MCoutinho3-575x198.jpg\" data-mediatype=1><img decoding=\"async\" class=\"html5galleryimg html5gallery-tn-image\" src=\"https:\/\/jornaldasoficinas.com\/pt\/wp-content\/uploads\/2020\/12\/Grupo-MCoutinho-abre\/MCoutinho3-575x198.jpg\" alt=\"\"><\/a><div class=\"html5gallery-info\"><\/div><a class=\"html5galleryimglink\" href=\"https:\/\/jornaldasoficinas.com\/pt\/wp-content\/uploads\/2020\/12\/Grupo-MCoutinho-abre\/MCoutinho3-600x417.jpg\" data-mediatype=1><img decoding=\"async\" class=\"html5galleryimg html5gallery-tn-image\" src=\"https:\/\/jornaldasoficinas.com\/pt\/wp-content\/uploads\/2020\/12\/Grupo-MCoutinho-abre\/MCoutinho3-600x417.jpg\" alt=\"\"><\/a><div class=\"html5gallery-info\"><\/div><a class=\"html5galleryimglink\" href=\"https:\/\/jornaldasoficinas.com\/pt\/wp-content\/uploads\/2020\/12\/Grupo-MCoutinho-abre\/MCoutinho3-768x436.jpg\" data-mediatype=1><img decoding=\"async\" class=\"html5galleryimg html5gallery-tn-image\" src=\"https:\/\/jornaldasoficinas.com\/pt\/wp-content\/uploads\/2020\/12\/Grupo-MCoutinho-abre\/MCoutinho3-768x436.jpg\" alt=\"\"><\/a><div class=\"html5gallery-info\"><\/div><a class=\"html5galleryimglink\" href=\"https:\/\/jornaldasoficinas.com\/pt\/wp-content\/uploads\/2020\/12\/Grupo-MCoutinho-abre\/MCoutinho3-800x445.jpg\" data-mediatype=1><img decoding=\"async\" class=\"html5galleryimg html5gallery-tn-image\" src=\"https:\/\/jornaldasoficinas.com\/pt\/wp-content\/uploads\/2020\/12\/Grupo-MCoutinho-abre\/MCoutinho3-800x445.jpg\" alt=\"\"><\/a><div class=\"html5gallery-info\"><\/div><a class=\"html5galleryimglink\" href=\"https:\/\/jornaldasoficinas.com\/pt\/wp-content\/uploads\/2020\/12\/Grupo-MCoutinho-abre\/MCoutinho3.jpg\" data-mediatype=1><img decoding=\"async\" class=\"html5galleryimg html5gallery-tn-image\" src=\"https:\/\/jornaldasoficinas.com\/pt\/wp-content\/uploads\/2020\/12\/Grupo-MCoutinho-abre\/MCoutinho3.jpg\" alt=\"\"><\/a><div class=\"html5gallery-info\"><\/div><\/div><\/div>\n","protected":false},"excerpt":{"rendered":"<p>A nova Concess\u00e3o Renault e Dacia&#8230;<\/p>\n","protected":false},"author":15,"featured_media":17946,"comment_status":"closed","ping_status":"closed","sticky":false,"template":"","format":"standard","meta":{"footnotes":""},"categories":[29],"tags":[372],"class_list":["post-17961","post","type-post","status-publish","format-standard","has-post-thumbnail","hentry","category-empresas","tag-grupo-mcoutinho"],"yoast_head":"<!-- This site is optimized with the Yoast SEO plugin v27.5 - https:\/\/yoast.com\/product\/yoast-seo-wordpress\/ -->\n<title>Grupo MCoutinho abre nova concess\u00e3o em Leiria - Jornal das Oficinas<\/title>\n<meta name=\"robots\" content=\"index, follow, max-snippet:-1, max-image-preview:large, max-video-preview:-1\" \/>\n<link rel=\"canonical\" href=\"https:\/\/jornaldasoficinas.com\/pt\/grupo-mcoutinho-abre-nova-concessao-em-leiria\/\" \/>\n<meta property=\"og:locale\" content=\"pt_PT\" \/>\n<meta property=\"og:type\" content=\"article\" \/>\n<meta property=\"og:title\" content=\"Grupo MCoutinho abre nova concess\u00e3o em Leiria - Jornal das Oficinas\" \/>\n<meta property=\"og:description\" content=\"A nova Concess\u00e3o Renault e Dacia...\" \/>\n<meta property=\"og:url\" content=\"https:\/\/jornaldasoficinas.com\/pt\/grupo-mcoutinho-abre-nova-concessao-em-leiria\/\" \/>\n<meta property=\"og:site_name\" content=\"Jornal das Oficinas\" \/>\n<meta property=\"article:publisher\" content=\"https:\/\/www.facebook.com\/jornaloficinas\" \/>\n<meta property=\"article:published_time\" content=\"2020-12-31T14:00:07+00:00\" \/>\n<meta property=\"article:modified_time\" content=\"2020-12-31T17:34:43+00:00\" \/>\n<meta property=\"og:image\" content=\"https:\/\/jornaldasoficinas.com\/pt\/wp-content\/uploads\/2020\/12\/Grupo-MCoutinho-abre.jpg\" \/>\n\t<meta property=\"og:image:width\" content=\"1024\" \/>\n\t<meta property=\"og:image:height\" content=\"581\" \/>\n\t<meta property=\"og:image:type\" content=\"image\/jpeg\" \/>\n<meta name=\"author\" content=\"Reda\u00e7\u00e3o JO\" \/>\n<meta name=\"twitter:card\" content=\"summary_large_image\" \/>\n<meta name=\"twitter:creator\" content=\"@jornaloficinas\" \/>\n<meta name=\"twitter:site\" content=\"@jornaloficinas\" \/>\n<meta name=\"twitter:label1\" content=\"Escrito por\" \/>\n\t<meta name=\"twitter:data1\" content=\"Reda\u00e7\u00e3o JO\" \/>\n\t<meta name=\"twitter:label2\" content=\"Tempo estimado de leitura\" \/>\n\t<meta name=\"twitter:data2\" content=\"4 minutos\" \/>\n<script type=\"application\/ld+json\" class=\"yoast-schema-graph\">{\"@context\":\"https:\\\/\\\/schema.org\",\"@graph\":[{\"@type\":\"Article\",\"@id\":\"https:\\\/\\\/jornaldasoficinas.com\\\/pt\\\/grupo-mcoutinho-abre-nova-concessao-em-leiria\\\/#article\",\"isPartOf\":{\"@id\":\"https:\\\/\\\/jornaldasoficinas.com\\\/pt\\\/grupo-mcoutinho-abre-nova-concessao-em-leiria\\\/\"},\"author\":{\"name\":\"Reda\u00e7\u00e3o JO\",\"@id\":\"https:\\\/\\\/jornaldasoficinas.com\\\/pt\\\/#\\\/schema\\\/person\\\/a38eef5de2c41d9e7c9ac10141afddf3\"},\"headline\":\"Grupo MCoutinho abre nova concess\u00e3o em Leiria\",\"datePublished\":\"2020-12-31T14:00:07+00:00\",\"dateModified\":\"2020-12-31T17:34:43+00:00\",\"mainEntityOfPage\":{\"@id\":\"https:\\\/\\\/jornaldasoficinas.com\\\/pt\\\/grupo-mcoutinho-abre-nova-concessao-em-leiria\\\/\"},\"wordCount\":719,\"publisher\":{\"@id\":\"https:\\\/\\\/jornaldasoficinas.com\\\/pt\\\/#organization\"},\"image\":{\"@id\":\"https:\\\/\\\/jornaldasoficinas.com\\\/pt\\\/grupo-mcoutinho-abre-nova-concessao-em-leiria\\\/#primaryimage\"},\"thumbnailUrl\":\"https:\\\/\\\/jornaldasoficinas.com\\\/pt\\\/wp-content\\\/uploads\\\/2020\\\/12\\\/Grupo-MCoutinho-abre.jpg\",\"keywords\":[\"Grupo MCoutinho\"],\"articleSection\":[\"Empresas\"],\"inLanguage\":\"pt-PT\"},{\"@type\":\"WebPage\",\"@id\":\"https:\\\/\\\/jornaldasoficinas.com\\\/pt\\\/grupo-mcoutinho-abre-nova-concessao-em-leiria\\\/\",\"url\":\"https:\\\/\\\/jornaldasoficinas.com\\\/pt\\\/grupo-mcoutinho-abre-nova-concessao-em-leiria\\\/\",\"name\":\"Grupo MCoutinho abre nova concess\u00e3o em Leiria - Jornal das Oficinas\",\"isPartOf\":{\"@id\":\"https:\\\/\\\/jornaldasoficinas.com\\\/pt\\\/#website\"},\"primaryImageOfPage\":{\"@id\":\"https:\\\/\\\/jornaldasoficinas.com\\\/pt\\\/grupo-mcoutinho-abre-nova-concessao-em-leiria\\\/#primaryimage\"},\"image\":{\"@id\":\"https:\\\/\\\/jornaldasoficinas.com\\\/pt\\\/grupo-mcoutinho-abre-nova-concessao-em-leiria\\\/#primaryimage\"},\"thumbnailUrl\":\"https:\\\/\\\/jornaldasoficinas.com\\\/pt\\\/wp-content\\\/uploads\\\/2020\\\/12\\\/Grupo-MCoutinho-abre.jpg\",\"datePublished\":\"2020-12-31T14:00:07+00:00\",\"dateModified\":\"2020-12-31T17:34:43+00:00\",\"breadcrumb\":{\"@id\":\"https:\\\/\\\/jornaldasoficinas.com\\\/pt\\\/grupo-mcoutinho-abre-nova-concessao-em-leiria\\\/#breadcrumb\"},\"inLanguage\":\"pt-PT\",\"potentialAction\":[{\"@type\":\"ReadAction\",\"target\":[\"https:\\\/\\\/jornaldasoficinas.com\\\/pt\\\/grupo-mcoutinho-abre-nova-concessao-em-leiria\\\/\"]}]},{\"@type\":\"ImageObject\",\"inLanguage\":\"pt-PT\",\"@id\":\"https:\\\/\\\/jornaldasoficinas.com\\\/pt\\\/grupo-mcoutinho-abre-nova-concessao-em-leiria\\\/#primaryimage\",\"url\":\"https:\\\/\\\/jornaldasoficinas.com\\\/pt\\\/wp-content\\\/uploads\\\/2020\\\/12\\\/Grupo-MCoutinho-abre.jpg\",\"contentUrl\":\"https:\\\/\\\/jornaldasoficinas.com\\\/pt\\\/wp-content\\\/uploads\\\/2020\\\/12\\\/Grupo-MCoutinho-abre.jpg\",\"width\":1024,\"height\":581,\"caption\":\"12 - Grupo-MCoutinho-abre\"},{\"@type\":\"BreadcrumbList\",\"@id\":\"https:\\\/\\\/jornaldasoficinas.com\\\/pt\\\/grupo-mcoutinho-abre-nova-concessao-em-leiria\\\/#breadcrumb\",\"itemListElement\":[{\"@type\":\"ListItem\",\"position\":1,\"name\":\"In\u00edcio\",\"item\":\"https:\\\/\\\/jornaldasoficinas.com\\\/pt\\\/\"},{\"@type\":\"ListItem\",\"position\":2,\"name\":\"Grupo MCoutinho abre nova concess\u00e3o em Leiria\"}]},{\"@type\":\"WebSite\",\"@id\":\"https:\\\/\\\/jornaldasoficinas.com\\\/pt\\\/#website\",\"url\":\"https:\\\/\\\/jornaldasoficinas.com\\\/pt\\\/\",\"name\":\"Jornal das Oficinas\",\"description\":\"Jornal independente do Aftermarket Autom\u00f3vel em Portugal\",\"publisher\":{\"@id\":\"https:\\\/\\\/jornaldasoficinas.com\\\/pt\\\/#organization\"},\"potentialAction\":[{\"@type\":\"SearchAction\",\"target\":{\"@type\":\"EntryPoint\",\"urlTemplate\":\"https:\\\/\\\/jornaldasoficinas.com\\\/pt\\\/?s={search_term_string}\"},\"query-input\":{\"@type\":\"PropertyValueSpecification\",\"valueRequired\":true,\"valueName\":\"search_term_string\"}}],\"inLanguage\":\"pt-PT\"},{\"@type\":\"Organization\",\"@id\":\"https:\\\/\\\/jornaldasoficinas.com\\\/pt\\\/#organization\",\"name\":\"Jornal das Oficinas\",\"url\":\"https:\\\/\\\/jornaldasoficinas.com\\\/pt\\\/\",\"logo\":{\"@type\":\"ImageObject\",\"inLanguage\":\"pt-PT\",\"@id\":\"https:\\\/\\\/jornaldasoficinas.com\\\/pt\\\/#\\\/schema\\\/logo\\\/image\\\/\",\"url\":\"https:\\\/\\\/jornaldasoficinas.com\\\/pt\\\/wp-content\\\/uploads\\\/logoJO-SEO.png\",\"contentUrl\":\"https:\\\/\\\/jornaldasoficinas.com\\\/pt\\\/wp-content\\\/uploads\\\/logoJO-SEO.png\",\"width\":285,\"height\":450,\"caption\":\"Jornal das Oficinas\"},\"image\":{\"@id\":\"https:\\\/\\\/jornaldasoficinas.com\\\/pt\\\/#\\\/schema\\\/logo\\\/image\\\/\"},\"sameAs\":[\"https:\\\/\\\/www.facebook.com\\\/jornaloficinas\",\"https:\\\/\\\/x.com\\\/jornaloficinas\",\"https:\\\/\\\/www.instagram.com\\\/jornal_oficinas\\\/\",\"https:\\\/\\\/www.linkedin.com\\\/company\\\/jornal-das-oficinas\\\/\",\"https:\\\/\\\/www.youtube.com\\\/channel\\\/UCbQZBqtcvV-oSQrr7RzINGg\"]},{\"@type\":\"Person\",\"@id\":\"https:\\\/\\\/jornaldasoficinas.com\\\/pt\\\/#\\\/schema\\\/person\\\/a38eef5de2c41d9e7c9ac10141afddf3\",\"name\":\"Reda\u00e7\u00e3o JO\",\"image\":{\"@type\":\"ImageObject\",\"inLanguage\":\"pt-PT\",\"@id\":\"https:\\\/\\\/secure.gravatar.com\\\/avatar\\\/71f2fa71737ad68a84fea94bc708ddac8ea5b0c4788dc2ad202f3ccb2887742f?s=96&d=wp_user_avatar&r=g\",\"url\":\"https:\\\/\\\/secure.gravatar.com\\\/avatar\\\/71f2fa71737ad68a84fea94bc708ddac8ea5b0c4788dc2ad202f3ccb2887742f?s=96&d=wp_user_avatar&r=g\",\"contentUrl\":\"https:\\\/\\\/secure.gravatar.com\\\/avatar\\\/71f2fa71737ad68a84fea94bc708ddac8ea5b0c4788dc2ad202f3ccb2887742f?s=96&d=wp_user_avatar&r=g\",\"caption\":\"Reda\u00e7\u00e3o JO\"},\"url\":\"https:\\\/\\\/jornaldasoficinas.com\\\/pt\\\/author\\\/joredacao\\\/\"}]}<\/script>\n<!-- \/ Yoast SEO plugin. -->","yoast_head_json":{"title":"Grupo MCoutinho abre nova concess\u00e3o em Leiria - Jornal das Oficinas","robots":{"index":"index","follow":"follow","max-snippet":"max-snippet:-1","max-image-preview":"max-image-preview:large","max-video-preview":"max-video-preview:-1"},"canonical":"https:\/\/jornaldasoficinas.com\/pt\/grupo-mcoutinho-abre-nova-concessao-em-leiria\/","og_locale":"pt_PT","og_type":"article","og_title":"Grupo MCoutinho abre nova concess\u00e3o em Leiria - Jornal das Oficinas","og_description":"A nova Concess\u00e3o Renault e Dacia...","og_url":"https:\/\/jornaldasoficinas.com\/pt\/grupo-mcoutinho-abre-nova-concessao-em-leiria\/","og_site_name":"Jornal das Oficinas","article_publisher":"https:\/\/www.facebook.com\/jornaloficinas","article_published_time":"2020-12-31T14:00:07+00:00","article_modified_time":"2020-12-31T17:34:43+00:00","og_image":[{"width":1024,"height":581,"url":"https:\/\/jornaldasoficinas.com\/pt\/wp-content\/uploads\/2020\/12\/Grupo-MCoutinho-abre.jpg","type":"image\/jpeg"}],"author":"Reda\u00e7\u00e3o JO","twitter_card":"summary_large_image","twitter_creator":"@jornaloficinas","twitter_site":"@jornaloficinas","twitter_misc":{"Escrito por":"Reda\u00e7\u00e3o JO","Tempo estimado de leitura":"4 minutos"},"schema":{"@context":"https:\/\/schema.org","@graph":[{"@type":"Article","@id":"https:\/\/jornaldasoficinas.com\/pt\/grupo-mcoutinho-abre-nova-concessao-em-leiria\/#article","isPartOf":{"@id":"https:\/\/jornaldasoficinas.com\/pt\/grupo-mcoutinho-abre-nova-concessao-em-leiria\/"},"author":{"name":"Reda\u00e7\u00e3o JO","@id":"https:\/\/jornaldasoficinas.com\/pt\/#\/schema\/person\/a38eef5de2c41d9e7c9ac10141afddf3"},"headline":"Grupo MCoutinho abre nova concess\u00e3o em Leiria","datePublished":"2020-12-31T14:00:07+00:00","dateModified":"2020-12-31T17:34:43+00:00","mainEntityOfPage":{"@id":"https:\/\/jornaldasoficinas.com\/pt\/grupo-mcoutinho-abre-nova-concessao-em-leiria\/"},"wordCount":719,"publisher":{"@id":"https:\/\/jornaldasoficinas.com\/pt\/#organization"},"image":{"@id":"https:\/\/jornaldasoficinas.com\/pt\/grupo-mcoutinho-abre-nova-concessao-em-leiria\/#primaryimage"},"thumbnailUrl":"https:\/\/jornaldasoficinas.com\/pt\/wp-content\/uploads\/2020\/12\/Grupo-MCoutinho-abre.jpg","keywords":["Grupo MCoutinho"],"articleSection":["Empresas"],"inLanguage":"pt-PT"},{"@type":"WebPage","@id":"https:\/\/jornaldasoficinas.com\/pt\/grupo-mcoutinho-abre-nova-concessao-em-leiria\/","url":"https:\/\/jornaldasoficinas.com\/pt\/grupo-mcoutinho-abre-nova-concessao-em-leiria\/","name":"Grupo MCoutinho abre nova concess\u00e3o em Leiria - Jornal das Oficinas","isPartOf":{"@id":"https:\/\/jornaldasoficinas.com\/pt\/#website"},"primaryImageOfPage":{"@id":"https:\/\/jornaldasoficinas.com\/pt\/grupo-mcoutinho-abre-nova-concessao-em-leiria\/#primaryimage"},"image":{"@id":"https:\/\/jornaldasoficinas.com\/pt\/grupo-mcoutinho-abre-nova-concessao-em-leiria\/#primaryimage"},"thumbnailUrl":"https:\/\/jornaldasoficinas.com\/pt\/wp-content\/uploads\/2020\/12\/Grupo-MCoutinho-abre.jpg","datePublished":"2020-12-31T14:00:07+00:00","dateModified":"2020-12-31T17:34:43+00:00","breadcrumb":{"@id":"https:\/\/jornaldasoficinas.com\/pt\/grupo-mcoutinho-abre-nova-concessao-em-leiria\/#breadcrumb"},"inLanguage":"pt-PT","potentialAction":[{"@type":"ReadAction","target":["https:\/\/jornaldasoficinas.com\/pt\/grupo-mcoutinho-abre-nova-concessao-em-leiria\/"]}]},{"@type":"ImageObject","inLanguage":"pt-PT","@id":"https:\/\/jornaldasoficinas.com\/pt\/grupo-mcoutinho-abre-nova-concessao-em-leiria\/#primaryimage","url":"https:\/\/jornaldasoficinas.com\/pt\/wp-content\/uploads\/2020\/12\/Grupo-MCoutinho-abre.jpg","contentUrl":"https:\/\/jornaldasoficinas.com\/pt\/wp-content\/uploads\/2020\/12\/Grupo-MCoutinho-abre.jpg","width":1024,"height":581,"caption":"12 - Grupo-MCoutinho-abre"},{"@type":"BreadcrumbList","@id":"https:\/\/jornaldasoficinas.com\/pt\/grupo-mcoutinho-abre-nova-concessao-em-leiria\/#breadcrumb","itemListElement":[{"@type":"ListItem","position":1,"name":"In\u00edcio","item":"https:\/\/jornaldasoficinas.com\/pt\/"},{"@type":"ListItem","position":2,"name":"Grupo MCoutinho abre nova concess\u00e3o em Leiria"}]},{"@type":"WebSite","@id":"https:\/\/jornaldasoficinas.com\/pt\/#website","url":"https:\/\/jornaldasoficinas.com\/pt\/","name":"Jornal das Oficinas","description":"Jornal independente do Aftermarket Autom\u00f3vel em Portugal","publisher":{"@id":"https:\/\/jornaldasoficinas.com\/pt\/#organization"},"potentialAction":[{"@type":"SearchAction","target":{"@type":"EntryPoint","urlTemplate":"https:\/\/jornaldasoficinas.com\/pt\/?s={search_term_string}"},"query-input":{"@type":"PropertyValueSpecification","valueRequired":true,"valueName":"search_term_string"}}],"inLanguage":"pt-PT"},{"@type":"Organization","@id":"https:\/\/jornaldasoficinas.com\/pt\/#organization","name":"Jornal das Oficinas","url":"https:\/\/jornaldasoficinas.com\/pt\/","logo":{"@type":"ImageObject","inLanguage":"pt-PT","@id":"https:\/\/jornaldasoficinas.com\/pt\/#\/schema\/logo\/image\/","url":"https:\/\/jornaldasoficinas.com\/pt\/wp-content\/uploads\/logoJO-SEO.png","contentUrl":"https:\/\/jornaldasoficinas.com\/pt\/wp-content\/uploads\/logoJO-SEO.png","width":285,"height":450,"caption":"Jornal das Oficinas"},"image":{"@id":"https:\/\/jornaldasoficinas.com\/pt\/#\/schema\/logo\/image\/"},"sameAs":["https:\/\/www.facebook.com\/jornaloficinas","https:\/\/x.com\/jornaloficinas","https:\/\/www.instagram.com\/jornal_oficinas\/","https:\/\/www.linkedin.com\/company\/jornal-das-oficinas\/","https:\/\/www.youtube.com\/channel\/UCbQZBqtcvV-oSQrr7RzINGg"]},{"@type":"Person","@id":"https:\/\/jornaldasoficinas.com\/pt\/#\/schema\/person\/a38eef5de2c41d9e7c9ac10141afddf3","name":"Reda\u00e7\u00e3o JO","image":{"@type":"ImageObject","inLanguage":"pt-PT","@id":"https:\/\/secure.gravatar.com\/avatar\/71f2fa71737ad68a84fea94bc708ddac8ea5b0c4788dc2ad202f3ccb2887742f?s=96&d=wp_user_avatar&r=g","url":"https:\/\/secure.gravatar.com\/avatar\/71f2fa71737ad68a84fea94bc708ddac8ea5b0c4788dc2ad202f3ccb2887742f?s=96&d=wp_user_avatar&r=g","contentUrl":"https:\/\/secure.gravatar.com\/avatar\/71f2fa71737ad68a84fea94bc708ddac8ea5b0c4788dc2ad202f3ccb2887742f?s=96&d=wp_user_avatar&r=g","caption":"Reda\u00e7\u00e3o JO"},"url":"https:\/\/jornaldasoficinas.com\/pt\/author\/joredacao\/"}]}},"_links":{"self":[{"href":"https:\/\/jornaldasoficinas.com\/pt\/wp-json\/wp\/v2\/posts\/17961","targetHints":{"allow":["GET"]}}],"collection":[{"href":"https:\/\/jornaldasoficinas.com\/pt\/wp-json\/wp\/v2\/posts"}],"about":[{"href":"https:\/\/jornaldasoficinas.com\/pt\/wp-json\/wp\/v2\/types\/post"}],"author":[{"embeddable":true,"href":"https:\/\/jornaldasoficinas.com\/pt\/wp-json\/wp\/v2\/users\/15"}],"replies":[{"embeddable":true,"href":"https:\/\/jornaldasoficinas.com\/pt\/wp-json\/wp\/v2\/comments?post=17961"}],"version-history":[{"count":0,"href":"https:\/\/jornaldasoficinas.com\/pt\/wp-json\/wp\/v2\/posts\/17961\/revisions"}],"wp:featuredmedia":[{"embeddable":true,"href":"https:\/\/jornaldasoficinas.com\/pt\/wp-json\/wp\/v2\/media\/17946"}],"wp:attachment":[{"href":"https:\/\/jornaldasoficinas.com\/pt\/wp-json\/wp\/v2\/media?parent=17961"}],"wp:term":[{"taxonomy":"category","embeddable":true,"href":"https:\/\/jornaldasoficinas.com\/pt\/wp-json\/wp\/v2\/categories?post=17961"},{"taxonomy":"post_tag","embeddable":true,"href":"https:\/\/jornaldasoficinas.com\/pt\/wp-json\/wp\/v2\/tags?post=17961"}],"curies":[{"name":"wp","href":"https:\/\/api.w.org\/{rel}","templated":true}]}}