{"id":18107,"date":"2021-01-15T08:00:27","date_gmt":"2021-01-15T08:00:27","guid":{"rendered":"https:\/\/jornaldasoficinas.com\/pt\/?p=18107"},"modified":"2021-01-11T09:48:52","modified_gmt":"2021-01-11T09:48:52","slug":"temos-que-nos-adaptar-a-nova-realidade-diversificando-a-nossa-oferta-manuel-oliveira-coteq","status":"publish","type":"post","link":"https:\/\/jornaldasoficinas.com\/pt\/temos-que-nos-adaptar-a-nova-realidade-diversificando-a-nossa-oferta-manuel-oliveira-coteq\/","title":{"rendered":"\u201cTemos que nos adaptar \u00e0 nova realidade diversificando a nossa oferta\u201d, Manuel Oliveira,\u00a0 COTEQ"},"content":{"rendered":"<p><strong><img loading=\"lazy\" decoding=\"async\" class=\"alignnone wp-image-18109 size-full\" src=\"https:\/\/jornaldasoficinas.com\/pt\/wp-content\/uploads\/2021\/01\/Manuel-Oliveira-administrador-da-COTEQ.png\" alt=\"01 - Manuel-Oliveira-administrador-da-COTEQ\" width=\"1024\" height=\"581\" srcset=\"https:\/\/jornaldasoficinas.com\/pt\/wp-content\/uploads\/2021\/01\/Manuel-Oliveira-administrador-da-COTEQ.png 1024w, https:\/\/jornaldasoficinas.com\/pt\/wp-content\/uploads\/2021\/01\/Manuel-Oliveira-administrador-da-COTEQ-300x170.png 300w, https:\/\/jornaldasoficinas.com\/pt\/wp-content\/uploads\/2021\/01\/Manuel-Oliveira-administrador-da-COTEQ-150x85.png 150w, https:\/\/jornaldasoficinas.com\/pt\/wp-content\/uploads\/2021\/01\/Manuel-Oliveira-administrador-da-COTEQ-768x436.png 768w\" sizes=\"auto, (max-width: 1024px) 100vw, 1024px\" \/><\/strong><\/p>\n<p><strong>A COTEQ guia-se por um conjunto de valores inalien\u00e1veis que se inscrevem na sua cultura empresarial desde a sua funda\u00e7\u00e3o. A \u00e9tica nos neg\u00f3cios e a transpar\u00eancia, valores centrais na rela\u00e7\u00e3o com os clientes, regem o comportamento da empresa.<\/strong><\/p>\n<p>A responsabilidade e o rigor s\u00e3o traves mestras da sua atua\u00e7\u00e3o no mercado. A empresa comercializa tintas e equipamentos de pintura para os setores autom\u00f3vel, ind\u00fastria geral e constru\u00e7\u00e3o civil, sendo que a gama de produtos est\u00e1 em constante atualiza\u00e7\u00e3o, devido \u00e0 evolu\u00e7\u00e3o das novas tecnologias e m\u00e9todos de trabalho que v\u00e3o sendo introduzidos nestes tr\u00eas setores.<\/p>\n<p><strong>Como caracteriza a gama de produtos que comercializam? Preveem aumentar o vosso portef\u00f3lio com novas marcas e produtos?<br \/>\n<\/strong>A COTEQ comercializa tintas e equipamentos de pintura para os setores autom\u00f3vel, ind\u00fastria geral e constru\u00e7\u00e3o civil. A nossa gama de produtos est\u00e1 em constante atualiza\u00e7\u00e3o, devido \u00e0 evolu\u00e7\u00e3o das novas tecnologias e m\u00e9todos de trabalho que v\u00e3o sendo introduzidos nestes 3 setores.<\/p>\n<p><strong>T\u00eam promovido a\u00e7\u00f5es de forma\u00e7\u00e3o no vosso Centro de Treinos?<br \/>\n<\/strong>Devido \u00e0 situa\u00e7\u00e3o do COVID-19, o ciclo de forma\u00e7\u00f5es agendadas para este ano foi interrompido. As forma\u00e7\u00f5es para este ano foram canceladas, mas estamos ansiosos por voltar ao nosso centro de treino para desenvolver novas a\u00e7\u00f5es de forma\u00e7\u00e3o.<\/p>\n<p><strong>Qual \u00e9 o vosso compromisso com os clientes?<br \/>\n<\/strong>O nosso compromisso com os nossos clientes tem sido o mesmo de sempre. Tentamos prestar o melhor servi\u00e7o poss\u00edvel. N\u00e3o \u00e9 nossa fun\u00e7\u00e3o vender o produto de uma forma isolada, mas apresentar solu\u00e7\u00f5es, dando forma\u00e7\u00e3o e apoiando-os sempre na introdu\u00e7\u00e3o de novas tecnologias. Pretendemos que o nosso cliente nos veja como o seu parceiro de neg\u00f3cio em quem se pode apoiar no melhor desenvolvimento do seu neg\u00f3cio.<\/p>\n<p><strong>Como est\u00e1 a Coteq a reagir \u00e0 pandemia do Covid 19?<br \/>\n<\/strong>A COTEQ est\u00e1 a reagir da melhor forma poss\u00edvel. Isto \u00e9 um problema que nos afeta a todos. Enfrentamos o dia a dia com trabalho e dedica\u00e7\u00e3o, respeitando as diretrizes da DGS.<\/p>\n<p><strong>O que mudou na atividade da Coteq com a pandemia?<br \/>\n<\/strong>A COTEQ mudou pouco a sua atividade, nunca pondo em causa a seguran\u00e7a dos nossos clientes e dos nossos colaboradores. No in\u00edcio da pandemia, os nossos comerciais em faziam as vendas preferencialmente por telefone ou via digital (e-mail ou plataforma). As entregas eram feitas com a maior seguran\u00e7a poss\u00edvel, evitando o contacto e privilegiando o distanciamento. \u00c0 medida que a DGS foi aliviando medidas, tamb\u00e9m n\u00f3s fomos ajustando o trabalho de uma forma gradual \u00e0 sua normalidade. Desde o seu in\u00edcio at\u00e9 hoje, os nossos clientes foram sempre prontamente servidos, sem ruturas de material ou atrasos significativos de entregas de encomendas. O COVID-19 foi um problema para todos n\u00f3s, por esse mesmo motivo n\u00e3o pod\u00edamos falhar com os nossos clientes nesta fase t\u00e3o cr\u00edtica.<\/p>\n<p><strong>Que boas pr\u00e1ticas est\u00e3o a ser implementadas pela Coteq para conseguir manter a atividade em seguran\u00e7a?<br \/>\n<\/strong>Implementamos algumas normas nos nossos espa\u00e7os f\u00edsicos, como o uso obrigat\u00f3rio de m\u00e1scara, distanciamento no atendimento ao cliente (zona de seguran\u00e7a na rece\u00e7\u00e3o do cliente), entrada limitada de clientes nas nossas lojas, coloca\u00e7\u00e3o de desinfetantes em v\u00e1rias zonas de trabalho (n\u00e3o s\u00f3 no atendimento ao p\u00fablico, mas tamb\u00e9m nas v\u00e1rias \u00e1reas de trabalho). Os nossos comerciais e t\u00e9cnicos t\u00eam um c\u00f3digo de conduta que os orienta para uma postura correta nas diferentes situa\u00e7\u00f5es que tem que enfrentar no seu trabalho di\u00e1rio no contacto com os clientes e das suas instala\u00e7\u00f5es.<\/p>\n<p><strong>Como a Coteq est\u00e1 a preparar-se para o previs\u00edvel decr\u00e9scimo do mercado da repintura. Consideram diversificar o vosso neg\u00f3cio para outras \u00e1reas?<br \/>\n<\/strong>O mercado das tintas est\u00e1 em constante adapta\u00e7\u00e3o. O problema do COVID-19 fez com que o mercado baixasse em praticamente todos os setores. No que diz respeito ao mercado da colis\u00e3o autom\u00f3vel, este tem sido um mercado em decr\u00e9scimo ao longo dos anos e a tend\u00eancia n\u00e3o se ir\u00e1 inverter. Por esse mesmo motivo, temos diversificado as nossas \u00e1reas de neg\u00f3cio, n\u00e3o s\u00f3 no setor autom\u00f3vel, mas tamb\u00e9m nos outros setores como a ind\u00fastria e a constru\u00e7\u00e3o civil.<\/p>\n<p><strong>Que desafios se v\u00e3o colocar ao futuro da comercializa\u00e7\u00e3o de produtos de repintura em Portugal?<br \/>\n<\/strong>Os desafios da repintura autom\u00f3vel no futuro prendem-se inevitavelmente com a redu\u00e7\u00e3o da sinistralidade, o que leva a menos repara\u00e7\u00f5es na repintura autom\u00f3vel. Tal como referido anteriormente, temos que nos adaptar a esta realidade diversificando a nossa oferta n\u00e3o s\u00f3 dentro do setor auto como tamb\u00e9m noutros setores.<\/p>\n","protected":false},"excerpt":{"rendered":"<p>A COTEQ guia-se por um conjunto&#8230;<\/p>\n","protected":false},"author":15,"featured_media":18109,"comment_status":"closed","ping_status":"closed","sticky":false,"template":"","format":"standard","meta":{"footnotes":""},"categories":[38],"tags":[2522],"class_list":["post-18107","post","type-post","status-publish","format-standard","has-post-thumbnail","hentry","category-entrevistas","tag-coteq"],"yoast_head":"<!-- This site is optimized with the Yoast SEO plugin v27.4 - https:\/\/yoast.com\/product\/yoast-seo-wordpress\/ -->\n<title>\u201cTemos que nos adaptar \u00e0 nova realidade diversificando a nossa oferta\u201d, Manuel Oliveira,\u00a0 COTEQ - Jornal das Oficinas<\/title>\n<meta name=\"robots\" content=\"index, follow, max-snippet:-1, max-image-preview:large, max-video-preview:-1\" \/>\n<link rel=\"canonical\" href=\"https:\/\/jornaldasoficinas.com\/pt\/temos-que-nos-adaptar-a-nova-realidade-diversificando-a-nossa-oferta-manuel-oliveira-coteq\/\" \/>\n<meta property=\"og:locale\" content=\"pt_PT\" \/>\n<meta property=\"og:type\" content=\"article\" \/>\n<meta property=\"og:title\" content=\"\u201cTemos que nos adaptar \u00e0 nova realidade diversificando a nossa oferta\u201d, Manuel Oliveira,\u00a0 COTEQ - Jornal das Oficinas\" \/>\n<meta property=\"og:description\" content=\"A COTEQ guia-se por um conjunto...\" \/>\n<meta property=\"og:url\" content=\"https:\/\/jornaldasoficinas.com\/pt\/temos-que-nos-adaptar-a-nova-realidade-diversificando-a-nossa-oferta-manuel-oliveira-coteq\/\" \/>\n<meta property=\"og:site_name\" content=\"Jornal das Oficinas\" \/>\n<meta property=\"article:publisher\" content=\"https:\/\/www.facebook.com\/jornaloficinas\" \/>\n<meta property=\"article:published_time\" content=\"2021-01-15T08:00:27+00:00\" \/>\n<meta property=\"og:image\" content=\"https:\/\/jornaldasoficinas.com\/pt\/wp-content\/uploads\/2021\/01\/Manuel-Oliveira-administrador-da-COTEQ.png\" \/>\n\t<meta property=\"og:image:width\" content=\"1024\" \/>\n\t<meta property=\"og:image:height\" content=\"581\" \/>\n\t<meta property=\"og:image:type\" content=\"image\/png\" \/>\n<meta name=\"author\" content=\"Reda\u00e7\u00e3o JO\" \/>\n<meta name=\"twitter:card\" content=\"summary_large_image\" \/>\n<meta name=\"twitter:creator\" content=\"@jornaloficinas\" \/>\n<meta name=\"twitter:site\" content=\"@jornaloficinas\" \/>\n<meta name=\"twitter:label1\" content=\"Escrito por\" \/>\n\t<meta name=\"twitter:data1\" content=\"Reda\u00e7\u00e3o JO\" \/>\n\t<meta name=\"twitter:label2\" content=\"Tempo estimado de leitura\" \/>\n\t<meta name=\"twitter:data2\" content=\"4 minutos\" \/>\n<script type=\"application\/ld+json\" class=\"yoast-schema-graph\">{\"@context\":\"https:\\\/\\\/schema.org\",\"@graph\":[{\"@type\":\"Article\",\"@id\":\"https:\\\/\\\/jornaldasoficinas.com\\\/pt\\\/temos-que-nos-adaptar-a-nova-realidade-diversificando-a-nossa-oferta-manuel-oliveira-coteq\\\/#article\",\"isPartOf\":{\"@id\":\"https:\\\/\\\/jornaldasoficinas.com\\\/pt\\\/temos-que-nos-adaptar-a-nova-realidade-diversificando-a-nossa-oferta-manuel-oliveira-coteq\\\/\"},\"author\":{\"name\":\"Reda\u00e7\u00e3o JO\",\"@id\":\"https:\\\/\\\/jornaldasoficinas.com\\\/pt\\\/#\\\/schema\\\/person\\\/a38eef5de2c41d9e7c9ac10141afddf3\"},\"headline\":\"\u201cTemos que nos adaptar \u00e0 nova realidade diversificando a nossa oferta\u201d, Manuel Oliveira,\u00a0 COTEQ\",\"datePublished\":\"2021-01-15T08:00:27+00:00\",\"mainEntityOfPage\":{\"@id\":\"https:\\\/\\\/jornaldasoficinas.com\\\/pt\\\/temos-que-nos-adaptar-a-nova-realidade-diversificando-a-nossa-oferta-manuel-oliveira-coteq\\\/\"},\"wordCount\":826,\"publisher\":{\"@id\":\"https:\\\/\\\/jornaldasoficinas.com\\\/pt\\\/#organization\"},\"image\":{\"@id\":\"https:\\\/\\\/jornaldasoficinas.com\\\/pt\\\/temos-que-nos-adaptar-a-nova-realidade-diversificando-a-nossa-oferta-manuel-oliveira-coteq\\\/#primaryimage\"},\"thumbnailUrl\":\"https:\\\/\\\/jornaldasoficinas.com\\\/pt\\\/wp-content\\\/uploads\\\/2021\\\/01\\\/Manuel-Oliveira-administrador-da-COTEQ.png\",\"keywords\":[\"COTEQ\"],\"articleSection\":[\"Entrevistas\"],\"inLanguage\":\"pt-PT\"},{\"@type\":\"WebPage\",\"@id\":\"https:\\\/\\\/jornaldasoficinas.com\\\/pt\\\/temos-que-nos-adaptar-a-nova-realidade-diversificando-a-nossa-oferta-manuel-oliveira-coteq\\\/\",\"url\":\"https:\\\/\\\/jornaldasoficinas.com\\\/pt\\\/temos-que-nos-adaptar-a-nova-realidade-diversificando-a-nossa-oferta-manuel-oliveira-coteq\\\/\",\"name\":\"\u201cTemos que nos adaptar \u00e0 nova realidade diversificando a nossa oferta\u201d, Manuel Oliveira,\u00a0 COTEQ - Jornal das Oficinas\",\"isPartOf\":{\"@id\":\"https:\\\/\\\/jornaldasoficinas.com\\\/pt\\\/#website\"},\"primaryImageOfPage\":{\"@id\":\"https:\\\/\\\/jornaldasoficinas.com\\\/pt\\\/temos-que-nos-adaptar-a-nova-realidade-diversificando-a-nossa-oferta-manuel-oliveira-coteq\\\/#primaryimage\"},\"image\":{\"@id\":\"https:\\\/\\\/jornaldasoficinas.com\\\/pt\\\/temos-que-nos-adaptar-a-nova-realidade-diversificando-a-nossa-oferta-manuel-oliveira-coteq\\\/#primaryimage\"},\"thumbnailUrl\":\"https:\\\/\\\/jornaldasoficinas.com\\\/pt\\\/wp-content\\\/uploads\\\/2021\\\/01\\\/Manuel-Oliveira-administrador-da-COTEQ.png\",\"datePublished\":\"2021-01-15T08:00:27+00:00\",\"breadcrumb\":{\"@id\":\"https:\\\/\\\/jornaldasoficinas.com\\\/pt\\\/temos-que-nos-adaptar-a-nova-realidade-diversificando-a-nossa-oferta-manuel-oliveira-coteq\\\/#breadcrumb\"},\"inLanguage\":\"pt-PT\",\"potentialAction\":[{\"@type\":\"ReadAction\",\"target\":[\"https:\\\/\\\/jornaldasoficinas.com\\\/pt\\\/temos-que-nos-adaptar-a-nova-realidade-diversificando-a-nossa-oferta-manuel-oliveira-coteq\\\/\"]}]},{\"@type\":\"ImageObject\",\"inLanguage\":\"pt-PT\",\"@id\":\"https:\\\/\\\/jornaldasoficinas.com\\\/pt\\\/temos-que-nos-adaptar-a-nova-realidade-diversificando-a-nossa-oferta-manuel-oliveira-coteq\\\/#primaryimage\",\"url\":\"https:\\\/\\\/jornaldasoficinas.com\\\/pt\\\/wp-content\\\/uploads\\\/2021\\\/01\\\/Manuel-Oliveira-administrador-da-COTEQ.png\",\"contentUrl\":\"https:\\\/\\\/jornaldasoficinas.com\\\/pt\\\/wp-content\\\/uploads\\\/2021\\\/01\\\/Manuel-Oliveira-administrador-da-COTEQ.png\",\"width\":1024,\"height\":581,\"caption\":\"01 - Manuel-Oliveira-administrador-da-COTEQ\"},{\"@type\":\"BreadcrumbList\",\"@id\":\"https:\\\/\\\/jornaldasoficinas.com\\\/pt\\\/temos-que-nos-adaptar-a-nova-realidade-diversificando-a-nossa-oferta-manuel-oliveira-coteq\\\/#breadcrumb\",\"itemListElement\":[{\"@type\":\"ListItem\",\"position\":1,\"name\":\"In\u00edcio\",\"item\":\"https:\\\/\\\/jornaldasoficinas.com\\\/pt\\\/\"},{\"@type\":\"ListItem\",\"position\":2,\"name\":\"\u201cTemos que nos adaptar \u00e0 nova realidade diversificando a nossa oferta\u201d, Manuel Oliveira,\u00a0 COTEQ\"}]},{\"@type\":\"WebSite\",\"@id\":\"https:\\\/\\\/jornaldasoficinas.com\\\/pt\\\/#website\",\"url\":\"https:\\\/\\\/jornaldasoficinas.com\\\/pt\\\/\",\"name\":\"Jornal das Oficinas\",\"description\":\"Jornal independente do Aftermarket Autom\u00f3vel em Portugal\",\"publisher\":{\"@id\":\"https:\\\/\\\/jornaldasoficinas.com\\\/pt\\\/#organization\"},\"potentialAction\":[{\"@type\":\"SearchAction\",\"target\":{\"@type\":\"EntryPoint\",\"urlTemplate\":\"https:\\\/\\\/jornaldasoficinas.com\\\/pt\\\/?s={search_term_string}\"},\"query-input\":{\"@type\":\"PropertyValueSpecification\",\"valueRequired\":true,\"valueName\":\"search_term_string\"}}],\"inLanguage\":\"pt-PT\"},{\"@type\":\"Organization\",\"@id\":\"https:\\\/\\\/jornaldasoficinas.com\\\/pt\\\/#organization\",\"name\":\"Jornal das Oficinas\",\"url\":\"https:\\\/\\\/jornaldasoficinas.com\\\/pt\\\/\",\"logo\":{\"@type\":\"ImageObject\",\"inLanguage\":\"pt-PT\",\"@id\":\"https:\\\/\\\/jornaldasoficinas.com\\\/pt\\\/#\\\/schema\\\/logo\\\/image\\\/\",\"url\":\"https:\\\/\\\/jornaldasoficinas.com\\\/pt\\\/wp-content\\\/uploads\\\/logoJO-SEO.png\",\"contentUrl\":\"https:\\\/\\\/jornaldasoficinas.com\\\/pt\\\/wp-content\\\/uploads\\\/logoJO-SEO.png\",\"width\":285,\"height\":450,\"caption\":\"Jornal das Oficinas\"},\"image\":{\"@id\":\"https:\\\/\\\/jornaldasoficinas.com\\\/pt\\\/#\\\/schema\\\/logo\\\/image\\\/\"},\"sameAs\":[\"https:\\\/\\\/www.facebook.com\\\/jornaloficinas\",\"https:\\\/\\\/x.com\\\/jornaloficinas\",\"https:\\\/\\\/www.instagram.com\\\/jornal_oficinas\\\/\",\"https:\\\/\\\/www.linkedin.com\\\/company\\\/jornal-das-oficinas\\\/\",\"https:\\\/\\\/www.youtube.com\\\/channel\\\/UCbQZBqtcvV-oSQrr7RzINGg\"]},{\"@type\":\"Person\",\"@id\":\"https:\\\/\\\/jornaldasoficinas.com\\\/pt\\\/#\\\/schema\\\/person\\\/a38eef5de2c41d9e7c9ac10141afddf3\",\"name\":\"Reda\u00e7\u00e3o JO\",\"image\":{\"@type\":\"ImageObject\",\"inLanguage\":\"pt-PT\",\"@id\":\"https:\\\/\\\/secure.gravatar.com\\\/avatar\\\/71f2fa71737ad68a84fea94bc708ddac8ea5b0c4788dc2ad202f3ccb2887742f?s=96&d=wp_user_avatar&r=g\",\"url\":\"https:\\\/\\\/secure.gravatar.com\\\/avatar\\\/71f2fa71737ad68a84fea94bc708ddac8ea5b0c4788dc2ad202f3ccb2887742f?s=96&d=wp_user_avatar&r=g\",\"contentUrl\":\"https:\\\/\\\/secure.gravatar.com\\\/avatar\\\/71f2fa71737ad68a84fea94bc708ddac8ea5b0c4788dc2ad202f3ccb2887742f?s=96&d=wp_user_avatar&r=g\",\"caption\":\"Reda\u00e7\u00e3o JO\"},\"url\":\"https:\\\/\\\/jornaldasoficinas.com\\\/pt\\\/author\\\/joredacao\\\/\"}]}<\/script>\n<!-- \/ Yoast SEO plugin. -->","yoast_head_json":{"title":"\u201cTemos que nos adaptar \u00e0 nova realidade diversificando a nossa oferta\u201d, Manuel Oliveira,\u00a0 COTEQ - Jornal das Oficinas","robots":{"index":"index","follow":"follow","max-snippet":"max-snippet:-1","max-image-preview":"max-image-preview:large","max-video-preview":"max-video-preview:-1"},"canonical":"https:\/\/jornaldasoficinas.com\/pt\/temos-que-nos-adaptar-a-nova-realidade-diversificando-a-nossa-oferta-manuel-oliveira-coteq\/","og_locale":"pt_PT","og_type":"article","og_title":"\u201cTemos que nos adaptar \u00e0 nova realidade diversificando a nossa oferta\u201d, Manuel Oliveira,\u00a0 COTEQ - Jornal das Oficinas","og_description":"A COTEQ guia-se por um conjunto...","og_url":"https:\/\/jornaldasoficinas.com\/pt\/temos-que-nos-adaptar-a-nova-realidade-diversificando-a-nossa-oferta-manuel-oliveira-coteq\/","og_site_name":"Jornal das Oficinas","article_publisher":"https:\/\/www.facebook.com\/jornaloficinas","article_published_time":"2021-01-15T08:00:27+00:00","og_image":[{"width":1024,"height":581,"url":"https:\/\/jornaldasoficinas.com\/pt\/wp-content\/uploads\/2021\/01\/Manuel-Oliveira-administrador-da-COTEQ.png","type":"image\/png"}],"author":"Reda\u00e7\u00e3o JO","twitter_card":"summary_large_image","twitter_creator":"@jornaloficinas","twitter_site":"@jornaloficinas","twitter_misc":{"Escrito por":"Reda\u00e7\u00e3o JO","Tempo estimado de leitura":"4 minutos"},"schema":{"@context":"https:\/\/schema.org","@graph":[{"@type":"Article","@id":"https:\/\/jornaldasoficinas.com\/pt\/temos-que-nos-adaptar-a-nova-realidade-diversificando-a-nossa-oferta-manuel-oliveira-coteq\/#article","isPartOf":{"@id":"https:\/\/jornaldasoficinas.com\/pt\/temos-que-nos-adaptar-a-nova-realidade-diversificando-a-nossa-oferta-manuel-oliveira-coteq\/"},"author":{"name":"Reda\u00e7\u00e3o JO","@id":"https:\/\/jornaldasoficinas.com\/pt\/#\/schema\/person\/a38eef5de2c41d9e7c9ac10141afddf3"},"headline":"\u201cTemos que nos adaptar \u00e0 nova realidade diversificando a nossa oferta\u201d, Manuel Oliveira,\u00a0 COTEQ","datePublished":"2021-01-15T08:00:27+00:00","mainEntityOfPage":{"@id":"https:\/\/jornaldasoficinas.com\/pt\/temos-que-nos-adaptar-a-nova-realidade-diversificando-a-nossa-oferta-manuel-oliveira-coteq\/"},"wordCount":826,"publisher":{"@id":"https:\/\/jornaldasoficinas.com\/pt\/#organization"},"image":{"@id":"https:\/\/jornaldasoficinas.com\/pt\/temos-que-nos-adaptar-a-nova-realidade-diversificando-a-nossa-oferta-manuel-oliveira-coteq\/#primaryimage"},"thumbnailUrl":"https:\/\/jornaldasoficinas.com\/pt\/wp-content\/uploads\/2021\/01\/Manuel-Oliveira-administrador-da-COTEQ.png","keywords":["COTEQ"],"articleSection":["Entrevistas"],"inLanguage":"pt-PT"},{"@type":"WebPage","@id":"https:\/\/jornaldasoficinas.com\/pt\/temos-que-nos-adaptar-a-nova-realidade-diversificando-a-nossa-oferta-manuel-oliveira-coteq\/","url":"https:\/\/jornaldasoficinas.com\/pt\/temos-que-nos-adaptar-a-nova-realidade-diversificando-a-nossa-oferta-manuel-oliveira-coteq\/","name":"\u201cTemos que nos adaptar \u00e0 nova realidade diversificando a nossa oferta\u201d, Manuel Oliveira,\u00a0 COTEQ - Jornal das Oficinas","isPartOf":{"@id":"https:\/\/jornaldasoficinas.com\/pt\/#website"},"primaryImageOfPage":{"@id":"https:\/\/jornaldasoficinas.com\/pt\/temos-que-nos-adaptar-a-nova-realidade-diversificando-a-nossa-oferta-manuel-oliveira-coteq\/#primaryimage"},"image":{"@id":"https:\/\/jornaldasoficinas.com\/pt\/temos-que-nos-adaptar-a-nova-realidade-diversificando-a-nossa-oferta-manuel-oliveira-coteq\/#primaryimage"},"thumbnailUrl":"https:\/\/jornaldasoficinas.com\/pt\/wp-content\/uploads\/2021\/01\/Manuel-Oliveira-administrador-da-COTEQ.png","datePublished":"2021-01-15T08:00:27+00:00","breadcrumb":{"@id":"https:\/\/jornaldasoficinas.com\/pt\/temos-que-nos-adaptar-a-nova-realidade-diversificando-a-nossa-oferta-manuel-oliveira-coteq\/#breadcrumb"},"inLanguage":"pt-PT","potentialAction":[{"@type":"ReadAction","target":["https:\/\/jornaldasoficinas.com\/pt\/temos-que-nos-adaptar-a-nova-realidade-diversificando-a-nossa-oferta-manuel-oliveira-coteq\/"]}]},{"@type":"ImageObject","inLanguage":"pt-PT","@id":"https:\/\/jornaldasoficinas.com\/pt\/temos-que-nos-adaptar-a-nova-realidade-diversificando-a-nossa-oferta-manuel-oliveira-coteq\/#primaryimage","url":"https:\/\/jornaldasoficinas.com\/pt\/wp-content\/uploads\/2021\/01\/Manuel-Oliveira-administrador-da-COTEQ.png","contentUrl":"https:\/\/jornaldasoficinas.com\/pt\/wp-content\/uploads\/2021\/01\/Manuel-Oliveira-administrador-da-COTEQ.png","width":1024,"height":581,"caption":"01 - Manuel-Oliveira-administrador-da-COTEQ"},{"@type":"BreadcrumbList","@id":"https:\/\/jornaldasoficinas.com\/pt\/temos-que-nos-adaptar-a-nova-realidade-diversificando-a-nossa-oferta-manuel-oliveira-coteq\/#breadcrumb","itemListElement":[{"@type":"ListItem","position":1,"name":"In\u00edcio","item":"https:\/\/jornaldasoficinas.com\/pt\/"},{"@type":"ListItem","position":2,"name":"\u201cTemos que nos adaptar \u00e0 nova realidade diversificando a nossa oferta\u201d, Manuel Oliveira,\u00a0 COTEQ"}]},{"@type":"WebSite","@id":"https:\/\/jornaldasoficinas.com\/pt\/#website","url":"https:\/\/jornaldasoficinas.com\/pt\/","name":"Jornal das Oficinas","description":"Jornal independente do Aftermarket Autom\u00f3vel em Portugal","publisher":{"@id":"https:\/\/jornaldasoficinas.com\/pt\/#organization"},"potentialAction":[{"@type":"SearchAction","target":{"@type":"EntryPoint","urlTemplate":"https:\/\/jornaldasoficinas.com\/pt\/?s={search_term_string}"},"query-input":{"@type":"PropertyValueSpecification","valueRequired":true,"valueName":"search_term_string"}}],"inLanguage":"pt-PT"},{"@type":"Organization","@id":"https:\/\/jornaldasoficinas.com\/pt\/#organization","name":"Jornal das Oficinas","url":"https:\/\/jornaldasoficinas.com\/pt\/","logo":{"@type":"ImageObject","inLanguage":"pt-PT","@id":"https:\/\/jornaldasoficinas.com\/pt\/#\/schema\/logo\/image\/","url":"https:\/\/jornaldasoficinas.com\/pt\/wp-content\/uploads\/logoJO-SEO.png","contentUrl":"https:\/\/jornaldasoficinas.com\/pt\/wp-content\/uploads\/logoJO-SEO.png","width":285,"height":450,"caption":"Jornal das Oficinas"},"image":{"@id":"https:\/\/jornaldasoficinas.com\/pt\/#\/schema\/logo\/image\/"},"sameAs":["https:\/\/www.facebook.com\/jornaloficinas","https:\/\/x.com\/jornaloficinas","https:\/\/www.instagram.com\/jornal_oficinas\/","https:\/\/www.linkedin.com\/company\/jornal-das-oficinas\/","https:\/\/www.youtube.com\/channel\/UCbQZBqtcvV-oSQrr7RzINGg"]},{"@type":"Person","@id":"https:\/\/jornaldasoficinas.com\/pt\/#\/schema\/person\/a38eef5de2c41d9e7c9ac10141afddf3","name":"Reda\u00e7\u00e3o JO","image":{"@type":"ImageObject","inLanguage":"pt-PT","@id":"https:\/\/secure.gravatar.com\/avatar\/71f2fa71737ad68a84fea94bc708ddac8ea5b0c4788dc2ad202f3ccb2887742f?s=96&d=wp_user_avatar&r=g","url":"https:\/\/secure.gravatar.com\/avatar\/71f2fa71737ad68a84fea94bc708ddac8ea5b0c4788dc2ad202f3ccb2887742f?s=96&d=wp_user_avatar&r=g","contentUrl":"https:\/\/secure.gravatar.com\/avatar\/71f2fa71737ad68a84fea94bc708ddac8ea5b0c4788dc2ad202f3ccb2887742f?s=96&d=wp_user_avatar&r=g","caption":"Reda\u00e7\u00e3o JO"},"url":"https:\/\/jornaldasoficinas.com\/pt\/author\/joredacao\/"}]}},"_links":{"self":[{"href":"https:\/\/jornaldasoficinas.com\/pt\/wp-json\/wp\/v2\/posts\/18107","targetHints":{"allow":["GET"]}}],"collection":[{"href":"https:\/\/jornaldasoficinas.com\/pt\/wp-json\/wp\/v2\/posts"}],"about":[{"href":"https:\/\/jornaldasoficinas.com\/pt\/wp-json\/wp\/v2\/types\/post"}],"author":[{"embeddable":true,"href":"https:\/\/jornaldasoficinas.com\/pt\/wp-json\/wp\/v2\/users\/15"}],"replies":[{"embeddable":true,"href":"https:\/\/jornaldasoficinas.com\/pt\/wp-json\/wp\/v2\/comments?post=18107"}],"version-history":[{"count":0,"href":"https:\/\/jornaldasoficinas.com\/pt\/wp-json\/wp\/v2\/posts\/18107\/revisions"}],"wp:featuredmedia":[{"embeddable":true,"href":"https:\/\/jornaldasoficinas.com\/pt\/wp-json\/wp\/v2\/media\/18109"}],"wp:attachment":[{"href":"https:\/\/jornaldasoficinas.com\/pt\/wp-json\/wp\/v2\/media?parent=18107"}],"wp:term":[{"taxonomy":"category","embeddable":true,"href":"https:\/\/jornaldasoficinas.com\/pt\/wp-json\/wp\/v2\/categories?post=18107"},{"taxonomy":"post_tag","embeddable":true,"href":"https:\/\/jornaldasoficinas.com\/pt\/wp-json\/wp\/v2\/tags?post=18107"}],"curies":[{"name":"wp","href":"https:\/\/api.w.org\/{rel}","templated":true}]}}