{"id":18152,"date":"2021-01-14T18:00:20","date_gmt":"2021-01-14T18:00:20","guid":{"rendered":"https:\/\/jornaldasoficinas.com\/pt\/?p=18152"},"modified":"2021-01-14T10:42:56","modified_gmt":"2021-01-14T10:42:56","slug":"krautli-e-distribuidor-oficial-da-marca-payen","status":"publish","type":"post","link":"https:\/\/jornaldasoficinas.com\/pt\/krautli-e-distribuidor-oficial-da-marca-payen\/","title":{"rendered":"Krautli \u00e9 distribuidor oficial da marca PAYEN"},"content":{"rendered":"<p><strong><img loading=\"lazy\" decoding=\"async\" class=\"alignnone wp-image-18138 size-full\" src=\"https:\/\/jornaldasoficinas.com\/pt\/wp-content\/uploads\/2021\/01\/Krautli-Portugal-e\u0301-o-Distribuidor-Oficial-da-marca-PAYEN.jpg\" alt=\"01 - Krautli-Portugal-e\u0301-o-Distribuidor-Oficial-da-marca-PAYEN\" width=\"1024\" height=\"581\" srcset=\"https:\/\/jornaldasoficinas.com\/pt\/wp-content\/uploads\/2021\/01\/Krautli-Portugal-e\u0301-o-Distribuidor-Oficial-da-marca-PAYEN.jpg 1024w, https:\/\/jornaldasoficinas.com\/pt\/wp-content\/uploads\/2021\/01\/Krautli-Portugal-e\u0301-o-Distribuidor-Oficial-da-marca-PAYEN-300x170.jpg 300w, https:\/\/jornaldasoficinas.com\/pt\/wp-content\/uploads\/2021\/01\/Krautli-Portugal-e\u0301-o-Distribuidor-Oficial-da-marca-PAYEN-150x85.jpg 150w, https:\/\/jornaldasoficinas.com\/pt\/wp-content\/uploads\/2021\/01\/Krautli-Portugal-e\u0301-o-Distribuidor-Oficial-da-marca-PAYEN-768x436.jpg 768w\" sizes=\"auto, (max-width: 1024px) 100vw, 1024px\" \/><\/strong><\/p>\n<p><strong>A Krautli Portugal foi nomeada Distribuidor Oficial da marca PAYEN, da DRIV Automotive Inc. A marca apresenta uma alargada gama em juntas para os motores atuais ou vintage.<\/strong><\/p>\n<p>A Payen disponibiliza uma das gamas mais abrangentes de juntas actualmente dispon\u00edveis \u2013 quer seja para motores \u201cvintage\u201d ou motores actuais \u2013 com uma gama completa de mais de 10.500 refer\u00eancias de juntas de fibra, multi-camada em a\u00e7o e a\u00e7o elast\u00f3mero, vedantes de hastes de v\u00e1lvulas e de lubrificante bem como todos os tipos de parafusos de cabe\u00e7a. A marca Payen traz aos clientes solu\u00e7\u00f5es para quase todas as aplica\u00e7\u00f5es de ve\u00edculos ligeiros e pesados.<\/p>\n<p>Um motor tem v\u00e1rios tipos de exig\u00eancia de veda\u00e7\u00e3o. Cada um necessitando da tecnologia adequada da junta e respectivo material de forma a assegurar uma veda\u00e7\u00e3o efectiva e prolongada.<\/p>\n<p>As juntas Payen garantem uma instala\u00e7\u00e3o perfeita, sempre, e uma instala\u00e7\u00e3o perfeita significa que a integridade da veda\u00e7\u00e3o \u00e9 garantida, uma maior longevidade da vida do motor e clientes satisfeitos. Cumprem as elevadas exig\u00eancias dos actuais motores compactos e leves, que minimizam as emiss\u00f5es, extraindo mais pot\u00eancia de menos combust\u00edvel. A Payen tem sido proativa na resposta a estes desafios da ind\u00fastria e no desenvolvimento de solu\u00e7\u00f5es de selagem premiadas.<\/p>\n<p>Com esta importante incorpora\u00e7\u00e3o, a Krautli Portugal aumenta o seu vasto portf\u00f3lio de produtos e refor\u00e7a a sua posi\u00e7\u00e3o de fornecedor global de marcas Premium no sector Aftermarket.<\/p>\n","protected":false},"excerpt":{"rendered":"<p>A Krautli Portugal foi nomeada Distribuidor&#8230;<\/p>\n","protected":false},"author":15,"featured_media":18138,"comment_status":"closed","ping_status":"closed","sticky":false,"template":"","format":"standard","meta":{"footnotes":""},"categories":[29],"tags":[290],"class_list":["post-18152","post","type-post","status-publish","format-standard","has-post-thumbnail","hentry","category-empresas","tag-krautli"],"yoast_head":"<!-- This site is optimized with the Yoast SEO plugin v27.4 - https:\/\/yoast.com\/product\/yoast-seo-wordpress\/ -->\n<title>Krautli \u00e9 distribuidor oficial da marca PAYEN - Jornal das Oficinas<\/title>\n<meta name=\"robots\" content=\"index, follow, max-snippet:-1, max-image-preview:large, max-video-preview:-1\" \/>\n<link rel=\"canonical\" href=\"https:\/\/jornaldasoficinas.com\/pt\/krautli-e-distribuidor-oficial-da-marca-payen\/\" \/>\n<meta property=\"og:locale\" content=\"pt_PT\" \/>\n<meta property=\"og:type\" content=\"article\" \/>\n<meta property=\"og:title\" content=\"Krautli \u00e9 distribuidor oficial da marca PAYEN - Jornal das Oficinas\" \/>\n<meta property=\"og:description\" content=\"A Krautli Portugal foi nomeada Distribuidor...\" \/>\n<meta property=\"og:url\" content=\"https:\/\/jornaldasoficinas.com\/pt\/krautli-e-distribuidor-oficial-da-marca-payen\/\" \/>\n<meta property=\"og:site_name\" content=\"Jornal das Oficinas\" \/>\n<meta property=\"article:publisher\" content=\"https:\/\/www.facebook.com\/jornaloficinas\" \/>\n<meta property=\"article:published_time\" content=\"2021-01-14T18:00:20+00:00\" \/>\n<meta property=\"og:image\" content=\"https:\/\/jornaldasoficinas.com\/pt\/wp-content\/uploads\/2021\/01\/Krautli-Portugal-e\u0301-o-Distribuidor-Oficial-da-marca-PAYEN.jpg\" \/>\n\t<meta property=\"og:image:width\" content=\"1024\" \/>\n\t<meta property=\"og:image:height\" content=\"581\" \/>\n\t<meta property=\"og:image:type\" content=\"image\/jpeg\" \/>\n<meta name=\"author\" content=\"Reda\u00e7\u00e3o JO\" \/>\n<meta name=\"twitter:card\" content=\"summary_large_image\" \/>\n<meta name=\"twitter:creator\" content=\"@jornaloficinas\" \/>\n<meta name=\"twitter:site\" content=\"@jornaloficinas\" \/>\n<meta name=\"twitter:label1\" content=\"Escrito por\" \/>\n\t<meta name=\"twitter:data1\" content=\"Reda\u00e7\u00e3o JO\" \/>\n\t<meta name=\"twitter:label2\" content=\"Tempo estimado de leitura\" \/>\n\t<meta name=\"twitter:data2\" content=\"1 minuto\" \/>\n<script type=\"application\/ld+json\" class=\"yoast-schema-graph\">{\"@context\":\"https:\\\/\\\/schema.org\",\"@graph\":[{\"@type\":\"Article\",\"@id\":\"https:\\\/\\\/jornaldasoficinas.com\\\/pt\\\/krautli-e-distribuidor-oficial-da-marca-payen\\\/#article\",\"isPartOf\":{\"@id\":\"https:\\\/\\\/jornaldasoficinas.com\\\/pt\\\/krautli-e-distribuidor-oficial-da-marca-payen\\\/\"},\"author\":{\"name\":\"Reda\u00e7\u00e3o JO\",\"@id\":\"https:\\\/\\\/jornaldasoficinas.com\\\/pt\\\/#\\\/schema\\\/person\\\/a38eef5de2c41d9e7c9ac10141afddf3\"},\"headline\":\"Krautli \u00e9 distribuidor oficial da marca PAYEN\",\"datePublished\":\"2021-01-14T18:00:20+00:00\",\"mainEntityOfPage\":{\"@id\":\"https:\\\/\\\/jornaldasoficinas.com\\\/pt\\\/krautli-e-distribuidor-oficial-da-marca-payen\\\/\"},\"wordCount\":259,\"publisher\":{\"@id\":\"https:\\\/\\\/jornaldasoficinas.com\\\/pt\\\/#organization\"},\"image\":{\"@id\":\"https:\\\/\\\/jornaldasoficinas.com\\\/pt\\\/krautli-e-distribuidor-oficial-da-marca-payen\\\/#primaryimage\"},\"thumbnailUrl\":\"https:\\\/\\\/jornaldasoficinas.com\\\/pt\\\/wp-content\\\/uploads\\\/2021\\\/01\\\/Krautli-Portugal-e\u0301-o-Distribuidor-Oficial-da-marca-PAYEN.jpg\",\"keywords\":[\"Krautli\"],\"articleSection\":[\"Empresas\"],\"inLanguage\":\"pt-PT\"},{\"@type\":\"WebPage\",\"@id\":\"https:\\\/\\\/jornaldasoficinas.com\\\/pt\\\/krautli-e-distribuidor-oficial-da-marca-payen\\\/\",\"url\":\"https:\\\/\\\/jornaldasoficinas.com\\\/pt\\\/krautli-e-distribuidor-oficial-da-marca-payen\\\/\",\"name\":\"Krautli \u00e9 distribuidor oficial da marca PAYEN - Jornal das Oficinas\",\"isPartOf\":{\"@id\":\"https:\\\/\\\/jornaldasoficinas.com\\\/pt\\\/#website\"},\"primaryImageOfPage\":{\"@id\":\"https:\\\/\\\/jornaldasoficinas.com\\\/pt\\\/krautli-e-distribuidor-oficial-da-marca-payen\\\/#primaryimage\"},\"image\":{\"@id\":\"https:\\\/\\\/jornaldasoficinas.com\\\/pt\\\/krautli-e-distribuidor-oficial-da-marca-payen\\\/#primaryimage\"},\"thumbnailUrl\":\"https:\\\/\\\/jornaldasoficinas.com\\\/pt\\\/wp-content\\\/uploads\\\/2021\\\/01\\\/Krautli-Portugal-e\u0301-o-Distribuidor-Oficial-da-marca-PAYEN.jpg\",\"datePublished\":\"2021-01-14T18:00:20+00:00\",\"breadcrumb\":{\"@id\":\"https:\\\/\\\/jornaldasoficinas.com\\\/pt\\\/krautli-e-distribuidor-oficial-da-marca-payen\\\/#breadcrumb\"},\"inLanguage\":\"pt-PT\",\"potentialAction\":[{\"@type\":\"ReadAction\",\"target\":[\"https:\\\/\\\/jornaldasoficinas.com\\\/pt\\\/krautli-e-distribuidor-oficial-da-marca-payen\\\/\"]}]},{\"@type\":\"ImageObject\",\"inLanguage\":\"pt-PT\",\"@id\":\"https:\\\/\\\/jornaldasoficinas.com\\\/pt\\\/krautli-e-distribuidor-oficial-da-marca-payen\\\/#primaryimage\",\"url\":\"https:\\\/\\\/jornaldasoficinas.com\\\/pt\\\/wp-content\\\/uploads\\\/2021\\\/01\\\/Krautli-Portugal-e\u0301-o-Distribuidor-Oficial-da-marca-PAYEN.jpg\",\"contentUrl\":\"https:\\\/\\\/jornaldasoficinas.com\\\/pt\\\/wp-content\\\/uploads\\\/2021\\\/01\\\/Krautli-Portugal-e\u0301-o-Distribuidor-Oficial-da-marca-PAYEN.jpg\",\"width\":1024,\"height\":581,\"caption\":\"01 - Krautli-Portugal-e\u0301-o-Distribuidor-Oficial-da-marca-PAYEN\"},{\"@type\":\"BreadcrumbList\",\"@id\":\"https:\\\/\\\/jornaldasoficinas.com\\\/pt\\\/krautli-e-distribuidor-oficial-da-marca-payen\\\/#breadcrumb\",\"itemListElement\":[{\"@type\":\"ListItem\",\"position\":1,\"name\":\"In\u00edcio\",\"item\":\"https:\\\/\\\/jornaldasoficinas.com\\\/pt\\\/\"},{\"@type\":\"ListItem\",\"position\":2,\"name\":\"Krautli \u00e9 distribuidor oficial da marca PAYEN\"}]},{\"@type\":\"WebSite\",\"@id\":\"https:\\\/\\\/jornaldasoficinas.com\\\/pt\\\/#website\",\"url\":\"https:\\\/\\\/jornaldasoficinas.com\\\/pt\\\/\",\"name\":\"Jornal das Oficinas\",\"description\":\"Jornal independente do Aftermarket Autom\u00f3vel em Portugal\",\"publisher\":{\"@id\":\"https:\\\/\\\/jornaldasoficinas.com\\\/pt\\\/#organization\"},\"potentialAction\":[{\"@type\":\"SearchAction\",\"target\":{\"@type\":\"EntryPoint\",\"urlTemplate\":\"https:\\\/\\\/jornaldasoficinas.com\\\/pt\\\/?s={search_term_string}\"},\"query-input\":{\"@type\":\"PropertyValueSpecification\",\"valueRequired\":true,\"valueName\":\"search_term_string\"}}],\"inLanguage\":\"pt-PT\"},{\"@type\":\"Organization\",\"@id\":\"https:\\\/\\\/jornaldasoficinas.com\\\/pt\\\/#organization\",\"name\":\"Jornal das Oficinas\",\"url\":\"https:\\\/\\\/jornaldasoficinas.com\\\/pt\\\/\",\"logo\":{\"@type\":\"ImageObject\",\"inLanguage\":\"pt-PT\",\"@id\":\"https:\\\/\\\/jornaldasoficinas.com\\\/pt\\\/#\\\/schema\\\/logo\\\/image\\\/\",\"url\":\"https:\\\/\\\/jornaldasoficinas.com\\\/pt\\\/wp-content\\\/uploads\\\/logoJO-SEO.png\",\"contentUrl\":\"https:\\\/\\\/jornaldasoficinas.com\\\/pt\\\/wp-content\\\/uploads\\\/logoJO-SEO.png\",\"width\":285,\"height\":450,\"caption\":\"Jornal das Oficinas\"},\"image\":{\"@id\":\"https:\\\/\\\/jornaldasoficinas.com\\\/pt\\\/#\\\/schema\\\/logo\\\/image\\\/\"},\"sameAs\":[\"https:\\\/\\\/www.facebook.com\\\/jornaloficinas\",\"https:\\\/\\\/x.com\\\/jornaloficinas\",\"https:\\\/\\\/www.instagram.com\\\/jornal_oficinas\\\/\",\"https:\\\/\\\/www.linkedin.com\\\/company\\\/jornal-das-oficinas\\\/\",\"https:\\\/\\\/www.youtube.com\\\/channel\\\/UCbQZBqtcvV-oSQrr7RzINGg\"]},{\"@type\":\"Person\",\"@id\":\"https:\\\/\\\/jornaldasoficinas.com\\\/pt\\\/#\\\/schema\\\/person\\\/a38eef5de2c41d9e7c9ac10141afddf3\",\"name\":\"Reda\u00e7\u00e3o JO\",\"image\":{\"@type\":\"ImageObject\",\"inLanguage\":\"pt-PT\",\"@id\":\"https:\\\/\\\/secure.gravatar.com\\\/avatar\\\/71f2fa71737ad68a84fea94bc708ddac8ea5b0c4788dc2ad202f3ccb2887742f?s=96&d=wp_user_avatar&r=g\",\"url\":\"https:\\\/\\\/secure.gravatar.com\\\/avatar\\\/71f2fa71737ad68a84fea94bc708ddac8ea5b0c4788dc2ad202f3ccb2887742f?s=96&d=wp_user_avatar&r=g\",\"contentUrl\":\"https:\\\/\\\/secure.gravatar.com\\\/avatar\\\/71f2fa71737ad68a84fea94bc708ddac8ea5b0c4788dc2ad202f3ccb2887742f?s=96&d=wp_user_avatar&r=g\",\"caption\":\"Reda\u00e7\u00e3o JO\"},\"url\":\"https:\\\/\\\/jornaldasoficinas.com\\\/pt\\\/author\\\/joredacao\\\/\"}]}<\/script>\n<!-- \/ Yoast SEO plugin. -->","yoast_head_json":{"title":"Krautli \u00e9 distribuidor oficial da marca PAYEN - Jornal das Oficinas","robots":{"index":"index","follow":"follow","max-snippet":"max-snippet:-1","max-image-preview":"max-image-preview:large","max-video-preview":"max-video-preview:-1"},"canonical":"https:\/\/jornaldasoficinas.com\/pt\/krautli-e-distribuidor-oficial-da-marca-payen\/","og_locale":"pt_PT","og_type":"article","og_title":"Krautli \u00e9 distribuidor oficial da marca PAYEN - Jornal das Oficinas","og_description":"A Krautli Portugal foi nomeada Distribuidor...","og_url":"https:\/\/jornaldasoficinas.com\/pt\/krautli-e-distribuidor-oficial-da-marca-payen\/","og_site_name":"Jornal das Oficinas","article_publisher":"https:\/\/www.facebook.com\/jornaloficinas","article_published_time":"2021-01-14T18:00:20+00:00","og_image":[{"width":1024,"height":581,"url":"https:\/\/jornaldasoficinas.com\/pt\/wp-content\/uploads\/2021\/01\/Krautli-Portugal-e\u0301-o-Distribuidor-Oficial-da-marca-PAYEN.jpg","type":"image\/jpeg"}],"author":"Reda\u00e7\u00e3o JO","twitter_card":"summary_large_image","twitter_creator":"@jornaloficinas","twitter_site":"@jornaloficinas","twitter_misc":{"Escrito por":"Reda\u00e7\u00e3o JO","Tempo estimado de leitura":"1 minuto"},"schema":{"@context":"https:\/\/schema.org","@graph":[{"@type":"Article","@id":"https:\/\/jornaldasoficinas.com\/pt\/krautli-e-distribuidor-oficial-da-marca-payen\/#article","isPartOf":{"@id":"https:\/\/jornaldasoficinas.com\/pt\/krautli-e-distribuidor-oficial-da-marca-payen\/"},"author":{"name":"Reda\u00e7\u00e3o JO","@id":"https:\/\/jornaldasoficinas.com\/pt\/#\/schema\/person\/a38eef5de2c41d9e7c9ac10141afddf3"},"headline":"Krautli \u00e9 distribuidor oficial da marca PAYEN","datePublished":"2021-01-14T18:00:20+00:00","mainEntityOfPage":{"@id":"https:\/\/jornaldasoficinas.com\/pt\/krautli-e-distribuidor-oficial-da-marca-payen\/"},"wordCount":259,"publisher":{"@id":"https:\/\/jornaldasoficinas.com\/pt\/#organization"},"image":{"@id":"https:\/\/jornaldasoficinas.com\/pt\/krautli-e-distribuidor-oficial-da-marca-payen\/#primaryimage"},"thumbnailUrl":"https:\/\/jornaldasoficinas.com\/pt\/wp-content\/uploads\/2021\/01\/Krautli-Portugal-e\u0301-o-Distribuidor-Oficial-da-marca-PAYEN.jpg","keywords":["Krautli"],"articleSection":["Empresas"],"inLanguage":"pt-PT"},{"@type":"WebPage","@id":"https:\/\/jornaldasoficinas.com\/pt\/krautli-e-distribuidor-oficial-da-marca-payen\/","url":"https:\/\/jornaldasoficinas.com\/pt\/krautli-e-distribuidor-oficial-da-marca-payen\/","name":"Krautli \u00e9 distribuidor oficial da marca PAYEN - Jornal das Oficinas","isPartOf":{"@id":"https:\/\/jornaldasoficinas.com\/pt\/#website"},"primaryImageOfPage":{"@id":"https:\/\/jornaldasoficinas.com\/pt\/krautli-e-distribuidor-oficial-da-marca-payen\/#primaryimage"},"image":{"@id":"https:\/\/jornaldasoficinas.com\/pt\/krautli-e-distribuidor-oficial-da-marca-payen\/#primaryimage"},"thumbnailUrl":"https:\/\/jornaldasoficinas.com\/pt\/wp-content\/uploads\/2021\/01\/Krautli-Portugal-e\u0301-o-Distribuidor-Oficial-da-marca-PAYEN.jpg","datePublished":"2021-01-14T18:00:20+00:00","breadcrumb":{"@id":"https:\/\/jornaldasoficinas.com\/pt\/krautli-e-distribuidor-oficial-da-marca-payen\/#breadcrumb"},"inLanguage":"pt-PT","potentialAction":[{"@type":"ReadAction","target":["https:\/\/jornaldasoficinas.com\/pt\/krautli-e-distribuidor-oficial-da-marca-payen\/"]}]},{"@type":"ImageObject","inLanguage":"pt-PT","@id":"https:\/\/jornaldasoficinas.com\/pt\/krautli-e-distribuidor-oficial-da-marca-payen\/#primaryimage","url":"https:\/\/jornaldasoficinas.com\/pt\/wp-content\/uploads\/2021\/01\/Krautli-Portugal-e\u0301-o-Distribuidor-Oficial-da-marca-PAYEN.jpg","contentUrl":"https:\/\/jornaldasoficinas.com\/pt\/wp-content\/uploads\/2021\/01\/Krautli-Portugal-e\u0301-o-Distribuidor-Oficial-da-marca-PAYEN.jpg","width":1024,"height":581,"caption":"01 - Krautli-Portugal-e\u0301-o-Distribuidor-Oficial-da-marca-PAYEN"},{"@type":"BreadcrumbList","@id":"https:\/\/jornaldasoficinas.com\/pt\/krautli-e-distribuidor-oficial-da-marca-payen\/#breadcrumb","itemListElement":[{"@type":"ListItem","position":1,"name":"In\u00edcio","item":"https:\/\/jornaldasoficinas.com\/pt\/"},{"@type":"ListItem","position":2,"name":"Krautli \u00e9 distribuidor oficial da marca PAYEN"}]},{"@type":"WebSite","@id":"https:\/\/jornaldasoficinas.com\/pt\/#website","url":"https:\/\/jornaldasoficinas.com\/pt\/","name":"Jornal das Oficinas","description":"Jornal independente do Aftermarket Autom\u00f3vel em Portugal","publisher":{"@id":"https:\/\/jornaldasoficinas.com\/pt\/#organization"},"potentialAction":[{"@type":"SearchAction","target":{"@type":"EntryPoint","urlTemplate":"https:\/\/jornaldasoficinas.com\/pt\/?s={search_term_string}"},"query-input":{"@type":"PropertyValueSpecification","valueRequired":true,"valueName":"search_term_string"}}],"inLanguage":"pt-PT"},{"@type":"Organization","@id":"https:\/\/jornaldasoficinas.com\/pt\/#organization","name":"Jornal das Oficinas","url":"https:\/\/jornaldasoficinas.com\/pt\/","logo":{"@type":"ImageObject","inLanguage":"pt-PT","@id":"https:\/\/jornaldasoficinas.com\/pt\/#\/schema\/logo\/image\/","url":"https:\/\/jornaldasoficinas.com\/pt\/wp-content\/uploads\/logoJO-SEO.png","contentUrl":"https:\/\/jornaldasoficinas.com\/pt\/wp-content\/uploads\/logoJO-SEO.png","width":285,"height":450,"caption":"Jornal das Oficinas"},"image":{"@id":"https:\/\/jornaldasoficinas.com\/pt\/#\/schema\/logo\/image\/"},"sameAs":["https:\/\/www.facebook.com\/jornaloficinas","https:\/\/x.com\/jornaloficinas","https:\/\/www.instagram.com\/jornal_oficinas\/","https:\/\/www.linkedin.com\/company\/jornal-das-oficinas\/","https:\/\/www.youtube.com\/channel\/UCbQZBqtcvV-oSQrr7RzINGg"]},{"@type":"Person","@id":"https:\/\/jornaldasoficinas.com\/pt\/#\/schema\/person\/a38eef5de2c41d9e7c9ac10141afddf3","name":"Reda\u00e7\u00e3o JO","image":{"@type":"ImageObject","inLanguage":"pt-PT","@id":"https:\/\/secure.gravatar.com\/avatar\/71f2fa71737ad68a84fea94bc708ddac8ea5b0c4788dc2ad202f3ccb2887742f?s=96&d=wp_user_avatar&r=g","url":"https:\/\/secure.gravatar.com\/avatar\/71f2fa71737ad68a84fea94bc708ddac8ea5b0c4788dc2ad202f3ccb2887742f?s=96&d=wp_user_avatar&r=g","contentUrl":"https:\/\/secure.gravatar.com\/avatar\/71f2fa71737ad68a84fea94bc708ddac8ea5b0c4788dc2ad202f3ccb2887742f?s=96&d=wp_user_avatar&r=g","caption":"Reda\u00e7\u00e3o JO"},"url":"https:\/\/jornaldasoficinas.com\/pt\/author\/joredacao\/"}]}},"_links":{"self":[{"href":"https:\/\/jornaldasoficinas.com\/pt\/wp-json\/wp\/v2\/posts\/18152","targetHints":{"allow":["GET"]}}],"collection":[{"href":"https:\/\/jornaldasoficinas.com\/pt\/wp-json\/wp\/v2\/posts"}],"about":[{"href":"https:\/\/jornaldasoficinas.com\/pt\/wp-json\/wp\/v2\/types\/post"}],"author":[{"embeddable":true,"href":"https:\/\/jornaldasoficinas.com\/pt\/wp-json\/wp\/v2\/users\/15"}],"replies":[{"embeddable":true,"href":"https:\/\/jornaldasoficinas.com\/pt\/wp-json\/wp\/v2\/comments?post=18152"}],"version-history":[{"count":0,"href":"https:\/\/jornaldasoficinas.com\/pt\/wp-json\/wp\/v2\/posts\/18152\/revisions"}],"wp:featuredmedia":[{"embeddable":true,"href":"https:\/\/jornaldasoficinas.com\/pt\/wp-json\/wp\/v2\/media\/18138"}],"wp:attachment":[{"href":"https:\/\/jornaldasoficinas.com\/pt\/wp-json\/wp\/v2\/media?parent=18152"}],"wp:term":[{"taxonomy":"category","embeddable":true,"href":"https:\/\/jornaldasoficinas.com\/pt\/wp-json\/wp\/v2\/categories?post=18152"},{"taxonomy":"post_tag","embeddable":true,"href":"https:\/\/jornaldasoficinas.com\/pt\/wp-json\/wp\/v2\/tags?post=18152"}],"curies":[{"name":"wp","href":"https:\/\/api.w.org\/{rel}","templated":true}]}}