{"id":18167,"date":"2021-01-15T08:30:55","date_gmt":"2021-01-15T08:30:55","guid":{"rendered":"https:\/\/jornaldasoficinas.com\/pt\/?p=18167"},"modified":"2021-01-15T08:51:54","modified_gmt":"2021-01-15T08:51:54","slug":"oficinas-abertas-no-estado-de-emergencia","status":"publish","type":"post","link":"https:\/\/jornaldasoficinas.com\/pt\/oficinas-abertas-no-estado-de-emergencia\/","title":{"rendered":"Oficinas abertas no estado de emerg\u00eancia"},"content":{"rendered":"<p><strong><img loading=\"lazy\" decoding=\"async\" class=\"alignnone wp-image-18168 size-full\" src=\"https:\/\/jornaldasoficinas.com\/pt\/wp-content\/uploads\/2021\/01\/Oficinas-abertas-no-estado-de-emerge\u0302ncia.jpg\" alt=\"01 - Oficinas-abertas-no-estado-de-emerge\u0302ncia\" width=\"1024\" height=\"581\" srcset=\"https:\/\/jornaldasoficinas.com\/pt\/wp-content\/uploads\/2021\/01\/Oficinas-abertas-no-estado-de-emerge\u0302ncia.jpg 1024w, https:\/\/jornaldasoficinas.com\/pt\/wp-content\/uploads\/2021\/01\/Oficinas-abertas-no-estado-de-emerge\u0302ncia-300x170.jpg 300w, https:\/\/jornaldasoficinas.com\/pt\/wp-content\/uploads\/2021\/01\/Oficinas-abertas-no-estado-de-emerge\u0302ncia-150x85.jpg 150w, https:\/\/jornaldasoficinas.com\/pt\/wp-content\/uploads\/2021\/01\/Oficinas-abertas-no-estado-de-emerge\u0302ncia-768x436.jpg 768w\" sizes=\"auto, (max-width: 1024px) 100vw, 1024px\" \/><\/strong><\/p>\n<p><strong>Entrou em vigor \u00e0s 00:00 h do dia 15 de Janeiro de 2021, o Decreto n.\u00ba 3-A\/2021 de 14 de Janeiro, que regulamenta o estado de emerg\u00eancia. No sector autom\u00f3vel, poder\u00e3o estar abertos os espa\u00e7os de vendas e de repara\u00e7\u00e3o, assim como de pe\u00e7as e acess\u00f3rios, constando as atividades autorizadas, no Anexo II do diploma:<\/strong><\/p>\n<p>\u201c(\u2026)\u2028\u202826\u2014 Estabelecimentos de com\u00e9rcio, manuten\u00e7\u00e3o e repara\u00e7\u00e3o de veloc\u00edpedes, ve\u00edculos autom\u00f3veis e motociclos, tratores e m\u00e1quinas agr\u00edcolas e industriais, navios e embarca\u00e7\u00f5es, bem como venda de pe\u00e7as e acess\u00f3rios e servi\u00e7os de reboque;\u2028\u2028(\u2026)\u201d<\/p>\n<ul>\n<li>S\u00e3o suspensas as atividades de com\u00e9rcio a retalho e de presta\u00e7\u00e3o de servi\u00e7os em estabelecimentos abertos ao p\u00fablico, ou de modo itinerante, com exce\u00e7\u00e3o daquelas que disponibilizem bens de primeira necessidade ou outros bens considerados essenciais ou que prestem servi\u00e7os de primeira necessidade ou outros servi\u00e7os considerados essenciais na presente conjuntura \u2013 Anexo II do diploma, sem preju\u00edzo do disposto no artigo 19.\u00ba, isto \u00e9, poder\u00e3o ser autorizadas, limitadas ou suspensas determinadas actividades em casos especiais sempre que tal se julgue essencial com o evoluir da conjuntura;<\/li>\n<\/ul>\n<p>A suspens\u00e3o n\u00e3o se aplica aos estabelecimentos de com\u00e9rcio por grosso (al\u00ednea a) do n\u00ba 2 do Art.15\u00ba);\u2028\u00a0\u2028- Teletrabalho e organiza\u00e7\u00e3o desfasada de hor\u00e1rios (Art.5\u00ba)- Incumprimento desta Regra \u2013 contraordena\u00e7\u00e3o muito Grave (consultar ponto 2)<\/p>\n<ul>\n<li>\u00c9 obrigat\u00f3ria a ado\u00e7\u00e3o do regime de teletrabalho, independentemente do v\u00ednculo laboral, da modalidade ou da natureza da rela\u00e7\u00e3o jur\u00eddica, sempre este seja compat\u00edvel com a atividade desempenhada e o trabalhador disponha de condi\u00e7\u00f5es para a exercer, sem necessidade de acordo das partes;<\/li>\n<li>Sempre que n\u00e3o seja poss\u00edvel a ado\u00e7\u00e3o do regime de teletrabalho, independentemente do n\u00famero de trabalhadores, o empregador deve organizar de forma desfasada as horas de entrada e sa\u00edda dos locais de trabalho, bem como adotar as medidas t\u00e9cnicas e organizacionais que garantam o distanciamento f\u00edsico e a prote\u00e7\u00e3o dos trabalhadores, aplicando-se, com as necess\u00e1rias adapta\u00e7\u00f5es, o disposto nos artigos 3.\u00ba e 4.\u00ba do Decreto- Lei n.\u00ba 79-A\/2020, de 1 Outubro, na sua reda\u00e7\u00e3o atual (n\u00ba 8 do Art.5\u00ba).<\/li>\n<\/ul>\n<p><strong>\u00a0<\/strong><strong>\u2028<\/strong><strong>&#8211; Disposi\u00e7\u00f5es gerais aplic\u00e1veis a estabelecimentos ou locais abertos ao p\u00fablico (Art. 20\u00ba)<\/strong><\/p>\n<ul>\n<li>Regra de ocupa\u00e7\u00e3o m\u00e1xima indicativa de 0,05 pessoas por metro quadrado de \u00e1rea, com exce\u00e7\u00e3o dos estabelecimentos de presta\u00e7\u00e3o de servi\u00e7os;<\/li>\n<li>A defini\u00e7\u00e3o, sempre que poss\u00edvel, de circuitos espec\u00edficos de entrada e sa\u00edda nos estabelecimentos e instala\u00e7\u00f5es, utilizando portas separadas;<\/li>\n<li>A proibi\u00e7\u00e3o de situa\u00e7\u00f5es de espera para atendimento no interior dos estabelecimentos de presta\u00e7\u00e3o de servi\u00e7os, devendo os operadores econ\u00f3micos recorrer, preferencialmente, a mecanismos de marca\u00e7\u00e3o pr\u00e9via;<\/li>\n<li>Os estabelecimentos de com\u00e9rcio a retalho ou de presta\u00e7\u00e3o de servi\u00e7os devem informar os clientes, de forma clara e vis\u00edvel, relativamente \u00e0s regras de ocupa\u00e7\u00e3o m\u00e1xima, funcionamento, acesso, prioridade, atendimento, higiene, seguran\u00e7a e outras regras, relevantes aplic\u00e1veis a cada estabelecimento;<\/li>\n<li>Assegurar a disponibiliza\u00e7\u00e3o de solu\u00e7\u00f5es desinfetantes cut\u00e2neas, para os trabalhadores e clientes, junto de todas as entradas e sa\u00eddas dos estabelecimentos, assim como no seu interior, em localiza\u00e7\u00f5es adequadas para desinfe\u00e7\u00e3o de acordo com a organiza\u00e7\u00e3o de cada espa\u00e7o;<\/li>\n<li>Necess\u00e1rio o cumprimento das regras de utiliza\u00e7\u00e3o de m\u00e1scara, higieniza\u00e7\u00e3o dos espa\u00e7os, equipamento, pelos clientes e colaboradores, respetivamente (recordamos a este prop\u00f3sito o Protocolo Sanit\u00e1rio do Sector Autom\u00f3vel).<\/li>\n<\/ul>\n<p><strong>ALTERA\u00c7\u00c3O DO REGIME CONTRAORDENACIONAL<\/strong><\/p>\n<p>Altera\u00e7\u00e3o do regime contraordenacional no \u00e2mbito da situa\u00e7\u00e3o de calamidade, conting\u00eancia e alerta e agrava a contraordena\u00e7\u00e3o relativa ao teletrabalho obrigat\u00f3rio durante o estado de emerg\u00eancia Decreto-Lei n.\u00ba 6-A\/2021 de 14 de Janeiro &#8211; (entra em vigor a 15.01).<\/p>\n<ul>\n<li>\u00a0Durante o estado de emerg\u00eancia, os valores m\u00ednimos e m\u00e1ximos das coimas s\u00e3o elevados para o dobro (Aditado Art. 3\u00baA ao Decreto-Lei n.\u00ba 28 -B\/2020, de 26 de Junho, podendo as coimas ser de \u20ac 1000 a \u20ac 10 000, no caso de pessoas coletivas, n\u00ba 1 do Art.3\u00ba);<\/li>\n<li>Constitui contraordena\u00e7\u00e3o muito grave a viola\u00e7\u00e3o da obrigatoriedade de ado\u00e7\u00e3o do regime de teletrabalho, aplicando&#8211;se o disposto nos artigos 548.\u00ba a 566.\u00ba C\u00f3digo do Trabalho, aprovado pela Lei n.\u00ba 7\/2009, de 12 de fevereiro, na sua reda\u00e7\u00e3o atual (n\u00ba 2 do Art.4\u00ba).<\/li>\n<\/ul>\n<p>Pode consultar o Decreto n.\u00ba 3-A\/2021 de 14 de Janeiro <a href=\"http:\/\/jornaldasoficinas.com\/emergencia\/DEC_LEI_3_A_2021.pdf\" target=\"_blank\" rel=\"noopener\"><strong>aqui<\/strong><\/a><\/p>\n<p>&nbsp;<\/p>\n<p>&nbsp;<\/p>\n","protected":false},"excerpt":{"rendered":"<p>Entrou em vigor \u00e0s 00:00 h&#8230;<\/p>\n","protected":false},"author":15,"featured_media":18168,"comment_status":"closed","ping_status":"closed","sticky":false,"template":"","format":"standard","meta":{"footnotes":""},"categories":[37],"tags":[],"class_list":["post-18167","post","type-post","status-publish","format-standard","has-post-thumbnail","hentry","category-mercado"],"yoast_head":"<!-- This site is optimized with the Yoast SEO plugin v27.4 - https:\/\/yoast.com\/product\/yoast-seo-wordpress\/ -->\n<title>Oficinas abertas no estado de emerg\u00eancia - Jornal das Oficinas<\/title>\n<meta name=\"robots\" content=\"index, follow, max-snippet:-1, max-image-preview:large, max-video-preview:-1\" \/>\n<link rel=\"canonical\" href=\"https:\/\/jornaldasoficinas.com\/pt\/oficinas-abertas-no-estado-de-emergencia\/\" \/>\n<meta property=\"og:locale\" content=\"pt_PT\" \/>\n<meta property=\"og:type\" content=\"article\" \/>\n<meta property=\"og:title\" content=\"Oficinas abertas no estado de emerg\u00eancia - Jornal das Oficinas\" \/>\n<meta property=\"og:description\" content=\"Entrou em vigor \u00e0s 00:00 h...\" \/>\n<meta property=\"og:url\" content=\"https:\/\/jornaldasoficinas.com\/pt\/oficinas-abertas-no-estado-de-emergencia\/\" \/>\n<meta property=\"og:site_name\" content=\"Jornal das Oficinas\" \/>\n<meta property=\"article:publisher\" content=\"https:\/\/www.facebook.com\/jornaloficinas\" \/>\n<meta property=\"article:published_time\" content=\"2021-01-15T08:30:55+00:00\" \/>\n<meta property=\"article:modified_time\" content=\"2021-01-15T08:51:54+00:00\" \/>\n<meta property=\"og:image\" content=\"https:\/\/jornaldasoficinas.com\/pt\/wp-content\/uploads\/2021\/01\/Oficinas-abertas-no-estado-de-emerge\u0302ncia.jpg\" \/>\n\t<meta property=\"og:image:width\" content=\"1024\" \/>\n\t<meta property=\"og:image:height\" content=\"581\" \/>\n\t<meta property=\"og:image:type\" content=\"image\/jpeg\" \/>\n<meta name=\"author\" content=\"Reda\u00e7\u00e3o JO\" \/>\n<meta name=\"twitter:card\" content=\"summary_large_image\" \/>\n<meta name=\"twitter:creator\" content=\"@jornaloficinas\" \/>\n<meta name=\"twitter:site\" content=\"@jornaloficinas\" \/>\n<meta name=\"twitter:label1\" content=\"Escrito por\" \/>\n\t<meta name=\"twitter:data1\" content=\"Reda\u00e7\u00e3o JO\" \/>\n\t<meta name=\"twitter:label2\" content=\"Tempo estimado de leitura\" \/>\n\t<meta name=\"twitter:data2\" content=\"4 minutos\" \/>\n<script type=\"application\/ld+json\" class=\"yoast-schema-graph\">{\"@context\":\"https:\\\/\\\/schema.org\",\"@graph\":[{\"@type\":\"Article\",\"@id\":\"https:\\\/\\\/jornaldasoficinas.com\\\/pt\\\/oficinas-abertas-no-estado-de-emergencia\\\/#article\",\"isPartOf\":{\"@id\":\"https:\\\/\\\/jornaldasoficinas.com\\\/pt\\\/oficinas-abertas-no-estado-de-emergencia\\\/\"},\"author\":{\"name\":\"Reda\u00e7\u00e3o JO\",\"@id\":\"https:\\\/\\\/jornaldasoficinas.com\\\/pt\\\/#\\\/schema\\\/person\\\/a38eef5de2c41d9e7c9ac10141afddf3\"},\"headline\":\"Oficinas abertas no estado de emerg\u00eancia\",\"datePublished\":\"2021-01-15T08:30:55+00:00\",\"dateModified\":\"2021-01-15T08:51:54+00:00\",\"mainEntityOfPage\":{\"@id\":\"https:\\\/\\\/jornaldasoficinas.com\\\/pt\\\/oficinas-abertas-no-estado-de-emergencia\\\/\"},\"wordCount\":755,\"publisher\":{\"@id\":\"https:\\\/\\\/jornaldasoficinas.com\\\/pt\\\/#organization\"},\"image\":{\"@id\":\"https:\\\/\\\/jornaldasoficinas.com\\\/pt\\\/oficinas-abertas-no-estado-de-emergencia\\\/#primaryimage\"},\"thumbnailUrl\":\"https:\\\/\\\/jornaldasoficinas.com\\\/pt\\\/wp-content\\\/uploads\\\/2021\\\/01\\\/Oficinas-abertas-no-estado-de-emerge\u0302ncia.jpg\",\"articleSection\":[\"Mercado\"],\"inLanguage\":\"pt-PT\"},{\"@type\":\"WebPage\",\"@id\":\"https:\\\/\\\/jornaldasoficinas.com\\\/pt\\\/oficinas-abertas-no-estado-de-emergencia\\\/\",\"url\":\"https:\\\/\\\/jornaldasoficinas.com\\\/pt\\\/oficinas-abertas-no-estado-de-emergencia\\\/\",\"name\":\"Oficinas abertas no estado de emerg\u00eancia - Jornal das Oficinas\",\"isPartOf\":{\"@id\":\"https:\\\/\\\/jornaldasoficinas.com\\\/pt\\\/#website\"},\"primaryImageOfPage\":{\"@id\":\"https:\\\/\\\/jornaldasoficinas.com\\\/pt\\\/oficinas-abertas-no-estado-de-emergencia\\\/#primaryimage\"},\"image\":{\"@id\":\"https:\\\/\\\/jornaldasoficinas.com\\\/pt\\\/oficinas-abertas-no-estado-de-emergencia\\\/#primaryimage\"},\"thumbnailUrl\":\"https:\\\/\\\/jornaldasoficinas.com\\\/pt\\\/wp-content\\\/uploads\\\/2021\\\/01\\\/Oficinas-abertas-no-estado-de-emerge\u0302ncia.jpg\",\"datePublished\":\"2021-01-15T08:30:55+00:00\",\"dateModified\":\"2021-01-15T08:51:54+00:00\",\"breadcrumb\":{\"@id\":\"https:\\\/\\\/jornaldasoficinas.com\\\/pt\\\/oficinas-abertas-no-estado-de-emergencia\\\/#breadcrumb\"},\"inLanguage\":\"pt-PT\",\"potentialAction\":[{\"@type\":\"ReadAction\",\"target\":[\"https:\\\/\\\/jornaldasoficinas.com\\\/pt\\\/oficinas-abertas-no-estado-de-emergencia\\\/\"]}]},{\"@type\":\"ImageObject\",\"inLanguage\":\"pt-PT\",\"@id\":\"https:\\\/\\\/jornaldasoficinas.com\\\/pt\\\/oficinas-abertas-no-estado-de-emergencia\\\/#primaryimage\",\"url\":\"https:\\\/\\\/jornaldasoficinas.com\\\/pt\\\/wp-content\\\/uploads\\\/2021\\\/01\\\/Oficinas-abertas-no-estado-de-emerge\u0302ncia.jpg\",\"contentUrl\":\"https:\\\/\\\/jornaldasoficinas.com\\\/pt\\\/wp-content\\\/uploads\\\/2021\\\/01\\\/Oficinas-abertas-no-estado-de-emerge\u0302ncia.jpg\",\"width\":1024,\"height\":581,\"caption\":\"01 - Oficinas-abertas-no-estado-de-emerge\u0302ncia\"},{\"@type\":\"BreadcrumbList\",\"@id\":\"https:\\\/\\\/jornaldasoficinas.com\\\/pt\\\/oficinas-abertas-no-estado-de-emergencia\\\/#breadcrumb\",\"itemListElement\":[{\"@type\":\"ListItem\",\"position\":1,\"name\":\"In\u00edcio\",\"item\":\"https:\\\/\\\/jornaldasoficinas.com\\\/pt\\\/\"},{\"@type\":\"ListItem\",\"position\":2,\"name\":\"Oficinas abertas no estado de emerg\u00eancia\"}]},{\"@type\":\"WebSite\",\"@id\":\"https:\\\/\\\/jornaldasoficinas.com\\\/pt\\\/#website\",\"url\":\"https:\\\/\\\/jornaldasoficinas.com\\\/pt\\\/\",\"name\":\"Jornal das Oficinas\",\"description\":\"Jornal independente do Aftermarket Autom\u00f3vel em Portugal\",\"publisher\":{\"@id\":\"https:\\\/\\\/jornaldasoficinas.com\\\/pt\\\/#organization\"},\"potentialAction\":[{\"@type\":\"SearchAction\",\"target\":{\"@type\":\"EntryPoint\",\"urlTemplate\":\"https:\\\/\\\/jornaldasoficinas.com\\\/pt\\\/?s={search_term_string}\"},\"query-input\":{\"@type\":\"PropertyValueSpecification\",\"valueRequired\":true,\"valueName\":\"search_term_string\"}}],\"inLanguage\":\"pt-PT\"},{\"@type\":\"Organization\",\"@id\":\"https:\\\/\\\/jornaldasoficinas.com\\\/pt\\\/#organization\",\"name\":\"Jornal das Oficinas\",\"url\":\"https:\\\/\\\/jornaldasoficinas.com\\\/pt\\\/\",\"logo\":{\"@type\":\"ImageObject\",\"inLanguage\":\"pt-PT\",\"@id\":\"https:\\\/\\\/jornaldasoficinas.com\\\/pt\\\/#\\\/schema\\\/logo\\\/image\\\/\",\"url\":\"https:\\\/\\\/jornaldasoficinas.com\\\/pt\\\/wp-content\\\/uploads\\\/logoJO-SEO.png\",\"contentUrl\":\"https:\\\/\\\/jornaldasoficinas.com\\\/pt\\\/wp-content\\\/uploads\\\/logoJO-SEO.png\",\"width\":285,\"height\":450,\"caption\":\"Jornal das Oficinas\"},\"image\":{\"@id\":\"https:\\\/\\\/jornaldasoficinas.com\\\/pt\\\/#\\\/schema\\\/logo\\\/image\\\/\"},\"sameAs\":[\"https:\\\/\\\/www.facebook.com\\\/jornaloficinas\",\"https:\\\/\\\/x.com\\\/jornaloficinas\",\"https:\\\/\\\/www.instagram.com\\\/jornal_oficinas\\\/\",\"https:\\\/\\\/www.linkedin.com\\\/company\\\/jornal-das-oficinas\\\/\",\"https:\\\/\\\/www.youtube.com\\\/channel\\\/UCbQZBqtcvV-oSQrr7RzINGg\"]},{\"@type\":\"Person\",\"@id\":\"https:\\\/\\\/jornaldasoficinas.com\\\/pt\\\/#\\\/schema\\\/person\\\/a38eef5de2c41d9e7c9ac10141afddf3\",\"name\":\"Reda\u00e7\u00e3o JO\",\"image\":{\"@type\":\"ImageObject\",\"inLanguage\":\"pt-PT\",\"@id\":\"https:\\\/\\\/secure.gravatar.com\\\/avatar\\\/71f2fa71737ad68a84fea94bc708ddac8ea5b0c4788dc2ad202f3ccb2887742f?s=96&d=wp_user_avatar&r=g\",\"url\":\"https:\\\/\\\/secure.gravatar.com\\\/avatar\\\/71f2fa71737ad68a84fea94bc708ddac8ea5b0c4788dc2ad202f3ccb2887742f?s=96&d=wp_user_avatar&r=g\",\"contentUrl\":\"https:\\\/\\\/secure.gravatar.com\\\/avatar\\\/71f2fa71737ad68a84fea94bc708ddac8ea5b0c4788dc2ad202f3ccb2887742f?s=96&d=wp_user_avatar&r=g\",\"caption\":\"Reda\u00e7\u00e3o JO\"},\"url\":\"https:\\\/\\\/jornaldasoficinas.com\\\/pt\\\/author\\\/joredacao\\\/\"}]}<\/script>\n<!-- \/ Yoast SEO plugin. -->","yoast_head_json":{"title":"Oficinas abertas no estado de emerg\u00eancia - Jornal das Oficinas","robots":{"index":"index","follow":"follow","max-snippet":"max-snippet:-1","max-image-preview":"max-image-preview:large","max-video-preview":"max-video-preview:-1"},"canonical":"https:\/\/jornaldasoficinas.com\/pt\/oficinas-abertas-no-estado-de-emergencia\/","og_locale":"pt_PT","og_type":"article","og_title":"Oficinas abertas no estado de emerg\u00eancia - Jornal das Oficinas","og_description":"Entrou em vigor \u00e0s 00:00 h...","og_url":"https:\/\/jornaldasoficinas.com\/pt\/oficinas-abertas-no-estado-de-emergencia\/","og_site_name":"Jornal das Oficinas","article_publisher":"https:\/\/www.facebook.com\/jornaloficinas","article_published_time":"2021-01-15T08:30:55+00:00","article_modified_time":"2021-01-15T08:51:54+00:00","og_image":[{"width":1024,"height":581,"url":"https:\/\/jornaldasoficinas.com\/pt\/wp-content\/uploads\/2021\/01\/Oficinas-abertas-no-estado-de-emerge\u0302ncia.jpg","type":"image\/jpeg"}],"author":"Reda\u00e7\u00e3o JO","twitter_card":"summary_large_image","twitter_creator":"@jornaloficinas","twitter_site":"@jornaloficinas","twitter_misc":{"Escrito por":"Reda\u00e7\u00e3o JO","Tempo estimado de leitura":"4 minutos"},"schema":{"@context":"https:\/\/schema.org","@graph":[{"@type":"Article","@id":"https:\/\/jornaldasoficinas.com\/pt\/oficinas-abertas-no-estado-de-emergencia\/#article","isPartOf":{"@id":"https:\/\/jornaldasoficinas.com\/pt\/oficinas-abertas-no-estado-de-emergencia\/"},"author":{"name":"Reda\u00e7\u00e3o JO","@id":"https:\/\/jornaldasoficinas.com\/pt\/#\/schema\/person\/a38eef5de2c41d9e7c9ac10141afddf3"},"headline":"Oficinas abertas no estado de emerg\u00eancia","datePublished":"2021-01-15T08:30:55+00:00","dateModified":"2021-01-15T08:51:54+00:00","mainEntityOfPage":{"@id":"https:\/\/jornaldasoficinas.com\/pt\/oficinas-abertas-no-estado-de-emergencia\/"},"wordCount":755,"publisher":{"@id":"https:\/\/jornaldasoficinas.com\/pt\/#organization"},"image":{"@id":"https:\/\/jornaldasoficinas.com\/pt\/oficinas-abertas-no-estado-de-emergencia\/#primaryimage"},"thumbnailUrl":"https:\/\/jornaldasoficinas.com\/pt\/wp-content\/uploads\/2021\/01\/Oficinas-abertas-no-estado-de-emerge\u0302ncia.jpg","articleSection":["Mercado"],"inLanguage":"pt-PT"},{"@type":"WebPage","@id":"https:\/\/jornaldasoficinas.com\/pt\/oficinas-abertas-no-estado-de-emergencia\/","url":"https:\/\/jornaldasoficinas.com\/pt\/oficinas-abertas-no-estado-de-emergencia\/","name":"Oficinas abertas no estado de emerg\u00eancia - Jornal das Oficinas","isPartOf":{"@id":"https:\/\/jornaldasoficinas.com\/pt\/#website"},"primaryImageOfPage":{"@id":"https:\/\/jornaldasoficinas.com\/pt\/oficinas-abertas-no-estado-de-emergencia\/#primaryimage"},"image":{"@id":"https:\/\/jornaldasoficinas.com\/pt\/oficinas-abertas-no-estado-de-emergencia\/#primaryimage"},"thumbnailUrl":"https:\/\/jornaldasoficinas.com\/pt\/wp-content\/uploads\/2021\/01\/Oficinas-abertas-no-estado-de-emerge\u0302ncia.jpg","datePublished":"2021-01-15T08:30:55+00:00","dateModified":"2021-01-15T08:51:54+00:00","breadcrumb":{"@id":"https:\/\/jornaldasoficinas.com\/pt\/oficinas-abertas-no-estado-de-emergencia\/#breadcrumb"},"inLanguage":"pt-PT","potentialAction":[{"@type":"ReadAction","target":["https:\/\/jornaldasoficinas.com\/pt\/oficinas-abertas-no-estado-de-emergencia\/"]}]},{"@type":"ImageObject","inLanguage":"pt-PT","@id":"https:\/\/jornaldasoficinas.com\/pt\/oficinas-abertas-no-estado-de-emergencia\/#primaryimage","url":"https:\/\/jornaldasoficinas.com\/pt\/wp-content\/uploads\/2021\/01\/Oficinas-abertas-no-estado-de-emerge\u0302ncia.jpg","contentUrl":"https:\/\/jornaldasoficinas.com\/pt\/wp-content\/uploads\/2021\/01\/Oficinas-abertas-no-estado-de-emerge\u0302ncia.jpg","width":1024,"height":581,"caption":"01 - Oficinas-abertas-no-estado-de-emerge\u0302ncia"},{"@type":"BreadcrumbList","@id":"https:\/\/jornaldasoficinas.com\/pt\/oficinas-abertas-no-estado-de-emergencia\/#breadcrumb","itemListElement":[{"@type":"ListItem","position":1,"name":"In\u00edcio","item":"https:\/\/jornaldasoficinas.com\/pt\/"},{"@type":"ListItem","position":2,"name":"Oficinas abertas no estado de emerg\u00eancia"}]},{"@type":"WebSite","@id":"https:\/\/jornaldasoficinas.com\/pt\/#website","url":"https:\/\/jornaldasoficinas.com\/pt\/","name":"Jornal das Oficinas","description":"Jornal independente do Aftermarket Autom\u00f3vel em Portugal","publisher":{"@id":"https:\/\/jornaldasoficinas.com\/pt\/#organization"},"potentialAction":[{"@type":"SearchAction","target":{"@type":"EntryPoint","urlTemplate":"https:\/\/jornaldasoficinas.com\/pt\/?s={search_term_string}"},"query-input":{"@type":"PropertyValueSpecification","valueRequired":true,"valueName":"search_term_string"}}],"inLanguage":"pt-PT"},{"@type":"Organization","@id":"https:\/\/jornaldasoficinas.com\/pt\/#organization","name":"Jornal das Oficinas","url":"https:\/\/jornaldasoficinas.com\/pt\/","logo":{"@type":"ImageObject","inLanguage":"pt-PT","@id":"https:\/\/jornaldasoficinas.com\/pt\/#\/schema\/logo\/image\/","url":"https:\/\/jornaldasoficinas.com\/pt\/wp-content\/uploads\/logoJO-SEO.png","contentUrl":"https:\/\/jornaldasoficinas.com\/pt\/wp-content\/uploads\/logoJO-SEO.png","width":285,"height":450,"caption":"Jornal das Oficinas"},"image":{"@id":"https:\/\/jornaldasoficinas.com\/pt\/#\/schema\/logo\/image\/"},"sameAs":["https:\/\/www.facebook.com\/jornaloficinas","https:\/\/x.com\/jornaloficinas","https:\/\/www.instagram.com\/jornal_oficinas\/","https:\/\/www.linkedin.com\/company\/jornal-das-oficinas\/","https:\/\/www.youtube.com\/channel\/UCbQZBqtcvV-oSQrr7RzINGg"]},{"@type":"Person","@id":"https:\/\/jornaldasoficinas.com\/pt\/#\/schema\/person\/a38eef5de2c41d9e7c9ac10141afddf3","name":"Reda\u00e7\u00e3o JO","image":{"@type":"ImageObject","inLanguage":"pt-PT","@id":"https:\/\/secure.gravatar.com\/avatar\/71f2fa71737ad68a84fea94bc708ddac8ea5b0c4788dc2ad202f3ccb2887742f?s=96&d=wp_user_avatar&r=g","url":"https:\/\/secure.gravatar.com\/avatar\/71f2fa71737ad68a84fea94bc708ddac8ea5b0c4788dc2ad202f3ccb2887742f?s=96&d=wp_user_avatar&r=g","contentUrl":"https:\/\/secure.gravatar.com\/avatar\/71f2fa71737ad68a84fea94bc708ddac8ea5b0c4788dc2ad202f3ccb2887742f?s=96&d=wp_user_avatar&r=g","caption":"Reda\u00e7\u00e3o JO"},"url":"https:\/\/jornaldasoficinas.com\/pt\/author\/joredacao\/"}]}},"_links":{"self":[{"href":"https:\/\/jornaldasoficinas.com\/pt\/wp-json\/wp\/v2\/posts\/18167","targetHints":{"allow":["GET"]}}],"collection":[{"href":"https:\/\/jornaldasoficinas.com\/pt\/wp-json\/wp\/v2\/posts"}],"about":[{"href":"https:\/\/jornaldasoficinas.com\/pt\/wp-json\/wp\/v2\/types\/post"}],"author":[{"embeddable":true,"href":"https:\/\/jornaldasoficinas.com\/pt\/wp-json\/wp\/v2\/users\/15"}],"replies":[{"embeddable":true,"href":"https:\/\/jornaldasoficinas.com\/pt\/wp-json\/wp\/v2\/comments?post=18167"}],"version-history":[{"count":0,"href":"https:\/\/jornaldasoficinas.com\/pt\/wp-json\/wp\/v2\/posts\/18167\/revisions"}],"wp:featuredmedia":[{"embeddable":true,"href":"https:\/\/jornaldasoficinas.com\/pt\/wp-json\/wp\/v2\/media\/18168"}],"wp:attachment":[{"href":"https:\/\/jornaldasoficinas.com\/pt\/wp-json\/wp\/v2\/media?parent=18167"}],"wp:term":[{"taxonomy":"category","embeddable":true,"href":"https:\/\/jornaldasoficinas.com\/pt\/wp-json\/wp\/v2\/categories?post=18167"},{"taxonomy":"post_tag","embeddable":true,"href":"https:\/\/jornaldasoficinas.com\/pt\/wp-json\/wp\/v2\/tags?post=18167"}],"curies":[{"name":"wp","href":"https:\/\/api.w.org\/{rel}","templated":true}]}}