{"id":18197,"date":"2021-01-18T10:00:36","date_gmt":"2021-01-18T10:00:36","guid":{"rendered":"https:\/\/jornaldasoficinas.com\/pt\/?p=18197"},"modified":"2021-01-16T14:43:21","modified_gmt":"2021-01-16T14:43:21","slug":"contiservice-automafra-muda-de-localizacao-e-aumenta-servicos","status":"publish","type":"post","link":"https:\/\/jornaldasoficinas.com\/pt\/contiservice-automafra-muda-de-localizacao-e-aumenta-servicos\/","title":{"rendered":"ContiService AutoMafra muda de localiza\u00e7\u00e3o e aumenta servi\u00e7os"},"content":{"rendered":"<p><strong><img loading=\"lazy\" decoding=\"async\" class=\"alignnone wp-image-18190 size-full\" src=\"https:\/\/jornaldasoficinas.com\/pt\/wp-content\/uploads\/2021\/01\/ContiService-AutoMafra-muda-de-localizac\u0327a\u0303o-e-aumenta-servic\u0327os.jpg\" alt=\"01 - ContiService-AutoMafra-muda-de-localizac\u0327a\u0303o-e-aumenta-servic\u0327os\" width=\"1024\" height=\"581\" srcset=\"https:\/\/jornaldasoficinas.com\/pt\/wp-content\/uploads\/2021\/01\/ContiService-AutoMafra-muda-de-localizac\u0327a\u0303o-e-aumenta-servic\u0327os.jpg 1024w, https:\/\/jornaldasoficinas.com\/pt\/wp-content\/uploads\/2021\/01\/ContiService-AutoMafra-muda-de-localizac\u0327a\u0303o-e-aumenta-servic\u0327os-300x170.jpg 300w, https:\/\/jornaldasoficinas.com\/pt\/wp-content\/uploads\/2021\/01\/ContiService-AutoMafra-muda-de-localizac\u0327a\u0303o-e-aumenta-servic\u0327os-150x85.jpg 150w, https:\/\/jornaldasoficinas.com\/pt\/wp-content\/uploads\/2021\/01\/ContiService-AutoMafra-muda-de-localizac\u0327a\u0303o-e-aumenta-servic\u0327os-768x436.jpg 768w\" sizes=\"auto, (max-width: 1024px) 100vw, 1024px\" \/><\/strong><\/p>\n<p><strong>O Contiservice AutoMafra tem novas instala\u00e7\u00f5es. Localizado na principal art\u00e9ria de Mafra, na Av. 25 de Abril, pr\u00f3ximo do famoso Convento de Mafra, o ContiService AutoMafra est\u00e1 agora inserido num espa\u00e7o de 4000 metros2, onde foi poss\u00edvel agregar os servi\u00e7os de reparador autorizado Opel e Posto de Abastecimento Galp.<\/strong><\/p>\n<p>\u201cEsta \u00e9 uma realidade completamente diferente da que t\u00ednhamos anteriormente. T\u00ednhamos menos espa\u00e7o, menos visibilidade e menos variedade de servi\u00e7os prestados. A nova localiza\u00e7\u00e3o permite juntar todas as val\u00eancias da AutoMafra num \u00fanico espa\u00e7o &#8211; desde o servi\u00e7o de pneum\u00e1ticos, \u00e0 venda de combust\u00edveis e loja de conveni\u00eancia, passando pela mec\u00e2nica Opel e multimarca, servi\u00e7os r\u00e1pidos, eletricidade e servi\u00e7o de chapa e pintura. As novas instala\u00e7\u00f5es permitem-nos oferecer um servi\u00e7o completo ao cliente\u201d, refere Jo\u00e3o Paulo R\u00f3is, propriet\u00e1rio e gerente da AutoMafra.<\/p>\n<p>Para al\u00e9m da ampla gama de servi\u00e7os dispon\u00edveis, o ContiService AutoMafra proporciona tamb\u00e9m maior comodidade aos clientes, dispondo de um hor\u00e1rio alargado de atendimento ao cliente e para entrega dos autom\u00f3veis \u2013 entre as 6h30 e \u00e0s 24h00. \u201cA aposta neste novo espa\u00e7o permitiu instala\u00e7\u00f5es mais modernas e confort\u00e1veis, indo de encontro \u00e0s cada vez maiores expetativas de atendimento e qualidade dos clientes\u201d, destaca o respons\u00e1vel.<\/p>\n<p>A qualidade est\u00e1 no ADN da AutoMafra desde o primeiro dia em que foi formada h\u00e1 40 anos. \u201cSomos operadores de um posto de abastecimento Galp, somos reparador autorizado Opel, fazemos mec\u00e2nica multimarca, prestamos servi\u00e7os \u00e0 frota da Leaseplan, temos uma parceria muito forte com Fidelidade na \u00e1rea da chapa e pintura. O sector dos pneum\u00e1ticos n\u00e3o podia ser exce\u00e7\u00e3o. Somos membros da Pneuport, e portanto a passagem para o ContiService foi um passo natural. Esta associa\u00e7\u00e3o permite-nos estar ligados \u00e0 Continental, uma marca de prest\u00edgio e com uma estrat\u00e9gia de mercado com a qual nos identificamos\u201d, explica Jo\u00e3o Paulo R\u00f3is.<\/p>\n<p>Com uma equipa de 23 pessoas, o ContiServive AutoMafra pretende consolidar-se como principal fornecedor dos atuais clientes e ser percecionado como uma alternativa de qualidade por todos os potenciais clientes.<\/p>\n<p>Um dos fundadores do ContiService AutoMafra, Ant\u00f3nio R\u00f3is, que vai completar 70 anos e est\u00e1 diariamente na empresa, \u00e9 apologista da m\u00e1xima &#8220;O futuro nos julgar\u00e1&#8221;. \u201cAssim, com humildade, sentimos que neste espa\u00e7o, estamos em melhores condi\u00e7\u00f5es de enfrentar o que o futuro nos preparar, sejam dias de tempestade ou de bonan\u00e7a\u201d, concluiu Jo\u00e3o Paulo R\u00f3is.<\/p>\n<p>Sandra Melo, respons\u00e1vel pela rede ContiService, destaca o trabalho e o percurso do ContiService AutoMafra como \u201cum excelente exemplo da qualidade e do dinamismo da rede\u201d.<\/p>\n<p>A ContiService conta com mais de 90 pontos de venda a n\u00edvel nacional. Com uma imagem consolidada como uma rede de parceiros especialista em pneus e manuten\u00e7\u00e3o autom\u00f3vel com os atributos e as caracter\u00edsticas inerentes \u00e0 marca Continental, \u00e9 muito orientada e focada para o ponto de venda. Pretende tamb\u00e9m apoiar os parceiros dotando-os de novas ferramentas de comunica\u00e7\u00e3o, de processo de digitaliza\u00e7\u00e3o, e de instrumentos que os apoiem no desenvolvimento do seu neg\u00f3cio.<\/p>\n","protected":false},"excerpt":{"rendered":"<p>O Contiservice AutoMafra tem novas instala\u00e7\u00f5es&#8230;.<\/p>\n","protected":false},"author":15,"featured_media":18190,"comment_status":"closed","ping_status":"closed","sticky":false,"template":"","format":"standard","meta":{"footnotes":""},"categories":[29],"tags":[716],"class_list":["post-18197","post","type-post","status-publish","format-standard","has-post-thumbnail","hentry","category-empresas","tag-contiservice"],"yoast_head":"<!-- This site is optimized with the Yoast SEO plugin v27.4 - https:\/\/yoast.com\/product\/yoast-seo-wordpress\/ -->\n<title>ContiService AutoMafra muda de localiza\u00e7\u00e3o e aumenta servi\u00e7os - Jornal das Oficinas<\/title>\n<meta name=\"robots\" content=\"index, follow, max-snippet:-1, max-image-preview:large, max-video-preview:-1\" \/>\n<link rel=\"canonical\" href=\"https:\/\/jornaldasoficinas.com\/pt\/contiservice-automafra-muda-de-localizacao-e-aumenta-servicos\/\" \/>\n<meta property=\"og:locale\" content=\"pt_PT\" \/>\n<meta property=\"og:type\" content=\"article\" \/>\n<meta property=\"og:title\" content=\"ContiService AutoMafra muda de localiza\u00e7\u00e3o e aumenta servi\u00e7os - Jornal das Oficinas\" \/>\n<meta property=\"og:description\" content=\"O Contiservice AutoMafra tem novas instala\u00e7\u00f5es....\" \/>\n<meta property=\"og:url\" content=\"https:\/\/jornaldasoficinas.com\/pt\/contiservice-automafra-muda-de-localizacao-e-aumenta-servicos\/\" \/>\n<meta property=\"og:site_name\" content=\"Jornal das Oficinas\" \/>\n<meta property=\"article:publisher\" content=\"https:\/\/www.facebook.com\/jornaloficinas\" \/>\n<meta property=\"article:published_time\" content=\"2021-01-18T10:00:36+00:00\" \/>\n<meta property=\"og:image\" content=\"https:\/\/jornaldasoficinas.com\/pt\/wp-content\/uploads\/2021\/01\/ContiService-AutoMafra-muda-de-localizac\u0327a\u0303o-e-aumenta-servic\u0327os.jpg\" \/>\n\t<meta property=\"og:image:width\" content=\"1024\" \/>\n\t<meta property=\"og:image:height\" content=\"581\" \/>\n\t<meta property=\"og:image:type\" content=\"image\/jpeg\" \/>\n<meta name=\"author\" content=\"Reda\u00e7\u00e3o JO\" \/>\n<meta name=\"twitter:card\" content=\"summary_large_image\" \/>\n<meta name=\"twitter:creator\" content=\"@jornaloficinas\" \/>\n<meta name=\"twitter:site\" content=\"@jornaloficinas\" \/>\n<meta name=\"twitter:label1\" content=\"Escrito por\" \/>\n\t<meta name=\"twitter:data1\" content=\"Reda\u00e7\u00e3o JO\" \/>\n\t<meta name=\"twitter:label2\" content=\"Tempo estimado de leitura\" \/>\n\t<meta name=\"twitter:data2\" content=\"3 minutos\" \/>\n<script type=\"application\/ld+json\" class=\"yoast-schema-graph\">{\"@context\":\"https:\\\/\\\/schema.org\",\"@graph\":[{\"@type\":\"Article\",\"@id\":\"https:\\\/\\\/jornaldasoficinas.com\\\/pt\\\/contiservice-automafra-muda-de-localizacao-e-aumenta-servicos\\\/#article\",\"isPartOf\":{\"@id\":\"https:\\\/\\\/jornaldasoficinas.com\\\/pt\\\/contiservice-automafra-muda-de-localizacao-e-aumenta-servicos\\\/\"},\"author\":{\"name\":\"Reda\u00e7\u00e3o JO\",\"@id\":\"https:\\\/\\\/jornaldasoficinas.com\\\/pt\\\/#\\\/schema\\\/person\\\/a38eef5de2c41d9e7c9ac10141afddf3\"},\"headline\":\"ContiService AutoMafra muda de localiza\u00e7\u00e3o e aumenta servi\u00e7os\",\"datePublished\":\"2021-01-18T10:00:36+00:00\",\"mainEntityOfPage\":{\"@id\":\"https:\\\/\\\/jornaldasoficinas.com\\\/pt\\\/contiservice-automafra-muda-de-localizacao-e-aumenta-servicos\\\/\"},\"wordCount\":543,\"publisher\":{\"@id\":\"https:\\\/\\\/jornaldasoficinas.com\\\/pt\\\/#organization\"},\"image\":{\"@id\":\"https:\\\/\\\/jornaldasoficinas.com\\\/pt\\\/contiservice-automafra-muda-de-localizacao-e-aumenta-servicos\\\/#primaryimage\"},\"thumbnailUrl\":\"https:\\\/\\\/jornaldasoficinas.com\\\/pt\\\/wp-content\\\/uploads\\\/2021\\\/01\\\/ContiService-AutoMafra-muda-de-localizac\u0327a\u0303o-e-aumenta-servic\u0327os.jpg\",\"keywords\":[\"Contiservice\"],\"articleSection\":[\"Empresas\"],\"inLanguage\":\"pt-PT\"},{\"@type\":\"WebPage\",\"@id\":\"https:\\\/\\\/jornaldasoficinas.com\\\/pt\\\/contiservice-automafra-muda-de-localizacao-e-aumenta-servicos\\\/\",\"url\":\"https:\\\/\\\/jornaldasoficinas.com\\\/pt\\\/contiservice-automafra-muda-de-localizacao-e-aumenta-servicos\\\/\",\"name\":\"ContiService AutoMafra muda de localiza\u00e7\u00e3o e aumenta servi\u00e7os - Jornal das Oficinas\",\"isPartOf\":{\"@id\":\"https:\\\/\\\/jornaldasoficinas.com\\\/pt\\\/#website\"},\"primaryImageOfPage\":{\"@id\":\"https:\\\/\\\/jornaldasoficinas.com\\\/pt\\\/contiservice-automafra-muda-de-localizacao-e-aumenta-servicos\\\/#primaryimage\"},\"image\":{\"@id\":\"https:\\\/\\\/jornaldasoficinas.com\\\/pt\\\/contiservice-automafra-muda-de-localizacao-e-aumenta-servicos\\\/#primaryimage\"},\"thumbnailUrl\":\"https:\\\/\\\/jornaldasoficinas.com\\\/pt\\\/wp-content\\\/uploads\\\/2021\\\/01\\\/ContiService-AutoMafra-muda-de-localizac\u0327a\u0303o-e-aumenta-servic\u0327os.jpg\",\"datePublished\":\"2021-01-18T10:00:36+00:00\",\"breadcrumb\":{\"@id\":\"https:\\\/\\\/jornaldasoficinas.com\\\/pt\\\/contiservice-automafra-muda-de-localizacao-e-aumenta-servicos\\\/#breadcrumb\"},\"inLanguage\":\"pt-PT\",\"potentialAction\":[{\"@type\":\"ReadAction\",\"target\":[\"https:\\\/\\\/jornaldasoficinas.com\\\/pt\\\/contiservice-automafra-muda-de-localizacao-e-aumenta-servicos\\\/\"]}]},{\"@type\":\"ImageObject\",\"inLanguage\":\"pt-PT\",\"@id\":\"https:\\\/\\\/jornaldasoficinas.com\\\/pt\\\/contiservice-automafra-muda-de-localizacao-e-aumenta-servicos\\\/#primaryimage\",\"url\":\"https:\\\/\\\/jornaldasoficinas.com\\\/pt\\\/wp-content\\\/uploads\\\/2021\\\/01\\\/ContiService-AutoMafra-muda-de-localizac\u0327a\u0303o-e-aumenta-servic\u0327os.jpg\",\"contentUrl\":\"https:\\\/\\\/jornaldasoficinas.com\\\/pt\\\/wp-content\\\/uploads\\\/2021\\\/01\\\/ContiService-AutoMafra-muda-de-localizac\u0327a\u0303o-e-aumenta-servic\u0327os.jpg\",\"width\":1024,\"height\":581,\"caption\":\"01 - ContiService-AutoMafra-muda-de-localizac\u0327a\u0303o-e-aumenta-servic\u0327os\"},{\"@type\":\"BreadcrumbList\",\"@id\":\"https:\\\/\\\/jornaldasoficinas.com\\\/pt\\\/contiservice-automafra-muda-de-localizacao-e-aumenta-servicos\\\/#breadcrumb\",\"itemListElement\":[{\"@type\":\"ListItem\",\"position\":1,\"name\":\"In\u00edcio\",\"item\":\"https:\\\/\\\/jornaldasoficinas.com\\\/pt\\\/\"},{\"@type\":\"ListItem\",\"position\":2,\"name\":\"ContiService AutoMafra muda de localiza\u00e7\u00e3o e aumenta servi\u00e7os\"}]},{\"@type\":\"WebSite\",\"@id\":\"https:\\\/\\\/jornaldasoficinas.com\\\/pt\\\/#website\",\"url\":\"https:\\\/\\\/jornaldasoficinas.com\\\/pt\\\/\",\"name\":\"Jornal das Oficinas\",\"description\":\"Jornal independente do Aftermarket Autom\u00f3vel em Portugal\",\"publisher\":{\"@id\":\"https:\\\/\\\/jornaldasoficinas.com\\\/pt\\\/#organization\"},\"potentialAction\":[{\"@type\":\"SearchAction\",\"target\":{\"@type\":\"EntryPoint\",\"urlTemplate\":\"https:\\\/\\\/jornaldasoficinas.com\\\/pt\\\/?s={search_term_string}\"},\"query-input\":{\"@type\":\"PropertyValueSpecification\",\"valueRequired\":true,\"valueName\":\"search_term_string\"}}],\"inLanguage\":\"pt-PT\"},{\"@type\":\"Organization\",\"@id\":\"https:\\\/\\\/jornaldasoficinas.com\\\/pt\\\/#organization\",\"name\":\"Jornal das Oficinas\",\"url\":\"https:\\\/\\\/jornaldasoficinas.com\\\/pt\\\/\",\"logo\":{\"@type\":\"ImageObject\",\"inLanguage\":\"pt-PT\",\"@id\":\"https:\\\/\\\/jornaldasoficinas.com\\\/pt\\\/#\\\/schema\\\/logo\\\/image\\\/\",\"url\":\"https:\\\/\\\/jornaldasoficinas.com\\\/pt\\\/wp-content\\\/uploads\\\/logoJO-SEO.png\",\"contentUrl\":\"https:\\\/\\\/jornaldasoficinas.com\\\/pt\\\/wp-content\\\/uploads\\\/logoJO-SEO.png\",\"width\":285,\"height\":450,\"caption\":\"Jornal das Oficinas\"},\"image\":{\"@id\":\"https:\\\/\\\/jornaldasoficinas.com\\\/pt\\\/#\\\/schema\\\/logo\\\/image\\\/\"},\"sameAs\":[\"https:\\\/\\\/www.facebook.com\\\/jornaloficinas\",\"https:\\\/\\\/x.com\\\/jornaloficinas\",\"https:\\\/\\\/www.instagram.com\\\/jornal_oficinas\\\/\",\"https:\\\/\\\/www.linkedin.com\\\/company\\\/jornal-das-oficinas\\\/\",\"https:\\\/\\\/www.youtube.com\\\/channel\\\/UCbQZBqtcvV-oSQrr7RzINGg\"]},{\"@type\":\"Person\",\"@id\":\"https:\\\/\\\/jornaldasoficinas.com\\\/pt\\\/#\\\/schema\\\/person\\\/a38eef5de2c41d9e7c9ac10141afddf3\",\"name\":\"Reda\u00e7\u00e3o JO\",\"image\":{\"@type\":\"ImageObject\",\"inLanguage\":\"pt-PT\",\"@id\":\"https:\\\/\\\/secure.gravatar.com\\\/avatar\\\/71f2fa71737ad68a84fea94bc708ddac8ea5b0c4788dc2ad202f3ccb2887742f?s=96&d=wp_user_avatar&r=g\",\"url\":\"https:\\\/\\\/secure.gravatar.com\\\/avatar\\\/71f2fa71737ad68a84fea94bc708ddac8ea5b0c4788dc2ad202f3ccb2887742f?s=96&d=wp_user_avatar&r=g\",\"contentUrl\":\"https:\\\/\\\/secure.gravatar.com\\\/avatar\\\/71f2fa71737ad68a84fea94bc708ddac8ea5b0c4788dc2ad202f3ccb2887742f?s=96&d=wp_user_avatar&r=g\",\"caption\":\"Reda\u00e7\u00e3o JO\"},\"url\":\"https:\\\/\\\/jornaldasoficinas.com\\\/pt\\\/author\\\/joredacao\\\/\"}]}<\/script>\n<!-- \/ Yoast SEO plugin. -->","yoast_head_json":{"title":"ContiService AutoMafra muda de localiza\u00e7\u00e3o e aumenta servi\u00e7os - Jornal das Oficinas","robots":{"index":"index","follow":"follow","max-snippet":"max-snippet:-1","max-image-preview":"max-image-preview:large","max-video-preview":"max-video-preview:-1"},"canonical":"https:\/\/jornaldasoficinas.com\/pt\/contiservice-automafra-muda-de-localizacao-e-aumenta-servicos\/","og_locale":"pt_PT","og_type":"article","og_title":"ContiService AutoMafra muda de localiza\u00e7\u00e3o e aumenta servi\u00e7os - Jornal das Oficinas","og_description":"O Contiservice AutoMafra tem novas instala\u00e7\u00f5es....","og_url":"https:\/\/jornaldasoficinas.com\/pt\/contiservice-automafra-muda-de-localizacao-e-aumenta-servicos\/","og_site_name":"Jornal das Oficinas","article_publisher":"https:\/\/www.facebook.com\/jornaloficinas","article_published_time":"2021-01-18T10:00:36+00:00","og_image":[{"width":1024,"height":581,"url":"https:\/\/jornaldasoficinas.com\/pt\/wp-content\/uploads\/2021\/01\/ContiService-AutoMafra-muda-de-localizac\u0327a\u0303o-e-aumenta-servic\u0327os.jpg","type":"image\/jpeg"}],"author":"Reda\u00e7\u00e3o JO","twitter_card":"summary_large_image","twitter_creator":"@jornaloficinas","twitter_site":"@jornaloficinas","twitter_misc":{"Escrito por":"Reda\u00e7\u00e3o JO","Tempo estimado de leitura":"3 minutos"},"schema":{"@context":"https:\/\/schema.org","@graph":[{"@type":"Article","@id":"https:\/\/jornaldasoficinas.com\/pt\/contiservice-automafra-muda-de-localizacao-e-aumenta-servicos\/#article","isPartOf":{"@id":"https:\/\/jornaldasoficinas.com\/pt\/contiservice-automafra-muda-de-localizacao-e-aumenta-servicos\/"},"author":{"name":"Reda\u00e7\u00e3o JO","@id":"https:\/\/jornaldasoficinas.com\/pt\/#\/schema\/person\/a38eef5de2c41d9e7c9ac10141afddf3"},"headline":"ContiService AutoMafra muda de localiza\u00e7\u00e3o e aumenta servi\u00e7os","datePublished":"2021-01-18T10:00:36+00:00","mainEntityOfPage":{"@id":"https:\/\/jornaldasoficinas.com\/pt\/contiservice-automafra-muda-de-localizacao-e-aumenta-servicos\/"},"wordCount":543,"publisher":{"@id":"https:\/\/jornaldasoficinas.com\/pt\/#organization"},"image":{"@id":"https:\/\/jornaldasoficinas.com\/pt\/contiservice-automafra-muda-de-localizacao-e-aumenta-servicos\/#primaryimage"},"thumbnailUrl":"https:\/\/jornaldasoficinas.com\/pt\/wp-content\/uploads\/2021\/01\/ContiService-AutoMafra-muda-de-localizac\u0327a\u0303o-e-aumenta-servic\u0327os.jpg","keywords":["Contiservice"],"articleSection":["Empresas"],"inLanguage":"pt-PT"},{"@type":"WebPage","@id":"https:\/\/jornaldasoficinas.com\/pt\/contiservice-automafra-muda-de-localizacao-e-aumenta-servicos\/","url":"https:\/\/jornaldasoficinas.com\/pt\/contiservice-automafra-muda-de-localizacao-e-aumenta-servicos\/","name":"ContiService AutoMafra muda de localiza\u00e7\u00e3o e aumenta servi\u00e7os - Jornal das Oficinas","isPartOf":{"@id":"https:\/\/jornaldasoficinas.com\/pt\/#website"},"primaryImageOfPage":{"@id":"https:\/\/jornaldasoficinas.com\/pt\/contiservice-automafra-muda-de-localizacao-e-aumenta-servicos\/#primaryimage"},"image":{"@id":"https:\/\/jornaldasoficinas.com\/pt\/contiservice-automafra-muda-de-localizacao-e-aumenta-servicos\/#primaryimage"},"thumbnailUrl":"https:\/\/jornaldasoficinas.com\/pt\/wp-content\/uploads\/2021\/01\/ContiService-AutoMafra-muda-de-localizac\u0327a\u0303o-e-aumenta-servic\u0327os.jpg","datePublished":"2021-01-18T10:00:36+00:00","breadcrumb":{"@id":"https:\/\/jornaldasoficinas.com\/pt\/contiservice-automafra-muda-de-localizacao-e-aumenta-servicos\/#breadcrumb"},"inLanguage":"pt-PT","potentialAction":[{"@type":"ReadAction","target":["https:\/\/jornaldasoficinas.com\/pt\/contiservice-automafra-muda-de-localizacao-e-aumenta-servicos\/"]}]},{"@type":"ImageObject","inLanguage":"pt-PT","@id":"https:\/\/jornaldasoficinas.com\/pt\/contiservice-automafra-muda-de-localizacao-e-aumenta-servicos\/#primaryimage","url":"https:\/\/jornaldasoficinas.com\/pt\/wp-content\/uploads\/2021\/01\/ContiService-AutoMafra-muda-de-localizac\u0327a\u0303o-e-aumenta-servic\u0327os.jpg","contentUrl":"https:\/\/jornaldasoficinas.com\/pt\/wp-content\/uploads\/2021\/01\/ContiService-AutoMafra-muda-de-localizac\u0327a\u0303o-e-aumenta-servic\u0327os.jpg","width":1024,"height":581,"caption":"01 - ContiService-AutoMafra-muda-de-localizac\u0327a\u0303o-e-aumenta-servic\u0327os"},{"@type":"BreadcrumbList","@id":"https:\/\/jornaldasoficinas.com\/pt\/contiservice-automafra-muda-de-localizacao-e-aumenta-servicos\/#breadcrumb","itemListElement":[{"@type":"ListItem","position":1,"name":"In\u00edcio","item":"https:\/\/jornaldasoficinas.com\/pt\/"},{"@type":"ListItem","position":2,"name":"ContiService AutoMafra muda de localiza\u00e7\u00e3o e aumenta servi\u00e7os"}]},{"@type":"WebSite","@id":"https:\/\/jornaldasoficinas.com\/pt\/#website","url":"https:\/\/jornaldasoficinas.com\/pt\/","name":"Jornal das Oficinas","description":"Jornal independente do Aftermarket Autom\u00f3vel em Portugal","publisher":{"@id":"https:\/\/jornaldasoficinas.com\/pt\/#organization"},"potentialAction":[{"@type":"SearchAction","target":{"@type":"EntryPoint","urlTemplate":"https:\/\/jornaldasoficinas.com\/pt\/?s={search_term_string}"},"query-input":{"@type":"PropertyValueSpecification","valueRequired":true,"valueName":"search_term_string"}}],"inLanguage":"pt-PT"},{"@type":"Organization","@id":"https:\/\/jornaldasoficinas.com\/pt\/#organization","name":"Jornal das Oficinas","url":"https:\/\/jornaldasoficinas.com\/pt\/","logo":{"@type":"ImageObject","inLanguage":"pt-PT","@id":"https:\/\/jornaldasoficinas.com\/pt\/#\/schema\/logo\/image\/","url":"https:\/\/jornaldasoficinas.com\/pt\/wp-content\/uploads\/logoJO-SEO.png","contentUrl":"https:\/\/jornaldasoficinas.com\/pt\/wp-content\/uploads\/logoJO-SEO.png","width":285,"height":450,"caption":"Jornal das Oficinas"},"image":{"@id":"https:\/\/jornaldasoficinas.com\/pt\/#\/schema\/logo\/image\/"},"sameAs":["https:\/\/www.facebook.com\/jornaloficinas","https:\/\/x.com\/jornaloficinas","https:\/\/www.instagram.com\/jornal_oficinas\/","https:\/\/www.linkedin.com\/company\/jornal-das-oficinas\/","https:\/\/www.youtube.com\/channel\/UCbQZBqtcvV-oSQrr7RzINGg"]},{"@type":"Person","@id":"https:\/\/jornaldasoficinas.com\/pt\/#\/schema\/person\/a38eef5de2c41d9e7c9ac10141afddf3","name":"Reda\u00e7\u00e3o JO","image":{"@type":"ImageObject","inLanguage":"pt-PT","@id":"https:\/\/secure.gravatar.com\/avatar\/71f2fa71737ad68a84fea94bc708ddac8ea5b0c4788dc2ad202f3ccb2887742f?s=96&d=wp_user_avatar&r=g","url":"https:\/\/secure.gravatar.com\/avatar\/71f2fa71737ad68a84fea94bc708ddac8ea5b0c4788dc2ad202f3ccb2887742f?s=96&d=wp_user_avatar&r=g","contentUrl":"https:\/\/secure.gravatar.com\/avatar\/71f2fa71737ad68a84fea94bc708ddac8ea5b0c4788dc2ad202f3ccb2887742f?s=96&d=wp_user_avatar&r=g","caption":"Reda\u00e7\u00e3o JO"},"url":"https:\/\/jornaldasoficinas.com\/pt\/author\/joredacao\/"}]}},"_links":{"self":[{"href":"https:\/\/jornaldasoficinas.com\/pt\/wp-json\/wp\/v2\/posts\/18197","targetHints":{"allow":["GET"]}}],"collection":[{"href":"https:\/\/jornaldasoficinas.com\/pt\/wp-json\/wp\/v2\/posts"}],"about":[{"href":"https:\/\/jornaldasoficinas.com\/pt\/wp-json\/wp\/v2\/types\/post"}],"author":[{"embeddable":true,"href":"https:\/\/jornaldasoficinas.com\/pt\/wp-json\/wp\/v2\/users\/15"}],"replies":[{"embeddable":true,"href":"https:\/\/jornaldasoficinas.com\/pt\/wp-json\/wp\/v2\/comments?post=18197"}],"version-history":[{"count":0,"href":"https:\/\/jornaldasoficinas.com\/pt\/wp-json\/wp\/v2\/posts\/18197\/revisions"}],"wp:featuredmedia":[{"embeddable":true,"href":"https:\/\/jornaldasoficinas.com\/pt\/wp-json\/wp\/v2\/media\/18190"}],"wp:attachment":[{"href":"https:\/\/jornaldasoficinas.com\/pt\/wp-json\/wp\/v2\/media?parent=18197"}],"wp:term":[{"taxonomy":"category","embeddable":true,"href":"https:\/\/jornaldasoficinas.com\/pt\/wp-json\/wp\/v2\/categories?post=18197"},{"taxonomy":"post_tag","embeddable":true,"href":"https:\/\/jornaldasoficinas.com\/pt\/wp-json\/wp\/v2\/tags?post=18197"}],"curies":[{"name":"wp","href":"https:\/\/api.w.org\/{rel}","templated":true}]}}