{"id":18202,"date":"2021-01-18T12:00:56","date_gmt":"2021-01-18T12:00:56","guid":{"rendered":"https:\/\/jornaldasoficinas.com\/pt\/?p=18202"},"modified":"2021-01-16T14:48:12","modified_gmt":"2021-01-16T14:48:12","slug":"mann-hummel-celebra-80-anos","status":"publish","type":"post","link":"https:\/\/jornaldasoficinas.com\/pt\/mann-hummel-celebra-80-anos\/","title":{"rendered":"MANN + HUMMEL celebra 80 anos"},"content":{"rendered":"<p><img loading=\"lazy\" decoding=\"async\" class=\"alignnone wp-image-18189 size-full\" src=\"https:\/\/jornaldasoficinas.com\/pt\/wp-content\/uploads\/2021\/01\/MANNHUMMEL-celebra.jpg\" alt=\"01 - MANNHUMMEL-celebra\" width=\"1024\" height=\"581\" srcset=\"https:\/\/jornaldasoficinas.com\/pt\/wp-content\/uploads\/2021\/01\/MANNHUMMEL-celebra.jpg 1024w, https:\/\/jornaldasoficinas.com\/pt\/wp-content\/uploads\/2021\/01\/MANNHUMMEL-celebra-300x170.jpg 300w, https:\/\/jornaldasoficinas.com\/pt\/wp-content\/uploads\/2021\/01\/MANNHUMMEL-celebra-150x85.jpg 150w, https:\/\/jornaldasoficinas.com\/pt\/wp-content\/uploads\/2021\/01\/MANNHUMMEL-celebra-768x436.jpg 768w\" sizes=\"auto, (max-width: 1024px) 100vw, 1024px\" \/><\/p>\n<p><strong>A empresa MANN + HUMMEL, que celebra este ano 80 anos, orgulha-se da sua longa hist\u00f3ria de sucesso e projeta grande confian\u00e7a no futuro.<\/strong><\/p>\n<p>MANN + HUMMEL sempre foi conhecida pelas suas solu\u00e7\u00f5es de sistemas de filtragem no setor automotive. A partir de 2018 e mais fortemente, a partir de 2020, a empresa tamb\u00e9m ser\u00e1 conhecida pelas suas solu\u00e7\u00f5es para preservar a qualidade do ar e sua lideran\u00e7a na nova era da filtragem, Sarago\u00e7a, 14 de janeiro de 2021.<\/p>\n<p>A hist\u00f3ria desta empresa familiar, o seu compromisso com a inova\u00e7\u00e3o, a sua evolu\u00e7\u00e3o e adaptabilidade constantes e a sua fiabilidade fazem dela uma l\u00edder mundial em filtros, com mais de 80 f\u00e1bricas espalhadas pelos 5 continentes e com mais de 22.000 funcion\u00e1rios em todo o mundo.<\/p>\n<p>As celebra\u00e7\u00f5es planeadas para o anivers\u00e1rio tiveram que ser reprogramadas devido \u00e0 atual pandemia. Em vez disso, ser\u00e3o organizadas atividades virtuais envolvendo funcion\u00e1rios de todo o mundo.<\/p>\n<p><strong>Os primeiros anos: um passo corajoso<br \/>\n<\/strong>Quando os fundadores da empresa, Adolf Mann e Dr. Erich Hummel, estabeleceram o &#8220;Filterwerk MANN + HUMMEL&#8221; em 1941, ambos j\u00e1 tinham carreiras de sucesso por tr\u00e1s deles. Adolf era professor de matem\u00e1tica, Erich advogado e, na d\u00e9cada de 1920, ambos haviam feito carreira na grande fabricante de tecidos de Stuttgart, Bleyle. Na d\u00e9cada de 1940, eles deram um passo corajoso que levou ao nascimento da MANN + HUMMEL, assumindo o controle da produ\u00e7\u00e3o de filtros de \u00f3leo e ar do fabricante de \u00eambolos Mahle, com sede em Stuttgart. Uma caracter\u00edstica das ambi\u00e7\u00f5es dos fundadores era a intensa atividade de pesquisa e teste que come\u00e7ou imediatamente ap\u00f3s a compra.<\/p>\n<p>80 anos depois: MANN + HUMMEL consolida a sua posi\u00e7\u00e3o como &#8220;l\u00edder em filtros&#8221;, Em 2019, quase oito d\u00e9cadas ap\u00f3s a sua funda\u00e7\u00e3o, anunciou a maior receita de vendas da hist\u00f3ria da empresa, com 4,2 bilh\u00f5es de euros, apesar das condi\u00e7\u00f5es cada vez mais dif\u00edceis, como a mudan\u00e7a de tend\u00eancia na mobilidade, consci\u00eancia ambiental e clim\u00e1tica, digitaliza\u00e7\u00e3o e mudan\u00e7as pol\u00edticas. &#8220;Nos meus \u00faltimos anos \u00e0 frente da empresa, familiarizei-me com todas as \u00e1reas da MANN + HUMMEL. O que mais me impressiona s\u00e3o as pessoas que, mesmo em circunst\u00e2ncias dif\u00edceis, trabalham todos os dias com grande empenho para alcan\u00e7ar objetivos comuns&#8221; diz Kurk Wilks, presidente e CEO da empresa. \u201cSe h\u00e1 algo que nos diferencia na fam\u00edlia MANN + HUMMEL \u00e9 justamente o empenho de todos os trabalhadores, mesmo nas condi\u00e7\u00f5es mais desfavor\u00e1veis, como as que vivemos hoje. Mas \u00e9 precisamente a capacidade de sobreviver em ambientes complexos que nos torna mais habilidosos e engenhosos no nosso dia-a-dia \u201d, afirma Jos\u00e9 Ram\u00f3n Mart\u00ednez, Diretor Executivo da MANN + HUMMEL Ib\u00e9rica.<\/p>\n<p>A MANN + HUMMEL adapta a sua experi\u00eancia de mais de 80 anos em filtros para lutar contra a propaga\u00e7\u00e3o do SARS-CoV-2. Historicamente, a MANN + HUMMEL \u00e9 conhecida pelas suas solu\u00e7\u00f5es de filtragem no setor automotive. Mas desde o in\u00edcio de 2018, a MANN + HUMMEL est\u00e1 envolvida no setor da filtragem de ar e \u00e1gua, por isso tem adquirido empresas l\u00edderes neste neg\u00f3cio, como Jack Filter, Tri-Dim Filter Corporation e MICRODYN- NADIR.<\/p>\n<p>Ap\u00f3s essas aquisi\u00e7\u00f5es, a MANN + HUMMEL possui um portf\u00f3lio de produtos de filtros HEPA (High Efficiency Particulate Air) de \u00faltima gera\u00e7\u00e3o, laborat\u00f3rios especializados em testes de filtragem, bem como especialistas com vasta experi\u00eancia em filtragem de salas cir\u00fargicas dentro do grupo. Al\u00e9m disso, est\u00e1 atualmente em pleno desenvolvimento e expans\u00e3o de novos purificadores de ar antivirais, com os quais j\u00e1 ajuda a conter a dissemina\u00e7\u00e3o do coronav\u00edrus em espa\u00e7os fechados. \u201cEsses dispositivos filtram o v\u00edrus SARS-CoV-2, v\u00edrus da gripe e resfriados, bem como al\u00e9rgenos livres do ar. Consideramos que a nossa compet\u00eancia em filtragem \u00e9 fundamental para contribuir para uma mobilidade mais limpa, bem como \u00e1gua e ar mais limpos\u201d, acrescenta.<\/p>\n<p>2020 ficar\u00e1 para a hist\u00f3ria por muitos motivos, pandemia, crise, confinamento, etc., todos esses conceitos ressoar\u00e3o em nossas cabe\u00e7as por algum tempo. Mas o conceito que veio para ficar \u00e9 a import\u00e2ncia da qualidade do ar tanto em espa\u00e7os fechados como abertos. MANN + HUMMEL Ib\u00e9rica, l\u00edder mundial no setor dos filtros, \u00e9 claro que em 2021 come\u00e7ar\u00e1 uma nova era de filtragem.<\/p>\n","protected":false},"excerpt":{"rendered":"<p>A empresa MANN + HUMMEL, que&#8230;<\/p>\n","protected":false},"author":15,"featured_media":18189,"comment_status":"closed","ping_status":"closed","sticky":false,"template":"","format":"standard","meta":{"footnotes":""},"categories":[29],"tags":[2451],"class_list":["post-18202","post","type-post","status-publish","format-standard","has-post-thumbnail","hentry","category-empresas","tag-mann-hummel"],"yoast_head":"<!-- This site is optimized with the Yoast SEO plugin v27.4 - https:\/\/yoast.com\/product\/yoast-seo-wordpress\/ -->\n<title>MANN + HUMMEL celebra 80 anos - Jornal das Oficinas<\/title>\n<meta name=\"robots\" content=\"index, follow, max-snippet:-1, max-image-preview:large, max-video-preview:-1\" \/>\n<link rel=\"canonical\" href=\"https:\/\/jornaldasoficinas.com\/pt\/mann-hummel-celebra-80-anos\/\" \/>\n<meta property=\"og:locale\" content=\"pt_PT\" \/>\n<meta property=\"og:type\" content=\"article\" \/>\n<meta property=\"og:title\" content=\"MANN + HUMMEL celebra 80 anos - Jornal das Oficinas\" \/>\n<meta property=\"og:description\" content=\"A empresa MANN + HUMMEL, que...\" \/>\n<meta property=\"og:url\" content=\"https:\/\/jornaldasoficinas.com\/pt\/mann-hummel-celebra-80-anos\/\" \/>\n<meta property=\"og:site_name\" content=\"Jornal das Oficinas\" \/>\n<meta property=\"article:publisher\" content=\"https:\/\/www.facebook.com\/jornaloficinas\" \/>\n<meta property=\"article:published_time\" content=\"2021-01-18T12:00:56+00:00\" \/>\n<meta property=\"og:image\" content=\"https:\/\/jornaldasoficinas.com\/pt\/wp-content\/uploads\/2021\/01\/MANNHUMMEL-celebra.jpg\" \/>\n\t<meta property=\"og:image:width\" content=\"1024\" \/>\n\t<meta property=\"og:image:height\" content=\"581\" \/>\n\t<meta property=\"og:image:type\" content=\"image\/jpeg\" \/>\n<meta name=\"author\" content=\"Reda\u00e7\u00e3o JO\" \/>\n<meta name=\"twitter:card\" content=\"summary_large_image\" \/>\n<meta name=\"twitter:creator\" content=\"@jornaloficinas\" \/>\n<meta name=\"twitter:site\" content=\"@jornaloficinas\" \/>\n<meta name=\"twitter:label1\" content=\"Escrito por\" \/>\n\t<meta name=\"twitter:data1\" content=\"Reda\u00e7\u00e3o JO\" \/>\n\t<meta name=\"twitter:label2\" content=\"Tempo estimado de leitura\" \/>\n\t<meta name=\"twitter:data2\" content=\"4 minutos\" \/>\n<script type=\"application\/ld+json\" class=\"yoast-schema-graph\">{\"@context\":\"https:\\\/\\\/schema.org\",\"@graph\":[{\"@type\":\"Article\",\"@id\":\"https:\\\/\\\/jornaldasoficinas.com\\\/pt\\\/mann-hummel-celebra-80-anos\\\/#article\",\"isPartOf\":{\"@id\":\"https:\\\/\\\/jornaldasoficinas.com\\\/pt\\\/mann-hummel-celebra-80-anos\\\/\"},\"author\":{\"name\":\"Reda\u00e7\u00e3o JO\",\"@id\":\"https:\\\/\\\/jornaldasoficinas.com\\\/pt\\\/#\\\/schema\\\/person\\\/a38eef5de2c41d9e7c9ac10141afddf3\"},\"headline\":\"MANN + HUMMEL celebra 80 anos\",\"datePublished\":\"2021-01-18T12:00:56+00:00\",\"mainEntityOfPage\":{\"@id\":\"https:\\\/\\\/jornaldasoficinas.com\\\/pt\\\/mann-hummel-celebra-80-anos\\\/\"},\"wordCount\":733,\"publisher\":{\"@id\":\"https:\\\/\\\/jornaldasoficinas.com\\\/pt\\\/#organization\"},\"image\":{\"@id\":\"https:\\\/\\\/jornaldasoficinas.com\\\/pt\\\/mann-hummel-celebra-80-anos\\\/#primaryimage\"},\"thumbnailUrl\":\"https:\\\/\\\/jornaldasoficinas.com\\\/pt\\\/wp-content\\\/uploads\\\/2021\\\/01\\\/MANNHUMMEL-celebra.jpg\",\"keywords\":[\"MANN + HUMMEL\"],\"articleSection\":[\"Empresas\"],\"inLanguage\":\"pt-PT\"},{\"@type\":\"WebPage\",\"@id\":\"https:\\\/\\\/jornaldasoficinas.com\\\/pt\\\/mann-hummel-celebra-80-anos\\\/\",\"url\":\"https:\\\/\\\/jornaldasoficinas.com\\\/pt\\\/mann-hummel-celebra-80-anos\\\/\",\"name\":\"MANN + HUMMEL celebra 80 anos - Jornal das Oficinas\",\"isPartOf\":{\"@id\":\"https:\\\/\\\/jornaldasoficinas.com\\\/pt\\\/#website\"},\"primaryImageOfPage\":{\"@id\":\"https:\\\/\\\/jornaldasoficinas.com\\\/pt\\\/mann-hummel-celebra-80-anos\\\/#primaryimage\"},\"image\":{\"@id\":\"https:\\\/\\\/jornaldasoficinas.com\\\/pt\\\/mann-hummel-celebra-80-anos\\\/#primaryimage\"},\"thumbnailUrl\":\"https:\\\/\\\/jornaldasoficinas.com\\\/pt\\\/wp-content\\\/uploads\\\/2021\\\/01\\\/MANNHUMMEL-celebra.jpg\",\"datePublished\":\"2021-01-18T12:00:56+00:00\",\"breadcrumb\":{\"@id\":\"https:\\\/\\\/jornaldasoficinas.com\\\/pt\\\/mann-hummel-celebra-80-anos\\\/#breadcrumb\"},\"inLanguage\":\"pt-PT\",\"potentialAction\":[{\"@type\":\"ReadAction\",\"target\":[\"https:\\\/\\\/jornaldasoficinas.com\\\/pt\\\/mann-hummel-celebra-80-anos\\\/\"]}]},{\"@type\":\"ImageObject\",\"inLanguage\":\"pt-PT\",\"@id\":\"https:\\\/\\\/jornaldasoficinas.com\\\/pt\\\/mann-hummel-celebra-80-anos\\\/#primaryimage\",\"url\":\"https:\\\/\\\/jornaldasoficinas.com\\\/pt\\\/wp-content\\\/uploads\\\/2021\\\/01\\\/MANNHUMMEL-celebra.jpg\",\"contentUrl\":\"https:\\\/\\\/jornaldasoficinas.com\\\/pt\\\/wp-content\\\/uploads\\\/2021\\\/01\\\/MANNHUMMEL-celebra.jpg\",\"width\":1024,\"height\":581,\"caption\":\"Er\u00f6ffnung Technologiezentrum Mann + Hummel Foto: Benjamin Stollenberg\"},{\"@type\":\"BreadcrumbList\",\"@id\":\"https:\\\/\\\/jornaldasoficinas.com\\\/pt\\\/mann-hummel-celebra-80-anos\\\/#breadcrumb\",\"itemListElement\":[{\"@type\":\"ListItem\",\"position\":1,\"name\":\"In\u00edcio\",\"item\":\"https:\\\/\\\/jornaldasoficinas.com\\\/pt\\\/\"},{\"@type\":\"ListItem\",\"position\":2,\"name\":\"MANN + HUMMEL celebra 80 anos\"}]},{\"@type\":\"WebSite\",\"@id\":\"https:\\\/\\\/jornaldasoficinas.com\\\/pt\\\/#website\",\"url\":\"https:\\\/\\\/jornaldasoficinas.com\\\/pt\\\/\",\"name\":\"Jornal das Oficinas\",\"description\":\"Jornal independente do Aftermarket Autom\u00f3vel em Portugal\",\"publisher\":{\"@id\":\"https:\\\/\\\/jornaldasoficinas.com\\\/pt\\\/#organization\"},\"potentialAction\":[{\"@type\":\"SearchAction\",\"target\":{\"@type\":\"EntryPoint\",\"urlTemplate\":\"https:\\\/\\\/jornaldasoficinas.com\\\/pt\\\/?s={search_term_string}\"},\"query-input\":{\"@type\":\"PropertyValueSpecification\",\"valueRequired\":true,\"valueName\":\"search_term_string\"}}],\"inLanguage\":\"pt-PT\"},{\"@type\":\"Organization\",\"@id\":\"https:\\\/\\\/jornaldasoficinas.com\\\/pt\\\/#organization\",\"name\":\"Jornal das Oficinas\",\"url\":\"https:\\\/\\\/jornaldasoficinas.com\\\/pt\\\/\",\"logo\":{\"@type\":\"ImageObject\",\"inLanguage\":\"pt-PT\",\"@id\":\"https:\\\/\\\/jornaldasoficinas.com\\\/pt\\\/#\\\/schema\\\/logo\\\/image\\\/\",\"url\":\"https:\\\/\\\/jornaldasoficinas.com\\\/pt\\\/wp-content\\\/uploads\\\/logoJO-SEO.png\",\"contentUrl\":\"https:\\\/\\\/jornaldasoficinas.com\\\/pt\\\/wp-content\\\/uploads\\\/logoJO-SEO.png\",\"width\":285,\"height\":450,\"caption\":\"Jornal das Oficinas\"},\"image\":{\"@id\":\"https:\\\/\\\/jornaldasoficinas.com\\\/pt\\\/#\\\/schema\\\/logo\\\/image\\\/\"},\"sameAs\":[\"https:\\\/\\\/www.facebook.com\\\/jornaloficinas\",\"https:\\\/\\\/x.com\\\/jornaloficinas\",\"https:\\\/\\\/www.instagram.com\\\/jornal_oficinas\\\/\",\"https:\\\/\\\/www.linkedin.com\\\/company\\\/jornal-das-oficinas\\\/\",\"https:\\\/\\\/www.youtube.com\\\/channel\\\/UCbQZBqtcvV-oSQrr7RzINGg\"]},{\"@type\":\"Person\",\"@id\":\"https:\\\/\\\/jornaldasoficinas.com\\\/pt\\\/#\\\/schema\\\/person\\\/a38eef5de2c41d9e7c9ac10141afddf3\",\"name\":\"Reda\u00e7\u00e3o JO\",\"image\":{\"@type\":\"ImageObject\",\"inLanguage\":\"pt-PT\",\"@id\":\"https:\\\/\\\/secure.gravatar.com\\\/avatar\\\/71f2fa71737ad68a84fea94bc708ddac8ea5b0c4788dc2ad202f3ccb2887742f?s=96&d=wp_user_avatar&r=g\",\"url\":\"https:\\\/\\\/secure.gravatar.com\\\/avatar\\\/71f2fa71737ad68a84fea94bc708ddac8ea5b0c4788dc2ad202f3ccb2887742f?s=96&d=wp_user_avatar&r=g\",\"contentUrl\":\"https:\\\/\\\/secure.gravatar.com\\\/avatar\\\/71f2fa71737ad68a84fea94bc708ddac8ea5b0c4788dc2ad202f3ccb2887742f?s=96&d=wp_user_avatar&r=g\",\"caption\":\"Reda\u00e7\u00e3o JO\"},\"url\":\"https:\\\/\\\/jornaldasoficinas.com\\\/pt\\\/author\\\/joredacao\\\/\"}]}<\/script>\n<!-- \/ Yoast SEO plugin. -->","yoast_head_json":{"title":"MANN + HUMMEL celebra 80 anos - Jornal das Oficinas","robots":{"index":"index","follow":"follow","max-snippet":"max-snippet:-1","max-image-preview":"max-image-preview:large","max-video-preview":"max-video-preview:-1"},"canonical":"https:\/\/jornaldasoficinas.com\/pt\/mann-hummel-celebra-80-anos\/","og_locale":"pt_PT","og_type":"article","og_title":"MANN + HUMMEL celebra 80 anos - Jornal das Oficinas","og_description":"A empresa MANN + HUMMEL, que...","og_url":"https:\/\/jornaldasoficinas.com\/pt\/mann-hummel-celebra-80-anos\/","og_site_name":"Jornal das Oficinas","article_publisher":"https:\/\/www.facebook.com\/jornaloficinas","article_published_time":"2021-01-18T12:00:56+00:00","og_image":[{"width":1024,"height":581,"url":"https:\/\/jornaldasoficinas.com\/pt\/wp-content\/uploads\/2021\/01\/MANNHUMMEL-celebra.jpg","type":"image\/jpeg"}],"author":"Reda\u00e7\u00e3o JO","twitter_card":"summary_large_image","twitter_creator":"@jornaloficinas","twitter_site":"@jornaloficinas","twitter_misc":{"Escrito por":"Reda\u00e7\u00e3o JO","Tempo estimado de leitura":"4 minutos"},"schema":{"@context":"https:\/\/schema.org","@graph":[{"@type":"Article","@id":"https:\/\/jornaldasoficinas.com\/pt\/mann-hummel-celebra-80-anos\/#article","isPartOf":{"@id":"https:\/\/jornaldasoficinas.com\/pt\/mann-hummel-celebra-80-anos\/"},"author":{"name":"Reda\u00e7\u00e3o JO","@id":"https:\/\/jornaldasoficinas.com\/pt\/#\/schema\/person\/a38eef5de2c41d9e7c9ac10141afddf3"},"headline":"MANN + HUMMEL celebra 80 anos","datePublished":"2021-01-18T12:00:56+00:00","mainEntityOfPage":{"@id":"https:\/\/jornaldasoficinas.com\/pt\/mann-hummel-celebra-80-anos\/"},"wordCount":733,"publisher":{"@id":"https:\/\/jornaldasoficinas.com\/pt\/#organization"},"image":{"@id":"https:\/\/jornaldasoficinas.com\/pt\/mann-hummel-celebra-80-anos\/#primaryimage"},"thumbnailUrl":"https:\/\/jornaldasoficinas.com\/pt\/wp-content\/uploads\/2021\/01\/MANNHUMMEL-celebra.jpg","keywords":["MANN + HUMMEL"],"articleSection":["Empresas"],"inLanguage":"pt-PT"},{"@type":"WebPage","@id":"https:\/\/jornaldasoficinas.com\/pt\/mann-hummel-celebra-80-anos\/","url":"https:\/\/jornaldasoficinas.com\/pt\/mann-hummel-celebra-80-anos\/","name":"MANN + HUMMEL celebra 80 anos - Jornal das Oficinas","isPartOf":{"@id":"https:\/\/jornaldasoficinas.com\/pt\/#website"},"primaryImageOfPage":{"@id":"https:\/\/jornaldasoficinas.com\/pt\/mann-hummel-celebra-80-anos\/#primaryimage"},"image":{"@id":"https:\/\/jornaldasoficinas.com\/pt\/mann-hummel-celebra-80-anos\/#primaryimage"},"thumbnailUrl":"https:\/\/jornaldasoficinas.com\/pt\/wp-content\/uploads\/2021\/01\/MANNHUMMEL-celebra.jpg","datePublished":"2021-01-18T12:00:56+00:00","breadcrumb":{"@id":"https:\/\/jornaldasoficinas.com\/pt\/mann-hummel-celebra-80-anos\/#breadcrumb"},"inLanguage":"pt-PT","potentialAction":[{"@type":"ReadAction","target":["https:\/\/jornaldasoficinas.com\/pt\/mann-hummel-celebra-80-anos\/"]}]},{"@type":"ImageObject","inLanguage":"pt-PT","@id":"https:\/\/jornaldasoficinas.com\/pt\/mann-hummel-celebra-80-anos\/#primaryimage","url":"https:\/\/jornaldasoficinas.com\/pt\/wp-content\/uploads\/2021\/01\/MANNHUMMEL-celebra.jpg","contentUrl":"https:\/\/jornaldasoficinas.com\/pt\/wp-content\/uploads\/2021\/01\/MANNHUMMEL-celebra.jpg","width":1024,"height":581,"caption":"Er\u00f6ffnung Technologiezentrum Mann + Hummel Foto: Benjamin Stollenberg"},{"@type":"BreadcrumbList","@id":"https:\/\/jornaldasoficinas.com\/pt\/mann-hummel-celebra-80-anos\/#breadcrumb","itemListElement":[{"@type":"ListItem","position":1,"name":"In\u00edcio","item":"https:\/\/jornaldasoficinas.com\/pt\/"},{"@type":"ListItem","position":2,"name":"MANN + HUMMEL celebra 80 anos"}]},{"@type":"WebSite","@id":"https:\/\/jornaldasoficinas.com\/pt\/#website","url":"https:\/\/jornaldasoficinas.com\/pt\/","name":"Jornal das Oficinas","description":"Jornal independente do Aftermarket Autom\u00f3vel em Portugal","publisher":{"@id":"https:\/\/jornaldasoficinas.com\/pt\/#organization"},"potentialAction":[{"@type":"SearchAction","target":{"@type":"EntryPoint","urlTemplate":"https:\/\/jornaldasoficinas.com\/pt\/?s={search_term_string}"},"query-input":{"@type":"PropertyValueSpecification","valueRequired":true,"valueName":"search_term_string"}}],"inLanguage":"pt-PT"},{"@type":"Organization","@id":"https:\/\/jornaldasoficinas.com\/pt\/#organization","name":"Jornal das Oficinas","url":"https:\/\/jornaldasoficinas.com\/pt\/","logo":{"@type":"ImageObject","inLanguage":"pt-PT","@id":"https:\/\/jornaldasoficinas.com\/pt\/#\/schema\/logo\/image\/","url":"https:\/\/jornaldasoficinas.com\/pt\/wp-content\/uploads\/logoJO-SEO.png","contentUrl":"https:\/\/jornaldasoficinas.com\/pt\/wp-content\/uploads\/logoJO-SEO.png","width":285,"height":450,"caption":"Jornal das Oficinas"},"image":{"@id":"https:\/\/jornaldasoficinas.com\/pt\/#\/schema\/logo\/image\/"},"sameAs":["https:\/\/www.facebook.com\/jornaloficinas","https:\/\/x.com\/jornaloficinas","https:\/\/www.instagram.com\/jornal_oficinas\/","https:\/\/www.linkedin.com\/company\/jornal-das-oficinas\/","https:\/\/www.youtube.com\/channel\/UCbQZBqtcvV-oSQrr7RzINGg"]},{"@type":"Person","@id":"https:\/\/jornaldasoficinas.com\/pt\/#\/schema\/person\/a38eef5de2c41d9e7c9ac10141afddf3","name":"Reda\u00e7\u00e3o JO","image":{"@type":"ImageObject","inLanguage":"pt-PT","@id":"https:\/\/secure.gravatar.com\/avatar\/71f2fa71737ad68a84fea94bc708ddac8ea5b0c4788dc2ad202f3ccb2887742f?s=96&d=wp_user_avatar&r=g","url":"https:\/\/secure.gravatar.com\/avatar\/71f2fa71737ad68a84fea94bc708ddac8ea5b0c4788dc2ad202f3ccb2887742f?s=96&d=wp_user_avatar&r=g","contentUrl":"https:\/\/secure.gravatar.com\/avatar\/71f2fa71737ad68a84fea94bc708ddac8ea5b0c4788dc2ad202f3ccb2887742f?s=96&d=wp_user_avatar&r=g","caption":"Reda\u00e7\u00e3o JO"},"url":"https:\/\/jornaldasoficinas.com\/pt\/author\/joredacao\/"}]}},"_links":{"self":[{"href":"https:\/\/jornaldasoficinas.com\/pt\/wp-json\/wp\/v2\/posts\/18202","targetHints":{"allow":["GET"]}}],"collection":[{"href":"https:\/\/jornaldasoficinas.com\/pt\/wp-json\/wp\/v2\/posts"}],"about":[{"href":"https:\/\/jornaldasoficinas.com\/pt\/wp-json\/wp\/v2\/types\/post"}],"author":[{"embeddable":true,"href":"https:\/\/jornaldasoficinas.com\/pt\/wp-json\/wp\/v2\/users\/15"}],"replies":[{"embeddable":true,"href":"https:\/\/jornaldasoficinas.com\/pt\/wp-json\/wp\/v2\/comments?post=18202"}],"version-history":[{"count":0,"href":"https:\/\/jornaldasoficinas.com\/pt\/wp-json\/wp\/v2\/posts\/18202\/revisions"}],"wp:featuredmedia":[{"embeddable":true,"href":"https:\/\/jornaldasoficinas.com\/pt\/wp-json\/wp\/v2\/media\/18189"}],"wp:attachment":[{"href":"https:\/\/jornaldasoficinas.com\/pt\/wp-json\/wp\/v2\/media?parent=18202"}],"wp:term":[{"taxonomy":"category","embeddable":true,"href":"https:\/\/jornaldasoficinas.com\/pt\/wp-json\/wp\/v2\/categories?post=18202"},{"taxonomy":"post_tag","embeddable":true,"href":"https:\/\/jornaldasoficinas.com\/pt\/wp-json\/wp\/v2\/tags?post=18202"}],"curies":[{"name":"wp","href":"https:\/\/api.w.org\/{rel}","templated":true}]}}