{"id":18275,"date":"2021-01-21T18:00:09","date_gmt":"2021-01-21T18:00:09","guid":{"rendered":"https:\/\/jornaldasoficinas.com\/pt\/?p=18275"},"modified":"2021-04-29T18:03:59","modified_gmt":"2021-04-29T17:03:59","slug":"osram-lanca-novos-farois-ledriving-para-bmw-serie-1","status":"publish","type":"post","link":"https:\/\/jornaldasoficinas.com\/pt\/osram-lanca-novos-farois-ledriving-para-bmw-serie-1\/","title":{"rendered":"Osram lan\u00e7a novos far\u00f3is LEDriving para BMW S\u00e9rie 1"},"content":{"rendered":"<p><strong><img loading=\"lazy\" decoding=\"async\" class=\"alignnone wp-image-18263 size-full\" src=\"https:\/\/jornaldasoficinas.com\/pt\/wp-content\/uploads\/2021\/01\/Osram-lanc\u0327a-novos-faro\u0301is.jpg\" alt=\"01 - Osram-lanc\u0327a-novos-faro\u0301is\" width=\"1024\" height=\"581\" srcset=\"https:\/\/jornaldasoficinas.com\/pt\/wp-content\/uploads\/2021\/01\/Osram-lanc\u0327a-novos-faro\u0301is.jpg 1024w, https:\/\/jornaldasoficinas.com\/pt\/wp-content\/uploads\/2021\/01\/Osram-lanc\u0327a-novos-faro\u0301is-300x170.jpg 300w, https:\/\/jornaldasoficinas.com\/pt\/wp-content\/uploads\/2021\/01\/Osram-lanc\u0327a-novos-faro\u0301is-150x85.jpg 150w, https:\/\/jornaldasoficinas.com\/pt\/wp-content\/uploads\/2021\/01\/Osram-lanc\u0327a-novos-faro\u0301is-768x436.jpg 768w\" sizes=\"auto, (max-width: 1024px) 100vw, 1024px\" \/><\/strong><\/p>\n<p><strong>Chegaram os novos far\u00f3is LEDriving para o BMW S\u00e9rie 1. Etes far\u00f3is totalmente LED oferecem um design inovador para complementar de maneira impressionante a apar\u00eancia individual dos\u00a0 ve\u00edculos. Com a adi\u00e7\u00e3o dos far\u00f3is LEDriving para o BMW S\u00e9rie 1, a OSRAM expande o seu amplo portf\u00f3lio de far\u00f3is e acess\u00f3rios LED.<\/strong><\/p>\n<p>Juntamente com os Piscas LED de Espelho Din\u00e2micos OSRAM LEDriving para o BMW, o ve\u00edculo ganha uma apar\u00eancia ultramoderna e renovada, que atrair\u00e1 todos os olhares.<\/p>\n<p>Impulsionados pela procura de inova\u00e7\u00e3o e qualidade, a OSRAM est\u00e1 a\u00a0 redefinir a ilumina\u00e7\u00e3o de alguns ve\u00edculos da marca. Os far\u00f3is OSRAM LEDriving para o BMW Serie 1 levam ilumina\u00e7\u00e3o precisa para a frente do seu ve\u00edculo e para a estrada e tamb\u00e9m s\u00e3o uma atualiza\u00e7\u00e3o para a mais recente tecnologia OEM premium. Este farol OSRAM LEDriving \u00e9 um farol LED completo, equipado com luz LED de presen\u00e7a, luz LED de m\u00e9dios, luz LED de m\u00e1ximos, luz LED de condu\u00e7\u00e3o diurna e pisca LED. Al\u00e9m disso, existem duas variantes \u00e0 escolha: Edi\u00e7\u00e3o BLACK ou Edi\u00e7\u00e3o CHROME, ambas concebidas para real\u00e7ar eficazmente o estilo individual do BMW S\u00e9rie 1.<\/p>\n<p>Gra\u00e7as aos LEDs de longa dura\u00e7\u00e3o e alto desempenho com brilho intenso, eles destacam-se com at\u00e9 200% mais luz em compara\u00e7\u00e3o com os requisitos m\u00ednimos ECE R112, impressionam com at\u00e9 100% luz mais branca comparativamente a far\u00f3is de halog\u00e9neo standard e s\u00e3o caracterizados por um alcance de ilumina\u00e7\u00e3o que pode atingir at\u00e9 200m. Al\u00e9m disso, gra\u00e7as \u00e0 moderna tecnologia de condutor de luz e material difusor moderno, os far\u00f3is convencem com uma distribui\u00e7\u00e3o de luz homog\u00e9nea e \u00f3tica sem pix\u00e9is. Todos estes aspetos resultam na possibilidade de uma melhor visibilidade para o condutor e uma melhor perce\u00e7\u00e3o do seu ve\u00edculo e consequentemente um aumento da seguran\u00e7a no tr\u00e1fego rodovi\u00e1rio.<\/p>\n<p>Acentuar o ve\u00edculo em conformidade com a norma ECE, de maneira direta e extremamente elegante, com detalhes not\u00e1veis, agora \u00e9 muito f\u00e1cil com as mais recentes inova\u00e7\u00f5es da OSRAM.<\/p>\n<p>Os far\u00f3is OSRAM LEDriving t\u00eam certifica\u00e7\u00e3o ECE de acordo com ECE R6\/R7\/R10\/R48\/R87\/R112. N\u00e3o \u00e9 necess\u00e1rio um registo nos documentos do ve\u00edculo. Os far\u00f3is OSRAM LEDriving foram testados no laborat\u00f3rio da OSRAM de simula\u00e7\u00e3o ambiental com certifica\u00e7\u00e3o DIN para influ\u00eancias externas extremas em termos de \u00e1gua, poeira, temperaturas quentes e frias, luz ultravioleta e vibra\u00e7\u00f5es e choques permanentes e validados com a classe de prote\u00e7\u00e3o IP IP69K. Al\u00e9m disso, a OSRAM tamb\u00e9m oferece 2 anos de garantia para este produto.<\/p>\n<p>Os far\u00f3is OSRAM LEDriving para o BMW S\u00e9rie 1 s\u00e3o adequados para os BMW S\u00e9rie 1 F20\/F21 Pre-Facelift com far\u00f3is de halog\u00e9neo de equipamento original. A sua tecnologia Plug &amp; Play assegura a instala\u00e7\u00e3o r\u00e1pida e descomplicada dos far\u00f3is da OSRAM, n\u00e3o sendo necess\u00e1rio modificar ou danificar os cabos existentes.<\/p>\n","protected":false},"excerpt":{"rendered":"<p>Chegaram os novos far\u00f3is LEDriving para&#8230;<\/p>\n","protected":false},"author":15,"featured_media":18263,"comment_status":"closed","ping_status":"closed","sticky":false,"template":"","format":"standard","meta":{"footnotes":""},"categories":[37],"tags":[60],"class_list":["post-18275","post","type-post","status-publish","format-standard","has-post-thumbnail","hentry","category-mercado","tag-osram"],"yoast_head":"<!-- This site is optimized with the Yoast SEO plugin v27.4 - https:\/\/yoast.com\/product\/yoast-seo-wordpress\/ -->\n<title>Osram lan\u00e7a novos far\u00f3is LEDriving para BMW S\u00e9rie 1 - Jornal das Oficinas<\/title>\n<meta name=\"robots\" content=\"index, follow, max-snippet:-1, max-image-preview:large, max-video-preview:-1\" \/>\n<link rel=\"canonical\" href=\"https:\/\/jornaldasoficinas.com\/pt\/osram-lanca-novos-farois-ledriving-para-bmw-serie-1\/\" \/>\n<meta property=\"og:locale\" content=\"pt_PT\" \/>\n<meta property=\"og:type\" content=\"article\" \/>\n<meta property=\"og:title\" content=\"Osram lan\u00e7a novos far\u00f3is LEDriving para BMW S\u00e9rie 1 - Jornal das Oficinas\" \/>\n<meta property=\"og:description\" content=\"Chegaram os novos far\u00f3is LEDriving para...\" \/>\n<meta property=\"og:url\" content=\"https:\/\/jornaldasoficinas.com\/pt\/osram-lanca-novos-farois-ledriving-para-bmw-serie-1\/\" \/>\n<meta property=\"og:site_name\" content=\"Jornal das Oficinas\" \/>\n<meta property=\"article:publisher\" content=\"https:\/\/www.facebook.com\/jornaloficinas\" \/>\n<meta property=\"article:published_time\" content=\"2021-01-21T18:00:09+00:00\" \/>\n<meta property=\"article:modified_time\" content=\"2021-04-29T17:03:59+00:00\" \/>\n<meta property=\"og:image\" content=\"https:\/\/jornaldasoficinas.com\/pt\/wp-content\/uploads\/2021\/01\/Osram-lanc\u0327a-novos-faro\u0301is.jpg\" \/>\n\t<meta property=\"og:image:width\" content=\"1024\" \/>\n\t<meta property=\"og:image:height\" content=\"581\" \/>\n\t<meta property=\"og:image:type\" content=\"image\/jpeg\" \/>\n<meta name=\"author\" content=\"Reda\u00e7\u00e3o JO\" \/>\n<meta name=\"twitter:card\" content=\"summary_large_image\" \/>\n<meta name=\"twitter:creator\" content=\"@jornaloficinas\" \/>\n<meta name=\"twitter:site\" content=\"@jornaloficinas\" \/>\n<meta name=\"twitter:label1\" content=\"Escrito por\" \/>\n\t<meta name=\"twitter:data1\" content=\"Reda\u00e7\u00e3o JO\" \/>\n\t<meta name=\"twitter:label2\" content=\"Tempo estimado de leitura\" \/>\n\t<meta name=\"twitter:data2\" content=\"3 minutos\" \/>\n<script type=\"application\/ld+json\" class=\"yoast-schema-graph\">{\"@context\":\"https:\\\/\\\/schema.org\",\"@graph\":[{\"@type\":\"Article\",\"@id\":\"https:\\\/\\\/jornaldasoficinas.com\\\/pt\\\/osram-lanca-novos-farois-ledriving-para-bmw-serie-1\\\/#article\",\"isPartOf\":{\"@id\":\"https:\\\/\\\/jornaldasoficinas.com\\\/pt\\\/osram-lanca-novos-farois-ledriving-para-bmw-serie-1\\\/\"},\"author\":{\"name\":\"Reda\u00e7\u00e3o JO\",\"@id\":\"https:\\\/\\\/jornaldasoficinas.com\\\/pt\\\/#\\\/schema\\\/person\\\/a38eef5de2c41d9e7c9ac10141afddf3\"},\"headline\":\"Osram lan\u00e7a novos far\u00f3is LEDriving para BMW S\u00e9rie 1\",\"datePublished\":\"2021-01-21T18:00:09+00:00\",\"dateModified\":\"2021-04-29T17:03:59+00:00\",\"mainEntityOfPage\":{\"@id\":\"https:\\\/\\\/jornaldasoficinas.com\\\/pt\\\/osram-lanca-novos-farois-ledriving-para-bmw-serie-1\\\/\"},\"wordCount\":537,\"publisher\":{\"@id\":\"https:\\\/\\\/jornaldasoficinas.com\\\/pt\\\/#organization\"},\"image\":{\"@id\":\"https:\\\/\\\/jornaldasoficinas.com\\\/pt\\\/osram-lanca-novos-farois-ledriving-para-bmw-serie-1\\\/#primaryimage\"},\"thumbnailUrl\":\"https:\\\/\\\/jornaldasoficinas.com\\\/pt\\\/wp-content\\\/uploads\\\/2021\\\/01\\\/Osram-lanc\u0327a-novos-faro\u0301is.jpg\",\"keywords\":[\"OSRAM\"],\"articleSection\":[\"Mercado\"],\"inLanguage\":\"pt-PT\"},{\"@type\":\"WebPage\",\"@id\":\"https:\\\/\\\/jornaldasoficinas.com\\\/pt\\\/osram-lanca-novos-farois-ledriving-para-bmw-serie-1\\\/\",\"url\":\"https:\\\/\\\/jornaldasoficinas.com\\\/pt\\\/osram-lanca-novos-farois-ledriving-para-bmw-serie-1\\\/\",\"name\":\"Osram lan\u00e7a novos far\u00f3is LEDriving para BMW S\u00e9rie 1 - Jornal das Oficinas\",\"isPartOf\":{\"@id\":\"https:\\\/\\\/jornaldasoficinas.com\\\/pt\\\/#website\"},\"primaryImageOfPage\":{\"@id\":\"https:\\\/\\\/jornaldasoficinas.com\\\/pt\\\/osram-lanca-novos-farois-ledriving-para-bmw-serie-1\\\/#primaryimage\"},\"image\":{\"@id\":\"https:\\\/\\\/jornaldasoficinas.com\\\/pt\\\/osram-lanca-novos-farois-ledriving-para-bmw-serie-1\\\/#primaryimage\"},\"thumbnailUrl\":\"https:\\\/\\\/jornaldasoficinas.com\\\/pt\\\/wp-content\\\/uploads\\\/2021\\\/01\\\/Osram-lanc\u0327a-novos-faro\u0301is.jpg\",\"datePublished\":\"2021-01-21T18:00:09+00:00\",\"dateModified\":\"2021-04-29T17:03:59+00:00\",\"breadcrumb\":{\"@id\":\"https:\\\/\\\/jornaldasoficinas.com\\\/pt\\\/osram-lanca-novos-farois-ledriving-para-bmw-serie-1\\\/#breadcrumb\"},\"inLanguage\":\"pt-PT\",\"potentialAction\":[{\"@type\":\"ReadAction\",\"target\":[\"https:\\\/\\\/jornaldasoficinas.com\\\/pt\\\/osram-lanca-novos-farois-ledriving-para-bmw-serie-1\\\/\"]}]},{\"@type\":\"ImageObject\",\"inLanguage\":\"pt-PT\",\"@id\":\"https:\\\/\\\/jornaldasoficinas.com\\\/pt\\\/osram-lanca-novos-farois-ledriving-para-bmw-serie-1\\\/#primaryimage\",\"url\":\"https:\\\/\\\/jornaldasoficinas.com\\\/pt\\\/wp-content\\\/uploads\\\/2021\\\/01\\\/Osram-lanc\u0327a-novos-faro\u0301is.jpg\",\"contentUrl\":\"https:\\\/\\\/jornaldasoficinas.com\\\/pt\\\/wp-content\\\/uploads\\\/2021\\\/01\\\/Osram-lanc\u0327a-novos-faro\u0301is.jpg\",\"width\":1024,\"height\":581,\"caption\":\"01 - Osram-lanc\u0327a-novos-faro\u0301is\"},{\"@type\":\"BreadcrumbList\",\"@id\":\"https:\\\/\\\/jornaldasoficinas.com\\\/pt\\\/osram-lanca-novos-farois-ledriving-para-bmw-serie-1\\\/#breadcrumb\",\"itemListElement\":[{\"@type\":\"ListItem\",\"position\":1,\"name\":\"In\u00edcio\",\"item\":\"https:\\\/\\\/jornaldasoficinas.com\\\/pt\\\/\"},{\"@type\":\"ListItem\",\"position\":2,\"name\":\"Osram lan\u00e7a novos far\u00f3is LEDriving para BMW S\u00e9rie 1\"}]},{\"@type\":\"WebSite\",\"@id\":\"https:\\\/\\\/jornaldasoficinas.com\\\/pt\\\/#website\",\"url\":\"https:\\\/\\\/jornaldasoficinas.com\\\/pt\\\/\",\"name\":\"Jornal das Oficinas\",\"description\":\"Jornal independente do Aftermarket Autom\u00f3vel em Portugal\",\"publisher\":{\"@id\":\"https:\\\/\\\/jornaldasoficinas.com\\\/pt\\\/#organization\"},\"potentialAction\":[{\"@type\":\"SearchAction\",\"target\":{\"@type\":\"EntryPoint\",\"urlTemplate\":\"https:\\\/\\\/jornaldasoficinas.com\\\/pt\\\/?s={search_term_string}\"},\"query-input\":{\"@type\":\"PropertyValueSpecification\",\"valueRequired\":true,\"valueName\":\"search_term_string\"}}],\"inLanguage\":\"pt-PT\"},{\"@type\":\"Organization\",\"@id\":\"https:\\\/\\\/jornaldasoficinas.com\\\/pt\\\/#organization\",\"name\":\"Jornal das Oficinas\",\"url\":\"https:\\\/\\\/jornaldasoficinas.com\\\/pt\\\/\",\"logo\":{\"@type\":\"ImageObject\",\"inLanguage\":\"pt-PT\",\"@id\":\"https:\\\/\\\/jornaldasoficinas.com\\\/pt\\\/#\\\/schema\\\/logo\\\/image\\\/\",\"url\":\"https:\\\/\\\/jornaldasoficinas.com\\\/pt\\\/wp-content\\\/uploads\\\/logoJO-SEO.png\",\"contentUrl\":\"https:\\\/\\\/jornaldasoficinas.com\\\/pt\\\/wp-content\\\/uploads\\\/logoJO-SEO.png\",\"width\":285,\"height\":450,\"caption\":\"Jornal das Oficinas\"},\"image\":{\"@id\":\"https:\\\/\\\/jornaldasoficinas.com\\\/pt\\\/#\\\/schema\\\/logo\\\/image\\\/\"},\"sameAs\":[\"https:\\\/\\\/www.facebook.com\\\/jornaloficinas\",\"https:\\\/\\\/x.com\\\/jornaloficinas\",\"https:\\\/\\\/www.instagram.com\\\/jornal_oficinas\\\/\",\"https:\\\/\\\/www.linkedin.com\\\/company\\\/jornal-das-oficinas\\\/\",\"https:\\\/\\\/www.youtube.com\\\/channel\\\/UCbQZBqtcvV-oSQrr7RzINGg\"]},{\"@type\":\"Person\",\"@id\":\"https:\\\/\\\/jornaldasoficinas.com\\\/pt\\\/#\\\/schema\\\/person\\\/a38eef5de2c41d9e7c9ac10141afddf3\",\"name\":\"Reda\u00e7\u00e3o JO\",\"image\":{\"@type\":\"ImageObject\",\"inLanguage\":\"pt-PT\",\"@id\":\"https:\\\/\\\/secure.gravatar.com\\\/avatar\\\/71f2fa71737ad68a84fea94bc708ddac8ea5b0c4788dc2ad202f3ccb2887742f?s=96&d=wp_user_avatar&r=g\",\"url\":\"https:\\\/\\\/secure.gravatar.com\\\/avatar\\\/71f2fa71737ad68a84fea94bc708ddac8ea5b0c4788dc2ad202f3ccb2887742f?s=96&d=wp_user_avatar&r=g\",\"contentUrl\":\"https:\\\/\\\/secure.gravatar.com\\\/avatar\\\/71f2fa71737ad68a84fea94bc708ddac8ea5b0c4788dc2ad202f3ccb2887742f?s=96&d=wp_user_avatar&r=g\",\"caption\":\"Reda\u00e7\u00e3o JO\"},\"url\":\"https:\\\/\\\/jornaldasoficinas.com\\\/pt\\\/author\\\/joredacao\\\/\"}]}<\/script>\n<!-- \/ Yoast SEO plugin. -->","yoast_head_json":{"title":"Osram lan\u00e7a novos far\u00f3is LEDriving para BMW S\u00e9rie 1 - Jornal das Oficinas","robots":{"index":"index","follow":"follow","max-snippet":"max-snippet:-1","max-image-preview":"max-image-preview:large","max-video-preview":"max-video-preview:-1"},"canonical":"https:\/\/jornaldasoficinas.com\/pt\/osram-lanca-novos-farois-ledriving-para-bmw-serie-1\/","og_locale":"pt_PT","og_type":"article","og_title":"Osram lan\u00e7a novos far\u00f3is LEDriving para BMW S\u00e9rie 1 - Jornal das Oficinas","og_description":"Chegaram os novos far\u00f3is LEDriving para...","og_url":"https:\/\/jornaldasoficinas.com\/pt\/osram-lanca-novos-farois-ledriving-para-bmw-serie-1\/","og_site_name":"Jornal das Oficinas","article_publisher":"https:\/\/www.facebook.com\/jornaloficinas","article_published_time":"2021-01-21T18:00:09+00:00","article_modified_time":"2021-04-29T17:03:59+00:00","og_image":[{"width":1024,"height":581,"url":"https:\/\/jornaldasoficinas.com\/pt\/wp-content\/uploads\/2021\/01\/Osram-lanc\u0327a-novos-faro\u0301is.jpg","type":"image\/jpeg"}],"author":"Reda\u00e7\u00e3o JO","twitter_card":"summary_large_image","twitter_creator":"@jornaloficinas","twitter_site":"@jornaloficinas","twitter_misc":{"Escrito por":"Reda\u00e7\u00e3o JO","Tempo estimado de leitura":"3 minutos"},"schema":{"@context":"https:\/\/schema.org","@graph":[{"@type":"Article","@id":"https:\/\/jornaldasoficinas.com\/pt\/osram-lanca-novos-farois-ledriving-para-bmw-serie-1\/#article","isPartOf":{"@id":"https:\/\/jornaldasoficinas.com\/pt\/osram-lanca-novos-farois-ledriving-para-bmw-serie-1\/"},"author":{"name":"Reda\u00e7\u00e3o JO","@id":"https:\/\/jornaldasoficinas.com\/pt\/#\/schema\/person\/a38eef5de2c41d9e7c9ac10141afddf3"},"headline":"Osram lan\u00e7a novos far\u00f3is LEDriving para BMW S\u00e9rie 1","datePublished":"2021-01-21T18:00:09+00:00","dateModified":"2021-04-29T17:03:59+00:00","mainEntityOfPage":{"@id":"https:\/\/jornaldasoficinas.com\/pt\/osram-lanca-novos-farois-ledriving-para-bmw-serie-1\/"},"wordCount":537,"publisher":{"@id":"https:\/\/jornaldasoficinas.com\/pt\/#organization"},"image":{"@id":"https:\/\/jornaldasoficinas.com\/pt\/osram-lanca-novos-farois-ledriving-para-bmw-serie-1\/#primaryimage"},"thumbnailUrl":"https:\/\/jornaldasoficinas.com\/pt\/wp-content\/uploads\/2021\/01\/Osram-lanc\u0327a-novos-faro\u0301is.jpg","keywords":["OSRAM"],"articleSection":["Mercado"],"inLanguage":"pt-PT"},{"@type":"WebPage","@id":"https:\/\/jornaldasoficinas.com\/pt\/osram-lanca-novos-farois-ledriving-para-bmw-serie-1\/","url":"https:\/\/jornaldasoficinas.com\/pt\/osram-lanca-novos-farois-ledriving-para-bmw-serie-1\/","name":"Osram lan\u00e7a novos far\u00f3is LEDriving para BMW S\u00e9rie 1 - Jornal das Oficinas","isPartOf":{"@id":"https:\/\/jornaldasoficinas.com\/pt\/#website"},"primaryImageOfPage":{"@id":"https:\/\/jornaldasoficinas.com\/pt\/osram-lanca-novos-farois-ledriving-para-bmw-serie-1\/#primaryimage"},"image":{"@id":"https:\/\/jornaldasoficinas.com\/pt\/osram-lanca-novos-farois-ledriving-para-bmw-serie-1\/#primaryimage"},"thumbnailUrl":"https:\/\/jornaldasoficinas.com\/pt\/wp-content\/uploads\/2021\/01\/Osram-lanc\u0327a-novos-faro\u0301is.jpg","datePublished":"2021-01-21T18:00:09+00:00","dateModified":"2021-04-29T17:03:59+00:00","breadcrumb":{"@id":"https:\/\/jornaldasoficinas.com\/pt\/osram-lanca-novos-farois-ledriving-para-bmw-serie-1\/#breadcrumb"},"inLanguage":"pt-PT","potentialAction":[{"@type":"ReadAction","target":["https:\/\/jornaldasoficinas.com\/pt\/osram-lanca-novos-farois-ledriving-para-bmw-serie-1\/"]}]},{"@type":"ImageObject","inLanguage":"pt-PT","@id":"https:\/\/jornaldasoficinas.com\/pt\/osram-lanca-novos-farois-ledriving-para-bmw-serie-1\/#primaryimage","url":"https:\/\/jornaldasoficinas.com\/pt\/wp-content\/uploads\/2021\/01\/Osram-lanc\u0327a-novos-faro\u0301is.jpg","contentUrl":"https:\/\/jornaldasoficinas.com\/pt\/wp-content\/uploads\/2021\/01\/Osram-lanc\u0327a-novos-faro\u0301is.jpg","width":1024,"height":581,"caption":"01 - Osram-lanc\u0327a-novos-faro\u0301is"},{"@type":"BreadcrumbList","@id":"https:\/\/jornaldasoficinas.com\/pt\/osram-lanca-novos-farois-ledriving-para-bmw-serie-1\/#breadcrumb","itemListElement":[{"@type":"ListItem","position":1,"name":"In\u00edcio","item":"https:\/\/jornaldasoficinas.com\/pt\/"},{"@type":"ListItem","position":2,"name":"Osram lan\u00e7a novos far\u00f3is LEDriving para BMW S\u00e9rie 1"}]},{"@type":"WebSite","@id":"https:\/\/jornaldasoficinas.com\/pt\/#website","url":"https:\/\/jornaldasoficinas.com\/pt\/","name":"Jornal das Oficinas","description":"Jornal independente do Aftermarket Autom\u00f3vel em Portugal","publisher":{"@id":"https:\/\/jornaldasoficinas.com\/pt\/#organization"},"potentialAction":[{"@type":"SearchAction","target":{"@type":"EntryPoint","urlTemplate":"https:\/\/jornaldasoficinas.com\/pt\/?s={search_term_string}"},"query-input":{"@type":"PropertyValueSpecification","valueRequired":true,"valueName":"search_term_string"}}],"inLanguage":"pt-PT"},{"@type":"Organization","@id":"https:\/\/jornaldasoficinas.com\/pt\/#organization","name":"Jornal das Oficinas","url":"https:\/\/jornaldasoficinas.com\/pt\/","logo":{"@type":"ImageObject","inLanguage":"pt-PT","@id":"https:\/\/jornaldasoficinas.com\/pt\/#\/schema\/logo\/image\/","url":"https:\/\/jornaldasoficinas.com\/pt\/wp-content\/uploads\/logoJO-SEO.png","contentUrl":"https:\/\/jornaldasoficinas.com\/pt\/wp-content\/uploads\/logoJO-SEO.png","width":285,"height":450,"caption":"Jornal das Oficinas"},"image":{"@id":"https:\/\/jornaldasoficinas.com\/pt\/#\/schema\/logo\/image\/"},"sameAs":["https:\/\/www.facebook.com\/jornaloficinas","https:\/\/x.com\/jornaloficinas","https:\/\/www.instagram.com\/jornal_oficinas\/","https:\/\/www.linkedin.com\/company\/jornal-das-oficinas\/","https:\/\/www.youtube.com\/channel\/UCbQZBqtcvV-oSQrr7RzINGg"]},{"@type":"Person","@id":"https:\/\/jornaldasoficinas.com\/pt\/#\/schema\/person\/a38eef5de2c41d9e7c9ac10141afddf3","name":"Reda\u00e7\u00e3o JO","image":{"@type":"ImageObject","inLanguage":"pt-PT","@id":"https:\/\/secure.gravatar.com\/avatar\/71f2fa71737ad68a84fea94bc708ddac8ea5b0c4788dc2ad202f3ccb2887742f?s=96&d=wp_user_avatar&r=g","url":"https:\/\/secure.gravatar.com\/avatar\/71f2fa71737ad68a84fea94bc708ddac8ea5b0c4788dc2ad202f3ccb2887742f?s=96&d=wp_user_avatar&r=g","contentUrl":"https:\/\/secure.gravatar.com\/avatar\/71f2fa71737ad68a84fea94bc708ddac8ea5b0c4788dc2ad202f3ccb2887742f?s=96&d=wp_user_avatar&r=g","caption":"Reda\u00e7\u00e3o JO"},"url":"https:\/\/jornaldasoficinas.com\/pt\/author\/joredacao\/"}]}},"_links":{"self":[{"href":"https:\/\/jornaldasoficinas.com\/pt\/wp-json\/wp\/v2\/posts\/18275","targetHints":{"allow":["GET"]}}],"collection":[{"href":"https:\/\/jornaldasoficinas.com\/pt\/wp-json\/wp\/v2\/posts"}],"about":[{"href":"https:\/\/jornaldasoficinas.com\/pt\/wp-json\/wp\/v2\/types\/post"}],"author":[{"embeddable":true,"href":"https:\/\/jornaldasoficinas.com\/pt\/wp-json\/wp\/v2\/users\/15"}],"replies":[{"embeddable":true,"href":"https:\/\/jornaldasoficinas.com\/pt\/wp-json\/wp\/v2\/comments?post=18275"}],"version-history":[{"count":0,"href":"https:\/\/jornaldasoficinas.com\/pt\/wp-json\/wp\/v2\/posts\/18275\/revisions"}],"wp:featuredmedia":[{"embeddable":true,"href":"https:\/\/jornaldasoficinas.com\/pt\/wp-json\/wp\/v2\/media\/18263"}],"wp:attachment":[{"href":"https:\/\/jornaldasoficinas.com\/pt\/wp-json\/wp\/v2\/media?parent=18275"}],"wp:term":[{"taxonomy":"category","embeddable":true,"href":"https:\/\/jornaldasoficinas.com\/pt\/wp-json\/wp\/v2\/categories?post=18275"},{"taxonomy":"post_tag","embeddable":true,"href":"https:\/\/jornaldasoficinas.com\/pt\/wp-json\/wp\/v2\/tags?post=18275"}],"curies":[{"name":"wp","href":"https:\/\/api.w.org\/{rel}","templated":true}]}}