{"id":18320,"date":"2021-01-25T08:00:58","date_gmt":"2021-01-25T08:00:58","guid":{"rendered":"https:\/\/jornaldasoficinas.com\/pt\/?p=18320"},"modified":"2021-01-24T17:33:35","modified_gmt":"2021-01-24T17:33:35","slug":"comunicacao-eletronica-de-inventarios-obrigatoria","status":"publish","type":"post","link":"https:\/\/jornaldasoficinas.com\/pt\/comunicacao-eletronica-de-inventarios-obrigatoria\/","title":{"rendered":"Comunica\u00e7\u00e3o eletr\u00f3nica de invent\u00e1rios obrigat\u00f3ria"},"content":{"rendered":"<p><strong><img loading=\"lazy\" decoding=\"async\" class=\"alignnone wp-image-18317 size-full\" src=\"https:\/\/jornaldasoficinas.com\/pt\/wp-content\/uploads\/2021\/01\/Comunicac\u0327a\u0303o-eletro\u0301nica.jpg\" alt=\"01 - Comunicac\u0327a\u0303o-eletro\u0301nica\" width=\"1024\" height=\"581\" srcset=\"https:\/\/jornaldasoficinas.com\/pt\/wp-content\/uploads\/2021\/01\/Comunicac\u0327a\u0303o-eletro\u0301nica.jpg 1024w, https:\/\/jornaldasoficinas.com\/pt\/wp-content\/uploads\/2021\/01\/Comunicac\u0327a\u0303o-eletro\u0301nica-300x170.jpg 300w, https:\/\/jornaldasoficinas.com\/pt\/wp-content\/uploads\/2021\/01\/Comunicac\u0327a\u0303o-eletro\u0301nica-150x85.jpg 150w, https:\/\/jornaldasoficinas.com\/pt\/wp-content\/uploads\/2021\/01\/Comunicac\u0327a\u0303o-eletro\u0301nica-768x436.jpg 768w\" sizes=\"auto, (max-width: 1024px) 100vw, 1024px\" \/><\/strong><\/p>\n<p><strong>Com o Or\u00e7amento de Estado para 2015 passou a ser obrigat\u00f3rio a comunica\u00e7\u00e3o eletr\u00f3nica de invent\u00e1rios, atrav\u00e9s de um ficheiro inform\u00e1tico at\u00e9 ao dia 31 de Janeiro do ano seguinte ao da atividade.<\/strong><\/p>\n<p>Esta obrigatoriedade surge, no seguimento das comunica\u00e7\u00f5es eletr\u00f3nicas dos elementos das faturas e dos documentos de transporte, como mais uma arma no combate \u00e0 fraude e \u00e0 evas\u00e3o fiscal.<\/p>\n<p>Colocamos aqui algumas respostas \u00e0s perguntas mais frequentes:<\/p>\n<ul>\n<li><strong> Quem est\u00e1 obrigado a comunicar os invent\u00e1rios?<br \/>\n<\/strong>As pessoas, singulares ou coletivas, que tenham sede, estabelecimento est\u00e1vel ou domic\u00edlio fiscal em territ\u00f3rio portugu\u00eas, que disponham de contabilidade organizada.<\/li>\n<li><strong> Qual \u00e9 o prazo para fazer a comunica\u00e7\u00e3o eletr\u00f3nica dos invent\u00e1rios?<br \/>\n<\/strong>A comunica\u00e7\u00e3o \u00e0 AT dever\u00e1 ser efetuada at\u00e9 31 de Janeiro do ano seguinte. Assim, as pessoas singulares ou coletivas abrangidas por esta obriga\u00e7\u00e3o devem comunicar a sua situa\u00e7\u00e3o final de invent\u00e1rio de 2020 at\u00e9 31 de Janeiro de 2021. Relativamente \u00e0s pessoas que adotem um per\u00edodo de tributa\u00e7\u00e3o diferente do ano civil, a comunica\u00e7\u00e3o deve ser efetuado at\u00e9 ao final do primeiro m\u00eas seguinte ao termo desse per\u00edodo.<\/li>\n<li><strong> O que ter\u00e1 que ser comunicado?<br \/>\n<\/strong>Dever\u00e3o ser comunicadas as quantidades dispon\u00edveis em stock de cada artigo, ou seja, mercadorias, mat\u00e9rias-primas, subsidi\u00e1rias e de consumo, produtos acabados e interm\u00e9dios, subprodutos, desperd\u00edcios e refugos, e produtos e trabalhos em curso.<\/li>\n<li><strong> Como deve ser efetuada a comunica\u00e7\u00e3o?<br \/>\n<\/strong>Por transmiss\u00e3o eletr\u00f3nica de dados no portal da AT, nomeadamente atrav\u00e9s da submiss\u00e3o de um ficheiro xml cuja estrutura foi definida pela AT ou, em alternativa, atrav\u00e9s de um ficheiro csv.<\/li>\n<li><strong> Onde posso consultar esta informa\u00e7\u00e3o?<br \/>\n<\/strong>As altera\u00e7\u00f5es legislativas podem ser consultadas na Proposta de Lei n.\u00ba 254\/XII artigo 217.\u00ba e artigo 218.\u00ba. Os formatos e procedimentos definidos pela AT para comunica\u00e7\u00e3o dos invent\u00e1rios est\u00e3o dispon\u00edveis no respetivo portal das finan\u00e7as <strong><a href=\"https:\/\/info.portaldasfinancas.gov.pt\/pt\/apoio_contribuinte\/\" target=\"_blank\" rel=\"noopener\">aqui<\/a>.<\/strong><strong><br \/>\n<\/strong><\/li>\n<\/ul>\n","protected":false},"excerpt":{"rendered":"<p>Com o Or\u00e7amento de Estado para&#8230;<\/p>\n","protected":false},"author":15,"featured_media":18317,"comment_status":"closed","ping_status":"closed","sticky":false,"template":"","format":"standard","meta":{"footnotes":""},"categories":[37],"tags":[],"class_list":["post-18320","post","type-post","status-publish","format-standard","has-post-thumbnail","hentry","category-mercado"],"yoast_head":"<!-- This site is optimized with the Yoast SEO plugin v27.5 - https:\/\/yoast.com\/product\/yoast-seo-wordpress\/ -->\n<title>Comunica\u00e7\u00e3o eletr\u00f3nica de invent\u00e1rios obrigat\u00f3ria - Jornal das Oficinas<\/title>\n<meta name=\"robots\" content=\"index, follow, max-snippet:-1, max-image-preview:large, max-video-preview:-1\" \/>\n<link rel=\"canonical\" href=\"https:\/\/jornaldasoficinas.com\/pt\/comunicacao-eletronica-de-inventarios-obrigatoria\/\" \/>\n<meta property=\"og:locale\" content=\"pt_PT\" \/>\n<meta property=\"og:type\" content=\"article\" \/>\n<meta property=\"og:title\" content=\"Comunica\u00e7\u00e3o eletr\u00f3nica de invent\u00e1rios obrigat\u00f3ria - Jornal das Oficinas\" \/>\n<meta property=\"og:description\" content=\"Com o Or\u00e7amento de Estado para...\" \/>\n<meta property=\"og:url\" content=\"https:\/\/jornaldasoficinas.com\/pt\/comunicacao-eletronica-de-inventarios-obrigatoria\/\" \/>\n<meta property=\"og:site_name\" content=\"Jornal das Oficinas\" \/>\n<meta property=\"article:publisher\" content=\"https:\/\/www.facebook.com\/jornaloficinas\" \/>\n<meta property=\"article:published_time\" content=\"2021-01-25T08:00:58+00:00\" \/>\n<meta property=\"og:image\" content=\"https:\/\/jornaldasoficinas.com\/pt\/wp-content\/uploads\/2021\/01\/Comunicac\u0327a\u0303o-eletro\u0301nica.jpg\" \/>\n\t<meta property=\"og:image:width\" content=\"1024\" \/>\n\t<meta property=\"og:image:height\" content=\"581\" \/>\n\t<meta property=\"og:image:type\" content=\"image\/jpeg\" \/>\n<meta name=\"author\" content=\"Reda\u00e7\u00e3o JO\" \/>\n<meta name=\"twitter:card\" content=\"summary_large_image\" \/>\n<meta name=\"twitter:creator\" content=\"@jornaloficinas\" \/>\n<meta name=\"twitter:site\" content=\"@jornaloficinas\" \/>\n<meta name=\"twitter:label1\" content=\"Escrito por\" \/>\n\t<meta name=\"twitter:data1\" content=\"Reda\u00e7\u00e3o JO\" \/>\n\t<meta name=\"twitter:label2\" content=\"Tempo estimado de leitura\" \/>\n\t<meta name=\"twitter:data2\" content=\"2 minutos\" \/>\n<script type=\"application\/ld+json\" class=\"yoast-schema-graph\">{\"@context\":\"https:\\\/\\\/schema.org\",\"@graph\":[{\"@type\":\"Article\",\"@id\":\"https:\\\/\\\/jornaldasoficinas.com\\\/pt\\\/comunicacao-eletronica-de-inventarios-obrigatoria\\\/#article\",\"isPartOf\":{\"@id\":\"https:\\\/\\\/jornaldasoficinas.com\\\/pt\\\/comunicacao-eletronica-de-inventarios-obrigatoria\\\/\"},\"author\":{\"name\":\"Reda\u00e7\u00e3o JO\",\"@id\":\"https:\\\/\\\/jornaldasoficinas.com\\\/pt\\\/#\\\/schema\\\/person\\\/a38eef5de2c41d9e7c9ac10141afddf3\"},\"headline\":\"Comunica\u00e7\u00e3o eletr\u00f3nica de invent\u00e1rios obrigat\u00f3ria\",\"datePublished\":\"2021-01-25T08:00:58+00:00\",\"mainEntityOfPage\":{\"@id\":\"https:\\\/\\\/jornaldasoficinas.com\\\/pt\\\/comunicacao-eletronica-de-inventarios-obrigatoria\\\/\"},\"wordCount\":338,\"publisher\":{\"@id\":\"https:\\\/\\\/jornaldasoficinas.com\\\/pt\\\/#organization\"},\"image\":{\"@id\":\"https:\\\/\\\/jornaldasoficinas.com\\\/pt\\\/comunicacao-eletronica-de-inventarios-obrigatoria\\\/#primaryimage\"},\"thumbnailUrl\":\"https:\\\/\\\/jornaldasoficinas.com\\\/pt\\\/wp-content\\\/uploads\\\/2021\\\/01\\\/Comunicac\u0327a\u0303o-eletro\u0301nica.jpg\",\"articleSection\":[\"Mercado\"],\"inLanguage\":\"pt-PT\"},{\"@type\":\"WebPage\",\"@id\":\"https:\\\/\\\/jornaldasoficinas.com\\\/pt\\\/comunicacao-eletronica-de-inventarios-obrigatoria\\\/\",\"url\":\"https:\\\/\\\/jornaldasoficinas.com\\\/pt\\\/comunicacao-eletronica-de-inventarios-obrigatoria\\\/\",\"name\":\"Comunica\u00e7\u00e3o eletr\u00f3nica de invent\u00e1rios obrigat\u00f3ria - Jornal das Oficinas\",\"isPartOf\":{\"@id\":\"https:\\\/\\\/jornaldasoficinas.com\\\/pt\\\/#website\"},\"primaryImageOfPage\":{\"@id\":\"https:\\\/\\\/jornaldasoficinas.com\\\/pt\\\/comunicacao-eletronica-de-inventarios-obrigatoria\\\/#primaryimage\"},\"image\":{\"@id\":\"https:\\\/\\\/jornaldasoficinas.com\\\/pt\\\/comunicacao-eletronica-de-inventarios-obrigatoria\\\/#primaryimage\"},\"thumbnailUrl\":\"https:\\\/\\\/jornaldasoficinas.com\\\/pt\\\/wp-content\\\/uploads\\\/2021\\\/01\\\/Comunicac\u0327a\u0303o-eletro\u0301nica.jpg\",\"datePublished\":\"2021-01-25T08:00:58+00:00\",\"breadcrumb\":{\"@id\":\"https:\\\/\\\/jornaldasoficinas.com\\\/pt\\\/comunicacao-eletronica-de-inventarios-obrigatoria\\\/#breadcrumb\"},\"inLanguage\":\"pt-PT\",\"potentialAction\":[{\"@type\":\"ReadAction\",\"target\":[\"https:\\\/\\\/jornaldasoficinas.com\\\/pt\\\/comunicacao-eletronica-de-inventarios-obrigatoria\\\/\"]}]},{\"@type\":\"ImageObject\",\"inLanguage\":\"pt-PT\",\"@id\":\"https:\\\/\\\/jornaldasoficinas.com\\\/pt\\\/comunicacao-eletronica-de-inventarios-obrigatoria\\\/#primaryimage\",\"url\":\"https:\\\/\\\/jornaldasoficinas.com\\\/pt\\\/wp-content\\\/uploads\\\/2021\\\/01\\\/Comunicac\u0327a\u0303o-eletro\u0301nica.jpg\",\"contentUrl\":\"https:\\\/\\\/jornaldasoficinas.com\\\/pt\\\/wp-content\\\/uploads\\\/2021\\\/01\\\/Comunicac\u0327a\u0303o-eletro\u0301nica.jpg\",\"width\":1024,\"height\":581,\"caption\":\"01 - Comunicac\u0327a\u0303o-eletro\u0301nica\"},{\"@type\":\"BreadcrumbList\",\"@id\":\"https:\\\/\\\/jornaldasoficinas.com\\\/pt\\\/comunicacao-eletronica-de-inventarios-obrigatoria\\\/#breadcrumb\",\"itemListElement\":[{\"@type\":\"ListItem\",\"position\":1,\"name\":\"In\u00edcio\",\"item\":\"https:\\\/\\\/jornaldasoficinas.com\\\/pt\\\/\"},{\"@type\":\"ListItem\",\"position\":2,\"name\":\"Comunica\u00e7\u00e3o eletr\u00f3nica de invent\u00e1rios obrigat\u00f3ria\"}]},{\"@type\":\"WebSite\",\"@id\":\"https:\\\/\\\/jornaldasoficinas.com\\\/pt\\\/#website\",\"url\":\"https:\\\/\\\/jornaldasoficinas.com\\\/pt\\\/\",\"name\":\"Jornal das Oficinas\",\"description\":\"Jornal independente do Aftermarket Autom\u00f3vel em Portugal\",\"publisher\":{\"@id\":\"https:\\\/\\\/jornaldasoficinas.com\\\/pt\\\/#organization\"},\"potentialAction\":[{\"@type\":\"SearchAction\",\"target\":{\"@type\":\"EntryPoint\",\"urlTemplate\":\"https:\\\/\\\/jornaldasoficinas.com\\\/pt\\\/?s={search_term_string}\"},\"query-input\":{\"@type\":\"PropertyValueSpecification\",\"valueRequired\":true,\"valueName\":\"search_term_string\"}}],\"inLanguage\":\"pt-PT\"},{\"@type\":\"Organization\",\"@id\":\"https:\\\/\\\/jornaldasoficinas.com\\\/pt\\\/#organization\",\"name\":\"Jornal das Oficinas\",\"url\":\"https:\\\/\\\/jornaldasoficinas.com\\\/pt\\\/\",\"logo\":{\"@type\":\"ImageObject\",\"inLanguage\":\"pt-PT\",\"@id\":\"https:\\\/\\\/jornaldasoficinas.com\\\/pt\\\/#\\\/schema\\\/logo\\\/image\\\/\",\"url\":\"https:\\\/\\\/jornaldasoficinas.com\\\/pt\\\/wp-content\\\/uploads\\\/logoJO-SEO.png\",\"contentUrl\":\"https:\\\/\\\/jornaldasoficinas.com\\\/pt\\\/wp-content\\\/uploads\\\/logoJO-SEO.png\",\"width\":285,\"height\":450,\"caption\":\"Jornal das Oficinas\"},\"image\":{\"@id\":\"https:\\\/\\\/jornaldasoficinas.com\\\/pt\\\/#\\\/schema\\\/logo\\\/image\\\/\"},\"sameAs\":[\"https:\\\/\\\/www.facebook.com\\\/jornaloficinas\",\"https:\\\/\\\/x.com\\\/jornaloficinas\",\"https:\\\/\\\/www.instagram.com\\\/jornal_oficinas\\\/\",\"https:\\\/\\\/www.linkedin.com\\\/company\\\/jornal-das-oficinas\\\/\",\"https:\\\/\\\/www.youtube.com\\\/channel\\\/UCbQZBqtcvV-oSQrr7RzINGg\"]},{\"@type\":\"Person\",\"@id\":\"https:\\\/\\\/jornaldasoficinas.com\\\/pt\\\/#\\\/schema\\\/person\\\/a38eef5de2c41d9e7c9ac10141afddf3\",\"name\":\"Reda\u00e7\u00e3o JO\",\"image\":{\"@type\":\"ImageObject\",\"inLanguage\":\"pt-PT\",\"@id\":\"https:\\\/\\\/secure.gravatar.com\\\/avatar\\\/71f2fa71737ad68a84fea94bc708ddac8ea5b0c4788dc2ad202f3ccb2887742f?s=96&d=wp_user_avatar&r=g\",\"url\":\"https:\\\/\\\/secure.gravatar.com\\\/avatar\\\/71f2fa71737ad68a84fea94bc708ddac8ea5b0c4788dc2ad202f3ccb2887742f?s=96&d=wp_user_avatar&r=g\",\"contentUrl\":\"https:\\\/\\\/secure.gravatar.com\\\/avatar\\\/71f2fa71737ad68a84fea94bc708ddac8ea5b0c4788dc2ad202f3ccb2887742f?s=96&d=wp_user_avatar&r=g\",\"caption\":\"Reda\u00e7\u00e3o JO\"},\"url\":\"https:\\\/\\\/jornaldasoficinas.com\\\/pt\\\/author\\\/joredacao\\\/\"}]}<\/script>\n<!-- \/ Yoast SEO plugin. -->","yoast_head_json":{"title":"Comunica\u00e7\u00e3o eletr\u00f3nica de invent\u00e1rios obrigat\u00f3ria - Jornal das Oficinas","robots":{"index":"index","follow":"follow","max-snippet":"max-snippet:-1","max-image-preview":"max-image-preview:large","max-video-preview":"max-video-preview:-1"},"canonical":"https:\/\/jornaldasoficinas.com\/pt\/comunicacao-eletronica-de-inventarios-obrigatoria\/","og_locale":"pt_PT","og_type":"article","og_title":"Comunica\u00e7\u00e3o eletr\u00f3nica de invent\u00e1rios obrigat\u00f3ria - Jornal das Oficinas","og_description":"Com o Or\u00e7amento de Estado para...","og_url":"https:\/\/jornaldasoficinas.com\/pt\/comunicacao-eletronica-de-inventarios-obrigatoria\/","og_site_name":"Jornal das Oficinas","article_publisher":"https:\/\/www.facebook.com\/jornaloficinas","article_published_time":"2021-01-25T08:00:58+00:00","og_image":[{"width":1024,"height":581,"url":"https:\/\/jornaldasoficinas.com\/pt\/wp-content\/uploads\/2021\/01\/Comunicac\u0327a\u0303o-eletro\u0301nica.jpg","type":"image\/jpeg"}],"author":"Reda\u00e7\u00e3o JO","twitter_card":"summary_large_image","twitter_creator":"@jornaloficinas","twitter_site":"@jornaloficinas","twitter_misc":{"Escrito por":"Reda\u00e7\u00e3o JO","Tempo estimado de leitura":"2 minutos"},"schema":{"@context":"https:\/\/schema.org","@graph":[{"@type":"Article","@id":"https:\/\/jornaldasoficinas.com\/pt\/comunicacao-eletronica-de-inventarios-obrigatoria\/#article","isPartOf":{"@id":"https:\/\/jornaldasoficinas.com\/pt\/comunicacao-eletronica-de-inventarios-obrigatoria\/"},"author":{"name":"Reda\u00e7\u00e3o JO","@id":"https:\/\/jornaldasoficinas.com\/pt\/#\/schema\/person\/a38eef5de2c41d9e7c9ac10141afddf3"},"headline":"Comunica\u00e7\u00e3o eletr\u00f3nica de invent\u00e1rios obrigat\u00f3ria","datePublished":"2021-01-25T08:00:58+00:00","mainEntityOfPage":{"@id":"https:\/\/jornaldasoficinas.com\/pt\/comunicacao-eletronica-de-inventarios-obrigatoria\/"},"wordCount":338,"publisher":{"@id":"https:\/\/jornaldasoficinas.com\/pt\/#organization"},"image":{"@id":"https:\/\/jornaldasoficinas.com\/pt\/comunicacao-eletronica-de-inventarios-obrigatoria\/#primaryimage"},"thumbnailUrl":"https:\/\/jornaldasoficinas.com\/pt\/wp-content\/uploads\/2021\/01\/Comunicac\u0327a\u0303o-eletro\u0301nica.jpg","articleSection":["Mercado"],"inLanguage":"pt-PT"},{"@type":"WebPage","@id":"https:\/\/jornaldasoficinas.com\/pt\/comunicacao-eletronica-de-inventarios-obrigatoria\/","url":"https:\/\/jornaldasoficinas.com\/pt\/comunicacao-eletronica-de-inventarios-obrigatoria\/","name":"Comunica\u00e7\u00e3o eletr\u00f3nica de invent\u00e1rios obrigat\u00f3ria - Jornal das Oficinas","isPartOf":{"@id":"https:\/\/jornaldasoficinas.com\/pt\/#website"},"primaryImageOfPage":{"@id":"https:\/\/jornaldasoficinas.com\/pt\/comunicacao-eletronica-de-inventarios-obrigatoria\/#primaryimage"},"image":{"@id":"https:\/\/jornaldasoficinas.com\/pt\/comunicacao-eletronica-de-inventarios-obrigatoria\/#primaryimage"},"thumbnailUrl":"https:\/\/jornaldasoficinas.com\/pt\/wp-content\/uploads\/2021\/01\/Comunicac\u0327a\u0303o-eletro\u0301nica.jpg","datePublished":"2021-01-25T08:00:58+00:00","breadcrumb":{"@id":"https:\/\/jornaldasoficinas.com\/pt\/comunicacao-eletronica-de-inventarios-obrigatoria\/#breadcrumb"},"inLanguage":"pt-PT","potentialAction":[{"@type":"ReadAction","target":["https:\/\/jornaldasoficinas.com\/pt\/comunicacao-eletronica-de-inventarios-obrigatoria\/"]}]},{"@type":"ImageObject","inLanguage":"pt-PT","@id":"https:\/\/jornaldasoficinas.com\/pt\/comunicacao-eletronica-de-inventarios-obrigatoria\/#primaryimage","url":"https:\/\/jornaldasoficinas.com\/pt\/wp-content\/uploads\/2021\/01\/Comunicac\u0327a\u0303o-eletro\u0301nica.jpg","contentUrl":"https:\/\/jornaldasoficinas.com\/pt\/wp-content\/uploads\/2021\/01\/Comunicac\u0327a\u0303o-eletro\u0301nica.jpg","width":1024,"height":581,"caption":"01 - Comunicac\u0327a\u0303o-eletro\u0301nica"},{"@type":"BreadcrumbList","@id":"https:\/\/jornaldasoficinas.com\/pt\/comunicacao-eletronica-de-inventarios-obrigatoria\/#breadcrumb","itemListElement":[{"@type":"ListItem","position":1,"name":"In\u00edcio","item":"https:\/\/jornaldasoficinas.com\/pt\/"},{"@type":"ListItem","position":2,"name":"Comunica\u00e7\u00e3o eletr\u00f3nica de invent\u00e1rios obrigat\u00f3ria"}]},{"@type":"WebSite","@id":"https:\/\/jornaldasoficinas.com\/pt\/#website","url":"https:\/\/jornaldasoficinas.com\/pt\/","name":"Jornal das Oficinas","description":"Jornal independente do Aftermarket Autom\u00f3vel em Portugal","publisher":{"@id":"https:\/\/jornaldasoficinas.com\/pt\/#organization"},"potentialAction":[{"@type":"SearchAction","target":{"@type":"EntryPoint","urlTemplate":"https:\/\/jornaldasoficinas.com\/pt\/?s={search_term_string}"},"query-input":{"@type":"PropertyValueSpecification","valueRequired":true,"valueName":"search_term_string"}}],"inLanguage":"pt-PT"},{"@type":"Organization","@id":"https:\/\/jornaldasoficinas.com\/pt\/#organization","name":"Jornal das Oficinas","url":"https:\/\/jornaldasoficinas.com\/pt\/","logo":{"@type":"ImageObject","inLanguage":"pt-PT","@id":"https:\/\/jornaldasoficinas.com\/pt\/#\/schema\/logo\/image\/","url":"https:\/\/jornaldasoficinas.com\/pt\/wp-content\/uploads\/logoJO-SEO.png","contentUrl":"https:\/\/jornaldasoficinas.com\/pt\/wp-content\/uploads\/logoJO-SEO.png","width":285,"height":450,"caption":"Jornal das Oficinas"},"image":{"@id":"https:\/\/jornaldasoficinas.com\/pt\/#\/schema\/logo\/image\/"},"sameAs":["https:\/\/www.facebook.com\/jornaloficinas","https:\/\/x.com\/jornaloficinas","https:\/\/www.instagram.com\/jornal_oficinas\/","https:\/\/www.linkedin.com\/company\/jornal-das-oficinas\/","https:\/\/www.youtube.com\/channel\/UCbQZBqtcvV-oSQrr7RzINGg"]},{"@type":"Person","@id":"https:\/\/jornaldasoficinas.com\/pt\/#\/schema\/person\/a38eef5de2c41d9e7c9ac10141afddf3","name":"Reda\u00e7\u00e3o JO","image":{"@type":"ImageObject","inLanguage":"pt-PT","@id":"https:\/\/secure.gravatar.com\/avatar\/71f2fa71737ad68a84fea94bc708ddac8ea5b0c4788dc2ad202f3ccb2887742f?s=96&d=wp_user_avatar&r=g","url":"https:\/\/secure.gravatar.com\/avatar\/71f2fa71737ad68a84fea94bc708ddac8ea5b0c4788dc2ad202f3ccb2887742f?s=96&d=wp_user_avatar&r=g","contentUrl":"https:\/\/secure.gravatar.com\/avatar\/71f2fa71737ad68a84fea94bc708ddac8ea5b0c4788dc2ad202f3ccb2887742f?s=96&d=wp_user_avatar&r=g","caption":"Reda\u00e7\u00e3o JO"},"url":"https:\/\/jornaldasoficinas.com\/pt\/author\/joredacao\/"}]}},"_links":{"self":[{"href":"https:\/\/jornaldasoficinas.com\/pt\/wp-json\/wp\/v2\/posts\/18320","targetHints":{"allow":["GET"]}}],"collection":[{"href":"https:\/\/jornaldasoficinas.com\/pt\/wp-json\/wp\/v2\/posts"}],"about":[{"href":"https:\/\/jornaldasoficinas.com\/pt\/wp-json\/wp\/v2\/types\/post"}],"author":[{"embeddable":true,"href":"https:\/\/jornaldasoficinas.com\/pt\/wp-json\/wp\/v2\/users\/15"}],"replies":[{"embeddable":true,"href":"https:\/\/jornaldasoficinas.com\/pt\/wp-json\/wp\/v2\/comments?post=18320"}],"version-history":[{"count":0,"href":"https:\/\/jornaldasoficinas.com\/pt\/wp-json\/wp\/v2\/posts\/18320\/revisions"}],"wp:featuredmedia":[{"embeddable":true,"href":"https:\/\/jornaldasoficinas.com\/pt\/wp-json\/wp\/v2\/media\/18317"}],"wp:attachment":[{"href":"https:\/\/jornaldasoficinas.com\/pt\/wp-json\/wp\/v2\/media?parent=18320"}],"wp:term":[{"taxonomy":"category","embeddable":true,"href":"https:\/\/jornaldasoficinas.com\/pt\/wp-json\/wp\/v2\/categories?post=18320"},{"taxonomy":"post_tag","embeddable":true,"href":"https:\/\/jornaldasoficinas.com\/pt\/wp-json\/wp\/v2\/tags?post=18320"}],"curies":[{"name":"wp","href":"https:\/\/api.w.org\/{rel}","templated":true}]}}