{"id":18397,"date":"2021-01-27T18:00:24","date_gmt":"2021-01-27T18:00:24","guid":{"rendered":"https:\/\/jornaldasoficinas.com\/pt\/?p=18397"},"modified":"2021-06-01T03:17:42","modified_gmt":"2021-06-01T02:17:42","slug":"jornal-das-oficinas-de-fevereiro-ja-esta-disponivel-online","status":"publish","type":"post","link":"https:\/\/jornaldasoficinas.com\/pt\/jornal-das-oficinas-de-fevereiro-ja-esta-disponivel-online\/","title":{"rendered":"Jornal das Oficinas de fevereiro online"},"content":{"rendered":"<p><strong><img loading=\"lazy\" decoding=\"async\" class=\"alignnone wp-image-21707 size-full\" src=\"https:\/\/jornaldasoficinas.com\/pt\/wp-content\/uploads\/jodigital\/183digital.png\" alt=\"jodigital - 183digital\" width=\"2134\" height=\"1211\" srcset=\"https:\/\/jornaldasoficinas.com\/pt\/wp-content\/uploads\/jodigital\/183digital.png 2134w, https:\/\/jornaldasoficinas.com\/pt\/wp-content\/uploads\/jodigital\/183digital-300x170.png 300w, https:\/\/jornaldasoficinas.com\/pt\/wp-content\/uploads\/jodigital\/183digital-1024x581.png 1024w, https:\/\/jornaldasoficinas.com\/pt\/wp-content\/uploads\/jodigital\/183digital-150x85.png 150w, https:\/\/jornaldasoficinas.com\/pt\/wp-content\/uploads\/jodigital\/183digital-768x436.png 768w, https:\/\/jornaldasoficinas.com\/pt\/wp-content\/uploads\/jodigital\/183digital-1536x872.png 1536w, https:\/\/jornaldasoficinas.com\/pt\/wp-content\/uploads\/jodigital\/183digital-2048x1162.png 2048w\" sizes=\"auto, (max-width: 2134px) 100vw, 2134px\" \/><\/strong><\/p>\n<p><strong>Na edi\u00e7\u00e3o de fevereiro 2021, o artigo de destaque \u00e9 sobre a sucess\u00e3o nas empresas familiares. Ouvimos falar diariamente que os filhos assumem o lugar dos pais nas empresas da fam\u00edlia, ou de neg\u00f3cios que transitam de pais para filhos. Um normal pouco falado e t\u00e3o habitual no setor autom\u00f3vel e do aftermarket.<\/strong><\/p>\n<p>Nesta edi\u00e7\u00e3o publicamos a II parte do artigo dedicado \u00e0 transi\u00e7\u00e3o energ\u00e9tica e o tema \u00e9 sobre as refinarias do futuro, onde explicamos o caminho que est\u00e1 a ser tra\u00e7ado para se alcan\u00e7ar os \u201cCombust\u00edveis limpos para todos\u201d.<\/p>\n<p>As campanhas Power On e VISU, voltam a ter um lugar de destaque. \u201cComo funcionam os Ve\u00edculos H\u00edbridos?\u201d \u00e9 o tema tratado na campanha Power On, enquanto no VISU refletimos sobre o futuro da distribui\u00e7\u00e3o de pe\u00e7as.<\/p>\n<p>Este m\u00eas entrevist\u00e1mos Ferran Carreras Boix, diretor geral de Motul Ib\u00e9rica. H\u00e1 32 anos que a Motul chegou a Portugal para proporcionar aos seus clientes uma vasta gama de lubrificantes. Os anos mudam, mas a filosofia da marca permanece a mesma \u201cTransmitir confian\u00e7a, seriedade e apoio a todos os clientes\u201d.<\/p>\n<p>Na r\u00fabrica Gest\u00e3o, alertamos para a necessidade das oficinas de colis\u00e3o pensarem numa estrat\u00e9gia que lhes permita enfrentar as mudan\u00e7as e transforma\u00e7\u00f5es do mercado. Este n\u00e3o \u00e9 o momento para refletir sobre as causas que motivaram as mudan\u00e7as, mas sim para ver como abordar o novo cen\u00e1rio resultante.<\/p>\n<p>Na se\u00e7\u00e3o dedicada \u00e0s novidades, o protagonista \u00e9 o novo aparelho de diagn\u00f3stico mega macs One da Hella-Gutmann. D\u00e9cadas de experi\u00eancia foram implementadas neste novo aparelho de diagn\u00f3stico Android, da Hella-Gutmann, que abrange 40 fabricantes e mais de 48.000 modelos de autom\u00f3veis.<\/p>\n<p>A Oficina do M\u00eas \u00e9 a Valmotor. Situada no Concelho de Silves, distrito de Faro, a Valmotor tem cerca de 300 m\u00b2 e \u00e9 perita em mec\u00e2nica geral, diagn\u00f3stico, revis\u00f5es, eletricidade, eletr\u00f3nica, travagem, pr\u00e9-inspe\u00e7\u00e3o e pneus.<\/p>\n<p>Os artigos de Opini\u00e3o desta edi\u00e7\u00e3o s\u00e3o assinados por Jos\u00e9 Alves Pires, diretor geral da Atlantic Parts e M\u00e1rio Carmo, diretor comercial da AP Com.<\/p>\n<p>Na r\u00fabrica Passo a Passo explicamos como fazer a verifica\u00e7\u00e3o pr\u00e9via da plataforma de um ve\u00edculo e na se\u00e7\u00e3o T\u00e9cnica &amp; Servi\u00e7o destacamos o Top Ten dos KPI &#8211; 10 indicadores-chave, e imprescind\u00edveis, na gest\u00e3o de uma oficina de carro\u00e7aria e pintura.<\/p>\n<p>O filtro de habit\u00e1culo MEYLE-PD \u00e9 a novidade em destaque da se\u00e7\u00e3o Produto. O novo filtro de habit\u00e1culo adequa-se em especial para as grandes cidades, caracterizadas por muito tr\u00e2nsito e elevadas concentra\u00e7\u00f5es de p\u00f3 fino e assegura um fluxo de ar excecional, reduzindo, ao mesmo tempo, as perdas de press\u00e3o.<\/p>\n<p>A reportagem principal desta edi\u00e7\u00e3o \u00e9 sobre a empresa Meganor, um distribuidor de equipamentos oficinais, que nasceu da vontade de dois s\u00f3cios, num espa\u00e7o de 80m2 e hoje estende-se por duas amplas instala\u00e7\u00f5es com \u00e1rea para armazenamento. Jorge Pinheiro \u00e9 o fundador e gerente de uma casa que tem paulatinamente cimentado o seu lugar no setor.<\/p>\n<p>Duas novas redes de oficinas: a Tec4Car e Oficinas DP, foram recentemente lan\u00e7adas e apresentamos as mais valias destes novos conceitos oficinais.<\/p>\n<p>Na se\u00e7\u00e3o Servi\u00e7o fique a saber como se processa o recondicionamento, reciclagem e repara\u00e7\u00e3o das baterias utilizadas nos ve\u00edculos el\u00e9tricos.<\/p>\n<p>A empresa em destaque na se\u00e7\u00e3o repintura \u00e9 a Quimir\u00e9gua. Com 38 anos de experi\u00eancia no setor, garante continuar a acrescentar produtos e equipamentos ao seu portf\u00f3lio para 2021, mantendo-se junto dos clientes para continuar a ser uma aposta de confian\u00e7a nos pr\u00f3ximos anos.<\/p>\n<p>Desejamos boas leituras e despedimo-nos at\u00e9 \u00e0 pr\u00f3xima edi\u00e7\u00e3o de mar\u00e7o.<\/p>\n<p><iframe loading=\"lazy\" src=\"https:\/\/www.yumpu.com\/pt\/embed\/view\/YHpBOfz42ZNKQ86y\" width=\"620px\" height=\"420px\" frameborder=\"0\" allowfullscreen=\"allowfullscreen\"><span style=\"display: inline-block; width: 0px; overflow: hidden; line-height: 0;\" data-mce-type=\"bookmark\" class=\"mce_SELRES_start\">\ufeff<\/span><\/iframe><\/p>\n","protected":false},"excerpt":{"rendered":"<p>Na edi\u00e7\u00e3o de fevereiro 2021, o&#8230;<\/p>\n","protected":false},"author":15,"featured_media":21707,"comment_status":"closed","ping_status":"closed","sticky":false,"template":"","format":"standard","meta":{"footnotes":""},"categories":[411],"tags":[543,2527,2529,69,1956,2530,1947,2464,2528],"class_list":["post-18397","post","type-post","status-publish","format-standard","has-post-thumbnail","hentry","category-edicoes-jo","tag-atlantic-parts","tag-hella-gutmann","tag-meganor","tag-meyle","tag-motul-iberica","tag-oficinas-dp","tag-quimiregua","tag-tec4car","tag-valmotor"],"yoast_head":"<!-- This site is optimized with the Yoast SEO plugin v27.4 - https:\/\/yoast.com\/product\/yoast-seo-wordpress\/ -->\n<title>Jornal das Oficinas de fevereiro online - Jornal das Oficinas<\/title>\n<meta name=\"robots\" content=\"index, follow, max-snippet:-1, max-image-preview:large, max-video-preview:-1\" \/>\n<link rel=\"canonical\" href=\"https:\/\/jornaldasoficinas.com\/pt\/jornal-das-oficinas-de-fevereiro-ja-esta-disponivel-online\/\" \/>\n<meta property=\"og:locale\" content=\"pt_PT\" \/>\n<meta property=\"og:type\" content=\"article\" \/>\n<meta property=\"og:title\" content=\"Jornal das Oficinas de fevereiro online - Jornal das Oficinas\" \/>\n<meta property=\"og:description\" content=\"Na edi\u00e7\u00e3o de fevereiro 2021, o...\" \/>\n<meta property=\"og:url\" content=\"https:\/\/jornaldasoficinas.com\/pt\/jornal-das-oficinas-de-fevereiro-ja-esta-disponivel-online\/\" \/>\n<meta property=\"og:site_name\" content=\"Jornal das Oficinas\" \/>\n<meta property=\"article:publisher\" content=\"https:\/\/www.facebook.com\/jornaloficinas\" \/>\n<meta property=\"article:published_time\" content=\"2021-01-27T18:00:24+00:00\" \/>\n<meta property=\"article:modified_time\" content=\"2021-06-01T02:17:42+00:00\" \/>\n<meta property=\"og:image\" content=\"https:\/\/jornaldasoficinas.com\/pt\/wp-content\/uploads\/jodigital\/183digital.png\" \/>\n\t<meta property=\"og:image:width\" content=\"2134\" \/>\n\t<meta property=\"og:image:height\" content=\"1211\" \/>\n\t<meta property=\"og:image:type\" content=\"image\/png\" \/>\n<meta name=\"author\" content=\"Reda\u00e7\u00e3o JO\" \/>\n<meta name=\"twitter:card\" content=\"summary_large_image\" \/>\n<meta name=\"twitter:creator\" content=\"@jornaloficinas\" \/>\n<meta name=\"twitter:site\" content=\"@jornaloficinas\" \/>\n<meta name=\"twitter:label1\" content=\"Escrito por\" \/>\n\t<meta name=\"twitter:data1\" content=\"Reda\u00e7\u00e3o JO\" \/>\n\t<meta name=\"twitter:label2\" content=\"Tempo estimado de leitura\" \/>\n\t<meta name=\"twitter:data2\" content=\"3 minutos\" \/>\n<script type=\"application\/ld+json\" class=\"yoast-schema-graph\">{\"@context\":\"https:\\\/\\\/schema.org\",\"@graph\":[{\"@type\":\"Article\",\"@id\":\"https:\\\/\\\/jornaldasoficinas.com\\\/pt\\\/jornal-das-oficinas-de-fevereiro-ja-esta-disponivel-online\\\/#article\",\"isPartOf\":{\"@id\":\"https:\\\/\\\/jornaldasoficinas.com\\\/pt\\\/jornal-das-oficinas-de-fevereiro-ja-esta-disponivel-online\\\/\"},\"author\":{\"name\":\"Reda\u00e7\u00e3o JO\",\"@id\":\"https:\\\/\\\/jornaldasoficinas.com\\\/pt\\\/#\\\/schema\\\/person\\\/a38eef5de2c41d9e7c9ac10141afddf3\"},\"headline\":\"Jornal das Oficinas de fevereiro online\",\"datePublished\":\"2021-01-27T18:00:24+00:00\",\"dateModified\":\"2021-06-01T02:17:42+00:00\",\"mainEntityOfPage\":{\"@id\":\"https:\\\/\\\/jornaldasoficinas.com\\\/pt\\\/jornal-das-oficinas-de-fevereiro-ja-esta-disponivel-online\\\/\"},\"wordCount\":641,\"publisher\":{\"@id\":\"https:\\\/\\\/jornaldasoficinas.com\\\/pt\\\/#organization\"},\"image\":{\"@id\":\"https:\\\/\\\/jornaldasoficinas.com\\\/pt\\\/jornal-das-oficinas-de-fevereiro-ja-esta-disponivel-online\\\/#primaryimage\"},\"thumbnailUrl\":\"https:\\\/\\\/jornaldasoficinas.com\\\/pt\\\/wp-content\\\/uploads\\\/jodigital\\\/183digital.png\",\"keywords\":[\"Atlantic Parts\",\"Hella-Gutmann\",\"Meganor\",\"MEYLE\",\"Motul Ib\u00e9rica\",\"Oficinas DP\",\"Quimir\u00e9gua\",\"Tec4Car\",\"Valmotor\"],\"articleSection\":[\"Edi\u00e7\u00f5es JO\"],\"inLanguage\":\"pt-PT\"},{\"@type\":\"WebPage\",\"@id\":\"https:\\\/\\\/jornaldasoficinas.com\\\/pt\\\/jornal-das-oficinas-de-fevereiro-ja-esta-disponivel-online\\\/\",\"url\":\"https:\\\/\\\/jornaldasoficinas.com\\\/pt\\\/jornal-das-oficinas-de-fevereiro-ja-esta-disponivel-online\\\/\",\"name\":\"Jornal das Oficinas de fevereiro online - Jornal das Oficinas\",\"isPartOf\":{\"@id\":\"https:\\\/\\\/jornaldasoficinas.com\\\/pt\\\/#website\"},\"primaryImageOfPage\":{\"@id\":\"https:\\\/\\\/jornaldasoficinas.com\\\/pt\\\/jornal-das-oficinas-de-fevereiro-ja-esta-disponivel-online\\\/#primaryimage\"},\"image\":{\"@id\":\"https:\\\/\\\/jornaldasoficinas.com\\\/pt\\\/jornal-das-oficinas-de-fevereiro-ja-esta-disponivel-online\\\/#primaryimage\"},\"thumbnailUrl\":\"https:\\\/\\\/jornaldasoficinas.com\\\/pt\\\/wp-content\\\/uploads\\\/jodigital\\\/183digital.png\",\"datePublished\":\"2021-01-27T18:00:24+00:00\",\"dateModified\":\"2021-06-01T02:17:42+00:00\",\"breadcrumb\":{\"@id\":\"https:\\\/\\\/jornaldasoficinas.com\\\/pt\\\/jornal-das-oficinas-de-fevereiro-ja-esta-disponivel-online\\\/#breadcrumb\"},\"inLanguage\":\"pt-PT\",\"potentialAction\":[{\"@type\":\"ReadAction\",\"target\":[\"https:\\\/\\\/jornaldasoficinas.com\\\/pt\\\/jornal-das-oficinas-de-fevereiro-ja-esta-disponivel-online\\\/\"]}]},{\"@type\":\"ImageObject\",\"inLanguage\":\"pt-PT\",\"@id\":\"https:\\\/\\\/jornaldasoficinas.com\\\/pt\\\/jornal-das-oficinas-de-fevereiro-ja-esta-disponivel-online\\\/#primaryimage\",\"url\":\"https:\\\/\\\/jornaldasoficinas.com\\\/pt\\\/wp-content\\\/uploads\\\/jodigital\\\/183digital.png\",\"contentUrl\":\"https:\\\/\\\/jornaldasoficinas.com\\\/pt\\\/wp-content\\\/uploads\\\/jodigital\\\/183digital.png\",\"width\":2134,\"height\":1211,\"caption\":\"jodigital - 183digital\"},{\"@type\":\"BreadcrumbList\",\"@id\":\"https:\\\/\\\/jornaldasoficinas.com\\\/pt\\\/jornal-das-oficinas-de-fevereiro-ja-esta-disponivel-online\\\/#breadcrumb\",\"itemListElement\":[{\"@type\":\"ListItem\",\"position\":1,\"name\":\"In\u00edcio\",\"item\":\"https:\\\/\\\/jornaldasoficinas.com\\\/pt\\\/\"},{\"@type\":\"ListItem\",\"position\":2,\"name\":\"Jornal das Oficinas de fevereiro online\"}]},{\"@type\":\"WebSite\",\"@id\":\"https:\\\/\\\/jornaldasoficinas.com\\\/pt\\\/#website\",\"url\":\"https:\\\/\\\/jornaldasoficinas.com\\\/pt\\\/\",\"name\":\"Jornal das Oficinas\",\"description\":\"Jornal independente do Aftermarket Autom\u00f3vel em Portugal\",\"publisher\":{\"@id\":\"https:\\\/\\\/jornaldasoficinas.com\\\/pt\\\/#organization\"},\"potentialAction\":[{\"@type\":\"SearchAction\",\"target\":{\"@type\":\"EntryPoint\",\"urlTemplate\":\"https:\\\/\\\/jornaldasoficinas.com\\\/pt\\\/?s={search_term_string}\"},\"query-input\":{\"@type\":\"PropertyValueSpecification\",\"valueRequired\":true,\"valueName\":\"search_term_string\"}}],\"inLanguage\":\"pt-PT\"},{\"@type\":\"Organization\",\"@id\":\"https:\\\/\\\/jornaldasoficinas.com\\\/pt\\\/#organization\",\"name\":\"Jornal das Oficinas\",\"url\":\"https:\\\/\\\/jornaldasoficinas.com\\\/pt\\\/\",\"logo\":{\"@type\":\"ImageObject\",\"inLanguage\":\"pt-PT\",\"@id\":\"https:\\\/\\\/jornaldasoficinas.com\\\/pt\\\/#\\\/schema\\\/logo\\\/image\\\/\",\"url\":\"https:\\\/\\\/jornaldasoficinas.com\\\/pt\\\/wp-content\\\/uploads\\\/logoJO-SEO.png\",\"contentUrl\":\"https:\\\/\\\/jornaldasoficinas.com\\\/pt\\\/wp-content\\\/uploads\\\/logoJO-SEO.png\",\"width\":285,\"height\":450,\"caption\":\"Jornal das Oficinas\"},\"image\":{\"@id\":\"https:\\\/\\\/jornaldasoficinas.com\\\/pt\\\/#\\\/schema\\\/logo\\\/image\\\/\"},\"sameAs\":[\"https:\\\/\\\/www.facebook.com\\\/jornaloficinas\",\"https:\\\/\\\/x.com\\\/jornaloficinas\",\"https:\\\/\\\/www.instagram.com\\\/jornal_oficinas\\\/\",\"https:\\\/\\\/www.linkedin.com\\\/company\\\/jornal-das-oficinas\\\/\",\"https:\\\/\\\/www.youtube.com\\\/channel\\\/UCbQZBqtcvV-oSQrr7RzINGg\"]},{\"@type\":\"Person\",\"@id\":\"https:\\\/\\\/jornaldasoficinas.com\\\/pt\\\/#\\\/schema\\\/person\\\/a38eef5de2c41d9e7c9ac10141afddf3\",\"name\":\"Reda\u00e7\u00e3o JO\",\"image\":{\"@type\":\"ImageObject\",\"inLanguage\":\"pt-PT\",\"@id\":\"https:\\\/\\\/secure.gravatar.com\\\/avatar\\\/71f2fa71737ad68a84fea94bc708ddac8ea5b0c4788dc2ad202f3ccb2887742f?s=96&d=wp_user_avatar&r=g\",\"url\":\"https:\\\/\\\/secure.gravatar.com\\\/avatar\\\/71f2fa71737ad68a84fea94bc708ddac8ea5b0c4788dc2ad202f3ccb2887742f?s=96&d=wp_user_avatar&r=g\",\"contentUrl\":\"https:\\\/\\\/secure.gravatar.com\\\/avatar\\\/71f2fa71737ad68a84fea94bc708ddac8ea5b0c4788dc2ad202f3ccb2887742f?s=96&d=wp_user_avatar&r=g\",\"caption\":\"Reda\u00e7\u00e3o JO\"},\"url\":\"https:\\\/\\\/jornaldasoficinas.com\\\/pt\\\/author\\\/joredacao\\\/\"}]}<\/script>\n<!-- \/ Yoast SEO plugin. -->","yoast_head_json":{"title":"Jornal das Oficinas de fevereiro online - Jornal das Oficinas","robots":{"index":"index","follow":"follow","max-snippet":"max-snippet:-1","max-image-preview":"max-image-preview:large","max-video-preview":"max-video-preview:-1"},"canonical":"https:\/\/jornaldasoficinas.com\/pt\/jornal-das-oficinas-de-fevereiro-ja-esta-disponivel-online\/","og_locale":"pt_PT","og_type":"article","og_title":"Jornal das Oficinas de fevereiro online - Jornal das Oficinas","og_description":"Na edi\u00e7\u00e3o de fevereiro 2021, o...","og_url":"https:\/\/jornaldasoficinas.com\/pt\/jornal-das-oficinas-de-fevereiro-ja-esta-disponivel-online\/","og_site_name":"Jornal das Oficinas","article_publisher":"https:\/\/www.facebook.com\/jornaloficinas","article_published_time":"2021-01-27T18:00:24+00:00","article_modified_time":"2021-06-01T02:17:42+00:00","og_image":[{"width":2134,"height":1211,"url":"https:\/\/jornaldasoficinas.com\/pt\/wp-content\/uploads\/jodigital\/183digital.png","type":"image\/png"}],"author":"Reda\u00e7\u00e3o JO","twitter_card":"summary_large_image","twitter_creator":"@jornaloficinas","twitter_site":"@jornaloficinas","twitter_misc":{"Escrito por":"Reda\u00e7\u00e3o JO","Tempo estimado de leitura":"3 minutos"},"schema":{"@context":"https:\/\/schema.org","@graph":[{"@type":"Article","@id":"https:\/\/jornaldasoficinas.com\/pt\/jornal-das-oficinas-de-fevereiro-ja-esta-disponivel-online\/#article","isPartOf":{"@id":"https:\/\/jornaldasoficinas.com\/pt\/jornal-das-oficinas-de-fevereiro-ja-esta-disponivel-online\/"},"author":{"name":"Reda\u00e7\u00e3o JO","@id":"https:\/\/jornaldasoficinas.com\/pt\/#\/schema\/person\/a38eef5de2c41d9e7c9ac10141afddf3"},"headline":"Jornal das Oficinas de fevereiro online","datePublished":"2021-01-27T18:00:24+00:00","dateModified":"2021-06-01T02:17:42+00:00","mainEntityOfPage":{"@id":"https:\/\/jornaldasoficinas.com\/pt\/jornal-das-oficinas-de-fevereiro-ja-esta-disponivel-online\/"},"wordCount":641,"publisher":{"@id":"https:\/\/jornaldasoficinas.com\/pt\/#organization"},"image":{"@id":"https:\/\/jornaldasoficinas.com\/pt\/jornal-das-oficinas-de-fevereiro-ja-esta-disponivel-online\/#primaryimage"},"thumbnailUrl":"https:\/\/jornaldasoficinas.com\/pt\/wp-content\/uploads\/jodigital\/183digital.png","keywords":["Atlantic Parts","Hella-Gutmann","Meganor","MEYLE","Motul Ib\u00e9rica","Oficinas DP","Quimir\u00e9gua","Tec4Car","Valmotor"],"articleSection":["Edi\u00e7\u00f5es JO"],"inLanguage":"pt-PT"},{"@type":"WebPage","@id":"https:\/\/jornaldasoficinas.com\/pt\/jornal-das-oficinas-de-fevereiro-ja-esta-disponivel-online\/","url":"https:\/\/jornaldasoficinas.com\/pt\/jornal-das-oficinas-de-fevereiro-ja-esta-disponivel-online\/","name":"Jornal das Oficinas de fevereiro online - Jornal das Oficinas","isPartOf":{"@id":"https:\/\/jornaldasoficinas.com\/pt\/#website"},"primaryImageOfPage":{"@id":"https:\/\/jornaldasoficinas.com\/pt\/jornal-das-oficinas-de-fevereiro-ja-esta-disponivel-online\/#primaryimage"},"image":{"@id":"https:\/\/jornaldasoficinas.com\/pt\/jornal-das-oficinas-de-fevereiro-ja-esta-disponivel-online\/#primaryimage"},"thumbnailUrl":"https:\/\/jornaldasoficinas.com\/pt\/wp-content\/uploads\/jodigital\/183digital.png","datePublished":"2021-01-27T18:00:24+00:00","dateModified":"2021-06-01T02:17:42+00:00","breadcrumb":{"@id":"https:\/\/jornaldasoficinas.com\/pt\/jornal-das-oficinas-de-fevereiro-ja-esta-disponivel-online\/#breadcrumb"},"inLanguage":"pt-PT","potentialAction":[{"@type":"ReadAction","target":["https:\/\/jornaldasoficinas.com\/pt\/jornal-das-oficinas-de-fevereiro-ja-esta-disponivel-online\/"]}]},{"@type":"ImageObject","inLanguage":"pt-PT","@id":"https:\/\/jornaldasoficinas.com\/pt\/jornal-das-oficinas-de-fevereiro-ja-esta-disponivel-online\/#primaryimage","url":"https:\/\/jornaldasoficinas.com\/pt\/wp-content\/uploads\/jodigital\/183digital.png","contentUrl":"https:\/\/jornaldasoficinas.com\/pt\/wp-content\/uploads\/jodigital\/183digital.png","width":2134,"height":1211,"caption":"jodigital - 183digital"},{"@type":"BreadcrumbList","@id":"https:\/\/jornaldasoficinas.com\/pt\/jornal-das-oficinas-de-fevereiro-ja-esta-disponivel-online\/#breadcrumb","itemListElement":[{"@type":"ListItem","position":1,"name":"In\u00edcio","item":"https:\/\/jornaldasoficinas.com\/pt\/"},{"@type":"ListItem","position":2,"name":"Jornal das Oficinas de fevereiro online"}]},{"@type":"WebSite","@id":"https:\/\/jornaldasoficinas.com\/pt\/#website","url":"https:\/\/jornaldasoficinas.com\/pt\/","name":"Jornal das Oficinas","description":"Jornal independente do Aftermarket Autom\u00f3vel em Portugal","publisher":{"@id":"https:\/\/jornaldasoficinas.com\/pt\/#organization"},"potentialAction":[{"@type":"SearchAction","target":{"@type":"EntryPoint","urlTemplate":"https:\/\/jornaldasoficinas.com\/pt\/?s={search_term_string}"},"query-input":{"@type":"PropertyValueSpecification","valueRequired":true,"valueName":"search_term_string"}}],"inLanguage":"pt-PT"},{"@type":"Organization","@id":"https:\/\/jornaldasoficinas.com\/pt\/#organization","name":"Jornal das Oficinas","url":"https:\/\/jornaldasoficinas.com\/pt\/","logo":{"@type":"ImageObject","inLanguage":"pt-PT","@id":"https:\/\/jornaldasoficinas.com\/pt\/#\/schema\/logo\/image\/","url":"https:\/\/jornaldasoficinas.com\/pt\/wp-content\/uploads\/logoJO-SEO.png","contentUrl":"https:\/\/jornaldasoficinas.com\/pt\/wp-content\/uploads\/logoJO-SEO.png","width":285,"height":450,"caption":"Jornal das Oficinas"},"image":{"@id":"https:\/\/jornaldasoficinas.com\/pt\/#\/schema\/logo\/image\/"},"sameAs":["https:\/\/www.facebook.com\/jornaloficinas","https:\/\/x.com\/jornaloficinas","https:\/\/www.instagram.com\/jornal_oficinas\/","https:\/\/www.linkedin.com\/company\/jornal-das-oficinas\/","https:\/\/www.youtube.com\/channel\/UCbQZBqtcvV-oSQrr7RzINGg"]},{"@type":"Person","@id":"https:\/\/jornaldasoficinas.com\/pt\/#\/schema\/person\/a38eef5de2c41d9e7c9ac10141afddf3","name":"Reda\u00e7\u00e3o JO","image":{"@type":"ImageObject","inLanguage":"pt-PT","@id":"https:\/\/secure.gravatar.com\/avatar\/71f2fa71737ad68a84fea94bc708ddac8ea5b0c4788dc2ad202f3ccb2887742f?s=96&d=wp_user_avatar&r=g","url":"https:\/\/secure.gravatar.com\/avatar\/71f2fa71737ad68a84fea94bc708ddac8ea5b0c4788dc2ad202f3ccb2887742f?s=96&d=wp_user_avatar&r=g","contentUrl":"https:\/\/secure.gravatar.com\/avatar\/71f2fa71737ad68a84fea94bc708ddac8ea5b0c4788dc2ad202f3ccb2887742f?s=96&d=wp_user_avatar&r=g","caption":"Reda\u00e7\u00e3o JO"},"url":"https:\/\/jornaldasoficinas.com\/pt\/author\/joredacao\/"}]}},"_links":{"self":[{"href":"https:\/\/jornaldasoficinas.com\/pt\/wp-json\/wp\/v2\/posts\/18397","targetHints":{"allow":["GET"]}}],"collection":[{"href":"https:\/\/jornaldasoficinas.com\/pt\/wp-json\/wp\/v2\/posts"}],"about":[{"href":"https:\/\/jornaldasoficinas.com\/pt\/wp-json\/wp\/v2\/types\/post"}],"author":[{"embeddable":true,"href":"https:\/\/jornaldasoficinas.com\/pt\/wp-json\/wp\/v2\/users\/15"}],"replies":[{"embeddable":true,"href":"https:\/\/jornaldasoficinas.com\/pt\/wp-json\/wp\/v2\/comments?post=18397"}],"version-history":[{"count":0,"href":"https:\/\/jornaldasoficinas.com\/pt\/wp-json\/wp\/v2\/posts\/18397\/revisions"}],"wp:featuredmedia":[{"embeddable":true,"href":"https:\/\/jornaldasoficinas.com\/pt\/wp-json\/wp\/v2\/media\/21707"}],"wp:attachment":[{"href":"https:\/\/jornaldasoficinas.com\/pt\/wp-json\/wp\/v2\/media?parent=18397"}],"wp:term":[{"taxonomy":"category","embeddable":true,"href":"https:\/\/jornaldasoficinas.com\/pt\/wp-json\/wp\/v2\/categories?post=18397"},{"taxonomy":"post_tag","embeddable":true,"href":"https:\/\/jornaldasoficinas.com\/pt\/wp-json\/wp\/v2\/tags?post=18397"}],"curies":[{"name":"wp","href":"https:\/\/api.w.org\/{rel}","templated":true}]}}