{"id":18453,"date":"2021-02-01T10:00:08","date_gmt":"2021-02-01T10:00:08","guid":{"rendered":"https:\/\/jornaldasoficinas.com\/pt\/?p=18453"},"modified":"2023-07-19T13:26:33","modified_gmt":"2023-07-19T12:26:33","slug":"mobilidade-eletrica-e-nao-so-tambem-economia","status":"publish","type":"post","link":"https:\/\/jornaldasoficinas.com\/pt\/mobilidade-eletrica-e-nao-so-tambem-economia\/","title":{"rendered":"Mobilidade el\u00e9trica  e n\u00e3o s\u00f3\u2026 tamb\u00e9m economia"},"content":{"rendered":"<p><img loading=\"lazy\" decoding=\"async\" class=\"wp-image-18452 alignleft\" src=\"https:\/\/jornaldasoficinas.com\/pt\/wp-content\/uploads\/2021\/02\/Jose-Alves-Pres-Atlantic-Parts-300x170.jpg\" alt=\"02 - Jose-Alves-Pres-Atlantic-Parts\" width=\"500\" height=\"284\" srcset=\"https:\/\/jornaldasoficinas.com\/pt\/wp-content\/uploads\/2021\/02\/Jose-Alves-Pres-Atlantic-Parts-300x170.jpg 300w, https:\/\/jornaldasoficinas.com\/pt\/wp-content\/uploads\/2021\/02\/Jose-Alves-Pres-Atlantic-Parts-150x85.jpg 150w, https:\/\/jornaldasoficinas.com\/pt\/wp-content\/uploads\/2021\/02\/Jose-Alves-Pres-Atlantic-Parts-768x436.jpg 768w, https:\/\/jornaldasoficinas.com\/pt\/wp-content\/uploads\/2021\/02\/Jose-Alves-Pres-Atlantic-Parts.jpg 1024w\" sizes=\"auto, (max-width: 500px) 100vw, 500px\" \/><strong>Atento ao tema da mobilidade el\u00e9trica, estamos cientes que nos pr\u00f3ximos tempos a evolu\u00e7\u00e3o ser\u00e1 seguramente lenta. Na atualidade qualquer plano depende infelizmente&#8230; de uma vacina ou dum eficaz tratamento.<\/strong><\/p>\n<p>Por isso vamos assistindo ao desenrolar dos acontecimentos tendo a convic\u00e7\u00e3o que, passando esta pandemia, os que ficarem (recursos materiais e humanos) t\u00eam uma revolu\u00e7\u00e3o pela frente e muito a refletir&#8230;<\/p>\n<p>Como ser\u00e1 a mobilidade? Ser\u00e1 mundial e livre ou, \u2026mais restritiva e regional? Ser\u00e1 ecol\u00f3gica ou mais do que se pensava&#8230;.? A reconfigura\u00e7\u00e3o da atividade s\u00e3o a base do que \u00e9 preciso pensar e planear nos pr\u00f3ximos 15 anos: industrial (o que produzir, como e onde?), comercial (como se vende e por que canais?), alimentar (que exig\u00eancias sanit\u00e1rias de alimenta\u00e7\u00e3o v\u00e3o ser requeridas?) e de mobilidade (que meio e tipo de transporte os pa\u00edses e as comunidades v\u00e3o apoiar).<\/p>\n<p>Como dizia S\u00eaneca \u201cSorte \u00e9 o que acontece quando a prepara\u00e7\u00e3o encontra a oportunidade\u201d. Voltaremos aos planos quinzenais t\u00e3o usados nos \u201cmeus velhos tempos\u201d para enquadrar estrat\u00e9gias. Afinal a velocidade de propaga\u00e7\u00e3o tecnol\u00f3gica sofreu um rev\u00e9s e a desconfian\u00e7a das news vai-nos fazer mais ponderados.<\/p>\n<blockquote><p>O mundo move-se t\u00e3o depressa atualmente, que uma pessoa que diz que alguma coisa n\u00e3o pode ser feita, \u00e9 em geral interrompida por algu\u00e9m que j\u00e1 o est\u00e1 a fazer<\/p><\/blockquote>\n<p>Atentemos ao paradigma que mudou, durante todos estes meses de pandemia, quase sem nos apercebermos, e que vai mudar a economia, a atividade\u2026 e a mobilidade. Come\u00e7amos a ter que procurar n\u00e3o um T1 para a fam\u00edlia, mas um T1 + escrit\u00f3rio. Tudo pode e deve mudar, inclusive na mobilidade.<\/p>\n<p>No curto e m\u00e9dio prazo o transporte p\u00fablico vai ser preterido, devido ao potencial cont\u00e1gio de v\u00edrus, e nos centros urbanos o futuro ser\u00e1 A mobilidade el\u00e9trica. Este tipo de mobilidade ser\u00e1 prioridade no processo de incentivo de regula\u00e7\u00e3o dos v\u00e1rios Pa\u00edses Europeus. E logo que o custo das baterias diminua, a frota de carros el\u00e9tricos aumentar\u00e1 significativamente a n\u00edvel urbano. Al\u00e9m disso, muitos pa\u00edses fecharam as suas fronteiras e impuseram medidas restritivas referentes \u00e0 desloca\u00e7\u00e3o.<\/p>\n<p>Consequentemente assiste-se a significativas redu\u00e7\u00f5es de transporte e mobilidade, n\u00e3o s\u00f3 \u00e0 n\u00edvel local, mas tamb\u00e9m a n\u00edvel regional e entre pa\u00edses europeus. Tamb\u00e9m as op\u00e7\u00f5es do teletrabalho, podem ser consideradas como o maior impacto na movimenta\u00e7\u00e3o e mobilidade do mercado autom\u00f3vel e de transportes.<\/p>\n<p>Embora expliquemos o decr\u00e9scimo de neg\u00f3cio, desgra\u00e7adamente com a pandemia, temos que analisar que, possivelmente, a perman\u00eancia deste decr\u00e9scimo n\u00e3o ter\u00e1 a m\u00e9dio\/curto prazo mais desculpa neste v\u00edrus. Afinal os h\u00e1bitos est\u00e3o a mudar e n\u00f3s tamb\u00e9m temos de mudar: especialmente a nossa conce\u00e7\u00e3o no mercado onde atuamos \u2026 Demora muitos anos, \u00e9 verdade!<\/p>\n<p>Uma vacina e o seu estudo, dizem os especialistas, demora 10 anos em teste, e felizmente esta nova esperan\u00e7a demorou pucos meses. Prepare-se: O mundo move-se t\u00e3o depressa atualmente, que uma pessoa que diz que alguma coisa n\u00e3o pode ser feita, \u00e9 em geral interrompida por algu\u00e9m que j\u00e1 o est\u00e1 a fazer. l<\/p>\n","protected":false},"excerpt":{"rendered":"<p>Atento ao tema da mobilidade el\u00e9trica,&#8230;<\/p>\n","protected":false},"author":15,"featured_media":18452,"comment_status":"closed","ping_status":"closed","sticky":false,"template":"","format":"standard","meta":{"footnotes":""},"categories":[38],"tags":[543],"class_list":["post-18453","post","type-post","status-publish","format-standard","has-post-thumbnail","hentry","category-entrevistas","tag-atlantic-parts"],"yoast_head":"<!-- This site is optimized with the Yoast SEO plugin v27.4 - https:\/\/yoast.com\/product\/yoast-seo-wordpress\/ -->\n<title>Mobilidade el\u00e9trica e n\u00e3o s\u00f3\u2026 tamb\u00e9m economia - Jornal das Oficinas<\/title>\n<meta name=\"robots\" content=\"index, follow, max-snippet:-1, max-image-preview:large, max-video-preview:-1\" \/>\n<link rel=\"canonical\" href=\"https:\/\/jornaldasoficinas.com\/pt\/mobilidade-eletrica-e-nao-so-tambem-economia\/\" \/>\n<meta property=\"og:locale\" content=\"pt_PT\" \/>\n<meta property=\"og:type\" content=\"article\" \/>\n<meta property=\"og:title\" content=\"Mobilidade el\u00e9trica e n\u00e3o s\u00f3\u2026 tamb\u00e9m economia - Jornal das Oficinas\" \/>\n<meta property=\"og:description\" content=\"Atento ao tema da mobilidade el\u00e9trica,...\" \/>\n<meta property=\"og:url\" content=\"https:\/\/jornaldasoficinas.com\/pt\/mobilidade-eletrica-e-nao-so-tambem-economia\/\" \/>\n<meta property=\"og:site_name\" content=\"Jornal das Oficinas\" \/>\n<meta property=\"article:publisher\" content=\"https:\/\/www.facebook.com\/jornaloficinas\" \/>\n<meta property=\"article:published_time\" content=\"2021-02-01T10:00:08+00:00\" \/>\n<meta property=\"article:modified_time\" content=\"2023-07-19T12:26:33+00:00\" \/>\n<meta property=\"og:image\" content=\"https:\/\/jornaldasoficinas.com\/pt\/wp-content\/uploads\/2021\/02\/Jose-Alves-Pres-Atlantic-Parts.jpg\" \/>\n\t<meta property=\"og:image:width\" content=\"1024\" \/>\n\t<meta property=\"og:image:height\" content=\"581\" \/>\n\t<meta property=\"og:image:type\" content=\"image\/jpeg\" \/>\n<meta name=\"author\" content=\"Reda\u00e7\u00e3o JO\" \/>\n<meta name=\"twitter:card\" content=\"summary_large_image\" \/>\n<meta name=\"twitter:creator\" content=\"@jornaloficinas\" \/>\n<meta name=\"twitter:site\" content=\"@jornaloficinas\" \/>\n<meta name=\"twitter:label1\" content=\"Escrito por\" \/>\n\t<meta name=\"twitter:data1\" content=\"Reda\u00e7\u00e3o JO\" \/>\n\t<meta name=\"twitter:label2\" content=\"Tempo estimado de leitura\" \/>\n\t<meta name=\"twitter:data2\" content=\"3 minutos\" \/>\n<script type=\"application\/ld+json\" class=\"yoast-schema-graph\">{\"@context\":\"https:\\\/\\\/schema.org\",\"@graph\":[{\"@type\":\"Article\",\"@id\":\"https:\\\/\\\/jornaldasoficinas.com\\\/pt\\\/mobilidade-eletrica-e-nao-so-tambem-economia\\\/#article\",\"isPartOf\":{\"@id\":\"https:\\\/\\\/jornaldasoficinas.com\\\/pt\\\/mobilidade-eletrica-e-nao-so-tambem-economia\\\/\"},\"author\":{\"name\":\"Reda\u00e7\u00e3o JO\",\"@id\":\"https:\\\/\\\/jornaldasoficinas.com\\\/pt\\\/#\\\/schema\\\/person\\\/a38eef5de2c41d9e7c9ac10141afddf3\"},\"headline\":\"Mobilidade el\u00e9trica e n\u00e3o s\u00f3\u2026 tamb\u00e9m economia\",\"datePublished\":\"2021-02-01T10:00:08+00:00\",\"dateModified\":\"2023-07-19T12:26:33+00:00\",\"mainEntityOfPage\":{\"@id\":\"https:\\\/\\\/jornaldasoficinas.com\\\/pt\\\/mobilidade-eletrica-e-nao-so-tambem-economia\\\/\"},\"wordCount\":565,\"publisher\":{\"@id\":\"https:\\\/\\\/jornaldasoficinas.com\\\/pt\\\/#organization\"},\"image\":{\"@id\":\"https:\\\/\\\/jornaldasoficinas.com\\\/pt\\\/mobilidade-eletrica-e-nao-so-tambem-economia\\\/#primaryimage\"},\"thumbnailUrl\":\"https:\\\/\\\/jornaldasoficinas.com\\\/pt\\\/wp-content\\\/uploads\\\/2021\\\/02\\\/Jose-Alves-Pres-Atlantic-Parts.jpg\",\"keywords\":[\"Atlantic Parts\"],\"articleSection\":[\"Entrevistas\"],\"inLanguage\":\"pt-PT\"},{\"@type\":\"WebPage\",\"@id\":\"https:\\\/\\\/jornaldasoficinas.com\\\/pt\\\/mobilidade-eletrica-e-nao-so-tambem-economia\\\/\",\"url\":\"https:\\\/\\\/jornaldasoficinas.com\\\/pt\\\/mobilidade-eletrica-e-nao-so-tambem-economia\\\/\",\"name\":\"Mobilidade el\u00e9trica e n\u00e3o s\u00f3\u2026 tamb\u00e9m economia - Jornal das Oficinas\",\"isPartOf\":{\"@id\":\"https:\\\/\\\/jornaldasoficinas.com\\\/pt\\\/#website\"},\"primaryImageOfPage\":{\"@id\":\"https:\\\/\\\/jornaldasoficinas.com\\\/pt\\\/mobilidade-eletrica-e-nao-so-tambem-economia\\\/#primaryimage\"},\"image\":{\"@id\":\"https:\\\/\\\/jornaldasoficinas.com\\\/pt\\\/mobilidade-eletrica-e-nao-so-tambem-economia\\\/#primaryimage\"},\"thumbnailUrl\":\"https:\\\/\\\/jornaldasoficinas.com\\\/pt\\\/wp-content\\\/uploads\\\/2021\\\/02\\\/Jose-Alves-Pres-Atlantic-Parts.jpg\",\"datePublished\":\"2021-02-01T10:00:08+00:00\",\"dateModified\":\"2023-07-19T12:26:33+00:00\",\"breadcrumb\":{\"@id\":\"https:\\\/\\\/jornaldasoficinas.com\\\/pt\\\/mobilidade-eletrica-e-nao-so-tambem-economia\\\/#breadcrumb\"},\"inLanguage\":\"pt-PT\",\"potentialAction\":[{\"@type\":\"ReadAction\",\"target\":[\"https:\\\/\\\/jornaldasoficinas.com\\\/pt\\\/mobilidade-eletrica-e-nao-so-tambem-economia\\\/\"]}]},{\"@type\":\"ImageObject\",\"inLanguage\":\"pt-PT\",\"@id\":\"https:\\\/\\\/jornaldasoficinas.com\\\/pt\\\/mobilidade-eletrica-e-nao-so-tambem-economia\\\/#primaryimage\",\"url\":\"https:\\\/\\\/jornaldasoficinas.com\\\/pt\\\/wp-content\\\/uploads\\\/2021\\\/02\\\/Jose-Alves-Pres-Atlantic-Parts.jpg\",\"contentUrl\":\"https:\\\/\\\/jornaldasoficinas.com\\\/pt\\\/wp-content\\\/uploads\\\/2021\\\/02\\\/Jose-Alves-Pres-Atlantic-Parts.jpg\",\"width\":1024,\"height\":581,\"caption\":\"02 - Jose-Alves-Pres-Atlantic-Parts\"},{\"@type\":\"BreadcrumbList\",\"@id\":\"https:\\\/\\\/jornaldasoficinas.com\\\/pt\\\/mobilidade-eletrica-e-nao-so-tambem-economia\\\/#breadcrumb\",\"itemListElement\":[{\"@type\":\"ListItem\",\"position\":1,\"name\":\"In\u00edcio\",\"item\":\"https:\\\/\\\/jornaldasoficinas.com\\\/pt\\\/\"},{\"@type\":\"ListItem\",\"position\":2,\"name\":\"Mobilidade el\u00e9trica e n\u00e3o s\u00f3\u2026 tamb\u00e9m economia\"}]},{\"@type\":\"WebSite\",\"@id\":\"https:\\\/\\\/jornaldasoficinas.com\\\/pt\\\/#website\",\"url\":\"https:\\\/\\\/jornaldasoficinas.com\\\/pt\\\/\",\"name\":\"Jornal das Oficinas\",\"description\":\"Jornal independente do Aftermarket Autom\u00f3vel em Portugal\",\"publisher\":{\"@id\":\"https:\\\/\\\/jornaldasoficinas.com\\\/pt\\\/#organization\"},\"potentialAction\":[{\"@type\":\"SearchAction\",\"target\":{\"@type\":\"EntryPoint\",\"urlTemplate\":\"https:\\\/\\\/jornaldasoficinas.com\\\/pt\\\/?s={search_term_string}\"},\"query-input\":{\"@type\":\"PropertyValueSpecification\",\"valueRequired\":true,\"valueName\":\"search_term_string\"}}],\"inLanguage\":\"pt-PT\"},{\"@type\":\"Organization\",\"@id\":\"https:\\\/\\\/jornaldasoficinas.com\\\/pt\\\/#organization\",\"name\":\"Jornal das Oficinas\",\"url\":\"https:\\\/\\\/jornaldasoficinas.com\\\/pt\\\/\",\"logo\":{\"@type\":\"ImageObject\",\"inLanguage\":\"pt-PT\",\"@id\":\"https:\\\/\\\/jornaldasoficinas.com\\\/pt\\\/#\\\/schema\\\/logo\\\/image\\\/\",\"url\":\"https:\\\/\\\/jornaldasoficinas.com\\\/pt\\\/wp-content\\\/uploads\\\/logoJO-SEO.png\",\"contentUrl\":\"https:\\\/\\\/jornaldasoficinas.com\\\/pt\\\/wp-content\\\/uploads\\\/logoJO-SEO.png\",\"width\":285,\"height\":450,\"caption\":\"Jornal das Oficinas\"},\"image\":{\"@id\":\"https:\\\/\\\/jornaldasoficinas.com\\\/pt\\\/#\\\/schema\\\/logo\\\/image\\\/\"},\"sameAs\":[\"https:\\\/\\\/www.facebook.com\\\/jornaloficinas\",\"https:\\\/\\\/x.com\\\/jornaloficinas\",\"https:\\\/\\\/www.instagram.com\\\/jornal_oficinas\\\/\",\"https:\\\/\\\/www.linkedin.com\\\/company\\\/jornal-das-oficinas\\\/\",\"https:\\\/\\\/www.youtube.com\\\/channel\\\/UCbQZBqtcvV-oSQrr7RzINGg\"]},{\"@type\":\"Person\",\"@id\":\"https:\\\/\\\/jornaldasoficinas.com\\\/pt\\\/#\\\/schema\\\/person\\\/a38eef5de2c41d9e7c9ac10141afddf3\",\"name\":\"Reda\u00e7\u00e3o JO\",\"image\":{\"@type\":\"ImageObject\",\"inLanguage\":\"pt-PT\",\"@id\":\"https:\\\/\\\/secure.gravatar.com\\\/avatar\\\/71f2fa71737ad68a84fea94bc708ddac8ea5b0c4788dc2ad202f3ccb2887742f?s=96&d=wp_user_avatar&r=g\",\"url\":\"https:\\\/\\\/secure.gravatar.com\\\/avatar\\\/71f2fa71737ad68a84fea94bc708ddac8ea5b0c4788dc2ad202f3ccb2887742f?s=96&d=wp_user_avatar&r=g\",\"contentUrl\":\"https:\\\/\\\/secure.gravatar.com\\\/avatar\\\/71f2fa71737ad68a84fea94bc708ddac8ea5b0c4788dc2ad202f3ccb2887742f?s=96&d=wp_user_avatar&r=g\",\"caption\":\"Reda\u00e7\u00e3o JO\"},\"url\":\"https:\\\/\\\/jornaldasoficinas.com\\\/pt\\\/author\\\/joredacao\\\/\"}]}<\/script>\n<!-- \/ Yoast SEO plugin. -->","yoast_head_json":{"title":"Mobilidade el\u00e9trica e n\u00e3o s\u00f3\u2026 tamb\u00e9m economia - Jornal das Oficinas","robots":{"index":"index","follow":"follow","max-snippet":"max-snippet:-1","max-image-preview":"max-image-preview:large","max-video-preview":"max-video-preview:-1"},"canonical":"https:\/\/jornaldasoficinas.com\/pt\/mobilidade-eletrica-e-nao-so-tambem-economia\/","og_locale":"pt_PT","og_type":"article","og_title":"Mobilidade el\u00e9trica e n\u00e3o s\u00f3\u2026 tamb\u00e9m economia - Jornal das Oficinas","og_description":"Atento ao tema da mobilidade el\u00e9trica,...","og_url":"https:\/\/jornaldasoficinas.com\/pt\/mobilidade-eletrica-e-nao-so-tambem-economia\/","og_site_name":"Jornal das Oficinas","article_publisher":"https:\/\/www.facebook.com\/jornaloficinas","article_published_time":"2021-02-01T10:00:08+00:00","article_modified_time":"2023-07-19T12:26:33+00:00","og_image":[{"width":1024,"height":581,"url":"https:\/\/jornaldasoficinas.com\/pt\/wp-content\/uploads\/2021\/02\/Jose-Alves-Pres-Atlantic-Parts.jpg","type":"image\/jpeg"}],"author":"Reda\u00e7\u00e3o JO","twitter_card":"summary_large_image","twitter_creator":"@jornaloficinas","twitter_site":"@jornaloficinas","twitter_misc":{"Escrito por":"Reda\u00e7\u00e3o JO","Tempo estimado de leitura":"3 minutos"},"schema":{"@context":"https:\/\/schema.org","@graph":[{"@type":"Article","@id":"https:\/\/jornaldasoficinas.com\/pt\/mobilidade-eletrica-e-nao-so-tambem-economia\/#article","isPartOf":{"@id":"https:\/\/jornaldasoficinas.com\/pt\/mobilidade-eletrica-e-nao-so-tambem-economia\/"},"author":{"name":"Reda\u00e7\u00e3o JO","@id":"https:\/\/jornaldasoficinas.com\/pt\/#\/schema\/person\/a38eef5de2c41d9e7c9ac10141afddf3"},"headline":"Mobilidade el\u00e9trica e n\u00e3o s\u00f3\u2026 tamb\u00e9m economia","datePublished":"2021-02-01T10:00:08+00:00","dateModified":"2023-07-19T12:26:33+00:00","mainEntityOfPage":{"@id":"https:\/\/jornaldasoficinas.com\/pt\/mobilidade-eletrica-e-nao-so-tambem-economia\/"},"wordCount":565,"publisher":{"@id":"https:\/\/jornaldasoficinas.com\/pt\/#organization"},"image":{"@id":"https:\/\/jornaldasoficinas.com\/pt\/mobilidade-eletrica-e-nao-so-tambem-economia\/#primaryimage"},"thumbnailUrl":"https:\/\/jornaldasoficinas.com\/pt\/wp-content\/uploads\/2021\/02\/Jose-Alves-Pres-Atlantic-Parts.jpg","keywords":["Atlantic Parts"],"articleSection":["Entrevistas"],"inLanguage":"pt-PT"},{"@type":"WebPage","@id":"https:\/\/jornaldasoficinas.com\/pt\/mobilidade-eletrica-e-nao-so-tambem-economia\/","url":"https:\/\/jornaldasoficinas.com\/pt\/mobilidade-eletrica-e-nao-so-tambem-economia\/","name":"Mobilidade el\u00e9trica e n\u00e3o s\u00f3\u2026 tamb\u00e9m economia - Jornal das Oficinas","isPartOf":{"@id":"https:\/\/jornaldasoficinas.com\/pt\/#website"},"primaryImageOfPage":{"@id":"https:\/\/jornaldasoficinas.com\/pt\/mobilidade-eletrica-e-nao-so-tambem-economia\/#primaryimage"},"image":{"@id":"https:\/\/jornaldasoficinas.com\/pt\/mobilidade-eletrica-e-nao-so-tambem-economia\/#primaryimage"},"thumbnailUrl":"https:\/\/jornaldasoficinas.com\/pt\/wp-content\/uploads\/2021\/02\/Jose-Alves-Pres-Atlantic-Parts.jpg","datePublished":"2021-02-01T10:00:08+00:00","dateModified":"2023-07-19T12:26:33+00:00","breadcrumb":{"@id":"https:\/\/jornaldasoficinas.com\/pt\/mobilidade-eletrica-e-nao-so-tambem-economia\/#breadcrumb"},"inLanguage":"pt-PT","potentialAction":[{"@type":"ReadAction","target":["https:\/\/jornaldasoficinas.com\/pt\/mobilidade-eletrica-e-nao-so-tambem-economia\/"]}]},{"@type":"ImageObject","inLanguage":"pt-PT","@id":"https:\/\/jornaldasoficinas.com\/pt\/mobilidade-eletrica-e-nao-so-tambem-economia\/#primaryimage","url":"https:\/\/jornaldasoficinas.com\/pt\/wp-content\/uploads\/2021\/02\/Jose-Alves-Pres-Atlantic-Parts.jpg","contentUrl":"https:\/\/jornaldasoficinas.com\/pt\/wp-content\/uploads\/2021\/02\/Jose-Alves-Pres-Atlantic-Parts.jpg","width":1024,"height":581,"caption":"02 - Jose-Alves-Pres-Atlantic-Parts"},{"@type":"BreadcrumbList","@id":"https:\/\/jornaldasoficinas.com\/pt\/mobilidade-eletrica-e-nao-so-tambem-economia\/#breadcrumb","itemListElement":[{"@type":"ListItem","position":1,"name":"In\u00edcio","item":"https:\/\/jornaldasoficinas.com\/pt\/"},{"@type":"ListItem","position":2,"name":"Mobilidade el\u00e9trica e n\u00e3o s\u00f3\u2026 tamb\u00e9m economia"}]},{"@type":"WebSite","@id":"https:\/\/jornaldasoficinas.com\/pt\/#website","url":"https:\/\/jornaldasoficinas.com\/pt\/","name":"Jornal das Oficinas","description":"Jornal independente do Aftermarket Autom\u00f3vel em Portugal","publisher":{"@id":"https:\/\/jornaldasoficinas.com\/pt\/#organization"},"potentialAction":[{"@type":"SearchAction","target":{"@type":"EntryPoint","urlTemplate":"https:\/\/jornaldasoficinas.com\/pt\/?s={search_term_string}"},"query-input":{"@type":"PropertyValueSpecification","valueRequired":true,"valueName":"search_term_string"}}],"inLanguage":"pt-PT"},{"@type":"Organization","@id":"https:\/\/jornaldasoficinas.com\/pt\/#organization","name":"Jornal das Oficinas","url":"https:\/\/jornaldasoficinas.com\/pt\/","logo":{"@type":"ImageObject","inLanguage":"pt-PT","@id":"https:\/\/jornaldasoficinas.com\/pt\/#\/schema\/logo\/image\/","url":"https:\/\/jornaldasoficinas.com\/pt\/wp-content\/uploads\/logoJO-SEO.png","contentUrl":"https:\/\/jornaldasoficinas.com\/pt\/wp-content\/uploads\/logoJO-SEO.png","width":285,"height":450,"caption":"Jornal das Oficinas"},"image":{"@id":"https:\/\/jornaldasoficinas.com\/pt\/#\/schema\/logo\/image\/"},"sameAs":["https:\/\/www.facebook.com\/jornaloficinas","https:\/\/x.com\/jornaloficinas","https:\/\/www.instagram.com\/jornal_oficinas\/","https:\/\/www.linkedin.com\/company\/jornal-das-oficinas\/","https:\/\/www.youtube.com\/channel\/UCbQZBqtcvV-oSQrr7RzINGg"]},{"@type":"Person","@id":"https:\/\/jornaldasoficinas.com\/pt\/#\/schema\/person\/a38eef5de2c41d9e7c9ac10141afddf3","name":"Reda\u00e7\u00e3o JO","image":{"@type":"ImageObject","inLanguage":"pt-PT","@id":"https:\/\/secure.gravatar.com\/avatar\/71f2fa71737ad68a84fea94bc708ddac8ea5b0c4788dc2ad202f3ccb2887742f?s=96&d=wp_user_avatar&r=g","url":"https:\/\/secure.gravatar.com\/avatar\/71f2fa71737ad68a84fea94bc708ddac8ea5b0c4788dc2ad202f3ccb2887742f?s=96&d=wp_user_avatar&r=g","contentUrl":"https:\/\/secure.gravatar.com\/avatar\/71f2fa71737ad68a84fea94bc708ddac8ea5b0c4788dc2ad202f3ccb2887742f?s=96&d=wp_user_avatar&r=g","caption":"Reda\u00e7\u00e3o JO"},"url":"https:\/\/jornaldasoficinas.com\/pt\/author\/joredacao\/"}]}},"_links":{"self":[{"href":"https:\/\/jornaldasoficinas.com\/pt\/wp-json\/wp\/v2\/posts\/18453","targetHints":{"allow":["GET"]}}],"collection":[{"href":"https:\/\/jornaldasoficinas.com\/pt\/wp-json\/wp\/v2\/posts"}],"about":[{"href":"https:\/\/jornaldasoficinas.com\/pt\/wp-json\/wp\/v2\/types\/post"}],"author":[{"embeddable":true,"href":"https:\/\/jornaldasoficinas.com\/pt\/wp-json\/wp\/v2\/users\/15"}],"replies":[{"embeddable":true,"href":"https:\/\/jornaldasoficinas.com\/pt\/wp-json\/wp\/v2\/comments?post=18453"}],"version-history":[{"count":0,"href":"https:\/\/jornaldasoficinas.com\/pt\/wp-json\/wp\/v2\/posts\/18453\/revisions"}],"wp:featuredmedia":[{"embeddable":true,"href":"https:\/\/jornaldasoficinas.com\/pt\/wp-json\/wp\/v2\/media\/18452"}],"wp:attachment":[{"href":"https:\/\/jornaldasoficinas.com\/pt\/wp-json\/wp\/v2\/media?parent=18453"}],"wp:term":[{"taxonomy":"category","embeddable":true,"href":"https:\/\/jornaldasoficinas.com\/pt\/wp-json\/wp\/v2\/categories?post=18453"},{"taxonomy":"post_tag","embeddable":true,"href":"https:\/\/jornaldasoficinas.com\/pt\/wp-json\/wp\/v2\/tags?post=18453"}],"curies":[{"name":"wp","href":"https:\/\/api.w.org\/{rel}","templated":true}]}}