{"id":18509,"date":"2021-02-04T12:00:40","date_gmt":"2021-02-04T12:00:40","guid":{"rendered":"https:\/\/jornaldasoficinas.com\/?p=18509"},"modified":"2021-02-03T08:39:08","modified_gmt":"2021-02-03T08:39:08","slug":"repsol-convida-portugueses-a-plantar-uma-arvore","status":"publish","type":"post","link":"https:\/\/jornaldasoficinas.com\/repsol-convida-portugueses-a-plantar-uma-arvore\/","title":{"rendered":"Repsol convida portugueses a \u201cPlantar Uma \u00c1rvore\u201d"},"content":{"rendered":"<p><strong><img loading=\"lazy\" decoding=\"async\" class=\"alignnone wp-image-18494 size-full\" src=\"https:\/\/jornaldasoficinas.com\/wp-content\/uploads\/2021\/02\/Repsol-convida-portugueses.jpg\" alt=\"02 - Repsol-convida-portugueses\" width=\"1024\" height=\"581\" \/><\/strong><\/p>\n<p><strong>A Repsol acaba de lan\u00e7ar um desafio aos portugueses. A partir de agora, \u00e9 poss\u00edvel \u201cPlantar Uma \u00c1rvore\u201d em Portugal, atrav\u00e9s da troca de pontos, sem sair de casa. A Repsol desafiou os portugueses a, tamb\u00e9m eles, serem agentes de mudan\u00e7a e contribu\u00edrem para a sustentabilidade do planeta com a troca de 500 pontos Repsol Move \u2013 n\u00famero de pontos oferecidos pela companhia aquando do download da App.<\/strong><\/p>\n<p>A a\u00e7\u00e3o, que tem um impacte positivo no meio ambiente, pode ser concretizada atrav\u00e9s dos canais digitais Repsol Move, website e aplica\u00e7\u00e3o, ou numa Esta\u00e7\u00e3o de Servi\u00e7o aderente. Os Clientes poder\u00e3o, ainda, acompanhar todo o processo de planta\u00e7\u00e3o nos programas de voluntariado da \u201cAssocia\u00e7\u00e3o Plantar Uma \u00c1rvore\u201d, organiza\u00e7\u00e3o parceira que esteve tamb\u00e9m envolvida na Semana Internacional do Voluntariado da Repsol.<\/p>\n<p>\u201cTemos clara a nossa vis\u00e3o estrat\u00e9gica, bem como as a\u00e7\u00f5es e projetos necess\u00e1rios para atingirmos as metas ambientais que nos propusemos. Esta campanha tem vida pr\u00f3pria. \u00c9 uma oportunidade para assumirmos uma outra responsabilidade, a did\u00e1tica e de consciencializa\u00e7\u00e3o coletiva\u201d, explica Ant\u00f3nio Martins Victor, Diretor de Comunica\u00e7\u00e3o e Rela\u00e7\u00f5es externas da Repsol.<\/p>\n<p>Procurando fazer face \u00e0 crise de biodiversidade e \u00e0 adapta\u00e7\u00e3o \u00e0s altera\u00e7\u00f5es clim\u00e1ticas, as planta\u00e7\u00f5es englobam uma grande diversidade de esp\u00e9cies, pretendendo-se restituir bosques para potenciar a biodiversidade, a taxa de sobreviv\u00eancia e a resili\u00eancia aos inc\u00eandios, onde se contempla o bosque e o sub- bosque e a sucess\u00e3o ecol\u00f3gica geracional.<\/p>\n<p>Para Miguel Teles, Presidente e Coordenador Executivo da associa\u00e7\u00e3o Plantar Uma \u00c1rvore, esta sinergia \u201cfecha um c\u00edrculo que procura promover um equil\u00edbrio entre o uso dos recursos naturais e a responsabilidade de os restaurar, naquele que deve ser um inequ\u00edvoco assumir das responsabilidades ambientais e sociais\u201d.<\/p>\n<p>Em linha com a declara\u00e7\u00e3o das Na\u00e7\u00f5es Unidas, que institui 2011-2021 como a d\u00e9cada para a Biodiversidade e 2021-2030 como a d\u00e9cada para a Recupera\u00e7\u00e3o dos Ecossistemas, a doa\u00e7\u00e3o da Repsol, atrav\u00e9s dos pontos Repsol Move, permite a participa\u00e7\u00e3o e envolvimento de todos os portugueses. Estes poder\u00e3o, eles pr\u00f3prios, acompanhar todo o processo e plantar a sua pr\u00f3pria \u00e1rvore.<\/p>\n<p>\u201cQueremos que esta iniciativa chegue a todos e que todos tenham a oportunidade de participar, da\u00ed os simb\u00f3licos 500 pontos Repsol Move para a planta\u00e7\u00e3o de uma \u00e1rvore, que \u00e9 o n\u00famero que oferecemos, ap\u00f3s o descarregamento da aplica\u00e7\u00e3o. Numa altura como que a vivenciamos, \u00e9 importante que as pessoas sintam que s\u00e3o parte ativa de um dos temas mais premente das sociedades contempor\u00e2neas, a sustentabilidade do planeta\u201d, acrescenta Rui Aires, respons\u00e1vel pelo Neg\u00f3cio das Esta\u00e7\u00f5es de Servi\u00e7o.<\/p>\n<p><strong>Compromisso com o futuro<br \/>\n<\/strong>Em 2019, a Repsol foi a primeira empresa do setor a anunciar o objetivo de zero emiss\u00f5es l\u00edquidas de CO2 em 2050. O seu Plano Estrat\u00e9gico 2021-2025 corrobora este objetivo e, para isso, aposta num modelo que integre v\u00e1rias op\u00e7\u00f5es tecnol\u00f3gicas, que junte a eletrifica\u00e7\u00e3o com o uso de produtos de baixa, neutra ou mesmo negativa pegada de carbono, e ofere\u00e7a solu\u00e7\u00f5es a todas as necessidades da sociedade. A combina\u00e7\u00e3o de diferentes tipos de energia far\u00e1 com que seja poss\u00edvel alcan\u00e7ar o objetivo de zero emiss\u00f5es l\u00edquidas de forma mais eficiente, r\u00e1pida e com o menor custo poss\u00edvel para o cidad\u00e3o.<\/p>\n<p>O Plano Estrat\u00e9gico 2021-2025 estabelece novos e mais ambiciosos objetivos de redu\u00e7\u00e3o de emiss\u00f5es, com uma diminui\u00e7\u00e3o da intensidade de carbono de 12% para 2025, de 25% para 2030 e de 50% para 2040, face a 10%, 20% e 40%, respetivamente, fixados antecipadamente.<\/p>\n<p>Para reduzir as suas emiss\u00f5es, a Repsol adotar\u00e1 as melhores tecnologias dispon\u00edveis, minimizar\u00e1 o seu consumo de energia e digitalizar\u00e1 as suas opera\u00e7\u00f5es para otimizar ativos. A empresa tamb\u00e9m vai realizar uma gest\u00e3o do seu portef\u00f3lio orientada para diminuir a intensidade de carbono, otimizando a produ\u00e7\u00e3o, reduzindo a de barris de maior intensidade de carbono e dar\u00e1 prioridade ao valor sobre o volume.<\/p>\n","protected":false},"excerpt":{"rendered":"<p>A Repsol acaba de lan\u00e7ar um desafio aos portugueses. A partir de agora, \u00e9 poss\u00edvel \u201cPlantar Uma \u00c1rvore\u201d em Portugal, atrav\u00e9s da troca de pontos, sem sair de casa. A Repsol desafiou os portugueses a, tamb\u00e9m eles, serem agentes de mudan\u00e7a e contribu\u00edrem para a sustentabilidade do planeta com a troca de 500 pontos Repsol [&hellip;]<\/p>\n","protected":false},"author":15,"featured_media":18494,"comment_status":"closed","ping_status":"closed","sticky":false,"template":"","format":"standard","meta":{"footnotes":""},"categories":[29],"tags":[46],"class_list":["post-18509","post","type-post","status-publish","format-standard","has-post-thumbnail","category-empresas","tag-repsol"],"yoast_head":"<!-- This site is optimized with the Yoast SEO plugin v28.4-RC1 - https:\/\/yoast.com\/product\/yoast-seo-wordpress\/ -->\n<title>Repsol convida portugueses a \u201cPlantar Uma \u00c1rvore\u201d | Jornal das Oficinas<\/title>\n<meta name=\"description\" content=\"A Repsol acaba de lan\u00e7ar um desafio aos portugueses. A partir de agora, \u00e9 poss\u00edvel \u201cPlantar Uma \u00c1rvore\u201d em Portugal, atrav\u00e9s da troca de pontos, sem sair\" \/>\n<meta name=\"robots\" content=\"index, follow, max-snippet:-1, max-image-preview:large, max-video-preview:-1\" \/>\n<link rel=\"canonical\" href=\"https:\/\/jornaldasoficinas.com\/repsol-convida-portugueses-a-plantar-uma-arvore\/\" \/>\n<meta property=\"og:locale\" content=\"pt_PT\" \/>\n<meta property=\"og:type\" content=\"article\" \/>\n<meta property=\"og:title\" content=\"Repsol convida portugueses a \u201cPlantar Uma \u00c1rvore\u201d | Jornal das Oficinas\" \/>\n<meta property=\"og:description\" content=\"A Repsol acaba de lan\u00e7ar um desafio aos portugueses. A partir de agora, \u00e9 poss\u00edvel \u201cPlantar Uma \u00c1rvore\u201d em Portugal, atrav\u00e9s da troca de pontos, sem sair\" \/>\n<meta property=\"og:url\" content=\"https:\/\/jornaldasoficinas.com\/repsol-convida-portugueses-a-plantar-uma-arvore\/\" \/>\n<meta property=\"og:site_name\" content=\"Jornal das Oficinas\" \/>\n<meta property=\"article:publisher\" content=\"https:\/\/www.facebook.com\/jornaloficinas\" \/>\n<meta property=\"article:published_time\" content=\"2021-02-04T12:00:40+00:00\" \/>\n<meta property=\"og:image\" content=\"https:\/\/jornaldasoficinas.com\/wp-content\/uploads\/2021\/02\/Repsol-convida-portugueses.jpg\" \/>\n\t<meta property=\"og:image:width\" content=\"1200\" \/>\n\t<meta property=\"og:image:height\" content=\"675\" \/>\n\t<meta property=\"og:image:type\" content=\"image\/jpeg\" \/>\n<meta name=\"author\" content=\"Reda\u00e7\u00e3o JO\" \/>\n<meta name=\"twitter:card\" content=\"summary_large_image\" \/>\n<meta name=\"twitter:creator\" content=\"@jornaloficinas\" \/>\n<meta name=\"twitter:site\" content=\"@jornaloficinas\" \/>\n<meta name=\"twitter:label1\" content=\"Written by\" \/>\n\t<meta name=\"twitter:data1\" content=\"Reda\u00e7\u00e3o JO\" \/>\n\t<meta name=\"twitter:label2\" content=\"Est. reading time\" \/>\n\t<meta name=\"twitter:data2\" content=\"3 minutes\" \/>\n<script type=\"application\/ld+json\" class=\"yoast-schema-graph\">{\"@context\":\"https:\\\/\\\/schema.org\",\"@graph\":[{\"@type\":\"NewsArticle\",\"@id\":\"https:\\\/\\\/jornaldasoficinas.com\\\/repsol-convida-portugueses-a-plantar-uma-arvore\\\/#article\",\"isPartOf\":{\"@id\":\"https:\\\/\\\/jornaldasoficinas.com\\\/repsol-convida-portugueses-a-plantar-uma-arvore\\\/\"},\"author\":{\"name\":\"Reda\u00e7\u00e3o JO\",\"@id\":\"https:\\\/\\\/staging.jornaldasoficinas.com\\\/#\\\/schema\\\/person\\\/df9f5eec20da7ed19659ac6ab2fc4c3a\"},\"headline\":\"Repsol convida portugueses a \u201cPlantar Uma \u00c1rvore\u201d\",\"datePublished\":\"2021-02-04T12:00:40+00:00\",\"mainEntityOfPage\":{\"@id\":\"https:\\\/\\\/jornaldasoficinas.com\\\/repsol-convida-portugueses-a-plantar-uma-arvore\\\/\"},\"wordCount\":703,\"publisher\":{\"@id\":\"https:\\\/\\\/staging.jornaldasoficinas.com\\\/#organization\"},\"image\":{\"@id\":\"https:\\\/\\\/jornaldasoficinas.com\\\/repsol-convida-portugueses-a-plantar-uma-arvore\\\/#primaryimage\"},\"thumbnailUrl\":\"https:\\\/\\\/jornaldasoficinas.com\\\/wp-content\\\/uploads\\\/2021\\\/02\\\/Repsol-convida-portugueses.jpg\",\"keywords\":[\"Repsol\"],\"articleSection\":[\"Empresas\"],\"inLanguage\":\"pt-PT\"},{\"@type\":\"WebPage\",\"@id\":\"https:\\\/\\\/jornaldasoficinas.com\\\/repsol-convida-portugueses-a-plantar-uma-arvore\\\/\",\"url\":\"https:\\\/\\\/jornaldasoficinas.com\\\/repsol-convida-portugueses-a-plantar-uma-arvore\\\/\",\"name\":\"Repsol convida portugueses a \u201cPlantar Uma \u00c1rvore\u201d | Jornal das Oficinas\",\"isPartOf\":{\"@id\":\"https:\\\/\\\/staging.jornaldasoficinas.com\\\/#website\"},\"primaryImageOfPage\":{\"@id\":\"https:\\\/\\\/jornaldasoficinas.com\\\/repsol-convida-portugueses-a-plantar-uma-arvore\\\/#primaryimage\"},\"image\":{\"@id\":\"https:\\\/\\\/jornaldasoficinas.com\\\/repsol-convida-portugueses-a-plantar-uma-arvore\\\/#primaryimage\"},\"thumbnailUrl\":\"https:\\\/\\\/jornaldasoficinas.com\\\/wp-content\\\/uploads\\\/2021\\\/02\\\/Repsol-convida-portugueses.jpg\",\"datePublished\":\"2021-02-04T12:00:40+00:00\",\"description\":\"A Repsol acaba de lan\u00e7ar um desafio aos portugueses. A partir de agora, \u00e9 poss\u00edvel \u201cPlantar Uma \u00c1rvore\u201d em Portugal, atrav\u00e9s da troca de pontos, sem sair\",\"breadcrumb\":{\"@id\":\"https:\\\/\\\/jornaldasoficinas.com\\\/repsol-convida-portugueses-a-plantar-uma-arvore\\\/#breadcrumb\"},\"inLanguage\":\"pt-PT\",\"potentialAction\":[{\"@type\":\"ReadAction\",\"target\":[\"https:\\\/\\\/jornaldasoficinas.com\\\/repsol-convida-portugueses-a-plantar-uma-arvore\\\/\"]}]},{\"@type\":\"ImageObject\",\"inLanguage\":\"pt-PT\",\"@id\":\"https:\\\/\\\/jornaldasoficinas.com\\\/repsol-convida-portugueses-a-plantar-uma-arvore\\\/#primaryimage\",\"url\":\"https:\\\/\\\/jornaldasoficinas.com\\\/wp-content\\\/uploads\\\/2021\\\/02\\\/Repsol-convida-portugueses.jpg\",\"contentUrl\":\"https:\\\/\\\/jornaldasoficinas.com\\\/wp-content\\\/uploads\\\/2021\\\/02\\\/Repsol-convida-portugueses.jpg\",\"width\":1200,\"height\":675},{\"@type\":\"BreadcrumbList\",\"@id\":\"https:\\\/\\\/jornaldasoficinas.com\\\/repsol-convida-portugueses-a-plantar-uma-arvore\\\/#breadcrumb\",\"itemListElement\":[{\"@type\":\"ListItem\",\"position\":1,\"name\":\"Home\",\"item\":\"https:\\\/\\\/jornaldasoficinas.com\\\/\"},{\"@type\":\"ListItem\",\"position\":2,\"name\":\"Empresas\",\"item\":\"https:\\\/\\\/jornaldasoficinas.com\\\/category\\\/empresas\\\/\"},{\"@type\":\"ListItem\",\"position\":3,\"name\":\"Repsol convida portugueses a \u201cPlantar Uma \u00c1rvore\u201d\"}]},{\"@type\":\"WebSite\",\"@id\":\"https:\\\/\\\/staging.jornaldasoficinas.com\\\/#website\",\"url\":\"https:\\\/\\\/staging.jornaldasoficinas.com\\\/\",\"name\":\"Jornal das Oficinas\",\"description\":\"L\u00edder na Comunica\u00e7\u00e3o B2B para o Aftermarket (IAM) desde 1994\",\"publisher\":{\"@id\":\"https:\\\/\\\/staging.jornaldasoficinas.com\\\/#organization\"},\"alternateName\":\"JO\",\"potentialAction\":[{\"@type\":\"SearchAction\",\"target\":{\"@type\":\"EntryPoint\",\"urlTemplate\":\"https:\\\/\\\/staging.jornaldasoficinas.com\\\/?s={search_term_string}\"},\"query-input\":{\"@type\":\"PropertyValueSpecification\",\"valueRequired\":true,\"valueName\":\"search_term_string\"}}],\"inLanguage\":\"pt-PT\"},{\"@type\":\"Organization\",\"@id\":\"https:\\\/\\\/staging.jornaldasoficinas.com\\\/#organization\",\"name\":\"Jornal das Oficinas\",\"alternateName\":\"JO\",\"url\":\"https:\\\/\\\/staging.jornaldasoficinas.com\\\/\",\"logo\":{\"@type\":\"ImageObject\",\"inLanguage\":\"pt-PT\",\"@id\":\"https:\\\/\\\/staging.jornaldasoficinas.com\\\/#\\\/schema\\\/logo\\\/image\\\/\",\"url\":\"https:\\\/\\\/jornaldasoficinas.com\\\/wp-content\\\/uploads\\\/2026\\\/05\\\/JO_logo-DEEP.png\",\"contentUrl\":\"https:\\\/\\\/jornaldasoficinas.com\\\/wp-content\\\/uploads\\\/2026\\\/05\\\/JO_logo-DEEP.png\",\"width\":145,\"height\":94,\"caption\":\"Jornal das Oficinas\"},\"image\":{\"@id\":\"https:\\\/\\\/staging.jornaldasoficinas.com\\\/#\\\/schema\\\/logo\\\/image\\\/\"},\"sameAs\":[\"https:\\\/\\\/www.facebook.com\\\/jornaloficinas\",\"https:\\\/\\\/x.com\\\/jornaloficinas\",\"https:\\\/\\\/www.instagram.com\\\/jornal_oficinas\",\"https:\\\/\\\/www.linkedin.com\\\/company\\\/jornal-das-oficinas\\\/\",\"https:\\\/\\\/www.youtube.com\\\/@jornaldasoficinas\"]},{\"@type\":\"Person\",\"@id\":\"https:\\\/\\\/staging.jornaldasoficinas.com\\\/#\\\/schema\\\/person\\\/df9f5eec20da7ed19659ac6ab2fc4c3a\",\"name\":\"Reda\u00e7\u00e3o JO\",\"image\":{\"@type\":\"ImageObject\",\"inLanguage\":\"pt-PT\",\"@id\":\"https:\\\/\\\/secure.gravatar.com\\\/avatar\\\/71f2fa71737ad68a84fea94bc708ddac8ea5b0c4788dc2ad202f3ccb2887742f?s=96&d=mm&r=g\",\"url\":\"https:\\\/\\\/secure.gravatar.com\\\/avatar\\\/71f2fa71737ad68a84fea94bc708ddac8ea5b0c4788dc2ad202f3ccb2887742f?s=96&d=mm&r=g\",\"contentUrl\":\"https:\\\/\\\/secure.gravatar.com\\\/avatar\\\/71f2fa71737ad68a84fea94bc708ddac8ea5b0c4788dc2ad202f3ccb2887742f?s=96&d=mm&r=g\",\"caption\":\"Reda\u00e7\u00e3o JO\"},\"url\":\"https:\\\/\\\/jornaldasoficinas.com\\\/author\\\/joredacao\\\/\"}]}<\/script>\n<!-- \/ Yoast SEO plugin. -->","yoast_head_json":{"title":"Repsol convida portugueses a \u201cPlantar Uma \u00c1rvore\u201d | Jornal das Oficinas","description":"A Repsol acaba de lan\u00e7ar um desafio aos portugueses. A partir de agora, \u00e9 poss\u00edvel \u201cPlantar Uma \u00c1rvore\u201d em Portugal, atrav\u00e9s da troca de pontos, sem sair","robots":{"index":"index","follow":"follow","max-snippet":"max-snippet:-1","max-image-preview":"max-image-preview:large","max-video-preview":"max-video-preview:-1"},"canonical":"https:\/\/jornaldasoficinas.com\/repsol-convida-portugueses-a-plantar-uma-arvore\/","og_locale":"pt_PT","og_type":"article","og_title":"Repsol convida portugueses a \u201cPlantar Uma \u00c1rvore\u201d | Jornal das Oficinas","og_description":"A Repsol acaba de lan\u00e7ar um desafio aos portugueses. A partir de agora, \u00e9 poss\u00edvel \u201cPlantar Uma \u00c1rvore\u201d em Portugal, atrav\u00e9s da troca de pontos, sem sair","og_url":"https:\/\/jornaldasoficinas.com\/repsol-convida-portugueses-a-plantar-uma-arvore\/","og_site_name":"Jornal das Oficinas","article_publisher":"https:\/\/www.facebook.com\/jornaloficinas","article_published_time":"2021-02-04T12:00:40+00:00","og_image":[{"width":1200,"height":675,"url":"https:\/\/jornaldasoficinas.com\/wp-content\/uploads\/2021\/02\/Repsol-convida-portugueses.jpg","type":"image\/jpeg"}],"author":"Reda\u00e7\u00e3o JO","twitter_card":"summary_large_image","twitter_creator":"@jornaloficinas","twitter_site":"@jornaloficinas","twitter_misc":{"Written by":"Reda\u00e7\u00e3o JO","Est. reading time":"3 minutes"},"schema":{"@context":"https:\/\/schema.org","@graph":[{"@type":"NewsArticle","@id":"https:\/\/jornaldasoficinas.com\/repsol-convida-portugueses-a-plantar-uma-arvore\/#article","isPartOf":{"@id":"https:\/\/jornaldasoficinas.com\/repsol-convida-portugueses-a-plantar-uma-arvore\/"},"author":{"name":"Reda\u00e7\u00e3o JO","@id":"https:\/\/staging.jornaldasoficinas.com\/#\/schema\/person\/df9f5eec20da7ed19659ac6ab2fc4c3a"},"headline":"Repsol convida portugueses a \u201cPlantar Uma \u00c1rvore\u201d","datePublished":"2021-02-04T12:00:40+00:00","mainEntityOfPage":{"@id":"https:\/\/jornaldasoficinas.com\/repsol-convida-portugueses-a-plantar-uma-arvore\/"},"wordCount":703,"publisher":{"@id":"https:\/\/staging.jornaldasoficinas.com\/#organization"},"image":{"@id":"https:\/\/jornaldasoficinas.com\/repsol-convida-portugueses-a-plantar-uma-arvore\/#primaryimage"},"thumbnailUrl":"https:\/\/jornaldasoficinas.com\/wp-content\/uploads\/2021\/02\/Repsol-convida-portugueses.jpg","keywords":["Repsol"],"articleSection":["Empresas"],"inLanguage":"pt-PT"},{"@type":"WebPage","@id":"https:\/\/jornaldasoficinas.com\/repsol-convida-portugueses-a-plantar-uma-arvore\/","url":"https:\/\/jornaldasoficinas.com\/repsol-convida-portugueses-a-plantar-uma-arvore\/","name":"Repsol convida portugueses a \u201cPlantar Uma \u00c1rvore\u201d | Jornal das Oficinas","isPartOf":{"@id":"https:\/\/staging.jornaldasoficinas.com\/#website"},"primaryImageOfPage":{"@id":"https:\/\/jornaldasoficinas.com\/repsol-convida-portugueses-a-plantar-uma-arvore\/#primaryimage"},"image":{"@id":"https:\/\/jornaldasoficinas.com\/repsol-convida-portugueses-a-plantar-uma-arvore\/#primaryimage"},"thumbnailUrl":"https:\/\/jornaldasoficinas.com\/wp-content\/uploads\/2021\/02\/Repsol-convida-portugueses.jpg","datePublished":"2021-02-04T12:00:40+00:00","description":"A Repsol acaba de lan\u00e7ar um desafio aos portugueses. A partir de agora, \u00e9 poss\u00edvel \u201cPlantar Uma \u00c1rvore\u201d em Portugal, atrav\u00e9s da troca de pontos, sem sair","breadcrumb":{"@id":"https:\/\/jornaldasoficinas.com\/repsol-convida-portugueses-a-plantar-uma-arvore\/#breadcrumb"},"inLanguage":"pt-PT","potentialAction":[{"@type":"ReadAction","target":["https:\/\/jornaldasoficinas.com\/repsol-convida-portugueses-a-plantar-uma-arvore\/"]}]},{"@type":"ImageObject","inLanguage":"pt-PT","@id":"https:\/\/jornaldasoficinas.com\/repsol-convida-portugueses-a-plantar-uma-arvore\/#primaryimage","url":"https:\/\/jornaldasoficinas.com\/wp-content\/uploads\/2021\/02\/Repsol-convida-portugueses.jpg","contentUrl":"https:\/\/jornaldasoficinas.com\/wp-content\/uploads\/2021\/02\/Repsol-convida-portugueses.jpg","width":1200,"height":675},{"@type":"BreadcrumbList","@id":"https:\/\/jornaldasoficinas.com\/repsol-convida-portugueses-a-plantar-uma-arvore\/#breadcrumb","itemListElement":[{"@type":"ListItem","position":1,"name":"Home","item":"https:\/\/jornaldasoficinas.com\/"},{"@type":"ListItem","position":2,"name":"Empresas","item":"https:\/\/jornaldasoficinas.com\/category\/empresas\/"},{"@type":"ListItem","position":3,"name":"Repsol convida portugueses a \u201cPlantar Uma \u00c1rvore\u201d"}]},{"@type":"WebSite","@id":"https:\/\/staging.jornaldasoficinas.com\/#website","url":"https:\/\/staging.jornaldasoficinas.com\/","name":"Jornal das Oficinas","description":"L\u00edder na Comunica\u00e7\u00e3o B2B para o Aftermarket (IAM) desde 1994","publisher":{"@id":"https:\/\/staging.jornaldasoficinas.com\/#organization"},"alternateName":"JO","potentialAction":[{"@type":"SearchAction","target":{"@type":"EntryPoint","urlTemplate":"https:\/\/staging.jornaldasoficinas.com\/?s={search_term_string}"},"query-input":{"@type":"PropertyValueSpecification","valueRequired":true,"valueName":"search_term_string"}}],"inLanguage":"pt-PT"},{"@type":"Organization","@id":"https:\/\/staging.jornaldasoficinas.com\/#organization","name":"Jornal das Oficinas","alternateName":"JO","url":"https:\/\/staging.jornaldasoficinas.com\/","logo":{"@type":"ImageObject","inLanguage":"pt-PT","@id":"https:\/\/staging.jornaldasoficinas.com\/#\/schema\/logo\/image\/","url":"https:\/\/jornaldasoficinas.com\/wp-content\/uploads\/2026\/05\/JO_logo-DEEP.png","contentUrl":"https:\/\/jornaldasoficinas.com\/wp-content\/uploads\/2026\/05\/JO_logo-DEEP.png","width":145,"height":94,"caption":"Jornal das Oficinas"},"image":{"@id":"https:\/\/staging.jornaldasoficinas.com\/#\/schema\/logo\/image\/"},"sameAs":["https:\/\/www.facebook.com\/jornaloficinas","https:\/\/x.com\/jornaloficinas","https:\/\/www.instagram.com\/jornal_oficinas","https:\/\/www.linkedin.com\/company\/jornal-das-oficinas\/","https:\/\/www.youtube.com\/@jornaldasoficinas"]},{"@type":"Person","@id":"https:\/\/staging.jornaldasoficinas.com\/#\/schema\/person\/df9f5eec20da7ed19659ac6ab2fc4c3a","name":"Reda\u00e7\u00e3o JO","image":{"@type":"ImageObject","inLanguage":"pt-PT","@id":"https:\/\/secure.gravatar.com\/avatar\/71f2fa71737ad68a84fea94bc708ddac8ea5b0c4788dc2ad202f3ccb2887742f?s=96&d=mm&r=g","url":"https:\/\/secure.gravatar.com\/avatar\/71f2fa71737ad68a84fea94bc708ddac8ea5b0c4788dc2ad202f3ccb2887742f?s=96&d=mm&r=g","contentUrl":"https:\/\/secure.gravatar.com\/avatar\/71f2fa71737ad68a84fea94bc708ddac8ea5b0c4788dc2ad202f3ccb2887742f?s=96&d=mm&r=g","caption":"Reda\u00e7\u00e3o JO"},"url":"https:\/\/jornaldasoficinas.com\/author\/joredacao\/"}]}},"_links":{"self":[{"href":"https:\/\/jornaldasoficinas.com\/wp-json\/wp\/v2\/posts\/18509","targetHints":{"allow":["GET"]}}],"collection":[{"href":"https:\/\/jornaldasoficinas.com\/wp-json\/wp\/v2\/posts"}],"about":[{"href":"https:\/\/jornaldasoficinas.com\/wp-json\/wp\/v2\/types\/post"}],"author":[{"embeddable":true,"href":"https:\/\/jornaldasoficinas.com\/wp-json\/wp\/v2\/users\/15"}],"replies":[{"embeddable":true,"href":"https:\/\/jornaldasoficinas.com\/wp-json\/wp\/v2\/comments?post=18509"}],"version-history":[{"count":0,"href":"https:\/\/jornaldasoficinas.com\/wp-json\/wp\/v2\/posts\/18509\/revisions"}],"wp:featuredmedia":[{"embeddable":true,"href":"https:\/\/jornaldasoficinas.com\/wp-json\/wp\/v2\/media\/18494"}],"wp:attachment":[{"href":"https:\/\/jornaldasoficinas.com\/wp-json\/wp\/v2\/media?parent=18509"}],"wp:term":[{"taxonomy":"category","embeddable":true,"href":"https:\/\/jornaldasoficinas.com\/wp-json\/wp\/v2\/categories?post=18509"},{"taxonomy":"post_tag","embeddable":true,"href":"https:\/\/jornaldasoficinas.com\/wp-json\/wp\/v2\/tags?post=18509"}],"curies":[{"name":"wp","href":"https:\/\/api.w.org\/{rel}","templated":true}]}}