{"id":18768,"date":"2021-02-19T18:00:25","date_gmt":"2021-02-19T18:00:25","guid":{"rendered":"https:\/\/jornaldasoficinas.com\/pt\/?p=18768"},"modified":"2023-07-20T16:13:55","modified_gmt":"2023-07-20T15:13:55","slug":"europart-recebe-selo-top-100","status":"publish","type":"post","link":"https:\/\/jornaldasoficinas.com\/pt\/europart-recebe-selo-top-100\/","title":{"rendered":"EUROPART recebe selo TOP 100"},"content":{"rendered":"<p><strong><img loading=\"lazy\" decoding=\"async\" class=\"alignnone wp-image-18765 size-full\" src=\"https:\/\/jornaldasoficinas.com\/pt\/wp-content\/uploads\/2021\/02\/EUROPART-recebe-selo.jpg\" alt=\"02 - EUROPART-recebe-selo\" width=\"1024\" height=\"581\" srcset=\"https:\/\/jornaldasoficinas.com\/pt\/wp-content\/uploads\/2021\/02\/EUROPART-recebe-selo.jpg 1024w, https:\/\/jornaldasoficinas.com\/pt\/wp-content\/uploads\/2021\/02\/EUROPART-recebe-selo-300x170.jpg 300w, https:\/\/jornaldasoficinas.com\/pt\/wp-content\/uploads\/2021\/02\/EUROPART-recebe-selo-150x85.jpg 150w, https:\/\/jornaldasoficinas.com\/pt\/wp-content\/uploads\/2021\/02\/EUROPART-recebe-selo-768x436.jpg 768w\" sizes=\"auto, (max-width: 1024px) 100vw, 1024px\" \/><\/strong><\/p>\n<p><strong>No concurso de inova\u00e7\u00e3o TOP 100 deste ano, a EUROPART recebeu pela primeira vez o selo TOP 100. Com este pr\u00e9mio, o j\u00fari de renome homenageia empresas de m\u00e9dia dimens\u00e3o particularmente inovadoras.<\/strong><\/p>\n<p>A empresa comercial l\u00edder europeia de pe\u00e7as para ve\u00edculos comerciais e equipamento de oficina com sede em Hagen e uma rede de mais de 290 pontos de venda em 27 pa\u00edses europeus \u00e9, assim, uma das empresas mais inovadoras da Alemanha.<\/p>\n<p>\u201cEste valioso pr\u00e9mio confirma a for\u00e7a de inova\u00e7\u00e3o sustent\u00e1vel da EUROPART \u2013 e est\u00e1 at\u00e9 cientificamente comprovado\u201d, congratula-se Olaf Giesen, CEO da EUROPART.<\/p>\n<p>\u201cAgradecemos em primeiro lugar \u00e0 nossa empenhada equipa de colaboradores altamente motivados e altamente competentes que trabalham apaixonadamente todos os dias para responder \u00e0s necessidades dos nossos clientes\u201d.<\/p>\n<p>A EUROPART tinha passado por um processo de sele\u00e7\u00e3o cient\u00edfica para o concurso. O organizador do concurso de inova\u00e7\u00e3o TOP 100, o investigador de inova\u00e7\u00e3o Prof. Dr. Nikolaus Franke e a sua equipa analisaram a for\u00e7a de inova\u00e7\u00e3o da empresa. Os investigadores utilizaram cerca de 120 crit\u00e9rios de ensaio de cinco categorias: Gest\u00e3o de topo promotora de inova\u00e7\u00e3o, clima de inova\u00e7\u00e3o, processos e organiza\u00e7\u00e3o inovadores, orienta\u00e7\u00e3o externa \/ inova\u00e7\u00e3o aberta e sucesso de inova\u00e7\u00e3o.<\/p>\n<p>Os cientistas investigaram se as inova\u00e7\u00f5es s\u00e3o o resultado de um procedimento planeado ou um produto casual. Tamb\u00e9m avaliaram se e como as solu\u00e7\u00f5es correspondentes t\u00eam uma boa aceita\u00e7\u00e3o no mercado. Devido \u00e0 situa\u00e7\u00e3o atual, esta ronda incluiu tamb\u00e9m uma sec\u00e7\u00e3o especial que analisava a resposta empresarial \u00e0 crise do Coronav\u00edrus.<\/p>\n<p>N\u00e3o apenas desde a pandemia: A EUROPART entra em modo digital<\/p>\n<p>A digitaliza\u00e7\u00e3o tem estado no topo da agenda da EUROPART h\u00e1 muitos anos. Desenvolvimentos cont\u00ednuos e novas abordagens inovadoras, por exemplo na encomenda online de pe\u00e7as, n\u00e3o se destinam apenas a simplificar e acelerar processos. Especialmente a expans\u00e3o de fun\u00e7\u00f5es \u00fateis para os clientes \u00e9 a prioridade de um desenvolvimento cont\u00ednuo.<\/p>\n<p>Assim, no seu mais recente n\u00edvel de expans\u00e3o, o sistema de encomenda e de consultoria online EWOS da EUROPART oferece uma identifica\u00e7\u00e3o r\u00e1pida e fi\u00e1vel das pe\u00e7as, tamb\u00e9m com base nos n\u00fameros de chassis. O utilizador tamb\u00e9m pode facilmente comparar artigos, calcular pre\u00e7os, aceder a dados da frota, assim como a faturas e notas de entrega em tempo real \u2013 sete dias por semana, 24 horas por dia. Al\u00e9m disso, est\u00e3o dispon\u00edveis no EWOS para os clientes instru\u00e7\u00f5es de repara\u00e7\u00e3o, tempos de trabalho de refer\u00eancia, planos de manuten\u00e7\u00e3o, assim como valores de ensaio e de ajuste. A vers\u00e3o m\u00f3vel para smartphones tamb\u00e9m serve como scanner de artigos e oferece outras fun\u00e7\u00f5es pr\u00e1ticas, tais como o carregamento de fotografias.<\/p>\n<p>Est\u00fadio de cinema de 360 graus para apresenta\u00e7\u00e3o de produtos online, forma\u00e7\u00e3o e confer\u00eancias<\/p>\n<p>Com as suas mais recentes inova\u00e7\u00f5es, a EUROPART d\u00e1 mais um grande passo em dire\u00e7\u00e3o \u00e0 distribui\u00e7\u00e3o do sistema digital humano e, assim, em dire\u00e7\u00e3o ao futuro. Assim, em Hagen a empresa aposta num moderno est\u00fadio de cinema de 360 graus, incluindo uma \u00e1rea de apresenta\u00e7\u00e3o de trailer de espet\u00e1culos. O est\u00fadio de elevada qualidade est\u00e1 equipado com um ecr\u00e3 LED completo e permite transmiss\u00f5es em direto com 24 diferentes posi\u00e7\u00f5es de c\u00e2mara.<\/p>\n<p>Deste modo, este equipamento inovador \u00e9 adequado para eventos digitais tais como<\/p>\n<p>apresenta\u00e7\u00f5es de produtos, reuni\u00f5es de vendas com salas de confer\u00eancia inclu\u00eddas, para o di\u00e1logo de gest\u00e3o com colaboradores e clientes de toda a Europa e muito mais. O primeiro evento online da EUROPART ocorreu com mais de 500 participantes. Com as suas possibilidades, o est\u00fadio de 360 graus tamb\u00e9m complementa o sistema de encomenda e de consultoria online EWOS.<\/p>\n<p>O CEO da EUROPART, Olaf Giesen, est\u00e1 convencido: \u201cA inova\u00e7\u00e3o \u00e9 a base para o nosso futuro de sucesso. \u00c9 por isso que continuamos a investir em ideias e tecnologias inovadoras para o benef\u00edcio dos nossos clientes e dos nossos mais de 1600 colaboradores. Receber o selo TOP 100 2021 \u00e9 a prova de que estamos no caminho certo com esta estrat\u00e9gia\u201d.<\/p>\n","protected":false},"excerpt":{"rendered":"<p>No concurso de inova\u00e7\u00e3o TOP 100&#8230;<\/p>\n","protected":false},"author":15,"featured_media":18765,"comment_status":"closed","ping_status":"closed","sticky":false,"template":"","format":"standard","meta":{"footnotes":""},"categories":[29],"tags":[624],"class_list":["post-18768","post","type-post","status-publish","format-standard","has-post-thumbnail","hentry","category-empresas","tag-europart"],"yoast_head":"<!-- This site is optimized with the Yoast SEO plugin v27.4 - https:\/\/yoast.com\/product\/yoast-seo-wordpress\/ -->\n<title>EUROPART recebe selo TOP 100 - Jornal das Oficinas<\/title>\n<meta name=\"robots\" content=\"index, follow, max-snippet:-1, max-image-preview:large, max-video-preview:-1\" \/>\n<link rel=\"canonical\" href=\"https:\/\/jornaldasoficinas.com\/pt\/europart-recebe-selo-top-100\/\" \/>\n<meta property=\"og:locale\" content=\"pt_PT\" \/>\n<meta property=\"og:type\" content=\"article\" \/>\n<meta property=\"og:title\" content=\"EUROPART recebe selo TOP 100 - Jornal das Oficinas\" \/>\n<meta property=\"og:description\" content=\"No concurso de inova\u00e7\u00e3o TOP 100...\" \/>\n<meta property=\"og:url\" content=\"https:\/\/jornaldasoficinas.com\/pt\/europart-recebe-selo-top-100\/\" \/>\n<meta property=\"og:site_name\" content=\"Jornal das Oficinas\" \/>\n<meta property=\"article:publisher\" content=\"https:\/\/www.facebook.com\/jornaloficinas\" \/>\n<meta property=\"article:published_time\" content=\"2021-02-19T18:00:25+00:00\" \/>\n<meta property=\"article:modified_time\" content=\"2023-07-20T15:13:55+00:00\" \/>\n<meta property=\"og:image\" content=\"https:\/\/jornaldasoficinas.com\/pt\/wp-content\/uploads\/2021\/02\/EUROPART-recebe-selo.jpg\" \/>\n\t<meta property=\"og:image:width\" content=\"1024\" \/>\n\t<meta property=\"og:image:height\" content=\"581\" \/>\n\t<meta property=\"og:image:type\" content=\"image\/jpeg\" \/>\n<meta name=\"author\" content=\"Reda\u00e7\u00e3o JO\" \/>\n<meta name=\"twitter:card\" content=\"summary_large_image\" \/>\n<meta name=\"twitter:creator\" content=\"@jornaloficinas\" \/>\n<meta name=\"twitter:site\" content=\"@jornaloficinas\" \/>\n<meta name=\"twitter:label1\" content=\"Escrito por\" \/>\n\t<meta name=\"twitter:data1\" content=\"Reda\u00e7\u00e3o JO\" \/>\n\t<meta name=\"twitter:label2\" content=\"Tempo estimado de leitura\" \/>\n\t<meta name=\"twitter:data2\" content=\"4 minutos\" \/>\n<script type=\"application\/ld+json\" class=\"yoast-schema-graph\">{\"@context\":\"https:\\\/\\\/schema.org\",\"@graph\":[{\"@type\":\"Article\",\"@id\":\"https:\\\/\\\/jornaldasoficinas.com\\\/pt\\\/europart-recebe-selo-top-100\\\/#article\",\"isPartOf\":{\"@id\":\"https:\\\/\\\/jornaldasoficinas.com\\\/pt\\\/europart-recebe-selo-top-100\\\/\"},\"author\":{\"name\":\"Reda\u00e7\u00e3o JO\",\"@id\":\"https:\\\/\\\/jornaldasoficinas.com\\\/pt\\\/#\\\/schema\\\/person\\\/a38eef5de2c41d9e7c9ac10141afddf3\"},\"headline\":\"EUROPART recebe selo TOP 100\",\"datePublished\":\"2021-02-19T18:00:25+00:00\",\"dateModified\":\"2023-07-20T15:13:55+00:00\",\"mainEntityOfPage\":{\"@id\":\"https:\\\/\\\/jornaldasoficinas.com\\\/pt\\\/europart-recebe-selo-top-100\\\/\"},\"wordCount\":718,\"publisher\":{\"@id\":\"https:\\\/\\\/jornaldasoficinas.com\\\/pt\\\/#organization\"},\"image\":{\"@id\":\"https:\\\/\\\/jornaldasoficinas.com\\\/pt\\\/europart-recebe-selo-top-100\\\/#primaryimage\"},\"thumbnailUrl\":\"https:\\\/\\\/jornaldasoficinas.com\\\/pt\\\/wp-content\\\/uploads\\\/2021\\\/02\\\/EUROPART-recebe-selo.jpg\",\"keywords\":[\"EUROPART\"],\"articleSection\":[\"Empresas\"],\"inLanguage\":\"pt-PT\"},{\"@type\":\"WebPage\",\"@id\":\"https:\\\/\\\/jornaldasoficinas.com\\\/pt\\\/europart-recebe-selo-top-100\\\/\",\"url\":\"https:\\\/\\\/jornaldasoficinas.com\\\/pt\\\/europart-recebe-selo-top-100\\\/\",\"name\":\"EUROPART recebe selo TOP 100 - Jornal das Oficinas\",\"isPartOf\":{\"@id\":\"https:\\\/\\\/jornaldasoficinas.com\\\/pt\\\/#website\"},\"primaryImageOfPage\":{\"@id\":\"https:\\\/\\\/jornaldasoficinas.com\\\/pt\\\/europart-recebe-selo-top-100\\\/#primaryimage\"},\"image\":{\"@id\":\"https:\\\/\\\/jornaldasoficinas.com\\\/pt\\\/europart-recebe-selo-top-100\\\/#primaryimage\"},\"thumbnailUrl\":\"https:\\\/\\\/jornaldasoficinas.com\\\/pt\\\/wp-content\\\/uploads\\\/2021\\\/02\\\/EUROPART-recebe-selo.jpg\",\"datePublished\":\"2021-02-19T18:00:25+00:00\",\"dateModified\":\"2023-07-20T15:13:55+00:00\",\"breadcrumb\":{\"@id\":\"https:\\\/\\\/jornaldasoficinas.com\\\/pt\\\/europart-recebe-selo-top-100\\\/#breadcrumb\"},\"inLanguage\":\"pt-PT\",\"potentialAction\":[{\"@type\":\"ReadAction\",\"target\":[\"https:\\\/\\\/jornaldasoficinas.com\\\/pt\\\/europart-recebe-selo-top-100\\\/\"]}]},{\"@type\":\"ImageObject\",\"inLanguage\":\"pt-PT\",\"@id\":\"https:\\\/\\\/jornaldasoficinas.com\\\/pt\\\/europart-recebe-selo-top-100\\\/#primaryimage\",\"url\":\"https:\\\/\\\/jornaldasoficinas.com\\\/pt\\\/wp-content\\\/uploads\\\/2021\\\/02\\\/EUROPART-recebe-selo.jpg\",\"contentUrl\":\"https:\\\/\\\/jornaldasoficinas.com\\\/pt\\\/wp-content\\\/uploads\\\/2021\\\/02\\\/EUROPART-recebe-selo.jpg\",\"width\":1024,\"height\":581,\"caption\":\"02 - EUROPART-recebe-selo\"},{\"@type\":\"BreadcrumbList\",\"@id\":\"https:\\\/\\\/jornaldasoficinas.com\\\/pt\\\/europart-recebe-selo-top-100\\\/#breadcrumb\",\"itemListElement\":[{\"@type\":\"ListItem\",\"position\":1,\"name\":\"In\u00edcio\",\"item\":\"https:\\\/\\\/jornaldasoficinas.com\\\/pt\\\/\"},{\"@type\":\"ListItem\",\"position\":2,\"name\":\"EUROPART recebe selo TOP 100\"}]},{\"@type\":\"WebSite\",\"@id\":\"https:\\\/\\\/jornaldasoficinas.com\\\/pt\\\/#website\",\"url\":\"https:\\\/\\\/jornaldasoficinas.com\\\/pt\\\/\",\"name\":\"Jornal das Oficinas\",\"description\":\"Jornal independente do Aftermarket Autom\u00f3vel em Portugal\",\"publisher\":{\"@id\":\"https:\\\/\\\/jornaldasoficinas.com\\\/pt\\\/#organization\"},\"potentialAction\":[{\"@type\":\"SearchAction\",\"target\":{\"@type\":\"EntryPoint\",\"urlTemplate\":\"https:\\\/\\\/jornaldasoficinas.com\\\/pt\\\/?s={search_term_string}\"},\"query-input\":{\"@type\":\"PropertyValueSpecification\",\"valueRequired\":true,\"valueName\":\"search_term_string\"}}],\"inLanguage\":\"pt-PT\"},{\"@type\":\"Organization\",\"@id\":\"https:\\\/\\\/jornaldasoficinas.com\\\/pt\\\/#organization\",\"name\":\"Jornal das Oficinas\",\"url\":\"https:\\\/\\\/jornaldasoficinas.com\\\/pt\\\/\",\"logo\":{\"@type\":\"ImageObject\",\"inLanguage\":\"pt-PT\",\"@id\":\"https:\\\/\\\/jornaldasoficinas.com\\\/pt\\\/#\\\/schema\\\/logo\\\/image\\\/\",\"url\":\"https:\\\/\\\/jornaldasoficinas.com\\\/pt\\\/wp-content\\\/uploads\\\/logoJO-SEO.png\",\"contentUrl\":\"https:\\\/\\\/jornaldasoficinas.com\\\/pt\\\/wp-content\\\/uploads\\\/logoJO-SEO.png\",\"width\":285,\"height\":450,\"caption\":\"Jornal das Oficinas\"},\"image\":{\"@id\":\"https:\\\/\\\/jornaldasoficinas.com\\\/pt\\\/#\\\/schema\\\/logo\\\/image\\\/\"},\"sameAs\":[\"https:\\\/\\\/www.facebook.com\\\/jornaloficinas\",\"https:\\\/\\\/x.com\\\/jornaloficinas\",\"https:\\\/\\\/www.instagram.com\\\/jornal_oficinas\\\/\",\"https:\\\/\\\/www.linkedin.com\\\/company\\\/jornal-das-oficinas\\\/\",\"https:\\\/\\\/www.youtube.com\\\/channel\\\/UCbQZBqtcvV-oSQrr7RzINGg\"]},{\"@type\":\"Person\",\"@id\":\"https:\\\/\\\/jornaldasoficinas.com\\\/pt\\\/#\\\/schema\\\/person\\\/a38eef5de2c41d9e7c9ac10141afddf3\",\"name\":\"Reda\u00e7\u00e3o JO\",\"image\":{\"@type\":\"ImageObject\",\"inLanguage\":\"pt-PT\",\"@id\":\"https:\\\/\\\/secure.gravatar.com\\\/avatar\\\/71f2fa71737ad68a84fea94bc708ddac8ea5b0c4788dc2ad202f3ccb2887742f?s=96&d=wp_user_avatar&r=g\",\"url\":\"https:\\\/\\\/secure.gravatar.com\\\/avatar\\\/71f2fa71737ad68a84fea94bc708ddac8ea5b0c4788dc2ad202f3ccb2887742f?s=96&d=wp_user_avatar&r=g\",\"contentUrl\":\"https:\\\/\\\/secure.gravatar.com\\\/avatar\\\/71f2fa71737ad68a84fea94bc708ddac8ea5b0c4788dc2ad202f3ccb2887742f?s=96&d=wp_user_avatar&r=g\",\"caption\":\"Reda\u00e7\u00e3o JO\"},\"url\":\"https:\\\/\\\/jornaldasoficinas.com\\\/pt\\\/author\\\/joredacao\\\/\"}]}<\/script>\n<!-- \/ Yoast SEO plugin. -->","yoast_head_json":{"title":"EUROPART recebe selo TOP 100 - Jornal das Oficinas","robots":{"index":"index","follow":"follow","max-snippet":"max-snippet:-1","max-image-preview":"max-image-preview:large","max-video-preview":"max-video-preview:-1"},"canonical":"https:\/\/jornaldasoficinas.com\/pt\/europart-recebe-selo-top-100\/","og_locale":"pt_PT","og_type":"article","og_title":"EUROPART recebe selo TOP 100 - Jornal das Oficinas","og_description":"No concurso de inova\u00e7\u00e3o TOP 100...","og_url":"https:\/\/jornaldasoficinas.com\/pt\/europart-recebe-selo-top-100\/","og_site_name":"Jornal das Oficinas","article_publisher":"https:\/\/www.facebook.com\/jornaloficinas","article_published_time":"2021-02-19T18:00:25+00:00","article_modified_time":"2023-07-20T15:13:55+00:00","og_image":[{"width":1024,"height":581,"url":"https:\/\/jornaldasoficinas.com\/pt\/wp-content\/uploads\/2021\/02\/EUROPART-recebe-selo.jpg","type":"image\/jpeg"}],"author":"Reda\u00e7\u00e3o JO","twitter_card":"summary_large_image","twitter_creator":"@jornaloficinas","twitter_site":"@jornaloficinas","twitter_misc":{"Escrito por":"Reda\u00e7\u00e3o JO","Tempo estimado de leitura":"4 minutos"},"schema":{"@context":"https:\/\/schema.org","@graph":[{"@type":"Article","@id":"https:\/\/jornaldasoficinas.com\/pt\/europart-recebe-selo-top-100\/#article","isPartOf":{"@id":"https:\/\/jornaldasoficinas.com\/pt\/europart-recebe-selo-top-100\/"},"author":{"name":"Reda\u00e7\u00e3o JO","@id":"https:\/\/jornaldasoficinas.com\/pt\/#\/schema\/person\/a38eef5de2c41d9e7c9ac10141afddf3"},"headline":"EUROPART recebe selo TOP 100","datePublished":"2021-02-19T18:00:25+00:00","dateModified":"2023-07-20T15:13:55+00:00","mainEntityOfPage":{"@id":"https:\/\/jornaldasoficinas.com\/pt\/europart-recebe-selo-top-100\/"},"wordCount":718,"publisher":{"@id":"https:\/\/jornaldasoficinas.com\/pt\/#organization"},"image":{"@id":"https:\/\/jornaldasoficinas.com\/pt\/europart-recebe-selo-top-100\/#primaryimage"},"thumbnailUrl":"https:\/\/jornaldasoficinas.com\/pt\/wp-content\/uploads\/2021\/02\/EUROPART-recebe-selo.jpg","keywords":["EUROPART"],"articleSection":["Empresas"],"inLanguage":"pt-PT"},{"@type":"WebPage","@id":"https:\/\/jornaldasoficinas.com\/pt\/europart-recebe-selo-top-100\/","url":"https:\/\/jornaldasoficinas.com\/pt\/europart-recebe-selo-top-100\/","name":"EUROPART recebe selo TOP 100 - Jornal das Oficinas","isPartOf":{"@id":"https:\/\/jornaldasoficinas.com\/pt\/#website"},"primaryImageOfPage":{"@id":"https:\/\/jornaldasoficinas.com\/pt\/europart-recebe-selo-top-100\/#primaryimage"},"image":{"@id":"https:\/\/jornaldasoficinas.com\/pt\/europart-recebe-selo-top-100\/#primaryimage"},"thumbnailUrl":"https:\/\/jornaldasoficinas.com\/pt\/wp-content\/uploads\/2021\/02\/EUROPART-recebe-selo.jpg","datePublished":"2021-02-19T18:00:25+00:00","dateModified":"2023-07-20T15:13:55+00:00","breadcrumb":{"@id":"https:\/\/jornaldasoficinas.com\/pt\/europart-recebe-selo-top-100\/#breadcrumb"},"inLanguage":"pt-PT","potentialAction":[{"@type":"ReadAction","target":["https:\/\/jornaldasoficinas.com\/pt\/europart-recebe-selo-top-100\/"]}]},{"@type":"ImageObject","inLanguage":"pt-PT","@id":"https:\/\/jornaldasoficinas.com\/pt\/europart-recebe-selo-top-100\/#primaryimage","url":"https:\/\/jornaldasoficinas.com\/pt\/wp-content\/uploads\/2021\/02\/EUROPART-recebe-selo.jpg","contentUrl":"https:\/\/jornaldasoficinas.com\/pt\/wp-content\/uploads\/2021\/02\/EUROPART-recebe-selo.jpg","width":1024,"height":581,"caption":"02 - EUROPART-recebe-selo"},{"@type":"BreadcrumbList","@id":"https:\/\/jornaldasoficinas.com\/pt\/europart-recebe-selo-top-100\/#breadcrumb","itemListElement":[{"@type":"ListItem","position":1,"name":"In\u00edcio","item":"https:\/\/jornaldasoficinas.com\/pt\/"},{"@type":"ListItem","position":2,"name":"EUROPART recebe selo TOP 100"}]},{"@type":"WebSite","@id":"https:\/\/jornaldasoficinas.com\/pt\/#website","url":"https:\/\/jornaldasoficinas.com\/pt\/","name":"Jornal das Oficinas","description":"Jornal independente do Aftermarket Autom\u00f3vel em Portugal","publisher":{"@id":"https:\/\/jornaldasoficinas.com\/pt\/#organization"},"potentialAction":[{"@type":"SearchAction","target":{"@type":"EntryPoint","urlTemplate":"https:\/\/jornaldasoficinas.com\/pt\/?s={search_term_string}"},"query-input":{"@type":"PropertyValueSpecification","valueRequired":true,"valueName":"search_term_string"}}],"inLanguage":"pt-PT"},{"@type":"Organization","@id":"https:\/\/jornaldasoficinas.com\/pt\/#organization","name":"Jornal das Oficinas","url":"https:\/\/jornaldasoficinas.com\/pt\/","logo":{"@type":"ImageObject","inLanguage":"pt-PT","@id":"https:\/\/jornaldasoficinas.com\/pt\/#\/schema\/logo\/image\/","url":"https:\/\/jornaldasoficinas.com\/pt\/wp-content\/uploads\/logoJO-SEO.png","contentUrl":"https:\/\/jornaldasoficinas.com\/pt\/wp-content\/uploads\/logoJO-SEO.png","width":285,"height":450,"caption":"Jornal das Oficinas"},"image":{"@id":"https:\/\/jornaldasoficinas.com\/pt\/#\/schema\/logo\/image\/"},"sameAs":["https:\/\/www.facebook.com\/jornaloficinas","https:\/\/x.com\/jornaloficinas","https:\/\/www.instagram.com\/jornal_oficinas\/","https:\/\/www.linkedin.com\/company\/jornal-das-oficinas\/","https:\/\/www.youtube.com\/channel\/UCbQZBqtcvV-oSQrr7RzINGg"]},{"@type":"Person","@id":"https:\/\/jornaldasoficinas.com\/pt\/#\/schema\/person\/a38eef5de2c41d9e7c9ac10141afddf3","name":"Reda\u00e7\u00e3o JO","image":{"@type":"ImageObject","inLanguage":"pt-PT","@id":"https:\/\/secure.gravatar.com\/avatar\/71f2fa71737ad68a84fea94bc708ddac8ea5b0c4788dc2ad202f3ccb2887742f?s=96&d=wp_user_avatar&r=g","url":"https:\/\/secure.gravatar.com\/avatar\/71f2fa71737ad68a84fea94bc708ddac8ea5b0c4788dc2ad202f3ccb2887742f?s=96&d=wp_user_avatar&r=g","contentUrl":"https:\/\/secure.gravatar.com\/avatar\/71f2fa71737ad68a84fea94bc708ddac8ea5b0c4788dc2ad202f3ccb2887742f?s=96&d=wp_user_avatar&r=g","caption":"Reda\u00e7\u00e3o JO"},"url":"https:\/\/jornaldasoficinas.com\/pt\/author\/joredacao\/"}]}},"_links":{"self":[{"href":"https:\/\/jornaldasoficinas.com\/pt\/wp-json\/wp\/v2\/posts\/18768","targetHints":{"allow":["GET"]}}],"collection":[{"href":"https:\/\/jornaldasoficinas.com\/pt\/wp-json\/wp\/v2\/posts"}],"about":[{"href":"https:\/\/jornaldasoficinas.com\/pt\/wp-json\/wp\/v2\/types\/post"}],"author":[{"embeddable":true,"href":"https:\/\/jornaldasoficinas.com\/pt\/wp-json\/wp\/v2\/users\/15"}],"replies":[{"embeddable":true,"href":"https:\/\/jornaldasoficinas.com\/pt\/wp-json\/wp\/v2\/comments?post=18768"}],"version-history":[{"count":0,"href":"https:\/\/jornaldasoficinas.com\/pt\/wp-json\/wp\/v2\/posts\/18768\/revisions"}],"wp:featuredmedia":[{"embeddable":true,"href":"https:\/\/jornaldasoficinas.com\/pt\/wp-json\/wp\/v2\/media\/18765"}],"wp:attachment":[{"href":"https:\/\/jornaldasoficinas.com\/pt\/wp-json\/wp\/v2\/media?parent=18768"}],"wp:term":[{"taxonomy":"category","embeddable":true,"href":"https:\/\/jornaldasoficinas.com\/pt\/wp-json\/wp\/v2\/categories?post=18768"},{"taxonomy":"post_tag","embeddable":true,"href":"https:\/\/jornaldasoficinas.com\/pt\/wp-json\/wp\/v2\/tags?post=18768"}],"curies":[{"name":"wp","href":"https:\/\/api.w.org\/{rel}","templated":true}]}}