{"id":18794,"date":"2021-02-22T08:00:16","date_gmt":"2021-02-22T08:00:16","guid":{"rendered":"https:\/\/jornaldasoficinas.com\/pt\/?p=18794"},"modified":"2021-02-19T12:45:42","modified_gmt":"2021-02-19T12:45:42","slug":"bosch-cada-vez-mais-ecologica-com-o-bosch-exchange","status":"publish","type":"post","link":"https:\/\/jornaldasoficinas.com\/pt\/bosch-cada-vez-mais-ecologica-com-o-bosch-exchange\/","title":{"rendered":"Bosch cada vez mais ecol\u00f3gica com o Bosch eXchange"},"content":{"rendered":"<p><strong><img loading=\"lazy\" decoding=\"async\" class=\"alignnone wp-image-18792 size-full\" src=\"https:\/\/jornaldasoficinas.com\/pt\/wp-content\/uploads\/2021\/02\/Bosch-cada-vez-mais-2.png\" alt=\"02 - Bosch-cada-vez-mais-2\" width=\"1024\" height=\"581\" srcset=\"https:\/\/jornaldasoficinas.com\/pt\/wp-content\/uploads\/2021\/02\/Bosch-cada-vez-mais-2.png 1024w, https:\/\/jornaldasoficinas.com\/pt\/wp-content\/uploads\/2021\/02\/Bosch-cada-vez-mais-2-300x170.png 300w, https:\/\/jornaldasoficinas.com\/pt\/wp-content\/uploads\/2021\/02\/Bosch-cada-vez-mais-2-150x85.png 150w, https:\/\/jornaldasoficinas.com\/pt\/wp-content\/uploads\/2021\/02\/Bosch-cada-vez-mais-2-768x436.png 768w\" sizes=\"auto, (max-width: 1024px) 100vw, 1024px\" \/><\/strong><\/p>\n<p><strong>O programa eXchange da Bosch para motores de arranque e alternadores poupa recursos e protege o ambiente.<\/strong><\/p>\n<p>Atualmente, as mudan\u00e7as clim\u00e1ticas s\u00e3o o maior desafio da humanidade e, por isso, um dos objetivos mais ambiciosos perseguidos em todo o mundo \u00e9 a descarboniza\u00e7\u00e3o. Nesse sentido, em 2020, a Bosch alcan\u00e7ou a neutralidade clim\u00e1tica nas suas 400 localidades pelo mundo. Al\u00e9m disso, o programa Bosch Automotive Aftermarket eXchange para produtos remanufaturados ajuda a economizar recursos e a proteger o meio ambiente, reduzindo as emiss\u00f5es de CO na atmosfera.<\/p>\n<p>Com o programa eXchange da Bosch para motores de arranque e alternadores, a Bosch oferece uma solu\u00e7\u00e3o ideal e econ\u00f3mica para a repara\u00e7\u00e3o de todos os tipos de ve\u00edculos. O programa \u00e9 composto principalmente por produtos remanufaturados em s\u00e9rie que atendem aos mesmos padr\u00f5es das pe\u00e7as originais, passando por rigorosos testes funcionais e de qualidade. Isso garante \u00e0s oficinas uma alternativa de alta qualidade e confi\u00e1vel, a pre\u00e7os mais baixos e para todas as repara\u00e7\u00f5es, tanto para autom\u00f3veis de passeio como comerciais. E tudo isto, com a garantia Bosch eXchange.<\/p>\n<p><strong>Bosch eXchange: poupar recursos e respeitar o ambiente<br \/>\n<\/strong>O Bosch eXchange n\u00e3o \u00e9 apenas uma boa escolha quando se trata de reparar ve\u00edculos economicamente. O programa de pe\u00e7as de reposi\u00e7\u00e3o tamb\u00e9m \u00e9 uma alternativa real, em termos de prote\u00e7\u00e3o ambiental e clim\u00e1tica. Em compara\u00e7\u00e3o com a produ\u00e7\u00e3o de novas pe\u00e7as, a remanufatura requer menos material e energia. Assim, durante 2019, com a reconstru\u00e7\u00e3o de motores de arranque e alternadores, a Bosch economizou cerca de 2.700 toneladas de metais diferentes. Isso traduz-se num equivalente de CO\u2082 (CO\u2082e) de aproximadamente 7.400 Tm, ou seja, a quantidade que deveria ter sido emitida pela produ\u00e7\u00e3o de novas pe\u00e7as met\u00e1licas do zero. Ou seja, seria necess\u00e1ria uma floresta inteira com cerca de 590 mil faias para absorver todo este CO\u2082e.<\/p>\n<p><strong>Bosch e Microsoft aliadas na digitaliza\u00e7\u00e3o autom\u00f3vel<br \/>\n<\/strong>A Bosch e a Microsoft aliaram-se para desenvolver uma plataforma de software que conecta perfeitamente os carros \u00e0 nuvem. O objetivo desta colabora\u00e7\u00e3o \u00e9 simplificar e acelerar o desenvolvimento e implementa\u00e7\u00e3o de um software ao longo da vida de um carro, de acordo com os padr\u00f5es de qualidade autom\u00f3vel.<\/p>\n<p>A nova plataforma, que ter\u00e1 como base o Microsoft Azure e incorporar\u00e1 m\u00f3dulos de software da Bosch, permitir\u00e1 o desenvolvimento e download do software nas unidades de comando e nos computadores do ve\u00edculo. Outra abordagem de colabora\u00e7\u00e3o concentra-se no desenvolvimento de ferramentas que aumentam a efici\u00eancia no processo de desenvolvimento do software. Isso, por sua vez, ir\u00e1 impulsionar a inova\u00e7\u00e3o e reduzir os custos de desenvolvimento dentro e entre as organiza\u00e7\u00f5es.<\/p>\n<p>Para os condutores, a plataforma significar\u00e1 acesso mais r\u00e1pido a novos recursos e servi\u00e7os digitais. A colabora\u00e7\u00e3o entre a Bosch e a Microsoft combina o profundo conhecimento de software, eletr\u00f4nica e sistemas do fornecedor automotivo com o conhecimento da Microsoft em engenharia de software e computa\u00e7\u00e3o em nuvem. Ambas as empresas preve\u00eam que os primeiros prot\u00f3tipos de ve\u00edculos poder\u00e3o usar a nova plataforma de software at\u00e9 o final de 2021.<\/p>\n<p>\u201cAtualmente, a Bosch j\u00e1 atualiza com seguran\u00e7a o software automotivo sem fios. Com esta plataforma abrangente, queremos capacitar ainda mais os fabricantes de autom\u00f3veis a desenvolver novas fun\u00e7\u00f5es e coloc\u00e1-las em funcionamento mais rapidamente \u201d, afirma o Dr. Markus Heyn, membro do Conselho de Administra\u00e7\u00e3o da Robert Bosch GmbH. &#8220;A nossa colabora\u00e7\u00e3o com a Bosch re\u00fane a experi\u00eancia de um dos principais fornecedores automotivos do mundo com o poder da nuvem da Microsoft, IA e GitHub&#8221;, disse Scott Guthrie, vice-presidente executivo de Cloud + AI da Microsoft. &#8220;Com o software a tornar-se rapidamente um diferencial importante na ind\u00fastria autom\u00f3vel, a nossa ambi\u00e7\u00e3o \u00e9 ajudar as empresas a acelerar a entrega de servi\u00e7os exclusivos de mobilidade em grande escala para carros de passageiros e frotas comerciais.&#8221;<\/p>\n<p><strong>Desenvolvemos juntos o futuro da ind\u00fastria autom\u00f3vel<br \/>\n<\/strong>O software ter\u00e1 um papel cada vez mais importante nas futuras gera\u00e7\u00f5es de ve\u00edculos. Novas tend\u00eancias, como eletromobilidade, dire\u00e7\u00e3o automatizada e servi\u00e7os modernos de mobilidade n\u00e3o seriam poss\u00edveis sem ele. Isso exigir\u00e1 atualiza\u00e7\u00f5es mais frequentes no futuro. No entanto, os r\u00edgidos requisitos de seguran\u00e7a da vida \u00fatil do ve\u00edculo tornam as atualiza\u00e7\u00f5es de software sem fios e os servi\u00e7os digitais para carros muito complexos.<\/p>\n<p>A ampla gama de diferentes s\u00e9ries e modelos cria ainda mais desafios. A colabora\u00e7\u00e3o beneficiar\u00e1 do profundo conhecimento da Bosch em arquiteturas el\u00e9tricas e eletr\u00f3nicas, unidades de controlo e computadores de ve\u00edculos, necess\u00e1rios para atualiza\u00e7\u00f5es sem fios. Al\u00e9m disso, a empresa contribuir\u00e1 com o seu conhecimento para o projeto, bem como produtos baseados em software e ferramentas de desenvolvimento autom\u00f3vel. Isso inclui softwares b\u00e1sicos e middleware para computadores de ve\u00edculos e unidades de controlo, bem como m\u00f3dulos de software baseados na nuvem para realizar atualiza\u00e7\u00f5es sem fio para toda a frota.<\/p>\n<p>\u201cTer uma plataforma de software abrangente do ve\u00edculo \u00e0 nuvem reduzir\u00e1 a complexidade do desenvolvimento de software e integra\u00e7\u00e3o ao sistema do ve\u00edculo. Dessa forma, vamos criar as condi\u00e7\u00f5es para que as atualiza\u00e7\u00f5es wireless funcionem com a mesma fluidez e conforto num carro que num smartphone \u201d, diz Heyn. A plataforma pr\u00e9-integrada reduzir\u00e1 muito a complexidade das atualiza\u00e7\u00f5es over-the-air, ajudando a garantir que o software esteja sempre atualizado.<\/p>\n","protected":false},"excerpt":{"rendered":"<p>O programa eXchange da Bosch para&#8230;<\/p>\n","protected":false},"author":15,"featured_media":18792,"comment_status":"closed","ping_status":"closed","sticky":false,"template":"","format":"standard","meta":{"footnotes":""},"categories":[29],"tags":[123],"class_list":["post-18794","post","type-post","status-publish","format-standard","has-post-thumbnail","hentry","category-empresas","tag-bosch"],"yoast_head":"<!-- This site is optimized with the Yoast SEO plugin v27.4 - https:\/\/yoast.com\/product\/yoast-seo-wordpress\/ -->\n<title>Bosch cada vez mais ecol\u00f3gica com o Bosch eXchange - Jornal das Oficinas<\/title>\n<meta name=\"robots\" content=\"index, follow, max-snippet:-1, max-image-preview:large, max-video-preview:-1\" \/>\n<link rel=\"canonical\" href=\"https:\/\/jornaldasoficinas.com\/pt\/bosch-cada-vez-mais-ecologica-com-o-bosch-exchange\/\" \/>\n<meta property=\"og:locale\" content=\"pt_PT\" \/>\n<meta property=\"og:type\" content=\"article\" \/>\n<meta property=\"og:title\" content=\"Bosch cada vez mais ecol\u00f3gica com o Bosch eXchange - Jornal das Oficinas\" \/>\n<meta property=\"og:description\" content=\"O programa eXchange da Bosch para...\" \/>\n<meta property=\"og:url\" content=\"https:\/\/jornaldasoficinas.com\/pt\/bosch-cada-vez-mais-ecologica-com-o-bosch-exchange\/\" \/>\n<meta property=\"og:site_name\" content=\"Jornal das Oficinas\" \/>\n<meta property=\"article:publisher\" content=\"https:\/\/www.facebook.com\/jornaloficinas\" \/>\n<meta property=\"article:published_time\" content=\"2021-02-22T08:00:16+00:00\" \/>\n<meta property=\"og:image\" content=\"https:\/\/jornaldasoficinas.com\/pt\/wp-content\/uploads\/2021\/02\/Bosch-cada-vez-mais-2.png\" \/>\n\t<meta property=\"og:image:width\" content=\"1024\" \/>\n\t<meta property=\"og:image:height\" content=\"581\" \/>\n\t<meta property=\"og:image:type\" content=\"image\/png\" \/>\n<meta name=\"author\" content=\"Reda\u00e7\u00e3o JO\" \/>\n<meta name=\"twitter:card\" content=\"summary_large_image\" \/>\n<meta name=\"twitter:creator\" content=\"@jornaloficinas\" \/>\n<meta name=\"twitter:site\" content=\"@jornaloficinas\" \/>\n<meta name=\"twitter:label1\" content=\"Escrito por\" \/>\n\t<meta name=\"twitter:data1\" content=\"Reda\u00e7\u00e3o JO\" \/>\n\t<meta name=\"twitter:label2\" content=\"Tempo estimado de leitura\" \/>\n\t<meta name=\"twitter:data2\" content=\"4 minutos\" \/>\n<script type=\"application\/ld+json\" class=\"yoast-schema-graph\">{\"@context\":\"https:\\\/\\\/schema.org\",\"@graph\":[{\"@type\":\"Article\",\"@id\":\"https:\\\/\\\/jornaldasoficinas.com\\\/pt\\\/bosch-cada-vez-mais-ecologica-com-o-bosch-exchange\\\/#article\",\"isPartOf\":{\"@id\":\"https:\\\/\\\/jornaldasoficinas.com\\\/pt\\\/bosch-cada-vez-mais-ecologica-com-o-bosch-exchange\\\/\"},\"author\":{\"name\":\"Reda\u00e7\u00e3o JO\",\"@id\":\"https:\\\/\\\/jornaldasoficinas.com\\\/pt\\\/#\\\/schema\\\/person\\\/a38eef5de2c41d9e7c9ac10141afddf3\"},\"headline\":\"Bosch cada vez mais ecol\u00f3gica com o Bosch eXchange\",\"datePublished\":\"2021-02-22T08:00:16+00:00\",\"mainEntityOfPage\":{\"@id\":\"https:\\\/\\\/jornaldasoficinas.com\\\/pt\\\/bosch-cada-vez-mais-ecologica-com-o-bosch-exchange\\\/\"},\"wordCount\":950,\"publisher\":{\"@id\":\"https:\\\/\\\/jornaldasoficinas.com\\\/pt\\\/#organization\"},\"image\":{\"@id\":\"https:\\\/\\\/jornaldasoficinas.com\\\/pt\\\/bosch-cada-vez-mais-ecologica-com-o-bosch-exchange\\\/#primaryimage\"},\"thumbnailUrl\":\"https:\\\/\\\/jornaldasoficinas.com\\\/pt\\\/wp-content\\\/uploads\\\/2021\\\/02\\\/Bosch-cada-vez-mais-2.png\",\"keywords\":[\"Bosch\"],\"articleSection\":[\"Empresas\"],\"inLanguage\":\"pt-PT\"},{\"@type\":\"WebPage\",\"@id\":\"https:\\\/\\\/jornaldasoficinas.com\\\/pt\\\/bosch-cada-vez-mais-ecologica-com-o-bosch-exchange\\\/\",\"url\":\"https:\\\/\\\/jornaldasoficinas.com\\\/pt\\\/bosch-cada-vez-mais-ecologica-com-o-bosch-exchange\\\/\",\"name\":\"Bosch cada vez mais ecol\u00f3gica com o Bosch eXchange - Jornal das Oficinas\",\"isPartOf\":{\"@id\":\"https:\\\/\\\/jornaldasoficinas.com\\\/pt\\\/#website\"},\"primaryImageOfPage\":{\"@id\":\"https:\\\/\\\/jornaldasoficinas.com\\\/pt\\\/bosch-cada-vez-mais-ecologica-com-o-bosch-exchange\\\/#primaryimage\"},\"image\":{\"@id\":\"https:\\\/\\\/jornaldasoficinas.com\\\/pt\\\/bosch-cada-vez-mais-ecologica-com-o-bosch-exchange\\\/#primaryimage\"},\"thumbnailUrl\":\"https:\\\/\\\/jornaldasoficinas.com\\\/pt\\\/wp-content\\\/uploads\\\/2021\\\/02\\\/Bosch-cada-vez-mais-2.png\",\"datePublished\":\"2021-02-22T08:00:16+00:00\",\"breadcrumb\":{\"@id\":\"https:\\\/\\\/jornaldasoficinas.com\\\/pt\\\/bosch-cada-vez-mais-ecologica-com-o-bosch-exchange\\\/#breadcrumb\"},\"inLanguage\":\"pt-PT\",\"potentialAction\":[{\"@type\":\"ReadAction\",\"target\":[\"https:\\\/\\\/jornaldasoficinas.com\\\/pt\\\/bosch-cada-vez-mais-ecologica-com-o-bosch-exchange\\\/\"]}]},{\"@type\":\"ImageObject\",\"inLanguage\":\"pt-PT\",\"@id\":\"https:\\\/\\\/jornaldasoficinas.com\\\/pt\\\/bosch-cada-vez-mais-ecologica-com-o-bosch-exchange\\\/#primaryimage\",\"url\":\"https:\\\/\\\/jornaldasoficinas.com\\\/pt\\\/wp-content\\\/uploads\\\/2021\\\/02\\\/Bosch-cada-vez-mais-2.png\",\"contentUrl\":\"https:\\\/\\\/jornaldasoficinas.com\\\/pt\\\/wp-content\\\/uploads\\\/2021\\\/02\\\/Bosch-cada-vez-mais-2.png\",\"width\":1024,\"height\":581,\"caption\":\"02 - Bosch-cada-vez-mais-2\"},{\"@type\":\"BreadcrumbList\",\"@id\":\"https:\\\/\\\/jornaldasoficinas.com\\\/pt\\\/bosch-cada-vez-mais-ecologica-com-o-bosch-exchange\\\/#breadcrumb\",\"itemListElement\":[{\"@type\":\"ListItem\",\"position\":1,\"name\":\"In\u00edcio\",\"item\":\"https:\\\/\\\/jornaldasoficinas.com\\\/pt\\\/\"},{\"@type\":\"ListItem\",\"position\":2,\"name\":\"Bosch cada vez mais ecol\u00f3gica com o Bosch eXchange\"}]},{\"@type\":\"WebSite\",\"@id\":\"https:\\\/\\\/jornaldasoficinas.com\\\/pt\\\/#website\",\"url\":\"https:\\\/\\\/jornaldasoficinas.com\\\/pt\\\/\",\"name\":\"Jornal das Oficinas\",\"description\":\"Jornal independente do Aftermarket Autom\u00f3vel em Portugal\",\"publisher\":{\"@id\":\"https:\\\/\\\/jornaldasoficinas.com\\\/pt\\\/#organization\"},\"potentialAction\":[{\"@type\":\"SearchAction\",\"target\":{\"@type\":\"EntryPoint\",\"urlTemplate\":\"https:\\\/\\\/jornaldasoficinas.com\\\/pt\\\/?s={search_term_string}\"},\"query-input\":{\"@type\":\"PropertyValueSpecification\",\"valueRequired\":true,\"valueName\":\"search_term_string\"}}],\"inLanguage\":\"pt-PT\"},{\"@type\":\"Organization\",\"@id\":\"https:\\\/\\\/jornaldasoficinas.com\\\/pt\\\/#organization\",\"name\":\"Jornal das Oficinas\",\"url\":\"https:\\\/\\\/jornaldasoficinas.com\\\/pt\\\/\",\"logo\":{\"@type\":\"ImageObject\",\"inLanguage\":\"pt-PT\",\"@id\":\"https:\\\/\\\/jornaldasoficinas.com\\\/pt\\\/#\\\/schema\\\/logo\\\/image\\\/\",\"url\":\"https:\\\/\\\/jornaldasoficinas.com\\\/pt\\\/wp-content\\\/uploads\\\/logoJO-SEO.png\",\"contentUrl\":\"https:\\\/\\\/jornaldasoficinas.com\\\/pt\\\/wp-content\\\/uploads\\\/logoJO-SEO.png\",\"width\":285,\"height\":450,\"caption\":\"Jornal das Oficinas\"},\"image\":{\"@id\":\"https:\\\/\\\/jornaldasoficinas.com\\\/pt\\\/#\\\/schema\\\/logo\\\/image\\\/\"},\"sameAs\":[\"https:\\\/\\\/www.facebook.com\\\/jornaloficinas\",\"https:\\\/\\\/x.com\\\/jornaloficinas\",\"https:\\\/\\\/www.instagram.com\\\/jornal_oficinas\\\/\",\"https:\\\/\\\/www.linkedin.com\\\/company\\\/jornal-das-oficinas\\\/\",\"https:\\\/\\\/www.youtube.com\\\/channel\\\/UCbQZBqtcvV-oSQrr7RzINGg\"]},{\"@type\":\"Person\",\"@id\":\"https:\\\/\\\/jornaldasoficinas.com\\\/pt\\\/#\\\/schema\\\/person\\\/a38eef5de2c41d9e7c9ac10141afddf3\",\"name\":\"Reda\u00e7\u00e3o JO\",\"image\":{\"@type\":\"ImageObject\",\"inLanguage\":\"pt-PT\",\"@id\":\"https:\\\/\\\/secure.gravatar.com\\\/avatar\\\/71f2fa71737ad68a84fea94bc708ddac8ea5b0c4788dc2ad202f3ccb2887742f?s=96&d=wp_user_avatar&r=g\",\"url\":\"https:\\\/\\\/secure.gravatar.com\\\/avatar\\\/71f2fa71737ad68a84fea94bc708ddac8ea5b0c4788dc2ad202f3ccb2887742f?s=96&d=wp_user_avatar&r=g\",\"contentUrl\":\"https:\\\/\\\/secure.gravatar.com\\\/avatar\\\/71f2fa71737ad68a84fea94bc708ddac8ea5b0c4788dc2ad202f3ccb2887742f?s=96&d=wp_user_avatar&r=g\",\"caption\":\"Reda\u00e7\u00e3o JO\"},\"url\":\"https:\\\/\\\/jornaldasoficinas.com\\\/pt\\\/author\\\/joredacao\\\/\"}]}<\/script>\n<!-- \/ Yoast SEO plugin. -->","yoast_head_json":{"title":"Bosch cada vez mais ecol\u00f3gica com o Bosch eXchange - Jornal das Oficinas","robots":{"index":"index","follow":"follow","max-snippet":"max-snippet:-1","max-image-preview":"max-image-preview:large","max-video-preview":"max-video-preview:-1"},"canonical":"https:\/\/jornaldasoficinas.com\/pt\/bosch-cada-vez-mais-ecologica-com-o-bosch-exchange\/","og_locale":"pt_PT","og_type":"article","og_title":"Bosch cada vez mais ecol\u00f3gica com o Bosch eXchange - Jornal das Oficinas","og_description":"O programa eXchange da Bosch para...","og_url":"https:\/\/jornaldasoficinas.com\/pt\/bosch-cada-vez-mais-ecologica-com-o-bosch-exchange\/","og_site_name":"Jornal das Oficinas","article_publisher":"https:\/\/www.facebook.com\/jornaloficinas","article_published_time":"2021-02-22T08:00:16+00:00","og_image":[{"width":1024,"height":581,"url":"https:\/\/jornaldasoficinas.com\/pt\/wp-content\/uploads\/2021\/02\/Bosch-cada-vez-mais-2.png","type":"image\/png"}],"author":"Reda\u00e7\u00e3o JO","twitter_card":"summary_large_image","twitter_creator":"@jornaloficinas","twitter_site":"@jornaloficinas","twitter_misc":{"Escrito por":"Reda\u00e7\u00e3o JO","Tempo estimado de leitura":"4 minutos"},"schema":{"@context":"https:\/\/schema.org","@graph":[{"@type":"Article","@id":"https:\/\/jornaldasoficinas.com\/pt\/bosch-cada-vez-mais-ecologica-com-o-bosch-exchange\/#article","isPartOf":{"@id":"https:\/\/jornaldasoficinas.com\/pt\/bosch-cada-vez-mais-ecologica-com-o-bosch-exchange\/"},"author":{"name":"Reda\u00e7\u00e3o JO","@id":"https:\/\/jornaldasoficinas.com\/pt\/#\/schema\/person\/a38eef5de2c41d9e7c9ac10141afddf3"},"headline":"Bosch cada vez mais ecol\u00f3gica com o Bosch eXchange","datePublished":"2021-02-22T08:00:16+00:00","mainEntityOfPage":{"@id":"https:\/\/jornaldasoficinas.com\/pt\/bosch-cada-vez-mais-ecologica-com-o-bosch-exchange\/"},"wordCount":950,"publisher":{"@id":"https:\/\/jornaldasoficinas.com\/pt\/#organization"},"image":{"@id":"https:\/\/jornaldasoficinas.com\/pt\/bosch-cada-vez-mais-ecologica-com-o-bosch-exchange\/#primaryimage"},"thumbnailUrl":"https:\/\/jornaldasoficinas.com\/pt\/wp-content\/uploads\/2021\/02\/Bosch-cada-vez-mais-2.png","keywords":["Bosch"],"articleSection":["Empresas"],"inLanguage":"pt-PT"},{"@type":"WebPage","@id":"https:\/\/jornaldasoficinas.com\/pt\/bosch-cada-vez-mais-ecologica-com-o-bosch-exchange\/","url":"https:\/\/jornaldasoficinas.com\/pt\/bosch-cada-vez-mais-ecologica-com-o-bosch-exchange\/","name":"Bosch cada vez mais ecol\u00f3gica com o Bosch eXchange - Jornal das Oficinas","isPartOf":{"@id":"https:\/\/jornaldasoficinas.com\/pt\/#website"},"primaryImageOfPage":{"@id":"https:\/\/jornaldasoficinas.com\/pt\/bosch-cada-vez-mais-ecologica-com-o-bosch-exchange\/#primaryimage"},"image":{"@id":"https:\/\/jornaldasoficinas.com\/pt\/bosch-cada-vez-mais-ecologica-com-o-bosch-exchange\/#primaryimage"},"thumbnailUrl":"https:\/\/jornaldasoficinas.com\/pt\/wp-content\/uploads\/2021\/02\/Bosch-cada-vez-mais-2.png","datePublished":"2021-02-22T08:00:16+00:00","breadcrumb":{"@id":"https:\/\/jornaldasoficinas.com\/pt\/bosch-cada-vez-mais-ecologica-com-o-bosch-exchange\/#breadcrumb"},"inLanguage":"pt-PT","potentialAction":[{"@type":"ReadAction","target":["https:\/\/jornaldasoficinas.com\/pt\/bosch-cada-vez-mais-ecologica-com-o-bosch-exchange\/"]}]},{"@type":"ImageObject","inLanguage":"pt-PT","@id":"https:\/\/jornaldasoficinas.com\/pt\/bosch-cada-vez-mais-ecologica-com-o-bosch-exchange\/#primaryimage","url":"https:\/\/jornaldasoficinas.com\/pt\/wp-content\/uploads\/2021\/02\/Bosch-cada-vez-mais-2.png","contentUrl":"https:\/\/jornaldasoficinas.com\/pt\/wp-content\/uploads\/2021\/02\/Bosch-cada-vez-mais-2.png","width":1024,"height":581,"caption":"02 - Bosch-cada-vez-mais-2"},{"@type":"BreadcrumbList","@id":"https:\/\/jornaldasoficinas.com\/pt\/bosch-cada-vez-mais-ecologica-com-o-bosch-exchange\/#breadcrumb","itemListElement":[{"@type":"ListItem","position":1,"name":"In\u00edcio","item":"https:\/\/jornaldasoficinas.com\/pt\/"},{"@type":"ListItem","position":2,"name":"Bosch cada vez mais ecol\u00f3gica com o Bosch eXchange"}]},{"@type":"WebSite","@id":"https:\/\/jornaldasoficinas.com\/pt\/#website","url":"https:\/\/jornaldasoficinas.com\/pt\/","name":"Jornal das Oficinas","description":"Jornal independente do Aftermarket Autom\u00f3vel em Portugal","publisher":{"@id":"https:\/\/jornaldasoficinas.com\/pt\/#organization"},"potentialAction":[{"@type":"SearchAction","target":{"@type":"EntryPoint","urlTemplate":"https:\/\/jornaldasoficinas.com\/pt\/?s={search_term_string}"},"query-input":{"@type":"PropertyValueSpecification","valueRequired":true,"valueName":"search_term_string"}}],"inLanguage":"pt-PT"},{"@type":"Organization","@id":"https:\/\/jornaldasoficinas.com\/pt\/#organization","name":"Jornal das Oficinas","url":"https:\/\/jornaldasoficinas.com\/pt\/","logo":{"@type":"ImageObject","inLanguage":"pt-PT","@id":"https:\/\/jornaldasoficinas.com\/pt\/#\/schema\/logo\/image\/","url":"https:\/\/jornaldasoficinas.com\/pt\/wp-content\/uploads\/logoJO-SEO.png","contentUrl":"https:\/\/jornaldasoficinas.com\/pt\/wp-content\/uploads\/logoJO-SEO.png","width":285,"height":450,"caption":"Jornal das Oficinas"},"image":{"@id":"https:\/\/jornaldasoficinas.com\/pt\/#\/schema\/logo\/image\/"},"sameAs":["https:\/\/www.facebook.com\/jornaloficinas","https:\/\/x.com\/jornaloficinas","https:\/\/www.instagram.com\/jornal_oficinas\/","https:\/\/www.linkedin.com\/company\/jornal-das-oficinas\/","https:\/\/www.youtube.com\/channel\/UCbQZBqtcvV-oSQrr7RzINGg"]},{"@type":"Person","@id":"https:\/\/jornaldasoficinas.com\/pt\/#\/schema\/person\/a38eef5de2c41d9e7c9ac10141afddf3","name":"Reda\u00e7\u00e3o JO","image":{"@type":"ImageObject","inLanguage":"pt-PT","@id":"https:\/\/secure.gravatar.com\/avatar\/71f2fa71737ad68a84fea94bc708ddac8ea5b0c4788dc2ad202f3ccb2887742f?s=96&d=wp_user_avatar&r=g","url":"https:\/\/secure.gravatar.com\/avatar\/71f2fa71737ad68a84fea94bc708ddac8ea5b0c4788dc2ad202f3ccb2887742f?s=96&d=wp_user_avatar&r=g","contentUrl":"https:\/\/secure.gravatar.com\/avatar\/71f2fa71737ad68a84fea94bc708ddac8ea5b0c4788dc2ad202f3ccb2887742f?s=96&d=wp_user_avatar&r=g","caption":"Reda\u00e7\u00e3o JO"},"url":"https:\/\/jornaldasoficinas.com\/pt\/author\/joredacao\/"}]}},"_links":{"self":[{"href":"https:\/\/jornaldasoficinas.com\/pt\/wp-json\/wp\/v2\/posts\/18794","targetHints":{"allow":["GET"]}}],"collection":[{"href":"https:\/\/jornaldasoficinas.com\/pt\/wp-json\/wp\/v2\/posts"}],"about":[{"href":"https:\/\/jornaldasoficinas.com\/pt\/wp-json\/wp\/v2\/types\/post"}],"author":[{"embeddable":true,"href":"https:\/\/jornaldasoficinas.com\/pt\/wp-json\/wp\/v2\/users\/15"}],"replies":[{"embeddable":true,"href":"https:\/\/jornaldasoficinas.com\/pt\/wp-json\/wp\/v2\/comments?post=18794"}],"version-history":[{"count":0,"href":"https:\/\/jornaldasoficinas.com\/pt\/wp-json\/wp\/v2\/posts\/18794\/revisions"}],"wp:featuredmedia":[{"embeddable":true,"href":"https:\/\/jornaldasoficinas.com\/pt\/wp-json\/wp\/v2\/media\/18792"}],"wp:attachment":[{"href":"https:\/\/jornaldasoficinas.com\/pt\/wp-json\/wp\/v2\/media?parent=18794"}],"wp:term":[{"taxonomy":"category","embeddable":true,"href":"https:\/\/jornaldasoficinas.com\/pt\/wp-json\/wp\/v2\/categories?post=18794"},{"taxonomy":"post_tag","embeddable":true,"href":"https:\/\/jornaldasoficinas.com\/pt\/wp-json\/wp\/v2\/tags?post=18794"}],"curies":[{"name":"wp","href":"https:\/\/api.w.org\/{rel}","templated":true}]}}