{"id":18845,"date":"2021-02-23T20:03:27","date_gmt":"2021-02-23T20:03:27","guid":{"rendered":"https:\/\/jornaldasoficinas.com\/pt\/?p=18845"},"modified":"2021-02-23T20:03:27","modified_gmt":"2021-02-23T20:03:27","slug":"a-concentracao-atraves-de-fusoes-e-aquisicoes-e-inevitavel-miguel-melo-mcoutinho-pecas-az-auto","status":"publish","type":"post","link":"https:\/\/jornaldasoficinas.com\/pt\/a-concentracao-atraves-de-fusoes-e-aquisicoes-e-inevitavel-miguel-melo-mcoutinho-pecas-az-auto\/","title":{"rendered":"\u201cA concentra\u00e7\u00e3o, atrav\u00e9s de fus\u00f5es e aquisi\u00e7\u00f5es, \u00e9 inevit\u00e1vel\u201d, Miguel Melo,\u00a0 MCoutinho Pe\u00e7as\/AZ Auto"},"content":{"rendered":"<p><strong><img loading=\"lazy\" decoding=\"async\" class=\"alignnone wp-image-18847 size-full\" src=\"https:\/\/jornaldasoficinas.com\/pt\/wp-content\/uploads\/2021\/02\/Miguel-Melo-administrador-da-MCoutinho-Pec\u0327as-AZ-Auto.jpg\" alt=\"02 - Miguel-Melo-administrador-da-MCoutinho-Pec\u0327as-AZ-Auto\" width=\"1024\" height=\"581\" srcset=\"https:\/\/jornaldasoficinas.com\/pt\/wp-content\/uploads\/2021\/02\/Miguel-Melo-administrador-da-MCoutinho-Pec\u0327as-AZ-Auto.jpg 1024w, https:\/\/jornaldasoficinas.com\/pt\/wp-content\/uploads\/2021\/02\/Miguel-Melo-administrador-da-MCoutinho-Pec\u0327as-AZ-Auto-300x170.jpg 300w, https:\/\/jornaldasoficinas.com\/pt\/wp-content\/uploads\/2021\/02\/Miguel-Melo-administrador-da-MCoutinho-Pec\u0327as-AZ-Auto-150x85.jpg 150w, https:\/\/jornaldasoficinas.com\/pt\/wp-content\/uploads\/2021\/02\/Miguel-Melo-administrador-da-MCoutinho-Pec\u0327as-AZ-Auto-768x436.jpg 768w\" sizes=\"auto, (max-width: 1024px) 100vw, 1024px\" \/><\/strong><\/p>\n<p><strong>A MCoutinho Pe\u00e7as \u00e9 o \u00fanico distribuidor nacional &#8211; e, provavelmente, europeu &#8211; com 32 marcas de pe\u00e7as de equipamento original imediatamente dispon\u00edveis, com uma cobertura superior a 98% do parque nacional.<\/strong><\/p>\n<p>Aliado a isso, \u00e9 poss\u00edvel encontrar na AZ Auto 19 marcas IAM com o mesmo n\u00edvel de disponibilidade. Uma importante caracter\u00edstica da MCoutinho Pe\u00e7as + AZ Auto \u00e9 o dinamismo, a capacidade de se adaptar e de aproveitar as oportunidades que surgem no mercado. A constante mudan\u00e7a e inova\u00e7\u00e3o \u00e9 a chave para o sucesso \u201cnum mundo cada vez mais vol\u00e1til, incerto, complexo e amb\u00edguo\u201d.<\/p>\n<p>O principal eixo estrat\u00e9gico da empresa s\u00e3o as pessoas \u201cbem formadas, bem focadas e altamente motivadas\u201d, preparadas para ouvir o cliente e ajud\u00e1-lo a desenvolver os seus neg\u00f3cios. A MCoutinho Pe\u00e7as foi pioneira na implementa\u00e7\u00e3o de solu\u00e7\u00f5es para os clientes, como \u00e9 o caso o portal, que inclui in\u00fameras ferramentas que lhe possibilitam trabalhar completamente em \u00abself-service\u00bb online. Al\u00e9m disso, tamb\u00e9m foram desenvolvidas ferramentas de produtividade com reflexo no servi\u00e7o ao Cliente, como Sales Force Automation, permitindo gest\u00e3o de vendas integrada com atendimento e opera\u00e7\u00e3o, sistema de gest\u00e3o de armaz\u00e9ns, entre outros.<\/p>\n<p><strong>Aumentaram recentemente o vosso armaz\u00e9m no Porto. Que mais valias vai trazer o novo espa\u00e7o para a MCoutinho Pe\u00e7as e seus clientes?<br \/>\n<\/strong>A expans\u00e3o do armaz\u00e9m do Porto era uma necessidade dado o crescimento da atividade. A MCoutinho Pe\u00e7as tem vindo a crescer dois d\u00edgitos e o espa\u00e7o era manifestamente limitado para oferecermos o n\u00edvel de servi\u00e7o a que habitu\u00e1mos os nossos Clientes.<\/p>\n<p>Estamos a implementar uma nova gera\u00e7\u00e3o de opera\u00e7\u00e3o log\u00edstica que ir\u00e1 potenciar o n\u00edvel de servi\u00e7o aos Clientes, com simult\u00e2nea redu\u00e7\u00e3o de tempo e custos, e respectivo aumento de produtividade.<\/p>\n<p><strong>Como se tem preparado a MCoutinho Pe\u00e7as para as mudan\u00e7as que est\u00e3o a acontecer no aftermarket?<br \/>\n<\/strong>Algo que entendemos ser uma importante caracter\u00edstica da MCoutinho Pe\u00e7as + AZ Auto \u00e9 o desenvolvimento de capacidades din\u00e2micas. Ou seja, e usando um lugar-comum, n\u00e3o adivinhamos o futuro. Mas estaremos sempre preparados para nos adaptar e, diria mais, tirarmos as oportunidades que surgem no mercado. Somos reconhecidos por estarmos em constante mudan\u00e7a, em constante inova\u00e7\u00e3o. Sabemos que nada \u00e9 eterno e nunca podemos tomar nada como garantido. O mundo \u00e9, cada vez mais, vol\u00e1til, incerto, complexo e amb\u00edguo (VUCA = Volatile, Uncertain, Complex and Ambiguous). E, por isso, procuramos construir a melhor equipa do mundo. Boas pessoas, bem formadas, bem focadas, altamente motivadas. Este \u00e9 o principal eixo estrat\u00e9gico da MCoutinho Pe\u00e7as + AZ Auto. As pessoas. Em todas as \u00e1reas.<\/p>\n<p>Depois, a nossa profunda orienta\u00e7\u00e3o para uma log\u00edstica de excel\u00eancia, com processos din\u00e2micos, em melhoria cont\u00ednua. \u00c9, e ser\u00e1 sempre, uma obra inacabada. Outro eixo estrat\u00e9gico \u00e9 a orienta\u00e7\u00e3o tecnol\u00f3gica. Temos desenvolvido internamente ferramentas poderos\u00edssimas no contacto com o Cliente, e tamb\u00e9m em termos de produtividade e melhoria do processo. N\u00e3o temos d\u00favidas que seremos uma refer\u00eancia tamb\u00e9m neste campo, por que conhecemos o mercado e ouvimos constantemente os Clientes. Somos \u00f3timos ouvintes e excelentes implementadores. Estaremos sempre ao lado dos nossos Clientes e a nossa miss\u00e3o \u00e9 ajud\u00e1-los a desenvolver os seus neg\u00f3cios.<\/p>\n<p><strong>Considera que a MCoutinho Pe\u00e7as \u00e9 uma empresa digitalizada? Quais os processos que j\u00e1 se encontram digitalizados dentro da empresa?<br \/>\n<\/strong>Conforme j\u00e1 atr\u00e1s referido, a MCoutinho Pe\u00e7as + AZ Auto cedo se posicionou como uma empresa orientada para o digital. Fomos pioneiros na implementa\u00e7\u00e3o de solu\u00e7\u00f5es para os Clientes \u2013 como o portal totalmente orientado para o Cliente, desenvolvido internamente por pessoas que conhecem o mercado; processo de devolu\u00e7\u00f5es digitalizado e com a possibilidade de o Cliente trabalhar completamente em self-service; integra\u00e7\u00e3o TecCord e TecCom; portais espec\u00edficos de parceria com Clientes; sistema de reposi\u00e7\u00e3o autom\u00e1tica de stocks para Clientes \u2013 VMI, Vendor Management Inventory; plataforma de atendimento e gest\u00e3o do call center;. Tamb\u00e9m desenvolvemos ferramentas not\u00e1veis de produtividade e com reflexo no servi\u00e7o ao Cliente, como Sales Force Automation, permitindo gest\u00e3o de vendas integrada com atendimento e opera\u00e7\u00e3o; sistema de gest\u00e3o de armaz\u00e9ns; entre outros. E isto \u00e9 apenas o in\u00edcio\u2026<\/p>\n<p><strong>A MCoutinho Pe\u00e7as tem previsto realizar a\u00e7\u00f5es de forma\u00e7\u00e3o para os seus clientes?<br \/>\n<\/strong>Na MCoutinho Pe\u00e7as + AZ Auto entendemos que a forma\u00e7\u00e3o cont\u00ednua \u00e9 essencial, n\u00e3o s\u00f3 para colaboradores, como Clientes. Nesse sentido, promovemos a forma\u00e7\u00e3o multidisciplinar e multi\u00e1rea para Clientes. Um caso concreto e vis\u00edvel \u00e9 o desenvolvido com a rede RINO.<\/p>\n<p><strong>Qual \u00e9 o vosso compromisso com os clientes?<br \/>\n<\/strong>Ouvir os Clientes e fazer sempre melhor. Posicionamo-nos n\u00e3o como fornecedores de pe\u00e7as, mas como parceiros com solu\u00e7\u00f5es integradas. Mais do que pe\u00e7as, oferecemos tempo aos nossos Clientes. N\u00e3o temos d\u00favidas \u2013 e o hist\u00f3rico fala por si &#8211; que, desenvolvendo solu\u00e7\u00f5es integradas, o Cliente poupa imenso tempo, simplificamos imenso os processos, facilitamos imenso o neg\u00f3cio.<\/p>\n<p>Ou n\u00e3o fosse a MCoutinho Pe\u00e7as o \u00fanico distribuidor nacional (e, provavelmente, europeu) com 32 marcas de pe\u00e7as OEM imediatamente dispon\u00edveis, com uma cobertura superior a 98% do parque nacional. Aliada a essa oferta, podemos encontrar na AZ Auto, 19 marcas IAM com o mesmo n\u00edvel de disponibilidade.<\/p>\n<p><strong>Que mais valias trouxe para a empresa a associa\u00e7\u00e3o ao grupo ib\u00e9rico de pe\u00e7as CGA?<br \/>\n<\/strong>A parceria com a CGA tem excedido em muito as nossas expectativas, tendo potenciado muito significativamente o neg\u00f3cio de pe\u00e7as IAM. A rela\u00e7\u00e3o entre a MCoutinho Pe\u00e7as+AZ Auto e a CGA \u00e9 de total transpar\u00eancia e entendemos que dificilmente poderia ser melhor.<\/p>\n<p><strong>E relativamente \u00e0s oficinas RINO, qual tem sido o seu desempenho?<br \/>\n<\/strong>A RINO tem vindo a registar um crescimento muito significativo na qualidade da sua rede. Ao contr\u00e1rio da maior parte das redes, que procuram quantidade de oficinas, o posicionamento da RINO \u00e9 de parceiros de qualidade, para prestarem servi\u00e7os de qualidade aos nossos Clientes. Encaminhamos mais servi\u00e7os que nunca para as oficinas, fruto de protocolos s\u00f3lidos com empresas, apostamos na divulga\u00e7\u00e3o nacional com foco no cliente final e apostamos ainda mais na forma\u00e7\u00e3o das nossas oficinas. Em suma, 2020 \u00e9, pelas raz\u00f5es que conhecemos, um ano at\u00edpico, mas mesmo na adversidade a RINO conseguiu manter os seus compromissos e continuar a sua trajet\u00f3ria de melhoria cont\u00ednua.<\/p>\n<p><strong>\u00a0<\/strong><strong>MCoutinho Pe\u00e7as + AZ Auto t\u00eam acrescentado novas marcas e linhas de produto ao seu portf\u00f3lio. Tenciona continuar a aumentar as vossas linhas de produto?<br \/>\n<\/strong>\u00c9 um objetivo o constante crescimento do portef\u00f3lio da MCoutinho Pe\u00e7as + AZ Auto. Por um lado, apostar em pe\u00e7as originais de marcas que ainda n\u00e3o sejam representadas, alargando assim a cobertura do parque nacional, por outro aumentar o portef\u00f3lio de pe\u00e7as independestes tendo sempre em conta um vetor, maior oferta com a maior qualidade.<\/p>\n<p><strong>Mesmo com o incremento dos contactos online considera importante manter o contacto presencial com os clientes?<br \/>\n<\/strong>Apesar do peso do online ser cada vez maior, existe uma necessidade de manter um contacto mais presencial com os clientes. H\u00e1 rela\u00e7\u00f5es entre comerciais e clientes que hoje em dia s\u00e3o mais do que profissionais, e \u00e9 bom manter esse tipo de din\u00e2micas. Existe um n\u00edvel de confian\u00e7a que s\u00f3 \u00e9 atingido quando interagindo com outra pessoa, facto que n\u00e3o vai mudar durante algum tempo ainda.<\/p>\n<p><strong>Promovem campanhas de incentivos e descontos junto das oficinas? Qual tem sido a sua aceita\u00e7\u00e3o?<br \/>\n<\/strong>A MCoutinho Pe\u00e7as + AZ Auto, tem uma pol\u00edtica de campanhas muito din\u00e2mica, com cerca de 30 campanhas anuais. Tanto as oficinas como os retalhistas tiram grande partido dessas din\u00e2micas comercias, que s\u00e3o vistas como uma mais valia no momento da compra. Existem v\u00e1rios tipos de campanhas, com v\u00e1rios prop\u00f3sitos diferentes, mas todas elas figuram vantagens para o cliente.<\/p>\n<p><strong>Quais s\u00e3o as tend\u00eancias futuras no setor grossista (e tamb\u00e9m retalhista) ao n\u00edvel das pe\u00e7as auto originais em Portugal?<br \/>\n<\/strong>O mercado nacional de pe\u00e7as auto \u00e9 muito disperso. Os l\u00edderes de vendas n\u00e3o ter\u00e3o mais do que 4% de quota de mercado. Nesse sentido, continuar\u00e1, muito provavelmente, na tend\u00eancia de concentra\u00e7\u00e3o, atrav\u00e9s de fus\u00f5es e aquisi\u00e7\u00f5es.<\/p>\n","protected":false},"excerpt":{"rendered":"<p>A MCoutinho Pe\u00e7as \u00e9 o \u00fanico&#8230;<\/p>\n","protected":false},"author":15,"featured_media":18847,"comment_status":"closed","ping_status":"closed","sticky":false,"template":"","format":"standard","meta":{"footnotes":""},"categories":[38],"tags":[373,372],"class_list":["post-18845","post","type-post","status-publish","format-standard","has-post-thumbnail","hentry","category-entrevistas","tag-az-auto","tag-grupo-mcoutinho"],"yoast_head":"<!-- This site is optimized with the Yoast SEO plugin v27.5 - https:\/\/yoast.com\/product\/yoast-seo-wordpress\/ -->\n<title>\u201cA concentra\u00e7\u00e3o, atrav\u00e9s de fus\u00f5es e aquisi\u00e7\u00f5es, \u00e9 inevit\u00e1vel\u201d, Miguel Melo,\u00a0 MCoutinho Pe\u00e7as\/AZ Auto - Jornal das Oficinas<\/title>\n<meta name=\"robots\" content=\"index, follow, max-snippet:-1, max-image-preview:large, max-video-preview:-1\" \/>\n<link rel=\"canonical\" href=\"https:\/\/jornaldasoficinas.com\/pt\/a-concentracao-atraves-de-fusoes-e-aquisicoes-e-inevitavel-miguel-melo-mcoutinho-pecas-az-auto\/\" \/>\n<meta property=\"og:locale\" content=\"pt_PT\" \/>\n<meta property=\"og:type\" content=\"article\" \/>\n<meta property=\"og:title\" content=\"\u201cA concentra\u00e7\u00e3o, atrav\u00e9s de fus\u00f5es e aquisi\u00e7\u00f5es, \u00e9 inevit\u00e1vel\u201d, Miguel Melo,\u00a0 MCoutinho Pe\u00e7as\/AZ Auto - Jornal das Oficinas\" \/>\n<meta property=\"og:description\" content=\"A MCoutinho Pe\u00e7as \u00e9 o \u00fanico...\" \/>\n<meta property=\"og:url\" content=\"https:\/\/jornaldasoficinas.com\/pt\/a-concentracao-atraves-de-fusoes-e-aquisicoes-e-inevitavel-miguel-melo-mcoutinho-pecas-az-auto\/\" \/>\n<meta property=\"og:site_name\" content=\"Jornal das Oficinas\" \/>\n<meta property=\"article:publisher\" content=\"https:\/\/www.facebook.com\/jornaloficinas\" \/>\n<meta property=\"article:published_time\" content=\"2021-02-23T20:03:27+00:00\" \/>\n<meta property=\"og:image\" content=\"https:\/\/jornaldasoficinas.com\/pt\/wp-content\/uploads\/2021\/02\/Miguel-Melo-administrador-da-MCoutinho-Pec\u0327as-AZ-Auto.jpg\" \/>\n\t<meta property=\"og:image:width\" content=\"1024\" \/>\n\t<meta property=\"og:image:height\" content=\"581\" \/>\n\t<meta property=\"og:image:type\" content=\"image\/jpeg\" \/>\n<meta name=\"author\" content=\"Reda\u00e7\u00e3o JO\" \/>\n<meta name=\"twitter:card\" content=\"summary_large_image\" \/>\n<meta name=\"twitter:creator\" content=\"@jornaloficinas\" \/>\n<meta name=\"twitter:site\" content=\"@jornaloficinas\" \/>\n<meta name=\"twitter:label1\" content=\"Escrito por\" \/>\n\t<meta name=\"twitter:data1\" content=\"Reda\u00e7\u00e3o JO\" \/>\n\t<meta name=\"twitter:label2\" content=\"Tempo estimado de leitura\" \/>\n\t<meta name=\"twitter:data2\" content=\"6 minutos\" \/>\n<script type=\"application\/ld+json\" class=\"yoast-schema-graph\">{\"@context\":\"https:\\\/\\\/schema.org\",\"@graph\":[{\"@type\":\"Article\",\"@id\":\"https:\\\/\\\/jornaldasoficinas.com\\\/pt\\\/a-concentracao-atraves-de-fusoes-e-aquisicoes-e-inevitavel-miguel-melo-mcoutinho-pecas-az-auto\\\/#article\",\"isPartOf\":{\"@id\":\"https:\\\/\\\/jornaldasoficinas.com\\\/pt\\\/a-concentracao-atraves-de-fusoes-e-aquisicoes-e-inevitavel-miguel-melo-mcoutinho-pecas-az-auto\\\/\"},\"author\":{\"name\":\"Reda\u00e7\u00e3o JO\",\"@id\":\"https:\\\/\\\/jornaldasoficinas.com\\\/pt\\\/#\\\/schema\\\/person\\\/a38eef5de2c41d9e7c9ac10141afddf3\"},\"headline\":\"\u201cA concentra\u00e7\u00e3o, atrav\u00e9s de fus\u00f5es e aquisi\u00e7\u00f5es, \u00e9 inevit\u00e1vel\u201d, Miguel Melo,\u00a0 MCoutinho Pe\u00e7as\\\/AZ Auto\",\"datePublished\":\"2021-02-23T20:03:27+00:00\",\"mainEntityOfPage\":{\"@id\":\"https:\\\/\\\/jornaldasoficinas.com\\\/pt\\\/a-concentracao-atraves-de-fusoes-e-aquisicoes-e-inevitavel-miguel-melo-mcoutinho-pecas-az-auto\\\/\"},\"wordCount\":1447,\"publisher\":{\"@id\":\"https:\\\/\\\/jornaldasoficinas.com\\\/pt\\\/#organization\"},\"image\":{\"@id\":\"https:\\\/\\\/jornaldasoficinas.com\\\/pt\\\/a-concentracao-atraves-de-fusoes-e-aquisicoes-e-inevitavel-miguel-melo-mcoutinho-pecas-az-auto\\\/#primaryimage\"},\"thumbnailUrl\":\"https:\\\/\\\/jornaldasoficinas.com\\\/pt\\\/wp-content\\\/uploads\\\/2021\\\/02\\\/Miguel-Melo-administrador-da-MCoutinho-Pec\u0327as-AZ-Auto.jpg\",\"keywords\":[\"AZ Auto\",\"Grupo MCoutinho\"],\"articleSection\":[\"Entrevistas\"],\"inLanguage\":\"pt-PT\"},{\"@type\":\"WebPage\",\"@id\":\"https:\\\/\\\/jornaldasoficinas.com\\\/pt\\\/a-concentracao-atraves-de-fusoes-e-aquisicoes-e-inevitavel-miguel-melo-mcoutinho-pecas-az-auto\\\/\",\"url\":\"https:\\\/\\\/jornaldasoficinas.com\\\/pt\\\/a-concentracao-atraves-de-fusoes-e-aquisicoes-e-inevitavel-miguel-melo-mcoutinho-pecas-az-auto\\\/\",\"name\":\"\u201cA concentra\u00e7\u00e3o, atrav\u00e9s de fus\u00f5es e aquisi\u00e7\u00f5es, \u00e9 inevit\u00e1vel\u201d, Miguel Melo,\u00a0 MCoutinho Pe\u00e7as\\\/AZ Auto - Jornal das Oficinas\",\"isPartOf\":{\"@id\":\"https:\\\/\\\/jornaldasoficinas.com\\\/pt\\\/#website\"},\"primaryImageOfPage\":{\"@id\":\"https:\\\/\\\/jornaldasoficinas.com\\\/pt\\\/a-concentracao-atraves-de-fusoes-e-aquisicoes-e-inevitavel-miguel-melo-mcoutinho-pecas-az-auto\\\/#primaryimage\"},\"image\":{\"@id\":\"https:\\\/\\\/jornaldasoficinas.com\\\/pt\\\/a-concentracao-atraves-de-fusoes-e-aquisicoes-e-inevitavel-miguel-melo-mcoutinho-pecas-az-auto\\\/#primaryimage\"},\"thumbnailUrl\":\"https:\\\/\\\/jornaldasoficinas.com\\\/pt\\\/wp-content\\\/uploads\\\/2021\\\/02\\\/Miguel-Melo-administrador-da-MCoutinho-Pec\u0327as-AZ-Auto.jpg\",\"datePublished\":\"2021-02-23T20:03:27+00:00\",\"breadcrumb\":{\"@id\":\"https:\\\/\\\/jornaldasoficinas.com\\\/pt\\\/a-concentracao-atraves-de-fusoes-e-aquisicoes-e-inevitavel-miguel-melo-mcoutinho-pecas-az-auto\\\/#breadcrumb\"},\"inLanguage\":\"pt-PT\",\"potentialAction\":[{\"@type\":\"ReadAction\",\"target\":[\"https:\\\/\\\/jornaldasoficinas.com\\\/pt\\\/a-concentracao-atraves-de-fusoes-e-aquisicoes-e-inevitavel-miguel-melo-mcoutinho-pecas-az-auto\\\/\"]}]},{\"@type\":\"ImageObject\",\"inLanguage\":\"pt-PT\",\"@id\":\"https:\\\/\\\/jornaldasoficinas.com\\\/pt\\\/a-concentracao-atraves-de-fusoes-e-aquisicoes-e-inevitavel-miguel-melo-mcoutinho-pecas-az-auto\\\/#primaryimage\",\"url\":\"https:\\\/\\\/jornaldasoficinas.com\\\/pt\\\/wp-content\\\/uploads\\\/2021\\\/02\\\/Miguel-Melo-administrador-da-MCoutinho-Pec\u0327as-AZ-Auto.jpg\",\"contentUrl\":\"https:\\\/\\\/jornaldasoficinas.com\\\/pt\\\/wp-content\\\/uploads\\\/2021\\\/02\\\/Miguel-Melo-administrador-da-MCoutinho-Pec\u0327as-AZ-Auto.jpg\",\"width\":1024,\"height\":581,\"caption\":\"02 - Miguel-Melo-administrador-da-MCoutinho-Pec\u0327as-AZ-Auto\"},{\"@type\":\"BreadcrumbList\",\"@id\":\"https:\\\/\\\/jornaldasoficinas.com\\\/pt\\\/a-concentracao-atraves-de-fusoes-e-aquisicoes-e-inevitavel-miguel-melo-mcoutinho-pecas-az-auto\\\/#breadcrumb\",\"itemListElement\":[{\"@type\":\"ListItem\",\"position\":1,\"name\":\"In\u00edcio\",\"item\":\"https:\\\/\\\/jornaldasoficinas.com\\\/pt\\\/\"},{\"@type\":\"ListItem\",\"position\":2,\"name\":\"\u201cA concentra\u00e7\u00e3o, atrav\u00e9s de fus\u00f5es e aquisi\u00e7\u00f5es, \u00e9 inevit\u00e1vel\u201d, Miguel Melo,\u00a0 MCoutinho Pe\u00e7as\\\/AZ Auto\"}]},{\"@type\":\"WebSite\",\"@id\":\"https:\\\/\\\/jornaldasoficinas.com\\\/pt\\\/#website\",\"url\":\"https:\\\/\\\/jornaldasoficinas.com\\\/pt\\\/\",\"name\":\"Jornal das Oficinas\",\"description\":\"Jornal independente do Aftermarket Autom\u00f3vel em Portugal\",\"publisher\":{\"@id\":\"https:\\\/\\\/jornaldasoficinas.com\\\/pt\\\/#organization\"},\"potentialAction\":[{\"@type\":\"SearchAction\",\"target\":{\"@type\":\"EntryPoint\",\"urlTemplate\":\"https:\\\/\\\/jornaldasoficinas.com\\\/pt\\\/?s={search_term_string}\"},\"query-input\":{\"@type\":\"PropertyValueSpecification\",\"valueRequired\":true,\"valueName\":\"search_term_string\"}}],\"inLanguage\":\"pt-PT\"},{\"@type\":\"Organization\",\"@id\":\"https:\\\/\\\/jornaldasoficinas.com\\\/pt\\\/#organization\",\"name\":\"Jornal das Oficinas\",\"url\":\"https:\\\/\\\/jornaldasoficinas.com\\\/pt\\\/\",\"logo\":{\"@type\":\"ImageObject\",\"inLanguage\":\"pt-PT\",\"@id\":\"https:\\\/\\\/jornaldasoficinas.com\\\/pt\\\/#\\\/schema\\\/logo\\\/image\\\/\",\"url\":\"https:\\\/\\\/jornaldasoficinas.com\\\/pt\\\/wp-content\\\/uploads\\\/logoJO-SEO.png\",\"contentUrl\":\"https:\\\/\\\/jornaldasoficinas.com\\\/pt\\\/wp-content\\\/uploads\\\/logoJO-SEO.png\",\"width\":285,\"height\":450,\"caption\":\"Jornal das Oficinas\"},\"image\":{\"@id\":\"https:\\\/\\\/jornaldasoficinas.com\\\/pt\\\/#\\\/schema\\\/logo\\\/image\\\/\"},\"sameAs\":[\"https:\\\/\\\/www.facebook.com\\\/jornaloficinas\",\"https:\\\/\\\/x.com\\\/jornaloficinas\",\"https:\\\/\\\/www.instagram.com\\\/jornal_oficinas\\\/\",\"https:\\\/\\\/www.linkedin.com\\\/company\\\/jornal-das-oficinas\\\/\",\"https:\\\/\\\/www.youtube.com\\\/channel\\\/UCbQZBqtcvV-oSQrr7RzINGg\"]},{\"@type\":\"Person\",\"@id\":\"https:\\\/\\\/jornaldasoficinas.com\\\/pt\\\/#\\\/schema\\\/person\\\/a38eef5de2c41d9e7c9ac10141afddf3\",\"name\":\"Reda\u00e7\u00e3o JO\",\"image\":{\"@type\":\"ImageObject\",\"inLanguage\":\"pt-PT\",\"@id\":\"https:\\\/\\\/secure.gravatar.com\\\/avatar\\\/71f2fa71737ad68a84fea94bc708ddac8ea5b0c4788dc2ad202f3ccb2887742f?s=96&d=wp_user_avatar&r=g\",\"url\":\"https:\\\/\\\/secure.gravatar.com\\\/avatar\\\/71f2fa71737ad68a84fea94bc708ddac8ea5b0c4788dc2ad202f3ccb2887742f?s=96&d=wp_user_avatar&r=g\",\"contentUrl\":\"https:\\\/\\\/secure.gravatar.com\\\/avatar\\\/71f2fa71737ad68a84fea94bc708ddac8ea5b0c4788dc2ad202f3ccb2887742f?s=96&d=wp_user_avatar&r=g\",\"caption\":\"Reda\u00e7\u00e3o JO\"},\"url\":\"https:\\\/\\\/jornaldasoficinas.com\\\/pt\\\/author\\\/joredacao\\\/\"}]}<\/script>\n<!-- \/ Yoast SEO plugin. -->","yoast_head_json":{"title":"\u201cA concentra\u00e7\u00e3o, atrav\u00e9s de fus\u00f5es e aquisi\u00e7\u00f5es, \u00e9 inevit\u00e1vel\u201d, Miguel Melo,\u00a0 MCoutinho Pe\u00e7as\/AZ Auto - Jornal das Oficinas","robots":{"index":"index","follow":"follow","max-snippet":"max-snippet:-1","max-image-preview":"max-image-preview:large","max-video-preview":"max-video-preview:-1"},"canonical":"https:\/\/jornaldasoficinas.com\/pt\/a-concentracao-atraves-de-fusoes-e-aquisicoes-e-inevitavel-miguel-melo-mcoutinho-pecas-az-auto\/","og_locale":"pt_PT","og_type":"article","og_title":"\u201cA concentra\u00e7\u00e3o, atrav\u00e9s de fus\u00f5es e aquisi\u00e7\u00f5es, \u00e9 inevit\u00e1vel\u201d, Miguel Melo,\u00a0 MCoutinho Pe\u00e7as\/AZ Auto - Jornal das Oficinas","og_description":"A MCoutinho Pe\u00e7as \u00e9 o \u00fanico...","og_url":"https:\/\/jornaldasoficinas.com\/pt\/a-concentracao-atraves-de-fusoes-e-aquisicoes-e-inevitavel-miguel-melo-mcoutinho-pecas-az-auto\/","og_site_name":"Jornal das Oficinas","article_publisher":"https:\/\/www.facebook.com\/jornaloficinas","article_published_time":"2021-02-23T20:03:27+00:00","og_image":[{"width":1024,"height":581,"url":"https:\/\/jornaldasoficinas.com\/pt\/wp-content\/uploads\/2021\/02\/Miguel-Melo-administrador-da-MCoutinho-Pec\u0327as-AZ-Auto.jpg","type":"image\/jpeg"}],"author":"Reda\u00e7\u00e3o JO","twitter_card":"summary_large_image","twitter_creator":"@jornaloficinas","twitter_site":"@jornaloficinas","twitter_misc":{"Escrito por":"Reda\u00e7\u00e3o JO","Tempo estimado de leitura":"6 minutos"},"schema":{"@context":"https:\/\/schema.org","@graph":[{"@type":"Article","@id":"https:\/\/jornaldasoficinas.com\/pt\/a-concentracao-atraves-de-fusoes-e-aquisicoes-e-inevitavel-miguel-melo-mcoutinho-pecas-az-auto\/#article","isPartOf":{"@id":"https:\/\/jornaldasoficinas.com\/pt\/a-concentracao-atraves-de-fusoes-e-aquisicoes-e-inevitavel-miguel-melo-mcoutinho-pecas-az-auto\/"},"author":{"name":"Reda\u00e7\u00e3o JO","@id":"https:\/\/jornaldasoficinas.com\/pt\/#\/schema\/person\/a38eef5de2c41d9e7c9ac10141afddf3"},"headline":"\u201cA concentra\u00e7\u00e3o, atrav\u00e9s de fus\u00f5es e aquisi\u00e7\u00f5es, \u00e9 inevit\u00e1vel\u201d, Miguel Melo,\u00a0 MCoutinho Pe\u00e7as\/AZ Auto","datePublished":"2021-02-23T20:03:27+00:00","mainEntityOfPage":{"@id":"https:\/\/jornaldasoficinas.com\/pt\/a-concentracao-atraves-de-fusoes-e-aquisicoes-e-inevitavel-miguel-melo-mcoutinho-pecas-az-auto\/"},"wordCount":1447,"publisher":{"@id":"https:\/\/jornaldasoficinas.com\/pt\/#organization"},"image":{"@id":"https:\/\/jornaldasoficinas.com\/pt\/a-concentracao-atraves-de-fusoes-e-aquisicoes-e-inevitavel-miguel-melo-mcoutinho-pecas-az-auto\/#primaryimage"},"thumbnailUrl":"https:\/\/jornaldasoficinas.com\/pt\/wp-content\/uploads\/2021\/02\/Miguel-Melo-administrador-da-MCoutinho-Pec\u0327as-AZ-Auto.jpg","keywords":["AZ Auto","Grupo MCoutinho"],"articleSection":["Entrevistas"],"inLanguage":"pt-PT"},{"@type":"WebPage","@id":"https:\/\/jornaldasoficinas.com\/pt\/a-concentracao-atraves-de-fusoes-e-aquisicoes-e-inevitavel-miguel-melo-mcoutinho-pecas-az-auto\/","url":"https:\/\/jornaldasoficinas.com\/pt\/a-concentracao-atraves-de-fusoes-e-aquisicoes-e-inevitavel-miguel-melo-mcoutinho-pecas-az-auto\/","name":"\u201cA concentra\u00e7\u00e3o, atrav\u00e9s de fus\u00f5es e aquisi\u00e7\u00f5es, \u00e9 inevit\u00e1vel\u201d, Miguel Melo,\u00a0 MCoutinho Pe\u00e7as\/AZ Auto - Jornal das Oficinas","isPartOf":{"@id":"https:\/\/jornaldasoficinas.com\/pt\/#website"},"primaryImageOfPage":{"@id":"https:\/\/jornaldasoficinas.com\/pt\/a-concentracao-atraves-de-fusoes-e-aquisicoes-e-inevitavel-miguel-melo-mcoutinho-pecas-az-auto\/#primaryimage"},"image":{"@id":"https:\/\/jornaldasoficinas.com\/pt\/a-concentracao-atraves-de-fusoes-e-aquisicoes-e-inevitavel-miguel-melo-mcoutinho-pecas-az-auto\/#primaryimage"},"thumbnailUrl":"https:\/\/jornaldasoficinas.com\/pt\/wp-content\/uploads\/2021\/02\/Miguel-Melo-administrador-da-MCoutinho-Pec\u0327as-AZ-Auto.jpg","datePublished":"2021-02-23T20:03:27+00:00","breadcrumb":{"@id":"https:\/\/jornaldasoficinas.com\/pt\/a-concentracao-atraves-de-fusoes-e-aquisicoes-e-inevitavel-miguel-melo-mcoutinho-pecas-az-auto\/#breadcrumb"},"inLanguage":"pt-PT","potentialAction":[{"@type":"ReadAction","target":["https:\/\/jornaldasoficinas.com\/pt\/a-concentracao-atraves-de-fusoes-e-aquisicoes-e-inevitavel-miguel-melo-mcoutinho-pecas-az-auto\/"]}]},{"@type":"ImageObject","inLanguage":"pt-PT","@id":"https:\/\/jornaldasoficinas.com\/pt\/a-concentracao-atraves-de-fusoes-e-aquisicoes-e-inevitavel-miguel-melo-mcoutinho-pecas-az-auto\/#primaryimage","url":"https:\/\/jornaldasoficinas.com\/pt\/wp-content\/uploads\/2021\/02\/Miguel-Melo-administrador-da-MCoutinho-Pec\u0327as-AZ-Auto.jpg","contentUrl":"https:\/\/jornaldasoficinas.com\/pt\/wp-content\/uploads\/2021\/02\/Miguel-Melo-administrador-da-MCoutinho-Pec\u0327as-AZ-Auto.jpg","width":1024,"height":581,"caption":"02 - Miguel-Melo-administrador-da-MCoutinho-Pec\u0327as-AZ-Auto"},{"@type":"BreadcrumbList","@id":"https:\/\/jornaldasoficinas.com\/pt\/a-concentracao-atraves-de-fusoes-e-aquisicoes-e-inevitavel-miguel-melo-mcoutinho-pecas-az-auto\/#breadcrumb","itemListElement":[{"@type":"ListItem","position":1,"name":"In\u00edcio","item":"https:\/\/jornaldasoficinas.com\/pt\/"},{"@type":"ListItem","position":2,"name":"\u201cA concentra\u00e7\u00e3o, atrav\u00e9s de fus\u00f5es e aquisi\u00e7\u00f5es, \u00e9 inevit\u00e1vel\u201d, Miguel Melo,\u00a0 MCoutinho Pe\u00e7as\/AZ Auto"}]},{"@type":"WebSite","@id":"https:\/\/jornaldasoficinas.com\/pt\/#website","url":"https:\/\/jornaldasoficinas.com\/pt\/","name":"Jornal das Oficinas","description":"Jornal independente do Aftermarket Autom\u00f3vel em Portugal","publisher":{"@id":"https:\/\/jornaldasoficinas.com\/pt\/#organization"},"potentialAction":[{"@type":"SearchAction","target":{"@type":"EntryPoint","urlTemplate":"https:\/\/jornaldasoficinas.com\/pt\/?s={search_term_string}"},"query-input":{"@type":"PropertyValueSpecification","valueRequired":true,"valueName":"search_term_string"}}],"inLanguage":"pt-PT"},{"@type":"Organization","@id":"https:\/\/jornaldasoficinas.com\/pt\/#organization","name":"Jornal das Oficinas","url":"https:\/\/jornaldasoficinas.com\/pt\/","logo":{"@type":"ImageObject","inLanguage":"pt-PT","@id":"https:\/\/jornaldasoficinas.com\/pt\/#\/schema\/logo\/image\/","url":"https:\/\/jornaldasoficinas.com\/pt\/wp-content\/uploads\/logoJO-SEO.png","contentUrl":"https:\/\/jornaldasoficinas.com\/pt\/wp-content\/uploads\/logoJO-SEO.png","width":285,"height":450,"caption":"Jornal das Oficinas"},"image":{"@id":"https:\/\/jornaldasoficinas.com\/pt\/#\/schema\/logo\/image\/"},"sameAs":["https:\/\/www.facebook.com\/jornaloficinas","https:\/\/x.com\/jornaloficinas","https:\/\/www.instagram.com\/jornal_oficinas\/","https:\/\/www.linkedin.com\/company\/jornal-das-oficinas\/","https:\/\/www.youtube.com\/channel\/UCbQZBqtcvV-oSQrr7RzINGg"]},{"@type":"Person","@id":"https:\/\/jornaldasoficinas.com\/pt\/#\/schema\/person\/a38eef5de2c41d9e7c9ac10141afddf3","name":"Reda\u00e7\u00e3o JO","image":{"@type":"ImageObject","inLanguage":"pt-PT","@id":"https:\/\/secure.gravatar.com\/avatar\/71f2fa71737ad68a84fea94bc708ddac8ea5b0c4788dc2ad202f3ccb2887742f?s=96&d=wp_user_avatar&r=g","url":"https:\/\/secure.gravatar.com\/avatar\/71f2fa71737ad68a84fea94bc708ddac8ea5b0c4788dc2ad202f3ccb2887742f?s=96&d=wp_user_avatar&r=g","contentUrl":"https:\/\/secure.gravatar.com\/avatar\/71f2fa71737ad68a84fea94bc708ddac8ea5b0c4788dc2ad202f3ccb2887742f?s=96&d=wp_user_avatar&r=g","caption":"Reda\u00e7\u00e3o JO"},"url":"https:\/\/jornaldasoficinas.com\/pt\/author\/joredacao\/"}]}},"_links":{"self":[{"href":"https:\/\/jornaldasoficinas.com\/pt\/wp-json\/wp\/v2\/posts\/18845","targetHints":{"allow":["GET"]}}],"collection":[{"href":"https:\/\/jornaldasoficinas.com\/pt\/wp-json\/wp\/v2\/posts"}],"about":[{"href":"https:\/\/jornaldasoficinas.com\/pt\/wp-json\/wp\/v2\/types\/post"}],"author":[{"embeddable":true,"href":"https:\/\/jornaldasoficinas.com\/pt\/wp-json\/wp\/v2\/users\/15"}],"replies":[{"embeddable":true,"href":"https:\/\/jornaldasoficinas.com\/pt\/wp-json\/wp\/v2\/comments?post=18845"}],"version-history":[{"count":0,"href":"https:\/\/jornaldasoficinas.com\/pt\/wp-json\/wp\/v2\/posts\/18845\/revisions"}],"wp:featuredmedia":[{"embeddable":true,"href":"https:\/\/jornaldasoficinas.com\/pt\/wp-json\/wp\/v2\/media\/18847"}],"wp:attachment":[{"href":"https:\/\/jornaldasoficinas.com\/pt\/wp-json\/wp\/v2\/media?parent=18845"}],"wp:term":[{"taxonomy":"category","embeddable":true,"href":"https:\/\/jornaldasoficinas.com\/pt\/wp-json\/wp\/v2\/categories?post=18845"},{"taxonomy":"post_tag","embeddable":true,"href":"https:\/\/jornaldasoficinas.com\/pt\/wp-json\/wp\/v2\/tags?post=18845"}],"curies":[{"name":"wp","href":"https:\/\/api.w.org\/{rel}","templated":true}]}}