{"id":18892,"date":"2021-02-26T08:00:07","date_gmt":"2021-02-26T08:00:07","guid":{"rendered":"https:\/\/jornaldasoficinas.com\/pt\/?p=18892"},"modified":"2021-02-25T17:01:46","modified_gmt":"2021-02-25T17:01:46","slug":"be-norauto-e-novo-programa-de-desenvolvimento-de-colaboradores","status":"publish","type":"post","link":"https:\/\/jornaldasoficinas.com\/pt\/be-norauto-e-novo-programa-de-desenvolvimento-de-colaboradores\/","title":{"rendered":"Be + Norauto \u00e9 novo programa de desenvolvimento de colaboradores"},"content":{"rendered":"<p><strong><img loading=\"lazy\" decoding=\"async\" class=\"alignnone wp-image-18922 size-full\" src=\"https:\/\/jornaldasoficinas.com\/pt\/wp-content\/uploads\/2021\/02\/Be-Norauto-novo-programa-de-desenvolvimento-de-colaboradores.jpg\" alt=\"02 - Be-Norauto-novo-programa-de-desenvolvimento-de-colaboradores\" width=\"1024\" height=\"581\" srcset=\"https:\/\/jornaldasoficinas.com\/pt\/wp-content\/uploads\/2021\/02\/Be-Norauto-novo-programa-de-desenvolvimento-de-colaboradores.jpg 1024w, https:\/\/jornaldasoficinas.com\/pt\/wp-content\/uploads\/2021\/02\/Be-Norauto-novo-programa-de-desenvolvimento-de-colaboradores-300x170.jpg 300w, https:\/\/jornaldasoficinas.com\/pt\/wp-content\/uploads\/2021\/02\/Be-Norauto-novo-programa-de-desenvolvimento-de-colaboradores-150x85.jpg 150w, https:\/\/jornaldasoficinas.com\/pt\/wp-content\/uploads\/2021\/02\/Be-Norauto-novo-programa-de-desenvolvimento-de-colaboradores-768x436.jpg 768w\" sizes=\"auto, (max-width: 1024px) 100vw, 1024px\" \/><\/strong><\/p>\n<p><strong>Um dos eixos estrat\u00e9gicos da Norauto Portugal \u00e9 o desenvolvimento de Talento, tendo como objetivo potenciar e acelerar o crescimento dos seus colaboradores.<\/strong><\/p>\n<p>De modo a tornar o processo de desenvolvimento de talento mais \u00e1gil e mais atrativo, a Norauto lan\u00e7ou um programa de desenvolvimento do potencial interno, o Be + Norauto. Um programa de Desenvolvimento, constru\u00eddo \u00e0 medida de cada fun\u00e7\u00e3o, que potencia o crescimento do colaborador, atrav\u00e9s de diversas fases e ferramentas de suporte.<\/p>\n<p>Este projeto foi desenvolvido atrav\u00e9s da metodologia Agile, por uma equipa multidisciplinar de seis colaboradores (Service Team e Centros Auto), dando seguimento ao modelo de gest\u00e3o colaborativa e numa din\u00e2mica de co-constru\u00e7\u00e3o.<\/p>\n<p><strong>O programa de desenvolvimento Be+ Norauto pretende:<br \/>\n<\/strong>&#8211; Agilizar e acelerar os processos de desenvolvimento de Talento interno;<br \/>\n&#8211; Fomentar a motiva\u00e7\u00e3o, o engagement e a co-responsabiliza\u00e7\u00e3o dos colaboradores;<br \/>\n&#8211; Promover o papel ativo dos managers, enquanto Leaders Coach;<br \/>\n&#8211; Aumentar o n\u00famero de potenciais evolutivos e de promo\u00e7\u00f5es internas;<br \/>\n&#8211; Refor\u00e7ar procedimentos de acompanhamento, de avalia\u00e7\u00e3o e de feedback, tornando-os homog\u00e9neos.<\/p>\n<p>Com uma estrat\u00e9gia Client &amp; Employee Centric, a Norauto aposta em solidificar os la\u00e7os com os seus colaboradores para que estes sintam a empresa ainda mais \u201csua\u201d e simultaneamente em fomentar uma forte orienta\u00e7\u00e3o para a satisfa\u00e7\u00e3o do cliente. A Norauto pretende continuar a desenvolver uma cultura colaborativa, de co-responsabiliza\u00e7\u00e3o, potenciando a responsabilidade e a autonomia das equipas. A empresa alavanca o crescimento interno atrav\u00e9s desta cultura, da participa\u00e7\u00e3o em miss\u00f5es transversais, em projetos nacionais e internacionais e na realiza\u00e7\u00e3o de grupos de trabalho em modo \u00e1gil, com enfoque em diversas \u00e1reas centradas no colaborador, no cliente, no digital e nas novas mobilidades.<\/p>\n<p>A Norauto aposta num conjunto de benef\u00edcios extens\u00edveis a 100% das suas equipas, como seguros de vida e de sa\u00fade, uma pol\u00edtica de pr\u00e9mios coletivos e individuais, a possibilidade de cada colaborador se tornar acionista do Grupo Mobivia e uma pol\u00edtica de hor\u00e1rios flex\u00edveis e teletrabalho na service team. Em termos de espa\u00e7os de trabalho destacam-se as salas de conv\u00edvio com matraquilhos e playstations, assim como uma Service Team em open space, mais din\u00e2mica e colaborativa, sendo estes exemplos da cultura colaborativa e de partilha que se vive na Norauto.<\/p>\n<p>\u201cEm Portugal desde 1996, det\u00e9m atualmente 28 centros auto, dos quais uma NORAUTO Shop, 2 Oficinas M\u00f3veis e mais de 550 colaboradores. A NORAUTO, nasceu em Fran\u00e7a h\u00e1 50 anos e \u00e9 hoje l\u00edder europeia em centros auto, onde combina lojas livre-servi\u00e7o com oficinas que garantem 100% da manuten\u00e7\u00e3o de ve\u00edculos multimarca. A NORAUTO \u00e9 ainda uma marca do grupo internacional Mobivia, um dos maiores operadores em solu\u00e7\u00f5es de mobilidade.<\/p>\n<p>Caracterizado como um centro-auto, com uma loja e uma oficina, disponibiliza uma vasta gama de produtos auto, solu\u00e7\u00f5es de mobilidade, transporte e uma oficina multimarca, dotada de equipamento inovador e com profissionais que est\u00e3o em constante forma\u00e7\u00e3o para acompanhar as evolu\u00e7\u00f5es do mercado autom\u00f3vel. Pioneira na venda online de produtos e servi\u00e7os auto atrav\u00e9s do site www.norauto.pt a NORAUTO oferece ainda servi\u00e7os totalmente inovadores e diferenciadores no mercado, como o servi\u00e7o Oficina M\u00f3vel em que a oficina que se desloca ao cliente, o servi\u00e7o NORAUTO Drive em que os profissionais se ocupam da Inspe\u00e7\u00e3o Peri\u00f3dica da viatura, o servi\u00e7o NORAUTO Renting em parceria com a ALD que oferece planos de renting muito competitivos e, ainda, a parceria com a Carglass, onde o cliente pode fazer a repara\u00e7\u00e3o de um vidro partido num centro NORAUTO, efetuada por t\u00e9cnicos da Carglass.<\/p>\n","protected":false},"excerpt":{"rendered":"<p>Um dos eixos estrat\u00e9gicos da Norauto&#8230;<\/p>\n","protected":false},"author":15,"featured_media":18922,"comment_status":"closed","ping_status":"closed","sticky":false,"template":"","format":"standard","meta":{"footnotes":""},"categories":[29],"tags":[959],"class_list":["post-18892","post","type-post","status-publish","format-standard","has-post-thumbnail","hentry","category-empresas","tag-norauto"],"yoast_head":"<!-- This site is optimized with the Yoast SEO plugin v27.5 - https:\/\/yoast.com\/product\/yoast-seo-wordpress\/ -->\n<title>Be + Norauto \u00e9 novo programa de desenvolvimento de colaboradores - Jornal das Oficinas<\/title>\n<meta name=\"robots\" content=\"index, follow, max-snippet:-1, max-image-preview:large, max-video-preview:-1\" \/>\n<link rel=\"canonical\" href=\"https:\/\/jornaldasoficinas.com\/pt\/be-norauto-e-novo-programa-de-desenvolvimento-de-colaboradores\/\" \/>\n<meta property=\"og:locale\" content=\"pt_PT\" \/>\n<meta property=\"og:type\" content=\"article\" \/>\n<meta property=\"og:title\" content=\"Be + Norauto \u00e9 novo programa de desenvolvimento de colaboradores - Jornal das Oficinas\" \/>\n<meta property=\"og:description\" content=\"Um dos eixos estrat\u00e9gicos da Norauto...\" \/>\n<meta property=\"og:url\" content=\"https:\/\/jornaldasoficinas.com\/pt\/be-norauto-e-novo-programa-de-desenvolvimento-de-colaboradores\/\" \/>\n<meta property=\"og:site_name\" content=\"Jornal das Oficinas\" \/>\n<meta property=\"article:publisher\" content=\"https:\/\/www.facebook.com\/jornaloficinas\" \/>\n<meta property=\"article:published_time\" content=\"2021-02-26T08:00:07+00:00\" \/>\n<meta property=\"og:image\" content=\"https:\/\/jornaldasoficinas.com\/pt\/wp-content\/uploads\/2021\/02\/Be-Norauto-novo-programa-de-desenvolvimento-de-colaboradores.jpg\" \/>\n\t<meta property=\"og:image:width\" content=\"1024\" \/>\n\t<meta property=\"og:image:height\" content=\"581\" \/>\n\t<meta property=\"og:image:type\" content=\"image\/jpeg\" \/>\n<meta name=\"author\" content=\"Reda\u00e7\u00e3o JO\" \/>\n<meta name=\"twitter:card\" content=\"summary_large_image\" \/>\n<meta name=\"twitter:creator\" content=\"@jornaloficinas\" \/>\n<meta name=\"twitter:site\" content=\"@jornaloficinas\" \/>\n<meta name=\"twitter:label1\" content=\"Escrito por\" \/>\n\t<meta name=\"twitter:data1\" content=\"Reda\u00e7\u00e3o JO\" \/>\n\t<meta name=\"twitter:label2\" content=\"Tempo estimado de leitura\" \/>\n\t<meta name=\"twitter:data2\" content=\"3 minutos\" \/>\n<script type=\"application\/ld+json\" class=\"yoast-schema-graph\">{\"@context\":\"https:\\\/\\\/schema.org\",\"@graph\":[{\"@type\":\"Article\",\"@id\":\"https:\\\/\\\/jornaldasoficinas.com\\\/pt\\\/be-norauto-e-novo-programa-de-desenvolvimento-de-colaboradores\\\/#article\",\"isPartOf\":{\"@id\":\"https:\\\/\\\/jornaldasoficinas.com\\\/pt\\\/be-norauto-e-novo-programa-de-desenvolvimento-de-colaboradores\\\/\"},\"author\":{\"name\":\"Reda\u00e7\u00e3o JO\",\"@id\":\"https:\\\/\\\/jornaldasoficinas.com\\\/pt\\\/#\\\/schema\\\/person\\\/a38eef5de2c41d9e7c9ac10141afddf3\"},\"headline\":\"Be + Norauto \u00e9 novo programa de desenvolvimento de colaboradores\",\"datePublished\":\"2021-02-26T08:00:07+00:00\",\"mainEntityOfPage\":{\"@id\":\"https:\\\/\\\/jornaldasoficinas.com\\\/pt\\\/be-norauto-e-novo-programa-de-desenvolvimento-de-colaboradores\\\/\"},\"wordCount\":630,\"publisher\":{\"@id\":\"https:\\\/\\\/jornaldasoficinas.com\\\/pt\\\/#organization\"},\"image\":{\"@id\":\"https:\\\/\\\/jornaldasoficinas.com\\\/pt\\\/be-norauto-e-novo-programa-de-desenvolvimento-de-colaboradores\\\/#primaryimage\"},\"thumbnailUrl\":\"https:\\\/\\\/jornaldasoficinas.com\\\/pt\\\/wp-content\\\/uploads\\\/2021\\\/02\\\/Be-Norauto-novo-programa-de-desenvolvimento-de-colaboradores.jpg\",\"keywords\":[\"Norauto\"],\"articleSection\":[\"Empresas\"],\"inLanguage\":\"pt-PT\"},{\"@type\":\"WebPage\",\"@id\":\"https:\\\/\\\/jornaldasoficinas.com\\\/pt\\\/be-norauto-e-novo-programa-de-desenvolvimento-de-colaboradores\\\/\",\"url\":\"https:\\\/\\\/jornaldasoficinas.com\\\/pt\\\/be-norauto-e-novo-programa-de-desenvolvimento-de-colaboradores\\\/\",\"name\":\"Be + Norauto \u00e9 novo programa de desenvolvimento de colaboradores - Jornal das Oficinas\",\"isPartOf\":{\"@id\":\"https:\\\/\\\/jornaldasoficinas.com\\\/pt\\\/#website\"},\"primaryImageOfPage\":{\"@id\":\"https:\\\/\\\/jornaldasoficinas.com\\\/pt\\\/be-norauto-e-novo-programa-de-desenvolvimento-de-colaboradores\\\/#primaryimage\"},\"image\":{\"@id\":\"https:\\\/\\\/jornaldasoficinas.com\\\/pt\\\/be-norauto-e-novo-programa-de-desenvolvimento-de-colaboradores\\\/#primaryimage\"},\"thumbnailUrl\":\"https:\\\/\\\/jornaldasoficinas.com\\\/pt\\\/wp-content\\\/uploads\\\/2021\\\/02\\\/Be-Norauto-novo-programa-de-desenvolvimento-de-colaboradores.jpg\",\"datePublished\":\"2021-02-26T08:00:07+00:00\",\"breadcrumb\":{\"@id\":\"https:\\\/\\\/jornaldasoficinas.com\\\/pt\\\/be-norauto-e-novo-programa-de-desenvolvimento-de-colaboradores\\\/#breadcrumb\"},\"inLanguage\":\"pt-PT\",\"potentialAction\":[{\"@type\":\"ReadAction\",\"target\":[\"https:\\\/\\\/jornaldasoficinas.com\\\/pt\\\/be-norauto-e-novo-programa-de-desenvolvimento-de-colaboradores\\\/\"]}]},{\"@type\":\"ImageObject\",\"inLanguage\":\"pt-PT\",\"@id\":\"https:\\\/\\\/jornaldasoficinas.com\\\/pt\\\/be-norauto-e-novo-programa-de-desenvolvimento-de-colaboradores\\\/#primaryimage\",\"url\":\"https:\\\/\\\/jornaldasoficinas.com\\\/pt\\\/wp-content\\\/uploads\\\/2021\\\/02\\\/Be-Norauto-novo-programa-de-desenvolvimento-de-colaboradores.jpg\",\"contentUrl\":\"https:\\\/\\\/jornaldasoficinas.com\\\/pt\\\/wp-content\\\/uploads\\\/2021\\\/02\\\/Be-Norauto-novo-programa-de-desenvolvimento-de-colaboradores.jpg\",\"width\":1024,\"height\":581,\"caption\":\"02 - Be-Norauto-novo-programa-de-desenvolvimento-de-colaboradores\"},{\"@type\":\"BreadcrumbList\",\"@id\":\"https:\\\/\\\/jornaldasoficinas.com\\\/pt\\\/be-norauto-e-novo-programa-de-desenvolvimento-de-colaboradores\\\/#breadcrumb\",\"itemListElement\":[{\"@type\":\"ListItem\",\"position\":1,\"name\":\"In\u00edcio\",\"item\":\"https:\\\/\\\/jornaldasoficinas.com\\\/pt\\\/\"},{\"@type\":\"ListItem\",\"position\":2,\"name\":\"Be + Norauto \u00e9 novo programa de desenvolvimento de colaboradores\"}]},{\"@type\":\"WebSite\",\"@id\":\"https:\\\/\\\/jornaldasoficinas.com\\\/pt\\\/#website\",\"url\":\"https:\\\/\\\/jornaldasoficinas.com\\\/pt\\\/\",\"name\":\"Jornal das Oficinas\",\"description\":\"Jornal independente do Aftermarket Autom\u00f3vel em Portugal\",\"publisher\":{\"@id\":\"https:\\\/\\\/jornaldasoficinas.com\\\/pt\\\/#organization\"},\"potentialAction\":[{\"@type\":\"SearchAction\",\"target\":{\"@type\":\"EntryPoint\",\"urlTemplate\":\"https:\\\/\\\/jornaldasoficinas.com\\\/pt\\\/?s={search_term_string}\"},\"query-input\":{\"@type\":\"PropertyValueSpecification\",\"valueRequired\":true,\"valueName\":\"search_term_string\"}}],\"inLanguage\":\"pt-PT\"},{\"@type\":\"Organization\",\"@id\":\"https:\\\/\\\/jornaldasoficinas.com\\\/pt\\\/#organization\",\"name\":\"Jornal das Oficinas\",\"url\":\"https:\\\/\\\/jornaldasoficinas.com\\\/pt\\\/\",\"logo\":{\"@type\":\"ImageObject\",\"inLanguage\":\"pt-PT\",\"@id\":\"https:\\\/\\\/jornaldasoficinas.com\\\/pt\\\/#\\\/schema\\\/logo\\\/image\\\/\",\"url\":\"https:\\\/\\\/jornaldasoficinas.com\\\/pt\\\/wp-content\\\/uploads\\\/logoJO-SEO.png\",\"contentUrl\":\"https:\\\/\\\/jornaldasoficinas.com\\\/pt\\\/wp-content\\\/uploads\\\/logoJO-SEO.png\",\"width\":285,\"height\":450,\"caption\":\"Jornal das Oficinas\"},\"image\":{\"@id\":\"https:\\\/\\\/jornaldasoficinas.com\\\/pt\\\/#\\\/schema\\\/logo\\\/image\\\/\"},\"sameAs\":[\"https:\\\/\\\/www.facebook.com\\\/jornaloficinas\",\"https:\\\/\\\/x.com\\\/jornaloficinas\",\"https:\\\/\\\/www.instagram.com\\\/jornal_oficinas\\\/\",\"https:\\\/\\\/www.linkedin.com\\\/company\\\/jornal-das-oficinas\\\/\",\"https:\\\/\\\/www.youtube.com\\\/channel\\\/UCbQZBqtcvV-oSQrr7RzINGg\"]},{\"@type\":\"Person\",\"@id\":\"https:\\\/\\\/jornaldasoficinas.com\\\/pt\\\/#\\\/schema\\\/person\\\/a38eef5de2c41d9e7c9ac10141afddf3\",\"name\":\"Reda\u00e7\u00e3o JO\",\"image\":{\"@type\":\"ImageObject\",\"inLanguage\":\"pt-PT\",\"@id\":\"https:\\\/\\\/secure.gravatar.com\\\/avatar\\\/71f2fa71737ad68a84fea94bc708ddac8ea5b0c4788dc2ad202f3ccb2887742f?s=96&d=wp_user_avatar&r=g\",\"url\":\"https:\\\/\\\/secure.gravatar.com\\\/avatar\\\/71f2fa71737ad68a84fea94bc708ddac8ea5b0c4788dc2ad202f3ccb2887742f?s=96&d=wp_user_avatar&r=g\",\"contentUrl\":\"https:\\\/\\\/secure.gravatar.com\\\/avatar\\\/71f2fa71737ad68a84fea94bc708ddac8ea5b0c4788dc2ad202f3ccb2887742f?s=96&d=wp_user_avatar&r=g\",\"caption\":\"Reda\u00e7\u00e3o JO\"},\"url\":\"https:\\\/\\\/jornaldasoficinas.com\\\/pt\\\/author\\\/joredacao\\\/\"}]}<\/script>\n<!-- \/ Yoast SEO plugin. -->","yoast_head_json":{"title":"Be + Norauto \u00e9 novo programa de desenvolvimento de colaboradores - Jornal das Oficinas","robots":{"index":"index","follow":"follow","max-snippet":"max-snippet:-1","max-image-preview":"max-image-preview:large","max-video-preview":"max-video-preview:-1"},"canonical":"https:\/\/jornaldasoficinas.com\/pt\/be-norauto-e-novo-programa-de-desenvolvimento-de-colaboradores\/","og_locale":"pt_PT","og_type":"article","og_title":"Be + Norauto \u00e9 novo programa de desenvolvimento de colaboradores - Jornal das Oficinas","og_description":"Um dos eixos estrat\u00e9gicos da Norauto...","og_url":"https:\/\/jornaldasoficinas.com\/pt\/be-norauto-e-novo-programa-de-desenvolvimento-de-colaboradores\/","og_site_name":"Jornal das Oficinas","article_publisher":"https:\/\/www.facebook.com\/jornaloficinas","article_published_time":"2021-02-26T08:00:07+00:00","og_image":[{"width":1024,"height":581,"url":"https:\/\/jornaldasoficinas.com\/pt\/wp-content\/uploads\/2021\/02\/Be-Norauto-novo-programa-de-desenvolvimento-de-colaboradores.jpg","type":"image\/jpeg"}],"author":"Reda\u00e7\u00e3o JO","twitter_card":"summary_large_image","twitter_creator":"@jornaloficinas","twitter_site":"@jornaloficinas","twitter_misc":{"Escrito por":"Reda\u00e7\u00e3o JO","Tempo estimado de leitura":"3 minutos"},"schema":{"@context":"https:\/\/schema.org","@graph":[{"@type":"Article","@id":"https:\/\/jornaldasoficinas.com\/pt\/be-norauto-e-novo-programa-de-desenvolvimento-de-colaboradores\/#article","isPartOf":{"@id":"https:\/\/jornaldasoficinas.com\/pt\/be-norauto-e-novo-programa-de-desenvolvimento-de-colaboradores\/"},"author":{"name":"Reda\u00e7\u00e3o JO","@id":"https:\/\/jornaldasoficinas.com\/pt\/#\/schema\/person\/a38eef5de2c41d9e7c9ac10141afddf3"},"headline":"Be + Norauto \u00e9 novo programa de desenvolvimento de colaboradores","datePublished":"2021-02-26T08:00:07+00:00","mainEntityOfPage":{"@id":"https:\/\/jornaldasoficinas.com\/pt\/be-norauto-e-novo-programa-de-desenvolvimento-de-colaboradores\/"},"wordCount":630,"publisher":{"@id":"https:\/\/jornaldasoficinas.com\/pt\/#organization"},"image":{"@id":"https:\/\/jornaldasoficinas.com\/pt\/be-norauto-e-novo-programa-de-desenvolvimento-de-colaboradores\/#primaryimage"},"thumbnailUrl":"https:\/\/jornaldasoficinas.com\/pt\/wp-content\/uploads\/2021\/02\/Be-Norauto-novo-programa-de-desenvolvimento-de-colaboradores.jpg","keywords":["Norauto"],"articleSection":["Empresas"],"inLanguage":"pt-PT"},{"@type":"WebPage","@id":"https:\/\/jornaldasoficinas.com\/pt\/be-norauto-e-novo-programa-de-desenvolvimento-de-colaboradores\/","url":"https:\/\/jornaldasoficinas.com\/pt\/be-norauto-e-novo-programa-de-desenvolvimento-de-colaboradores\/","name":"Be + Norauto \u00e9 novo programa de desenvolvimento de colaboradores - Jornal das Oficinas","isPartOf":{"@id":"https:\/\/jornaldasoficinas.com\/pt\/#website"},"primaryImageOfPage":{"@id":"https:\/\/jornaldasoficinas.com\/pt\/be-norauto-e-novo-programa-de-desenvolvimento-de-colaboradores\/#primaryimage"},"image":{"@id":"https:\/\/jornaldasoficinas.com\/pt\/be-norauto-e-novo-programa-de-desenvolvimento-de-colaboradores\/#primaryimage"},"thumbnailUrl":"https:\/\/jornaldasoficinas.com\/pt\/wp-content\/uploads\/2021\/02\/Be-Norauto-novo-programa-de-desenvolvimento-de-colaboradores.jpg","datePublished":"2021-02-26T08:00:07+00:00","breadcrumb":{"@id":"https:\/\/jornaldasoficinas.com\/pt\/be-norauto-e-novo-programa-de-desenvolvimento-de-colaboradores\/#breadcrumb"},"inLanguage":"pt-PT","potentialAction":[{"@type":"ReadAction","target":["https:\/\/jornaldasoficinas.com\/pt\/be-norauto-e-novo-programa-de-desenvolvimento-de-colaboradores\/"]}]},{"@type":"ImageObject","inLanguage":"pt-PT","@id":"https:\/\/jornaldasoficinas.com\/pt\/be-norauto-e-novo-programa-de-desenvolvimento-de-colaboradores\/#primaryimage","url":"https:\/\/jornaldasoficinas.com\/pt\/wp-content\/uploads\/2021\/02\/Be-Norauto-novo-programa-de-desenvolvimento-de-colaboradores.jpg","contentUrl":"https:\/\/jornaldasoficinas.com\/pt\/wp-content\/uploads\/2021\/02\/Be-Norauto-novo-programa-de-desenvolvimento-de-colaboradores.jpg","width":1024,"height":581,"caption":"02 - Be-Norauto-novo-programa-de-desenvolvimento-de-colaboradores"},{"@type":"BreadcrumbList","@id":"https:\/\/jornaldasoficinas.com\/pt\/be-norauto-e-novo-programa-de-desenvolvimento-de-colaboradores\/#breadcrumb","itemListElement":[{"@type":"ListItem","position":1,"name":"In\u00edcio","item":"https:\/\/jornaldasoficinas.com\/pt\/"},{"@type":"ListItem","position":2,"name":"Be + Norauto \u00e9 novo programa de desenvolvimento de colaboradores"}]},{"@type":"WebSite","@id":"https:\/\/jornaldasoficinas.com\/pt\/#website","url":"https:\/\/jornaldasoficinas.com\/pt\/","name":"Jornal das Oficinas","description":"Jornal independente do Aftermarket Autom\u00f3vel em Portugal","publisher":{"@id":"https:\/\/jornaldasoficinas.com\/pt\/#organization"},"potentialAction":[{"@type":"SearchAction","target":{"@type":"EntryPoint","urlTemplate":"https:\/\/jornaldasoficinas.com\/pt\/?s={search_term_string}"},"query-input":{"@type":"PropertyValueSpecification","valueRequired":true,"valueName":"search_term_string"}}],"inLanguage":"pt-PT"},{"@type":"Organization","@id":"https:\/\/jornaldasoficinas.com\/pt\/#organization","name":"Jornal das Oficinas","url":"https:\/\/jornaldasoficinas.com\/pt\/","logo":{"@type":"ImageObject","inLanguage":"pt-PT","@id":"https:\/\/jornaldasoficinas.com\/pt\/#\/schema\/logo\/image\/","url":"https:\/\/jornaldasoficinas.com\/pt\/wp-content\/uploads\/logoJO-SEO.png","contentUrl":"https:\/\/jornaldasoficinas.com\/pt\/wp-content\/uploads\/logoJO-SEO.png","width":285,"height":450,"caption":"Jornal das Oficinas"},"image":{"@id":"https:\/\/jornaldasoficinas.com\/pt\/#\/schema\/logo\/image\/"},"sameAs":["https:\/\/www.facebook.com\/jornaloficinas","https:\/\/x.com\/jornaloficinas","https:\/\/www.instagram.com\/jornal_oficinas\/","https:\/\/www.linkedin.com\/company\/jornal-das-oficinas\/","https:\/\/www.youtube.com\/channel\/UCbQZBqtcvV-oSQrr7RzINGg"]},{"@type":"Person","@id":"https:\/\/jornaldasoficinas.com\/pt\/#\/schema\/person\/a38eef5de2c41d9e7c9ac10141afddf3","name":"Reda\u00e7\u00e3o JO","image":{"@type":"ImageObject","inLanguage":"pt-PT","@id":"https:\/\/secure.gravatar.com\/avatar\/71f2fa71737ad68a84fea94bc708ddac8ea5b0c4788dc2ad202f3ccb2887742f?s=96&d=wp_user_avatar&r=g","url":"https:\/\/secure.gravatar.com\/avatar\/71f2fa71737ad68a84fea94bc708ddac8ea5b0c4788dc2ad202f3ccb2887742f?s=96&d=wp_user_avatar&r=g","contentUrl":"https:\/\/secure.gravatar.com\/avatar\/71f2fa71737ad68a84fea94bc708ddac8ea5b0c4788dc2ad202f3ccb2887742f?s=96&d=wp_user_avatar&r=g","caption":"Reda\u00e7\u00e3o JO"},"url":"https:\/\/jornaldasoficinas.com\/pt\/author\/joredacao\/"}]}},"_links":{"self":[{"href":"https:\/\/jornaldasoficinas.com\/pt\/wp-json\/wp\/v2\/posts\/18892","targetHints":{"allow":["GET"]}}],"collection":[{"href":"https:\/\/jornaldasoficinas.com\/pt\/wp-json\/wp\/v2\/posts"}],"about":[{"href":"https:\/\/jornaldasoficinas.com\/pt\/wp-json\/wp\/v2\/types\/post"}],"author":[{"embeddable":true,"href":"https:\/\/jornaldasoficinas.com\/pt\/wp-json\/wp\/v2\/users\/15"}],"replies":[{"embeddable":true,"href":"https:\/\/jornaldasoficinas.com\/pt\/wp-json\/wp\/v2\/comments?post=18892"}],"version-history":[{"count":0,"href":"https:\/\/jornaldasoficinas.com\/pt\/wp-json\/wp\/v2\/posts\/18892\/revisions"}],"wp:featuredmedia":[{"embeddable":true,"href":"https:\/\/jornaldasoficinas.com\/pt\/wp-json\/wp\/v2\/media\/18922"}],"wp:attachment":[{"href":"https:\/\/jornaldasoficinas.com\/pt\/wp-json\/wp\/v2\/media?parent=18892"}],"wp:term":[{"taxonomy":"category","embeddable":true,"href":"https:\/\/jornaldasoficinas.com\/pt\/wp-json\/wp\/v2\/categories?post=18892"},{"taxonomy":"post_tag","embeddable":true,"href":"https:\/\/jornaldasoficinas.com\/pt\/wp-json\/wp\/v2\/tags?post=18892"}],"curies":[{"name":"wp","href":"https:\/\/api.w.org\/{rel}","templated":true}]}}