{"id":18944,"date":"2021-02-28T16:00:10","date_gmt":"2021-02-28T16:00:10","guid":{"rendered":"https:\/\/jornaldasoficinas.com\/pt\/?p=18944"},"modified":"2021-06-01T03:15:47","modified_gmt":"2021-06-01T02:15:47","slug":"jornal-das-oficinas-de-marco-ja-esta-disponivel-online","status":"publish","type":"post","link":"https:\/\/jornaldasoficinas.com\/pt\/jornal-das-oficinas-de-marco-ja-esta-disponivel-online\/","title":{"rendered":"Jornal das Oficinas de mar\u00e7o online"},"content":{"rendered":"<p><strong><img loading=\"lazy\" decoding=\"async\" class=\"alignnone wp-image-21705 size-full\" src=\"https:\/\/jornaldasoficinas.com\/pt\/wp-content\/uploads\/jodigital\/184digitala.png\" alt=\"jodigital - 184digitala\" width=\"2134\" height=\"1211\" srcset=\"https:\/\/jornaldasoficinas.com\/pt\/wp-content\/uploads\/jodigital\/184digitala.png 2134w, https:\/\/jornaldasoficinas.com\/pt\/wp-content\/uploads\/jodigital\/184digitala-300x170.png 300w, https:\/\/jornaldasoficinas.com\/pt\/wp-content\/uploads\/jodigital\/184digitala-1024x581.png 1024w, https:\/\/jornaldasoficinas.com\/pt\/wp-content\/uploads\/jodigital\/184digitala-150x85.png 150w, https:\/\/jornaldasoficinas.com\/pt\/wp-content\/uploads\/jodigital\/184digitala-768x436.png 768w, https:\/\/jornaldasoficinas.com\/pt\/wp-content\/uploads\/jodigital\/184digitala-1536x872.png 1536w, https:\/\/jornaldasoficinas.com\/pt\/wp-content\/uploads\/jodigital\/184digitala-2048x1162.png 2048w\" sizes=\"auto, (max-width: 2134px) 100vw, 2134px\" \/><\/strong><\/p>\n<p><strong>Na edi\u00e7\u00e3o de mar\u00e7o de 2021, o artigo de destaque \u00e9 sobre as tend\u00eancias, desafios e oportunidades do aftermarket para este ano.<\/strong><\/p>\n<p>Para tomar o pulso ao mercado, durante os primeiros meses do ano recolhemos diversos testemunhos que publicamos neste artigo e que esperamos possam contribuir para uma melhor compreens\u00e3o do mercado e dos desafios que se colocam \u00e0s empresas.<\/p>\n<p>Na comemora\u00e7\u00e3o do 40\u00ba anivers\u00e1rio do CEPRA, entrevist\u00e1mos o seu diretor, Ant\u00f3nio Caldeira, que falou do passado, do presente e do futuro deste relevante Centro de forma\u00e7\u00e3o autom\u00f3vel.<\/p>\n<p>Entrevist\u00e1mos tamb\u00e9m Nuno Carvalho, respons\u00e1vel do Grup Eina em Portugal, que nos apresentou os projetos e objetivos deste grupo de forma\u00e7\u00e3o, que conta neste momento com uma equipa de 6 pessoas totalmente dedicadas \u00e0 atividade formativa no nosso pa\u00eds, tendo \u00e0 disposi\u00e7\u00e3o todos os recursos t\u00e9cnicos j\u00e1 desenvolvidos para outros mercados.<\/p>\n<p>Metalcaucho entrou no com\u00e9rcio de suspens\u00f5es pneum\u00e1ticas com 84 refer\u00eancias. O especialista em borracha e metal aposta em 2021 para fam\u00edlias de produtos mais t\u00e9cnicos, conforme pode ler na rubrica Novidades<\/p>\n<p>O artigo de opini\u00e3o deste m\u00eas de mar\u00e7o \u00e9 da autoria de Manuel F\u00e9lix, diretor geral da EuroMais, que alerta para o perigo dos \u201cbal\u00f5es de oxig\u00e9nio\u201d com que algumas empresas se habituaram a viver<\/p>\n<p>O tema da Campanha Power On deste m\u00eas \u00e9 sobre o crescente mercado de ve\u00edculos el\u00e9tricos, que segundo dados da ACAP, Portugal conta atualmente com mais de 65.000 ve\u00edculos el\u00e9tricos e h\u00edbridos que j\u00e1 representam 1,3% do parque de ligeiros de passageiros (puro el\u00e9trico: 0,3%).\u00a0Por sua vez, a Campanha VISU Aftermarket desta edi\u00e7\u00e3o aborda o tema da tecnologia das viaturas el\u00e9tricas a bateria (VEBs),<\/p>\n<p>A MANN + HUMMEL celebra 80 anos e fizemos artigo sobre a longa hist\u00f3ria de sucesso deste fabricante de filtros, que em 2019, quase oito d\u00e9cadas ap\u00f3s a sua funda\u00e7\u00e3o, anunciou a maior receita de vendas da hist\u00f3ria da empresa, com 4,2 bilh\u00f5es de euros.<\/p>\n<p>A sec\u00e7\u00e3o reportagem \u00e9 dedicada \u00e0s viaturas de assist\u00eancia t\u00e9cnica INDASA, que t\u00eam tido um papel chave no aumento da efici\u00eancia e produtividade das oficinas de colis\u00e3o. O apoio t\u00e9cnico e as a\u00e7\u00f5es de forma\u00e7\u00e3o desenvolvidas por este servi\u00e7o m\u00f3vel, s\u00e3o cada vez mais valorizadas e apreciadas pelos profissionais de repintura.<\/p>\n<p>A Oficina do m\u00eas \u00e9 a RINO Albufeira, que celebra 10 anos de atividade. O gerente, Bruno Cordeiro, acredita que a compet\u00eancia t\u00e9cnica da equipa e o esp\u00edrito de entreajuda s\u00e3o os principais fatores de sucesso.<\/p>\n<p>Na rubrica Passo a Passo explicamos a t\u00e9cnica de rebitagem de um rebite autoperfurante. Uma t\u00e9cnica muito utilizada no fabrico de carro\u00e7arias de autom\u00f3veis para a uni\u00e3o de pe\u00e7as de alum\u00ednio.<\/p>\n<p>O produto de destaque \u00e9 a gama de lubrificantes Repsol Hybrid de ultra-baixa viscosidade 0W-16, o grau mais baixo do portfolio de lubrificantes de motor, que responde aos requisitos associados \u00e0 economia de combust\u00edvel e consequente redu\u00e7\u00e3o de emiss\u00f5es de CO<sub>2<\/sub><\/p>\n<p>Na se\u00e7\u00e3o dedicada \u00e0 repintura come\u00e7amos com um artigo sobre a parceria Impoeste \/ Solera, que tem como objetivo aproveitar o que de melhor cada uma das empresas faz, para aumentar a efic\u00e1cia do servi\u00e7o aos clientes comuns.<\/p>\n<p>Visit\u00e1mos a GravityPaint, empresa focada no ramo da repintura autom\u00f3vel que inaugurou recentemente um novo armaz\u00e9m e nova loja em Torres Vedras.<\/p>\n<p>A T\u00e9cnica &amp; Servi\u00e7o \u00e9 sobre \u201cEquipamentos de calibra\u00e7\u00e3o de sensores ADAS\u201d onde s\u00e3o analisados diversos equipamentos multimarca de calibra\u00e7\u00e3o de sistemas ADAS.<\/p>\n<p>Desejamos boas leituras e despedimo-nos at\u00e9 \u00e0 pr\u00f3xima edi\u00e7\u00e3o de abril.<\/p>\n<p>&nbsp;<\/p>\n<p><iframe loading=\"lazy\" src=\"https:\/\/www.yumpu.com\/pt\/embed\/view\/CUIdtzmPWnygNFfv\" width=\"620px\" height=\"420px\" frameborder=\"0\" allowfullscreen=\"allowfullscreen\"><span style=\"display: inline-block; width: 0px; overflow: hidden; line-height: 0;\" data-mce-type=\"bookmark\" class=\"mce_SELRES_start\">\ufeff<\/span><\/iframe><\/p>\n","protected":false},"excerpt":{"rendered":"<p>Na edi\u00e7\u00e3o de mar\u00e7o de 2021,&#8230;<\/p>\n","protected":false},"author":15,"featured_media":21705,"comment_status":"closed","ping_status":"closed","sticky":false,"template":"","format":"standard","meta":{"footnotes":""},"categories":[411],"tags":[157,344,2544,141,2543,186,2542,423,2451,207,46,374],"class_list":["post-18944","post","type-post","status-publish","format-standard","has-post-thumbnail","hentry","category-edicoes-jo","tag-acap","tag-adas","tag-campanha-power-on","tag-cepra","tag-euromais","tag-gravitypaint","tag-grup-eina","tag-indasa","tag-mann-hummel","tag-metalcaucho","tag-repsol","tag-rino"],"yoast_head":"<!-- This site is optimized with the Yoast SEO plugin v27.4 - https:\/\/yoast.com\/product\/yoast-seo-wordpress\/ -->\n<title>Jornal das Oficinas de mar\u00e7o online - Jornal das Oficinas<\/title>\n<meta name=\"robots\" content=\"index, follow, max-snippet:-1, max-image-preview:large, max-video-preview:-1\" \/>\n<link rel=\"canonical\" href=\"https:\/\/jornaldasoficinas.com\/pt\/jornal-das-oficinas-de-marco-ja-esta-disponivel-online\/\" \/>\n<meta property=\"og:locale\" content=\"pt_PT\" \/>\n<meta property=\"og:type\" content=\"article\" \/>\n<meta property=\"og:title\" content=\"Jornal das Oficinas de mar\u00e7o online - Jornal das Oficinas\" \/>\n<meta property=\"og:description\" content=\"Na edi\u00e7\u00e3o de mar\u00e7o de 2021,...\" \/>\n<meta property=\"og:url\" content=\"https:\/\/jornaldasoficinas.com\/pt\/jornal-das-oficinas-de-marco-ja-esta-disponivel-online\/\" \/>\n<meta property=\"og:site_name\" content=\"Jornal das Oficinas\" \/>\n<meta property=\"article:publisher\" content=\"https:\/\/www.facebook.com\/jornaloficinas\" \/>\n<meta property=\"article:published_time\" content=\"2021-02-28T16:00:10+00:00\" \/>\n<meta property=\"article:modified_time\" content=\"2021-06-01T02:15:47+00:00\" \/>\n<meta property=\"og:image\" content=\"https:\/\/jornaldasoficinas.com\/pt\/wp-content\/uploads\/jodigital\/184digitala.png\" \/>\n\t<meta property=\"og:image:width\" content=\"2134\" \/>\n\t<meta property=\"og:image:height\" content=\"1211\" \/>\n\t<meta property=\"og:image:type\" content=\"image\/png\" \/>\n<meta name=\"author\" content=\"Reda\u00e7\u00e3o JO\" \/>\n<meta name=\"twitter:card\" content=\"summary_large_image\" \/>\n<meta name=\"twitter:creator\" content=\"@jornaloficinas\" \/>\n<meta name=\"twitter:site\" content=\"@jornaloficinas\" \/>\n<meta name=\"twitter:label1\" content=\"Escrito por\" \/>\n\t<meta name=\"twitter:data1\" content=\"Reda\u00e7\u00e3o JO\" \/>\n\t<meta name=\"twitter:label2\" content=\"Tempo estimado de leitura\" \/>\n\t<meta name=\"twitter:data2\" content=\"3 minutos\" \/>\n<script type=\"application\/ld+json\" class=\"yoast-schema-graph\">{\"@context\":\"https:\\\/\\\/schema.org\",\"@graph\":[{\"@type\":\"Article\",\"@id\":\"https:\\\/\\\/jornaldasoficinas.com\\\/pt\\\/jornal-das-oficinas-de-marco-ja-esta-disponivel-online\\\/#article\",\"isPartOf\":{\"@id\":\"https:\\\/\\\/jornaldasoficinas.com\\\/pt\\\/jornal-das-oficinas-de-marco-ja-esta-disponivel-online\\\/\"},\"author\":{\"name\":\"Reda\u00e7\u00e3o JO\",\"@id\":\"https:\\\/\\\/jornaldasoficinas.com\\\/pt\\\/#\\\/schema\\\/person\\\/a38eef5de2c41d9e7c9ac10141afddf3\"},\"headline\":\"Jornal das Oficinas de mar\u00e7o online\",\"datePublished\":\"2021-02-28T16:00:10+00:00\",\"dateModified\":\"2021-06-01T02:15:47+00:00\",\"mainEntityOfPage\":{\"@id\":\"https:\\\/\\\/jornaldasoficinas.com\\\/pt\\\/jornal-das-oficinas-de-marco-ja-esta-disponivel-online\\\/\"},\"wordCount\":635,\"publisher\":{\"@id\":\"https:\\\/\\\/jornaldasoficinas.com\\\/pt\\\/#organization\"},\"image\":{\"@id\":\"https:\\\/\\\/jornaldasoficinas.com\\\/pt\\\/jornal-das-oficinas-de-marco-ja-esta-disponivel-online\\\/#primaryimage\"},\"thumbnailUrl\":\"https:\\\/\\\/jornaldasoficinas.com\\\/pt\\\/wp-content\\\/uploads\\\/jodigital\\\/184digitala.png\",\"keywords\":[\"ACAP\",\"ADAS\",\"Campanha Power On\",\"CEPRA\",\"EuroMais\",\"GravityPaint\",\"Grup Eina\",\"Indasa\",\"MANN + HUMMEL\",\"Metalcaucho\",\"Repsol\",\"Rino\"],\"articleSection\":[\"Edi\u00e7\u00f5es JO\"],\"inLanguage\":\"pt-PT\"},{\"@type\":\"WebPage\",\"@id\":\"https:\\\/\\\/jornaldasoficinas.com\\\/pt\\\/jornal-das-oficinas-de-marco-ja-esta-disponivel-online\\\/\",\"url\":\"https:\\\/\\\/jornaldasoficinas.com\\\/pt\\\/jornal-das-oficinas-de-marco-ja-esta-disponivel-online\\\/\",\"name\":\"Jornal das Oficinas de mar\u00e7o online - Jornal das Oficinas\",\"isPartOf\":{\"@id\":\"https:\\\/\\\/jornaldasoficinas.com\\\/pt\\\/#website\"},\"primaryImageOfPage\":{\"@id\":\"https:\\\/\\\/jornaldasoficinas.com\\\/pt\\\/jornal-das-oficinas-de-marco-ja-esta-disponivel-online\\\/#primaryimage\"},\"image\":{\"@id\":\"https:\\\/\\\/jornaldasoficinas.com\\\/pt\\\/jornal-das-oficinas-de-marco-ja-esta-disponivel-online\\\/#primaryimage\"},\"thumbnailUrl\":\"https:\\\/\\\/jornaldasoficinas.com\\\/pt\\\/wp-content\\\/uploads\\\/jodigital\\\/184digitala.png\",\"datePublished\":\"2021-02-28T16:00:10+00:00\",\"dateModified\":\"2021-06-01T02:15:47+00:00\",\"breadcrumb\":{\"@id\":\"https:\\\/\\\/jornaldasoficinas.com\\\/pt\\\/jornal-das-oficinas-de-marco-ja-esta-disponivel-online\\\/#breadcrumb\"},\"inLanguage\":\"pt-PT\",\"potentialAction\":[{\"@type\":\"ReadAction\",\"target\":[\"https:\\\/\\\/jornaldasoficinas.com\\\/pt\\\/jornal-das-oficinas-de-marco-ja-esta-disponivel-online\\\/\"]}]},{\"@type\":\"ImageObject\",\"inLanguage\":\"pt-PT\",\"@id\":\"https:\\\/\\\/jornaldasoficinas.com\\\/pt\\\/jornal-das-oficinas-de-marco-ja-esta-disponivel-online\\\/#primaryimage\",\"url\":\"https:\\\/\\\/jornaldasoficinas.com\\\/pt\\\/wp-content\\\/uploads\\\/jodigital\\\/184digitala.png\",\"contentUrl\":\"https:\\\/\\\/jornaldasoficinas.com\\\/pt\\\/wp-content\\\/uploads\\\/jodigital\\\/184digitala.png\",\"width\":2134,\"height\":1211,\"caption\":\"jodigital - 184digitala\"},{\"@type\":\"BreadcrumbList\",\"@id\":\"https:\\\/\\\/jornaldasoficinas.com\\\/pt\\\/jornal-das-oficinas-de-marco-ja-esta-disponivel-online\\\/#breadcrumb\",\"itemListElement\":[{\"@type\":\"ListItem\",\"position\":1,\"name\":\"In\u00edcio\",\"item\":\"https:\\\/\\\/jornaldasoficinas.com\\\/pt\\\/\"},{\"@type\":\"ListItem\",\"position\":2,\"name\":\"Jornal das Oficinas de mar\u00e7o online\"}]},{\"@type\":\"WebSite\",\"@id\":\"https:\\\/\\\/jornaldasoficinas.com\\\/pt\\\/#website\",\"url\":\"https:\\\/\\\/jornaldasoficinas.com\\\/pt\\\/\",\"name\":\"Jornal das Oficinas\",\"description\":\"Jornal independente do Aftermarket Autom\u00f3vel em Portugal\",\"publisher\":{\"@id\":\"https:\\\/\\\/jornaldasoficinas.com\\\/pt\\\/#organization\"},\"potentialAction\":[{\"@type\":\"SearchAction\",\"target\":{\"@type\":\"EntryPoint\",\"urlTemplate\":\"https:\\\/\\\/jornaldasoficinas.com\\\/pt\\\/?s={search_term_string}\"},\"query-input\":{\"@type\":\"PropertyValueSpecification\",\"valueRequired\":true,\"valueName\":\"search_term_string\"}}],\"inLanguage\":\"pt-PT\"},{\"@type\":\"Organization\",\"@id\":\"https:\\\/\\\/jornaldasoficinas.com\\\/pt\\\/#organization\",\"name\":\"Jornal das Oficinas\",\"url\":\"https:\\\/\\\/jornaldasoficinas.com\\\/pt\\\/\",\"logo\":{\"@type\":\"ImageObject\",\"inLanguage\":\"pt-PT\",\"@id\":\"https:\\\/\\\/jornaldasoficinas.com\\\/pt\\\/#\\\/schema\\\/logo\\\/image\\\/\",\"url\":\"https:\\\/\\\/jornaldasoficinas.com\\\/pt\\\/wp-content\\\/uploads\\\/logoJO-SEO.png\",\"contentUrl\":\"https:\\\/\\\/jornaldasoficinas.com\\\/pt\\\/wp-content\\\/uploads\\\/logoJO-SEO.png\",\"width\":285,\"height\":450,\"caption\":\"Jornal das Oficinas\"},\"image\":{\"@id\":\"https:\\\/\\\/jornaldasoficinas.com\\\/pt\\\/#\\\/schema\\\/logo\\\/image\\\/\"},\"sameAs\":[\"https:\\\/\\\/www.facebook.com\\\/jornaloficinas\",\"https:\\\/\\\/x.com\\\/jornaloficinas\",\"https:\\\/\\\/www.instagram.com\\\/jornal_oficinas\\\/\",\"https:\\\/\\\/www.linkedin.com\\\/company\\\/jornal-das-oficinas\\\/\",\"https:\\\/\\\/www.youtube.com\\\/channel\\\/UCbQZBqtcvV-oSQrr7RzINGg\"]},{\"@type\":\"Person\",\"@id\":\"https:\\\/\\\/jornaldasoficinas.com\\\/pt\\\/#\\\/schema\\\/person\\\/a38eef5de2c41d9e7c9ac10141afddf3\",\"name\":\"Reda\u00e7\u00e3o JO\",\"image\":{\"@type\":\"ImageObject\",\"inLanguage\":\"pt-PT\",\"@id\":\"https:\\\/\\\/secure.gravatar.com\\\/avatar\\\/71f2fa71737ad68a84fea94bc708ddac8ea5b0c4788dc2ad202f3ccb2887742f?s=96&d=wp_user_avatar&r=g\",\"url\":\"https:\\\/\\\/secure.gravatar.com\\\/avatar\\\/71f2fa71737ad68a84fea94bc708ddac8ea5b0c4788dc2ad202f3ccb2887742f?s=96&d=wp_user_avatar&r=g\",\"contentUrl\":\"https:\\\/\\\/secure.gravatar.com\\\/avatar\\\/71f2fa71737ad68a84fea94bc708ddac8ea5b0c4788dc2ad202f3ccb2887742f?s=96&d=wp_user_avatar&r=g\",\"caption\":\"Reda\u00e7\u00e3o JO\"},\"url\":\"https:\\\/\\\/jornaldasoficinas.com\\\/pt\\\/author\\\/joredacao\\\/\"}]}<\/script>\n<!-- \/ Yoast SEO plugin. -->","yoast_head_json":{"title":"Jornal das Oficinas de mar\u00e7o online - Jornal das Oficinas","robots":{"index":"index","follow":"follow","max-snippet":"max-snippet:-1","max-image-preview":"max-image-preview:large","max-video-preview":"max-video-preview:-1"},"canonical":"https:\/\/jornaldasoficinas.com\/pt\/jornal-das-oficinas-de-marco-ja-esta-disponivel-online\/","og_locale":"pt_PT","og_type":"article","og_title":"Jornal das Oficinas de mar\u00e7o online - Jornal das Oficinas","og_description":"Na edi\u00e7\u00e3o de mar\u00e7o de 2021,...","og_url":"https:\/\/jornaldasoficinas.com\/pt\/jornal-das-oficinas-de-marco-ja-esta-disponivel-online\/","og_site_name":"Jornal das Oficinas","article_publisher":"https:\/\/www.facebook.com\/jornaloficinas","article_published_time":"2021-02-28T16:00:10+00:00","article_modified_time":"2021-06-01T02:15:47+00:00","og_image":[{"width":2134,"height":1211,"url":"https:\/\/jornaldasoficinas.com\/pt\/wp-content\/uploads\/jodigital\/184digitala.png","type":"image\/png"}],"author":"Reda\u00e7\u00e3o JO","twitter_card":"summary_large_image","twitter_creator":"@jornaloficinas","twitter_site":"@jornaloficinas","twitter_misc":{"Escrito por":"Reda\u00e7\u00e3o JO","Tempo estimado de leitura":"3 minutos"},"schema":{"@context":"https:\/\/schema.org","@graph":[{"@type":"Article","@id":"https:\/\/jornaldasoficinas.com\/pt\/jornal-das-oficinas-de-marco-ja-esta-disponivel-online\/#article","isPartOf":{"@id":"https:\/\/jornaldasoficinas.com\/pt\/jornal-das-oficinas-de-marco-ja-esta-disponivel-online\/"},"author":{"name":"Reda\u00e7\u00e3o JO","@id":"https:\/\/jornaldasoficinas.com\/pt\/#\/schema\/person\/a38eef5de2c41d9e7c9ac10141afddf3"},"headline":"Jornal das Oficinas de mar\u00e7o online","datePublished":"2021-02-28T16:00:10+00:00","dateModified":"2021-06-01T02:15:47+00:00","mainEntityOfPage":{"@id":"https:\/\/jornaldasoficinas.com\/pt\/jornal-das-oficinas-de-marco-ja-esta-disponivel-online\/"},"wordCount":635,"publisher":{"@id":"https:\/\/jornaldasoficinas.com\/pt\/#organization"},"image":{"@id":"https:\/\/jornaldasoficinas.com\/pt\/jornal-das-oficinas-de-marco-ja-esta-disponivel-online\/#primaryimage"},"thumbnailUrl":"https:\/\/jornaldasoficinas.com\/pt\/wp-content\/uploads\/jodigital\/184digitala.png","keywords":["ACAP","ADAS","Campanha Power On","CEPRA","EuroMais","GravityPaint","Grup Eina","Indasa","MANN + HUMMEL","Metalcaucho","Repsol","Rino"],"articleSection":["Edi\u00e7\u00f5es JO"],"inLanguage":"pt-PT"},{"@type":"WebPage","@id":"https:\/\/jornaldasoficinas.com\/pt\/jornal-das-oficinas-de-marco-ja-esta-disponivel-online\/","url":"https:\/\/jornaldasoficinas.com\/pt\/jornal-das-oficinas-de-marco-ja-esta-disponivel-online\/","name":"Jornal das Oficinas de mar\u00e7o online - Jornal das Oficinas","isPartOf":{"@id":"https:\/\/jornaldasoficinas.com\/pt\/#website"},"primaryImageOfPage":{"@id":"https:\/\/jornaldasoficinas.com\/pt\/jornal-das-oficinas-de-marco-ja-esta-disponivel-online\/#primaryimage"},"image":{"@id":"https:\/\/jornaldasoficinas.com\/pt\/jornal-das-oficinas-de-marco-ja-esta-disponivel-online\/#primaryimage"},"thumbnailUrl":"https:\/\/jornaldasoficinas.com\/pt\/wp-content\/uploads\/jodigital\/184digitala.png","datePublished":"2021-02-28T16:00:10+00:00","dateModified":"2021-06-01T02:15:47+00:00","breadcrumb":{"@id":"https:\/\/jornaldasoficinas.com\/pt\/jornal-das-oficinas-de-marco-ja-esta-disponivel-online\/#breadcrumb"},"inLanguage":"pt-PT","potentialAction":[{"@type":"ReadAction","target":["https:\/\/jornaldasoficinas.com\/pt\/jornal-das-oficinas-de-marco-ja-esta-disponivel-online\/"]}]},{"@type":"ImageObject","inLanguage":"pt-PT","@id":"https:\/\/jornaldasoficinas.com\/pt\/jornal-das-oficinas-de-marco-ja-esta-disponivel-online\/#primaryimage","url":"https:\/\/jornaldasoficinas.com\/pt\/wp-content\/uploads\/jodigital\/184digitala.png","contentUrl":"https:\/\/jornaldasoficinas.com\/pt\/wp-content\/uploads\/jodigital\/184digitala.png","width":2134,"height":1211,"caption":"jodigital - 184digitala"},{"@type":"BreadcrumbList","@id":"https:\/\/jornaldasoficinas.com\/pt\/jornal-das-oficinas-de-marco-ja-esta-disponivel-online\/#breadcrumb","itemListElement":[{"@type":"ListItem","position":1,"name":"In\u00edcio","item":"https:\/\/jornaldasoficinas.com\/pt\/"},{"@type":"ListItem","position":2,"name":"Jornal das Oficinas de mar\u00e7o online"}]},{"@type":"WebSite","@id":"https:\/\/jornaldasoficinas.com\/pt\/#website","url":"https:\/\/jornaldasoficinas.com\/pt\/","name":"Jornal das Oficinas","description":"Jornal independente do Aftermarket Autom\u00f3vel em Portugal","publisher":{"@id":"https:\/\/jornaldasoficinas.com\/pt\/#organization"},"potentialAction":[{"@type":"SearchAction","target":{"@type":"EntryPoint","urlTemplate":"https:\/\/jornaldasoficinas.com\/pt\/?s={search_term_string}"},"query-input":{"@type":"PropertyValueSpecification","valueRequired":true,"valueName":"search_term_string"}}],"inLanguage":"pt-PT"},{"@type":"Organization","@id":"https:\/\/jornaldasoficinas.com\/pt\/#organization","name":"Jornal das Oficinas","url":"https:\/\/jornaldasoficinas.com\/pt\/","logo":{"@type":"ImageObject","inLanguage":"pt-PT","@id":"https:\/\/jornaldasoficinas.com\/pt\/#\/schema\/logo\/image\/","url":"https:\/\/jornaldasoficinas.com\/pt\/wp-content\/uploads\/logoJO-SEO.png","contentUrl":"https:\/\/jornaldasoficinas.com\/pt\/wp-content\/uploads\/logoJO-SEO.png","width":285,"height":450,"caption":"Jornal das Oficinas"},"image":{"@id":"https:\/\/jornaldasoficinas.com\/pt\/#\/schema\/logo\/image\/"},"sameAs":["https:\/\/www.facebook.com\/jornaloficinas","https:\/\/x.com\/jornaloficinas","https:\/\/www.instagram.com\/jornal_oficinas\/","https:\/\/www.linkedin.com\/company\/jornal-das-oficinas\/","https:\/\/www.youtube.com\/channel\/UCbQZBqtcvV-oSQrr7RzINGg"]},{"@type":"Person","@id":"https:\/\/jornaldasoficinas.com\/pt\/#\/schema\/person\/a38eef5de2c41d9e7c9ac10141afddf3","name":"Reda\u00e7\u00e3o JO","image":{"@type":"ImageObject","inLanguage":"pt-PT","@id":"https:\/\/secure.gravatar.com\/avatar\/71f2fa71737ad68a84fea94bc708ddac8ea5b0c4788dc2ad202f3ccb2887742f?s=96&d=wp_user_avatar&r=g","url":"https:\/\/secure.gravatar.com\/avatar\/71f2fa71737ad68a84fea94bc708ddac8ea5b0c4788dc2ad202f3ccb2887742f?s=96&d=wp_user_avatar&r=g","contentUrl":"https:\/\/secure.gravatar.com\/avatar\/71f2fa71737ad68a84fea94bc708ddac8ea5b0c4788dc2ad202f3ccb2887742f?s=96&d=wp_user_avatar&r=g","caption":"Reda\u00e7\u00e3o JO"},"url":"https:\/\/jornaldasoficinas.com\/pt\/author\/joredacao\/"}]}},"_links":{"self":[{"href":"https:\/\/jornaldasoficinas.com\/pt\/wp-json\/wp\/v2\/posts\/18944","targetHints":{"allow":["GET"]}}],"collection":[{"href":"https:\/\/jornaldasoficinas.com\/pt\/wp-json\/wp\/v2\/posts"}],"about":[{"href":"https:\/\/jornaldasoficinas.com\/pt\/wp-json\/wp\/v2\/types\/post"}],"author":[{"embeddable":true,"href":"https:\/\/jornaldasoficinas.com\/pt\/wp-json\/wp\/v2\/users\/15"}],"replies":[{"embeddable":true,"href":"https:\/\/jornaldasoficinas.com\/pt\/wp-json\/wp\/v2\/comments?post=18944"}],"version-history":[{"count":0,"href":"https:\/\/jornaldasoficinas.com\/pt\/wp-json\/wp\/v2\/posts\/18944\/revisions"}],"wp:featuredmedia":[{"embeddable":true,"href":"https:\/\/jornaldasoficinas.com\/pt\/wp-json\/wp\/v2\/media\/21705"}],"wp:attachment":[{"href":"https:\/\/jornaldasoficinas.com\/pt\/wp-json\/wp\/v2\/media?parent=18944"}],"wp:term":[{"taxonomy":"category","embeddable":true,"href":"https:\/\/jornaldasoficinas.com\/pt\/wp-json\/wp\/v2\/categories?post=18944"},{"taxonomy":"post_tag","embeddable":true,"href":"https:\/\/jornaldasoficinas.com\/pt\/wp-json\/wp\/v2\/tags?post=18944"}],"curies":[{"name":"wp","href":"https:\/\/api.w.org\/{rel}","templated":true}]}}