{"id":19044,"date":"2021-03-04T10:00:50","date_gmt":"2021-03-04T10:00:50","guid":{"rendered":"https:\/\/jornaldasoficinas.com\/pt\/?p=19044"},"modified":"2023-07-20T16:05:51","modified_gmt":"2023-07-20T15:05:51","slug":"volkswagen-autoeuropa-maior-do-que-nunca","status":"publish","type":"post","link":"https:\/\/jornaldasoficinas.com\/pt\/volkswagen-autoeuropa-maior-do-que-nunca\/","title":{"rendered":"Volkswagen Autoeuropa maior do que nunca"},"content":{"rendered":"<p><strong><img loading=\"lazy\" decoding=\"async\" class=\"alignnone wp-image-18990 size-full\" src=\"https:\/\/jornaldasoficinas.com\/pt\/wp-content\/uploads\/2021\/03\/Volkswagen-Autoeuropa-maior-do-que-nunca.jpeg\" alt=\"03 - Volkswagen-Autoeuropa-maior-do-que-nunca\" width=\"1024\" height=\"581\" srcset=\"https:\/\/jornaldasoficinas.com\/pt\/wp-content\/uploads\/2021\/03\/Volkswagen-Autoeuropa-maior-do-que-nunca.jpeg 1024w, https:\/\/jornaldasoficinas.com\/pt\/wp-content\/uploads\/2021\/03\/Volkswagen-Autoeuropa-maior-do-que-nunca-300x170.jpeg 300w, https:\/\/jornaldasoficinas.com\/pt\/wp-content\/uploads\/2021\/03\/Volkswagen-Autoeuropa-maior-do-que-nunca-150x85.jpeg 150w, https:\/\/jornaldasoficinas.com\/pt\/wp-content\/uploads\/2021\/03\/Volkswagen-Autoeuropa-maior-do-que-nunca-768x436.jpeg 768w\" sizes=\"auto, (max-width: 1024px) 100vw, 1024px\" \/><\/strong><\/p>\n<p><strong>A Volkswagen Autoeuropa encerrou em 2020 um ciclo de crescimento no qual se afirmou novamente como a principal exportadora nacional.<\/strong><\/p>\n<p>Apesar da pandemia, foram produzidas em Palmela 192.000 unidades dos modelos T-Roc, Sharan e Seat Alhambra, o que representou uma redu\u00e7\u00e3o de 59.100 unidades face ao planeado no in\u00edcio do ano, e um decr\u00e9scimo de 62.600 unidades em rela\u00e7\u00e3o \u00e0 produ\u00e7\u00e3o de 2019.<\/p>\n<p>Para al\u00e9m da produ\u00e7\u00e3o de ve\u00edculos, a Volkswagen Autoeuropa exportou tamb\u00e9m cerca de 20 milh\u00f5es de pe\u00e7as estampadas na sua \u00e1rea de prensas, tendo como destino 21 f\u00e1bricas de 6 marcas do Grupo Volkswagen. Adicionalmente, a unidade de neg\u00f3cio de Cunhos e Cortantes projetou, construiu e entregou 11 conjuntos de ferramentas de estampagem para alguns dos lan\u00e7amentos mais importantes do Grupo durante o ano.<\/p>\n<p>Como resultado, o volume de neg\u00f3cios da Volkswagen Autoeuropa em 2020 equivaleu a 1,4% do PIB nacional, e a 4,7% do total de exporta\u00e7\u00f5es do pa\u00eds considerando o seu volume de neg\u00f3cios para o mercado externo. Mesmo com o impacto significativo da pandemia, 2020 foi o terceiro melhor ano de sempre da Volkswagen Autoeuropa, ap\u00f3s o crescimento em 2018 e a consolida\u00e7\u00e3o em 2019.<\/p>\n<p>Em 2021, o T-Roc corresponde a cerca de 95% do volume planeado de encomendas, motivo pelo qual foram investidos no ano anterior 69 milh\u00f5es de Euros, maioritariamente no aumento da sua capacidade de produ\u00e7\u00e3o. Al\u00e9m de outros investimentos nas \u00e1reas de inova\u00e7\u00e3o, ergonomia e ambiente, foi ainda implementado um novo armaz\u00e9m para flexibilizar as opera\u00e7\u00f5es log\u00edsticas de pe\u00e7as met\u00e1licas.<\/p>\n<p>A f\u00e1brica de Palmela conta atualmente com 5.282 colaboradores, dos quais 98% com v\u00ednculo permanente, o que se traduz num acr\u00e9scimo de 1.987 colaboradores face ao in\u00edcio do per\u00edodo de crescimento em 2017.<\/p>\n<p>Para Miguel Sanches, o novo ciclo da empresa \u201cinicia-se agora num clima de grande incerteza e vulnerabilidade global devido \u00e0 pandemia, e num contexto de mudan\u00e7a da ind\u00fastria autom\u00f3vel no qual teremos que encontrar argumentos para nos posicionarmos de forma competitiva em rela\u00e7\u00e3o \u00e0 concentra\u00e7\u00e3o de capacidade produtiva existente no centro da Europa e particularmente no norte de Espanha.\u201d Neste contexto, adianta que \u201ccontinuaremos com a agilidade de sempre a procurar transformar desafios em oportunidades.\u201d<\/p>\n","protected":false},"excerpt":{"rendered":"<p>A Volkswagen Autoeuropa encerrou em 2020&#8230;<\/p>\n","protected":false},"author":15,"featured_media":18990,"comment_status":"closed","ping_status":"closed","sticky":false,"template":"","format":"standard","meta":{"footnotes":""},"categories":[29],"tags":[2492],"class_list":["post-19044","post","type-post","status-publish","format-standard","has-post-thumbnail","hentry","category-empresas","tag-autoeuropa"],"yoast_head":"<!-- This site is optimized with the Yoast SEO plugin v27.5 - https:\/\/yoast.com\/product\/yoast-seo-wordpress\/ -->\n<title>Volkswagen Autoeuropa maior do que nunca - Jornal das Oficinas<\/title>\n<meta name=\"robots\" content=\"index, follow, max-snippet:-1, max-image-preview:large, max-video-preview:-1\" \/>\n<link rel=\"canonical\" href=\"https:\/\/jornaldasoficinas.com\/pt\/volkswagen-autoeuropa-maior-do-que-nunca\/\" \/>\n<meta property=\"og:locale\" content=\"pt_PT\" \/>\n<meta property=\"og:type\" content=\"article\" \/>\n<meta property=\"og:title\" content=\"Volkswagen Autoeuropa maior do que nunca - Jornal das Oficinas\" \/>\n<meta property=\"og:description\" content=\"A Volkswagen Autoeuropa encerrou em 2020...\" \/>\n<meta property=\"og:url\" content=\"https:\/\/jornaldasoficinas.com\/pt\/volkswagen-autoeuropa-maior-do-que-nunca\/\" \/>\n<meta property=\"og:site_name\" content=\"Jornal das Oficinas\" \/>\n<meta property=\"article:publisher\" content=\"https:\/\/www.facebook.com\/jornaloficinas\" \/>\n<meta property=\"article:published_time\" content=\"2021-03-04T10:00:50+00:00\" \/>\n<meta property=\"article:modified_time\" content=\"2023-07-20T15:05:51+00:00\" \/>\n<meta property=\"og:image\" content=\"https:\/\/jornaldasoficinas.com\/pt\/wp-content\/uploads\/2021\/03\/Volkswagen-Autoeuropa-maior-do-que-nunca.jpeg\" \/>\n\t<meta property=\"og:image:width\" content=\"1024\" \/>\n\t<meta property=\"og:image:height\" content=\"581\" \/>\n\t<meta property=\"og:image:type\" content=\"image\/jpeg\" \/>\n<meta name=\"author\" content=\"Reda\u00e7\u00e3o JO\" \/>\n<meta name=\"twitter:card\" content=\"summary_large_image\" \/>\n<meta name=\"twitter:creator\" content=\"@jornaloficinas\" \/>\n<meta name=\"twitter:site\" content=\"@jornaloficinas\" \/>\n<meta name=\"twitter:label1\" content=\"Escrito por\" \/>\n\t<meta name=\"twitter:data1\" content=\"Reda\u00e7\u00e3o JO\" \/>\n\t<meta name=\"twitter:label2\" content=\"Tempo estimado de leitura\" \/>\n\t<meta name=\"twitter:data2\" content=\"2 minutos\" \/>\n<script type=\"application\/ld+json\" class=\"yoast-schema-graph\">{\"@context\":\"https:\\\/\\\/schema.org\",\"@graph\":[{\"@type\":\"Article\",\"@id\":\"https:\\\/\\\/jornaldasoficinas.com\\\/pt\\\/volkswagen-autoeuropa-maior-do-que-nunca\\\/#article\",\"isPartOf\":{\"@id\":\"https:\\\/\\\/jornaldasoficinas.com\\\/pt\\\/volkswagen-autoeuropa-maior-do-que-nunca\\\/\"},\"author\":{\"name\":\"Reda\u00e7\u00e3o JO\",\"@id\":\"https:\\\/\\\/jornaldasoficinas.com\\\/pt\\\/#\\\/schema\\\/person\\\/a38eef5de2c41d9e7c9ac10141afddf3\"},\"headline\":\"Volkswagen Autoeuropa maior do que nunca\",\"datePublished\":\"2021-03-04T10:00:50+00:00\",\"dateModified\":\"2023-07-20T15:05:51+00:00\",\"mainEntityOfPage\":{\"@id\":\"https:\\\/\\\/jornaldasoficinas.com\\\/pt\\\/volkswagen-autoeuropa-maior-do-que-nunca\\\/\"},\"wordCount\":378,\"publisher\":{\"@id\":\"https:\\\/\\\/jornaldasoficinas.com\\\/pt\\\/#organization\"},\"image\":{\"@id\":\"https:\\\/\\\/jornaldasoficinas.com\\\/pt\\\/volkswagen-autoeuropa-maior-do-que-nunca\\\/#primaryimage\"},\"thumbnailUrl\":\"https:\\\/\\\/jornaldasoficinas.com\\\/pt\\\/wp-content\\\/uploads\\\/2021\\\/03\\\/Volkswagen-Autoeuropa-maior-do-que-nunca.jpeg\",\"keywords\":[\"Autoeuropa\"],\"articleSection\":[\"Empresas\"],\"inLanguage\":\"pt-PT\"},{\"@type\":\"WebPage\",\"@id\":\"https:\\\/\\\/jornaldasoficinas.com\\\/pt\\\/volkswagen-autoeuropa-maior-do-que-nunca\\\/\",\"url\":\"https:\\\/\\\/jornaldasoficinas.com\\\/pt\\\/volkswagen-autoeuropa-maior-do-que-nunca\\\/\",\"name\":\"Volkswagen Autoeuropa maior do que nunca - Jornal das Oficinas\",\"isPartOf\":{\"@id\":\"https:\\\/\\\/jornaldasoficinas.com\\\/pt\\\/#website\"},\"primaryImageOfPage\":{\"@id\":\"https:\\\/\\\/jornaldasoficinas.com\\\/pt\\\/volkswagen-autoeuropa-maior-do-que-nunca\\\/#primaryimage\"},\"image\":{\"@id\":\"https:\\\/\\\/jornaldasoficinas.com\\\/pt\\\/volkswagen-autoeuropa-maior-do-que-nunca\\\/#primaryimage\"},\"thumbnailUrl\":\"https:\\\/\\\/jornaldasoficinas.com\\\/pt\\\/wp-content\\\/uploads\\\/2021\\\/03\\\/Volkswagen-Autoeuropa-maior-do-que-nunca.jpeg\",\"datePublished\":\"2021-03-04T10:00:50+00:00\",\"dateModified\":\"2023-07-20T15:05:51+00:00\",\"breadcrumb\":{\"@id\":\"https:\\\/\\\/jornaldasoficinas.com\\\/pt\\\/volkswagen-autoeuropa-maior-do-que-nunca\\\/#breadcrumb\"},\"inLanguage\":\"pt-PT\",\"potentialAction\":[{\"@type\":\"ReadAction\",\"target\":[\"https:\\\/\\\/jornaldasoficinas.com\\\/pt\\\/volkswagen-autoeuropa-maior-do-que-nunca\\\/\"]}]},{\"@type\":\"ImageObject\",\"inLanguage\":\"pt-PT\",\"@id\":\"https:\\\/\\\/jornaldasoficinas.com\\\/pt\\\/volkswagen-autoeuropa-maior-do-que-nunca\\\/#primaryimage\",\"url\":\"https:\\\/\\\/jornaldasoficinas.com\\\/pt\\\/wp-content\\\/uploads\\\/2021\\\/03\\\/Volkswagen-Autoeuropa-maior-do-que-nunca.jpeg\",\"contentUrl\":\"https:\\\/\\\/jornaldasoficinas.com\\\/pt\\\/wp-content\\\/uploads\\\/2021\\\/03\\\/Volkswagen-Autoeuropa-maior-do-que-nunca.jpeg\",\"width\":1024,\"height\":581,\"caption\":\"03 - Volkswagen-Autoeuropa-maior-do-que-nunca\"},{\"@type\":\"BreadcrumbList\",\"@id\":\"https:\\\/\\\/jornaldasoficinas.com\\\/pt\\\/volkswagen-autoeuropa-maior-do-que-nunca\\\/#breadcrumb\",\"itemListElement\":[{\"@type\":\"ListItem\",\"position\":1,\"name\":\"In\u00edcio\",\"item\":\"https:\\\/\\\/jornaldasoficinas.com\\\/pt\\\/\"},{\"@type\":\"ListItem\",\"position\":2,\"name\":\"Volkswagen Autoeuropa maior do que nunca\"}]},{\"@type\":\"WebSite\",\"@id\":\"https:\\\/\\\/jornaldasoficinas.com\\\/pt\\\/#website\",\"url\":\"https:\\\/\\\/jornaldasoficinas.com\\\/pt\\\/\",\"name\":\"Jornal das Oficinas\",\"description\":\"Jornal independente do Aftermarket Autom\u00f3vel em Portugal\",\"publisher\":{\"@id\":\"https:\\\/\\\/jornaldasoficinas.com\\\/pt\\\/#organization\"},\"potentialAction\":[{\"@type\":\"SearchAction\",\"target\":{\"@type\":\"EntryPoint\",\"urlTemplate\":\"https:\\\/\\\/jornaldasoficinas.com\\\/pt\\\/?s={search_term_string}\"},\"query-input\":{\"@type\":\"PropertyValueSpecification\",\"valueRequired\":true,\"valueName\":\"search_term_string\"}}],\"inLanguage\":\"pt-PT\"},{\"@type\":\"Organization\",\"@id\":\"https:\\\/\\\/jornaldasoficinas.com\\\/pt\\\/#organization\",\"name\":\"Jornal das Oficinas\",\"url\":\"https:\\\/\\\/jornaldasoficinas.com\\\/pt\\\/\",\"logo\":{\"@type\":\"ImageObject\",\"inLanguage\":\"pt-PT\",\"@id\":\"https:\\\/\\\/jornaldasoficinas.com\\\/pt\\\/#\\\/schema\\\/logo\\\/image\\\/\",\"url\":\"https:\\\/\\\/jornaldasoficinas.com\\\/pt\\\/wp-content\\\/uploads\\\/logoJO-SEO.png\",\"contentUrl\":\"https:\\\/\\\/jornaldasoficinas.com\\\/pt\\\/wp-content\\\/uploads\\\/logoJO-SEO.png\",\"width\":285,\"height\":450,\"caption\":\"Jornal das Oficinas\"},\"image\":{\"@id\":\"https:\\\/\\\/jornaldasoficinas.com\\\/pt\\\/#\\\/schema\\\/logo\\\/image\\\/\"},\"sameAs\":[\"https:\\\/\\\/www.facebook.com\\\/jornaloficinas\",\"https:\\\/\\\/x.com\\\/jornaloficinas\",\"https:\\\/\\\/www.instagram.com\\\/jornal_oficinas\\\/\",\"https:\\\/\\\/www.linkedin.com\\\/company\\\/jornal-das-oficinas\\\/\",\"https:\\\/\\\/www.youtube.com\\\/channel\\\/UCbQZBqtcvV-oSQrr7RzINGg\"]},{\"@type\":\"Person\",\"@id\":\"https:\\\/\\\/jornaldasoficinas.com\\\/pt\\\/#\\\/schema\\\/person\\\/a38eef5de2c41d9e7c9ac10141afddf3\",\"name\":\"Reda\u00e7\u00e3o JO\",\"image\":{\"@type\":\"ImageObject\",\"inLanguage\":\"pt-PT\",\"@id\":\"https:\\\/\\\/secure.gravatar.com\\\/avatar\\\/71f2fa71737ad68a84fea94bc708ddac8ea5b0c4788dc2ad202f3ccb2887742f?s=96&d=wp_user_avatar&r=g\",\"url\":\"https:\\\/\\\/secure.gravatar.com\\\/avatar\\\/71f2fa71737ad68a84fea94bc708ddac8ea5b0c4788dc2ad202f3ccb2887742f?s=96&d=wp_user_avatar&r=g\",\"contentUrl\":\"https:\\\/\\\/secure.gravatar.com\\\/avatar\\\/71f2fa71737ad68a84fea94bc708ddac8ea5b0c4788dc2ad202f3ccb2887742f?s=96&d=wp_user_avatar&r=g\",\"caption\":\"Reda\u00e7\u00e3o JO\"},\"url\":\"https:\\\/\\\/jornaldasoficinas.com\\\/pt\\\/author\\\/joredacao\\\/\"}]}<\/script>\n<!-- \/ Yoast SEO plugin. -->","yoast_head_json":{"title":"Volkswagen Autoeuropa maior do que nunca - Jornal das Oficinas","robots":{"index":"index","follow":"follow","max-snippet":"max-snippet:-1","max-image-preview":"max-image-preview:large","max-video-preview":"max-video-preview:-1"},"canonical":"https:\/\/jornaldasoficinas.com\/pt\/volkswagen-autoeuropa-maior-do-que-nunca\/","og_locale":"pt_PT","og_type":"article","og_title":"Volkswagen Autoeuropa maior do que nunca - Jornal das Oficinas","og_description":"A Volkswagen Autoeuropa encerrou em 2020...","og_url":"https:\/\/jornaldasoficinas.com\/pt\/volkswagen-autoeuropa-maior-do-que-nunca\/","og_site_name":"Jornal das Oficinas","article_publisher":"https:\/\/www.facebook.com\/jornaloficinas","article_published_time":"2021-03-04T10:00:50+00:00","article_modified_time":"2023-07-20T15:05:51+00:00","og_image":[{"width":1024,"height":581,"url":"https:\/\/jornaldasoficinas.com\/pt\/wp-content\/uploads\/2021\/03\/Volkswagen-Autoeuropa-maior-do-que-nunca.jpeg","type":"image\/jpeg"}],"author":"Reda\u00e7\u00e3o JO","twitter_card":"summary_large_image","twitter_creator":"@jornaloficinas","twitter_site":"@jornaloficinas","twitter_misc":{"Escrito por":"Reda\u00e7\u00e3o JO","Tempo estimado de leitura":"2 minutos"},"schema":{"@context":"https:\/\/schema.org","@graph":[{"@type":"Article","@id":"https:\/\/jornaldasoficinas.com\/pt\/volkswagen-autoeuropa-maior-do-que-nunca\/#article","isPartOf":{"@id":"https:\/\/jornaldasoficinas.com\/pt\/volkswagen-autoeuropa-maior-do-que-nunca\/"},"author":{"name":"Reda\u00e7\u00e3o JO","@id":"https:\/\/jornaldasoficinas.com\/pt\/#\/schema\/person\/a38eef5de2c41d9e7c9ac10141afddf3"},"headline":"Volkswagen Autoeuropa maior do que nunca","datePublished":"2021-03-04T10:00:50+00:00","dateModified":"2023-07-20T15:05:51+00:00","mainEntityOfPage":{"@id":"https:\/\/jornaldasoficinas.com\/pt\/volkswagen-autoeuropa-maior-do-que-nunca\/"},"wordCount":378,"publisher":{"@id":"https:\/\/jornaldasoficinas.com\/pt\/#organization"},"image":{"@id":"https:\/\/jornaldasoficinas.com\/pt\/volkswagen-autoeuropa-maior-do-que-nunca\/#primaryimage"},"thumbnailUrl":"https:\/\/jornaldasoficinas.com\/pt\/wp-content\/uploads\/2021\/03\/Volkswagen-Autoeuropa-maior-do-que-nunca.jpeg","keywords":["Autoeuropa"],"articleSection":["Empresas"],"inLanguage":"pt-PT"},{"@type":"WebPage","@id":"https:\/\/jornaldasoficinas.com\/pt\/volkswagen-autoeuropa-maior-do-que-nunca\/","url":"https:\/\/jornaldasoficinas.com\/pt\/volkswagen-autoeuropa-maior-do-que-nunca\/","name":"Volkswagen Autoeuropa maior do que nunca - Jornal das Oficinas","isPartOf":{"@id":"https:\/\/jornaldasoficinas.com\/pt\/#website"},"primaryImageOfPage":{"@id":"https:\/\/jornaldasoficinas.com\/pt\/volkswagen-autoeuropa-maior-do-que-nunca\/#primaryimage"},"image":{"@id":"https:\/\/jornaldasoficinas.com\/pt\/volkswagen-autoeuropa-maior-do-que-nunca\/#primaryimage"},"thumbnailUrl":"https:\/\/jornaldasoficinas.com\/pt\/wp-content\/uploads\/2021\/03\/Volkswagen-Autoeuropa-maior-do-que-nunca.jpeg","datePublished":"2021-03-04T10:00:50+00:00","dateModified":"2023-07-20T15:05:51+00:00","breadcrumb":{"@id":"https:\/\/jornaldasoficinas.com\/pt\/volkswagen-autoeuropa-maior-do-que-nunca\/#breadcrumb"},"inLanguage":"pt-PT","potentialAction":[{"@type":"ReadAction","target":["https:\/\/jornaldasoficinas.com\/pt\/volkswagen-autoeuropa-maior-do-que-nunca\/"]}]},{"@type":"ImageObject","inLanguage":"pt-PT","@id":"https:\/\/jornaldasoficinas.com\/pt\/volkswagen-autoeuropa-maior-do-que-nunca\/#primaryimage","url":"https:\/\/jornaldasoficinas.com\/pt\/wp-content\/uploads\/2021\/03\/Volkswagen-Autoeuropa-maior-do-que-nunca.jpeg","contentUrl":"https:\/\/jornaldasoficinas.com\/pt\/wp-content\/uploads\/2021\/03\/Volkswagen-Autoeuropa-maior-do-que-nunca.jpeg","width":1024,"height":581,"caption":"03 - Volkswagen-Autoeuropa-maior-do-que-nunca"},{"@type":"BreadcrumbList","@id":"https:\/\/jornaldasoficinas.com\/pt\/volkswagen-autoeuropa-maior-do-que-nunca\/#breadcrumb","itemListElement":[{"@type":"ListItem","position":1,"name":"In\u00edcio","item":"https:\/\/jornaldasoficinas.com\/pt\/"},{"@type":"ListItem","position":2,"name":"Volkswagen Autoeuropa maior do que nunca"}]},{"@type":"WebSite","@id":"https:\/\/jornaldasoficinas.com\/pt\/#website","url":"https:\/\/jornaldasoficinas.com\/pt\/","name":"Jornal das Oficinas","description":"Jornal independente do Aftermarket Autom\u00f3vel em Portugal","publisher":{"@id":"https:\/\/jornaldasoficinas.com\/pt\/#organization"},"potentialAction":[{"@type":"SearchAction","target":{"@type":"EntryPoint","urlTemplate":"https:\/\/jornaldasoficinas.com\/pt\/?s={search_term_string}"},"query-input":{"@type":"PropertyValueSpecification","valueRequired":true,"valueName":"search_term_string"}}],"inLanguage":"pt-PT"},{"@type":"Organization","@id":"https:\/\/jornaldasoficinas.com\/pt\/#organization","name":"Jornal das Oficinas","url":"https:\/\/jornaldasoficinas.com\/pt\/","logo":{"@type":"ImageObject","inLanguage":"pt-PT","@id":"https:\/\/jornaldasoficinas.com\/pt\/#\/schema\/logo\/image\/","url":"https:\/\/jornaldasoficinas.com\/pt\/wp-content\/uploads\/logoJO-SEO.png","contentUrl":"https:\/\/jornaldasoficinas.com\/pt\/wp-content\/uploads\/logoJO-SEO.png","width":285,"height":450,"caption":"Jornal das Oficinas"},"image":{"@id":"https:\/\/jornaldasoficinas.com\/pt\/#\/schema\/logo\/image\/"},"sameAs":["https:\/\/www.facebook.com\/jornaloficinas","https:\/\/x.com\/jornaloficinas","https:\/\/www.instagram.com\/jornal_oficinas\/","https:\/\/www.linkedin.com\/company\/jornal-das-oficinas\/","https:\/\/www.youtube.com\/channel\/UCbQZBqtcvV-oSQrr7RzINGg"]},{"@type":"Person","@id":"https:\/\/jornaldasoficinas.com\/pt\/#\/schema\/person\/a38eef5de2c41d9e7c9ac10141afddf3","name":"Reda\u00e7\u00e3o JO","image":{"@type":"ImageObject","inLanguage":"pt-PT","@id":"https:\/\/secure.gravatar.com\/avatar\/71f2fa71737ad68a84fea94bc708ddac8ea5b0c4788dc2ad202f3ccb2887742f?s=96&d=wp_user_avatar&r=g","url":"https:\/\/secure.gravatar.com\/avatar\/71f2fa71737ad68a84fea94bc708ddac8ea5b0c4788dc2ad202f3ccb2887742f?s=96&d=wp_user_avatar&r=g","contentUrl":"https:\/\/secure.gravatar.com\/avatar\/71f2fa71737ad68a84fea94bc708ddac8ea5b0c4788dc2ad202f3ccb2887742f?s=96&d=wp_user_avatar&r=g","caption":"Reda\u00e7\u00e3o JO"},"url":"https:\/\/jornaldasoficinas.com\/pt\/author\/joredacao\/"}]}},"_links":{"self":[{"href":"https:\/\/jornaldasoficinas.com\/pt\/wp-json\/wp\/v2\/posts\/19044","targetHints":{"allow":["GET"]}}],"collection":[{"href":"https:\/\/jornaldasoficinas.com\/pt\/wp-json\/wp\/v2\/posts"}],"about":[{"href":"https:\/\/jornaldasoficinas.com\/pt\/wp-json\/wp\/v2\/types\/post"}],"author":[{"embeddable":true,"href":"https:\/\/jornaldasoficinas.com\/pt\/wp-json\/wp\/v2\/users\/15"}],"replies":[{"embeddable":true,"href":"https:\/\/jornaldasoficinas.com\/pt\/wp-json\/wp\/v2\/comments?post=19044"}],"version-history":[{"count":0,"href":"https:\/\/jornaldasoficinas.com\/pt\/wp-json\/wp\/v2\/posts\/19044\/revisions"}],"wp:featuredmedia":[{"embeddable":true,"href":"https:\/\/jornaldasoficinas.com\/pt\/wp-json\/wp\/v2\/media\/18990"}],"wp:attachment":[{"href":"https:\/\/jornaldasoficinas.com\/pt\/wp-json\/wp\/v2\/media?parent=19044"}],"wp:term":[{"taxonomy":"category","embeddable":true,"href":"https:\/\/jornaldasoficinas.com\/pt\/wp-json\/wp\/v2\/categories?post=19044"},{"taxonomy":"post_tag","embeddable":true,"href":"https:\/\/jornaldasoficinas.com\/pt\/wp-json\/wp\/v2\/tags?post=19044"}],"curies":[{"name":"wp","href":"https:\/\/api.w.org\/{rel}","templated":true}]}}