{"id":19312,"date":"2021-03-15T10:00:09","date_gmt":"2021-03-15T10:00:09","guid":{"rendered":"https:\/\/jornaldasoficinas.com\/pt\/?p=19312"},"modified":"2021-03-16T14:59:34","modified_gmt":"2021-03-16T14:59:34","slug":"fuchs-e-garagem-aurora-iniciam-parceria","status":"publish","type":"post","link":"https:\/\/jornaldasoficinas.com\/pt\/fuchs-e-garagem-aurora-iniciam-parceria\/","title":{"rendered":"FUCHS e Garagem Aurora iniciam parceria"},"content":{"rendered":"<p><img loading=\"lazy\" decoding=\"async\" class=\"alignnone wp-image-19302 size-full\" src=\"https:\/\/jornaldasoficinas.com\/pt\/wp-content\/uploads\/2021\/03\/FUCHS-e-Garagem-Aurora.jpg\" alt=\"03 - FUCHS-e-Garagem-Aurora\" width=\"1024\" height=\"581\" srcset=\"https:\/\/jornaldasoficinas.com\/pt\/wp-content\/uploads\/2021\/03\/FUCHS-e-Garagem-Aurora.jpg 1024w, https:\/\/jornaldasoficinas.com\/pt\/wp-content\/uploads\/2021\/03\/FUCHS-e-Garagem-Aurora-300x170.jpg 300w, https:\/\/jornaldasoficinas.com\/pt\/wp-content\/uploads\/2021\/03\/FUCHS-e-Garagem-Aurora-150x85.jpg 150w, https:\/\/jornaldasoficinas.com\/pt\/wp-content\/uploads\/2021\/03\/FUCHS-e-Garagem-Aurora-768x436.jpg 768w\" sizes=\"auto, (max-width: 1024px) 100vw, 1024px\" \/><\/p>\n<p><strong>Os autom\u00f3veis de competi\u00e7\u00e3o Porsche, preparados pela lend\u00e1ria Garagem Aurora, v\u00e3o correr, a partir de agora, com os \u00f3leos de alta performance da FUCHS.<\/strong><\/p>\n<p>E mais: A oficina do \u201cMestre Eduardo\u201d passa a lubrificar todas as viaturas da marca \u2013 recentes, cl\u00e1ssicas e de competi\u00e7\u00e3o \u2013 com os produtos da FUCHS Lubrificantes, desde \u00f3leos de motor, caixa de velocidades, diferenciais e de trav\u00f5es at\u00e9 outros lubrificantes para as mais diversas utiliza\u00e7\u00f5es.<\/p>\n<p>Para al\u00e9m disso, recebe todo o know-how t\u00e9cnico do maior fabricante independente de lubrificantes do mundo. \u00abNotamos que a FUCHS realmente se preocupa com a forma como os seus produtos s\u00e3o utilizados. Olha para n\u00f3s como parceiros t\u00e9cnicos\u00bb, comenta Eduardo Santos, o filho do \u201cMestre Eduardo\u201d, a nova parceria, e acrescenta: \u00abNesta nova parceria, est\u00e3o muito empenhados em nos fornecer, de forma dedicada e profissional, os melhores lubrificantes. Esta abordagem muito especializada tem uma grande import\u00e2ncia nos carros de corridas. O apoio t\u00e9cnico e comercial, sempre dispon\u00edvel \u00e0 dist\u00e2ncia de uma chamada, \u00e9 tamb\u00e9m muito importante para n\u00f3s.\u00bb<\/p>\n<p>Foi h\u00e1 12 anos que Eduardo Santos assumiu a ger\u00eancia da Garagem Aurora do seu pai com o mesmo nome, mas conhecido e reconhecido no meio por \u201cMestre Eduardo\u201d. Assinou a parceria com a FUCHS que liga os 90 anos de experi\u00eancia em lubrificantes da marca alem\u00e3 com os 75 anos de experi\u00eancia em autom\u00f3veis Porsche da Garagem Aurora que, ap\u00f3s o inc\u00eandio devastador h\u00e1 30 anos, mudou da Foz do Douro para a Zona Industrial do Porto.<\/p>\n<p>\u00abEsta parceria com um dos mais prestigiados preparadores de autom\u00f3veis de corrida e especialista da marca Porsche alinha perfeitamente com a nossa estrat\u00e9gia\u00bb, explica Andr\u00e9 Castro Pinheiro, o diretor da divis\u00e3o autom\u00f3vel da FUCHS, que considera que esta uni\u00e3o \u00abfaz todo o sentido porque a FUCHS \u00e9 a marca dos profissionais. Assim, a parceria \u00e9 uma excelente forma de comprovarmos e real\u00e7armos a qualidade dos nossos lubrificantes. \u00c9 em competi\u00e7\u00e3o e nos autom\u00f3veis desportivos que surgem as maiores exig\u00eancias aos componentes e lubrificantes e, por isso, \u00e9 uma \u00f3tima forma de testar, em condi\u00e7\u00f5es extremas, os nossos lubrificantes. Pretendemos estabelecer com a Garagem Aurora uma verdadeira parceria t\u00e9cnica, de aconselhamento m\u00fatuo e troca de informa\u00e7\u00f5es sobre a aplica\u00e7\u00e3o e utiliza\u00e7\u00e3o de lubrificantes.\u00bb<\/p>\n<div class=\"wonderplugingallery-container\" id=\"wonderplugingallery-container-47\" style=\"max-width:960px;margin:0 auto;\"><div class=\"wonderplugingallery\" id=\"wonderplugingallery-47\" data-galleryid=\"47\" data-width=\"960\" data-height=\"540\" data-skin=\"gallery\" data-playsinline=\"false\" data-mutevideo=\"false\" data-random=\"false\" data-autoslide=\"false\" data-autoplayvideo=\"false\" data-schemamarkup=\"false\" data-stopallplaying=\"false\" data-reloadonvideoend=\"false\" data-donotuseposter=\"false\" data-enabletabindex=\"false\" data-loadnextonvideoend=\"false\" data-hidetitlewhenvideoisplaying=\"false\" data-disablehovereventontouch=\"false\" data-autoslideandplayafterfirstplayed=\"false\" data-html5player=\"true\" data-responsive=\"true\" data-fullwidth=\"false\" data-showtitle=\"true\" data-showdescription=\"true\" data-showplaybutton=\"true\" data-showfullscreenbutton=\"true\" data-showtimer=\"true\" data-showcarousel=\"true\" data-galleryshadow=\"false\" data-slideshadow=\"true\" data-thumbshowtitle=\"false\" data-thumbshadow=\"true\" data-lightboxshowtitle=\"true\" data-lightboxshowdescription=\"true\" data-specifyid=\"true\" data-donotinit=\"false\" data-addinitscript=\"false\" data-triggerresize=\"false\" data-thumbcolumnsresponsive=\"false\" data-thumbverticalmiddle=\"true\" data-removeinlinecss=\"true\" data-switchonmouseover=\"false\" data-showcategory=\"true\" data-showimgtitle=\"false\" data-titlesmallscreen=\"false\" data-initsocial=\"true\" data-showsocial=\"false\" data-showemail=\"false\" data-showfacebook=\"true\" data-showtwitter=\"true\" data-showpinterest=\"true\" data-socialrotateeffect=\"true\" data-doshortcodeontext=\"false\" data-loop=\"0\" data-duration=\"1500\" data-slideduration=\"1000\" data-slideshowinterval=\"6000\" data-googleanalyticsaccount=\"\" data-resizemode=\"fill\" data-imagetoolboxmode=\"mouseover\" data-effect=\"fade\" data-padding=\"12\" data-bgcolor=\"\" data-bgimage=\"\" data-thumbwidth=\"120\" data-thumbheight=\"60\" data-thumbgap=\"8\" data-thumbrowgap=\"16\" data-lightboxtextheight=\"72\" data-lightboxtitlecss=\"{color:#333333; font:bold 12px Arial,Helvetica,sans-serif; overflow:hidden; white-space:normal; line-height:18px;}\" data-lightboxdescriptioncss=\"{color:#333333; font:normal 12px Arial,Helvetica,sans-serif; overflow:hidden; white-space:normal; line-height:14px;}\" data-titlecss=\"{color:#ffffff; font-size:14px; font-family:Armata, sans-serif, Arial; overflow:hidden; text-align:left; padding:10px 0px 10px 10px; background:rgb(102, 102, 102) transparent; background:rgba(102, 102, 102, 0.6);}\" data-descriptioncss=\"{color:#ffffff; font-size:13px; font-family:Armata, sans-serif, Arial; overflow:hidden; text-align:left; padding:0px 0px 10px 10px; background:rgb(102, 102, 102) transparent; background:rgba(102, 102, 102, 0.6);}\" data-titleheight=\"72\" data-titlesmallscreenwidth=\"640\" data-titleheightsmallscreen=\"148\" data-socialmode=\"mouseover\" data-socialposition=\"position:absolute;top:8px;right:8px;\" data-socialpositionlightbox=\"position:absolute;top:8px;right:8px;\" data-socialdirection=\"horizontal\" data-socialbuttonsize=\"32\" data-socialbuttonfontsize=\"18\" data-defaultvideovolume=\"1\" data-thumbtitleheight=\"24\" data-thumbmediumtitleheight=\"48\" data-thumbsmalltitleheight=\"72\" data-categoryheight=\"36\" data-categorydefault=\"all\" data-triggerresizedelay=\"100\" data-thumbmediumsize=\"800\" data-thumbsmallsize=\"480\" data-thumbmediumwidth=\"64\" data-thumbmediumheight=\"64\" data-thumbsmallwidth=\"48\" data-thumbsmallheight=\"48\" data-imgtitle=\"title\" data-categorystyle=\"dropdown\" data-categorylist=\"[{&quot;slug&quot;:&quot;all&quot;,&quot;caption&quot;:&quot;Show All&quot;}]\" data-jsfolder=\"https:\/\/jornaldasoficinas.com\/pt\/wp-content\/plugins\/wonderplugin-gallery\/engine\/\" style=\"display:none;\" ><a class=\"html5galleryimglink\" href=\"https:\/\/jornaldasoficinas.com\/pt\/wp-content\/uploads\/2021\/03\/FUCHS e Garagem Aurora\/FUCHS-e-Garagem-Aurora-Eduardo-Santos-com-o-seu-pai-Mestre-Eduardo1-1024x480.jpg\" data-mediatype=1><img decoding=\"async\" class=\"html5galleryimg html5gallery-tn-image\" src=\"https:\/\/jornaldasoficinas.com\/pt\/wp-content\/uploads\/2021\/03\/FUCHS e Garagem Aurora\/FUCHS-e-Garagem-Aurora-Eduardo-Santos-com-o-seu-pai-Mestre-Eduardo1-1024x480.jpg\" alt=\"\"><\/a><div class=\"html5gallery-info\"><\/div><a class=\"html5galleryimglink\" href=\"https:\/\/jornaldasoficinas.com\/pt\/wp-content\/uploads\/2021\/03\/FUCHS e Garagem Aurora\/FUCHS-e-Garagem-Aurora-Eduardo-Santos-com-o-seu-pai-Mestre-Eduardo1-130x90.jpg\" data-mediatype=1><img decoding=\"async\" class=\"html5galleryimg html5gallery-tn-image\" src=\"https:\/\/jornaldasoficinas.com\/pt\/wp-content\/uploads\/2021\/03\/FUCHS e Garagem Aurora\/FUCHS-e-Garagem-Aurora-Eduardo-Santos-com-o-seu-pai-Mestre-Eduardo1-130x90.jpg\" alt=\"\"><\/a><div class=\"html5gallery-info\"><\/div><a class=\"html5galleryimglink\" href=\"https:\/\/jornaldasoficinas.com\/pt\/wp-content\/uploads\/2021\/03\/FUCHS e Garagem Aurora\/FUCHS-e-Garagem-Aurora-Eduardo-Santos-com-o-seu-pai-Mestre-Eduardo1-150x150.jpg\" data-mediatype=1><img decoding=\"async\" class=\"html5galleryimg html5gallery-tn-image\" src=\"https:\/\/jornaldasoficinas.com\/pt\/wp-content\/uploads\/2021\/03\/FUCHS e Garagem Aurora\/FUCHS-e-Garagem-Aurora-Eduardo-Santos-com-o-seu-pai-Mestre-Eduardo1-150x150.jpg\" alt=\"\"><\/a><div class=\"html5gallery-info\"><\/div><a class=\"html5galleryimglink\" href=\"https:\/\/jornaldasoficinas.com\/pt\/wp-content\/uploads\/2021\/03\/FUCHS e Garagem Aurora\/FUCHS-e-Garagem-Aurora-Eduardo-Santos-com-o-seu-pai-Mestre-Eduardo1-150x85.jpg\" data-mediatype=1><img decoding=\"async\" class=\"html5galleryimg html5gallery-tn-image\" src=\"https:\/\/jornaldasoficinas.com\/pt\/wp-content\/uploads\/2021\/03\/FUCHS e Garagem Aurora\/FUCHS-e-Garagem-Aurora-Eduardo-Santos-com-o-seu-pai-Mestre-Eduardo1-150x85.jpg\" alt=\"\"><\/a><div class=\"html5gallery-info\"><\/div><a class=\"html5galleryimglink\" href=\"https:\/\/jornaldasoficinas.com\/pt\/wp-content\/uploads\/2021\/03\/FUCHS e Garagem Aurora\/FUCHS-e-Garagem-Aurora-Eduardo-Santos-com-o-seu-pai-Mestre-Eduardo1-285x450.jpg\" data-mediatype=1><img decoding=\"async\" class=\"html5galleryimg html5gallery-tn-image\" src=\"https:\/\/jornaldasoficinas.com\/pt\/wp-content\/uploads\/2021\/03\/FUCHS e Garagem Aurora\/FUCHS-e-Garagem-Aurora-Eduardo-Santos-com-o-seu-pai-Mestre-Eduardo1-285x450.jpg\" alt=\"\"><\/a><div class=\"html5gallery-info\"><\/div><a class=\"html5galleryimglink\" href=\"https:\/\/jornaldasoficinas.com\/pt\/wp-content\/uploads\/2021\/03\/FUCHS e Garagem Aurora\/FUCHS-e-Garagem-Aurora-Eduardo-Santos-com-o-seu-pai-Mestre-Eduardo1-300x170.jpg\" data-mediatype=1><img decoding=\"async\" class=\"html5galleryimg html5gallery-tn-image\" src=\"https:\/\/jornaldasoficinas.com\/pt\/wp-content\/uploads\/2021\/03\/FUCHS e Garagem Aurora\/FUCHS-e-Garagem-Aurora-Eduardo-Santos-com-o-seu-pai-Mestre-Eduardo1-300x170.jpg\" alt=\"\"><\/a><div class=\"html5gallery-info\"><\/div><a class=\"html5galleryimglink\" href=\"https:\/\/jornaldasoficinas.com\/pt\/wp-content\/uploads\/2021\/03\/FUCHS e Garagem Aurora\/FUCHS-e-Garagem-Aurora-Eduardo-Santos-com-o-seu-pai-Mestre-Eduardo1-390x205.jpg\" data-mediatype=1><img decoding=\"async\" class=\"html5galleryimg html5gallery-tn-image\" src=\"https:\/\/jornaldasoficinas.com\/pt\/wp-content\/uploads\/2021\/03\/FUCHS e Garagem Aurora\/FUCHS-e-Garagem-Aurora-Eduardo-Santos-com-o-seu-pai-Mestre-Eduardo1-390x205.jpg\" alt=\"\"><\/a><div class=\"html5gallery-info\"><\/div><a class=\"html5galleryimglink\" href=\"https:\/\/jornaldasoficinas.com\/pt\/wp-content\/uploads\/2021\/03\/FUCHS e Garagem Aurora\/FUCHS-e-Garagem-Aurora-Eduardo-Santos-com-o-seu-pai-Mestre-Eduardo1-392x272.jpg\" data-mediatype=1><img decoding=\"async\" class=\"html5galleryimg html5gallery-tn-image\" src=\"https:\/\/jornaldasoficinas.com\/pt\/wp-content\/uploads\/2021\/03\/FUCHS e Garagem Aurora\/FUCHS-e-Garagem-Aurora-Eduardo-Santos-com-o-seu-pai-Mestre-Eduardo1-392x272.jpg\" alt=\"\"><\/a><div class=\"html5gallery-info\"><\/div><a class=\"html5galleryimglink\" href=\"https:\/\/jornaldasoficinas.com\/pt\/wp-content\/uploads\/2021\/03\/FUCHS e Garagem Aurora\/FUCHS-e-Garagem-Aurora-Eduardo-Santos-com-o-seu-pai-Mestre-Eduardo1-575x198.jpg\" data-mediatype=1><img decoding=\"async\" class=\"html5galleryimg html5gallery-tn-image\" src=\"https:\/\/jornaldasoficinas.com\/pt\/wp-content\/uploads\/2021\/03\/FUCHS e Garagem Aurora\/FUCHS-e-Garagem-Aurora-Eduardo-Santos-com-o-seu-pai-Mestre-Eduardo1-575x198.jpg\" alt=\"\"><\/a><div class=\"html5gallery-info\"><\/div><a class=\"html5galleryimglink\" href=\"https:\/\/jornaldasoficinas.com\/pt\/wp-content\/uploads\/2021\/03\/FUCHS e Garagem Aurora\/FUCHS-e-Garagem-Aurora-Eduardo-Santos-com-o-seu-pai-Mestre-Eduardo1-600x417.jpg\" data-mediatype=1><img decoding=\"async\" class=\"html5galleryimg html5gallery-tn-image\" src=\"https:\/\/jornaldasoficinas.com\/pt\/wp-content\/uploads\/2021\/03\/FUCHS e Garagem Aurora\/FUCHS-e-Garagem-Aurora-Eduardo-Santos-com-o-seu-pai-Mestre-Eduardo1-600x417.jpg\" alt=\"\"><\/a><div class=\"html5gallery-info\"><\/div><a class=\"html5galleryimglink\" href=\"https:\/\/jornaldasoficinas.com\/pt\/wp-content\/uploads\/2021\/03\/FUCHS e Garagem Aurora\/FUCHS-e-Garagem-Aurora-Eduardo-Santos-com-o-seu-pai-Mestre-Eduardo1-768x436.jpg\" data-mediatype=1><img decoding=\"async\" class=\"html5galleryimg html5gallery-tn-image\" src=\"https:\/\/jornaldasoficinas.com\/pt\/wp-content\/uploads\/2021\/03\/FUCHS e Garagem Aurora\/FUCHS-e-Garagem-Aurora-Eduardo-Santos-com-o-seu-pai-Mestre-Eduardo1-768x436.jpg\" alt=\"\"><\/a><div class=\"html5gallery-info\"><\/div><a class=\"html5galleryimglink\" href=\"https:\/\/jornaldasoficinas.com\/pt\/wp-content\/uploads\/2021\/03\/FUCHS e Garagem Aurora\/FUCHS-e-Garagem-Aurora-Eduardo-Santos-com-o-seu-pai-Mestre-Eduardo1-800x445.jpg\" data-mediatype=1><img decoding=\"async\" class=\"html5galleryimg html5gallery-tn-image\" src=\"https:\/\/jornaldasoficinas.com\/pt\/wp-content\/uploads\/2021\/03\/FUCHS e Garagem Aurora\/FUCHS-e-Garagem-Aurora-Eduardo-Santos-com-o-seu-pai-Mestre-Eduardo1-800x445.jpg\" alt=\"\"><\/a><div class=\"html5gallery-info\"><\/div><a class=\"html5galleryimglink\" href=\"https:\/\/jornaldasoficinas.com\/pt\/wp-content\/uploads\/2021\/03\/FUCHS e Garagem Aurora\/FUCHS-e-Garagem-Aurora-Eduardo-Santos-com-o-seu-pai-Mestre-Eduardo1.jpg\" data-mediatype=1><img decoding=\"async\" class=\"html5galleryimg html5gallery-tn-image\" src=\"https:\/\/jornaldasoficinas.com\/pt\/wp-content\/uploads\/2021\/03\/FUCHS e Garagem Aurora\/FUCHS-e-Garagem-Aurora-Eduardo-Santos-com-o-seu-pai-Mestre-Eduardo1.jpg\" alt=\"\"><\/a><div class=\"html5gallery-info\"><\/div><a class=\"html5galleryimglink\" href=\"https:\/\/jornaldasoficinas.com\/pt\/wp-content\/uploads\/2021\/03\/FUCHS e Garagem Aurora\/FUCHS-e-Garagem-Aurora1-1024x480.jpg\" data-mediatype=1><img decoding=\"async\" class=\"html5galleryimg html5gallery-tn-image\" src=\"https:\/\/jornaldasoficinas.com\/pt\/wp-content\/uploads\/2021\/03\/FUCHS e Garagem Aurora\/FUCHS-e-Garagem-Aurora1-1024x480.jpg\" alt=\"\"><\/a><div class=\"html5gallery-info\"><\/div><a class=\"html5galleryimglink\" href=\"https:\/\/jornaldasoficinas.com\/pt\/wp-content\/uploads\/2021\/03\/FUCHS e Garagem Aurora\/FUCHS-e-Garagem-Aurora1-130x90.jpg\" data-mediatype=1><img decoding=\"async\" class=\"html5galleryimg html5gallery-tn-image\" src=\"https:\/\/jornaldasoficinas.com\/pt\/wp-content\/uploads\/2021\/03\/FUCHS e Garagem Aurora\/FUCHS-e-Garagem-Aurora1-130x90.jpg\" alt=\"\"><\/a><div class=\"html5gallery-info\"><\/div><a class=\"html5galleryimglink\" href=\"https:\/\/jornaldasoficinas.com\/pt\/wp-content\/uploads\/2021\/03\/FUCHS e Garagem Aurora\/FUCHS-e-Garagem-Aurora1-150x150.jpg\" data-mediatype=1><img decoding=\"async\" class=\"html5galleryimg html5gallery-tn-image\" src=\"https:\/\/jornaldasoficinas.com\/pt\/wp-content\/uploads\/2021\/03\/FUCHS e Garagem Aurora\/FUCHS-e-Garagem-Aurora1-150x150.jpg\" alt=\"\"><\/a><div class=\"html5gallery-info\"><\/div><a class=\"html5galleryimglink\" href=\"https:\/\/jornaldasoficinas.com\/pt\/wp-content\/uploads\/2021\/03\/FUCHS e Garagem Aurora\/FUCHS-e-Garagem-Aurora1-150x85.jpg\" data-mediatype=1><img decoding=\"async\" class=\"html5galleryimg html5gallery-tn-image\" src=\"https:\/\/jornaldasoficinas.com\/pt\/wp-content\/uploads\/2021\/03\/FUCHS e Garagem Aurora\/FUCHS-e-Garagem-Aurora1-150x85.jpg\" alt=\"\"><\/a><div class=\"html5gallery-info\"><\/div><a class=\"html5galleryimglink\" href=\"https:\/\/jornaldasoficinas.com\/pt\/wp-content\/uploads\/2021\/03\/FUCHS e Garagem Aurora\/FUCHS-e-Garagem-Aurora1-285x450.jpg\" data-mediatype=1><img decoding=\"async\" class=\"html5galleryimg html5gallery-tn-image\" src=\"https:\/\/jornaldasoficinas.com\/pt\/wp-content\/uploads\/2021\/03\/FUCHS e Garagem Aurora\/FUCHS-e-Garagem-Aurora1-285x450.jpg\" alt=\"\"><\/a><div class=\"html5gallery-info\"><\/div><a class=\"html5galleryimglink\" href=\"https:\/\/jornaldasoficinas.com\/pt\/wp-content\/uploads\/2021\/03\/FUCHS e Garagem Aurora\/FUCHS-e-Garagem-Aurora1-300x170.jpg\" data-mediatype=1><img decoding=\"async\" class=\"html5galleryimg html5gallery-tn-image\" src=\"https:\/\/jornaldasoficinas.com\/pt\/wp-content\/uploads\/2021\/03\/FUCHS e Garagem Aurora\/FUCHS-e-Garagem-Aurora1-300x170.jpg\" alt=\"\"><\/a><div class=\"html5gallery-info\"><\/div><a class=\"html5galleryimglink\" href=\"https:\/\/jornaldasoficinas.com\/pt\/wp-content\/uploads\/2021\/03\/FUCHS e Garagem Aurora\/FUCHS-e-Garagem-Aurora1-390x205.jpg\" data-mediatype=1><img decoding=\"async\" class=\"html5galleryimg html5gallery-tn-image\" src=\"https:\/\/jornaldasoficinas.com\/pt\/wp-content\/uploads\/2021\/03\/FUCHS e Garagem Aurora\/FUCHS-e-Garagem-Aurora1-390x205.jpg\" alt=\"\"><\/a><div class=\"html5gallery-info\"><\/div><a class=\"html5galleryimglink\" href=\"https:\/\/jornaldasoficinas.com\/pt\/wp-content\/uploads\/2021\/03\/FUCHS e Garagem Aurora\/FUCHS-e-Garagem-Aurora1-392x272.jpg\" data-mediatype=1><img decoding=\"async\" class=\"html5galleryimg html5gallery-tn-image\" src=\"https:\/\/jornaldasoficinas.com\/pt\/wp-content\/uploads\/2021\/03\/FUCHS e Garagem Aurora\/FUCHS-e-Garagem-Aurora1-392x272.jpg\" alt=\"\"><\/a><div class=\"html5gallery-info\"><\/div><a class=\"html5galleryimglink\" href=\"https:\/\/jornaldasoficinas.com\/pt\/wp-content\/uploads\/2021\/03\/FUCHS e Garagem Aurora\/FUCHS-e-Garagem-Aurora1-575x198.jpg\" data-mediatype=1><img decoding=\"async\" class=\"html5galleryimg html5gallery-tn-image\" src=\"https:\/\/jornaldasoficinas.com\/pt\/wp-content\/uploads\/2021\/03\/FUCHS e Garagem Aurora\/FUCHS-e-Garagem-Aurora1-575x198.jpg\" alt=\"\"><\/a><div class=\"html5gallery-info\"><\/div><a class=\"html5galleryimglink\" href=\"https:\/\/jornaldasoficinas.com\/pt\/wp-content\/uploads\/2021\/03\/FUCHS e Garagem Aurora\/FUCHS-e-Garagem-Aurora1-600x417.jpg\" data-mediatype=1><img decoding=\"async\" class=\"html5galleryimg html5gallery-tn-image\" src=\"https:\/\/jornaldasoficinas.com\/pt\/wp-content\/uploads\/2021\/03\/FUCHS e Garagem Aurora\/FUCHS-e-Garagem-Aurora1-600x417.jpg\" alt=\"\"><\/a><div class=\"html5gallery-info\"><\/div><a class=\"html5galleryimglink\" href=\"https:\/\/jornaldasoficinas.com\/pt\/wp-content\/uploads\/2021\/03\/FUCHS e Garagem Aurora\/FUCHS-e-Garagem-Aurora1-768x436.jpg\" data-mediatype=1><img decoding=\"async\" class=\"html5galleryimg html5gallery-tn-image\" src=\"https:\/\/jornaldasoficinas.com\/pt\/wp-content\/uploads\/2021\/03\/FUCHS e Garagem Aurora\/FUCHS-e-Garagem-Aurora1-768x436.jpg\" alt=\"\"><\/a><div class=\"html5gallery-info\"><\/div><a class=\"html5galleryimglink\" href=\"https:\/\/jornaldasoficinas.com\/pt\/wp-content\/uploads\/2021\/03\/FUCHS e Garagem Aurora\/FUCHS-e-Garagem-Aurora1-800x445.jpg\" data-mediatype=1><img decoding=\"async\" class=\"html5galleryimg html5gallery-tn-image\" src=\"https:\/\/jornaldasoficinas.com\/pt\/wp-content\/uploads\/2021\/03\/FUCHS e Garagem Aurora\/FUCHS-e-Garagem-Aurora1-800x445.jpg\" alt=\"\"><\/a><div class=\"html5gallery-info\"><\/div><a class=\"html5galleryimglink\" href=\"https:\/\/jornaldasoficinas.com\/pt\/wp-content\/uploads\/2021\/03\/FUCHS e Garagem Aurora\/FUCHS-e-Garagem-Aurora1.jpg\" data-mediatype=1><img decoding=\"async\" class=\"html5galleryimg html5gallery-tn-image\" src=\"https:\/\/jornaldasoficinas.com\/pt\/wp-content\/uploads\/2021\/03\/FUCHS e Garagem Aurora\/FUCHS-e-Garagem-Aurora1.jpg\" alt=\"\"><\/a><div class=\"html5gallery-info\"><\/div><\/div><\/div><script>function wondergallery_47_appendcss(csscode) {var head=document.head || document.getElementsByTagName(\"head\")[0];var style=document.createElement(\"style\");head.appendChild(style);style.type=\"text\/css\";if (style.styleSheet){style.styleSheet.cssText=csscode;} else {style.appendChild(document.createTextNode(csscode));}};wondergallery_47_appendcss(\"#wonderplugingallery-47 .html5gallery-cat-selection-47 { \tbox-sizing: border-box; \ttext-align: center; }  #wonderplugingallery-47 .html5gallery-cat-selection-47 select { \tbox-sizing: border-box; \tmargin: 4px auto; }\");<\/script>\n","protected":false},"excerpt":{"rendered":"<p>Os autom\u00f3veis de competi\u00e7\u00e3o Porsche, preparados&#8230;<\/p>\n","protected":false},"author":15,"featured_media":19302,"comment_status":"closed","ping_status":"closed","sticky":false,"template":"","format":"standard","meta":{"footnotes":""},"categories":[29],"tags":[277],"class_list":["post-19312","post","type-post","status-publish","format-standard","has-post-thumbnail","hentry","category-empresas","tag-fuchs"],"yoast_head":"<!-- This site is optimized with the Yoast SEO plugin v27.4 - https:\/\/yoast.com\/product\/yoast-seo-wordpress\/ -->\n<title>FUCHS e Garagem Aurora iniciam parceria - Jornal das Oficinas<\/title>\n<meta name=\"robots\" content=\"index, follow, max-snippet:-1, max-image-preview:large, max-video-preview:-1\" \/>\n<link rel=\"canonical\" href=\"https:\/\/jornaldasoficinas.com\/pt\/fuchs-e-garagem-aurora-iniciam-parceria\/\" \/>\n<meta property=\"og:locale\" content=\"pt_PT\" \/>\n<meta property=\"og:type\" content=\"article\" \/>\n<meta property=\"og:title\" content=\"FUCHS e Garagem Aurora iniciam parceria - Jornal das Oficinas\" \/>\n<meta property=\"og:description\" content=\"Os autom\u00f3veis de competi\u00e7\u00e3o Porsche, preparados...\" \/>\n<meta property=\"og:url\" content=\"https:\/\/jornaldasoficinas.com\/pt\/fuchs-e-garagem-aurora-iniciam-parceria\/\" \/>\n<meta property=\"og:site_name\" content=\"Jornal das Oficinas\" \/>\n<meta property=\"article:publisher\" content=\"https:\/\/www.facebook.com\/jornaloficinas\" \/>\n<meta property=\"article:published_time\" content=\"2021-03-15T10:00:09+00:00\" \/>\n<meta property=\"article:modified_time\" content=\"2021-03-16T14:59:34+00:00\" \/>\n<meta property=\"og:image\" content=\"https:\/\/jornaldasoficinas.com\/pt\/wp-content\/uploads\/2021\/03\/FUCHS-e-Garagem-Aurora.jpg\" \/>\n\t<meta property=\"og:image:width\" content=\"1024\" \/>\n\t<meta property=\"og:image:height\" content=\"581\" \/>\n\t<meta property=\"og:image:type\" content=\"image\/jpeg\" \/>\n<meta name=\"author\" content=\"Reda\u00e7\u00e3o JO\" \/>\n<meta name=\"twitter:card\" content=\"summary_large_image\" \/>\n<meta name=\"twitter:creator\" content=\"@jornaloficinas\" \/>\n<meta name=\"twitter:site\" content=\"@jornaloficinas\" \/>\n<meta name=\"twitter:label1\" content=\"Escrito por\" \/>\n\t<meta name=\"twitter:data1\" content=\"Reda\u00e7\u00e3o JO\" \/>\n\t<meta name=\"twitter:label2\" content=\"Tempo estimado de leitura\" \/>\n\t<meta name=\"twitter:data2\" content=\"2 minutos\" \/>\n<script type=\"application\/ld+json\" class=\"yoast-schema-graph\">{\"@context\":\"https:\\\/\\\/schema.org\",\"@graph\":[{\"@type\":\"Article\",\"@id\":\"https:\\\/\\\/jornaldasoficinas.com\\\/pt\\\/fuchs-e-garagem-aurora-iniciam-parceria\\\/#article\",\"isPartOf\":{\"@id\":\"https:\\\/\\\/jornaldasoficinas.com\\\/pt\\\/fuchs-e-garagem-aurora-iniciam-parceria\\\/\"},\"author\":{\"name\":\"Reda\u00e7\u00e3o JO\",\"@id\":\"https:\\\/\\\/jornaldasoficinas.com\\\/pt\\\/#\\\/schema\\\/person\\\/a38eef5de2c41d9e7c9ac10141afddf3\"},\"headline\":\"FUCHS e Garagem Aurora iniciam parceria\",\"datePublished\":\"2021-03-15T10:00:09+00:00\",\"dateModified\":\"2021-03-16T14:59:34+00:00\",\"mainEntityOfPage\":{\"@id\":\"https:\\\/\\\/jornaldasoficinas.com\\\/pt\\\/fuchs-e-garagem-aurora-iniciam-parceria\\\/\"},\"wordCount\":407,\"publisher\":{\"@id\":\"https:\\\/\\\/jornaldasoficinas.com\\\/pt\\\/#organization\"},\"image\":{\"@id\":\"https:\\\/\\\/jornaldasoficinas.com\\\/pt\\\/fuchs-e-garagem-aurora-iniciam-parceria\\\/#primaryimage\"},\"thumbnailUrl\":\"https:\\\/\\\/jornaldasoficinas.com\\\/pt\\\/wp-content\\\/uploads\\\/2021\\\/03\\\/FUCHS-e-Garagem-Aurora.jpg\",\"keywords\":[\"Fuchs\"],\"articleSection\":[\"Empresas\"],\"inLanguage\":\"pt-PT\"},{\"@type\":\"WebPage\",\"@id\":\"https:\\\/\\\/jornaldasoficinas.com\\\/pt\\\/fuchs-e-garagem-aurora-iniciam-parceria\\\/\",\"url\":\"https:\\\/\\\/jornaldasoficinas.com\\\/pt\\\/fuchs-e-garagem-aurora-iniciam-parceria\\\/\",\"name\":\"FUCHS e Garagem Aurora iniciam parceria - Jornal das Oficinas\",\"isPartOf\":{\"@id\":\"https:\\\/\\\/jornaldasoficinas.com\\\/pt\\\/#website\"},\"primaryImageOfPage\":{\"@id\":\"https:\\\/\\\/jornaldasoficinas.com\\\/pt\\\/fuchs-e-garagem-aurora-iniciam-parceria\\\/#primaryimage\"},\"image\":{\"@id\":\"https:\\\/\\\/jornaldasoficinas.com\\\/pt\\\/fuchs-e-garagem-aurora-iniciam-parceria\\\/#primaryimage\"},\"thumbnailUrl\":\"https:\\\/\\\/jornaldasoficinas.com\\\/pt\\\/wp-content\\\/uploads\\\/2021\\\/03\\\/FUCHS-e-Garagem-Aurora.jpg\",\"datePublished\":\"2021-03-15T10:00:09+00:00\",\"dateModified\":\"2021-03-16T14:59:34+00:00\",\"breadcrumb\":{\"@id\":\"https:\\\/\\\/jornaldasoficinas.com\\\/pt\\\/fuchs-e-garagem-aurora-iniciam-parceria\\\/#breadcrumb\"},\"inLanguage\":\"pt-PT\",\"potentialAction\":[{\"@type\":\"ReadAction\",\"target\":[\"https:\\\/\\\/jornaldasoficinas.com\\\/pt\\\/fuchs-e-garagem-aurora-iniciam-parceria\\\/\"]}]},{\"@type\":\"ImageObject\",\"inLanguage\":\"pt-PT\",\"@id\":\"https:\\\/\\\/jornaldasoficinas.com\\\/pt\\\/fuchs-e-garagem-aurora-iniciam-parceria\\\/#primaryimage\",\"url\":\"https:\\\/\\\/jornaldasoficinas.com\\\/pt\\\/wp-content\\\/uploads\\\/2021\\\/03\\\/FUCHS-e-Garagem-Aurora.jpg\",\"contentUrl\":\"https:\\\/\\\/jornaldasoficinas.com\\\/pt\\\/wp-content\\\/uploads\\\/2021\\\/03\\\/FUCHS-e-Garagem-Aurora.jpg\",\"width\":1024,\"height\":581,\"caption\":\"03 - FUCHS-e-Garagem-Aurora\"},{\"@type\":\"BreadcrumbList\",\"@id\":\"https:\\\/\\\/jornaldasoficinas.com\\\/pt\\\/fuchs-e-garagem-aurora-iniciam-parceria\\\/#breadcrumb\",\"itemListElement\":[{\"@type\":\"ListItem\",\"position\":1,\"name\":\"In\u00edcio\",\"item\":\"https:\\\/\\\/jornaldasoficinas.com\\\/pt\\\/\"},{\"@type\":\"ListItem\",\"position\":2,\"name\":\"FUCHS e Garagem Aurora iniciam parceria\"}]},{\"@type\":\"WebSite\",\"@id\":\"https:\\\/\\\/jornaldasoficinas.com\\\/pt\\\/#website\",\"url\":\"https:\\\/\\\/jornaldasoficinas.com\\\/pt\\\/\",\"name\":\"Jornal das Oficinas\",\"description\":\"Jornal independente do Aftermarket Autom\u00f3vel em Portugal\",\"publisher\":{\"@id\":\"https:\\\/\\\/jornaldasoficinas.com\\\/pt\\\/#organization\"},\"potentialAction\":[{\"@type\":\"SearchAction\",\"target\":{\"@type\":\"EntryPoint\",\"urlTemplate\":\"https:\\\/\\\/jornaldasoficinas.com\\\/pt\\\/?s={search_term_string}\"},\"query-input\":{\"@type\":\"PropertyValueSpecification\",\"valueRequired\":true,\"valueName\":\"search_term_string\"}}],\"inLanguage\":\"pt-PT\"},{\"@type\":\"Organization\",\"@id\":\"https:\\\/\\\/jornaldasoficinas.com\\\/pt\\\/#organization\",\"name\":\"Jornal das Oficinas\",\"url\":\"https:\\\/\\\/jornaldasoficinas.com\\\/pt\\\/\",\"logo\":{\"@type\":\"ImageObject\",\"inLanguage\":\"pt-PT\",\"@id\":\"https:\\\/\\\/jornaldasoficinas.com\\\/pt\\\/#\\\/schema\\\/logo\\\/image\\\/\",\"url\":\"https:\\\/\\\/jornaldasoficinas.com\\\/pt\\\/wp-content\\\/uploads\\\/logoJO-SEO.png\",\"contentUrl\":\"https:\\\/\\\/jornaldasoficinas.com\\\/pt\\\/wp-content\\\/uploads\\\/logoJO-SEO.png\",\"width\":285,\"height\":450,\"caption\":\"Jornal das Oficinas\"},\"image\":{\"@id\":\"https:\\\/\\\/jornaldasoficinas.com\\\/pt\\\/#\\\/schema\\\/logo\\\/image\\\/\"},\"sameAs\":[\"https:\\\/\\\/www.facebook.com\\\/jornaloficinas\",\"https:\\\/\\\/x.com\\\/jornaloficinas\",\"https:\\\/\\\/www.instagram.com\\\/jornal_oficinas\\\/\",\"https:\\\/\\\/www.linkedin.com\\\/company\\\/jornal-das-oficinas\\\/\",\"https:\\\/\\\/www.youtube.com\\\/channel\\\/UCbQZBqtcvV-oSQrr7RzINGg\"]},{\"@type\":\"Person\",\"@id\":\"https:\\\/\\\/jornaldasoficinas.com\\\/pt\\\/#\\\/schema\\\/person\\\/a38eef5de2c41d9e7c9ac10141afddf3\",\"name\":\"Reda\u00e7\u00e3o JO\",\"image\":{\"@type\":\"ImageObject\",\"inLanguage\":\"pt-PT\",\"@id\":\"https:\\\/\\\/secure.gravatar.com\\\/avatar\\\/71f2fa71737ad68a84fea94bc708ddac8ea5b0c4788dc2ad202f3ccb2887742f?s=96&d=wp_user_avatar&r=g\",\"url\":\"https:\\\/\\\/secure.gravatar.com\\\/avatar\\\/71f2fa71737ad68a84fea94bc708ddac8ea5b0c4788dc2ad202f3ccb2887742f?s=96&d=wp_user_avatar&r=g\",\"contentUrl\":\"https:\\\/\\\/secure.gravatar.com\\\/avatar\\\/71f2fa71737ad68a84fea94bc708ddac8ea5b0c4788dc2ad202f3ccb2887742f?s=96&d=wp_user_avatar&r=g\",\"caption\":\"Reda\u00e7\u00e3o JO\"},\"url\":\"https:\\\/\\\/jornaldasoficinas.com\\\/pt\\\/author\\\/joredacao\\\/\"}]}<\/script>\n<!-- \/ Yoast SEO plugin. -->","yoast_head_json":{"title":"FUCHS e Garagem Aurora iniciam parceria - Jornal das Oficinas","robots":{"index":"index","follow":"follow","max-snippet":"max-snippet:-1","max-image-preview":"max-image-preview:large","max-video-preview":"max-video-preview:-1"},"canonical":"https:\/\/jornaldasoficinas.com\/pt\/fuchs-e-garagem-aurora-iniciam-parceria\/","og_locale":"pt_PT","og_type":"article","og_title":"FUCHS e Garagem Aurora iniciam parceria - Jornal das Oficinas","og_description":"Os autom\u00f3veis de competi\u00e7\u00e3o Porsche, preparados...","og_url":"https:\/\/jornaldasoficinas.com\/pt\/fuchs-e-garagem-aurora-iniciam-parceria\/","og_site_name":"Jornal das Oficinas","article_publisher":"https:\/\/www.facebook.com\/jornaloficinas","article_published_time":"2021-03-15T10:00:09+00:00","article_modified_time":"2021-03-16T14:59:34+00:00","og_image":[{"width":1024,"height":581,"url":"https:\/\/jornaldasoficinas.com\/pt\/wp-content\/uploads\/2021\/03\/FUCHS-e-Garagem-Aurora.jpg","type":"image\/jpeg"}],"author":"Reda\u00e7\u00e3o JO","twitter_card":"summary_large_image","twitter_creator":"@jornaloficinas","twitter_site":"@jornaloficinas","twitter_misc":{"Escrito por":"Reda\u00e7\u00e3o JO","Tempo estimado de leitura":"2 minutos"},"schema":{"@context":"https:\/\/schema.org","@graph":[{"@type":"Article","@id":"https:\/\/jornaldasoficinas.com\/pt\/fuchs-e-garagem-aurora-iniciam-parceria\/#article","isPartOf":{"@id":"https:\/\/jornaldasoficinas.com\/pt\/fuchs-e-garagem-aurora-iniciam-parceria\/"},"author":{"name":"Reda\u00e7\u00e3o JO","@id":"https:\/\/jornaldasoficinas.com\/pt\/#\/schema\/person\/a38eef5de2c41d9e7c9ac10141afddf3"},"headline":"FUCHS e Garagem Aurora iniciam parceria","datePublished":"2021-03-15T10:00:09+00:00","dateModified":"2021-03-16T14:59:34+00:00","mainEntityOfPage":{"@id":"https:\/\/jornaldasoficinas.com\/pt\/fuchs-e-garagem-aurora-iniciam-parceria\/"},"wordCount":407,"publisher":{"@id":"https:\/\/jornaldasoficinas.com\/pt\/#organization"},"image":{"@id":"https:\/\/jornaldasoficinas.com\/pt\/fuchs-e-garagem-aurora-iniciam-parceria\/#primaryimage"},"thumbnailUrl":"https:\/\/jornaldasoficinas.com\/pt\/wp-content\/uploads\/2021\/03\/FUCHS-e-Garagem-Aurora.jpg","keywords":["Fuchs"],"articleSection":["Empresas"],"inLanguage":"pt-PT"},{"@type":"WebPage","@id":"https:\/\/jornaldasoficinas.com\/pt\/fuchs-e-garagem-aurora-iniciam-parceria\/","url":"https:\/\/jornaldasoficinas.com\/pt\/fuchs-e-garagem-aurora-iniciam-parceria\/","name":"FUCHS e Garagem Aurora iniciam parceria - Jornal das Oficinas","isPartOf":{"@id":"https:\/\/jornaldasoficinas.com\/pt\/#website"},"primaryImageOfPage":{"@id":"https:\/\/jornaldasoficinas.com\/pt\/fuchs-e-garagem-aurora-iniciam-parceria\/#primaryimage"},"image":{"@id":"https:\/\/jornaldasoficinas.com\/pt\/fuchs-e-garagem-aurora-iniciam-parceria\/#primaryimage"},"thumbnailUrl":"https:\/\/jornaldasoficinas.com\/pt\/wp-content\/uploads\/2021\/03\/FUCHS-e-Garagem-Aurora.jpg","datePublished":"2021-03-15T10:00:09+00:00","dateModified":"2021-03-16T14:59:34+00:00","breadcrumb":{"@id":"https:\/\/jornaldasoficinas.com\/pt\/fuchs-e-garagem-aurora-iniciam-parceria\/#breadcrumb"},"inLanguage":"pt-PT","potentialAction":[{"@type":"ReadAction","target":["https:\/\/jornaldasoficinas.com\/pt\/fuchs-e-garagem-aurora-iniciam-parceria\/"]}]},{"@type":"ImageObject","inLanguage":"pt-PT","@id":"https:\/\/jornaldasoficinas.com\/pt\/fuchs-e-garagem-aurora-iniciam-parceria\/#primaryimage","url":"https:\/\/jornaldasoficinas.com\/pt\/wp-content\/uploads\/2021\/03\/FUCHS-e-Garagem-Aurora.jpg","contentUrl":"https:\/\/jornaldasoficinas.com\/pt\/wp-content\/uploads\/2021\/03\/FUCHS-e-Garagem-Aurora.jpg","width":1024,"height":581,"caption":"03 - FUCHS-e-Garagem-Aurora"},{"@type":"BreadcrumbList","@id":"https:\/\/jornaldasoficinas.com\/pt\/fuchs-e-garagem-aurora-iniciam-parceria\/#breadcrumb","itemListElement":[{"@type":"ListItem","position":1,"name":"In\u00edcio","item":"https:\/\/jornaldasoficinas.com\/pt\/"},{"@type":"ListItem","position":2,"name":"FUCHS e Garagem Aurora iniciam parceria"}]},{"@type":"WebSite","@id":"https:\/\/jornaldasoficinas.com\/pt\/#website","url":"https:\/\/jornaldasoficinas.com\/pt\/","name":"Jornal das Oficinas","description":"Jornal independente do Aftermarket Autom\u00f3vel em Portugal","publisher":{"@id":"https:\/\/jornaldasoficinas.com\/pt\/#organization"},"potentialAction":[{"@type":"SearchAction","target":{"@type":"EntryPoint","urlTemplate":"https:\/\/jornaldasoficinas.com\/pt\/?s={search_term_string}"},"query-input":{"@type":"PropertyValueSpecification","valueRequired":true,"valueName":"search_term_string"}}],"inLanguage":"pt-PT"},{"@type":"Organization","@id":"https:\/\/jornaldasoficinas.com\/pt\/#organization","name":"Jornal das Oficinas","url":"https:\/\/jornaldasoficinas.com\/pt\/","logo":{"@type":"ImageObject","inLanguage":"pt-PT","@id":"https:\/\/jornaldasoficinas.com\/pt\/#\/schema\/logo\/image\/","url":"https:\/\/jornaldasoficinas.com\/pt\/wp-content\/uploads\/logoJO-SEO.png","contentUrl":"https:\/\/jornaldasoficinas.com\/pt\/wp-content\/uploads\/logoJO-SEO.png","width":285,"height":450,"caption":"Jornal das Oficinas"},"image":{"@id":"https:\/\/jornaldasoficinas.com\/pt\/#\/schema\/logo\/image\/"},"sameAs":["https:\/\/www.facebook.com\/jornaloficinas","https:\/\/x.com\/jornaloficinas","https:\/\/www.instagram.com\/jornal_oficinas\/","https:\/\/www.linkedin.com\/company\/jornal-das-oficinas\/","https:\/\/www.youtube.com\/channel\/UCbQZBqtcvV-oSQrr7RzINGg"]},{"@type":"Person","@id":"https:\/\/jornaldasoficinas.com\/pt\/#\/schema\/person\/a38eef5de2c41d9e7c9ac10141afddf3","name":"Reda\u00e7\u00e3o JO","image":{"@type":"ImageObject","inLanguage":"pt-PT","@id":"https:\/\/secure.gravatar.com\/avatar\/71f2fa71737ad68a84fea94bc708ddac8ea5b0c4788dc2ad202f3ccb2887742f?s=96&d=wp_user_avatar&r=g","url":"https:\/\/secure.gravatar.com\/avatar\/71f2fa71737ad68a84fea94bc708ddac8ea5b0c4788dc2ad202f3ccb2887742f?s=96&d=wp_user_avatar&r=g","contentUrl":"https:\/\/secure.gravatar.com\/avatar\/71f2fa71737ad68a84fea94bc708ddac8ea5b0c4788dc2ad202f3ccb2887742f?s=96&d=wp_user_avatar&r=g","caption":"Reda\u00e7\u00e3o JO"},"url":"https:\/\/jornaldasoficinas.com\/pt\/author\/joredacao\/"}]}},"_links":{"self":[{"href":"https:\/\/jornaldasoficinas.com\/pt\/wp-json\/wp\/v2\/posts\/19312","targetHints":{"allow":["GET"]}}],"collection":[{"href":"https:\/\/jornaldasoficinas.com\/pt\/wp-json\/wp\/v2\/posts"}],"about":[{"href":"https:\/\/jornaldasoficinas.com\/pt\/wp-json\/wp\/v2\/types\/post"}],"author":[{"embeddable":true,"href":"https:\/\/jornaldasoficinas.com\/pt\/wp-json\/wp\/v2\/users\/15"}],"replies":[{"embeddable":true,"href":"https:\/\/jornaldasoficinas.com\/pt\/wp-json\/wp\/v2\/comments?post=19312"}],"version-history":[{"count":0,"href":"https:\/\/jornaldasoficinas.com\/pt\/wp-json\/wp\/v2\/posts\/19312\/revisions"}],"wp:featuredmedia":[{"embeddable":true,"href":"https:\/\/jornaldasoficinas.com\/pt\/wp-json\/wp\/v2\/media\/19302"}],"wp:attachment":[{"href":"https:\/\/jornaldasoficinas.com\/pt\/wp-json\/wp\/v2\/media?parent=19312"}],"wp:term":[{"taxonomy":"category","embeddable":true,"href":"https:\/\/jornaldasoficinas.com\/pt\/wp-json\/wp\/v2\/categories?post=19312"},{"taxonomy":"post_tag","embeddable":true,"href":"https:\/\/jornaldasoficinas.com\/pt\/wp-json\/wp\/v2\/tags?post=19312"}],"curies":[{"name":"wp","href":"https:\/\/api.w.org\/{rel}","templated":true}]}}