{"id":19416,"date":"2021-03-19T08:00:42","date_gmt":"2021-03-19T08:00:42","guid":{"rendered":"https:\/\/jornaldasoficinas.com\/pt\/?p=19416"},"modified":"2021-03-17T09:44:19","modified_gmt":"2021-03-17T09:44:19","slug":"trabalhamos-nichos-onde-temos-um-know-how-de-muitos-anos-jorge-costa-pinto-mf-pinto","status":"publish","type":"post","link":"https:\/\/jornaldasoficinas.com\/pt\/trabalhamos-nichos-onde-temos-um-know-how-de-muitos-anos-jorge-costa-pinto-mf-pinto\/","title":{"rendered":"\u201cTrabalhamos nichos onde temos um know how de muitos anos\u201d, Jorge Costa Pinto, MF Pinto"},"content":{"rendered":"<p><strong><img loading=\"lazy\" decoding=\"async\" class=\"alignnone wp-image-19417 size-full\" src=\"https:\/\/jornaldasoficinas.com\/pt\/wp-content\/uploads\/2021\/03\/foto-nova-MF-Pinto.jpg\" alt=\"03 - foto-nova-MF-Pinto\" width=\"1024\" height=\"581\" srcset=\"https:\/\/jornaldasoficinas.com\/pt\/wp-content\/uploads\/2021\/03\/foto-nova-MF-Pinto.jpg 1024w, https:\/\/jornaldasoficinas.com\/pt\/wp-content\/uploads\/2021\/03\/foto-nova-MF-Pinto-300x170.jpg 300w, https:\/\/jornaldasoficinas.com\/pt\/wp-content\/uploads\/2021\/03\/foto-nova-MF-Pinto-150x85.jpg 150w, https:\/\/jornaldasoficinas.com\/pt\/wp-content\/uploads\/2021\/03\/foto-nova-MF-Pinto-768x436.jpg 768w\" sizes=\"auto, (max-width: 1024px) 100vw, 1024px\" \/><\/strong><\/p>\n<p><strong>Numa altura em que se tornou, mais do que nunca, necess\u00e1rio a afirma\u00e7\u00e3o e a persist\u00eancia no neg\u00f3cio do aftermarket, a MF Pinto d\u00e1 o passo que lhe faltava. Desde 2010 sediada na zona Industrial da Abrunheira, aproveitou a pandemia para aumentar os 900 m\u00b2 que possu\u00eda para 2.000 m\u00b2.<\/strong><\/p>\n<p>Medidas \u00e0 parte, estas remodeladas instala\u00e7\u00f5es permitiram \u00e0 empresa de Sintra, n\u00e3o s\u00f3 aumentar a capacidade de stock, como tamb\u00e9m dar melhores condi\u00e7\u00f5es de trabalho aos seus 30 colaboradores. Jorge Costa Pinto, diretor geral, explicou o que mudou.<\/p>\n<p><strong>A MF PINTO inaugurou no passado dia 1 de agosto novas instala\u00e7\u00f5es na Abrunheira. Que mais valias v\u00e3o trazer estas novas instala\u00e7\u00f5es para a empresa e para os seus clientes?<br \/>\n<\/strong>Aument\u00e1mos significativamente a nossa capacidade de stock e implement\u00e1mos tamb\u00e9m novos processos de log\u00edstica, sempre com o objetivo de melhor servir os nossos clientes.<\/p>\n<p><strong>Foi criada uma nova \u00e1rea t\u00e9cnica. Quais as funcionalidades e objetivos desta nova \u00e1rea e que tipo de servi\u00e7o s\u00e3o prestados?<br \/>\n<\/strong>Na nova \u00e1rea t\u00e9cnica tratamos e processamos os pedidos de garantia e tamb\u00e9m fazemos toda a gest\u00e3o dos cores. Com o equipamento de ponta que temos testamos turbos e bombas injetoras e injetores. Esta nova val\u00eancia permite-nos tratar tudo mais r\u00e1pido e dar as respostas aos clientes atempadamente.<\/p>\n<p><strong>Disponibilizam forma\u00e7\u00e3o t\u00e9cnica para a repara\u00e7\u00e3o de turbocompressores? As oficinas procuram esta forma\u00e7\u00e3o?<br \/>\n<\/strong>No que diz respeito aos Turbos temos capacidade para fornecer tudo o que um reparador precisa, forma\u00e7\u00e3o, equipamentos e pe\u00e7as de repara\u00e7\u00e3o, sendo natural que muitas oficinas nos procurem com alguma regularidade.<\/p>\n<p><strong>Como se tem preparado a MF Pinto para as mudan\u00e7as que est\u00e3o a acontecer no aftermarket derivadas da pandemia Covid 19?<br \/>\n<\/strong>Temos naturalmente privilegiado os canais digitais, e temos v\u00e1rias aplica\u00e7\u00f5es digitais ainda em desenvolvimento.<\/p>\n<p><strong>Como est\u00e1 a MF Pinto a reagir \u00e0 pandemia do Covid 19?<br \/>\n<\/strong>Estamos na expetativa mas certos que iremos ultrapassar com sucesso esta nova forma de viver e de fazer neg\u00f3cios.<\/p>\n<p><strong>O que mudou na atividade da MF Pinto com a pandemia?<br \/>\n<\/strong>Mudaram v\u00e1rias coisas, a nossa vida tamb\u00e9m mudou. A empresa adaptou-se a esta nova realidade, teletrabalho, hor\u00e1rios alternados em equipa, menos trabalho de terreno, entre outras coisas.<\/p>\n<p><strong>Que boas pr\u00e1ticas est\u00e3o a ser implementadas pela MF Pinto para conseguir manter a atividade em seguran\u00e7a?<br \/>\n<\/strong>Seguimos escrupulosamente as diretivas da DGS, at\u00e9 agora sem casos de COVID 19 a registar felizmente.<\/p>\n<p><strong>Como \u00e9 constitu\u00eddo o vosso portf\u00f3lio de produtos? Quais as principias marcas que comercializam?<br \/>\n<\/strong>Temos 5 gamas de produtos diferentes: Inje\u00e7\u00e3o Diesel, Turbos, Alternadores e Motores arranque, V\u00e1lvulas EGR e compressores de A\/C. Ao contr\u00e1rio de muitas empresas n\u00e3o somos um fornecedor global, trabalhamos nichos onde temos um know how de muitos anos. Quanto \u00e0s principais marcas destacaria a BORGWARNER TURBO SYSTEMS,\u00a0 MELETT, DTS, WAHLER, AVA e NRF.<\/p>\n<p><strong>E quais as marcas que comercializam em exclusivo?<br \/>\n<\/strong>As marcas que distribu\u00edmos em exclusivo em Portugal s\u00e3o a MELETT, DTS,\u00a0 DTS Electric, DTS Clima, STARDIESEL; FIRAD DIESEL.<\/p>\n<p><strong>A venda de pe\u00e7as para repara\u00e7\u00e3o dos turbocompressores, tem tido mais procura? \u00c9 um mercado com tend\u00eancia para crescer?<br \/>\n<\/strong>Sem d\u00favida, temos crescido sustentadamente nos \u00faltimos anos e prevemos que a tend\u00eancia continue a ser essa, estamos bastante otimistas.<\/p>\n<p><strong>Como tem sido a evolu\u00e7\u00e3o das vendas dos produtos recondicionados, designadamente turbocompressores, sistemas de inje\u00e7\u00e3o e alternadores?<br \/>\n<\/strong>Portugal sempre foi um mercado sens\u00edvel ao fator pre\u00e7o e o produto recondicionado encaixa-se na perfei\u00e7\u00e3o, temos assistido a um aumento de procura desse tipo de produto nos \u00faltimos meses em detrimento do produto novo. O grande problema dos produtos recondicionados\u00a0 prende-se muitas vezes com a falta de qualidade da reconstru\u00e7\u00e3o.<\/p>\n<p><strong>Como tem sido o desempenho da vossa loja na Maia?<br \/>\n<\/strong>Nestes 3 anos de vida a loja da Maia tem tido uma presta\u00e7\u00e3o acima das nossas expectativas. Penso que a proximidade que cri\u00e1mos com os clientes da zona norte revelou-se uma aposta claramente ganha.<\/p>\n<p><strong>\u00a0<\/strong><strong>Qual o ponto de situa\u00e7\u00e3o da vossa atividade exportadora? Quais os produtos que vendem para os mercados externos e em que pa\u00edses est\u00e3o presentes?<br \/>\n<\/strong>Como sabe o nosso modelo de neg\u00f3cio \u00e9 diferente da maioria das empresas nacionais do sector porque temos uma voca\u00e7\u00e3o exportadora que tem apresentado resultados muito animadores. O tipo de produtos que exportamos depende muito do mercado de destino e este ano s\u00f3 na exporta\u00e7\u00e3o estamos a crescer 2 d\u00edgitos, o que para n\u00f3s \u00e9 muito importante. Neste momento exportamos para 22 pa\u00edses.<\/p>\n<p>&nbsp;<\/p>\n","protected":false},"excerpt":{"rendered":"<p>Numa altura em que se tornou,&#8230;<\/p>\n","protected":false},"author":15,"featured_media":19417,"comment_status":"closed","ping_status":"closed","sticky":false,"template":"","format":"standard","meta":{"footnotes":""},"categories":[38],"tags":[1990],"class_list":["post-19416","post","type-post","status-publish","format-standard","has-post-thumbnail","hentry","category-entrevistas","tag-mf-pinto"],"yoast_head":"<!-- This site is optimized with the Yoast SEO plugin v27.4 - https:\/\/yoast.com\/product\/yoast-seo-wordpress\/ -->\n<title>\u201cTrabalhamos nichos onde temos um know how de muitos anos\u201d, Jorge Costa Pinto, MF Pinto - Jornal das Oficinas<\/title>\n<meta name=\"robots\" content=\"index, follow, max-snippet:-1, max-image-preview:large, max-video-preview:-1\" \/>\n<link rel=\"canonical\" href=\"https:\/\/jornaldasoficinas.com\/pt\/trabalhamos-nichos-onde-temos-um-know-how-de-muitos-anos-jorge-costa-pinto-mf-pinto\/\" \/>\n<meta property=\"og:locale\" content=\"pt_PT\" \/>\n<meta property=\"og:type\" content=\"article\" \/>\n<meta property=\"og:title\" content=\"\u201cTrabalhamos nichos onde temos um know how de muitos anos\u201d, Jorge Costa Pinto, MF Pinto - Jornal das Oficinas\" \/>\n<meta property=\"og:description\" content=\"Numa altura em que se tornou,...\" \/>\n<meta property=\"og:url\" content=\"https:\/\/jornaldasoficinas.com\/pt\/trabalhamos-nichos-onde-temos-um-know-how-de-muitos-anos-jorge-costa-pinto-mf-pinto\/\" \/>\n<meta property=\"og:site_name\" content=\"Jornal das Oficinas\" \/>\n<meta property=\"article:publisher\" content=\"https:\/\/www.facebook.com\/jornaloficinas\" \/>\n<meta property=\"article:published_time\" content=\"2021-03-19T08:00:42+00:00\" \/>\n<meta property=\"og:image\" content=\"https:\/\/jornaldasoficinas.com\/pt\/wp-content\/uploads\/2021\/03\/foto-nova-MF-Pinto.jpg\" \/>\n\t<meta property=\"og:image:width\" content=\"1024\" \/>\n\t<meta property=\"og:image:height\" content=\"581\" \/>\n\t<meta property=\"og:image:type\" content=\"image\/jpeg\" \/>\n<meta name=\"author\" content=\"Reda\u00e7\u00e3o JO\" \/>\n<meta name=\"twitter:card\" content=\"summary_large_image\" \/>\n<meta name=\"twitter:creator\" content=\"@jornaloficinas\" \/>\n<meta name=\"twitter:site\" content=\"@jornaloficinas\" \/>\n<meta name=\"twitter:label1\" content=\"Escrito por\" \/>\n\t<meta name=\"twitter:data1\" content=\"Reda\u00e7\u00e3o JO\" \/>\n\t<meta name=\"twitter:label2\" content=\"Tempo estimado de leitura\" \/>\n\t<meta name=\"twitter:data2\" content=\"4 minutos\" \/>\n<script type=\"application\/ld+json\" class=\"yoast-schema-graph\">{\"@context\":\"https:\\\/\\\/schema.org\",\"@graph\":[{\"@type\":\"Article\",\"@id\":\"https:\\\/\\\/jornaldasoficinas.com\\\/pt\\\/trabalhamos-nichos-onde-temos-um-know-how-de-muitos-anos-jorge-costa-pinto-mf-pinto\\\/#article\",\"isPartOf\":{\"@id\":\"https:\\\/\\\/jornaldasoficinas.com\\\/pt\\\/trabalhamos-nichos-onde-temos-um-know-how-de-muitos-anos-jorge-costa-pinto-mf-pinto\\\/\"},\"author\":{\"name\":\"Reda\u00e7\u00e3o JO\",\"@id\":\"https:\\\/\\\/jornaldasoficinas.com\\\/pt\\\/#\\\/schema\\\/person\\\/a38eef5de2c41d9e7c9ac10141afddf3\"},\"headline\":\"\u201cTrabalhamos nichos onde temos um know how de muitos anos\u201d, Jorge Costa Pinto, MF Pinto\",\"datePublished\":\"2021-03-19T08:00:42+00:00\",\"mainEntityOfPage\":{\"@id\":\"https:\\\/\\\/jornaldasoficinas.com\\\/pt\\\/trabalhamos-nichos-onde-temos-um-know-how-de-muitos-anos-jorge-costa-pinto-mf-pinto\\\/\"},\"wordCount\":796,\"publisher\":{\"@id\":\"https:\\\/\\\/jornaldasoficinas.com\\\/pt\\\/#organization\"},\"image\":{\"@id\":\"https:\\\/\\\/jornaldasoficinas.com\\\/pt\\\/trabalhamos-nichos-onde-temos-um-know-how-de-muitos-anos-jorge-costa-pinto-mf-pinto\\\/#primaryimage\"},\"thumbnailUrl\":\"https:\\\/\\\/jornaldasoficinas.com\\\/pt\\\/wp-content\\\/uploads\\\/2021\\\/03\\\/foto-nova-MF-Pinto.jpg\",\"keywords\":[\"MF Pinto\"],\"articleSection\":[\"Entrevistas\"],\"inLanguage\":\"pt-PT\"},{\"@type\":\"WebPage\",\"@id\":\"https:\\\/\\\/jornaldasoficinas.com\\\/pt\\\/trabalhamos-nichos-onde-temos-um-know-how-de-muitos-anos-jorge-costa-pinto-mf-pinto\\\/\",\"url\":\"https:\\\/\\\/jornaldasoficinas.com\\\/pt\\\/trabalhamos-nichos-onde-temos-um-know-how-de-muitos-anos-jorge-costa-pinto-mf-pinto\\\/\",\"name\":\"\u201cTrabalhamos nichos onde temos um know how de muitos anos\u201d, Jorge Costa Pinto, MF Pinto - Jornal das Oficinas\",\"isPartOf\":{\"@id\":\"https:\\\/\\\/jornaldasoficinas.com\\\/pt\\\/#website\"},\"primaryImageOfPage\":{\"@id\":\"https:\\\/\\\/jornaldasoficinas.com\\\/pt\\\/trabalhamos-nichos-onde-temos-um-know-how-de-muitos-anos-jorge-costa-pinto-mf-pinto\\\/#primaryimage\"},\"image\":{\"@id\":\"https:\\\/\\\/jornaldasoficinas.com\\\/pt\\\/trabalhamos-nichos-onde-temos-um-know-how-de-muitos-anos-jorge-costa-pinto-mf-pinto\\\/#primaryimage\"},\"thumbnailUrl\":\"https:\\\/\\\/jornaldasoficinas.com\\\/pt\\\/wp-content\\\/uploads\\\/2021\\\/03\\\/foto-nova-MF-Pinto.jpg\",\"datePublished\":\"2021-03-19T08:00:42+00:00\",\"breadcrumb\":{\"@id\":\"https:\\\/\\\/jornaldasoficinas.com\\\/pt\\\/trabalhamos-nichos-onde-temos-um-know-how-de-muitos-anos-jorge-costa-pinto-mf-pinto\\\/#breadcrumb\"},\"inLanguage\":\"pt-PT\",\"potentialAction\":[{\"@type\":\"ReadAction\",\"target\":[\"https:\\\/\\\/jornaldasoficinas.com\\\/pt\\\/trabalhamos-nichos-onde-temos-um-know-how-de-muitos-anos-jorge-costa-pinto-mf-pinto\\\/\"]}]},{\"@type\":\"ImageObject\",\"inLanguage\":\"pt-PT\",\"@id\":\"https:\\\/\\\/jornaldasoficinas.com\\\/pt\\\/trabalhamos-nichos-onde-temos-um-know-how-de-muitos-anos-jorge-costa-pinto-mf-pinto\\\/#primaryimage\",\"url\":\"https:\\\/\\\/jornaldasoficinas.com\\\/pt\\\/wp-content\\\/uploads\\\/2021\\\/03\\\/foto-nova-MF-Pinto.jpg\",\"contentUrl\":\"https:\\\/\\\/jornaldasoficinas.com\\\/pt\\\/wp-content\\\/uploads\\\/2021\\\/03\\\/foto-nova-MF-Pinto.jpg\",\"width\":1024,\"height\":581,\"caption\":\"03 - foto-nova-MF-Pinto\"},{\"@type\":\"BreadcrumbList\",\"@id\":\"https:\\\/\\\/jornaldasoficinas.com\\\/pt\\\/trabalhamos-nichos-onde-temos-um-know-how-de-muitos-anos-jorge-costa-pinto-mf-pinto\\\/#breadcrumb\",\"itemListElement\":[{\"@type\":\"ListItem\",\"position\":1,\"name\":\"In\u00edcio\",\"item\":\"https:\\\/\\\/jornaldasoficinas.com\\\/pt\\\/\"},{\"@type\":\"ListItem\",\"position\":2,\"name\":\"\u201cTrabalhamos nichos onde temos um know how de muitos anos\u201d, Jorge Costa Pinto, MF Pinto\"}]},{\"@type\":\"WebSite\",\"@id\":\"https:\\\/\\\/jornaldasoficinas.com\\\/pt\\\/#website\",\"url\":\"https:\\\/\\\/jornaldasoficinas.com\\\/pt\\\/\",\"name\":\"Jornal das Oficinas\",\"description\":\"Jornal independente do Aftermarket Autom\u00f3vel em Portugal\",\"publisher\":{\"@id\":\"https:\\\/\\\/jornaldasoficinas.com\\\/pt\\\/#organization\"},\"potentialAction\":[{\"@type\":\"SearchAction\",\"target\":{\"@type\":\"EntryPoint\",\"urlTemplate\":\"https:\\\/\\\/jornaldasoficinas.com\\\/pt\\\/?s={search_term_string}\"},\"query-input\":{\"@type\":\"PropertyValueSpecification\",\"valueRequired\":true,\"valueName\":\"search_term_string\"}}],\"inLanguage\":\"pt-PT\"},{\"@type\":\"Organization\",\"@id\":\"https:\\\/\\\/jornaldasoficinas.com\\\/pt\\\/#organization\",\"name\":\"Jornal das Oficinas\",\"url\":\"https:\\\/\\\/jornaldasoficinas.com\\\/pt\\\/\",\"logo\":{\"@type\":\"ImageObject\",\"inLanguage\":\"pt-PT\",\"@id\":\"https:\\\/\\\/jornaldasoficinas.com\\\/pt\\\/#\\\/schema\\\/logo\\\/image\\\/\",\"url\":\"https:\\\/\\\/jornaldasoficinas.com\\\/pt\\\/wp-content\\\/uploads\\\/logoJO-SEO.png\",\"contentUrl\":\"https:\\\/\\\/jornaldasoficinas.com\\\/pt\\\/wp-content\\\/uploads\\\/logoJO-SEO.png\",\"width\":285,\"height\":450,\"caption\":\"Jornal das Oficinas\"},\"image\":{\"@id\":\"https:\\\/\\\/jornaldasoficinas.com\\\/pt\\\/#\\\/schema\\\/logo\\\/image\\\/\"},\"sameAs\":[\"https:\\\/\\\/www.facebook.com\\\/jornaloficinas\",\"https:\\\/\\\/x.com\\\/jornaloficinas\",\"https:\\\/\\\/www.instagram.com\\\/jornal_oficinas\\\/\",\"https:\\\/\\\/www.linkedin.com\\\/company\\\/jornal-das-oficinas\\\/\",\"https:\\\/\\\/www.youtube.com\\\/channel\\\/UCbQZBqtcvV-oSQrr7RzINGg\"]},{\"@type\":\"Person\",\"@id\":\"https:\\\/\\\/jornaldasoficinas.com\\\/pt\\\/#\\\/schema\\\/person\\\/a38eef5de2c41d9e7c9ac10141afddf3\",\"name\":\"Reda\u00e7\u00e3o JO\",\"image\":{\"@type\":\"ImageObject\",\"inLanguage\":\"pt-PT\",\"@id\":\"https:\\\/\\\/secure.gravatar.com\\\/avatar\\\/71f2fa71737ad68a84fea94bc708ddac8ea5b0c4788dc2ad202f3ccb2887742f?s=96&d=wp_user_avatar&r=g\",\"url\":\"https:\\\/\\\/secure.gravatar.com\\\/avatar\\\/71f2fa71737ad68a84fea94bc708ddac8ea5b0c4788dc2ad202f3ccb2887742f?s=96&d=wp_user_avatar&r=g\",\"contentUrl\":\"https:\\\/\\\/secure.gravatar.com\\\/avatar\\\/71f2fa71737ad68a84fea94bc708ddac8ea5b0c4788dc2ad202f3ccb2887742f?s=96&d=wp_user_avatar&r=g\",\"caption\":\"Reda\u00e7\u00e3o JO\"},\"url\":\"https:\\\/\\\/jornaldasoficinas.com\\\/pt\\\/author\\\/joredacao\\\/\"}]}<\/script>\n<!-- \/ Yoast SEO plugin. -->","yoast_head_json":{"title":"\u201cTrabalhamos nichos onde temos um know how de muitos anos\u201d, Jorge Costa Pinto, MF Pinto - Jornal das Oficinas","robots":{"index":"index","follow":"follow","max-snippet":"max-snippet:-1","max-image-preview":"max-image-preview:large","max-video-preview":"max-video-preview:-1"},"canonical":"https:\/\/jornaldasoficinas.com\/pt\/trabalhamos-nichos-onde-temos-um-know-how-de-muitos-anos-jorge-costa-pinto-mf-pinto\/","og_locale":"pt_PT","og_type":"article","og_title":"\u201cTrabalhamos nichos onde temos um know how de muitos anos\u201d, Jorge Costa Pinto, MF Pinto - Jornal das Oficinas","og_description":"Numa altura em que se tornou,...","og_url":"https:\/\/jornaldasoficinas.com\/pt\/trabalhamos-nichos-onde-temos-um-know-how-de-muitos-anos-jorge-costa-pinto-mf-pinto\/","og_site_name":"Jornal das Oficinas","article_publisher":"https:\/\/www.facebook.com\/jornaloficinas","article_published_time":"2021-03-19T08:00:42+00:00","og_image":[{"width":1024,"height":581,"url":"https:\/\/jornaldasoficinas.com\/pt\/wp-content\/uploads\/2021\/03\/foto-nova-MF-Pinto.jpg","type":"image\/jpeg"}],"author":"Reda\u00e7\u00e3o JO","twitter_card":"summary_large_image","twitter_creator":"@jornaloficinas","twitter_site":"@jornaloficinas","twitter_misc":{"Escrito por":"Reda\u00e7\u00e3o JO","Tempo estimado de leitura":"4 minutos"},"schema":{"@context":"https:\/\/schema.org","@graph":[{"@type":"Article","@id":"https:\/\/jornaldasoficinas.com\/pt\/trabalhamos-nichos-onde-temos-um-know-how-de-muitos-anos-jorge-costa-pinto-mf-pinto\/#article","isPartOf":{"@id":"https:\/\/jornaldasoficinas.com\/pt\/trabalhamos-nichos-onde-temos-um-know-how-de-muitos-anos-jorge-costa-pinto-mf-pinto\/"},"author":{"name":"Reda\u00e7\u00e3o JO","@id":"https:\/\/jornaldasoficinas.com\/pt\/#\/schema\/person\/a38eef5de2c41d9e7c9ac10141afddf3"},"headline":"\u201cTrabalhamos nichos onde temos um know how de muitos anos\u201d, Jorge Costa Pinto, MF Pinto","datePublished":"2021-03-19T08:00:42+00:00","mainEntityOfPage":{"@id":"https:\/\/jornaldasoficinas.com\/pt\/trabalhamos-nichos-onde-temos-um-know-how-de-muitos-anos-jorge-costa-pinto-mf-pinto\/"},"wordCount":796,"publisher":{"@id":"https:\/\/jornaldasoficinas.com\/pt\/#organization"},"image":{"@id":"https:\/\/jornaldasoficinas.com\/pt\/trabalhamos-nichos-onde-temos-um-know-how-de-muitos-anos-jorge-costa-pinto-mf-pinto\/#primaryimage"},"thumbnailUrl":"https:\/\/jornaldasoficinas.com\/pt\/wp-content\/uploads\/2021\/03\/foto-nova-MF-Pinto.jpg","keywords":["MF Pinto"],"articleSection":["Entrevistas"],"inLanguage":"pt-PT"},{"@type":"WebPage","@id":"https:\/\/jornaldasoficinas.com\/pt\/trabalhamos-nichos-onde-temos-um-know-how-de-muitos-anos-jorge-costa-pinto-mf-pinto\/","url":"https:\/\/jornaldasoficinas.com\/pt\/trabalhamos-nichos-onde-temos-um-know-how-de-muitos-anos-jorge-costa-pinto-mf-pinto\/","name":"\u201cTrabalhamos nichos onde temos um know how de muitos anos\u201d, Jorge Costa Pinto, MF Pinto - Jornal das Oficinas","isPartOf":{"@id":"https:\/\/jornaldasoficinas.com\/pt\/#website"},"primaryImageOfPage":{"@id":"https:\/\/jornaldasoficinas.com\/pt\/trabalhamos-nichos-onde-temos-um-know-how-de-muitos-anos-jorge-costa-pinto-mf-pinto\/#primaryimage"},"image":{"@id":"https:\/\/jornaldasoficinas.com\/pt\/trabalhamos-nichos-onde-temos-um-know-how-de-muitos-anos-jorge-costa-pinto-mf-pinto\/#primaryimage"},"thumbnailUrl":"https:\/\/jornaldasoficinas.com\/pt\/wp-content\/uploads\/2021\/03\/foto-nova-MF-Pinto.jpg","datePublished":"2021-03-19T08:00:42+00:00","breadcrumb":{"@id":"https:\/\/jornaldasoficinas.com\/pt\/trabalhamos-nichos-onde-temos-um-know-how-de-muitos-anos-jorge-costa-pinto-mf-pinto\/#breadcrumb"},"inLanguage":"pt-PT","potentialAction":[{"@type":"ReadAction","target":["https:\/\/jornaldasoficinas.com\/pt\/trabalhamos-nichos-onde-temos-um-know-how-de-muitos-anos-jorge-costa-pinto-mf-pinto\/"]}]},{"@type":"ImageObject","inLanguage":"pt-PT","@id":"https:\/\/jornaldasoficinas.com\/pt\/trabalhamos-nichos-onde-temos-um-know-how-de-muitos-anos-jorge-costa-pinto-mf-pinto\/#primaryimage","url":"https:\/\/jornaldasoficinas.com\/pt\/wp-content\/uploads\/2021\/03\/foto-nova-MF-Pinto.jpg","contentUrl":"https:\/\/jornaldasoficinas.com\/pt\/wp-content\/uploads\/2021\/03\/foto-nova-MF-Pinto.jpg","width":1024,"height":581,"caption":"03 - foto-nova-MF-Pinto"},{"@type":"BreadcrumbList","@id":"https:\/\/jornaldasoficinas.com\/pt\/trabalhamos-nichos-onde-temos-um-know-how-de-muitos-anos-jorge-costa-pinto-mf-pinto\/#breadcrumb","itemListElement":[{"@type":"ListItem","position":1,"name":"In\u00edcio","item":"https:\/\/jornaldasoficinas.com\/pt\/"},{"@type":"ListItem","position":2,"name":"\u201cTrabalhamos nichos onde temos um know how de muitos anos\u201d, Jorge Costa Pinto, MF Pinto"}]},{"@type":"WebSite","@id":"https:\/\/jornaldasoficinas.com\/pt\/#website","url":"https:\/\/jornaldasoficinas.com\/pt\/","name":"Jornal das Oficinas","description":"Jornal independente do Aftermarket Autom\u00f3vel em Portugal","publisher":{"@id":"https:\/\/jornaldasoficinas.com\/pt\/#organization"},"potentialAction":[{"@type":"SearchAction","target":{"@type":"EntryPoint","urlTemplate":"https:\/\/jornaldasoficinas.com\/pt\/?s={search_term_string}"},"query-input":{"@type":"PropertyValueSpecification","valueRequired":true,"valueName":"search_term_string"}}],"inLanguage":"pt-PT"},{"@type":"Organization","@id":"https:\/\/jornaldasoficinas.com\/pt\/#organization","name":"Jornal das Oficinas","url":"https:\/\/jornaldasoficinas.com\/pt\/","logo":{"@type":"ImageObject","inLanguage":"pt-PT","@id":"https:\/\/jornaldasoficinas.com\/pt\/#\/schema\/logo\/image\/","url":"https:\/\/jornaldasoficinas.com\/pt\/wp-content\/uploads\/logoJO-SEO.png","contentUrl":"https:\/\/jornaldasoficinas.com\/pt\/wp-content\/uploads\/logoJO-SEO.png","width":285,"height":450,"caption":"Jornal das Oficinas"},"image":{"@id":"https:\/\/jornaldasoficinas.com\/pt\/#\/schema\/logo\/image\/"},"sameAs":["https:\/\/www.facebook.com\/jornaloficinas","https:\/\/x.com\/jornaloficinas","https:\/\/www.instagram.com\/jornal_oficinas\/","https:\/\/www.linkedin.com\/company\/jornal-das-oficinas\/","https:\/\/www.youtube.com\/channel\/UCbQZBqtcvV-oSQrr7RzINGg"]},{"@type":"Person","@id":"https:\/\/jornaldasoficinas.com\/pt\/#\/schema\/person\/a38eef5de2c41d9e7c9ac10141afddf3","name":"Reda\u00e7\u00e3o JO","image":{"@type":"ImageObject","inLanguage":"pt-PT","@id":"https:\/\/secure.gravatar.com\/avatar\/71f2fa71737ad68a84fea94bc708ddac8ea5b0c4788dc2ad202f3ccb2887742f?s=96&d=wp_user_avatar&r=g","url":"https:\/\/secure.gravatar.com\/avatar\/71f2fa71737ad68a84fea94bc708ddac8ea5b0c4788dc2ad202f3ccb2887742f?s=96&d=wp_user_avatar&r=g","contentUrl":"https:\/\/secure.gravatar.com\/avatar\/71f2fa71737ad68a84fea94bc708ddac8ea5b0c4788dc2ad202f3ccb2887742f?s=96&d=wp_user_avatar&r=g","caption":"Reda\u00e7\u00e3o JO"},"url":"https:\/\/jornaldasoficinas.com\/pt\/author\/joredacao\/"}]}},"_links":{"self":[{"href":"https:\/\/jornaldasoficinas.com\/pt\/wp-json\/wp\/v2\/posts\/19416","targetHints":{"allow":["GET"]}}],"collection":[{"href":"https:\/\/jornaldasoficinas.com\/pt\/wp-json\/wp\/v2\/posts"}],"about":[{"href":"https:\/\/jornaldasoficinas.com\/pt\/wp-json\/wp\/v2\/types\/post"}],"author":[{"embeddable":true,"href":"https:\/\/jornaldasoficinas.com\/pt\/wp-json\/wp\/v2\/users\/15"}],"replies":[{"embeddable":true,"href":"https:\/\/jornaldasoficinas.com\/pt\/wp-json\/wp\/v2\/comments?post=19416"}],"version-history":[{"count":0,"href":"https:\/\/jornaldasoficinas.com\/pt\/wp-json\/wp\/v2\/posts\/19416\/revisions"}],"wp:featuredmedia":[{"embeddable":true,"href":"https:\/\/jornaldasoficinas.com\/pt\/wp-json\/wp\/v2\/media\/19417"}],"wp:attachment":[{"href":"https:\/\/jornaldasoficinas.com\/pt\/wp-json\/wp\/v2\/media?parent=19416"}],"wp:term":[{"taxonomy":"category","embeddable":true,"href":"https:\/\/jornaldasoficinas.com\/pt\/wp-json\/wp\/v2\/categories?post=19416"},{"taxonomy":"post_tag","embeddable":true,"href":"https:\/\/jornaldasoficinas.com\/pt\/wp-json\/wp\/v2\/tags?post=19416"}],"curies":[{"name":"wp","href":"https:\/\/api.w.org\/{rel}","templated":true}]}}