{"id":19526,"date":"2021-03-23T08:00:24","date_gmt":"2021-03-23T08:00:24","guid":{"rendered":"https:\/\/jornaldasoficinas.com\/pt\/?p=19526"},"modified":"2021-03-22T09:25:53","modified_gmt":"2021-03-22T09:25:53","slug":"europcar-mobility-group-cada-vez-mais-perto-das-empresas","status":"publish","type":"post","link":"https:\/\/jornaldasoficinas.com\/pt\/europcar-mobility-group-cada-vez-mais-perto-das-empresas\/","title":{"rendered":"Europcar Mobility Group cada vez mais perto das empresas"},"content":{"rendered":"<p><strong><img loading=\"lazy\" decoding=\"async\" class=\"alignnone wp-image-19527\" src=\"https:\/\/jornaldasoficinas.com\/pt\/wp-content\/uploads\/2021\/03\/Europcar-Mobility-GrouP-300x167.png\" alt=\"03 - Europcar-Mobility-GrouP\" width=\"1025\" height=\"570\" srcset=\"https:\/\/jornaldasoficinas.com\/pt\/wp-content\/uploads\/2021\/03\/Europcar-Mobility-GrouP-300x167.png 300w, https:\/\/jornaldasoficinas.com\/pt\/wp-content\/uploads\/2021\/03\/Europcar-Mobility-GrouP-1024x570.png 1024w, https:\/\/jornaldasoficinas.com\/pt\/wp-content\/uploads\/2021\/03\/Europcar-Mobility-GrouP-768x427.png 768w, https:\/\/jornaldasoficinas.com\/pt\/wp-content\/uploads\/2021\/03\/Europcar-Mobility-GrouP-800x445.png 800w, https:\/\/jornaldasoficinas.com\/pt\/wp-content\/uploads\/2021\/03\/Europcar-Mobility-GrouP.png 1199w\" sizes=\"auto, (max-width: 1025px) 100vw, 1025px\" \/><\/strong><\/p>\n<p><strong>O Europcar Moblity Group acaba de anunciar o lan\u00e7amento de novas solu\u00e7\u00f5es de aluguer de ve\u00edculos para as empresas assentes numa subscri\u00e7\u00e3o mensal, alternativas ao aluguer com termo fixo ou posse.<\/strong><\/p>\n<p>A Europcar pretende assim ir ao encontro das necessidades atuais das empresas, independentemente da dimens\u00e3o, que tem que ter a capacidade para gerir tanto picos de atividade, como redu\u00e7\u00f5es abruptas de procura.<\/p>\n<p>Para responder a esta crescente exig\u00eancia de mais flexibilidade, o Grupo est\u00e1 a potencializar as suas solu\u00e7\u00f5es para todos os neg\u00f3cios atrav\u00e9s de tr\u00eas ofertas distintas &#8211; \u201cFlex\u201d, \u201cSuperflex\u201d, \u201cDuoFlex\u201d \u2013, que s\u00e3o alternativas ao aluguer com termo fixo ou posse, oferecendo a conveni\u00eancia de uma subscri\u00e7\u00e3o mensal.<\/p>\n<p>Em Portugal, as ofertas \u201cFlex\u201d e \u201cSuperflex\u201d j\u00e1 est\u00e3o dispon\u00edveis, al\u00e9m da Flex+, uma solu\u00e7\u00e3o de renting\/longa dura\u00e7\u00e3o para alugueres de 12 a 24 meses. A solu\u00e7\u00e3o \u201cDuoFlex\u201d dever\u00e1 estar dispon\u00edvel no nosso mercado a partir de maio.<\/p>\n<p>Depois de um per\u00edodo inicial de teste de um m\u00eas de aluguer, qualquer empresa pode gerir a sua subscri\u00e7\u00e3o de acordo com as suas necessidades, sem qualquer tipo de compromisso, pr\u00e9-pagamento ou taxas de cancelamento, podendo ainda usufruir de prazos e condi\u00e7\u00f5es altamente flex\u00edveis. Um cliente pode, por exemplo, come\u00e7ar um aluguer mensal e depois mudar de ideia; mesmo assim ser\u00e3o apenas cobrados os dias de aluguer efetivos.<\/p>\n<p>Estas ofertas abrangem ainda uma vasta escolha de ve\u00edculos e op\u00e7\u00f5es de quilometragem. Manuten\u00e7\u00e3o, seguran\u00e7a e pneus s\u00e3o tamb\u00e9m inclu\u00eddos no pre\u00e7o e a quantia mensal da subscri\u00e7\u00e3o \u00e9 fixa para que as empresas possam facilmente controlar as suas despesas, sem qualquer imprevisto.<\/p>\n<p>Quebrando as barreiras da inova\u00e7\u00e3o, o Europcar Mobility Group incluiu ainda um produto \u201cdisruptivo\u201d nesta nova variedade de ofertas: o DuoFlex. O DuoFlex permite o aluguer de um \u201cmix\u201d de diferentes ve\u00edculos dentro da mesma subscri\u00e7\u00e3o ao oferecer um acesso adicional a outro ve\u00edculo por 2 per\u00edodos de 2 dias todos os meses.<\/p>\n<p>Conduzir um ve\u00edculo el\u00e9trico para desloca\u00e7\u00f5es di\u00e1rias e poder ainda trocar para outro ve\u00edculo com um motor de combust\u00e3o interno mais adequado para viagens longas, ter uma carrinha dispon\u00edvel para dias de trabalho e um carro durante os fins-de-semana, ou at\u00e9 combinar diferentes categorias de ve\u00edculos para a empresa (A, B, C, etc.) na mesma subscri\u00e7\u00e3o. Todos os exemplos referidos podem ser de interesse para administradores de frotas que procuram potencializar a pol\u00edtica de ve\u00edculos da sua empresa ou introduzir o uso de ve\u00edculos el\u00e9tricos no fluxo de mobilidade da mesma.<\/p>\n<p>Jos\u00e9 Blanco, Diretor de Vendas do Grupo, explica: \u201cNa origem do nosso Grupo estava a vis\u00e3o do seu fundador Raoul-Louis Mattei: \u201cPara qu\u00ea ter um carro quando podes simplesmente alugar um quando precisares?\u201d. Hoje, esta vis\u00e3o estabelecida pelo Europcar Mobility Group tornou-se mais relevante do que nunca, especialmente para as empresas. Acreditamos que a flexibilidade oferecida atrav\u00e9s das subscri\u00e7\u00f5es \u00e9 a chave para o sucesso e vai transformar-se num \u201cmust have\u201d no \u201cnovo normal\u201d em que vivemos.<\/p>\n<p>Com estas novas ofertas, queremos providenciar um maior e melhor apoio aos neg\u00f3cios \u2013 de profissionais independentes e pequenas empresas, at\u00e9 grandes companhias \u2013 e afirmar a nossa posi\u00e7\u00e3o na linha da frente da \u201crevolu\u00e7\u00e3o da mobilidade\u201d para os nossos clientes B2B. Atrav\u00e9s da sua diferen\u00e7a do aluguer a prazo fixo, as novas ofertas d\u00e3o aos neg\u00f3cios oportunidades para dispor de carros ou carrinhas quando precisarem e durante o tempo que quiserem, de uma maneira totalmente flex\u00edvel. Gra\u00e7as a isto, os neg\u00f3cios t\u00eam um controlo potencializado sobre os seus custos e podem adaptar-se com efic\u00e1cia e rapidez a novas situa\u00e7\u00f5es, aumentando ou reduzindo as suas frotas com base no seu n\u00edvel de atividade.\u201d<\/p>\n<p>&nbsp;<\/p>\n","protected":false},"excerpt":{"rendered":"<p>O Europcar Moblity Group acaba de&#8230;<\/p>\n","protected":false},"author":15,"featured_media":19527,"comment_status":"closed","ping_status":"closed","sticky":false,"template":"","format":"standard","meta":{"footnotes":""},"categories":[29],"tags":[1766],"class_list":["post-19526","post","type-post","status-publish","format-standard","has-post-thumbnail","hentry","category-empresas","tag-europcar"],"yoast_head":"<!-- This site is optimized with the Yoast SEO plugin v27.4 - https:\/\/yoast.com\/product\/yoast-seo-wordpress\/ -->\n<title>Europcar Mobility Group cada vez mais perto das empresas - Jornal das Oficinas<\/title>\n<meta name=\"robots\" content=\"index, follow, max-snippet:-1, max-image-preview:large, max-video-preview:-1\" \/>\n<link rel=\"canonical\" href=\"https:\/\/jornaldasoficinas.com\/pt\/europcar-mobility-group-cada-vez-mais-perto-das-empresas\/\" \/>\n<meta property=\"og:locale\" content=\"pt_PT\" \/>\n<meta property=\"og:type\" content=\"article\" \/>\n<meta property=\"og:title\" content=\"Europcar Mobility Group cada vez mais perto das empresas - Jornal das Oficinas\" \/>\n<meta property=\"og:description\" content=\"O Europcar Moblity Group acaba de...\" \/>\n<meta property=\"og:url\" content=\"https:\/\/jornaldasoficinas.com\/pt\/europcar-mobility-group-cada-vez-mais-perto-das-empresas\/\" \/>\n<meta property=\"og:site_name\" content=\"Jornal das Oficinas\" \/>\n<meta property=\"article:publisher\" content=\"https:\/\/www.facebook.com\/jornaloficinas\" \/>\n<meta property=\"article:published_time\" content=\"2021-03-23T08:00:24+00:00\" \/>\n<meta property=\"og:image\" content=\"https:\/\/jornaldasoficinas.com\/pt\/wp-content\/uploads\/2021\/03\/Europcar-Mobility-GrouP.png\" \/>\n\t<meta property=\"og:image:width\" content=\"1199\" \/>\n\t<meta property=\"og:image:height\" content=\"667\" \/>\n\t<meta property=\"og:image:type\" content=\"image\/png\" \/>\n<meta name=\"author\" content=\"Reda\u00e7\u00e3o JO\" \/>\n<meta name=\"twitter:card\" content=\"summary_large_image\" \/>\n<meta name=\"twitter:creator\" content=\"@jornaloficinas\" \/>\n<meta name=\"twitter:site\" content=\"@jornaloficinas\" \/>\n<meta name=\"twitter:label1\" content=\"Escrito por\" \/>\n\t<meta name=\"twitter:data1\" content=\"Reda\u00e7\u00e3o JO\" \/>\n\t<meta name=\"twitter:label2\" content=\"Tempo estimado de leitura\" \/>\n\t<meta name=\"twitter:data2\" content=\"3 minutos\" \/>\n<script type=\"application\/ld+json\" class=\"yoast-schema-graph\">{\"@context\":\"https:\\\/\\\/schema.org\",\"@graph\":[{\"@type\":\"Article\",\"@id\":\"https:\\\/\\\/jornaldasoficinas.com\\\/pt\\\/europcar-mobility-group-cada-vez-mais-perto-das-empresas\\\/#article\",\"isPartOf\":{\"@id\":\"https:\\\/\\\/jornaldasoficinas.com\\\/pt\\\/europcar-mobility-group-cada-vez-mais-perto-das-empresas\\\/\"},\"author\":{\"name\":\"Reda\u00e7\u00e3o JO\",\"@id\":\"https:\\\/\\\/jornaldasoficinas.com\\\/pt\\\/#\\\/schema\\\/person\\\/a38eef5de2c41d9e7c9ac10141afddf3\"},\"headline\":\"Europcar Mobility Group cada vez mais perto das empresas\",\"datePublished\":\"2021-03-23T08:00:24+00:00\",\"mainEntityOfPage\":{\"@id\":\"https:\\\/\\\/jornaldasoficinas.com\\\/pt\\\/europcar-mobility-group-cada-vez-mais-perto-das-empresas\\\/\"},\"wordCount\":671,\"publisher\":{\"@id\":\"https:\\\/\\\/jornaldasoficinas.com\\\/pt\\\/#organization\"},\"image\":{\"@id\":\"https:\\\/\\\/jornaldasoficinas.com\\\/pt\\\/europcar-mobility-group-cada-vez-mais-perto-das-empresas\\\/#primaryimage\"},\"thumbnailUrl\":\"https:\\\/\\\/jornaldasoficinas.com\\\/pt\\\/wp-content\\\/uploads\\\/2021\\\/03\\\/Europcar-Mobility-GrouP.png\",\"keywords\":[\"Europcar\"],\"articleSection\":[\"Empresas\"],\"inLanguage\":\"pt-PT\"},{\"@type\":\"WebPage\",\"@id\":\"https:\\\/\\\/jornaldasoficinas.com\\\/pt\\\/europcar-mobility-group-cada-vez-mais-perto-das-empresas\\\/\",\"url\":\"https:\\\/\\\/jornaldasoficinas.com\\\/pt\\\/europcar-mobility-group-cada-vez-mais-perto-das-empresas\\\/\",\"name\":\"Europcar Mobility Group cada vez mais perto das empresas - Jornal das Oficinas\",\"isPartOf\":{\"@id\":\"https:\\\/\\\/jornaldasoficinas.com\\\/pt\\\/#website\"},\"primaryImageOfPage\":{\"@id\":\"https:\\\/\\\/jornaldasoficinas.com\\\/pt\\\/europcar-mobility-group-cada-vez-mais-perto-das-empresas\\\/#primaryimage\"},\"image\":{\"@id\":\"https:\\\/\\\/jornaldasoficinas.com\\\/pt\\\/europcar-mobility-group-cada-vez-mais-perto-das-empresas\\\/#primaryimage\"},\"thumbnailUrl\":\"https:\\\/\\\/jornaldasoficinas.com\\\/pt\\\/wp-content\\\/uploads\\\/2021\\\/03\\\/Europcar-Mobility-GrouP.png\",\"datePublished\":\"2021-03-23T08:00:24+00:00\",\"breadcrumb\":{\"@id\":\"https:\\\/\\\/jornaldasoficinas.com\\\/pt\\\/europcar-mobility-group-cada-vez-mais-perto-das-empresas\\\/#breadcrumb\"},\"inLanguage\":\"pt-PT\",\"potentialAction\":[{\"@type\":\"ReadAction\",\"target\":[\"https:\\\/\\\/jornaldasoficinas.com\\\/pt\\\/europcar-mobility-group-cada-vez-mais-perto-das-empresas\\\/\"]}]},{\"@type\":\"ImageObject\",\"inLanguage\":\"pt-PT\",\"@id\":\"https:\\\/\\\/jornaldasoficinas.com\\\/pt\\\/europcar-mobility-group-cada-vez-mais-perto-das-empresas\\\/#primaryimage\",\"url\":\"https:\\\/\\\/jornaldasoficinas.com\\\/pt\\\/wp-content\\\/uploads\\\/2021\\\/03\\\/Europcar-Mobility-GrouP.png\",\"contentUrl\":\"https:\\\/\\\/jornaldasoficinas.com\\\/pt\\\/wp-content\\\/uploads\\\/2021\\\/03\\\/Europcar-Mobility-GrouP.png\",\"width\":1199,\"height\":667,\"caption\":\"03 - Europcar-Mobility-GrouP\"},{\"@type\":\"BreadcrumbList\",\"@id\":\"https:\\\/\\\/jornaldasoficinas.com\\\/pt\\\/europcar-mobility-group-cada-vez-mais-perto-das-empresas\\\/#breadcrumb\",\"itemListElement\":[{\"@type\":\"ListItem\",\"position\":1,\"name\":\"In\u00edcio\",\"item\":\"https:\\\/\\\/jornaldasoficinas.com\\\/pt\\\/\"},{\"@type\":\"ListItem\",\"position\":2,\"name\":\"Europcar Mobility Group cada vez mais perto das empresas\"}]},{\"@type\":\"WebSite\",\"@id\":\"https:\\\/\\\/jornaldasoficinas.com\\\/pt\\\/#website\",\"url\":\"https:\\\/\\\/jornaldasoficinas.com\\\/pt\\\/\",\"name\":\"Jornal das Oficinas\",\"description\":\"Jornal independente do Aftermarket Autom\u00f3vel em Portugal\",\"publisher\":{\"@id\":\"https:\\\/\\\/jornaldasoficinas.com\\\/pt\\\/#organization\"},\"potentialAction\":[{\"@type\":\"SearchAction\",\"target\":{\"@type\":\"EntryPoint\",\"urlTemplate\":\"https:\\\/\\\/jornaldasoficinas.com\\\/pt\\\/?s={search_term_string}\"},\"query-input\":{\"@type\":\"PropertyValueSpecification\",\"valueRequired\":true,\"valueName\":\"search_term_string\"}}],\"inLanguage\":\"pt-PT\"},{\"@type\":\"Organization\",\"@id\":\"https:\\\/\\\/jornaldasoficinas.com\\\/pt\\\/#organization\",\"name\":\"Jornal das Oficinas\",\"url\":\"https:\\\/\\\/jornaldasoficinas.com\\\/pt\\\/\",\"logo\":{\"@type\":\"ImageObject\",\"inLanguage\":\"pt-PT\",\"@id\":\"https:\\\/\\\/jornaldasoficinas.com\\\/pt\\\/#\\\/schema\\\/logo\\\/image\\\/\",\"url\":\"https:\\\/\\\/jornaldasoficinas.com\\\/pt\\\/wp-content\\\/uploads\\\/logoJO-SEO.png\",\"contentUrl\":\"https:\\\/\\\/jornaldasoficinas.com\\\/pt\\\/wp-content\\\/uploads\\\/logoJO-SEO.png\",\"width\":285,\"height\":450,\"caption\":\"Jornal das Oficinas\"},\"image\":{\"@id\":\"https:\\\/\\\/jornaldasoficinas.com\\\/pt\\\/#\\\/schema\\\/logo\\\/image\\\/\"},\"sameAs\":[\"https:\\\/\\\/www.facebook.com\\\/jornaloficinas\",\"https:\\\/\\\/x.com\\\/jornaloficinas\",\"https:\\\/\\\/www.instagram.com\\\/jornal_oficinas\\\/\",\"https:\\\/\\\/www.linkedin.com\\\/company\\\/jornal-das-oficinas\\\/\",\"https:\\\/\\\/www.youtube.com\\\/channel\\\/UCbQZBqtcvV-oSQrr7RzINGg\"]},{\"@type\":\"Person\",\"@id\":\"https:\\\/\\\/jornaldasoficinas.com\\\/pt\\\/#\\\/schema\\\/person\\\/a38eef5de2c41d9e7c9ac10141afddf3\",\"name\":\"Reda\u00e7\u00e3o JO\",\"image\":{\"@type\":\"ImageObject\",\"inLanguage\":\"pt-PT\",\"@id\":\"https:\\\/\\\/secure.gravatar.com\\\/avatar\\\/71f2fa71737ad68a84fea94bc708ddac8ea5b0c4788dc2ad202f3ccb2887742f?s=96&d=wp_user_avatar&r=g\",\"url\":\"https:\\\/\\\/secure.gravatar.com\\\/avatar\\\/71f2fa71737ad68a84fea94bc708ddac8ea5b0c4788dc2ad202f3ccb2887742f?s=96&d=wp_user_avatar&r=g\",\"contentUrl\":\"https:\\\/\\\/secure.gravatar.com\\\/avatar\\\/71f2fa71737ad68a84fea94bc708ddac8ea5b0c4788dc2ad202f3ccb2887742f?s=96&d=wp_user_avatar&r=g\",\"caption\":\"Reda\u00e7\u00e3o JO\"},\"url\":\"https:\\\/\\\/jornaldasoficinas.com\\\/pt\\\/author\\\/joredacao\\\/\"}]}<\/script>\n<!-- \/ Yoast SEO plugin. -->","yoast_head_json":{"title":"Europcar Mobility Group cada vez mais perto das empresas - Jornal das Oficinas","robots":{"index":"index","follow":"follow","max-snippet":"max-snippet:-1","max-image-preview":"max-image-preview:large","max-video-preview":"max-video-preview:-1"},"canonical":"https:\/\/jornaldasoficinas.com\/pt\/europcar-mobility-group-cada-vez-mais-perto-das-empresas\/","og_locale":"pt_PT","og_type":"article","og_title":"Europcar Mobility Group cada vez mais perto das empresas - Jornal das Oficinas","og_description":"O Europcar Moblity Group acaba de...","og_url":"https:\/\/jornaldasoficinas.com\/pt\/europcar-mobility-group-cada-vez-mais-perto-das-empresas\/","og_site_name":"Jornal das Oficinas","article_publisher":"https:\/\/www.facebook.com\/jornaloficinas","article_published_time":"2021-03-23T08:00:24+00:00","og_image":[{"width":1199,"height":667,"url":"https:\/\/jornaldasoficinas.com\/pt\/wp-content\/uploads\/2021\/03\/Europcar-Mobility-GrouP.png","type":"image\/png"}],"author":"Reda\u00e7\u00e3o JO","twitter_card":"summary_large_image","twitter_creator":"@jornaloficinas","twitter_site":"@jornaloficinas","twitter_misc":{"Escrito por":"Reda\u00e7\u00e3o JO","Tempo estimado de leitura":"3 minutos"},"schema":{"@context":"https:\/\/schema.org","@graph":[{"@type":"Article","@id":"https:\/\/jornaldasoficinas.com\/pt\/europcar-mobility-group-cada-vez-mais-perto-das-empresas\/#article","isPartOf":{"@id":"https:\/\/jornaldasoficinas.com\/pt\/europcar-mobility-group-cada-vez-mais-perto-das-empresas\/"},"author":{"name":"Reda\u00e7\u00e3o JO","@id":"https:\/\/jornaldasoficinas.com\/pt\/#\/schema\/person\/a38eef5de2c41d9e7c9ac10141afddf3"},"headline":"Europcar Mobility Group cada vez mais perto das empresas","datePublished":"2021-03-23T08:00:24+00:00","mainEntityOfPage":{"@id":"https:\/\/jornaldasoficinas.com\/pt\/europcar-mobility-group-cada-vez-mais-perto-das-empresas\/"},"wordCount":671,"publisher":{"@id":"https:\/\/jornaldasoficinas.com\/pt\/#organization"},"image":{"@id":"https:\/\/jornaldasoficinas.com\/pt\/europcar-mobility-group-cada-vez-mais-perto-das-empresas\/#primaryimage"},"thumbnailUrl":"https:\/\/jornaldasoficinas.com\/pt\/wp-content\/uploads\/2021\/03\/Europcar-Mobility-GrouP.png","keywords":["Europcar"],"articleSection":["Empresas"],"inLanguage":"pt-PT"},{"@type":"WebPage","@id":"https:\/\/jornaldasoficinas.com\/pt\/europcar-mobility-group-cada-vez-mais-perto-das-empresas\/","url":"https:\/\/jornaldasoficinas.com\/pt\/europcar-mobility-group-cada-vez-mais-perto-das-empresas\/","name":"Europcar Mobility Group cada vez mais perto das empresas - Jornal das Oficinas","isPartOf":{"@id":"https:\/\/jornaldasoficinas.com\/pt\/#website"},"primaryImageOfPage":{"@id":"https:\/\/jornaldasoficinas.com\/pt\/europcar-mobility-group-cada-vez-mais-perto-das-empresas\/#primaryimage"},"image":{"@id":"https:\/\/jornaldasoficinas.com\/pt\/europcar-mobility-group-cada-vez-mais-perto-das-empresas\/#primaryimage"},"thumbnailUrl":"https:\/\/jornaldasoficinas.com\/pt\/wp-content\/uploads\/2021\/03\/Europcar-Mobility-GrouP.png","datePublished":"2021-03-23T08:00:24+00:00","breadcrumb":{"@id":"https:\/\/jornaldasoficinas.com\/pt\/europcar-mobility-group-cada-vez-mais-perto-das-empresas\/#breadcrumb"},"inLanguage":"pt-PT","potentialAction":[{"@type":"ReadAction","target":["https:\/\/jornaldasoficinas.com\/pt\/europcar-mobility-group-cada-vez-mais-perto-das-empresas\/"]}]},{"@type":"ImageObject","inLanguage":"pt-PT","@id":"https:\/\/jornaldasoficinas.com\/pt\/europcar-mobility-group-cada-vez-mais-perto-das-empresas\/#primaryimage","url":"https:\/\/jornaldasoficinas.com\/pt\/wp-content\/uploads\/2021\/03\/Europcar-Mobility-GrouP.png","contentUrl":"https:\/\/jornaldasoficinas.com\/pt\/wp-content\/uploads\/2021\/03\/Europcar-Mobility-GrouP.png","width":1199,"height":667,"caption":"03 - Europcar-Mobility-GrouP"},{"@type":"BreadcrumbList","@id":"https:\/\/jornaldasoficinas.com\/pt\/europcar-mobility-group-cada-vez-mais-perto-das-empresas\/#breadcrumb","itemListElement":[{"@type":"ListItem","position":1,"name":"In\u00edcio","item":"https:\/\/jornaldasoficinas.com\/pt\/"},{"@type":"ListItem","position":2,"name":"Europcar Mobility Group cada vez mais perto das empresas"}]},{"@type":"WebSite","@id":"https:\/\/jornaldasoficinas.com\/pt\/#website","url":"https:\/\/jornaldasoficinas.com\/pt\/","name":"Jornal das Oficinas","description":"Jornal independente do Aftermarket Autom\u00f3vel em Portugal","publisher":{"@id":"https:\/\/jornaldasoficinas.com\/pt\/#organization"},"potentialAction":[{"@type":"SearchAction","target":{"@type":"EntryPoint","urlTemplate":"https:\/\/jornaldasoficinas.com\/pt\/?s={search_term_string}"},"query-input":{"@type":"PropertyValueSpecification","valueRequired":true,"valueName":"search_term_string"}}],"inLanguage":"pt-PT"},{"@type":"Organization","@id":"https:\/\/jornaldasoficinas.com\/pt\/#organization","name":"Jornal das Oficinas","url":"https:\/\/jornaldasoficinas.com\/pt\/","logo":{"@type":"ImageObject","inLanguage":"pt-PT","@id":"https:\/\/jornaldasoficinas.com\/pt\/#\/schema\/logo\/image\/","url":"https:\/\/jornaldasoficinas.com\/pt\/wp-content\/uploads\/logoJO-SEO.png","contentUrl":"https:\/\/jornaldasoficinas.com\/pt\/wp-content\/uploads\/logoJO-SEO.png","width":285,"height":450,"caption":"Jornal das Oficinas"},"image":{"@id":"https:\/\/jornaldasoficinas.com\/pt\/#\/schema\/logo\/image\/"},"sameAs":["https:\/\/www.facebook.com\/jornaloficinas","https:\/\/x.com\/jornaloficinas","https:\/\/www.instagram.com\/jornal_oficinas\/","https:\/\/www.linkedin.com\/company\/jornal-das-oficinas\/","https:\/\/www.youtube.com\/channel\/UCbQZBqtcvV-oSQrr7RzINGg"]},{"@type":"Person","@id":"https:\/\/jornaldasoficinas.com\/pt\/#\/schema\/person\/a38eef5de2c41d9e7c9ac10141afddf3","name":"Reda\u00e7\u00e3o JO","image":{"@type":"ImageObject","inLanguage":"pt-PT","@id":"https:\/\/secure.gravatar.com\/avatar\/71f2fa71737ad68a84fea94bc708ddac8ea5b0c4788dc2ad202f3ccb2887742f?s=96&d=wp_user_avatar&r=g","url":"https:\/\/secure.gravatar.com\/avatar\/71f2fa71737ad68a84fea94bc708ddac8ea5b0c4788dc2ad202f3ccb2887742f?s=96&d=wp_user_avatar&r=g","contentUrl":"https:\/\/secure.gravatar.com\/avatar\/71f2fa71737ad68a84fea94bc708ddac8ea5b0c4788dc2ad202f3ccb2887742f?s=96&d=wp_user_avatar&r=g","caption":"Reda\u00e7\u00e3o JO"},"url":"https:\/\/jornaldasoficinas.com\/pt\/author\/joredacao\/"}]}},"_links":{"self":[{"href":"https:\/\/jornaldasoficinas.com\/pt\/wp-json\/wp\/v2\/posts\/19526","targetHints":{"allow":["GET"]}}],"collection":[{"href":"https:\/\/jornaldasoficinas.com\/pt\/wp-json\/wp\/v2\/posts"}],"about":[{"href":"https:\/\/jornaldasoficinas.com\/pt\/wp-json\/wp\/v2\/types\/post"}],"author":[{"embeddable":true,"href":"https:\/\/jornaldasoficinas.com\/pt\/wp-json\/wp\/v2\/users\/15"}],"replies":[{"embeddable":true,"href":"https:\/\/jornaldasoficinas.com\/pt\/wp-json\/wp\/v2\/comments?post=19526"}],"version-history":[{"count":0,"href":"https:\/\/jornaldasoficinas.com\/pt\/wp-json\/wp\/v2\/posts\/19526\/revisions"}],"wp:featuredmedia":[{"embeddable":true,"href":"https:\/\/jornaldasoficinas.com\/pt\/wp-json\/wp\/v2\/media\/19527"}],"wp:attachment":[{"href":"https:\/\/jornaldasoficinas.com\/pt\/wp-json\/wp\/v2\/media?parent=19526"}],"wp:term":[{"taxonomy":"category","embeddable":true,"href":"https:\/\/jornaldasoficinas.com\/pt\/wp-json\/wp\/v2\/categories?post=19526"},{"taxonomy":"post_tag","embeddable":true,"href":"https:\/\/jornaldasoficinas.com\/pt\/wp-json\/wp\/v2\/tags?post=19526"}],"curies":[{"name":"wp","href":"https:\/\/api.w.org\/{rel}","templated":true}]}}