{"id":19616,"date":"2021-03-26T18:00:52","date_gmt":"2021-03-26T18:00:52","guid":{"rendered":"https:\/\/jornaldasoficinas.com\/pt\/?p=19616"},"modified":"2023-07-20T16:05:50","modified_gmt":"2023-07-20T15:05:50","slug":"mercedes-amg-gt-black-series-one-team-tem-dono-portugues","status":"publish","type":"post","link":"https:\/\/jornaldasoficinas.com\/pt\/mercedes-amg-gt-black-series-one-team-tem-dono-portugues\/","title":{"rendered":"Mercedes-AMG GT Black Series ONE TEAM tem dono portugu\u00eas"},"content":{"rendered":"<p><strong><img loading=\"lazy\" decoding=\"async\" class=\"alignnone wp-image-19607 size-full\" src=\"https:\/\/jornaldasoficinas.com\/pt\/wp-content\/uploads\/2021\/03\/Mercedes-AMG-GT-Black-Series.jpg\" alt=\"03 - Mercedes-AMG-GT-Black-Series\" width=\"1024\" height=\"581\" srcset=\"https:\/\/jornaldasoficinas.com\/pt\/wp-content\/uploads\/2021\/03\/Mercedes-AMG-GT-Black-Series.jpg 1024w, https:\/\/jornaldasoficinas.com\/pt\/wp-content\/uploads\/2021\/03\/Mercedes-AMG-GT-Black-Series-300x170.jpg 300w, https:\/\/jornaldasoficinas.com\/pt\/wp-content\/uploads\/2021\/03\/Mercedes-AMG-GT-Black-Series-150x85.jpg 150w, https:\/\/jornaldasoficinas.com\/pt\/wp-content\/uploads\/2021\/03\/Mercedes-AMG-GT-Black-Series-768x436.jpg 768w\" sizes=\"auto, (max-width: 1024px) 100vw, 1024px\" \/><\/strong><\/p>\n<p><strong>Neste autom\u00f3vel \u00fanico, o j\u00e1 muito especial Mercedes-AMG GT Black Series torna-se ainda mais extraordin\u00e1rio e raro com uma edi\u00e7\u00e3o exclusiva para os 275 clientes em todo o mundo que puderam adquirir uma unidade, uma das quais para Portugal, comercializada pela Sociedade Comercial C. Santos.<\/strong><\/p>\n<p>Esta \u00fanica unidade portuguesa foi entregue no m\u00eas de mar\u00e7o ao propriet\u00e1rio (que pretende manter o anonimato).<\/p>\n<p>Esta unidade \u00e9 a \u00fanica a vir para Portugal com o pack Edition ONE, exclusivamente dispon\u00edvel para clientes Project One. Al\u00e9m desta, vir\u00e3o mais cinco viaturas AMG GT Black Series (normais) para Portugal, uma das quais ser\u00e1 para um cliente da Sociedade Comercial C. Santos.<\/p>\n<p>O Mercedes-AMG GT Black Series tem pre\u00e7os de tabela a partir de 418\u00a0150 euros, que \u00e9 o valor das tabelas. Na sua vers\u00e3o Edition, o pre\u00e7o come\u00e7a nos 467 mil euros.<\/p>\n<p><strong>Exclusividade \u00fanica<br \/>\n<\/strong>O Mercedes-AMG GT Black Series tem uma edi\u00e7\u00e3o exclusiva para 275 clientes em todo o mundo que puderam adquirir uma unidade, uma das quais para Portugal, comercializada pela Sociedade Comercial C. Santos.<\/p>\n<p>O conte\u00fado da edi\u00e7\u00e3o foi intencionalmente baseado no design do carro de 2020 da equipa de F\u00f3rmula 1 Mercedes-AMG Petronas, fazendo, assim, a ponte entre o automobilismo e o pack estilo do Mercedes-AMG ONE Motorsport. O destaque caracter\u00edstico \u00e9 o extremamente complexo trabalho de pintura realizado no processo de produ\u00e7\u00e3o do ve\u00edculo na f\u00e1brica da AMG.<\/p>\n<p>De referir que as estrelas foram pintadas \u00e0 m\u00e3o, num trabalho realizado na f\u00e1brica da Mercedes-AMG Petronas Formula One Team, no Reino Unido. Esta unidade \u00e9 a \u00fanica a vir para Portugal com o pack Edition ONE, exclusivamente dispon\u00edvel para clientes Project One (50 mil euros).<\/p>\n<p><strong>Ficha T\u00e9cnica Mercedes-AMG GT Black Series:<\/strong><\/p>\n<ul>\n<li>Motor AMG 4.0 V8 biturbo com 730 cv\/800 Nm<\/li>\n<li>Caixa AMG Speedshift DCT 7G<\/li>\n<li>3,2 segundos 0-100 km\/h<\/li>\n<li>325 km\/h vel. M\u00e1x.<\/li>\n<\/ul>\n<p><strong>Exterior:<\/strong><\/p>\n<ul>\n<li>Conceito de pintura STAR: Mercedes-AMG Petronas Motorsport Star Pattern em prata e preto obsidiana ou, em alternativa, preto obsidiana puro<\/li>\n<li>Listas folheadas em verde turquesa fosco nas embaladeiras laterais<\/li>\n<li>Jantes forjadas de performance AMG de 48,3 cm (19&#8243;)\/50,8 cm (20&#8243;) em design de 10 raios, pintadas em preto fosco com aro em verde turquesa<\/li>\n<li>Capa de prote\u00e7\u00e3o com a inscri\u00e7\u00e3o &#8220;EXCLUSIVE FOR AMG ONE TEAM&#8221;<\/li>\n<\/ul>\n<p><strong>Interior:<\/strong><strong>\u00a0<\/strong><\/p>\n<ul>\n<li>Estofos exclusivos em pele sint\u00e9tica\/microfibra DINAMICA preta com costura em verde-turquesa<\/li>\n<li>Volante AMG Performance em microfibra DINAMICA preta com costuras verde turquesa<\/li>\n<li>Bot\u00e3o para o controlo de tra\u00e7\u00e3o AMG em verde turquesa<\/li>\n<li>Distintivo interior com a inscri\u00e7\u00e3o &#8220;EXCLUSIVE FOR AMG ONE TEAM&#8221;<\/li>\n<\/ul>\n<p>Para mais informa\u00e7\u00f5es sobre este modelo AMG GT Black Series, clique <a href=\"https:\/\/media.mercedes-benz.pt\/novo-mercedes-amg-gt-black-series\/?fbclid=IwAR2wdkcNdx0YKOCFtnNMZ5LYP45K-CuWNTr-UNhlUFyGAJDKCCM2w3zkfnI\" target=\"_blank\" rel=\"noopener\"><strong>aqui<\/strong><\/a><\/p>\n<div class=\"wonderplugingallery-container\" id=\"wonderplugingallery-container-50\" style=\"max-width:960px;margin:0 auto;\"><div class=\"wonderplugingallery\" id=\"wonderplugingallery-50\" data-galleryid=\"50\" data-width=\"960\" data-height=\"540\" data-skin=\"gallery\" data-playsinline=\"false\" data-mutevideo=\"false\" data-random=\"false\" data-autoslide=\"false\" data-autoplayvideo=\"false\" data-schemamarkup=\"false\" data-stopallplaying=\"false\" data-reloadonvideoend=\"false\" data-donotuseposter=\"false\" data-enabletabindex=\"false\" data-loadnextonvideoend=\"false\" data-hidetitlewhenvideoisplaying=\"false\" data-disablehovereventontouch=\"false\" data-autoslideandplayafterfirstplayed=\"false\" data-html5player=\"true\" data-responsive=\"true\" data-fullwidth=\"false\" data-showtitle=\"true\" data-showdescription=\"true\" data-showplaybutton=\"true\" data-showfullscreenbutton=\"true\" data-showtimer=\"true\" data-showcarousel=\"true\" data-galleryshadow=\"false\" data-slideshadow=\"true\" data-thumbshowtitle=\"false\" data-thumbshadow=\"true\" data-lightboxshowtitle=\"true\" data-lightboxshowdescription=\"true\" data-specifyid=\"true\" data-donotinit=\"false\" data-addinitscript=\"false\" data-triggerresize=\"false\" data-thumbcolumnsresponsive=\"false\" data-thumbverticalmiddle=\"true\" data-removeinlinecss=\"true\" data-switchonmouseover=\"false\" data-showcategory=\"true\" data-showimgtitle=\"false\" data-titlesmallscreen=\"false\" data-initsocial=\"true\" data-showsocial=\"false\" data-showemail=\"false\" data-showfacebook=\"true\" data-showtwitter=\"true\" data-showpinterest=\"true\" data-socialrotateeffect=\"true\" data-doshortcodeontext=\"false\" data-loop=\"0\" data-duration=\"1500\" data-slideduration=\"1000\" data-slideshowinterval=\"6000\" data-googleanalyticsaccount=\"\" data-resizemode=\"fill\" data-imagetoolboxmode=\"mouseover\" data-effect=\"fade\" data-padding=\"12\" data-bgcolor=\"\" data-bgimage=\"\" data-thumbwidth=\"120\" data-thumbheight=\"60\" data-thumbgap=\"8\" data-thumbrowgap=\"16\" data-lightboxtextheight=\"72\" data-lightboxtitlecss=\"{color:#333333; font:bold 12px Arial,Helvetica,sans-serif; overflow:hidden; white-space:normal; line-height:18px;}\" data-lightboxdescriptioncss=\"{color:#333333; font:normal 12px Arial,Helvetica,sans-serif; overflow:hidden; white-space:normal; line-height:14px;}\" data-titlecss=\"{color:#ffffff; font-size:14px; font-family:Armata, sans-serif, Arial; overflow:hidden; text-align:left; padding:10px 0px 10px 10px; background:rgb(102, 102, 102) transparent; background:rgba(102, 102, 102, 0.6);}\" data-descriptioncss=\"{color:#ffffff; font-size:13px; font-family:Armata, sans-serif, Arial; overflow:hidden; text-align:left; padding:0px 0px 10px 10px; background:rgb(102, 102, 102) transparent; background:rgba(102, 102, 102, 0.6);}\" data-titleheight=\"72\" data-titlesmallscreenwidth=\"640\" data-titleheightsmallscreen=\"148\" data-socialmode=\"mouseover\" data-socialposition=\"position:absolute;top:8px;right:8px;\" data-socialpositionlightbox=\"position:absolute;top:8px;right:8px;\" data-socialdirection=\"horizontal\" data-socialbuttonsize=\"32\" data-socialbuttonfontsize=\"18\" data-defaultvideovolume=\"1\" data-thumbtitleheight=\"24\" data-thumbmediumtitleheight=\"48\" data-thumbsmalltitleheight=\"72\" data-categoryheight=\"36\" data-categorydefault=\"all\" data-triggerresizedelay=\"100\" data-thumbmediumsize=\"800\" data-thumbsmallsize=\"480\" data-thumbmediumwidth=\"64\" data-thumbmediumheight=\"64\" data-thumbsmallwidth=\"48\" data-thumbsmallheight=\"48\" data-imgtitle=\"title\" data-categorystyle=\"dropdown\" data-categorylist=\"[{&quot;slug&quot;:&quot;all&quot;,&quot;caption&quot;:&quot;Show All&quot;}]\" data-jsfolder=\"https:\/\/jornaldasoficinas.com\/pt\/wp-content\/plugins\/wonderplugin-gallery\/engine\/\" style=\"display:none;\" ><a class=\"html5galleryimglink\" href=\"https:\/\/jornaldasoficinas.com\/pt\/wp-content\/uploads\/2021\/03\/Mercedes-AMG-GT-Black-Series\/Mercedes_AMG_GT_Black_Series_ONE_TEAM-10-1024x480.jpg\" data-mediatype=1><img decoding=\"async\" class=\"html5galleryimg html5gallery-tn-image\" src=\"https:\/\/jornaldasoficinas.com\/pt\/wp-content\/uploads\/2021\/03\/Mercedes-AMG-GT-Black-Series\/Mercedes_AMG_GT_Black_Series_ONE_TEAM-10-1024x480.jpg\" alt=\"\"><\/a><div class=\"html5gallery-info\"><\/div><a class=\"html5galleryimglink\" href=\"https:\/\/jornaldasoficinas.com\/pt\/wp-content\/uploads\/2021\/03\/Mercedes-AMG-GT-Black-Series\/Mercedes_AMG_GT_Black_Series_ONE_TEAM-10-130x90.jpg\" data-mediatype=1><img decoding=\"async\" class=\"html5galleryimg html5gallery-tn-image\" src=\"https:\/\/jornaldasoficinas.com\/pt\/wp-content\/uploads\/2021\/03\/Mercedes-AMG-GT-Black-Series\/Mercedes_AMG_GT_Black_Series_ONE_TEAM-10-130x90.jpg\" alt=\"\"><\/a><div class=\"html5gallery-info\"><\/div><a class=\"html5galleryimglink\" href=\"https:\/\/jornaldasoficinas.com\/pt\/wp-content\/uploads\/2021\/03\/Mercedes-AMG-GT-Black-Series\/Mercedes_AMG_GT_Black_Series_ONE_TEAM-10-150x150.jpg\" data-mediatype=1><img decoding=\"async\" class=\"html5galleryimg html5gallery-tn-image\" src=\"https:\/\/jornaldasoficinas.com\/pt\/wp-content\/uploads\/2021\/03\/Mercedes-AMG-GT-Black-Series\/Mercedes_AMG_GT_Black_Series_ONE_TEAM-10-150x150.jpg\" alt=\"\"><\/a><div class=\"html5gallery-info\"><\/div><a class=\"html5galleryimglink\" href=\"https:\/\/jornaldasoficinas.com\/pt\/wp-content\/uploads\/2021\/03\/Mercedes-AMG-GT-Black-Series\/Mercedes_AMG_GT_Black_Series_ONE_TEAM-10-150x85.jpg\" data-mediatype=1><img decoding=\"async\" class=\"html5galleryimg html5gallery-tn-image\" src=\"https:\/\/jornaldasoficinas.com\/pt\/wp-content\/uploads\/2021\/03\/Mercedes-AMG-GT-Black-Series\/Mercedes_AMG_GT_Black_Series_ONE_TEAM-10-150x85.jpg\" alt=\"\"><\/a><div class=\"html5gallery-info\"><\/div><a class=\"html5galleryimglink\" href=\"https:\/\/jornaldasoficinas.com\/pt\/wp-content\/uploads\/2021\/03\/Mercedes-AMG-GT-Black-Series\/Mercedes_AMG_GT_Black_Series_ONE_TEAM-10-285x450.jpg\" data-mediatype=1><img decoding=\"async\" class=\"html5galleryimg html5gallery-tn-image\" src=\"https:\/\/jornaldasoficinas.com\/pt\/wp-content\/uploads\/2021\/03\/Mercedes-AMG-GT-Black-Series\/Mercedes_AMG_GT_Black_Series_ONE_TEAM-10-285x450.jpg\" alt=\"\"><\/a><div class=\"html5gallery-info\"><\/div><a class=\"html5galleryimglink\" href=\"https:\/\/jornaldasoficinas.com\/pt\/wp-content\/uploads\/2021\/03\/Mercedes-AMG-GT-Black-Series\/Mercedes_AMG_GT_Black_Series_ONE_TEAM-10-300x170.jpg\" data-mediatype=1><img decoding=\"async\" class=\"html5galleryimg html5gallery-tn-image\" src=\"https:\/\/jornaldasoficinas.com\/pt\/wp-content\/uploads\/2021\/03\/Mercedes-AMG-GT-Black-Series\/Mercedes_AMG_GT_Black_Series_ONE_TEAM-10-300x170.jpg\" alt=\"\"><\/a><div class=\"html5gallery-info\"><\/div><a class=\"html5galleryimglink\" href=\"https:\/\/jornaldasoficinas.com\/pt\/wp-content\/uploads\/2021\/03\/Mercedes-AMG-GT-Black-Series\/Mercedes_AMG_GT_Black_Series_ONE_TEAM-10-390x205.jpg\" data-mediatype=1><img decoding=\"async\" class=\"html5galleryimg html5gallery-tn-image\" src=\"https:\/\/jornaldasoficinas.com\/pt\/wp-content\/uploads\/2021\/03\/Mercedes-AMG-GT-Black-Series\/Mercedes_AMG_GT_Black_Series_ONE_TEAM-10-390x205.jpg\" alt=\"\"><\/a><div class=\"html5gallery-info\"><\/div><a class=\"html5galleryimglink\" href=\"https:\/\/jornaldasoficinas.com\/pt\/wp-content\/uploads\/2021\/03\/Mercedes-AMG-GT-Black-Series\/Mercedes_AMG_GT_Black_Series_ONE_TEAM-10-392x272.jpg\" data-mediatype=1><img decoding=\"async\" class=\"html5galleryimg html5gallery-tn-image\" src=\"https:\/\/jornaldasoficinas.com\/pt\/wp-content\/uploads\/2021\/03\/Mercedes-AMG-GT-Black-Series\/Mercedes_AMG_GT_Black_Series_ONE_TEAM-10-392x272.jpg\" alt=\"\"><\/a><div class=\"html5gallery-info\"><\/div><a class=\"html5galleryimglink\" href=\"https:\/\/jornaldasoficinas.com\/pt\/wp-content\/uploads\/2021\/03\/Mercedes-AMG-GT-Black-Series\/Mercedes_AMG_GT_Black_Series_ONE_TEAM-10-575x198.jpg\" data-mediatype=1><img decoding=\"async\" class=\"html5galleryimg html5gallery-tn-image\" src=\"https:\/\/jornaldasoficinas.com\/pt\/wp-content\/uploads\/2021\/03\/Mercedes-AMG-GT-Black-Series\/Mercedes_AMG_GT_Black_Series_ONE_TEAM-10-575x198.jpg\" alt=\"\"><\/a><div class=\"html5gallery-info\"><\/div><a class=\"html5galleryimglink\" href=\"https:\/\/jornaldasoficinas.com\/pt\/wp-content\/uploads\/2021\/03\/Mercedes-AMG-GT-Black-Series\/Mercedes_AMG_GT_Black_Series_ONE_TEAM-10-600x417.jpg\" data-mediatype=1><img decoding=\"async\" class=\"html5galleryimg html5gallery-tn-image\" src=\"https:\/\/jornaldasoficinas.com\/pt\/wp-content\/uploads\/2021\/03\/Mercedes-AMG-GT-Black-Series\/Mercedes_AMG_GT_Black_Series_ONE_TEAM-10-600x417.jpg\" alt=\"\"><\/a><div class=\"html5gallery-info\"><\/div><a class=\"html5galleryimglink\" href=\"https:\/\/jornaldasoficinas.com\/pt\/wp-content\/uploads\/2021\/03\/Mercedes-AMG-GT-Black-Series\/Mercedes_AMG_GT_Black_Series_ONE_TEAM-10-768x436.jpg\" data-mediatype=1><img decoding=\"async\" class=\"html5galleryimg html5gallery-tn-image\" src=\"https:\/\/jornaldasoficinas.com\/pt\/wp-content\/uploads\/2021\/03\/Mercedes-AMG-GT-Black-Series\/Mercedes_AMG_GT_Black_Series_ONE_TEAM-10-768x436.jpg\" alt=\"\"><\/a><div class=\"html5gallery-info\"><\/div><a class=\"html5galleryimglink\" href=\"https:\/\/jornaldasoficinas.com\/pt\/wp-content\/uploads\/2021\/03\/Mercedes-AMG-GT-Black-Series\/Mercedes_AMG_GT_Black_Series_ONE_TEAM-10-800x445.jpg\" data-mediatype=1><img decoding=\"async\" class=\"html5galleryimg html5gallery-tn-image\" src=\"https:\/\/jornaldasoficinas.com\/pt\/wp-content\/uploads\/2021\/03\/Mercedes-AMG-GT-Black-Series\/Mercedes_AMG_GT_Black_Series_ONE_TEAM-10-800x445.jpg\" alt=\"\"><\/a><div class=\"html5gallery-info\"><\/div><a class=\"html5galleryimglink\" href=\"https:\/\/jornaldasoficinas.com\/pt\/wp-content\/uploads\/2021\/03\/Mercedes-AMG-GT-Black-Series\/Mercedes_AMG_GT_Black_Series_ONE_TEAM-10.jpg\" data-mediatype=1><img decoding=\"async\" class=\"html5galleryimg html5gallery-tn-image\" src=\"https:\/\/jornaldasoficinas.com\/pt\/wp-content\/uploads\/2021\/03\/Mercedes-AMG-GT-Black-Series\/Mercedes_AMG_GT_Black_Series_ONE_TEAM-10.jpg\" alt=\"\"><\/a><div class=\"html5gallery-info\"><\/div><a class=\"html5galleryimglink\" href=\"https:\/\/jornaldasoficinas.com\/pt\/wp-content\/uploads\/2021\/03\/Mercedes-AMG-GT-Black-Series\/Mercedes_AMG_GT_Black_Series_ONE_TEAM-2-1024x480.jpg\" data-mediatype=1><img decoding=\"async\" class=\"html5galleryimg html5gallery-tn-image\" src=\"https:\/\/jornaldasoficinas.com\/pt\/wp-content\/uploads\/2021\/03\/Mercedes-AMG-GT-Black-Series\/Mercedes_AMG_GT_Black_Series_ONE_TEAM-2-1024x480.jpg\" alt=\"\"><\/a><div class=\"html5gallery-info\"><\/div><a class=\"html5galleryimglink\" href=\"https:\/\/jornaldasoficinas.com\/pt\/wp-content\/uploads\/2021\/03\/Mercedes-AMG-GT-Black-Series\/Mercedes_AMG_GT_Black_Series_ONE_TEAM-2-130x90.jpg\" data-mediatype=1><img decoding=\"async\" class=\"html5galleryimg html5gallery-tn-image\" src=\"https:\/\/jornaldasoficinas.com\/pt\/wp-content\/uploads\/2021\/03\/Mercedes-AMG-GT-Black-Series\/Mercedes_AMG_GT_Black_Series_ONE_TEAM-2-130x90.jpg\" alt=\"\"><\/a><div class=\"html5gallery-info\"><\/div><a class=\"html5galleryimglink\" href=\"https:\/\/jornaldasoficinas.com\/pt\/wp-content\/uploads\/2021\/03\/Mercedes-AMG-GT-Black-Series\/Mercedes_AMG_GT_Black_Series_ONE_TEAM-2-150x150.jpg\" data-mediatype=1><img decoding=\"async\" class=\"html5galleryimg html5gallery-tn-image\" src=\"https:\/\/jornaldasoficinas.com\/pt\/wp-content\/uploads\/2021\/03\/Mercedes-AMG-GT-Black-Series\/Mercedes_AMG_GT_Black_Series_ONE_TEAM-2-150x150.jpg\" alt=\"\"><\/a><div class=\"html5gallery-info\"><\/div><a class=\"html5galleryimglink\" href=\"https:\/\/jornaldasoficinas.com\/pt\/wp-content\/uploads\/2021\/03\/Mercedes-AMG-GT-Black-Series\/Mercedes_AMG_GT_Black_Series_ONE_TEAM-2-150x85.jpg\" data-mediatype=1><img decoding=\"async\" class=\"html5galleryimg html5gallery-tn-image\" src=\"https:\/\/jornaldasoficinas.com\/pt\/wp-content\/uploads\/2021\/03\/Mercedes-AMG-GT-Black-Series\/Mercedes_AMG_GT_Black_Series_ONE_TEAM-2-150x85.jpg\" alt=\"\"><\/a><div class=\"html5gallery-info\"><\/div><a class=\"html5galleryimglink\" href=\"https:\/\/jornaldasoficinas.com\/pt\/wp-content\/uploads\/2021\/03\/Mercedes-AMG-GT-Black-Series\/Mercedes_AMG_GT_Black_Series_ONE_TEAM-2-285x450.jpg\" data-mediatype=1><img decoding=\"async\" class=\"html5galleryimg html5gallery-tn-image\" src=\"https:\/\/jornaldasoficinas.com\/pt\/wp-content\/uploads\/2021\/03\/Mercedes-AMG-GT-Black-Series\/Mercedes_AMG_GT_Black_Series_ONE_TEAM-2-285x450.jpg\" alt=\"\"><\/a><div class=\"html5gallery-info\"><\/div><a class=\"html5galleryimglink\" href=\"https:\/\/jornaldasoficinas.com\/pt\/wp-content\/uploads\/2021\/03\/Mercedes-AMG-GT-Black-Series\/Mercedes_AMG_GT_Black_Series_ONE_TEAM-2-300x170.jpg\" data-mediatype=1><img decoding=\"async\" class=\"html5galleryimg html5gallery-tn-image\" src=\"https:\/\/jornaldasoficinas.com\/pt\/wp-content\/uploads\/2021\/03\/Mercedes-AMG-GT-Black-Series\/Mercedes_AMG_GT_Black_Series_ONE_TEAM-2-300x170.jpg\" alt=\"\"><\/a><div class=\"html5gallery-info\"><\/div><a class=\"html5galleryimglink\" href=\"https:\/\/jornaldasoficinas.com\/pt\/wp-content\/uploads\/2021\/03\/Mercedes-AMG-GT-Black-Series\/Mercedes_AMG_GT_Black_Series_ONE_TEAM-2-390x205.jpg\" data-mediatype=1><img decoding=\"async\" class=\"html5galleryimg html5gallery-tn-image\" src=\"https:\/\/jornaldasoficinas.com\/pt\/wp-content\/uploads\/2021\/03\/Mercedes-AMG-GT-Black-Series\/Mercedes_AMG_GT_Black_Series_ONE_TEAM-2-390x205.jpg\" alt=\"\"><\/a><div class=\"html5gallery-info\"><\/div><a class=\"html5galleryimglink\" href=\"https:\/\/jornaldasoficinas.com\/pt\/wp-content\/uploads\/2021\/03\/Mercedes-AMG-GT-Black-Series\/Mercedes_AMG_GT_Black_Series_ONE_TEAM-2-392x272.jpg\" data-mediatype=1><img decoding=\"async\" class=\"html5galleryimg html5gallery-tn-image\" src=\"https:\/\/jornaldasoficinas.com\/pt\/wp-content\/uploads\/2021\/03\/Mercedes-AMG-GT-Black-Series\/Mercedes_AMG_GT_Black_Series_ONE_TEAM-2-392x272.jpg\" alt=\"\"><\/a><div class=\"html5gallery-info\"><\/div><a class=\"html5galleryimglink\" href=\"https:\/\/jornaldasoficinas.com\/pt\/wp-content\/uploads\/2021\/03\/Mercedes-AMG-GT-Black-Series\/Mercedes_AMG_GT_Black_Series_ONE_TEAM-2-575x198.jpg\" data-mediatype=1><img decoding=\"async\" class=\"html5galleryimg html5gallery-tn-image\" src=\"https:\/\/jornaldasoficinas.com\/pt\/wp-content\/uploads\/2021\/03\/Mercedes-AMG-GT-Black-Series\/Mercedes_AMG_GT_Black_Series_ONE_TEAM-2-575x198.jpg\" alt=\"\"><\/a><div class=\"html5gallery-info\"><\/div><a class=\"html5galleryimglink\" href=\"https:\/\/jornaldasoficinas.com\/pt\/wp-content\/uploads\/2021\/03\/Mercedes-AMG-GT-Black-Series\/Mercedes_AMG_GT_Black_Series_ONE_TEAM-2-600x417.jpg\" data-mediatype=1><img decoding=\"async\" class=\"html5galleryimg html5gallery-tn-image\" src=\"https:\/\/jornaldasoficinas.com\/pt\/wp-content\/uploads\/2021\/03\/Mercedes-AMG-GT-Black-Series\/Mercedes_AMG_GT_Black_Series_ONE_TEAM-2-600x417.jpg\" alt=\"\"><\/a><div class=\"html5gallery-info\"><\/div><a class=\"html5galleryimglink\" href=\"https:\/\/jornaldasoficinas.com\/pt\/wp-content\/uploads\/2021\/03\/Mercedes-AMG-GT-Black-Series\/Mercedes_AMG_GT_Black_Series_ONE_TEAM-2-768x436.jpg\" data-mediatype=1><img decoding=\"async\" class=\"html5galleryimg html5gallery-tn-image\" src=\"https:\/\/jornaldasoficinas.com\/pt\/wp-content\/uploads\/2021\/03\/Mercedes-AMG-GT-Black-Series\/Mercedes_AMG_GT_Black_Series_ONE_TEAM-2-768x436.jpg\" alt=\"\"><\/a><div class=\"html5gallery-info\"><\/div><a class=\"html5galleryimglink\" href=\"https:\/\/jornaldasoficinas.com\/pt\/wp-content\/uploads\/2021\/03\/Mercedes-AMG-GT-Black-Series\/Mercedes_AMG_GT_Black_Series_ONE_TEAM-2-800x445.jpg\" data-mediatype=1><img decoding=\"async\" class=\"html5galleryimg html5gallery-tn-image\" src=\"https:\/\/jornaldasoficinas.com\/pt\/wp-content\/uploads\/2021\/03\/Mercedes-AMG-GT-Black-Series\/Mercedes_AMG_GT_Black_Series_ONE_TEAM-2-800x445.jpg\" alt=\"\"><\/a><div class=\"html5gallery-info\"><\/div><a class=\"html5galleryimglink\" href=\"https:\/\/jornaldasoficinas.com\/pt\/wp-content\/uploads\/2021\/03\/Mercedes-AMG-GT-Black-Series\/Mercedes_AMG_GT_Black_Series_ONE_TEAM-2.jpg\" data-mediatype=1><img decoding=\"async\" class=\"html5galleryimg html5gallery-tn-image\" src=\"https:\/\/jornaldasoficinas.com\/pt\/wp-content\/uploads\/2021\/03\/Mercedes-AMG-GT-Black-Series\/Mercedes_AMG_GT_Black_Series_ONE_TEAM-2.jpg\" alt=\"\"><\/a><div class=\"html5gallery-info\"><\/div><a class=\"html5galleryimglink\" href=\"https:\/\/jornaldasoficinas.com\/pt\/wp-content\/uploads\/2021\/03\/Mercedes-AMG-GT-Black-Series\/Mercedes_AMG_GT_Black_Series_ONE_TEAM-3-1024x480.jpg\" data-mediatype=1><img decoding=\"async\" class=\"html5galleryimg html5gallery-tn-image\" src=\"https:\/\/jornaldasoficinas.com\/pt\/wp-content\/uploads\/2021\/03\/Mercedes-AMG-GT-Black-Series\/Mercedes_AMG_GT_Black_Series_ONE_TEAM-3-1024x480.jpg\" alt=\"\"><\/a><div class=\"html5gallery-info\"><\/div><a class=\"html5galleryimglink\" href=\"https:\/\/jornaldasoficinas.com\/pt\/wp-content\/uploads\/2021\/03\/Mercedes-AMG-GT-Black-Series\/Mercedes_AMG_GT_Black_Series_ONE_TEAM-3-130x90.jpg\" data-mediatype=1><img decoding=\"async\" class=\"html5galleryimg html5gallery-tn-image\" src=\"https:\/\/jornaldasoficinas.com\/pt\/wp-content\/uploads\/2021\/03\/Mercedes-AMG-GT-Black-Series\/Mercedes_AMG_GT_Black_Series_ONE_TEAM-3-130x90.jpg\" alt=\"\"><\/a><div class=\"html5gallery-info\"><\/div><a class=\"html5galleryimglink\" href=\"https:\/\/jornaldasoficinas.com\/pt\/wp-content\/uploads\/2021\/03\/Mercedes-AMG-GT-Black-Series\/Mercedes_AMG_GT_Black_Series_ONE_TEAM-3-150x150.jpg\" data-mediatype=1><img decoding=\"async\" class=\"html5galleryimg html5gallery-tn-image\" src=\"https:\/\/jornaldasoficinas.com\/pt\/wp-content\/uploads\/2021\/03\/Mercedes-AMG-GT-Black-Series\/Mercedes_AMG_GT_Black_Series_ONE_TEAM-3-150x150.jpg\" alt=\"\"><\/a><div class=\"html5gallery-info\"><\/div><a class=\"html5galleryimglink\" href=\"https:\/\/jornaldasoficinas.com\/pt\/wp-content\/uploads\/2021\/03\/Mercedes-AMG-GT-Black-Series\/Mercedes_AMG_GT_Black_Series_ONE_TEAM-3-150x85.jpg\" data-mediatype=1><img decoding=\"async\" class=\"html5galleryimg html5gallery-tn-image\" src=\"https:\/\/jornaldasoficinas.com\/pt\/wp-content\/uploads\/2021\/03\/Mercedes-AMG-GT-Black-Series\/Mercedes_AMG_GT_Black_Series_ONE_TEAM-3-150x85.jpg\" alt=\"\"><\/a><div class=\"html5gallery-info\"><\/div><a class=\"html5galleryimglink\" href=\"https:\/\/jornaldasoficinas.com\/pt\/wp-content\/uploads\/2021\/03\/Mercedes-AMG-GT-Black-Series\/Mercedes_AMG_GT_Black_Series_ONE_TEAM-3-285x450.jpg\" data-mediatype=1><img decoding=\"async\" class=\"html5galleryimg html5gallery-tn-image\" src=\"https:\/\/jornaldasoficinas.com\/pt\/wp-content\/uploads\/2021\/03\/Mercedes-AMG-GT-Black-Series\/Mercedes_AMG_GT_Black_Series_ONE_TEAM-3-285x450.jpg\" alt=\"\"><\/a><div class=\"html5gallery-info\"><\/div><a class=\"html5galleryimglink\" href=\"https:\/\/jornaldasoficinas.com\/pt\/wp-content\/uploads\/2021\/03\/Mercedes-AMG-GT-Black-Series\/Mercedes_AMG_GT_Black_Series_ONE_TEAM-3-300x170.jpg\" data-mediatype=1><img decoding=\"async\" class=\"html5galleryimg html5gallery-tn-image\" src=\"https:\/\/jornaldasoficinas.com\/pt\/wp-content\/uploads\/2021\/03\/Mercedes-AMG-GT-Black-Series\/Mercedes_AMG_GT_Black_Series_ONE_TEAM-3-300x170.jpg\" alt=\"\"><\/a><div class=\"html5gallery-info\"><\/div><a class=\"html5galleryimglink\" href=\"https:\/\/jornaldasoficinas.com\/pt\/wp-content\/uploads\/2021\/03\/Mercedes-AMG-GT-Black-Series\/Mercedes_AMG_GT_Black_Series_ONE_TEAM-3-390x205.jpg\" data-mediatype=1><img decoding=\"async\" class=\"html5galleryimg html5gallery-tn-image\" src=\"https:\/\/jornaldasoficinas.com\/pt\/wp-content\/uploads\/2021\/03\/Mercedes-AMG-GT-Black-Series\/Mercedes_AMG_GT_Black_Series_ONE_TEAM-3-390x205.jpg\" alt=\"\"><\/a><div class=\"html5gallery-info\"><\/div><a class=\"html5galleryimglink\" href=\"https:\/\/jornaldasoficinas.com\/pt\/wp-content\/uploads\/2021\/03\/Mercedes-AMG-GT-Black-Series\/Mercedes_AMG_GT_Black_Series_ONE_TEAM-3-392x272.jpg\" data-mediatype=1><img decoding=\"async\" class=\"html5galleryimg html5gallery-tn-image\" src=\"https:\/\/jornaldasoficinas.com\/pt\/wp-content\/uploads\/2021\/03\/Mercedes-AMG-GT-Black-Series\/Mercedes_AMG_GT_Black_Series_ONE_TEAM-3-392x272.jpg\" alt=\"\"><\/a><div class=\"html5gallery-info\"><\/div><a class=\"html5galleryimglink\" href=\"https:\/\/jornaldasoficinas.com\/pt\/wp-content\/uploads\/2021\/03\/Mercedes-AMG-GT-Black-Series\/Mercedes_AMG_GT_Black_Series_ONE_TEAM-3-575x198.jpg\" data-mediatype=1><img decoding=\"async\" class=\"html5galleryimg html5gallery-tn-image\" src=\"https:\/\/jornaldasoficinas.com\/pt\/wp-content\/uploads\/2021\/03\/Mercedes-AMG-GT-Black-Series\/Mercedes_AMG_GT_Black_Series_ONE_TEAM-3-575x198.jpg\" alt=\"\"><\/a><div class=\"html5gallery-info\"><\/div><a class=\"html5galleryimglink\" href=\"https:\/\/jornaldasoficinas.com\/pt\/wp-content\/uploads\/2021\/03\/Mercedes-AMG-GT-Black-Series\/Mercedes_AMG_GT_Black_Series_ONE_TEAM-3-600x417.jpg\" data-mediatype=1><img decoding=\"async\" class=\"html5galleryimg html5gallery-tn-image\" src=\"https:\/\/jornaldasoficinas.com\/pt\/wp-content\/uploads\/2021\/03\/Mercedes-AMG-GT-Black-Series\/Mercedes_AMG_GT_Black_Series_ONE_TEAM-3-600x417.jpg\" alt=\"\"><\/a><div class=\"html5gallery-info\"><\/div><a class=\"html5galleryimglink\" href=\"https:\/\/jornaldasoficinas.com\/pt\/wp-content\/uploads\/2021\/03\/Mercedes-AMG-GT-Black-Series\/Mercedes_AMG_GT_Black_Series_ONE_TEAM-3-768x436.jpg\" data-mediatype=1><img decoding=\"async\" class=\"html5galleryimg html5gallery-tn-image\" src=\"https:\/\/jornaldasoficinas.com\/pt\/wp-content\/uploads\/2021\/03\/Mercedes-AMG-GT-Black-Series\/Mercedes_AMG_GT_Black_Series_ONE_TEAM-3-768x436.jpg\" alt=\"\"><\/a><div class=\"html5gallery-info\"><\/div><a class=\"html5galleryimglink\" href=\"https:\/\/jornaldasoficinas.com\/pt\/wp-content\/uploads\/2021\/03\/Mercedes-AMG-GT-Black-Series\/Mercedes_AMG_GT_Black_Series_ONE_TEAM-3-800x445.jpg\" data-mediatype=1><img decoding=\"async\" class=\"html5galleryimg html5gallery-tn-image\" src=\"https:\/\/jornaldasoficinas.com\/pt\/wp-content\/uploads\/2021\/03\/Mercedes-AMG-GT-Black-Series\/Mercedes_AMG_GT_Black_Series_ONE_TEAM-3-800x445.jpg\" alt=\"\"><\/a><div class=\"html5gallery-info\"><\/div><a class=\"html5galleryimglink\" href=\"https:\/\/jornaldasoficinas.com\/pt\/wp-content\/uploads\/2021\/03\/Mercedes-AMG-GT-Black-Series\/Mercedes_AMG_GT_Black_Series_ONE_TEAM-3.jpg\" data-mediatype=1><img decoding=\"async\" class=\"html5galleryimg html5gallery-tn-image\" src=\"https:\/\/jornaldasoficinas.com\/pt\/wp-content\/uploads\/2021\/03\/Mercedes-AMG-GT-Black-Series\/Mercedes_AMG_GT_Black_Series_ONE_TEAM-3.jpg\" alt=\"\"><\/a><div class=\"html5gallery-info\"><\/div><a class=\"html5galleryimglink\" href=\"https:\/\/jornaldasoficinas.com\/pt\/wp-content\/uploads\/2021\/03\/Mercedes-AMG-GT-Black-Series\/Mercedes_AMG_GT_Black_Series_ONE_TEAM-4-1024x480.jpg\" data-mediatype=1><img decoding=\"async\" class=\"html5galleryimg html5gallery-tn-image\" src=\"https:\/\/jornaldasoficinas.com\/pt\/wp-content\/uploads\/2021\/03\/Mercedes-AMG-GT-Black-Series\/Mercedes_AMG_GT_Black_Series_ONE_TEAM-4-1024x480.jpg\" alt=\"\"><\/a><div class=\"html5gallery-info\"><\/div><a class=\"html5galleryimglink\" href=\"https:\/\/jornaldasoficinas.com\/pt\/wp-content\/uploads\/2021\/03\/Mercedes-AMG-GT-Black-Series\/Mercedes_AMG_GT_Black_Series_ONE_TEAM-4-130x90.jpg\" data-mediatype=1><img decoding=\"async\" class=\"html5galleryimg html5gallery-tn-image\" src=\"https:\/\/jornaldasoficinas.com\/pt\/wp-content\/uploads\/2021\/03\/Mercedes-AMG-GT-Black-Series\/Mercedes_AMG_GT_Black_Series_ONE_TEAM-4-130x90.jpg\" alt=\"\"><\/a><div class=\"html5gallery-info\"><\/div><a class=\"html5galleryimglink\" href=\"https:\/\/jornaldasoficinas.com\/pt\/wp-content\/uploads\/2021\/03\/Mercedes-AMG-GT-Black-Series\/Mercedes_AMG_GT_Black_Series_ONE_TEAM-4-150x150.jpg\" data-mediatype=1><img decoding=\"async\" class=\"html5galleryimg html5gallery-tn-image\" src=\"https:\/\/jornaldasoficinas.com\/pt\/wp-content\/uploads\/2021\/03\/Mercedes-AMG-GT-Black-Series\/Mercedes_AMG_GT_Black_Series_ONE_TEAM-4-150x150.jpg\" alt=\"\"><\/a><div class=\"html5gallery-info\"><\/div><a class=\"html5galleryimglink\" href=\"https:\/\/jornaldasoficinas.com\/pt\/wp-content\/uploads\/2021\/03\/Mercedes-AMG-GT-Black-Series\/Mercedes_AMG_GT_Black_Series_ONE_TEAM-4-150x85.jpg\" data-mediatype=1><img decoding=\"async\" class=\"html5galleryimg html5gallery-tn-image\" src=\"https:\/\/jornaldasoficinas.com\/pt\/wp-content\/uploads\/2021\/03\/Mercedes-AMG-GT-Black-Series\/Mercedes_AMG_GT_Black_Series_ONE_TEAM-4-150x85.jpg\" alt=\"\"><\/a><div class=\"html5gallery-info\"><\/div><a class=\"html5galleryimglink\" href=\"https:\/\/jornaldasoficinas.com\/pt\/wp-content\/uploads\/2021\/03\/Mercedes-AMG-GT-Black-Series\/Mercedes_AMG_GT_Black_Series_ONE_TEAM-4-285x450.jpg\" data-mediatype=1><img decoding=\"async\" class=\"html5galleryimg html5gallery-tn-image\" src=\"https:\/\/jornaldasoficinas.com\/pt\/wp-content\/uploads\/2021\/03\/Mercedes-AMG-GT-Black-Series\/Mercedes_AMG_GT_Black_Series_ONE_TEAM-4-285x450.jpg\" alt=\"\"><\/a><div class=\"html5gallery-info\"><\/div><a class=\"html5galleryimglink\" href=\"https:\/\/jornaldasoficinas.com\/pt\/wp-content\/uploads\/2021\/03\/Mercedes-AMG-GT-Black-Series\/Mercedes_AMG_GT_Black_Series_ONE_TEAM-4-300x170.jpg\" data-mediatype=1><img decoding=\"async\" class=\"html5galleryimg html5gallery-tn-image\" src=\"https:\/\/jornaldasoficinas.com\/pt\/wp-content\/uploads\/2021\/03\/Mercedes-AMG-GT-Black-Series\/Mercedes_AMG_GT_Black_Series_ONE_TEAM-4-300x170.jpg\" alt=\"\"><\/a><div class=\"html5gallery-info\"><\/div><a class=\"html5galleryimglink\" href=\"https:\/\/jornaldasoficinas.com\/pt\/wp-content\/uploads\/2021\/03\/Mercedes-AMG-GT-Black-Series\/Mercedes_AMG_GT_Black_Series_ONE_TEAM-4-390x205.jpg\" data-mediatype=1><img decoding=\"async\" class=\"html5galleryimg html5gallery-tn-image\" src=\"https:\/\/jornaldasoficinas.com\/pt\/wp-content\/uploads\/2021\/03\/Mercedes-AMG-GT-Black-Series\/Mercedes_AMG_GT_Black_Series_ONE_TEAM-4-390x205.jpg\" alt=\"\"><\/a><div class=\"html5gallery-info\"><\/div><a class=\"html5galleryimglink\" href=\"https:\/\/jornaldasoficinas.com\/pt\/wp-content\/uploads\/2021\/03\/Mercedes-AMG-GT-Black-Series\/Mercedes_AMG_GT_Black_Series_ONE_TEAM-4-392x272.jpg\" data-mediatype=1><img decoding=\"async\" class=\"html5galleryimg html5gallery-tn-image\" src=\"https:\/\/jornaldasoficinas.com\/pt\/wp-content\/uploads\/2021\/03\/Mercedes-AMG-GT-Black-Series\/Mercedes_AMG_GT_Black_Series_ONE_TEAM-4-392x272.jpg\" alt=\"\"><\/a><div class=\"html5gallery-info\"><\/div><a class=\"html5galleryimglink\" href=\"https:\/\/jornaldasoficinas.com\/pt\/wp-content\/uploads\/2021\/03\/Mercedes-AMG-GT-Black-Series\/Mercedes_AMG_GT_Black_Series_ONE_TEAM-4-575x198.jpg\" data-mediatype=1><img decoding=\"async\" class=\"html5galleryimg html5gallery-tn-image\" src=\"https:\/\/jornaldasoficinas.com\/pt\/wp-content\/uploads\/2021\/03\/Mercedes-AMG-GT-Black-Series\/Mercedes_AMG_GT_Black_Series_ONE_TEAM-4-575x198.jpg\" alt=\"\"><\/a><div class=\"html5gallery-info\"><\/div><a class=\"html5galleryimglink\" href=\"https:\/\/jornaldasoficinas.com\/pt\/wp-content\/uploads\/2021\/03\/Mercedes-AMG-GT-Black-Series\/Mercedes_AMG_GT_Black_Series_ONE_TEAM-4-600x417.jpg\" data-mediatype=1><img decoding=\"async\" class=\"html5galleryimg html5gallery-tn-image\" src=\"https:\/\/jornaldasoficinas.com\/pt\/wp-content\/uploads\/2021\/03\/Mercedes-AMG-GT-Black-Series\/Mercedes_AMG_GT_Black_Series_ONE_TEAM-4-600x417.jpg\" alt=\"\"><\/a><div class=\"html5gallery-info\"><\/div><a class=\"html5galleryimglink\" href=\"https:\/\/jornaldasoficinas.com\/pt\/wp-content\/uploads\/2021\/03\/Mercedes-AMG-GT-Black-Series\/Mercedes_AMG_GT_Black_Series_ONE_TEAM-4-768x436.jpg\" data-mediatype=1><img decoding=\"async\" class=\"html5galleryimg html5gallery-tn-image\" src=\"https:\/\/jornaldasoficinas.com\/pt\/wp-content\/uploads\/2021\/03\/Mercedes-AMG-GT-Black-Series\/Mercedes_AMG_GT_Black_Series_ONE_TEAM-4-768x436.jpg\" alt=\"\"><\/a><div class=\"html5gallery-info\"><\/div><a class=\"html5galleryimglink\" href=\"https:\/\/jornaldasoficinas.com\/pt\/wp-content\/uploads\/2021\/03\/Mercedes-AMG-GT-Black-Series\/Mercedes_AMG_GT_Black_Series_ONE_TEAM-4-800x445.jpg\" data-mediatype=1><img decoding=\"async\" class=\"html5galleryimg html5gallery-tn-image\" src=\"https:\/\/jornaldasoficinas.com\/pt\/wp-content\/uploads\/2021\/03\/Mercedes-AMG-GT-Black-Series\/Mercedes_AMG_GT_Black_Series_ONE_TEAM-4-800x445.jpg\" alt=\"\"><\/a><div class=\"html5gallery-info\"><\/div><a class=\"html5galleryimglink\" href=\"https:\/\/jornaldasoficinas.com\/pt\/wp-content\/uploads\/2021\/03\/Mercedes-AMG-GT-Black-Series\/Mercedes_AMG_GT_Black_Series_ONE_TEAM-4.jpg\" data-mediatype=1><img decoding=\"async\" class=\"html5galleryimg html5gallery-tn-image\" src=\"https:\/\/jornaldasoficinas.com\/pt\/wp-content\/uploads\/2021\/03\/Mercedes-AMG-GT-Black-Series\/Mercedes_AMG_GT_Black_Series_ONE_TEAM-4.jpg\" alt=\"\"><\/a><div class=\"html5gallery-info\"><\/div><a class=\"html5galleryimglink\" href=\"https:\/\/jornaldasoficinas.com\/pt\/wp-content\/uploads\/2021\/03\/Mercedes-AMG-GT-Black-Series\/Mercedes_AMG_GT_Black_Series_ONE_TEAM-5-1024x480.jpg\" data-mediatype=1><img decoding=\"async\" class=\"html5galleryimg html5gallery-tn-image\" src=\"https:\/\/jornaldasoficinas.com\/pt\/wp-content\/uploads\/2021\/03\/Mercedes-AMG-GT-Black-Series\/Mercedes_AMG_GT_Black_Series_ONE_TEAM-5-1024x480.jpg\" alt=\"\"><\/a><div class=\"html5gallery-info\"><\/div><a class=\"html5galleryimglink\" href=\"https:\/\/jornaldasoficinas.com\/pt\/wp-content\/uploads\/2021\/03\/Mercedes-AMG-GT-Black-Series\/Mercedes_AMG_GT_Black_Series_ONE_TEAM-5-130x90.jpg\" data-mediatype=1><img decoding=\"async\" class=\"html5galleryimg html5gallery-tn-image\" src=\"https:\/\/jornaldasoficinas.com\/pt\/wp-content\/uploads\/2021\/03\/Mercedes-AMG-GT-Black-Series\/Mercedes_AMG_GT_Black_Series_ONE_TEAM-5-130x90.jpg\" alt=\"\"><\/a><div class=\"html5gallery-info\"><\/div><a class=\"html5galleryimglink\" href=\"https:\/\/jornaldasoficinas.com\/pt\/wp-content\/uploads\/2021\/03\/Mercedes-AMG-GT-Black-Series\/Mercedes_AMG_GT_Black_Series_ONE_TEAM-5-150x150.jpg\" data-mediatype=1><img decoding=\"async\" class=\"html5galleryimg html5gallery-tn-image\" src=\"https:\/\/jornaldasoficinas.com\/pt\/wp-content\/uploads\/2021\/03\/Mercedes-AMG-GT-Black-Series\/Mercedes_AMG_GT_Black_Series_ONE_TEAM-5-150x150.jpg\" alt=\"\"><\/a><div class=\"html5gallery-info\"><\/div><a class=\"html5galleryimglink\" href=\"https:\/\/jornaldasoficinas.com\/pt\/wp-content\/uploads\/2021\/03\/Mercedes-AMG-GT-Black-Series\/Mercedes_AMG_GT_Black_Series_ONE_TEAM-5-150x85.jpg\" data-mediatype=1><img decoding=\"async\" class=\"html5galleryimg html5gallery-tn-image\" src=\"https:\/\/jornaldasoficinas.com\/pt\/wp-content\/uploads\/2021\/03\/Mercedes-AMG-GT-Black-Series\/Mercedes_AMG_GT_Black_Series_ONE_TEAM-5-150x85.jpg\" alt=\"\"><\/a><div class=\"html5gallery-info\"><\/div><a class=\"html5galleryimglink\" href=\"https:\/\/jornaldasoficinas.com\/pt\/wp-content\/uploads\/2021\/03\/Mercedes-AMG-GT-Black-Series\/Mercedes_AMG_GT_Black_Series_ONE_TEAM-5-285x450.jpg\" data-mediatype=1><img decoding=\"async\" class=\"html5galleryimg html5gallery-tn-image\" src=\"https:\/\/jornaldasoficinas.com\/pt\/wp-content\/uploads\/2021\/03\/Mercedes-AMG-GT-Black-Series\/Mercedes_AMG_GT_Black_Series_ONE_TEAM-5-285x450.jpg\" alt=\"\"><\/a><div class=\"html5gallery-info\"><\/div><a class=\"html5galleryimglink\" href=\"https:\/\/jornaldasoficinas.com\/pt\/wp-content\/uploads\/2021\/03\/Mercedes-AMG-GT-Black-Series\/Mercedes_AMG_GT_Black_Series_ONE_TEAM-5-300x170.jpg\" data-mediatype=1><img decoding=\"async\" class=\"html5galleryimg html5gallery-tn-image\" src=\"https:\/\/jornaldasoficinas.com\/pt\/wp-content\/uploads\/2021\/03\/Mercedes-AMG-GT-Black-Series\/Mercedes_AMG_GT_Black_Series_ONE_TEAM-5-300x170.jpg\" alt=\"\"><\/a><div class=\"html5gallery-info\"><\/div><a class=\"html5galleryimglink\" href=\"https:\/\/jornaldasoficinas.com\/pt\/wp-content\/uploads\/2021\/03\/Mercedes-AMG-GT-Black-Series\/Mercedes_AMG_GT_Black_Series_ONE_TEAM-5-390x205.jpg\" data-mediatype=1><img decoding=\"async\" class=\"html5galleryimg html5gallery-tn-image\" src=\"https:\/\/jornaldasoficinas.com\/pt\/wp-content\/uploads\/2021\/03\/Mercedes-AMG-GT-Black-Series\/Mercedes_AMG_GT_Black_Series_ONE_TEAM-5-390x205.jpg\" alt=\"\"><\/a><div class=\"html5gallery-info\"><\/div><a class=\"html5galleryimglink\" href=\"https:\/\/jornaldasoficinas.com\/pt\/wp-content\/uploads\/2021\/03\/Mercedes-AMG-GT-Black-Series\/Mercedes_AMG_GT_Black_Series_ONE_TEAM-5-392x272.jpg\" data-mediatype=1><img decoding=\"async\" class=\"html5galleryimg html5gallery-tn-image\" src=\"https:\/\/jornaldasoficinas.com\/pt\/wp-content\/uploads\/2021\/03\/Mercedes-AMG-GT-Black-Series\/Mercedes_AMG_GT_Black_Series_ONE_TEAM-5-392x272.jpg\" alt=\"\"><\/a><div class=\"html5gallery-info\"><\/div><a class=\"html5galleryimglink\" href=\"https:\/\/jornaldasoficinas.com\/pt\/wp-content\/uploads\/2021\/03\/Mercedes-AMG-GT-Black-Series\/Mercedes_AMG_GT_Black_Series_ONE_TEAM-5-575x198.jpg\" data-mediatype=1><img decoding=\"async\" class=\"html5galleryimg html5gallery-tn-image\" src=\"https:\/\/jornaldasoficinas.com\/pt\/wp-content\/uploads\/2021\/03\/Mercedes-AMG-GT-Black-Series\/Mercedes_AMG_GT_Black_Series_ONE_TEAM-5-575x198.jpg\" alt=\"\"><\/a><div class=\"html5gallery-info\"><\/div><a class=\"html5galleryimglink\" href=\"https:\/\/jornaldasoficinas.com\/pt\/wp-content\/uploads\/2021\/03\/Mercedes-AMG-GT-Black-Series\/Mercedes_AMG_GT_Black_Series_ONE_TEAM-5-600x417.jpg\" data-mediatype=1><img decoding=\"async\" class=\"html5galleryimg html5gallery-tn-image\" src=\"https:\/\/jornaldasoficinas.com\/pt\/wp-content\/uploads\/2021\/03\/Mercedes-AMG-GT-Black-Series\/Mercedes_AMG_GT_Black_Series_ONE_TEAM-5-600x417.jpg\" alt=\"\"><\/a><div class=\"html5gallery-info\"><\/div><a class=\"html5galleryimglink\" href=\"https:\/\/jornaldasoficinas.com\/pt\/wp-content\/uploads\/2021\/03\/Mercedes-AMG-GT-Black-Series\/Mercedes_AMG_GT_Black_Series_ONE_TEAM-5-768x436.jpg\" data-mediatype=1><img decoding=\"async\" class=\"html5galleryimg html5gallery-tn-image\" src=\"https:\/\/jornaldasoficinas.com\/pt\/wp-content\/uploads\/2021\/03\/Mercedes-AMG-GT-Black-Series\/Mercedes_AMG_GT_Black_Series_ONE_TEAM-5-768x436.jpg\" alt=\"\"><\/a><div class=\"html5gallery-info\"><\/div><a class=\"html5galleryimglink\" href=\"https:\/\/jornaldasoficinas.com\/pt\/wp-content\/uploads\/2021\/03\/Mercedes-AMG-GT-Black-Series\/Mercedes_AMG_GT_Black_Series_ONE_TEAM-5-800x445.jpg\" data-mediatype=1><img decoding=\"async\" class=\"html5galleryimg html5gallery-tn-image\" src=\"https:\/\/jornaldasoficinas.com\/pt\/wp-content\/uploads\/2021\/03\/Mercedes-AMG-GT-Black-Series\/Mercedes_AMG_GT_Black_Series_ONE_TEAM-5-800x445.jpg\" alt=\"\"><\/a><div class=\"html5gallery-info\"><\/div><a class=\"html5galleryimglink\" href=\"https:\/\/jornaldasoficinas.com\/pt\/wp-content\/uploads\/2021\/03\/Mercedes-AMG-GT-Black-Series\/Mercedes_AMG_GT_Black_Series_ONE_TEAM-5.jpg\" data-mediatype=1><img decoding=\"async\" class=\"html5galleryimg html5gallery-tn-image\" src=\"https:\/\/jornaldasoficinas.com\/pt\/wp-content\/uploads\/2021\/03\/Mercedes-AMG-GT-Black-Series\/Mercedes_AMG_GT_Black_Series_ONE_TEAM-5.jpg\" alt=\"\"><\/a><div class=\"html5gallery-info\"><\/div><a class=\"html5galleryimglink\" href=\"https:\/\/jornaldasoficinas.com\/pt\/wp-content\/uploads\/2021\/03\/Mercedes-AMG-GT-Black-Series\/Mercedes_AMG_GT_Black_Series_ONE_TEAM-6-1024x480.jpg\" data-mediatype=1><img decoding=\"async\" class=\"html5galleryimg html5gallery-tn-image\" src=\"https:\/\/jornaldasoficinas.com\/pt\/wp-content\/uploads\/2021\/03\/Mercedes-AMG-GT-Black-Series\/Mercedes_AMG_GT_Black_Series_ONE_TEAM-6-1024x480.jpg\" alt=\"\"><\/a><div class=\"html5gallery-info\"><\/div><a class=\"html5galleryimglink\" href=\"https:\/\/jornaldasoficinas.com\/pt\/wp-content\/uploads\/2021\/03\/Mercedes-AMG-GT-Black-Series\/Mercedes_AMG_GT_Black_Series_ONE_TEAM-6-130x90.jpg\" data-mediatype=1><img decoding=\"async\" class=\"html5galleryimg html5gallery-tn-image\" src=\"https:\/\/jornaldasoficinas.com\/pt\/wp-content\/uploads\/2021\/03\/Mercedes-AMG-GT-Black-Series\/Mercedes_AMG_GT_Black_Series_ONE_TEAM-6-130x90.jpg\" alt=\"\"><\/a><div class=\"html5gallery-info\"><\/div><a class=\"html5galleryimglink\" href=\"https:\/\/jornaldasoficinas.com\/pt\/wp-content\/uploads\/2021\/03\/Mercedes-AMG-GT-Black-Series\/Mercedes_AMG_GT_Black_Series_ONE_TEAM-6-150x150.jpg\" data-mediatype=1><img decoding=\"async\" class=\"html5galleryimg html5gallery-tn-image\" src=\"https:\/\/jornaldasoficinas.com\/pt\/wp-content\/uploads\/2021\/03\/Mercedes-AMG-GT-Black-Series\/Mercedes_AMG_GT_Black_Series_ONE_TEAM-6-150x150.jpg\" alt=\"\"><\/a><div class=\"html5gallery-info\"><\/div><a class=\"html5galleryimglink\" href=\"https:\/\/jornaldasoficinas.com\/pt\/wp-content\/uploads\/2021\/03\/Mercedes-AMG-GT-Black-Series\/Mercedes_AMG_GT_Black_Series_ONE_TEAM-6-150x85.jpg\" data-mediatype=1><img decoding=\"async\" class=\"html5galleryimg html5gallery-tn-image\" src=\"https:\/\/jornaldasoficinas.com\/pt\/wp-content\/uploads\/2021\/03\/Mercedes-AMG-GT-Black-Series\/Mercedes_AMG_GT_Black_Series_ONE_TEAM-6-150x85.jpg\" alt=\"\"><\/a><div class=\"html5gallery-info\"><\/div><a class=\"html5galleryimglink\" href=\"https:\/\/jornaldasoficinas.com\/pt\/wp-content\/uploads\/2021\/03\/Mercedes-AMG-GT-Black-Series\/Mercedes_AMG_GT_Black_Series_ONE_TEAM-6-285x450.jpg\" data-mediatype=1><img decoding=\"async\" class=\"html5galleryimg html5gallery-tn-image\" src=\"https:\/\/jornaldasoficinas.com\/pt\/wp-content\/uploads\/2021\/03\/Mercedes-AMG-GT-Black-Series\/Mercedes_AMG_GT_Black_Series_ONE_TEAM-6-285x450.jpg\" alt=\"\"><\/a><div class=\"html5gallery-info\"><\/div><a class=\"html5galleryimglink\" href=\"https:\/\/jornaldasoficinas.com\/pt\/wp-content\/uploads\/2021\/03\/Mercedes-AMG-GT-Black-Series\/Mercedes_AMG_GT_Black_Series_ONE_TEAM-6-300x170.jpg\" data-mediatype=1><img decoding=\"async\" class=\"html5galleryimg html5gallery-tn-image\" src=\"https:\/\/jornaldasoficinas.com\/pt\/wp-content\/uploads\/2021\/03\/Mercedes-AMG-GT-Black-Series\/Mercedes_AMG_GT_Black_Series_ONE_TEAM-6-300x170.jpg\" alt=\"\"><\/a><div class=\"html5gallery-info\"><\/div><a class=\"html5galleryimglink\" href=\"https:\/\/jornaldasoficinas.com\/pt\/wp-content\/uploads\/2021\/03\/Mercedes-AMG-GT-Black-Series\/Mercedes_AMG_GT_Black_Series_ONE_TEAM-6-390x205.jpg\" data-mediatype=1><img decoding=\"async\" class=\"html5galleryimg html5gallery-tn-image\" src=\"https:\/\/jornaldasoficinas.com\/pt\/wp-content\/uploads\/2021\/03\/Mercedes-AMG-GT-Black-Series\/Mercedes_AMG_GT_Black_Series_ONE_TEAM-6-390x205.jpg\" alt=\"\"><\/a><div class=\"html5gallery-info\"><\/div><a class=\"html5galleryimglink\" href=\"https:\/\/jornaldasoficinas.com\/pt\/wp-content\/uploads\/2021\/03\/Mercedes-AMG-GT-Black-Series\/Mercedes_AMG_GT_Black_Series_ONE_TEAM-6-392x272.jpg\" data-mediatype=1><img decoding=\"async\" class=\"html5galleryimg html5gallery-tn-image\" src=\"https:\/\/jornaldasoficinas.com\/pt\/wp-content\/uploads\/2021\/03\/Mercedes-AMG-GT-Black-Series\/Mercedes_AMG_GT_Black_Series_ONE_TEAM-6-392x272.jpg\" alt=\"\"><\/a><div class=\"html5gallery-info\"><\/div><a class=\"html5galleryimglink\" href=\"https:\/\/jornaldasoficinas.com\/pt\/wp-content\/uploads\/2021\/03\/Mercedes-AMG-GT-Black-Series\/Mercedes_AMG_GT_Black_Series_ONE_TEAM-6-575x198.jpg\" data-mediatype=1><img decoding=\"async\" class=\"html5galleryimg html5gallery-tn-image\" src=\"https:\/\/jornaldasoficinas.com\/pt\/wp-content\/uploads\/2021\/03\/Mercedes-AMG-GT-Black-Series\/Mercedes_AMG_GT_Black_Series_ONE_TEAM-6-575x198.jpg\" alt=\"\"><\/a><div class=\"html5gallery-info\"><\/div><a class=\"html5galleryimglink\" href=\"https:\/\/jornaldasoficinas.com\/pt\/wp-content\/uploads\/2021\/03\/Mercedes-AMG-GT-Black-Series\/Mercedes_AMG_GT_Black_Series_ONE_TEAM-6-600x417.jpg\" data-mediatype=1><img decoding=\"async\" class=\"html5galleryimg html5gallery-tn-image\" src=\"https:\/\/jornaldasoficinas.com\/pt\/wp-content\/uploads\/2021\/03\/Mercedes-AMG-GT-Black-Series\/Mercedes_AMG_GT_Black_Series_ONE_TEAM-6-600x417.jpg\" alt=\"\"><\/a><div class=\"html5gallery-info\"><\/div><a class=\"html5galleryimglink\" href=\"https:\/\/jornaldasoficinas.com\/pt\/wp-content\/uploads\/2021\/03\/Mercedes-AMG-GT-Black-Series\/Mercedes_AMG_GT_Black_Series_ONE_TEAM-6-768x436.jpg\" data-mediatype=1><img decoding=\"async\" class=\"html5galleryimg html5gallery-tn-image\" src=\"https:\/\/jornaldasoficinas.com\/pt\/wp-content\/uploads\/2021\/03\/Mercedes-AMG-GT-Black-Series\/Mercedes_AMG_GT_Black_Series_ONE_TEAM-6-768x436.jpg\" alt=\"\"><\/a><div class=\"html5gallery-info\"><\/div><a class=\"html5galleryimglink\" href=\"https:\/\/jornaldasoficinas.com\/pt\/wp-content\/uploads\/2021\/03\/Mercedes-AMG-GT-Black-Series\/Mercedes_AMG_GT_Black_Series_ONE_TEAM-6-800x445.jpg\" data-mediatype=1><img decoding=\"async\" class=\"html5galleryimg html5gallery-tn-image\" src=\"https:\/\/jornaldasoficinas.com\/pt\/wp-content\/uploads\/2021\/03\/Mercedes-AMG-GT-Black-Series\/Mercedes_AMG_GT_Black_Series_ONE_TEAM-6-800x445.jpg\" alt=\"\"><\/a><div class=\"html5gallery-info\"><\/div><a class=\"html5galleryimglink\" href=\"https:\/\/jornaldasoficinas.com\/pt\/wp-content\/uploads\/2021\/03\/Mercedes-AMG-GT-Black-Series\/Mercedes_AMG_GT_Black_Series_ONE_TEAM-6.jpg\" data-mediatype=1><img decoding=\"async\" class=\"html5galleryimg html5gallery-tn-image\" src=\"https:\/\/jornaldasoficinas.com\/pt\/wp-content\/uploads\/2021\/03\/Mercedes-AMG-GT-Black-Series\/Mercedes_AMG_GT_Black_Series_ONE_TEAM-6.jpg\" alt=\"\"><\/a><div class=\"html5gallery-info\"><\/div><a class=\"html5galleryimglink\" href=\"https:\/\/jornaldasoficinas.com\/pt\/wp-content\/uploads\/2021\/03\/Mercedes-AMG-GT-Black-Series\/Mercedes_AMG_GT_Black_Series_ONE_TEAM-7-1024x480.jpg\" data-mediatype=1><img decoding=\"async\" class=\"html5galleryimg html5gallery-tn-image\" src=\"https:\/\/jornaldasoficinas.com\/pt\/wp-content\/uploads\/2021\/03\/Mercedes-AMG-GT-Black-Series\/Mercedes_AMG_GT_Black_Series_ONE_TEAM-7-1024x480.jpg\" alt=\"\"><\/a><div class=\"html5gallery-info\"><\/div><a class=\"html5galleryimglink\" href=\"https:\/\/jornaldasoficinas.com\/pt\/wp-content\/uploads\/2021\/03\/Mercedes-AMG-GT-Black-Series\/Mercedes_AMG_GT_Black_Series_ONE_TEAM-7-130x90.jpg\" data-mediatype=1><img decoding=\"async\" class=\"html5galleryimg html5gallery-tn-image\" src=\"https:\/\/jornaldasoficinas.com\/pt\/wp-content\/uploads\/2021\/03\/Mercedes-AMG-GT-Black-Series\/Mercedes_AMG_GT_Black_Series_ONE_TEAM-7-130x90.jpg\" alt=\"\"><\/a><div class=\"html5gallery-info\"><\/div><a class=\"html5galleryimglink\" href=\"https:\/\/jornaldasoficinas.com\/pt\/wp-content\/uploads\/2021\/03\/Mercedes-AMG-GT-Black-Series\/Mercedes_AMG_GT_Black_Series_ONE_TEAM-7-150x150.jpg\" data-mediatype=1><img decoding=\"async\" class=\"html5galleryimg html5gallery-tn-image\" src=\"https:\/\/jornaldasoficinas.com\/pt\/wp-content\/uploads\/2021\/03\/Mercedes-AMG-GT-Black-Series\/Mercedes_AMG_GT_Black_Series_ONE_TEAM-7-150x150.jpg\" alt=\"\"><\/a><div class=\"html5gallery-info\"><\/div><a class=\"html5galleryimglink\" href=\"https:\/\/jornaldasoficinas.com\/pt\/wp-content\/uploads\/2021\/03\/Mercedes-AMG-GT-Black-Series\/Mercedes_AMG_GT_Black_Series_ONE_TEAM-7-150x85.jpg\" data-mediatype=1><img decoding=\"async\" class=\"html5galleryimg html5gallery-tn-image\" src=\"https:\/\/jornaldasoficinas.com\/pt\/wp-content\/uploads\/2021\/03\/Mercedes-AMG-GT-Black-Series\/Mercedes_AMG_GT_Black_Series_ONE_TEAM-7-150x85.jpg\" alt=\"\"><\/a><div class=\"html5gallery-info\"><\/div><a class=\"html5galleryimglink\" href=\"https:\/\/jornaldasoficinas.com\/pt\/wp-content\/uploads\/2021\/03\/Mercedes-AMG-GT-Black-Series\/Mercedes_AMG_GT_Black_Series_ONE_TEAM-7-285x450.jpg\" data-mediatype=1><img decoding=\"async\" class=\"html5galleryimg html5gallery-tn-image\" src=\"https:\/\/jornaldasoficinas.com\/pt\/wp-content\/uploads\/2021\/03\/Mercedes-AMG-GT-Black-Series\/Mercedes_AMG_GT_Black_Series_ONE_TEAM-7-285x450.jpg\" alt=\"\"><\/a><div class=\"html5gallery-info\"><\/div><a class=\"html5galleryimglink\" href=\"https:\/\/jornaldasoficinas.com\/pt\/wp-content\/uploads\/2021\/03\/Mercedes-AMG-GT-Black-Series\/Mercedes_AMG_GT_Black_Series_ONE_TEAM-7-300x170.jpg\" data-mediatype=1><img decoding=\"async\" class=\"html5galleryimg html5gallery-tn-image\" src=\"https:\/\/jornaldasoficinas.com\/pt\/wp-content\/uploads\/2021\/03\/Mercedes-AMG-GT-Black-Series\/Mercedes_AMG_GT_Black_Series_ONE_TEAM-7-300x170.jpg\" alt=\"\"><\/a><div class=\"html5gallery-info\"><\/div><a class=\"html5galleryimglink\" href=\"https:\/\/jornaldasoficinas.com\/pt\/wp-content\/uploads\/2021\/03\/Mercedes-AMG-GT-Black-Series\/Mercedes_AMG_GT_Black_Series_ONE_TEAM-7-390x205.jpg\" data-mediatype=1><img decoding=\"async\" class=\"html5galleryimg html5gallery-tn-image\" src=\"https:\/\/jornaldasoficinas.com\/pt\/wp-content\/uploads\/2021\/03\/Mercedes-AMG-GT-Black-Series\/Mercedes_AMG_GT_Black_Series_ONE_TEAM-7-390x205.jpg\" alt=\"\"><\/a><div class=\"html5gallery-info\"><\/div><a class=\"html5galleryimglink\" href=\"https:\/\/jornaldasoficinas.com\/pt\/wp-content\/uploads\/2021\/03\/Mercedes-AMG-GT-Black-Series\/Mercedes_AMG_GT_Black_Series_ONE_TEAM-7-392x272.jpg\" data-mediatype=1><img decoding=\"async\" class=\"html5galleryimg html5gallery-tn-image\" src=\"https:\/\/jornaldasoficinas.com\/pt\/wp-content\/uploads\/2021\/03\/Mercedes-AMG-GT-Black-Series\/Mercedes_AMG_GT_Black_Series_ONE_TEAM-7-392x272.jpg\" alt=\"\"><\/a><div class=\"html5gallery-info\"><\/div><a class=\"html5galleryimglink\" href=\"https:\/\/jornaldasoficinas.com\/pt\/wp-content\/uploads\/2021\/03\/Mercedes-AMG-GT-Black-Series\/Mercedes_AMG_GT_Black_Series_ONE_TEAM-7-575x198.jpg\" data-mediatype=1><img decoding=\"async\" class=\"html5galleryimg html5gallery-tn-image\" src=\"https:\/\/jornaldasoficinas.com\/pt\/wp-content\/uploads\/2021\/03\/Mercedes-AMG-GT-Black-Series\/Mercedes_AMG_GT_Black_Series_ONE_TEAM-7-575x198.jpg\" alt=\"\"><\/a><div class=\"html5gallery-info\"><\/div><a class=\"html5galleryimglink\" href=\"https:\/\/jornaldasoficinas.com\/pt\/wp-content\/uploads\/2021\/03\/Mercedes-AMG-GT-Black-Series\/Mercedes_AMG_GT_Black_Series_ONE_TEAM-7-600x417.jpg\" data-mediatype=1><img decoding=\"async\" class=\"html5galleryimg html5gallery-tn-image\" src=\"https:\/\/jornaldasoficinas.com\/pt\/wp-content\/uploads\/2021\/03\/Mercedes-AMG-GT-Black-Series\/Mercedes_AMG_GT_Black_Series_ONE_TEAM-7-600x417.jpg\" alt=\"\"><\/a><div class=\"html5gallery-info\"><\/div><a class=\"html5galleryimglink\" href=\"https:\/\/jornaldasoficinas.com\/pt\/wp-content\/uploads\/2021\/03\/Mercedes-AMG-GT-Black-Series\/Mercedes_AMG_GT_Black_Series_ONE_TEAM-7-768x436.jpg\" data-mediatype=1><img decoding=\"async\" class=\"html5galleryimg html5gallery-tn-image\" src=\"https:\/\/jornaldasoficinas.com\/pt\/wp-content\/uploads\/2021\/03\/Mercedes-AMG-GT-Black-Series\/Mercedes_AMG_GT_Black_Series_ONE_TEAM-7-768x436.jpg\" alt=\"\"><\/a><div class=\"html5gallery-info\"><\/div><a class=\"html5galleryimglink\" href=\"https:\/\/jornaldasoficinas.com\/pt\/wp-content\/uploads\/2021\/03\/Mercedes-AMG-GT-Black-Series\/Mercedes_AMG_GT_Black_Series_ONE_TEAM-7-800x445.jpg\" data-mediatype=1><img decoding=\"async\" class=\"html5galleryimg html5gallery-tn-image\" src=\"https:\/\/jornaldasoficinas.com\/pt\/wp-content\/uploads\/2021\/03\/Mercedes-AMG-GT-Black-Series\/Mercedes_AMG_GT_Black_Series_ONE_TEAM-7-800x445.jpg\" alt=\"\"><\/a><div class=\"html5gallery-info\"><\/div><a class=\"html5galleryimglink\" href=\"https:\/\/jornaldasoficinas.com\/pt\/wp-content\/uploads\/2021\/03\/Mercedes-AMG-GT-Black-Series\/Mercedes_AMG_GT_Black_Series_ONE_TEAM-7.jpg\" data-mediatype=1><img decoding=\"async\" class=\"html5galleryimg html5gallery-tn-image\" src=\"https:\/\/jornaldasoficinas.com\/pt\/wp-content\/uploads\/2021\/03\/Mercedes-AMG-GT-Black-Series\/Mercedes_AMG_GT_Black_Series_ONE_TEAM-7.jpg\" alt=\"\"><\/a><div class=\"html5gallery-info\"><\/div><a class=\"html5galleryimglink\" href=\"https:\/\/jornaldasoficinas.com\/pt\/wp-content\/uploads\/2021\/03\/Mercedes-AMG-GT-Black-Series\/Mercedes_AMG_GT_Black_Series_ONE_TEAM-8-1024x480.jpg\" data-mediatype=1><img decoding=\"async\" class=\"html5galleryimg html5gallery-tn-image\" src=\"https:\/\/jornaldasoficinas.com\/pt\/wp-content\/uploads\/2021\/03\/Mercedes-AMG-GT-Black-Series\/Mercedes_AMG_GT_Black_Series_ONE_TEAM-8-1024x480.jpg\" alt=\"\"><\/a><div class=\"html5gallery-info\"><\/div><a class=\"html5galleryimglink\" href=\"https:\/\/jornaldasoficinas.com\/pt\/wp-content\/uploads\/2021\/03\/Mercedes-AMG-GT-Black-Series\/Mercedes_AMG_GT_Black_Series_ONE_TEAM-8-130x90.jpg\" data-mediatype=1><img decoding=\"async\" class=\"html5galleryimg html5gallery-tn-image\" src=\"https:\/\/jornaldasoficinas.com\/pt\/wp-content\/uploads\/2021\/03\/Mercedes-AMG-GT-Black-Series\/Mercedes_AMG_GT_Black_Series_ONE_TEAM-8-130x90.jpg\" alt=\"\"><\/a><div class=\"html5gallery-info\"><\/div><a class=\"html5galleryimglink\" href=\"https:\/\/jornaldasoficinas.com\/pt\/wp-content\/uploads\/2021\/03\/Mercedes-AMG-GT-Black-Series\/Mercedes_AMG_GT_Black_Series_ONE_TEAM-8-150x150.jpg\" data-mediatype=1><img decoding=\"async\" class=\"html5galleryimg html5gallery-tn-image\" src=\"https:\/\/jornaldasoficinas.com\/pt\/wp-content\/uploads\/2021\/03\/Mercedes-AMG-GT-Black-Series\/Mercedes_AMG_GT_Black_Series_ONE_TEAM-8-150x150.jpg\" alt=\"\"><\/a><div class=\"html5gallery-info\"><\/div><a class=\"html5galleryimglink\" href=\"https:\/\/jornaldasoficinas.com\/pt\/wp-content\/uploads\/2021\/03\/Mercedes-AMG-GT-Black-Series\/Mercedes_AMG_GT_Black_Series_ONE_TEAM-8-150x85.jpg\" data-mediatype=1><img decoding=\"async\" class=\"html5galleryimg html5gallery-tn-image\" src=\"https:\/\/jornaldasoficinas.com\/pt\/wp-content\/uploads\/2021\/03\/Mercedes-AMG-GT-Black-Series\/Mercedes_AMG_GT_Black_Series_ONE_TEAM-8-150x85.jpg\" alt=\"\"><\/a><div class=\"html5gallery-info\"><\/div><a class=\"html5galleryimglink\" href=\"https:\/\/jornaldasoficinas.com\/pt\/wp-content\/uploads\/2021\/03\/Mercedes-AMG-GT-Black-Series\/Mercedes_AMG_GT_Black_Series_ONE_TEAM-8-285x450.jpg\" data-mediatype=1><img decoding=\"async\" class=\"html5galleryimg html5gallery-tn-image\" src=\"https:\/\/jornaldasoficinas.com\/pt\/wp-content\/uploads\/2021\/03\/Mercedes-AMG-GT-Black-Series\/Mercedes_AMG_GT_Black_Series_ONE_TEAM-8-285x450.jpg\" alt=\"\"><\/a><div class=\"html5gallery-info\"><\/div><a class=\"html5galleryimglink\" href=\"https:\/\/jornaldasoficinas.com\/pt\/wp-content\/uploads\/2021\/03\/Mercedes-AMG-GT-Black-Series\/Mercedes_AMG_GT_Black_Series_ONE_TEAM-8-300x170.jpg\" data-mediatype=1><img decoding=\"async\" class=\"html5galleryimg html5gallery-tn-image\" src=\"https:\/\/jornaldasoficinas.com\/pt\/wp-content\/uploads\/2021\/03\/Mercedes-AMG-GT-Black-Series\/Mercedes_AMG_GT_Black_Series_ONE_TEAM-8-300x170.jpg\" alt=\"\"><\/a><div class=\"html5gallery-info\"><\/div><a class=\"html5galleryimglink\" href=\"https:\/\/jornaldasoficinas.com\/pt\/wp-content\/uploads\/2021\/03\/Mercedes-AMG-GT-Black-Series\/Mercedes_AMG_GT_Black_Series_ONE_TEAM-8-390x205.jpg\" data-mediatype=1><img decoding=\"async\" class=\"html5galleryimg html5gallery-tn-image\" src=\"https:\/\/jornaldasoficinas.com\/pt\/wp-content\/uploads\/2021\/03\/Mercedes-AMG-GT-Black-Series\/Mercedes_AMG_GT_Black_Series_ONE_TEAM-8-390x205.jpg\" alt=\"\"><\/a><div class=\"html5gallery-info\"><\/div><a class=\"html5galleryimglink\" href=\"https:\/\/jornaldasoficinas.com\/pt\/wp-content\/uploads\/2021\/03\/Mercedes-AMG-GT-Black-Series\/Mercedes_AMG_GT_Black_Series_ONE_TEAM-8-392x272.jpg\" data-mediatype=1><img decoding=\"async\" class=\"html5galleryimg html5gallery-tn-image\" src=\"https:\/\/jornaldasoficinas.com\/pt\/wp-content\/uploads\/2021\/03\/Mercedes-AMG-GT-Black-Series\/Mercedes_AMG_GT_Black_Series_ONE_TEAM-8-392x272.jpg\" alt=\"\"><\/a><div class=\"html5gallery-info\"><\/div><a class=\"html5galleryimglink\" href=\"https:\/\/jornaldasoficinas.com\/pt\/wp-content\/uploads\/2021\/03\/Mercedes-AMG-GT-Black-Series\/Mercedes_AMG_GT_Black_Series_ONE_TEAM-8-575x198.jpg\" data-mediatype=1><img decoding=\"async\" class=\"html5galleryimg html5gallery-tn-image\" src=\"https:\/\/jornaldasoficinas.com\/pt\/wp-content\/uploads\/2021\/03\/Mercedes-AMG-GT-Black-Series\/Mercedes_AMG_GT_Black_Series_ONE_TEAM-8-575x198.jpg\" alt=\"\"><\/a><div class=\"html5gallery-info\"><\/div><a class=\"html5galleryimglink\" href=\"https:\/\/jornaldasoficinas.com\/pt\/wp-content\/uploads\/2021\/03\/Mercedes-AMG-GT-Black-Series\/Mercedes_AMG_GT_Black_Series_ONE_TEAM-8-600x417.jpg\" data-mediatype=1><img decoding=\"async\" class=\"html5galleryimg html5gallery-tn-image\" src=\"https:\/\/jornaldasoficinas.com\/pt\/wp-content\/uploads\/2021\/03\/Mercedes-AMG-GT-Black-Series\/Mercedes_AMG_GT_Black_Series_ONE_TEAM-8-600x417.jpg\" alt=\"\"><\/a><div class=\"html5gallery-info\"><\/div><a class=\"html5galleryimglink\" href=\"https:\/\/jornaldasoficinas.com\/pt\/wp-content\/uploads\/2021\/03\/Mercedes-AMG-GT-Black-Series\/Mercedes_AMG_GT_Black_Series_ONE_TEAM-8-768x436.jpg\" data-mediatype=1><img decoding=\"async\" class=\"html5galleryimg html5gallery-tn-image\" src=\"https:\/\/jornaldasoficinas.com\/pt\/wp-content\/uploads\/2021\/03\/Mercedes-AMG-GT-Black-Series\/Mercedes_AMG_GT_Black_Series_ONE_TEAM-8-768x436.jpg\" alt=\"\"><\/a><div class=\"html5gallery-info\"><\/div><a class=\"html5galleryimglink\" href=\"https:\/\/jornaldasoficinas.com\/pt\/wp-content\/uploads\/2021\/03\/Mercedes-AMG-GT-Black-Series\/Mercedes_AMG_GT_Black_Series_ONE_TEAM-8-800x445.jpg\" data-mediatype=1><img decoding=\"async\" class=\"html5galleryimg html5gallery-tn-image\" src=\"https:\/\/jornaldasoficinas.com\/pt\/wp-content\/uploads\/2021\/03\/Mercedes-AMG-GT-Black-Series\/Mercedes_AMG_GT_Black_Series_ONE_TEAM-8-800x445.jpg\" alt=\"\"><\/a><div class=\"html5gallery-info\"><\/div><a class=\"html5galleryimglink\" href=\"https:\/\/jornaldasoficinas.com\/pt\/wp-content\/uploads\/2021\/03\/Mercedes-AMG-GT-Black-Series\/Mercedes_AMG_GT_Black_Series_ONE_TEAM-8.jpg\" data-mediatype=1><img decoding=\"async\" class=\"html5galleryimg html5gallery-tn-image\" src=\"https:\/\/jornaldasoficinas.com\/pt\/wp-content\/uploads\/2021\/03\/Mercedes-AMG-GT-Black-Series\/Mercedes_AMG_GT_Black_Series_ONE_TEAM-8.jpg\" alt=\"\"><\/a><div class=\"html5gallery-info\"><\/div><a class=\"html5galleryimglink\" href=\"https:\/\/jornaldasoficinas.com\/pt\/wp-content\/uploads\/2021\/03\/Mercedes-AMG-GT-Black-Series\/Mercedes_AMG_GT_Black_Series_ONE_TEAM-9-1024x480.jpg\" data-mediatype=1><img decoding=\"async\" class=\"html5galleryimg html5gallery-tn-image\" src=\"https:\/\/jornaldasoficinas.com\/pt\/wp-content\/uploads\/2021\/03\/Mercedes-AMG-GT-Black-Series\/Mercedes_AMG_GT_Black_Series_ONE_TEAM-9-1024x480.jpg\" alt=\"\"><\/a><div class=\"html5gallery-info\"><\/div><a class=\"html5galleryimglink\" href=\"https:\/\/jornaldasoficinas.com\/pt\/wp-content\/uploads\/2021\/03\/Mercedes-AMG-GT-Black-Series\/Mercedes_AMG_GT_Black_Series_ONE_TEAM-9-130x90.jpg\" data-mediatype=1><img decoding=\"async\" class=\"html5galleryimg html5gallery-tn-image\" src=\"https:\/\/jornaldasoficinas.com\/pt\/wp-content\/uploads\/2021\/03\/Mercedes-AMG-GT-Black-Series\/Mercedes_AMG_GT_Black_Series_ONE_TEAM-9-130x90.jpg\" alt=\"\"><\/a><div class=\"html5gallery-info\"><\/div><a class=\"html5galleryimglink\" href=\"https:\/\/jornaldasoficinas.com\/pt\/wp-content\/uploads\/2021\/03\/Mercedes-AMG-GT-Black-Series\/Mercedes_AMG_GT_Black_Series_ONE_TEAM-9-150x150.jpg\" data-mediatype=1><img decoding=\"async\" class=\"html5galleryimg html5gallery-tn-image\" src=\"https:\/\/jornaldasoficinas.com\/pt\/wp-content\/uploads\/2021\/03\/Mercedes-AMG-GT-Black-Series\/Mercedes_AMG_GT_Black_Series_ONE_TEAM-9-150x150.jpg\" alt=\"\"><\/a><div class=\"html5gallery-info\"><\/div><a class=\"html5galleryimglink\" href=\"https:\/\/jornaldasoficinas.com\/pt\/wp-content\/uploads\/2021\/03\/Mercedes-AMG-GT-Black-Series\/Mercedes_AMG_GT_Black_Series_ONE_TEAM-9-150x85.jpg\" data-mediatype=1><img decoding=\"async\" class=\"html5galleryimg html5gallery-tn-image\" src=\"https:\/\/jornaldasoficinas.com\/pt\/wp-content\/uploads\/2021\/03\/Mercedes-AMG-GT-Black-Series\/Mercedes_AMG_GT_Black_Series_ONE_TEAM-9-150x85.jpg\" alt=\"\"><\/a><div class=\"html5gallery-info\"><\/div><a class=\"html5galleryimglink\" href=\"https:\/\/jornaldasoficinas.com\/pt\/wp-content\/uploads\/2021\/03\/Mercedes-AMG-GT-Black-Series\/Mercedes_AMG_GT_Black_Series_ONE_TEAM-9-285x450.jpg\" data-mediatype=1><img decoding=\"async\" class=\"html5galleryimg html5gallery-tn-image\" src=\"https:\/\/jornaldasoficinas.com\/pt\/wp-content\/uploads\/2021\/03\/Mercedes-AMG-GT-Black-Series\/Mercedes_AMG_GT_Black_Series_ONE_TEAM-9-285x450.jpg\" alt=\"\"><\/a><div class=\"html5gallery-info\"><\/div><a class=\"html5galleryimglink\" href=\"https:\/\/jornaldasoficinas.com\/pt\/wp-content\/uploads\/2021\/03\/Mercedes-AMG-GT-Black-Series\/Mercedes_AMG_GT_Black_Series_ONE_TEAM-9-300x170.jpg\" data-mediatype=1><img decoding=\"async\" class=\"html5galleryimg html5gallery-tn-image\" src=\"https:\/\/jornaldasoficinas.com\/pt\/wp-content\/uploads\/2021\/03\/Mercedes-AMG-GT-Black-Series\/Mercedes_AMG_GT_Black_Series_ONE_TEAM-9-300x170.jpg\" alt=\"\"><\/a><div class=\"html5gallery-info\"><\/div><a class=\"html5galleryimglink\" href=\"https:\/\/jornaldasoficinas.com\/pt\/wp-content\/uploads\/2021\/03\/Mercedes-AMG-GT-Black-Series\/Mercedes_AMG_GT_Black_Series_ONE_TEAM-9-390x205.jpg\" data-mediatype=1><img decoding=\"async\" class=\"html5galleryimg html5gallery-tn-image\" src=\"https:\/\/jornaldasoficinas.com\/pt\/wp-content\/uploads\/2021\/03\/Mercedes-AMG-GT-Black-Series\/Mercedes_AMG_GT_Black_Series_ONE_TEAM-9-390x205.jpg\" alt=\"\"><\/a><div class=\"html5gallery-info\"><\/div><a class=\"html5galleryimglink\" href=\"https:\/\/jornaldasoficinas.com\/pt\/wp-content\/uploads\/2021\/03\/Mercedes-AMG-GT-Black-Series\/Mercedes_AMG_GT_Black_Series_ONE_TEAM-9-392x272.jpg\" data-mediatype=1><img decoding=\"async\" class=\"html5galleryimg html5gallery-tn-image\" src=\"https:\/\/jornaldasoficinas.com\/pt\/wp-content\/uploads\/2021\/03\/Mercedes-AMG-GT-Black-Series\/Mercedes_AMG_GT_Black_Series_ONE_TEAM-9-392x272.jpg\" alt=\"\"><\/a><div class=\"html5gallery-info\"><\/div><a class=\"html5galleryimglink\" href=\"https:\/\/jornaldasoficinas.com\/pt\/wp-content\/uploads\/2021\/03\/Mercedes-AMG-GT-Black-Series\/Mercedes_AMG_GT_Black_Series_ONE_TEAM-9-575x198.jpg\" data-mediatype=1><img decoding=\"async\" class=\"html5galleryimg html5gallery-tn-image\" src=\"https:\/\/jornaldasoficinas.com\/pt\/wp-content\/uploads\/2021\/03\/Mercedes-AMG-GT-Black-Series\/Mercedes_AMG_GT_Black_Series_ONE_TEAM-9-575x198.jpg\" alt=\"\"><\/a><div class=\"html5gallery-info\"><\/div><a class=\"html5galleryimglink\" href=\"https:\/\/jornaldasoficinas.com\/pt\/wp-content\/uploads\/2021\/03\/Mercedes-AMG-GT-Black-Series\/Mercedes_AMG_GT_Black_Series_ONE_TEAM-9-600x417.jpg\" data-mediatype=1><img decoding=\"async\" class=\"html5galleryimg html5gallery-tn-image\" src=\"https:\/\/jornaldasoficinas.com\/pt\/wp-content\/uploads\/2021\/03\/Mercedes-AMG-GT-Black-Series\/Mercedes_AMG_GT_Black_Series_ONE_TEAM-9-600x417.jpg\" alt=\"\"><\/a><div class=\"html5gallery-info\"><\/div><a class=\"html5galleryimglink\" href=\"https:\/\/jornaldasoficinas.com\/pt\/wp-content\/uploads\/2021\/03\/Mercedes-AMG-GT-Black-Series\/Mercedes_AMG_GT_Black_Series_ONE_TEAM-9-768x436.jpg\" data-mediatype=1><img decoding=\"async\" class=\"html5galleryimg html5gallery-tn-image\" src=\"https:\/\/jornaldasoficinas.com\/pt\/wp-content\/uploads\/2021\/03\/Mercedes-AMG-GT-Black-Series\/Mercedes_AMG_GT_Black_Series_ONE_TEAM-9-768x436.jpg\" alt=\"\"><\/a><div class=\"html5gallery-info\"><\/div><a class=\"html5galleryimglink\" href=\"https:\/\/jornaldasoficinas.com\/pt\/wp-content\/uploads\/2021\/03\/Mercedes-AMG-GT-Black-Series\/Mercedes_AMG_GT_Black_Series_ONE_TEAM-9-800x445.jpg\" data-mediatype=1><img decoding=\"async\" class=\"html5galleryimg html5gallery-tn-image\" src=\"https:\/\/jornaldasoficinas.com\/pt\/wp-content\/uploads\/2021\/03\/Mercedes-AMG-GT-Black-Series\/Mercedes_AMG_GT_Black_Series_ONE_TEAM-9-800x445.jpg\" alt=\"\"><\/a><div class=\"html5gallery-info\"><\/div><a class=\"html5galleryimglink\" href=\"https:\/\/jornaldasoficinas.com\/pt\/wp-content\/uploads\/2021\/03\/Mercedes-AMG-GT-Black-Series\/Mercedes_AMG_GT_Black_Series_ONE_TEAM-9.jpg\" data-mediatype=1><img decoding=\"async\" class=\"html5galleryimg html5gallery-tn-image\" src=\"https:\/\/jornaldasoficinas.com\/pt\/wp-content\/uploads\/2021\/03\/Mercedes-AMG-GT-Black-Series\/Mercedes_AMG_GT_Black_Series_ONE_TEAM-9.jpg\" alt=\"\"><\/a><div class=\"html5gallery-info\"><\/div><\/div><\/div><script>function wondergallery_50_appendcss(csscode) {var head=document.head || document.getElementsByTagName(\"head\")[0];var style=document.createElement(\"style\");head.appendChild(style);style.type=\"text\/css\";if (style.styleSheet){style.styleSheet.cssText=csscode;} else {style.appendChild(document.createTextNode(csscode));}};wondergallery_50_appendcss(\"#wonderplugingallery-50 .html5gallery-cat-selection-50 { \tbox-sizing: border-box; \ttext-align: center; }  #wonderplugingallery-50 .html5gallery-cat-selection-50 select { \tbox-sizing: border-box; \tmargin: 4px auto; }\");<\/script>\n","protected":false},"excerpt":{"rendered":"<p>Neste autom\u00f3vel \u00fanico, o j\u00e1 muito&#8230;<\/p>\n","protected":false},"author":15,"featured_media":19607,"comment_status":"closed","ping_status":"closed","sticky":false,"template":"","format":"standard","meta":{"footnotes":""},"categories":[29],"tags":[2559,2488],"class_list":["post-19616","post","type-post","status-publish","format-standard","has-post-thumbnail","hentry","category-empresas","tag-mercedes-amg-gt-black-series-one-team","tag-soc-comercial-c-santos"],"yoast_head":"<!-- This site is optimized with the Yoast SEO plugin v27.4 - https:\/\/yoast.com\/product\/yoast-seo-wordpress\/ -->\n<title>Mercedes-AMG GT Black Series ONE TEAM tem dono portugu\u00eas - Jornal das Oficinas<\/title>\n<meta name=\"robots\" content=\"index, follow, max-snippet:-1, max-image-preview:large, max-video-preview:-1\" \/>\n<link rel=\"canonical\" href=\"https:\/\/jornaldasoficinas.com\/pt\/mercedes-amg-gt-black-series-one-team-tem-dono-portugues\/\" \/>\n<meta property=\"og:locale\" content=\"pt_PT\" \/>\n<meta property=\"og:type\" content=\"article\" \/>\n<meta property=\"og:title\" content=\"Mercedes-AMG GT Black Series ONE TEAM tem dono portugu\u00eas - Jornal das Oficinas\" \/>\n<meta property=\"og:description\" content=\"Neste autom\u00f3vel \u00fanico, o j\u00e1 muito...\" \/>\n<meta property=\"og:url\" content=\"https:\/\/jornaldasoficinas.com\/pt\/mercedes-amg-gt-black-series-one-team-tem-dono-portugues\/\" \/>\n<meta property=\"og:site_name\" content=\"Jornal das Oficinas\" \/>\n<meta property=\"article:publisher\" content=\"https:\/\/www.facebook.com\/jornaloficinas\" \/>\n<meta property=\"article:published_time\" content=\"2021-03-26T18:00:52+00:00\" \/>\n<meta property=\"article:modified_time\" content=\"2023-07-20T15:05:50+00:00\" \/>\n<meta property=\"og:image\" content=\"https:\/\/jornaldasoficinas.com\/pt\/wp-content\/uploads\/2021\/03\/Mercedes-AMG-GT-Black-Series.jpg\" \/>\n\t<meta property=\"og:image:width\" content=\"1024\" \/>\n\t<meta property=\"og:image:height\" content=\"581\" \/>\n\t<meta property=\"og:image:type\" content=\"image\/jpeg\" \/>\n<meta name=\"author\" content=\"Reda\u00e7\u00e3o JO\" \/>\n<meta name=\"twitter:card\" content=\"summary_large_image\" \/>\n<meta name=\"twitter:creator\" content=\"@jornaloficinas\" \/>\n<meta name=\"twitter:site\" content=\"@jornaloficinas\" \/>\n<meta name=\"twitter:label1\" content=\"Escrito por\" \/>\n\t<meta name=\"twitter:data1\" content=\"Reda\u00e7\u00e3o JO\" \/>\n\t<meta name=\"twitter:label2\" content=\"Tempo estimado de leitura\" \/>\n\t<meta name=\"twitter:data2\" content=\"3 minutos\" \/>\n<script type=\"application\/ld+json\" class=\"yoast-schema-graph\">{\"@context\":\"https:\\\/\\\/schema.org\",\"@graph\":[{\"@type\":\"Article\",\"@id\":\"https:\\\/\\\/jornaldasoficinas.com\\\/pt\\\/mercedes-amg-gt-black-series-one-team-tem-dono-portugues\\\/#article\",\"isPartOf\":{\"@id\":\"https:\\\/\\\/jornaldasoficinas.com\\\/pt\\\/mercedes-amg-gt-black-series-one-team-tem-dono-portugues\\\/\"},\"author\":{\"name\":\"Reda\u00e7\u00e3o JO\",\"@id\":\"https:\\\/\\\/jornaldasoficinas.com\\\/pt\\\/#\\\/schema\\\/person\\\/a38eef5de2c41d9e7c9ac10141afddf3\"},\"headline\":\"Mercedes-AMG GT Black Series ONE TEAM tem dono portugu\u00eas\",\"datePublished\":\"2021-03-26T18:00:52+00:00\",\"dateModified\":\"2023-07-20T15:05:50+00:00\",\"mainEntityOfPage\":{\"@id\":\"https:\\\/\\\/jornaldasoficinas.com\\\/pt\\\/mercedes-amg-gt-black-series-one-team-tem-dono-portugues\\\/\"},\"wordCount\":452,\"publisher\":{\"@id\":\"https:\\\/\\\/jornaldasoficinas.com\\\/pt\\\/#organization\"},\"image\":{\"@id\":\"https:\\\/\\\/jornaldasoficinas.com\\\/pt\\\/mercedes-amg-gt-black-series-one-team-tem-dono-portugues\\\/#primaryimage\"},\"thumbnailUrl\":\"https:\\\/\\\/jornaldasoficinas.com\\\/pt\\\/wp-content\\\/uploads\\\/2021\\\/03\\\/Mercedes-AMG-GT-Black-Series.jpg\",\"keywords\":[\"Mercedes-AMG GT Black Series ONE TEAM\",\"Soc. Comercial C. Santos\"],\"articleSection\":[\"Empresas\"],\"inLanguage\":\"pt-PT\"},{\"@type\":\"WebPage\",\"@id\":\"https:\\\/\\\/jornaldasoficinas.com\\\/pt\\\/mercedes-amg-gt-black-series-one-team-tem-dono-portugues\\\/\",\"url\":\"https:\\\/\\\/jornaldasoficinas.com\\\/pt\\\/mercedes-amg-gt-black-series-one-team-tem-dono-portugues\\\/\",\"name\":\"Mercedes-AMG GT Black Series ONE TEAM tem dono portugu\u00eas - Jornal das Oficinas\",\"isPartOf\":{\"@id\":\"https:\\\/\\\/jornaldasoficinas.com\\\/pt\\\/#website\"},\"primaryImageOfPage\":{\"@id\":\"https:\\\/\\\/jornaldasoficinas.com\\\/pt\\\/mercedes-amg-gt-black-series-one-team-tem-dono-portugues\\\/#primaryimage\"},\"image\":{\"@id\":\"https:\\\/\\\/jornaldasoficinas.com\\\/pt\\\/mercedes-amg-gt-black-series-one-team-tem-dono-portugues\\\/#primaryimage\"},\"thumbnailUrl\":\"https:\\\/\\\/jornaldasoficinas.com\\\/pt\\\/wp-content\\\/uploads\\\/2021\\\/03\\\/Mercedes-AMG-GT-Black-Series.jpg\",\"datePublished\":\"2021-03-26T18:00:52+00:00\",\"dateModified\":\"2023-07-20T15:05:50+00:00\",\"breadcrumb\":{\"@id\":\"https:\\\/\\\/jornaldasoficinas.com\\\/pt\\\/mercedes-amg-gt-black-series-one-team-tem-dono-portugues\\\/#breadcrumb\"},\"inLanguage\":\"pt-PT\",\"potentialAction\":[{\"@type\":\"ReadAction\",\"target\":[\"https:\\\/\\\/jornaldasoficinas.com\\\/pt\\\/mercedes-amg-gt-black-series-one-team-tem-dono-portugues\\\/\"]}]},{\"@type\":\"ImageObject\",\"inLanguage\":\"pt-PT\",\"@id\":\"https:\\\/\\\/jornaldasoficinas.com\\\/pt\\\/mercedes-amg-gt-black-series-one-team-tem-dono-portugues\\\/#primaryimage\",\"url\":\"https:\\\/\\\/jornaldasoficinas.com\\\/pt\\\/wp-content\\\/uploads\\\/2021\\\/03\\\/Mercedes-AMG-GT-Black-Series.jpg\",\"contentUrl\":\"https:\\\/\\\/jornaldasoficinas.com\\\/pt\\\/wp-content\\\/uploads\\\/2021\\\/03\\\/Mercedes-AMG-GT-Black-Series.jpg\",\"width\":1024,\"height\":581,\"caption\":\"03 - Mercedes-AMG-GT-Black-Series\"},{\"@type\":\"BreadcrumbList\",\"@id\":\"https:\\\/\\\/jornaldasoficinas.com\\\/pt\\\/mercedes-amg-gt-black-series-one-team-tem-dono-portugues\\\/#breadcrumb\",\"itemListElement\":[{\"@type\":\"ListItem\",\"position\":1,\"name\":\"In\u00edcio\",\"item\":\"https:\\\/\\\/jornaldasoficinas.com\\\/pt\\\/\"},{\"@type\":\"ListItem\",\"position\":2,\"name\":\"Mercedes-AMG GT Black Series ONE TEAM tem dono portugu\u00eas\"}]},{\"@type\":\"WebSite\",\"@id\":\"https:\\\/\\\/jornaldasoficinas.com\\\/pt\\\/#website\",\"url\":\"https:\\\/\\\/jornaldasoficinas.com\\\/pt\\\/\",\"name\":\"Jornal das Oficinas\",\"description\":\"Jornal independente do Aftermarket Autom\u00f3vel em Portugal\",\"publisher\":{\"@id\":\"https:\\\/\\\/jornaldasoficinas.com\\\/pt\\\/#organization\"},\"potentialAction\":[{\"@type\":\"SearchAction\",\"target\":{\"@type\":\"EntryPoint\",\"urlTemplate\":\"https:\\\/\\\/jornaldasoficinas.com\\\/pt\\\/?s={search_term_string}\"},\"query-input\":{\"@type\":\"PropertyValueSpecification\",\"valueRequired\":true,\"valueName\":\"search_term_string\"}}],\"inLanguage\":\"pt-PT\"},{\"@type\":\"Organization\",\"@id\":\"https:\\\/\\\/jornaldasoficinas.com\\\/pt\\\/#organization\",\"name\":\"Jornal das Oficinas\",\"url\":\"https:\\\/\\\/jornaldasoficinas.com\\\/pt\\\/\",\"logo\":{\"@type\":\"ImageObject\",\"inLanguage\":\"pt-PT\",\"@id\":\"https:\\\/\\\/jornaldasoficinas.com\\\/pt\\\/#\\\/schema\\\/logo\\\/image\\\/\",\"url\":\"https:\\\/\\\/jornaldasoficinas.com\\\/pt\\\/wp-content\\\/uploads\\\/logoJO-SEO.png\",\"contentUrl\":\"https:\\\/\\\/jornaldasoficinas.com\\\/pt\\\/wp-content\\\/uploads\\\/logoJO-SEO.png\",\"width\":285,\"height\":450,\"caption\":\"Jornal das Oficinas\"},\"image\":{\"@id\":\"https:\\\/\\\/jornaldasoficinas.com\\\/pt\\\/#\\\/schema\\\/logo\\\/image\\\/\"},\"sameAs\":[\"https:\\\/\\\/www.facebook.com\\\/jornaloficinas\",\"https:\\\/\\\/x.com\\\/jornaloficinas\",\"https:\\\/\\\/www.instagram.com\\\/jornal_oficinas\\\/\",\"https:\\\/\\\/www.linkedin.com\\\/company\\\/jornal-das-oficinas\\\/\",\"https:\\\/\\\/www.youtube.com\\\/channel\\\/UCbQZBqtcvV-oSQrr7RzINGg\"]},{\"@type\":\"Person\",\"@id\":\"https:\\\/\\\/jornaldasoficinas.com\\\/pt\\\/#\\\/schema\\\/person\\\/a38eef5de2c41d9e7c9ac10141afddf3\",\"name\":\"Reda\u00e7\u00e3o JO\",\"image\":{\"@type\":\"ImageObject\",\"inLanguage\":\"pt-PT\",\"@id\":\"https:\\\/\\\/secure.gravatar.com\\\/avatar\\\/71f2fa71737ad68a84fea94bc708ddac8ea5b0c4788dc2ad202f3ccb2887742f?s=96&d=wp_user_avatar&r=g\",\"url\":\"https:\\\/\\\/secure.gravatar.com\\\/avatar\\\/71f2fa71737ad68a84fea94bc708ddac8ea5b0c4788dc2ad202f3ccb2887742f?s=96&d=wp_user_avatar&r=g\",\"contentUrl\":\"https:\\\/\\\/secure.gravatar.com\\\/avatar\\\/71f2fa71737ad68a84fea94bc708ddac8ea5b0c4788dc2ad202f3ccb2887742f?s=96&d=wp_user_avatar&r=g\",\"caption\":\"Reda\u00e7\u00e3o JO\"},\"url\":\"https:\\\/\\\/jornaldasoficinas.com\\\/pt\\\/author\\\/joredacao\\\/\"}]}<\/script>\n<!-- \/ Yoast SEO plugin. -->","yoast_head_json":{"title":"Mercedes-AMG GT Black Series ONE TEAM tem dono portugu\u00eas - Jornal das Oficinas","robots":{"index":"index","follow":"follow","max-snippet":"max-snippet:-1","max-image-preview":"max-image-preview:large","max-video-preview":"max-video-preview:-1"},"canonical":"https:\/\/jornaldasoficinas.com\/pt\/mercedes-amg-gt-black-series-one-team-tem-dono-portugues\/","og_locale":"pt_PT","og_type":"article","og_title":"Mercedes-AMG GT Black Series ONE TEAM tem dono portugu\u00eas - Jornal das Oficinas","og_description":"Neste autom\u00f3vel \u00fanico, o j\u00e1 muito...","og_url":"https:\/\/jornaldasoficinas.com\/pt\/mercedes-amg-gt-black-series-one-team-tem-dono-portugues\/","og_site_name":"Jornal das Oficinas","article_publisher":"https:\/\/www.facebook.com\/jornaloficinas","article_published_time":"2021-03-26T18:00:52+00:00","article_modified_time":"2023-07-20T15:05:50+00:00","og_image":[{"width":1024,"height":581,"url":"https:\/\/jornaldasoficinas.com\/pt\/wp-content\/uploads\/2021\/03\/Mercedes-AMG-GT-Black-Series.jpg","type":"image\/jpeg"}],"author":"Reda\u00e7\u00e3o JO","twitter_card":"summary_large_image","twitter_creator":"@jornaloficinas","twitter_site":"@jornaloficinas","twitter_misc":{"Escrito por":"Reda\u00e7\u00e3o JO","Tempo estimado de leitura":"3 minutos"},"schema":{"@context":"https:\/\/schema.org","@graph":[{"@type":"Article","@id":"https:\/\/jornaldasoficinas.com\/pt\/mercedes-amg-gt-black-series-one-team-tem-dono-portugues\/#article","isPartOf":{"@id":"https:\/\/jornaldasoficinas.com\/pt\/mercedes-amg-gt-black-series-one-team-tem-dono-portugues\/"},"author":{"name":"Reda\u00e7\u00e3o JO","@id":"https:\/\/jornaldasoficinas.com\/pt\/#\/schema\/person\/a38eef5de2c41d9e7c9ac10141afddf3"},"headline":"Mercedes-AMG GT Black Series ONE TEAM tem dono portugu\u00eas","datePublished":"2021-03-26T18:00:52+00:00","dateModified":"2023-07-20T15:05:50+00:00","mainEntityOfPage":{"@id":"https:\/\/jornaldasoficinas.com\/pt\/mercedes-amg-gt-black-series-one-team-tem-dono-portugues\/"},"wordCount":452,"publisher":{"@id":"https:\/\/jornaldasoficinas.com\/pt\/#organization"},"image":{"@id":"https:\/\/jornaldasoficinas.com\/pt\/mercedes-amg-gt-black-series-one-team-tem-dono-portugues\/#primaryimage"},"thumbnailUrl":"https:\/\/jornaldasoficinas.com\/pt\/wp-content\/uploads\/2021\/03\/Mercedes-AMG-GT-Black-Series.jpg","keywords":["Mercedes-AMG GT Black Series ONE TEAM","Soc. Comercial C. Santos"],"articleSection":["Empresas"],"inLanguage":"pt-PT"},{"@type":"WebPage","@id":"https:\/\/jornaldasoficinas.com\/pt\/mercedes-amg-gt-black-series-one-team-tem-dono-portugues\/","url":"https:\/\/jornaldasoficinas.com\/pt\/mercedes-amg-gt-black-series-one-team-tem-dono-portugues\/","name":"Mercedes-AMG GT Black Series ONE TEAM tem dono portugu\u00eas - Jornal das Oficinas","isPartOf":{"@id":"https:\/\/jornaldasoficinas.com\/pt\/#website"},"primaryImageOfPage":{"@id":"https:\/\/jornaldasoficinas.com\/pt\/mercedes-amg-gt-black-series-one-team-tem-dono-portugues\/#primaryimage"},"image":{"@id":"https:\/\/jornaldasoficinas.com\/pt\/mercedes-amg-gt-black-series-one-team-tem-dono-portugues\/#primaryimage"},"thumbnailUrl":"https:\/\/jornaldasoficinas.com\/pt\/wp-content\/uploads\/2021\/03\/Mercedes-AMG-GT-Black-Series.jpg","datePublished":"2021-03-26T18:00:52+00:00","dateModified":"2023-07-20T15:05:50+00:00","breadcrumb":{"@id":"https:\/\/jornaldasoficinas.com\/pt\/mercedes-amg-gt-black-series-one-team-tem-dono-portugues\/#breadcrumb"},"inLanguage":"pt-PT","potentialAction":[{"@type":"ReadAction","target":["https:\/\/jornaldasoficinas.com\/pt\/mercedes-amg-gt-black-series-one-team-tem-dono-portugues\/"]}]},{"@type":"ImageObject","inLanguage":"pt-PT","@id":"https:\/\/jornaldasoficinas.com\/pt\/mercedes-amg-gt-black-series-one-team-tem-dono-portugues\/#primaryimage","url":"https:\/\/jornaldasoficinas.com\/pt\/wp-content\/uploads\/2021\/03\/Mercedes-AMG-GT-Black-Series.jpg","contentUrl":"https:\/\/jornaldasoficinas.com\/pt\/wp-content\/uploads\/2021\/03\/Mercedes-AMG-GT-Black-Series.jpg","width":1024,"height":581,"caption":"03 - Mercedes-AMG-GT-Black-Series"},{"@type":"BreadcrumbList","@id":"https:\/\/jornaldasoficinas.com\/pt\/mercedes-amg-gt-black-series-one-team-tem-dono-portugues\/#breadcrumb","itemListElement":[{"@type":"ListItem","position":1,"name":"In\u00edcio","item":"https:\/\/jornaldasoficinas.com\/pt\/"},{"@type":"ListItem","position":2,"name":"Mercedes-AMG GT Black Series ONE TEAM tem dono portugu\u00eas"}]},{"@type":"WebSite","@id":"https:\/\/jornaldasoficinas.com\/pt\/#website","url":"https:\/\/jornaldasoficinas.com\/pt\/","name":"Jornal das Oficinas","description":"Jornal independente do Aftermarket Autom\u00f3vel em Portugal","publisher":{"@id":"https:\/\/jornaldasoficinas.com\/pt\/#organization"},"potentialAction":[{"@type":"SearchAction","target":{"@type":"EntryPoint","urlTemplate":"https:\/\/jornaldasoficinas.com\/pt\/?s={search_term_string}"},"query-input":{"@type":"PropertyValueSpecification","valueRequired":true,"valueName":"search_term_string"}}],"inLanguage":"pt-PT"},{"@type":"Organization","@id":"https:\/\/jornaldasoficinas.com\/pt\/#organization","name":"Jornal das Oficinas","url":"https:\/\/jornaldasoficinas.com\/pt\/","logo":{"@type":"ImageObject","inLanguage":"pt-PT","@id":"https:\/\/jornaldasoficinas.com\/pt\/#\/schema\/logo\/image\/","url":"https:\/\/jornaldasoficinas.com\/pt\/wp-content\/uploads\/logoJO-SEO.png","contentUrl":"https:\/\/jornaldasoficinas.com\/pt\/wp-content\/uploads\/logoJO-SEO.png","width":285,"height":450,"caption":"Jornal das Oficinas"},"image":{"@id":"https:\/\/jornaldasoficinas.com\/pt\/#\/schema\/logo\/image\/"},"sameAs":["https:\/\/www.facebook.com\/jornaloficinas","https:\/\/x.com\/jornaloficinas","https:\/\/www.instagram.com\/jornal_oficinas\/","https:\/\/www.linkedin.com\/company\/jornal-das-oficinas\/","https:\/\/www.youtube.com\/channel\/UCbQZBqtcvV-oSQrr7RzINGg"]},{"@type":"Person","@id":"https:\/\/jornaldasoficinas.com\/pt\/#\/schema\/person\/a38eef5de2c41d9e7c9ac10141afddf3","name":"Reda\u00e7\u00e3o JO","image":{"@type":"ImageObject","inLanguage":"pt-PT","@id":"https:\/\/secure.gravatar.com\/avatar\/71f2fa71737ad68a84fea94bc708ddac8ea5b0c4788dc2ad202f3ccb2887742f?s=96&d=wp_user_avatar&r=g","url":"https:\/\/secure.gravatar.com\/avatar\/71f2fa71737ad68a84fea94bc708ddac8ea5b0c4788dc2ad202f3ccb2887742f?s=96&d=wp_user_avatar&r=g","contentUrl":"https:\/\/secure.gravatar.com\/avatar\/71f2fa71737ad68a84fea94bc708ddac8ea5b0c4788dc2ad202f3ccb2887742f?s=96&d=wp_user_avatar&r=g","caption":"Reda\u00e7\u00e3o JO"},"url":"https:\/\/jornaldasoficinas.com\/pt\/author\/joredacao\/"}]}},"_links":{"self":[{"href":"https:\/\/jornaldasoficinas.com\/pt\/wp-json\/wp\/v2\/posts\/19616","targetHints":{"allow":["GET"]}}],"collection":[{"href":"https:\/\/jornaldasoficinas.com\/pt\/wp-json\/wp\/v2\/posts"}],"about":[{"href":"https:\/\/jornaldasoficinas.com\/pt\/wp-json\/wp\/v2\/types\/post"}],"author":[{"embeddable":true,"href":"https:\/\/jornaldasoficinas.com\/pt\/wp-json\/wp\/v2\/users\/15"}],"replies":[{"embeddable":true,"href":"https:\/\/jornaldasoficinas.com\/pt\/wp-json\/wp\/v2\/comments?post=19616"}],"version-history":[{"count":0,"href":"https:\/\/jornaldasoficinas.com\/pt\/wp-json\/wp\/v2\/posts\/19616\/revisions"}],"wp:featuredmedia":[{"embeddable":true,"href":"https:\/\/jornaldasoficinas.com\/pt\/wp-json\/wp\/v2\/media\/19607"}],"wp:attachment":[{"href":"https:\/\/jornaldasoficinas.com\/pt\/wp-json\/wp\/v2\/media?parent=19616"}],"wp:term":[{"taxonomy":"category","embeddable":true,"href":"https:\/\/jornaldasoficinas.com\/pt\/wp-json\/wp\/v2\/categories?post=19616"},{"taxonomy":"post_tag","embeddable":true,"href":"https:\/\/jornaldasoficinas.com\/pt\/wp-json\/wp\/v2\/tags?post=19616"}],"curies":[{"name":"wp","href":"https:\/\/api.w.org\/{rel}","templated":true}]}}