{"id":19663,"date":"2021-03-28T20:00:47","date_gmt":"2021-03-28T19:00:47","guid":{"rendered":"https:\/\/jornaldasoficinas.com\/pt\/?p=19663"},"modified":"2021-03-26T18:58:33","modified_gmt":"2021-03-26T18:58:33","slug":"estamos-a-lidar-com-um-cenario-completamente-novo-e-sem-precedentes-joaquim-candeias-bilstein-group","status":"publish","type":"post","link":"https:\/\/jornaldasoficinas.com\/pt\/estamos-a-lidar-com-um-cenario-completamente-novo-e-sem-precedentes-joaquim-candeias-bilstein-group\/","title":{"rendered":"\u201cEstamos a lidar com um cen\u00e1rio completamente novo e sem precedentes\u201d, Joaquim Candeias, bilstein group"},"content":{"rendered":"<p><strong><img loading=\"lazy\" decoding=\"async\" class=\"alignnone wp-image-19664 size-full\" src=\"https:\/\/jornaldasoficinas.com\/pt\/wp-content\/uploads\/2021\/03\/joaquim-candeias.png\" alt=\"03 - joaquim-candeias\" width=\"1024\" height=\"581\" srcset=\"https:\/\/jornaldasoficinas.com\/pt\/wp-content\/uploads\/2021\/03\/joaquim-candeias.png 1024w, https:\/\/jornaldasoficinas.com\/pt\/wp-content\/uploads\/2021\/03\/joaquim-candeias-300x170.png 300w, https:\/\/jornaldasoficinas.com\/pt\/wp-content\/uploads\/2021\/03\/joaquim-candeias-150x85.png 150w, https:\/\/jornaldasoficinas.com\/pt\/wp-content\/uploads\/2021\/03\/joaquim-candeias-768x436.png 768w\" sizes=\"auto, (max-width: 1024px) 100vw, 1024px\" \/><br \/>\n<\/strong><\/p>\n<p><strong>Joaquim Candeias, diretor geral do bilstein group acredita que depois desta prova de fogo o melhor do aftermarket vai continuar a estar sempre \u00e0 tona.<\/strong><\/p>\n<p>\u201cQuando ocorre uma situa\u00e7\u00e3o inesperada e praticamente sem precedentes, antes de pensarmos nos efeitos nefastos, apesar de estes existirem, temos acima de tudo de retirar a aprendizagem que permanecer\u00e1\u201d, refere Joaquim Candeias, diretor geral do bilstein group, que acrescenta \u201cO caminho \u00e9 sentirmo-nos e mantermo-nos otimistas porque, apesar do impacto menos positivo, considero que evolu\u00edmos muito em v\u00e1rios aspetos: em termos digitais (algo que representar\u00e1 uma necessidade b\u00e1sica para o futuro), na gest\u00e3o e rigor no seio das empresas, e na flexibilidade de empresas e pessoas, algo t\u00e3o relevante num mundo t\u00e3o tecnol\u00f3gico como aquele em que vivemos. Portanto, apesar da recupera\u00e7\u00e3o do mercado ser uma preocupa\u00e7\u00e3o generalizada, tendo a focar-me nas aprendizagens que esta pandemia nos trouxe e trar\u00e1 e que veio acelerar processos que, caso contr\u00e1rio, iriam ser mais demorados.\u201d<\/p>\n<p>Para Joaquim Candeias, a pandemia \u201cveio obrigar-nos a fortalecer o sentimento de uni\u00e3o e de resist\u00eancia, refletindo-se em todas as a\u00e7\u00f5es e tarefas di\u00e1rias. A implementa\u00e7\u00e3o do teletrabalho tornou-se algo priorit\u00e1rio para n\u00f3s e que representa, em si mesmo, uma aprendizagem para todos. Assim como a cria\u00e7\u00e3o de dois turnos diferenciados de log\u00edstica para refor\u00e7ar a prote\u00e7\u00e3o aos colaboradores. Estes s\u00e3o apenas dois exemplos da readapta\u00e7\u00e3o de todos os departamentos perante o novo cen\u00e1rio e a nova realidade.\u201d<\/p>\n<p>A dist\u00e2ncia f\u00edsica \u00e9 algo que o bilstein group tenta contornar todos os dias, implementando formas digitais de aproxima\u00e7\u00e3o aos seus clientes. \u201cPor experi\u00eancia pr\u00f3pria sabemos que nada substitui um aperto de m\u00e3o, uma reuni\u00e3o cara a cara, uma verifica\u00e7\u00e3o t\u00e9cnica no terreno, uma visita com a van, e tantos outros momentos que representam o nosso dia a dia. Naturalmente que o acompanhamento t\u00e9cnico e comercial teve de se reinventar e transpor-se de local para digital\u201d, deu conta Joaquim Candeias.<\/p>\n<p>Apesar da resposta digital se tornar muito urgente perante o cen\u00e1rio pand\u00e9mico, a verdade \u00e9 que j\u00e1 2 anos antes o bilstein group tinha assumido esta como uma das suas bandeiras para os anos vindouros. Atrav\u00e9s da implementa\u00e7\u00e3o de um novo cat\u00e1logo, o partsfinder, e da integra\u00e7\u00e3o com a WebShop, a empresa deu o primeiro passo para que a pesquisa e encomenda de pe\u00e7as conhecesse uma nova realidade, dispon\u00edvel para todos os clientes. \u201cAtualmente, a nossa resposta neste \u00e2mbito passa pela introdu\u00e7\u00e3o, quase semanal, de novas melhorias e funcionalidades a estas duas plataformas. Certamente que num futuro pr\u00f3ximo, o bilstein group marcar\u00e1 a diferen\u00e7a no mundo digital atrav\u00e9s da presen\u00e7a diferenciada e complementar noutros meios digitais, cuidadosamente selecionados e que alavancar\u00e3o o nosso neg\u00f3cio e o de todos os envolvidos.\u00a0 As solu\u00e7\u00f5es digitais podem e devem servir como resposta a necessidades do mercado, mas tamb\u00e9m \u00e9 importante empregar o termo relev\u00e2ncia. As necessidades digitais s\u00e3o diferentes de <em>player<\/em> para <em>player<\/em> e s\u00f3 atrav\u00e9s de um profundo conhecimento do mercado \u00e9 poss\u00edvel que as empresas se tornem relevantes na escolha de solu\u00e7\u00f5es digitais adequadas ao seu neg\u00f3cio\u201d, ressalvou Joaquim Candeias.<\/p>\n<p>Relativamente ao impacto da pandemia no neg\u00f3cio do aftermarket, este respons\u00e1vel refere que \u201cEstamos a lidar com um cen\u00e1rio completamente novo e, sem precedentes, pelo que a rea\u00e7\u00e3o do mercado ainda n\u00e3o se encontra totalmente vis\u00edvel e evidente. Apesar de podermos antecipar aquilo que ser\u00e1 o efeito futuro da pandemia, num cen\u00e1rio t\u00e3o recente podem vir a surgir resultados diferentes, bons ou maus. Esperamos n\u00e3o vir a assistir a uma \u201cguerra de pre\u00e7os\u201d, uma vez que isso iria comprometer rentabilidades e, garantidamente, a continuidade de alguns players. Mais grave e preocupante ainda, s\u00e3o tamb\u00e9m os efeitos nefastos para o setor do aftermarket uma vez que o torna menos aliciante a investimentos e ir\u00e1, sem qualquer d\u00favida, limitar o seu consequente progresso.\u201d<\/p>\n<p>A concluir, Joaquim Candeias antecipa que 2021 seja, em termos gerais, igual a 2019 para o IAM em Portugal. \u201cNaturalmente que existir\u00e3o players que v\u00e3o crescer muito mais face a 2019, mas fruto das circunst\u00e2ncias tamb\u00e9m haver\u00e1 players que ficar\u00e3o bastante abaixo dos valores registados em 2019.\u201d<\/p>\n","protected":false},"excerpt":{"rendered":"<p>Joaquim Candeias, diretor geral do bilstein&#8230;<\/p>\n","protected":false},"author":15,"featured_media":19664,"comment_status":"closed","ping_status":"closed","sticky":false,"template":"","format":"standard","meta":{"footnotes":""},"categories":[38],"tags":[627],"class_list":["post-19663","post","type-post","status-publish","format-standard","has-post-thumbnail","hentry","category-entrevistas","tag-bilstein-group"],"yoast_head":"<!-- This site is optimized with the Yoast SEO plugin v27.4 - https:\/\/yoast.com\/product\/yoast-seo-wordpress\/ -->\n<title>\u201cEstamos a lidar com um cen\u00e1rio completamente novo e sem precedentes\u201d, Joaquim Candeias, bilstein group - Jornal das Oficinas<\/title>\n<meta name=\"robots\" content=\"index, follow, max-snippet:-1, max-image-preview:large, max-video-preview:-1\" \/>\n<link rel=\"canonical\" href=\"https:\/\/jornaldasoficinas.com\/pt\/estamos-a-lidar-com-um-cenario-completamente-novo-e-sem-precedentes-joaquim-candeias-bilstein-group\/\" \/>\n<meta property=\"og:locale\" content=\"pt_PT\" \/>\n<meta property=\"og:type\" content=\"article\" \/>\n<meta property=\"og:title\" content=\"\u201cEstamos a lidar com um cen\u00e1rio completamente novo e sem precedentes\u201d, Joaquim Candeias, bilstein group - Jornal das Oficinas\" \/>\n<meta property=\"og:description\" content=\"Joaquim Candeias, diretor geral do bilstein...\" \/>\n<meta property=\"og:url\" content=\"https:\/\/jornaldasoficinas.com\/pt\/estamos-a-lidar-com-um-cenario-completamente-novo-e-sem-precedentes-joaquim-candeias-bilstein-group\/\" \/>\n<meta property=\"og:site_name\" content=\"Jornal das Oficinas\" \/>\n<meta property=\"article:publisher\" content=\"https:\/\/www.facebook.com\/jornaloficinas\" \/>\n<meta property=\"article:published_time\" content=\"2021-03-28T19:00:47+00:00\" \/>\n<meta property=\"og:image\" content=\"https:\/\/jornaldasoficinas.com\/pt\/wp-content\/uploads\/2021\/03\/joaquim-candeias.png\" \/>\n\t<meta property=\"og:image:width\" content=\"1024\" \/>\n\t<meta property=\"og:image:height\" content=\"581\" \/>\n\t<meta property=\"og:image:type\" content=\"image\/png\" \/>\n<meta name=\"author\" content=\"Reda\u00e7\u00e3o JO\" \/>\n<meta name=\"twitter:card\" content=\"summary_large_image\" \/>\n<meta name=\"twitter:creator\" content=\"@jornaloficinas\" \/>\n<meta name=\"twitter:site\" content=\"@jornaloficinas\" \/>\n<meta name=\"twitter:label1\" content=\"Escrito por\" \/>\n\t<meta name=\"twitter:data1\" content=\"Reda\u00e7\u00e3o JO\" \/>\n\t<meta name=\"twitter:label2\" content=\"Tempo estimado de leitura\" \/>\n\t<meta name=\"twitter:data2\" content=\"4 minutos\" \/>\n<script type=\"application\/ld+json\" class=\"yoast-schema-graph\">{\"@context\":\"https:\\\/\\\/schema.org\",\"@graph\":[{\"@type\":\"Article\",\"@id\":\"https:\\\/\\\/jornaldasoficinas.com\\\/pt\\\/estamos-a-lidar-com-um-cenario-completamente-novo-e-sem-precedentes-joaquim-candeias-bilstein-group\\\/#article\",\"isPartOf\":{\"@id\":\"https:\\\/\\\/jornaldasoficinas.com\\\/pt\\\/estamos-a-lidar-com-um-cenario-completamente-novo-e-sem-precedentes-joaquim-candeias-bilstein-group\\\/\"},\"author\":{\"name\":\"Reda\u00e7\u00e3o JO\",\"@id\":\"https:\\\/\\\/jornaldasoficinas.com\\\/pt\\\/#\\\/schema\\\/person\\\/a38eef5de2c41d9e7c9ac10141afddf3\"},\"headline\":\"\u201cEstamos a lidar com um cen\u00e1rio completamente novo e sem precedentes\u201d, Joaquim Candeias, bilstein group\",\"datePublished\":\"2021-03-28T19:00:47+00:00\",\"mainEntityOfPage\":{\"@id\":\"https:\\\/\\\/jornaldasoficinas.com\\\/pt\\\/estamos-a-lidar-com-um-cenario-completamente-novo-e-sem-precedentes-joaquim-candeias-bilstein-group\\\/\"},\"wordCount\":753,\"publisher\":{\"@id\":\"https:\\\/\\\/jornaldasoficinas.com\\\/pt\\\/#organization\"},\"image\":{\"@id\":\"https:\\\/\\\/jornaldasoficinas.com\\\/pt\\\/estamos-a-lidar-com-um-cenario-completamente-novo-e-sem-precedentes-joaquim-candeias-bilstein-group\\\/#primaryimage\"},\"thumbnailUrl\":\"https:\\\/\\\/jornaldasoficinas.com\\\/pt\\\/wp-content\\\/uploads\\\/2021\\\/03\\\/joaquim-candeias.png\",\"keywords\":[\"bilstein group\"],\"articleSection\":[\"Entrevistas\"],\"inLanguage\":\"pt-PT\"},{\"@type\":\"WebPage\",\"@id\":\"https:\\\/\\\/jornaldasoficinas.com\\\/pt\\\/estamos-a-lidar-com-um-cenario-completamente-novo-e-sem-precedentes-joaquim-candeias-bilstein-group\\\/\",\"url\":\"https:\\\/\\\/jornaldasoficinas.com\\\/pt\\\/estamos-a-lidar-com-um-cenario-completamente-novo-e-sem-precedentes-joaquim-candeias-bilstein-group\\\/\",\"name\":\"\u201cEstamos a lidar com um cen\u00e1rio completamente novo e sem precedentes\u201d, Joaquim Candeias, bilstein group - Jornal das Oficinas\",\"isPartOf\":{\"@id\":\"https:\\\/\\\/jornaldasoficinas.com\\\/pt\\\/#website\"},\"primaryImageOfPage\":{\"@id\":\"https:\\\/\\\/jornaldasoficinas.com\\\/pt\\\/estamos-a-lidar-com-um-cenario-completamente-novo-e-sem-precedentes-joaquim-candeias-bilstein-group\\\/#primaryimage\"},\"image\":{\"@id\":\"https:\\\/\\\/jornaldasoficinas.com\\\/pt\\\/estamos-a-lidar-com-um-cenario-completamente-novo-e-sem-precedentes-joaquim-candeias-bilstein-group\\\/#primaryimage\"},\"thumbnailUrl\":\"https:\\\/\\\/jornaldasoficinas.com\\\/pt\\\/wp-content\\\/uploads\\\/2021\\\/03\\\/joaquim-candeias.png\",\"datePublished\":\"2021-03-28T19:00:47+00:00\",\"breadcrumb\":{\"@id\":\"https:\\\/\\\/jornaldasoficinas.com\\\/pt\\\/estamos-a-lidar-com-um-cenario-completamente-novo-e-sem-precedentes-joaquim-candeias-bilstein-group\\\/#breadcrumb\"},\"inLanguage\":\"pt-PT\",\"potentialAction\":[{\"@type\":\"ReadAction\",\"target\":[\"https:\\\/\\\/jornaldasoficinas.com\\\/pt\\\/estamos-a-lidar-com-um-cenario-completamente-novo-e-sem-precedentes-joaquim-candeias-bilstein-group\\\/\"]}]},{\"@type\":\"ImageObject\",\"inLanguage\":\"pt-PT\",\"@id\":\"https:\\\/\\\/jornaldasoficinas.com\\\/pt\\\/estamos-a-lidar-com-um-cenario-completamente-novo-e-sem-precedentes-joaquim-candeias-bilstein-group\\\/#primaryimage\",\"url\":\"https:\\\/\\\/jornaldasoficinas.com\\\/pt\\\/wp-content\\\/uploads\\\/2021\\\/03\\\/joaquim-candeias.png\",\"contentUrl\":\"https:\\\/\\\/jornaldasoficinas.com\\\/pt\\\/wp-content\\\/uploads\\\/2021\\\/03\\\/joaquim-candeias.png\",\"width\":1024,\"height\":581,\"caption\":\"03 - joaquim-candeias\"},{\"@type\":\"BreadcrumbList\",\"@id\":\"https:\\\/\\\/jornaldasoficinas.com\\\/pt\\\/estamos-a-lidar-com-um-cenario-completamente-novo-e-sem-precedentes-joaquim-candeias-bilstein-group\\\/#breadcrumb\",\"itemListElement\":[{\"@type\":\"ListItem\",\"position\":1,\"name\":\"In\u00edcio\",\"item\":\"https:\\\/\\\/jornaldasoficinas.com\\\/pt\\\/\"},{\"@type\":\"ListItem\",\"position\":2,\"name\":\"\u201cEstamos a lidar com um cen\u00e1rio completamente novo e sem precedentes\u201d, Joaquim Candeias, bilstein group\"}]},{\"@type\":\"WebSite\",\"@id\":\"https:\\\/\\\/jornaldasoficinas.com\\\/pt\\\/#website\",\"url\":\"https:\\\/\\\/jornaldasoficinas.com\\\/pt\\\/\",\"name\":\"Jornal das Oficinas\",\"description\":\"Jornal independente do Aftermarket Autom\u00f3vel em Portugal\",\"publisher\":{\"@id\":\"https:\\\/\\\/jornaldasoficinas.com\\\/pt\\\/#organization\"},\"potentialAction\":[{\"@type\":\"SearchAction\",\"target\":{\"@type\":\"EntryPoint\",\"urlTemplate\":\"https:\\\/\\\/jornaldasoficinas.com\\\/pt\\\/?s={search_term_string}\"},\"query-input\":{\"@type\":\"PropertyValueSpecification\",\"valueRequired\":true,\"valueName\":\"search_term_string\"}}],\"inLanguage\":\"pt-PT\"},{\"@type\":\"Organization\",\"@id\":\"https:\\\/\\\/jornaldasoficinas.com\\\/pt\\\/#organization\",\"name\":\"Jornal das Oficinas\",\"url\":\"https:\\\/\\\/jornaldasoficinas.com\\\/pt\\\/\",\"logo\":{\"@type\":\"ImageObject\",\"inLanguage\":\"pt-PT\",\"@id\":\"https:\\\/\\\/jornaldasoficinas.com\\\/pt\\\/#\\\/schema\\\/logo\\\/image\\\/\",\"url\":\"https:\\\/\\\/jornaldasoficinas.com\\\/pt\\\/wp-content\\\/uploads\\\/logoJO-SEO.png\",\"contentUrl\":\"https:\\\/\\\/jornaldasoficinas.com\\\/pt\\\/wp-content\\\/uploads\\\/logoJO-SEO.png\",\"width\":285,\"height\":450,\"caption\":\"Jornal das Oficinas\"},\"image\":{\"@id\":\"https:\\\/\\\/jornaldasoficinas.com\\\/pt\\\/#\\\/schema\\\/logo\\\/image\\\/\"},\"sameAs\":[\"https:\\\/\\\/www.facebook.com\\\/jornaloficinas\",\"https:\\\/\\\/x.com\\\/jornaloficinas\",\"https:\\\/\\\/www.instagram.com\\\/jornal_oficinas\\\/\",\"https:\\\/\\\/www.linkedin.com\\\/company\\\/jornal-das-oficinas\\\/\",\"https:\\\/\\\/www.youtube.com\\\/channel\\\/UCbQZBqtcvV-oSQrr7RzINGg\"]},{\"@type\":\"Person\",\"@id\":\"https:\\\/\\\/jornaldasoficinas.com\\\/pt\\\/#\\\/schema\\\/person\\\/a38eef5de2c41d9e7c9ac10141afddf3\",\"name\":\"Reda\u00e7\u00e3o JO\",\"image\":{\"@type\":\"ImageObject\",\"inLanguage\":\"pt-PT\",\"@id\":\"https:\\\/\\\/secure.gravatar.com\\\/avatar\\\/71f2fa71737ad68a84fea94bc708ddac8ea5b0c4788dc2ad202f3ccb2887742f?s=96&d=wp_user_avatar&r=g\",\"url\":\"https:\\\/\\\/secure.gravatar.com\\\/avatar\\\/71f2fa71737ad68a84fea94bc708ddac8ea5b0c4788dc2ad202f3ccb2887742f?s=96&d=wp_user_avatar&r=g\",\"contentUrl\":\"https:\\\/\\\/secure.gravatar.com\\\/avatar\\\/71f2fa71737ad68a84fea94bc708ddac8ea5b0c4788dc2ad202f3ccb2887742f?s=96&d=wp_user_avatar&r=g\",\"caption\":\"Reda\u00e7\u00e3o JO\"},\"url\":\"https:\\\/\\\/jornaldasoficinas.com\\\/pt\\\/author\\\/joredacao\\\/\"}]}<\/script>\n<!-- \/ Yoast SEO plugin. -->","yoast_head_json":{"title":"\u201cEstamos a lidar com um cen\u00e1rio completamente novo e sem precedentes\u201d, Joaquim Candeias, bilstein group - Jornal das Oficinas","robots":{"index":"index","follow":"follow","max-snippet":"max-snippet:-1","max-image-preview":"max-image-preview:large","max-video-preview":"max-video-preview:-1"},"canonical":"https:\/\/jornaldasoficinas.com\/pt\/estamos-a-lidar-com-um-cenario-completamente-novo-e-sem-precedentes-joaquim-candeias-bilstein-group\/","og_locale":"pt_PT","og_type":"article","og_title":"\u201cEstamos a lidar com um cen\u00e1rio completamente novo e sem precedentes\u201d, Joaquim Candeias, bilstein group - Jornal das Oficinas","og_description":"Joaquim Candeias, diretor geral do bilstein...","og_url":"https:\/\/jornaldasoficinas.com\/pt\/estamos-a-lidar-com-um-cenario-completamente-novo-e-sem-precedentes-joaquim-candeias-bilstein-group\/","og_site_name":"Jornal das Oficinas","article_publisher":"https:\/\/www.facebook.com\/jornaloficinas","article_published_time":"2021-03-28T19:00:47+00:00","og_image":[{"width":1024,"height":581,"url":"https:\/\/jornaldasoficinas.com\/pt\/wp-content\/uploads\/2021\/03\/joaquim-candeias.png","type":"image\/png"}],"author":"Reda\u00e7\u00e3o JO","twitter_card":"summary_large_image","twitter_creator":"@jornaloficinas","twitter_site":"@jornaloficinas","twitter_misc":{"Escrito por":"Reda\u00e7\u00e3o JO","Tempo estimado de leitura":"4 minutos"},"schema":{"@context":"https:\/\/schema.org","@graph":[{"@type":"Article","@id":"https:\/\/jornaldasoficinas.com\/pt\/estamos-a-lidar-com-um-cenario-completamente-novo-e-sem-precedentes-joaquim-candeias-bilstein-group\/#article","isPartOf":{"@id":"https:\/\/jornaldasoficinas.com\/pt\/estamos-a-lidar-com-um-cenario-completamente-novo-e-sem-precedentes-joaquim-candeias-bilstein-group\/"},"author":{"name":"Reda\u00e7\u00e3o JO","@id":"https:\/\/jornaldasoficinas.com\/pt\/#\/schema\/person\/a38eef5de2c41d9e7c9ac10141afddf3"},"headline":"\u201cEstamos a lidar com um cen\u00e1rio completamente novo e sem precedentes\u201d, Joaquim Candeias, bilstein group","datePublished":"2021-03-28T19:00:47+00:00","mainEntityOfPage":{"@id":"https:\/\/jornaldasoficinas.com\/pt\/estamos-a-lidar-com-um-cenario-completamente-novo-e-sem-precedentes-joaquim-candeias-bilstein-group\/"},"wordCount":753,"publisher":{"@id":"https:\/\/jornaldasoficinas.com\/pt\/#organization"},"image":{"@id":"https:\/\/jornaldasoficinas.com\/pt\/estamos-a-lidar-com-um-cenario-completamente-novo-e-sem-precedentes-joaquim-candeias-bilstein-group\/#primaryimage"},"thumbnailUrl":"https:\/\/jornaldasoficinas.com\/pt\/wp-content\/uploads\/2021\/03\/joaquim-candeias.png","keywords":["bilstein group"],"articleSection":["Entrevistas"],"inLanguage":"pt-PT"},{"@type":"WebPage","@id":"https:\/\/jornaldasoficinas.com\/pt\/estamos-a-lidar-com-um-cenario-completamente-novo-e-sem-precedentes-joaquim-candeias-bilstein-group\/","url":"https:\/\/jornaldasoficinas.com\/pt\/estamos-a-lidar-com-um-cenario-completamente-novo-e-sem-precedentes-joaquim-candeias-bilstein-group\/","name":"\u201cEstamos a lidar com um cen\u00e1rio completamente novo e sem precedentes\u201d, Joaquim Candeias, bilstein group - Jornal das Oficinas","isPartOf":{"@id":"https:\/\/jornaldasoficinas.com\/pt\/#website"},"primaryImageOfPage":{"@id":"https:\/\/jornaldasoficinas.com\/pt\/estamos-a-lidar-com-um-cenario-completamente-novo-e-sem-precedentes-joaquim-candeias-bilstein-group\/#primaryimage"},"image":{"@id":"https:\/\/jornaldasoficinas.com\/pt\/estamos-a-lidar-com-um-cenario-completamente-novo-e-sem-precedentes-joaquim-candeias-bilstein-group\/#primaryimage"},"thumbnailUrl":"https:\/\/jornaldasoficinas.com\/pt\/wp-content\/uploads\/2021\/03\/joaquim-candeias.png","datePublished":"2021-03-28T19:00:47+00:00","breadcrumb":{"@id":"https:\/\/jornaldasoficinas.com\/pt\/estamos-a-lidar-com-um-cenario-completamente-novo-e-sem-precedentes-joaquim-candeias-bilstein-group\/#breadcrumb"},"inLanguage":"pt-PT","potentialAction":[{"@type":"ReadAction","target":["https:\/\/jornaldasoficinas.com\/pt\/estamos-a-lidar-com-um-cenario-completamente-novo-e-sem-precedentes-joaquim-candeias-bilstein-group\/"]}]},{"@type":"ImageObject","inLanguage":"pt-PT","@id":"https:\/\/jornaldasoficinas.com\/pt\/estamos-a-lidar-com-um-cenario-completamente-novo-e-sem-precedentes-joaquim-candeias-bilstein-group\/#primaryimage","url":"https:\/\/jornaldasoficinas.com\/pt\/wp-content\/uploads\/2021\/03\/joaquim-candeias.png","contentUrl":"https:\/\/jornaldasoficinas.com\/pt\/wp-content\/uploads\/2021\/03\/joaquim-candeias.png","width":1024,"height":581,"caption":"03 - joaquim-candeias"},{"@type":"BreadcrumbList","@id":"https:\/\/jornaldasoficinas.com\/pt\/estamos-a-lidar-com-um-cenario-completamente-novo-e-sem-precedentes-joaquim-candeias-bilstein-group\/#breadcrumb","itemListElement":[{"@type":"ListItem","position":1,"name":"In\u00edcio","item":"https:\/\/jornaldasoficinas.com\/pt\/"},{"@type":"ListItem","position":2,"name":"\u201cEstamos a lidar com um cen\u00e1rio completamente novo e sem precedentes\u201d, Joaquim Candeias, bilstein group"}]},{"@type":"WebSite","@id":"https:\/\/jornaldasoficinas.com\/pt\/#website","url":"https:\/\/jornaldasoficinas.com\/pt\/","name":"Jornal das Oficinas","description":"Jornal independente do Aftermarket Autom\u00f3vel em Portugal","publisher":{"@id":"https:\/\/jornaldasoficinas.com\/pt\/#organization"},"potentialAction":[{"@type":"SearchAction","target":{"@type":"EntryPoint","urlTemplate":"https:\/\/jornaldasoficinas.com\/pt\/?s={search_term_string}"},"query-input":{"@type":"PropertyValueSpecification","valueRequired":true,"valueName":"search_term_string"}}],"inLanguage":"pt-PT"},{"@type":"Organization","@id":"https:\/\/jornaldasoficinas.com\/pt\/#organization","name":"Jornal das Oficinas","url":"https:\/\/jornaldasoficinas.com\/pt\/","logo":{"@type":"ImageObject","inLanguage":"pt-PT","@id":"https:\/\/jornaldasoficinas.com\/pt\/#\/schema\/logo\/image\/","url":"https:\/\/jornaldasoficinas.com\/pt\/wp-content\/uploads\/logoJO-SEO.png","contentUrl":"https:\/\/jornaldasoficinas.com\/pt\/wp-content\/uploads\/logoJO-SEO.png","width":285,"height":450,"caption":"Jornal das Oficinas"},"image":{"@id":"https:\/\/jornaldasoficinas.com\/pt\/#\/schema\/logo\/image\/"},"sameAs":["https:\/\/www.facebook.com\/jornaloficinas","https:\/\/x.com\/jornaloficinas","https:\/\/www.instagram.com\/jornal_oficinas\/","https:\/\/www.linkedin.com\/company\/jornal-das-oficinas\/","https:\/\/www.youtube.com\/channel\/UCbQZBqtcvV-oSQrr7RzINGg"]},{"@type":"Person","@id":"https:\/\/jornaldasoficinas.com\/pt\/#\/schema\/person\/a38eef5de2c41d9e7c9ac10141afddf3","name":"Reda\u00e7\u00e3o JO","image":{"@type":"ImageObject","inLanguage":"pt-PT","@id":"https:\/\/secure.gravatar.com\/avatar\/71f2fa71737ad68a84fea94bc708ddac8ea5b0c4788dc2ad202f3ccb2887742f?s=96&d=wp_user_avatar&r=g","url":"https:\/\/secure.gravatar.com\/avatar\/71f2fa71737ad68a84fea94bc708ddac8ea5b0c4788dc2ad202f3ccb2887742f?s=96&d=wp_user_avatar&r=g","contentUrl":"https:\/\/secure.gravatar.com\/avatar\/71f2fa71737ad68a84fea94bc708ddac8ea5b0c4788dc2ad202f3ccb2887742f?s=96&d=wp_user_avatar&r=g","caption":"Reda\u00e7\u00e3o JO"},"url":"https:\/\/jornaldasoficinas.com\/pt\/author\/joredacao\/"}]}},"_links":{"self":[{"href":"https:\/\/jornaldasoficinas.com\/pt\/wp-json\/wp\/v2\/posts\/19663","targetHints":{"allow":["GET"]}}],"collection":[{"href":"https:\/\/jornaldasoficinas.com\/pt\/wp-json\/wp\/v2\/posts"}],"about":[{"href":"https:\/\/jornaldasoficinas.com\/pt\/wp-json\/wp\/v2\/types\/post"}],"author":[{"embeddable":true,"href":"https:\/\/jornaldasoficinas.com\/pt\/wp-json\/wp\/v2\/users\/15"}],"replies":[{"embeddable":true,"href":"https:\/\/jornaldasoficinas.com\/pt\/wp-json\/wp\/v2\/comments?post=19663"}],"version-history":[{"count":0,"href":"https:\/\/jornaldasoficinas.com\/pt\/wp-json\/wp\/v2\/posts\/19663\/revisions"}],"wp:featuredmedia":[{"embeddable":true,"href":"https:\/\/jornaldasoficinas.com\/pt\/wp-json\/wp\/v2\/media\/19664"}],"wp:attachment":[{"href":"https:\/\/jornaldasoficinas.com\/pt\/wp-json\/wp\/v2\/media?parent=19663"}],"wp:term":[{"taxonomy":"category","embeddable":true,"href":"https:\/\/jornaldasoficinas.com\/pt\/wp-json\/wp\/v2\/categories?post=19663"},{"taxonomy":"post_tag","embeddable":true,"href":"https:\/\/jornaldasoficinas.com\/pt\/wp-json\/wp\/v2\/tags?post=19663"}],"curies":[{"name":"wp","href":"https:\/\/api.w.org\/{rel}","templated":true}]}}