{"id":19698,"date":"2021-03-31T10:00:49","date_gmt":"2021-03-31T09:00:49","guid":{"rendered":"https:\/\/jornaldasoficinas.com\/pt\/?p=19698"},"modified":"2021-04-01T18:43:27","modified_gmt":"2021-04-01T17:43:27","slug":"imperfil-lanca-novos-filtros-de-combustivel","status":"publish","type":"post","link":"https:\/\/jornaldasoficinas.com\/pt\/imperfil-lanca-novos-filtros-de-combustivel\/","title":{"rendered":"Imperfil lan\u00e7a novos filtros de combust\u00edvel"},"content":{"rendered":"<p><strong><img loading=\"lazy\" decoding=\"async\" class=\"alignnone wp-image-19676 size-full\" src=\"https:\/\/jornaldasoficinas.com\/pt\/wp-content\/uploads\/2021\/03\/Imprefil-lanc\u0327a.jpeg\" alt=\"03 - Imprefil-lanc\u0327a\" width=\"1024\" height=\"581\" srcset=\"https:\/\/jornaldasoficinas.com\/pt\/wp-content\/uploads\/2021\/03\/Imprefil-lanc\u0327a.jpeg 1024w, https:\/\/jornaldasoficinas.com\/pt\/wp-content\/uploads\/2021\/03\/Imprefil-lanc\u0327a-300x170.jpeg 300w, https:\/\/jornaldasoficinas.com\/pt\/wp-content\/uploads\/2021\/03\/Imprefil-lanc\u0327a-150x85.jpeg 150w, https:\/\/jornaldasoficinas.com\/pt\/wp-content\/uploads\/2021\/03\/Imprefil-lanc\u0327a-768x436.jpeg 768w\" sizes=\"auto, (max-width: 1024px) 100vw, 1024px\" \/><\/strong><\/p>\n<p><strong>A\u00a0Imprefil apresenta para Espanha e Portugal uma nova fam\u00edlia\u00a0LKF\u00a0de Filtros de Combust\u00edvel Separadores de \u00c1gua da prestigiada marca alem\u00e3\u00a0SEPAR, com vers\u00f5es para o mercado autom\u00f3vel e industrial.<\/strong><\/p>\n<p>Os\u00a0LKF\u00a0s\u00e3o filtros coalescentes com uma longa vida \u00fatil de filtragem. A tecnologia coalescente consiste em juntar ou unir as diminutas part\u00edculas de \u00e1gua presentes no combust\u00edvel, aumentando o seu tamanho at\u00e9 um ponto em que se podem separar de forma segura por um meio de filtragem hidr\u00f3fobo. A \u00e1gua separada acumula-se na parte inferior do recipiente para facilitar a drenagem. Embora o design do filtro seja \u00fanico, existem diferentes meios de filtragem em fun\u00e7\u00e3o dos tamanhos das part\u00edculas a separar (3, 6 ou 10\u03bc).<\/p>\n<p>O filtro, juntamente com os seus meios filtrantes, est\u00e1 dispon\u00edvel em dois modelos, para a \u00e1rea autom\u00f3vel e industrial, em fun\u00e7\u00e3o da quantidade de combust\u00edvel a filtrar (178 ou 477 LPH).<\/p>\n<p>Os\u00a0LKF\u00a0s\u00e3o filtros prim\u00e1rios focados na prote\u00e7\u00e3o dos motores diesel, que proporcionam uma solu\u00e7\u00e3o de filtragem \u00e0 linha de fornecimento de combust\u00edvel (ao dep\u00f3sito) e ao motor. A tecnologia\u00a0LKF\u00a0proporciona uma separa\u00e7\u00e3o de \u00e1gua de 95% e o recipiente transparente facilita a visualiza\u00e7\u00e3o do n\u00edvel de \u00e1gua. A simplicidade de drenagem de \u00e1gua, a sua f\u00e1cil montagem e a simplicidade na substitui\u00e7\u00e3o do elemento filtrante gera baixos custos nas opera\u00e7\u00f5es de manuten\u00e7\u00e3o.\u2028\u2028Estes filtros incorporam tecnologia de \u00faltima gera\u00e7\u00e3o por meio de chips RFID, um alojado no corpo do filtro e outro chip no elemento filtrante. Isto permite uma rastreabilidade do produto trazendo uma garantia de qualidade de fabrica\u00e7\u00e3o, bem como uma prote\u00e7\u00e3o contra falsifica\u00e7\u00f5es.<\/p>\n<p>Outro fator tecnol\u00f3gico a destacar nos\u00a0LKF, \u00e9 que est\u00e3o dispon\u00edveis com um sensor de \u00e1gua opcional para enviar um sinal de manuten\u00e7\u00e3o \u00e0s unidades de controlo do ve\u00edculo para avisar da necessidade de manuten\u00e7\u00e3o ou substitui\u00e7\u00e3o. O seu reduzido tamanho, leveza e facilidade de montagem fazem dos\u00a0LKF\u00a0filtros indispens\u00e1veis tanto em motores de ve\u00edculos como em maquinaria industrial.<\/p>\n<p>Outra caracter\u00edstica importante dos\u00a0LKF\u00a0\u00e9 a de poderem-se instalar tanto do lado de suc\u00e7\u00e3o como do da press\u00e3o. Devido ao seu design, a queda de press\u00e3o \u00e9 baixa enquanto que o grau de separa\u00e7\u00e3o de part\u00edculas de \u00e1gua \u00e9 alto durante toda a vida \u00fatil de filtragem. Os\u00a0LKF\u00a0s\u00e3o fabricados com materiais sustent\u00e1veis e livres de metais pesados n\u00e3o ferrosos pelo que s\u00e3o filtros que respeitam o meio ambiente.<\/p>\n<p><strong>Outras caracter\u00edsticas dos filtros LKF:<br \/>\n<\/strong>&#8211; \u00c1rea do elemento filtrante ampliada. Aumenta a vida de servi\u00e7o do filtro.<br \/>\n&#8211; Diferentes tamanhos dos poros do filtro para uma excelente separa\u00e7\u00e3o da \u00e1gua e das part\u00edculas.<br \/>\n&#8211; Constru\u00e7\u00e3o em fibra de vidro refor\u00e7ada que permite um vasto leque de temperaturas de trabalho, apto para ambientes extremos.<\/p>\n","protected":false},"excerpt":{"rendered":"<p>A\u00a0Imprefil apresenta para Espanha e Portugal&#8230;<\/p>\n","protected":false},"author":15,"featured_media":19676,"comment_status":"closed","ping_status":"closed","sticky":false,"template":"","format":"standard","meta":{"footnotes":""},"categories":[29],"tags":[2531],"class_list":["post-19698","post","type-post","status-publish","format-standard","has-post-thumbnail","hentry","category-empresas","tag-imprefil"],"yoast_head":"<!-- This site is optimized with the Yoast SEO plugin v27.4 - https:\/\/yoast.com\/product\/yoast-seo-wordpress\/ -->\n<title>Imperfil lan\u00e7a novos filtros de combust\u00edvel - Jornal das Oficinas<\/title>\n<meta name=\"robots\" content=\"index, follow, max-snippet:-1, max-image-preview:large, max-video-preview:-1\" \/>\n<link rel=\"canonical\" href=\"https:\/\/jornaldasoficinas.com\/pt\/imperfil-lanca-novos-filtros-de-combustivel\/\" \/>\n<meta property=\"og:locale\" content=\"pt_PT\" \/>\n<meta property=\"og:type\" content=\"article\" \/>\n<meta property=\"og:title\" content=\"Imperfil lan\u00e7a novos filtros de combust\u00edvel - Jornal das Oficinas\" \/>\n<meta property=\"og:description\" content=\"A\u00a0Imprefil apresenta para Espanha e Portugal...\" \/>\n<meta property=\"og:url\" content=\"https:\/\/jornaldasoficinas.com\/pt\/imperfil-lanca-novos-filtros-de-combustivel\/\" \/>\n<meta property=\"og:site_name\" content=\"Jornal das Oficinas\" \/>\n<meta property=\"article:publisher\" content=\"https:\/\/www.facebook.com\/jornaloficinas\" \/>\n<meta property=\"article:published_time\" content=\"2021-03-31T09:00:49+00:00\" \/>\n<meta property=\"article:modified_time\" content=\"2021-04-01T17:43:27+00:00\" \/>\n<meta property=\"og:image\" content=\"https:\/\/jornaldasoficinas.com\/pt\/wp-content\/uploads\/2021\/03\/Imprefil-lanc\u0327a.jpeg\" \/>\n\t<meta property=\"og:image:width\" content=\"1024\" \/>\n\t<meta property=\"og:image:height\" content=\"581\" \/>\n\t<meta property=\"og:image:type\" content=\"image\/jpeg\" \/>\n<meta name=\"author\" content=\"Reda\u00e7\u00e3o JO\" \/>\n<meta name=\"twitter:card\" content=\"summary_large_image\" \/>\n<meta name=\"twitter:creator\" content=\"@jornaloficinas\" \/>\n<meta name=\"twitter:site\" content=\"@jornaloficinas\" \/>\n<meta name=\"twitter:label1\" content=\"Escrito por\" \/>\n\t<meta name=\"twitter:data1\" content=\"Reda\u00e7\u00e3o JO\" \/>\n\t<meta name=\"twitter:label2\" content=\"Tempo estimado de leitura\" \/>\n\t<meta name=\"twitter:data2\" content=\"3 minutos\" \/>\n<script type=\"application\/ld+json\" class=\"yoast-schema-graph\">{\"@context\":\"https:\\\/\\\/schema.org\",\"@graph\":[{\"@type\":\"Article\",\"@id\":\"https:\\\/\\\/jornaldasoficinas.com\\\/pt\\\/imperfil-lanca-novos-filtros-de-combustivel\\\/#article\",\"isPartOf\":{\"@id\":\"https:\\\/\\\/jornaldasoficinas.com\\\/pt\\\/imperfil-lanca-novos-filtros-de-combustivel\\\/\"},\"author\":{\"name\":\"Reda\u00e7\u00e3o JO\",\"@id\":\"https:\\\/\\\/jornaldasoficinas.com\\\/pt\\\/#\\\/schema\\\/person\\\/a38eef5de2c41d9e7c9ac10141afddf3\"},\"headline\":\"Imperfil lan\u00e7a novos filtros de combust\u00edvel\",\"datePublished\":\"2021-03-31T09:00:49+00:00\",\"dateModified\":\"2021-04-01T17:43:27+00:00\",\"mainEntityOfPage\":{\"@id\":\"https:\\\/\\\/jornaldasoficinas.com\\\/pt\\\/imperfil-lanca-novos-filtros-de-combustivel\\\/\"},\"wordCount\":503,\"publisher\":{\"@id\":\"https:\\\/\\\/jornaldasoficinas.com\\\/pt\\\/#organization\"},\"image\":{\"@id\":\"https:\\\/\\\/jornaldasoficinas.com\\\/pt\\\/imperfil-lanca-novos-filtros-de-combustivel\\\/#primaryimage\"},\"thumbnailUrl\":\"https:\\\/\\\/jornaldasoficinas.com\\\/pt\\\/wp-content\\\/uploads\\\/2021\\\/03\\\/Imprefil-lanc\u0327a.jpeg\",\"keywords\":[\"Imprefil\"],\"articleSection\":[\"Empresas\"],\"inLanguage\":\"pt-PT\"},{\"@type\":\"WebPage\",\"@id\":\"https:\\\/\\\/jornaldasoficinas.com\\\/pt\\\/imperfil-lanca-novos-filtros-de-combustivel\\\/\",\"url\":\"https:\\\/\\\/jornaldasoficinas.com\\\/pt\\\/imperfil-lanca-novos-filtros-de-combustivel\\\/\",\"name\":\"Imperfil lan\u00e7a novos filtros de combust\u00edvel - Jornal das Oficinas\",\"isPartOf\":{\"@id\":\"https:\\\/\\\/jornaldasoficinas.com\\\/pt\\\/#website\"},\"primaryImageOfPage\":{\"@id\":\"https:\\\/\\\/jornaldasoficinas.com\\\/pt\\\/imperfil-lanca-novos-filtros-de-combustivel\\\/#primaryimage\"},\"image\":{\"@id\":\"https:\\\/\\\/jornaldasoficinas.com\\\/pt\\\/imperfil-lanca-novos-filtros-de-combustivel\\\/#primaryimage\"},\"thumbnailUrl\":\"https:\\\/\\\/jornaldasoficinas.com\\\/pt\\\/wp-content\\\/uploads\\\/2021\\\/03\\\/Imprefil-lanc\u0327a.jpeg\",\"datePublished\":\"2021-03-31T09:00:49+00:00\",\"dateModified\":\"2021-04-01T17:43:27+00:00\",\"breadcrumb\":{\"@id\":\"https:\\\/\\\/jornaldasoficinas.com\\\/pt\\\/imperfil-lanca-novos-filtros-de-combustivel\\\/#breadcrumb\"},\"inLanguage\":\"pt-PT\",\"potentialAction\":[{\"@type\":\"ReadAction\",\"target\":[\"https:\\\/\\\/jornaldasoficinas.com\\\/pt\\\/imperfil-lanca-novos-filtros-de-combustivel\\\/\"]}]},{\"@type\":\"ImageObject\",\"inLanguage\":\"pt-PT\",\"@id\":\"https:\\\/\\\/jornaldasoficinas.com\\\/pt\\\/imperfil-lanca-novos-filtros-de-combustivel\\\/#primaryimage\",\"url\":\"https:\\\/\\\/jornaldasoficinas.com\\\/pt\\\/wp-content\\\/uploads\\\/2021\\\/03\\\/Imprefil-lanc\u0327a.jpeg\",\"contentUrl\":\"https:\\\/\\\/jornaldasoficinas.com\\\/pt\\\/wp-content\\\/uploads\\\/2021\\\/03\\\/Imprefil-lanc\u0327a.jpeg\",\"width\":1024,\"height\":581,\"caption\":\"03 - Imprefil-lanc\u0327a\"},{\"@type\":\"BreadcrumbList\",\"@id\":\"https:\\\/\\\/jornaldasoficinas.com\\\/pt\\\/imperfil-lanca-novos-filtros-de-combustivel\\\/#breadcrumb\",\"itemListElement\":[{\"@type\":\"ListItem\",\"position\":1,\"name\":\"In\u00edcio\",\"item\":\"https:\\\/\\\/jornaldasoficinas.com\\\/pt\\\/\"},{\"@type\":\"ListItem\",\"position\":2,\"name\":\"Imperfil lan\u00e7a novos filtros de combust\u00edvel\"}]},{\"@type\":\"WebSite\",\"@id\":\"https:\\\/\\\/jornaldasoficinas.com\\\/pt\\\/#website\",\"url\":\"https:\\\/\\\/jornaldasoficinas.com\\\/pt\\\/\",\"name\":\"Jornal das Oficinas\",\"description\":\"Jornal independente do Aftermarket Autom\u00f3vel em Portugal\",\"publisher\":{\"@id\":\"https:\\\/\\\/jornaldasoficinas.com\\\/pt\\\/#organization\"},\"potentialAction\":[{\"@type\":\"SearchAction\",\"target\":{\"@type\":\"EntryPoint\",\"urlTemplate\":\"https:\\\/\\\/jornaldasoficinas.com\\\/pt\\\/?s={search_term_string}\"},\"query-input\":{\"@type\":\"PropertyValueSpecification\",\"valueRequired\":true,\"valueName\":\"search_term_string\"}}],\"inLanguage\":\"pt-PT\"},{\"@type\":\"Organization\",\"@id\":\"https:\\\/\\\/jornaldasoficinas.com\\\/pt\\\/#organization\",\"name\":\"Jornal das Oficinas\",\"url\":\"https:\\\/\\\/jornaldasoficinas.com\\\/pt\\\/\",\"logo\":{\"@type\":\"ImageObject\",\"inLanguage\":\"pt-PT\",\"@id\":\"https:\\\/\\\/jornaldasoficinas.com\\\/pt\\\/#\\\/schema\\\/logo\\\/image\\\/\",\"url\":\"https:\\\/\\\/jornaldasoficinas.com\\\/pt\\\/wp-content\\\/uploads\\\/logoJO-SEO.png\",\"contentUrl\":\"https:\\\/\\\/jornaldasoficinas.com\\\/pt\\\/wp-content\\\/uploads\\\/logoJO-SEO.png\",\"width\":285,\"height\":450,\"caption\":\"Jornal das Oficinas\"},\"image\":{\"@id\":\"https:\\\/\\\/jornaldasoficinas.com\\\/pt\\\/#\\\/schema\\\/logo\\\/image\\\/\"},\"sameAs\":[\"https:\\\/\\\/www.facebook.com\\\/jornaloficinas\",\"https:\\\/\\\/x.com\\\/jornaloficinas\",\"https:\\\/\\\/www.instagram.com\\\/jornal_oficinas\\\/\",\"https:\\\/\\\/www.linkedin.com\\\/company\\\/jornal-das-oficinas\\\/\",\"https:\\\/\\\/www.youtube.com\\\/channel\\\/UCbQZBqtcvV-oSQrr7RzINGg\"]},{\"@type\":\"Person\",\"@id\":\"https:\\\/\\\/jornaldasoficinas.com\\\/pt\\\/#\\\/schema\\\/person\\\/a38eef5de2c41d9e7c9ac10141afddf3\",\"name\":\"Reda\u00e7\u00e3o JO\",\"image\":{\"@type\":\"ImageObject\",\"inLanguage\":\"pt-PT\",\"@id\":\"https:\\\/\\\/secure.gravatar.com\\\/avatar\\\/71f2fa71737ad68a84fea94bc708ddac8ea5b0c4788dc2ad202f3ccb2887742f?s=96&d=wp_user_avatar&r=g\",\"url\":\"https:\\\/\\\/secure.gravatar.com\\\/avatar\\\/71f2fa71737ad68a84fea94bc708ddac8ea5b0c4788dc2ad202f3ccb2887742f?s=96&d=wp_user_avatar&r=g\",\"contentUrl\":\"https:\\\/\\\/secure.gravatar.com\\\/avatar\\\/71f2fa71737ad68a84fea94bc708ddac8ea5b0c4788dc2ad202f3ccb2887742f?s=96&d=wp_user_avatar&r=g\",\"caption\":\"Reda\u00e7\u00e3o JO\"},\"url\":\"https:\\\/\\\/jornaldasoficinas.com\\\/pt\\\/author\\\/joredacao\\\/\"}]}<\/script>\n<!-- \/ Yoast SEO plugin. -->","yoast_head_json":{"title":"Imperfil lan\u00e7a novos filtros de combust\u00edvel - Jornal das Oficinas","robots":{"index":"index","follow":"follow","max-snippet":"max-snippet:-1","max-image-preview":"max-image-preview:large","max-video-preview":"max-video-preview:-1"},"canonical":"https:\/\/jornaldasoficinas.com\/pt\/imperfil-lanca-novos-filtros-de-combustivel\/","og_locale":"pt_PT","og_type":"article","og_title":"Imperfil lan\u00e7a novos filtros de combust\u00edvel - Jornal das Oficinas","og_description":"A\u00a0Imprefil apresenta para Espanha e Portugal...","og_url":"https:\/\/jornaldasoficinas.com\/pt\/imperfil-lanca-novos-filtros-de-combustivel\/","og_site_name":"Jornal das Oficinas","article_publisher":"https:\/\/www.facebook.com\/jornaloficinas","article_published_time":"2021-03-31T09:00:49+00:00","article_modified_time":"2021-04-01T17:43:27+00:00","og_image":[{"width":1024,"height":581,"url":"https:\/\/jornaldasoficinas.com\/pt\/wp-content\/uploads\/2021\/03\/Imprefil-lanc\u0327a.jpeg","type":"image\/jpeg"}],"author":"Reda\u00e7\u00e3o JO","twitter_card":"summary_large_image","twitter_creator":"@jornaloficinas","twitter_site":"@jornaloficinas","twitter_misc":{"Escrito por":"Reda\u00e7\u00e3o JO","Tempo estimado de leitura":"3 minutos"},"schema":{"@context":"https:\/\/schema.org","@graph":[{"@type":"Article","@id":"https:\/\/jornaldasoficinas.com\/pt\/imperfil-lanca-novos-filtros-de-combustivel\/#article","isPartOf":{"@id":"https:\/\/jornaldasoficinas.com\/pt\/imperfil-lanca-novos-filtros-de-combustivel\/"},"author":{"name":"Reda\u00e7\u00e3o JO","@id":"https:\/\/jornaldasoficinas.com\/pt\/#\/schema\/person\/a38eef5de2c41d9e7c9ac10141afddf3"},"headline":"Imperfil lan\u00e7a novos filtros de combust\u00edvel","datePublished":"2021-03-31T09:00:49+00:00","dateModified":"2021-04-01T17:43:27+00:00","mainEntityOfPage":{"@id":"https:\/\/jornaldasoficinas.com\/pt\/imperfil-lanca-novos-filtros-de-combustivel\/"},"wordCount":503,"publisher":{"@id":"https:\/\/jornaldasoficinas.com\/pt\/#organization"},"image":{"@id":"https:\/\/jornaldasoficinas.com\/pt\/imperfil-lanca-novos-filtros-de-combustivel\/#primaryimage"},"thumbnailUrl":"https:\/\/jornaldasoficinas.com\/pt\/wp-content\/uploads\/2021\/03\/Imprefil-lanc\u0327a.jpeg","keywords":["Imprefil"],"articleSection":["Empresas"],"inLanguage":"pt-PT"},{"@type":"WebPage","@id":"https:\/\/jornaldasoficinas.com\/pt\/imperfil-lanca-novos-filtros-de-combustivel\/","url":"https:\/\/jornaldasoficinas.com\/pt\/imperfil-lanca-novos-filtros-de-combustivel\/","name":"Imperfil lan\u00e7a novos filtros de combust\u00edvel - Jornal das Oficinas","isPartOf":{"@id":"https:\/\/jornaldasoficinas.com\/pt\/#website"},"primaryImageOfPage":{"@id":"https:\/\/jornaldasoficinas.com\/pt\/imperfil-lanca-novos-filtros-de-combustivel\/#primaryimage"},"image":{"@id":"https:\/\/jornaldasoficinas.com\/pt\/imperfil-lanca-novos-filtros-de-combustivel\/#primaryimage"},"thumbnailUrl":"https:\/\/jornaldasoficinas.com\/pt\/wp-content\/uploads\/2021\/03\/Imprefil-lanc\u0327a.jpeg","datePublished":"2021-03-31T09:00:49+00:00","dateModified":"2021-04-01T17:43:27+00:00","breadcrumb":{"@id":"https:\/\/jornaldasoficinas.com\/pt\/imperfil-lanca-novos-filtros-de-combustivel\/#breadcrumb"},"inLanguage":"pt-PT","potentialAction":[{"@type":"ReadAction","target":["https:\/\/jornaldasoficinas.com\/pt\/imperfil-lanca-novos-filtros-de-combustivel\/"]}]},{"@type":"ImageObject","inLanguage":"pt-PT","@id":"https:\/\/jornaldasoficinas.com\/pt\/imperfil-lanca-novos-filtros-de-combustivel\/#primaryimage","url":"https:\/\/jornaldasoficinas.com\/pt\/wp-content\/uploads\/2021\/03\/Imprefil-lanc\u0327a.jpeg","contentUrl":"https:\/\/jornaldasoficinas.com\/pt\/wp-content\/uploads\/2021\/03\/Imprefil-lanc\u0327a.jpeg","width":1024,"height":581,"caption":"03 - Imprefil-lanc\u0327a"},{"@type":"BreadcrumbList","@id":"https:\/\/jornaldasoficinas.com\/pt\/imperfil-lanca-novos-filtros-de-combustivel\/#breadcrumb","itemListElement":[{"@type":"ListItem","position":1,"name":"In\u00edcio","item":"https:\/\/jornaldasoficinas.com\/pt\/"},{"@type":"ListItem","position":2,"name":"Imperfil lan\u00e7a novos filtros de combust\u00edvel"}]},{"@type":"WebSite","@id":"https:\/\/jornaldasoficinas.com\/pt\/#website","url":"https:\/\/jornaldasoficinas.com\/pt\/","name":"Jornal das Oficinas","description":"Jornal independente do Aftermarket Autom\u00f3vel em Portugal","publisher":{"@id":"https:\/\/jornaldasoficinas.com\/pt\/#organization"},"potentialAction":[{"@type":"SearchAction","target":{"@type":"EntryPoint","urlTemplate":"https:\/\/jornaldasoficinas.com\/pt\/?s={search_term_string}"},"query-input":{"@type":"PropertyValueSpecification","valueRequired":true,"valueName":"search_term_string"}}],"inLanguage":"pt-PT"},{"@type":"Organization","@id":"https:\/\/jornaldasoficinas.com\/pt\/#organization","name":"Jornal das Oficinas","url":"https:\/\/jornaldasoficinas.com\/pt\/","logo":{"@type":"ImageObject","inLanguage":"pt-PT","@id":"https:\/\/jornaldasoficinas.com\/pt\/#\/schema\/logo\/image\/","url":"https:\/\/jornaldasoficinas.com\/pt\/wp-content\/uploads\/logoJO-SEO.png","contentUrl":"https:\/\/jornaldasoficinas.com\/pt\/wp-content\/uploads\/logoJO-SEO.png","width":285,"height":450,"caption":"Jornal das Oficinas"},"image":{"@id":"https:\/\/jornaldasoficinas.com\/pt\/#\/schema\/logo\/image\/"},"sameAs":["https:\/\/www.facebook.com\/jornaloficinas","https:\/\/x.com\/jornaloficinas","https:\/\/www.instagram.com\/jornal_oficinas\/","https:\/\/www.linkedin.com\/company\/jornal-das-oficinas\/","https:\/\/www.youtube.com\/channel\/UCbQZBqtcvV-oSQrr7RzINGg"]},{"@type":"Person","@id":"https:\/\/jornaldasoficinas.com\/pt\/#\/schema\/person\/a38eef5de2c41d9e7c9ac10141afddf3","name":"Reda\u00e7\u00e3o JO","image":{"@type":"ImageObject","inLanguage":"pt-PT","@id":"https:\/\/secure.gravatar.com\/avatar\/71f2fa71737ad68a84fea94bc708ddac8ea5b0c4788dc2ad202f3ccb2887742f?s=96&d=wp_user_avatar&r=g","url":"https:\/\/secure.gravatar.com\/avatar\/71f2fa71737ad68a84fea94bc708ddac8ea5b0c4788dc2ad202f3ccb2887742f?s=96&d=wp_user_avatar&r=g","contentUrl":"https:\/\/secure.gravatar.com\/avatar\/71f2fa71737ad68a84fea94bc708ddac8ea5b0c4788dc2ad202f3ccb2887742f?s=96&d=wp_user_avatar&r=g","caption":"Reda\u00e7\u00e3o JO"},"url":"https:\/\/jornaldasoficinas.com\/pt\/author\/joredacao\/"}]}},"_links":{"self":[{"href":"https:\/\/jornaldasoficinas.com\/pt\/wp-json\/wp\/v2\/posts\/19698","targetHints":{"allow":["GET"]}}],"collection":[{"href":"https:\/\/jornaldasoficinas.com\/pt\/wp-json\/wp\/v2\/posts"}],"about":[{"href":"https:\/\/jornaldasoficinas.com\/pt\/wp-json\/wp\/v2\/types\/post"}],"author":[{"embeddable":true,"href":"https:\/\/jornaldasoficinas.com\/pt\/wp-json\/wp\/v2\/users\/15"}],"replies":[{"embeddable":true,"href":"https:\/\/jornaldasoficinas.com\/pt\/wp-json\/wp\/v2\/comments?post=19698"}],"version-history":[{"count":0,"href":"https:\/\/jornaldasoficinas.com\/pt\/wp-json\/wp\/v2\/posts\/19698\/revisions"}],"wp:featuredmedia":[{"embeddable":true,"href":"https:\/\/jornaldasoficinas.com\/pt\/wp-json\/wp\/v2\/media\/19676"}],"wp:attachment":[{"href":"https:\/\/jornaldasoficinas.com\/pt\/wp-json\/wp\/v2\/media?parent=19698"}],"wp:term":[{"taxonomy":"category","embeddable":true,"href":"https:\/\/jornaldasoficinas.com\/pt\/wp-json\/wp\/v2\/categories?post=19698"},{"taxonomy":"post_tag","embeddable":true,"href":"https:\/\/jornaldasoficinas.com\/pt\/wp-json\/wp\/v2\/tags?post=19698"}],"curies":[{"name":"wp","href":"https:\/\/api.w.org\/{rel}","templated":true}]}}