{"id":19700,"date":"2021-03-31T12:00:25","date_gmt":"2021-03-31T11:00:25","guid":{"rendered":"https:\/\/jornaldasoficinas.com\/pt\/?p=19700"},"modified":"2021-03-30T13:09:40","modified_gmt":"2021-03-30T12:09:40","slug":"mercedes-amg-petronas-e-preto-spies-hecker","status":"publish","type":"post","link":"https:\/\/jornaldasoficinas.com\/pt\/mercedes-amg-petronas-e-preto-spies-hecker\/","title":{"rendered":"Mercedes-AMG Petronas \u00e9 preto Spies Hecker"},"content":{"rendered":"<p><img loading=\"lazy\" decoding=\"async\" class=\"alignnone wp-image-19679 size-full\" src=\"https:\/\/jornaldasoficinas.com\/pt\/wp-content\/uploads\/2021\/03\/Mercedes-AMG-Petronas-e-preto-Spies-Hecker.jpg\" alt=\"03 - Mercedes-AMG-Petronas-e-preto-Spies-Hecker\" width=\"1024\" height=\"581\" srcset=\"https:\/\/jornaldasoficinas.com\/pt\/wp-content\/uploads\/2021\/03\/Mercedes-AMG-Petronas-e-preto-Spies-Hecker.jpg 1024w, https:\/\/jornaldasoficinas.com\/pt\/wp-content\/uploads\/2021\/03\/Mercedes-AMG-Petronas-e-preto-Spies-Hecker-300x170.jpg 300w, https:\/\/jornaldasoficinas.com\/pt\/wp-content\/uploads\/2021\/03\/Mercedes-AMG-Petronas-e-preto-Spies-Hecker-150x85.jpg 150w, https:\/\/jornaldasoficinas.com\/pt\/wp-content\/uploads\/2021\/03\/Mercedes-AMG-Petronas-e-preto-Spies-Hecker-768x436.jpg 768w\" sizes=\"auto, (max-width: 1024px) 100vw, 1024px\" \/><\/p>\n<p><strong>A imagem preta est\u00e1 a ser utilizada novamente pela Team que tem sido uma for\u00e7a dominante na Formula OneTM\u00a0e fez hist\u00f3ria com sete vit\u00f3rias consecutivas no Campeonato Mundial de Construtores de Formula OneTM\u00a0da FIA. A Mercedes-AMG Petronas Formula One Team utilizou novamente o preto na imagem do seu carro candidato ao t\u00edtulo de 2021, o Mercedes-AMG F1 W12 E Performance.<\/strong><\/p>\n<p>Andrew Moody, Head de Paint e Graphics na Mercedes-AMG Petronas Formula One Team, afirmou, \u201cA nova imagem combina o preto da temporada de 2020 com a reutiliza\u00e7\u00e3o do nosso ic\u00f3nico Stirling Silver. Al\u00e9m disso, renov\u00e1mos o verde PETRONAS. A cor de vinho que representa o Principal Parceiro, INEOS, tamb\u00e9m est\u00e1 de volta. H\u00e1 mais de sete anos que a Team utiliza os produtos da Spies Hecker, uma das marcas de repintura global da Axalta, um dos principais fornecedores mundiais de tintas l\u00edquidas e em p\u00f3 e um Fornecedor Oficial da Team.<\/p>\n<p><strong>Desempenho e perfei\u00e7\u00e3o<br \/>\n<\/strong>O Mercedes-AMG F1 W12 E Performance \u00e9 o primeiro carro a utilizar a designa\u00e7\u00e3o E PERFORMANCE, que significa maior alinhamento da Team com a divis\u00e3o de desempenho da Mercedes-AMG.<\/p>\n<p>E PERFORMANCE \u00e9 a nova marca de tecnologia que ser\u00e1 utilizada nos nomes dos produtos e nos emblemas de todos os futuros carros de desempenho h\u00edbridos da Mercedes-AMG. A liga\u00e7\u00e3o \u00e9 vis\u00edvel na adi\u00e7\u00e3o mais atrativa \u00e0 nova imagem do carro: a marca AMG na cobertura do motor.<\/p>\n<p>Andrew Moody explicou como foi dif\u00edcil pintar essa nova adi\u00e7\u00e3o. \u201cEm primeiro lugar, \u00e9 muito importante referir que o padr\u00e3o AMG foi pintado. Muitas pessoas pensam que s\u00e3o decalques, mas n\u00e3o \u00e9 verdade. Cada um \u00e9 graduado entre duas cores, branco e cinzento, dependendo da sua localiza\u00e7\u00e3o, pelo que esta \u00e9 uma \u00e1rea muito complexa da imagem. Por conseguinte, temos de recorrer \u00e0 Spies Hecker para obter o resultado que pretendemos, uma vez que n\u00e3o temos a op\u00e7\u00e3o de uma segunda tentativa. Os nossos pintores necessitam de uma aplica\u00e7\u00e3o suave, f\u00e1cil de misturar e com um acabamento perfeito. Assemelha-se muito \u00e0s corridas, uma vez que temos de ter um bom desempenho a partir do momento em que estamos na pista,\u201d declarou Andrew Moody.<\/p>\n<p><strong>Preto esbatido no cinzento<br \/>\n<\/strong>Com uma audi\u00eancia televisiva m\u00e9dia mundial de 87,4 milh\u00f5es de espetadores em cada Grande Pr\u00e9mio, \u00e9 fundamental ter uma imagem forte e ousada que se destaca e deixa uma impress\u00e3o duradoura. A cor deste ano, Midnight Black, \u00e9 um preto n\u00e3o met\u00e1lico e liso que \u00e9 intenso e rico.<\/p>\n<p>Andrew Moody afirmou, \u201c\u00c9 uma cor preta diferente da que us\u00e1mos na temporada passada. \u00c9 ainda mais intensa e proporciona uma presen\u00e7a verdadeiramente marcante na pista e na televis\u00e3o.\u201d<\/p>\n<p>O desvanecimento do preto na parte frontal do carro para o Stirling Silver na cobertura do motor \u00e9 extremamente complicado, uma vez que inclui seis tons \u00fanicos. Est\u00e1 presente em sete pain\u00e9is diferentes e cada um tem uma forma diferente.\u00a0Esta complexidade significa que \u00e9 essencial que o design de todos os componentes intercambi\u00e1veis corresponda na perfei\u00e7\u00e3o com os pain\u00e9is adjacentes em termos de coloca\u00e7\u00e3o, tamanho, forma, cor e sombreamento.\u00a0Na temporada de 2021 com 23 corridas ao longo de dez meses, incluindo tr\u00eas coletores duplos e dois coletores triplos, a pintura r\u00e1pida dos componentes entre os fins de semana de corridas para garantir que os carros de corrida est\u00e3o prontos para cada fim de semana do Grande Pr\u00e9mio \u00e9 particularmente dif\u00edcil para a equipa de Andrew Moody.<\/p>\n<p>Andrew Moody declarou, \u201cTrabalhamos com modelos especialmente concebidos que s\u00e3o basicamente pe\u00e7as posti\u00e7as que nos permitem reproduzir com precis\u00e3o todos os componentes individuais em termos de tamanho e forma, e mais importante, tamb\u00e9m as cores, linhas, sombreamento e design. Estamos constantemente a criar novos modelos \u00e0 medida que os carros evoluem durante a temporada. \u00c9 muito complexo e dif\u00edcil pulverizar tr\u00eas pain\u00e9is que est\u00e3o juntos e t\u00eam v\u00e1rias linhas e sombreamento a cruzar as jun\u00e7\u00f5es e conseguir faz\u00ea-lo de forma correta.\u00a0\u00c9 aqui que a Permahyd Hi-TEC 480 da Spies Hecker nos ajuda a lidar com os desafios por vezes di\u00e1rios de fazer isto de forma correta, r\u00e1pida e f\u00e1cil.<\/p>\n<p>A Oficina de Pintura utiliza uma variedade de produtos Spies Hecker da Axalta, incluindo o Priomat\u00ae\u00a0Wash Primer 4075, e em seguida, o Permasolid\u00ae\u00a0HS Vario Primer Surfacer 5340, um prim\u00e1rio-aparelho com um elevado teor de s\u00f3lidos, ou o Permasolid\u00ae\u00a0HS Performance Surfacer 5320, um aparelho de lixagem 2K HS de secagem r\u00e1pida. As grada\u00e7\u00f5es de cor da Team foram pintadas com a Base Bicamada Permahyd Hi-TEC 480 e a Oficina de Pintura finalizou o acabamento dos componentes com o Verniz\u00a0Permasolid\u00ae\u00a0HS Optimum Plus 8650 ou com o Verniz\u00a0Permasolid HS Race 8700. Quando a rapidez \u00e9 essencial, a equipa de Andrew Moody utiliza o Verniz Permasolid Speed-TEC Clear Coat 8810.<\/p>\n<p>\u201cAl\u00e9m disso, temos a homenagem a Niki Lauda, o nosso presidente n\u00e3o executivo, que infelizmente faleceu em maio de 2019. Existe uma estrela vermelha viva em ambos os lados do chassis atr\u00e1s do apoio de cabe\u00e7a dos pilotos, debaixo da estrutura tubular em arco. Estes elementos, tal como o padr\u00e3o AGM, foram pintados e n\u00e3o s\u00e3o decalques como muitas pessoas pensam,\u201d acrescentou Andrew Moody.<\/p>\n<p><strong>Ir com a mar\u00e9<br \/>\n<\/strong>A linha de fluxo imediatamente reconhec\u00edvel do verde PETRONAS est\u00e1 de volta no W12. Al\u00e9m disso, o VERDE PETRONAS est\u00e1 presente nas asas dianteiras e traseiras, nariz, espelhos e halo. Este ano, o verde \u00e9 uma cor lisa que faz com que seja ainda mais atrativa e ousada contra o carro preto intenso.<\/p>\n<p>Andrew Moody acrescentou, \u201cContinuamos com a evolu\u00e7\u00e3o das linhas de fluxo que utilizamos desde 2017. Este ano, n\u00e3o existe novamente esbatimento nas extremidades, mantendo a imagem expressiva e simples.\u201d Este ano, a linha de fluxo verde tem uma linha de fluxo acima numa cor prateada muito refletora, que assinala mais de uma d\u00e9cada de parceria entre a Team e a PETRONAS. As duas linhas aparecem do lado do nariz e continuam ao longo do lado do chassis e dos propulsores laterais.<\/p>\n<p><strong>Rapidez, solu\u00e7\u00f5es e apoio<br \/>\n<\/strong>Olaf Adamek, Refinish Brand Manager da Axalta, afirmou, \u201cO novo carro com as suas liga\u00e7\u00f5es \u00e0 AMG tem tudo a ver com desempenho, que \u00e9 relevante, uma vez que na Axalta, fomos feitos para o desempenho. N\u00e3o poder\u00edamos estar mais orgulhosos por termos desempenhado o nosso papel no hist\u00f3rico s\u00e9timo T\u00edtulo obtido pela Team no Campeonato Mundial de Construtores na \u00faltima temporada. Sabemos que Andrew, a sua equipa e o resto da Mercedes-AMG Petronas Formula One Team em Brackley e Brixworth desafiar\u00e3o os limites durante toda a temporada para serem os melhores em todos os fins de semana de corridas. E estaremos l\u00e1, juntamente com eles, para garantir que os carros de corrida t\u00eam uma apar\u00eancia e um desempenho excelentes.\u201d<\/p>\n","protected":false},"excerpt":{"rendered":"<p>A imagem preta est\u00e1 a ser&#8230;<\/p>\n","protected":false},"author":15,"featured_media":19679,"comment_status":"closed","ping_status":"closed","sticky":false,"template":"","format":"standard","meta":{"footnotes":""},"categories":[2],"tags":[2539],"class_list":["post-19700","post","type-post","status-publish","format-standard","has-post-thumbnail","hentry","category-repintura","tag-petronas"],"yoast_head":"<!-- This site is optimized with the Yoast SEO plugin v27.4 - https:\/\/yoast.com\/product\/yoast-seo-wordpress\/ -->\n<title>Mercedes-AMG Petronas \u00e9 preto Spies Hecker - Jornal das Oficinas<\/title>\n<meta name=\"robots\" content=\"index, follow, max-snippet:-1, max-image-preview:large, max-video-preview:-1\" \/>\n<link rel=\"canonical\" href=\"https:\/\/jornaldasoficinas.com\/pt\/mercedes-amg-petronas-e-preto-spies-hecker\/\" \/>\n<meta property=\"og:locale\" content=\"pt_PT\" \/>\n<meta property=\"og:type\" content=\"article\" \/>\n<meta property=\"og:title\" content=\"Mercedes-AMG Petronas \u00e9 preto Spies Hecker - Jornal das Oficinas\" \/>\n<meta property=\"og:description\" content=\"A imagem preta est\u00e1 a ser...\" \/>\n<meta property=\"og:url\" content=\"https:\/\/jornaldasoficinas.com\/pt\/mercedes-amg-petronas-e-preto-spies-hecker\/\" \/>\n<meta property=\"og:site_name\" content=\"Jornal das Oficinas\" \/>\n<meta property=\"article:publisher\" content=\"https:\/\/www.facebook.com\/jornaloficinas\" \/>\n<meta property=\"article:published_time\" content=\"2021-03-31T11:00:25+00:00\" \/>\n<meta property=\"og:image\" content=\"https:\/\/jornaldasoficinas.com\/pt\/wp-content\/uploads\/2021\/03\/Mercedes-AMG-Petronas-e-preto-Spies-Hecker.jpg\" \/>\n\t<meta property=\"og:image:width\" content=\"1024\" \/>\n\t<meta property=\"og:image:height\" content=\"581\" \/>\n\t<meta property=\"og:image:type\" content=\"image\/jpeg\" \/>\n<meta name=\"author\" content=\"Reda\u00e7\u00e3o JO\" \/>\n<meta name=\"twitter:card\" content=\"summary_large_image\" \/>\n<meta name=\"twitter:creator\" content=\"@jornaloficinas\" \/>\n<meta name=\"twitter:site\" content=\"@jornaloficinas\" \/>\n<meta name=\"twitter:label1\" content=\"Escrito por\" \/>\n\t<meta name=\"twitter:data1\" content=\"Reda\u00e7\u00e3o JO\" \/>\n\t<meta name=\"twitter:label2\" content=\"Tempo estimado de leitura\" \/>\n\t<meta name=\"twitter:data2\" content=\"6 minutos\" \/>\n<script type=\"application\/ld+json\" class=\"yoast-schema-graph\">{\"@context\":\"https:\\\/\\\/schema.org\",\"@graph\":[{\"@type\":\"Article\",\"@id\":\"https:\\\/\\\/jornaldasoficinas.com\\\/pt\\\/mercedes-amg-petronas-e-preto-spies-hecker\\\/#article\",\"isPartOf\":{\"@id\":\"https:\\\/\\\/jornaldasoficinas.com\\\/pt\\\/mercedes-amg-petronas-e-preto-spies-hecker\\\/\"},\"author\":{\"name\":\"Reda\u00e7\u00e3o JO\",\"@id\":\"https:\\\/\\\/jornaldasoficinas.com\\\/pt\\\/#\\\/schema\\\/person\\\/a38eef5de2c41d9e7c9ac10141afddf3\"},\"headline\":\"Mercedes-AMG Petronas \u00e9 preto Spies Hecker\",\"datePublished\":\"2021-03-31T11:00:25+00:00\",\"mainEntityOfPage\":{\"@id\":\"https:\\\/\\\/jornaldasoficinas.com\\\/pt\\\/mercedes-amg-petronas-e-preto-spies-hecker\\\/\"},\"wordCount\":1169,\"publisher\":{\"@id\":\"https:\\\/\\\/jornaldasoficinas.com\\\/pt\\\/#organization\"},\"image\":{\"@id\":\"https:\\\/\\\/jornaldasoficinas.com\\\/pt\\\/mercedes-amg-petronas-e-preto-spies-hecker\\\/#primaryimage\"},\"thumbnailUrl\":\"https:\\\/\\\/jornaldasoficinas.com\\\/pt\\\/wp-content\\\/uploads\\\/2021\\\/03\\\/Mercedes-AMG-Petronas-e-preto-Spies-Hecker.jpg\",\"keywords\":[\"PETRONAS\"],\"articleSection\":[\"Repintura\"],\"inLanguage\":\"pt-PT\"},{\"@type\":\"WebPage\",\"@id\":\"https:\\\/\\\/jornaldasoficinas.com\\\/pt\\\/mercedes-amg-petronas-e-preto-spies-hecker\\\/\",\"url\":\"https:\\\/\\\/jornaldasoficinas.com\\\/pt\\\/mercedes-amg-petronas-e-preto-spies-hecker\\\/\",\"name\":\"Mercedes-AMG Petronas \u00e9 preto Spies Hecker - Jornal das Oficinas\",\"isPartOf\":{\"@id\":\"https:\\\/\\\/jornaldasoficinas.com\\\/pt\\\/#website\"},\"primaryImageOfPage\":{\"@id\":\"https:\\\/\\\/jornaldasoficinas.com\\\/pt\\\/mercedes-amg-petronas-e-preto-spies-hecker\\\/#primaryimage\"},\"image\":{\"@id\":\"https:\\\/\\\/jornaldasoficinas.com\\\/pt\\\/mercedes-amg-petronas-e-preto-spies-hecker\\\/#primaryimage\"},\"thumbnailUrl\":\"https:\\\/\\\/jornaldasoficinas.com\\\/pt\\\/wp-content\\\/uploads\\\/2021\\\/03\\\/Mercedes-AMG-Petronas-e-preto-Spies-Hecker.jpg\",\"datePublished\":\"2021-03-31T11:00:25+00:00\",\"breadcrumb\":{\"@id\":\"https:\\\/\\\/jornaldasoficinas.com\\\/pt\\\/mercedes-amg-petronas-e-preto-spies-hecker\\\/#breadcrumb\"},\"inLanguage\":\"pt-PT\",\"potentialAction\":[{\"@type\":\"ReadAction\",\"target\":[\"https:\\\/\\\/jornaldasoficinas.com\\\/pt\\\/mercedes-amg-petronas-e-preto-spies-hecker\\\/\"]}]},{\"@type\":\"ImageObject\",\"inLanguage\":\"pt-PT\",\"@id\":\"https:\\\/\\\/jornaldasoficinas.com\\\/pt\\\/mercedes-amg-petronas-e-preto-spies-hecker\\\/#primaryimage\",\"url\":\"https:\\\/\\\/jornaldasoficinas.com\\\/pt\\\/wp-content\\\/uploads\\\/2021\\\/03\\\/Mercedes-AMG-Petronas-e-preto-Spies-Hecker.jpg\",\"contentUrl\":\"https:\\\/\\\/jornaldasoficinas.com\\\/pt\\\/wp-content\\\/uploads\\\/2021\\\/03\\\/Mercedes-AMG-Petronas-e-preto-Spies-Hecker.jpg\",\"width\":1024,\"height\":581,\"caption\":\"2021 Bahrain Pre-Season Test, Day 3 - Wolfgang Wilhelm\"},{\"@type\":\"BreadcrumbList\",\"@id\":\"https:\\\/\\\/jornaldasoficinas.com\\\/pt\\\/mercedes-amg-petronas-e-preto-spies-hecker\\\/#breadcrumb\",\"itemListElement\":[{\"@type\":\"ListItem\",\"position\":1,\"name\":\"In\u00edcio\",\"item\":\"https:\\\/\\\/jornaldasoficinas.com\\\/pt\\\/\"},{\"@type\":\"ListItem\",\"position\":2,\"name\":\"Mercedes-AMG Petronas \u00e9 preto Spies Hecker\"}]},{\"@type\":\"WebSite\",\"@id\":\"https:\\\/\\\/jornaldasoficinas.com\\\/pt\\\/#website\",\"url\":\"https:\\\/\\\/jornaldasoficinas.com\\\/pt\\\/\",\"name\":\"Jornal das Oficinas\",\"description\":\"Jornal independente do Aftermarket Autom\u00f3vel em Portugal\",\"publisher\":{\"@id\":\"https:\\\/\\\/jornaldasoficinas.com\\\/pt\\\/#organization\"},\"potentialAction\":[{\"@type\":\"SearchAction\",\"target\":{\"@type\":\"EntryPoint\",\"urlTemplate\":\"https:\\\/\\\/jornaldasoficinas.com\\\/pt\\\/?s={search_term_string}\"},\"query-input\":{\"@type\":\"PropertyValueSpecification\",\"valueRequired\":true,\"valueName\":\"search_term_string\"}}],\"inLanguage\":\"pt-PT\"},{\"@type\":\"Organization\",\"@id\":\"https:\\\/\\\/jornaldasoficinas.com\\\/pt\\\/#organization\",\"name\":\"Jornal das Oficinas\",\"url\":\"https:\\\/\\\/jornaldasoficinas.com\\\/pt\\\/\",\"logo\":{\"@type\":\"ImageObject\",\"inLanguage\":\"pt-PT\",\"@id\":\"https:\\\/\\\/jornaldasoficinas.com\\\/pt\\\/#\\\/schema\\\/logo\\\/image\\\/\",\"url\":\"https:\\\/\\\/jornaldasoficinas.com\\\/pt\\\/wp-content\\\/uploads\\\/logoJO-SEO.png\",\"contentUrl\":\"https:\\\/\\\/jornaldasoficinas.com\\\/pt\\\/wp-content\\\/uploads\\\/logoJO-SEO.png\",\"width\":285,\"height\":450,\"caption\":\"Jornal das Oficinas\"},\"image\":{\"@id\":\"https:\\\/\\\/jornaldasoficinas.com\\\/pt\\\/#\\\/schema\\\/logo\\\/image\\\/\"},\"sameAs\":[\"https:\\\/\\\/www.facebook.com\\\/jornaloficinas\",\"https:\\\/\\\/x.com\\\/jornaloficinas\",\"https:\\\/\\\/www.instagram.com\\\/jornal_oficinas\\\/\",\"https:\\\/\\\/www.linkedin.com\\\/company\\\/jornal-das-oficinas\\\/\",\"https:\\\/\\\/www.youtube.com\\\/channel\\\/UCbQZBqtcvV-oSQrr7RzINGg\"]},{\"@type\":\"Person\",\"@id\":\"https:\\\/\\\/jornaldasoficinas.com\\\/pt\\\/#\\\/schema\\\/person\\\/a38eef5de2c41d9e7c9ac10141afddf3\",\"name\":\"Reda\u00e7\u00e3o JO\",\"image\":{\"@type\":\"ImageObject\",\"inLanguage\":\"pt-PT\",\"@id\":\"https:\\\/\\\/secure.gravatar.com\\\/avatar\\\/71f2fa71737ad68a84fea94bc708ddac8ea5b0c4788dc2ad202f3ccb2887742f?s=96&d=wp_user_avatar&r=g\",\"url\":\"https:\\\/\\\/secure.gravatar.com\\\/avatar\\\/71f2fa71737ad68a84fea94bc708ddac8ea5b0c4788dc2ad202f3ccb2887742f?s=96&d=wp_user_avatar&r=g\",\"contentUrl\":\"https:\\\/\\\/secure.gravatar.com\\\/avatar\\\/71f2fa71737ad68a84fea94bc708ddac8ea5b0c4788dc2ad202f3ccb2887742f?s=96&d=wp_user_avatar&r=g\",\"caption\":\"Reda\u00e7\u00e3o JO\"},\"url\":\"https:\\\/\\\/jornaldasoficinas.com\\\/pt\\\/author\\\/joredacao\\\/\"}]}<\/script>\n<!-- \/ Yoast SEO plugin. -->","yoast_head_json":{"title":"Mercedes-AMG Petronas \u00e9 preto Spies Hecker - Jornal das Oficinas","robots":{"index":"index","follow":"follow","max-snippet":"max-snippet:-1","max-image-preview":"max-image-preview:large","max-video-preview":"max-video-preview:-1"},"canonical":"https:\/\/jornaldasoficinas.com\/pt\/mercedes-amg-petronas-e-preto-spies-hecker\/","og_locale":"pt_PT","og_type":"article","og_title":"Mercedes-AMG Petronas \u00e9 preto Spies Hecker - Jornal das Oficinas","og_description":"A imagem preta est\u00e1 a ser...","og_url":"https:\/\/jornaldasoficinas.com\/pt\/mercedes-amg-petronas-e-preto-spies-hecker\/","og_site_name":"Jornal das Oficinas","article_publisher":"https:\/\/www.facebook.com\/jornaloficinas","article_published_time":"2021-03-31T11:00:25+00:00","og_image":[{"width":1024,"height":581,"url":"https:\/\/jornaldasoficinas.com\/pt\/wp-content\/uploads\/2021\/03\/Mercedes-AMG-Petronas-e-preto-Spies-Hecker.jpg","type":"image\/jpeg"}],"author":"Reda\u00e7\u00e3o JO","twitter_card":"summary_large_image","twitter_creator":"@jornaloficinas","twitter_site":"@jornaloficinas","twitter_misc":{"Escrito por":"Reda\u00e7\u00e3o JO","Tempo estimado de leitura":"6 minutos"},"schema":{"@context":"https:\/\/schema.org","@graph":[{"@type":"Article","@id":"https:\/\/jornaldasoficinas.com\/pt\/mercedes-amg-petronas-e-preto-spies-hecker\/#article","isPartOf":{"@id":"https:\/\/jornaldasoficinas.com\/pt\/mercedes-amg-petronas-e-preto-spies-hecker\/"},"author":{"name":"Reda\u00e7\u00e3o JO","@id":"https:\/\/jornaldasoficinas.com\/pt\/#\/schema\/person\/a38eef5de2c41d9e7c9ac10141afddf3"},"headline":"Mercedes-AMG Petronas \u00e9 preto Spies Hecker","datePublished":"2021-03-31T11:00:25+00:00","mainEntityOfPage":{"@id":"https:\/\/jornaldasoficinas.com\/pt\/mercedes-amg-petronas-e-preto-spies-hecker\/"},"wordCount":1169,"publisher":{"@id":"https:\/\/jornaldasoficinas.com\/pt\/#organization"},"image":{"@id":"https:\/\/jornaldasoficinas.com\/pt\/mercedes-amg-petronas-e-preto-spies-hecker\/#primaryimage"},"thumbnailUrl":"https:\/\/jornaldasoficinas.com\/pt\/wp-content\/uploads\/2021\/03\/Mercedes-AMG-Petronas-e-preto-Spies-Hecker.jpg","keywords":["PETRONAS"],"articleSection":["Repintura"],"inLanguage":"pt-PT"},{"@type":"WebPage","@id":"https:\/\/jornaldasoficinas.com\/pt\/mercedes-amg-petronas-e-preto-spies-hecker\/","url":"https:\/\/jornaldasoficinas.com\/pt\/mercedes-amg-petronas-e-preto-spies-hecker\/","name":"Mercedes-AMG Petronas \u00e9 preto Spies Hecker - Jornal das Oficinas","isPartOf":{"@id":"https:\/\/jornaldasoficinas.com\/pt\/#website"},"primaryImageOfPage":{"@id":"https:\/\/jornaldasoficinas.com\/pt\/mercedes-amg-petronas-e-preto-spies-hecker\/#primaryimage"},"image":{"@id":"https:\/\/jornaldasoficinas.com\/pt\/mercedes-amg-petronas-e-preto-spies-hecker\/#primaryimage"},"thumbnailUrl":"https:\/\/jornaldasoficinas.com\/pt\/wp-content\/uploads\/2021\/03\/Mercedes-AMG-Petronas-e-preto-Spies-Hecker.jpg","datePublished":"2021-03-31T11:00:25+00:00","breadcrumb":{"@id":"https:\/\/jornaldasoficinas.com\/pt\/mercedes-amg-petronas-e-preto-spies-hecker\/#breadcrumb"},"inLanguage":"pt-PT","potentialAction":[{"@type":"ReadAction","target":["https:\/\/jornaldasoficinas.com\/pt\/mercedes-amg-petronas-e-preto-spies-hecker\/"]}]},{"@type":"ImageObject","inLanguage":"pt-PT","@id":"https:\/\/jornaldasoficinas.com\/pt\/mercedes-amg-petronas-e-preto-spies-hecker\/#primaryimage","url":"https:\/\/jornaldasoficinas.com\/pt\/wp-content\/uploads\/2021\/03\/Mercedes-AMG-Petronas-e-preto-Spies-Hecker.jpg","contentUrl":"https:\/\/jornaldasoficinas.com\/pt\/wp-content\/uploads\/2021\/03\/Mercedes-AMG-Petronas-e-preto-Spies-Hecker.jpg","width":1024,"height":581,"caption":"2021 Bahrain Pre-Season Test, Day 3 - Wolfgang Wilhelm"},{"@type":"BreadcrumbList","@id":"https:\/\/jornaldasoficinas.com\/pt\/mercedes-amg-petronas-e-preto-spies-hecker\/#breadcrumb","itemListElement":[{"@type":"ListItem","position":1,"name":"In\u00edcio","item":"https:\/\/jornaldasoficinas.com\/pt\/"},{"@type":"ListItem","position":2,"name":"Mercedes-AMG Petronas \u00e9 preto Spies Hecker"}]},{"@type":"WebSite","@id":"https:\/\/jornaldasoficinas.com\/pt\/#website","url":"https:\/\/jornaldasoficinas.com\/pt\/","name":"Jornal das Oficinas","description":"Jornal independente do Aftermarket Autom\u00f3vel em Portugal","publisher":{"@id":"https:\/\/jornaldasoficinas.com\/pt\/#organization"},"potentialAction":[{"@type":"SearchAction","target":{"@type":"EntryPoint","urlTemplate":"https:\/\/jornaldasoficinas.com\/pt\/?s={search_term_string}"},"query-input":{"@type":"PropertyValueSpecification","valueRequired":true,"valueName":"search_term_string"}}],"inLanguage":"pt-PT"},{"@type":"Organization","@id":"https:\/\/jornaldasoficinas.com\/pt\/#organization","name":"Jornal das Oficinas","url":"https:\/\/jornaldasoficinas.com\/pt\/","logo":{"@type":"ImageObject","inLanguage":"pt-PT","@id":"https:\/\/jornaldasoficinas.com\/pt\/#\/schema\/logo\/image\/","url":"https:\/\/jornaldasoficinas.com\/pt\/wp-content\/uploads\/logoJO-SEO.png","contentUrl":"https:\/\/jornaldasoficinas.com\/pt\/wp-content\/uploads\/logoJO-SEO.png","width":285,"height":450,"caption":"Jornal das Oficinas"},"image":{"@id":"https:\/\/jornaldasoficinas.com\/pt\/#\/schema\/logo\/image\/"},"sameAs":["https:\/\/www.facebook.com\/jornaloficinas","https:\/\/x.com\/jornaloficinas","https:\/\/www.instagram.com\/jornal_oficinas\/","https:\/\/www.linkedin.com\/company\/jornal-das-oficinas\/","https:\/\/www.youtube.com\/channel\/UCbQZBqtcvV-oSQrr7RzINGg"]},{"@type":"Person","@id":"https:\/\/jornaldasoficinas.com\/pt\/#\/schema\/person\/a38eef5de2c41d9e7c9ac10141afddf3","name":"Reda\u00e7\u00e3o JO","image":{"@type":"ImageObject","inLanguage":"pt-PT","@id":"https:\/\/secure.gravatar.com\/avatar\/71f2fa71737ad68a84fea94bc708ddac8ea5b0c4788dc2ad202f3ccb2887742f?s=96&d=wp_user_avatar&r=g","url":"https:\/\/secure.gravatar.com\/avatar\/71f2fa71737ad68a84fea94bc708ddac8ea5b0c4788dc2ad202f3ccb2887742f?s=96&d=wp_user_avatar&r=g","contentUrl":"https:\/\/secure.gravatar.com\/avatar\/71f2fa71737ad68a84fea94bc708ddac8ea5b0c4788dc2ad202f3ccb2887742f?s=96&d=wp_user_avatar&r=g","caption":"Reda\u00e7\u00e3o JO"},"url":"https:\/\/jornaldasoficinas.com\/pt\/author\/joredacao\/"}]}},"_links":{"self":[{"href":"https:\/\/jornaldasoficinas.com\/pt\/wp-json\/wp\/v2\/posts\/19700","targetHints":{"allow":["GET"]}}],"collection":[{"href":"https:\/\/jornaldasoficinas.com\/pt\/wp-json\/wp\/v2\/posts"}],"about":[{"href":"https:\/\/jornaldasoficinas.com\/pt\/wp-json\/wp\/v2\/types\/post"}],"author":[{"embeddable":true,"href":"https:\/\/jornaldasoficinas.com\/pt\/wp-json\/wp\/v2\/users\/15"}],"replies":[{"embeddable":true,"href":"https:\/\/jornaldasoficinas.com\/pt\/wp-json\/wp\/v2\/comments?post=19700"}],"version-history":[{"count":0,"href":"https:\/\/jornaldasoficinas.com\/pt\/wp-json\/wp\/v2\/posts\/19700\/revisions"}],"wp:featuredmedia":[{"embeddable":true,"href":"https:\/\/jornaldasoficinas.com\/pt\/wp-json\/wp\/v2\/media\/19679"}],"wp:attachment":[{"href":"https:\/\/jornaldasoficinas.com\/pt\/wp-json\/wp\/v2\/media?parent=19700"}],"wp:term":[{"taxonomy":"category","embeddable":true,"href":"https:\/\/jornaldasoficinas.com\/pt\/wp-json\/wp\/v2\/categories?post=19700"},{"taxonomy":"post_tag","embeddable":true,"href":"https:\/\/jornaldasoficinas.com\/pt\/wp-json\/wp\/v2\/tags?post=19700"}],"curies":[{"name":"wp","href":"https:\/\/api.w.org\/{rel}","templated":true}]}}