{"id":19717,"date":"2021-03-31T18:00:23","date_gmt":"2021-03-31T17:00:23","guid":{"rendered":"https:\/\/jornaldasoficinas.com\/pt\/?p=19717"},"modified":"2021-06-01T03:06:31","modified_gmt":"2021-06-01T02:06:31","slug":"jornal-das-oficinas-de-abril-ja-esta-disponivel-online","status":"publish","type":"post","link":"https:\/\/jornaldasoficinas.com\/pt\/jornal-das-oficinas-de-abril-ja-esta-disponivel-online\/","title":{"rendered":"Jornal das Oficinas de abril online"},"content":{"rendered":"<p><img loading=\"lazy\" decoding=\"async\" class=\"alignnone wp-image-21698 size-full\" src=\"https:\/\/jornaldasoficinas.com\/pt\/wp-content\/uploads\/jodigital\/185digital.png\" alt=\"jodigital - 185digital\" width=\"1024\" height=\"581\" srcset=\"https:\/\/jornaldasoficinas.com\/pt\/wp-content\/uploads\/jodigital\/185digital.png 1024w, https:\/\/jornaldasoficinas.com\/pt\/wp-content\/uploads\/jodigital\/185digital-300x170.png 300w, https:\/\/jornaldasoficinas.com\/pt\/wp-content\/uploads\/jodigital\/185digital-150x85.png 150w, https:\/\/jornaldasoficinas.com\/pt\/wp-content\/uploads\/jodigital\/185digital-768x436.png 768w\" sizes=\"auto, (max-width: 1024px) 100vw, 1024px\" \/><\/p>\n<p><strong>Na edi\u00e7\u00e3o de abril de 2021, o artigo de destaque \u00e9 sobre a Gera\u00e7\u00e3o Millennials, que representa j\u00e1 uma percentagem muito elevada dos clientes das oficinas. O Jornal das Oficinas esteve \u00e0 conversa com alguns propriet\u00e1rios de oficinas e quisemos saber o que mudou nos h\u00e1bitos de consumo da gera\u00e7\u00e3o de 1965 a 1980 \u00e0 atual Millennials.<\/strong><\/p>\n<p>Na rubrica Atualidade o tema \u00e9 sobre Ciberseguran\u00e7a. A moderniza\u00e7\u00e3o dos ve\u00edculos est\u00e1 a trazer novos desafios \u00e0 ind\u00fastria autom\u00f3vel e os riscos da ciberseguran\u00e7a j\u00e1 come\u00e7aram a ser debatidos e regulados ao n\u00edvel do primeiro equipamento.<\/p>\n<p>A Campanha Power On \u00e9 dedicada ao carregamento dos ve\u00edculos el\u00e9tricos. Tal como acontece com as tomadas convencionais, as fichas dos ve\u00edculos el\u00e9tricos (VE) e dos h\u00edbridos de liga\u00e7\u00e3o \u00e0 rede el\u00e9trica (VEH) s\u00e3o d\u00edspares e n\u00e3o compat\u00edveis entre si. At\u00e9 que se alcance um acordo entre fabricantes que permita a sua uniformiza\u00e7\u00e3o, esta situa\u00e7\u00e3o causa confus\u00e3o e incerteza entre os futuros utilizadores.<\/p>\n<p>A Campanha VISU Aftermarket aborda o tema das viaturas el\u00e9tricas. A ind\u00fastria autom\u00f3vel est\u00e1 a transformar-se de uma ind\u00fastria eletromec\u00e2nica para uma ind\u00fastria fortemente eletrizada, com software e dados a fazerem parte do seu core business. Tal mudan\u00e7a, obviamente ter\u00e1 impacto e consequ\u00eancias em todo o aftermarket.<\/p>\n<p>Para esta edi\u00e7\u00e3o visit\u00e1mos v\u00e1rias empresas, e come\u00e7amos pela Altaroda. Fundada em 2007, \u00e9 hoje um dos principais players na \u00e1rea dos equipamentos oficinais, ferramentas e consum\u00edveis. Prestes a inaugurar novas instala\u00e7\u00f5es, a empresa tem apostado na diversifica\u00e7\u00e3o do neg\u00f3cio, tornando-se especialista na transforma\u00e7\u00e3o de ve\u00edculos para assist\u00eancia m\u00f3vel.<\/p>\n<p>Fundada em 2006, a Guadiluso est\u00e1 situada na zona centro do pa\u00eds, mais especificamente em Elvas, numas instala\u00e7\u00f5es que n\u00e3o deixam ningu\u00e9m indiferente. Nem pelos seus 450m\u00b2 de \u00e1rea, nem pelas ideias e perspic\u00e1cia de Bruno Germano, administrador da empresa.<\/p>\n<p>Na V\u00e9rtice Internacional, empresa que se dedica \u00e0 constru\u00e7\u00e3o de oficinas e com\u00e9rcio de equipamentos para a ind\u00fastria, estivemos \u00e0 conversa com Alexandre Mendes, administrador da empresa, que nos desvendou como tudo come\u00e7ou.<\/p>\n<p>ASER Aftermarket Automotive S.A.. Presente em Portugal desde janeiro de 2018, este grupo ib\u00e9rico iniciou 2021 com a incorpora\u00e7\u00e3o de dois novos parceiros portugueses e prepara-se para lan\u00e7ar uma nova rede de oficinas denominada \u201caserAUTO\u201d. Para Jos\u00e9 Luis Bravo, diretor geral, Portugal \u00e9 fundamental na estrat\u00e9gia de crescimento do grupo.<\/p>\n<p>Neste edi\u00e7\u00e3o damos destaque a dois fabricantes globais de componentes para OE e aftermarket. O primeiro chama-se DRiV e nasceu da aquisi\u00e7\u00e3o da Federal-Mogul Motorparts pela Tenneco, no segundo trimestre de 2019, fez agora dois anos. Neste artigo, apresentamos a estrat\u00e9gia da nova empresa para dinamizar o extenso portf\u00f3lio de marcas que possui no mercado portugu\u00eas.<\/p>\n<p>O segundo fabricante \u00e9 a NGK. Estivemos \u00e0 conversa com David Bassas, diretor geral da NGK Spark Plug Europe para fazer um balan\u00e7o deste primeiro ano da pandemia para um dos principais players do mercado das velas de incandesc\u00eancia e sensores.<\/p>\n<p>O entrevistado deste m\u00eas de abril \u00e9 Jo\u00e3o Cardoso, Area Sales Manager Portugal da Continental Power Transmission Group. No ano em que a Continental celebra o 150\u00ba anivers\u00e1rio, Jo\u00e3o Cardoso apresenta-nos o grupo na atualidade e os objetivos que pretende atingir na sua \u00e1rea de atividade<\/p>\n<p>A Oficina do M\u00eas \u00e9 a Cardoso &amp; Caeiro. Parceira da rede \u201cA Oficina\u201d desde a primeira hora, a Cardoso &amp; Caeiro completa este ano o seu 20\u00ba anivers\u00e1rio com a ambi\u00e7\u00e3o de fazer mais e melhor, numa zona com grande potencial de crescimento.<\/p>\n<p>A Opini\u00e3o \u00e9 de Antonieta Loureiro, CEO Osram, Lda. &amp; Osram, SL, que neste artigo partilha a sua opini\u00e3o sobre a forma como teremos de encarar este \u201cnew work\u201c ou \u201cnova normalidade no trabalho\u201d.<\/p>\n<p>Na se\u00e7\u00e3o Repintura destacamos as solu\u00e7\u00f5es e servi\u00e7os que a Axalta disponibiliza para as oficinas de colis\u00e3o, com o objetivo de ajudar os profissionais a realizar excelentes repara\u00e7\u00f5es &#8211; sempre \u00e0 primeira!<\/p>\n<p>Na T\u00e9cnica &amp; Servi\u00e7o o assunto \u00e9 dedicado \u00e0s tintas de alta efici\u00eancia. Nos \u00faltimos tempos, a tend\u00eancia por parte dos fabricantes de tintas no desenvolvimento de novas tecnologias s\u00e3o produtos direcionados para reduzir os tempos de perman\u00eancia do ve\u00edculo na oficina, reduzindo os tempos do processo de pintura, sobretudo com produtos de r\u00e1pida aplica\u00e7\u00e3o e de secagem muito r\u00e1pida.<\/p>\n<p><iframe loading=\"lazy\" src=\"https:\/\/www.yumpu.com\/pt\/embed\/view\/SJE7UPvLqBaKcMht\" width=\"620px\" height=\"526px\" frameborder=\"0\" allowfullscreen=\"allowfullscreen\"><\/iframe><\/p>\n","protected":false},"excerpt":{"rendered":"<p>Na edi\u00e7\u00e3o de abril de 2021,&#8230;<\/p>\n","protected":false},"author":15,"featured_media":21698,"comment_status":"closed","ping_status":"closed","sticky":false,"template":"","format":"standard","meta":{"footnotes":""},"categories":[411],"tags":[378,255,67,2562,58,2011,622,1072,60,2521,2560,2541],"class_list":["post-19717","post","type-post","status-publish","format-standard","has-post-thumbnail","hentry","category-edicoes-jo","tag-altaroda","tag-aser","tag-axalta","tag-cardoso-caeiro","tag-continental","tag-driv","tag-guadiluso","tag-ngk","tag-osram","tag-power-on","tag-vertice-internacional","tag-visu-aftermarket"],"yoast_head":"<!-- This site is optimized with the Yoast SEO plugin v27.4 - https:\/\/yoast.com\/product\/yoast-seo-wordpress\/ -->\n<title>Jornal das Oficinas de abril online - Jornal das Oficinas<\/title>\n<meta name=\"robots\" content=\"index, follow, max-snippet:-1, max-image-preview:large, max-video-preview:-1\" \/>\n<link rel=\"canonical\" href=\"https:\/\/jornaldasoficinas.com\/pt\/jornal-das-oficinas-de-abril-ja-esta-disponivel-online\/\" \/>\n<meta property=\"og:locale\" content=\"pt_PT\" \/>\n<meta property=\"og:type\" content=\"article\" \/>\n<meta property=\"og:title\" content=\"Jornal das Oficinas de abril online - Jornal das Oficinas\" \/>\n<meta property=\"og:description\" content=\"Na edi\u00e7\u00e3o de abril de 2021,...\" \/>\n<meta property=\"og:url\" content=\"https:\/\/jornaldasoficinas.com\/pt\/jornal-das-oficinas-de-abril-ja-esta-disponivel-online\/\" \/>\n<meta property=\"og:site_name\" content=\"Jornal das Oficinas\" \/>\n<meta property=\"article:publisher\" content=\"https:\/\/www.facebook.com\/jornaloficinas\" \/>\n<meta property=\"article:published_time\" content=\"2021-03-31T17:00:23+00:00\" \/>\n<meta property=\"article:modified_time\" content=\"2021-06-01T02:06:31+00:00\" \/>\n<meta property=\"og:image\" content=\"https:\/\/jornaldasoficinas.com\/pt\/wp-content\/uploads\/jodigital\/185digital.png\" \/>\n\t<meta property=\"og:image:width\" content=\"1024\" \/>\n\t<meta property=\"og:image:height\" content=\"581\" \/>\n\t<meta property=\"og:image:type\" content=\"image\/png\" \/>\n<meta name=\"author\" content=\"Reda\u00e7\u00e3o JO\" \/>\n<meta name=\"twitter:card\" content=\"summary_large_image\" \/>\n<meta name=\"twitter:creator\" content=\"@jornaloficinas\" \/>\n<meta name=\"twitter:site\" content=\"@jornaloficinas\" \/>\n<meta name=\"twitter:label1\" content=\"Escrito por\" \/>\n\t<meta name=\"twitter:data1\" content=\"Reda\u00e7\u00e3o JO\" \/>\n\t<meta name=\"twitter:label2\" content=\"Tempo estimado de leitura\" \/>\n\t<meta name=\"twitter:data2\" content=\"4 minutos\" \/>\n<script type=\"application\/ld+json\" class=\"yoast-schema-graph\">{\"@context\":\"https:\\\/\\\/schema.org\",\"@graph\":[{\"@type\":\"Article\",\"@id\":\"https:\\\/\\\/jornaldasoficinas.com\\\/pt\\\/jornal-das-oficinas-de-abril-ja-esta-disponivel-online\\\/#article\",\"isPartOf\":{\"@id\":\"https:\\\/\\\/jornaldasoficinas.com\\\/pt\\\/jornal-das-oficinas-de-abril-ja-esta-disponivel-online\\\/\"},\"author\":{\"name\":\"Reda\u00e7\u00e3o JO\",\"@id\":\"https:\\\/\\\/jornaldasoficinas.com\\\/pt\\\/#\\\/schema\\\/person\\\/a38eef5de2c41d9e7c9ac10141afddf3\"},\"headline\":\"Jornal das Oficinas de abril online\",\"datePublished\":\"2021-03-31T17:00:23+00:00\",\"dateModified\":\"2021-06-01T02:06:31+00:00\",\"mainEntityOfPage\":{\"@id\":\"https:\\\/\\\/jornaldasoficinas.com\\\/pt\\\/jornal-das-oficinas-de-abril-ja-esta-disponivel-online\\\/\"},\"wordCount\":760,\"publisher\":{\"@id\":\"https:\\\/\\\/jornaldasoficinas.com\\\/pt\\\/#organization\"},\"image\":{\"@id\":\"https:\\\/\\\/jornaldasoficinas.com\\\/pt\\\/jornal-das-oficinas-de-abril-ja-esta-disponivel-online\\\/#primaryimage\"},\"thumbnailUrl\":\"https:\\\/\\\/jornaldasoficinas.com\\\/pt\\\/wp-content\\\/uploads\\\/jodigital\\\/185digital.png\",\"keywords\":[\"ALTARODA\",\"ASER\",\"Axalta\",\"Cardoso &amp; Caeiro\",\"Continental\",\"DRiV\",\"Guadiluso\",\"NGK\",\"OSRAM\",\"Power On\",\"V\u00e9rtice Internacional\",\"VISU Aftermarket\"],\"articleSection\":[\"Edi\u00e7\u00f5es JO\"],\"inLanguage\":\"pt-PT\"},{\"@type\":\"WebPage\",\"@id\":\"https:\\\/\\\/jornaldasoficinas.com\\\/pt\\\/jornal-das-oficinas-de-abril-ja-esta-disponivel-online\\\/\",\"url\":\"https:\\\/\\\/jornaldasoficinas.com\\\/pt\\\/jornal-das-oficinas-de-abril-ja-esta-disponivel-online\\\/\",\"name\":\"Jornal das Oficinas de abril online - Jornal das Oficinas\",\"isPartOf\":{\"@id\":\"https:\\\/\\\/jornaldasoficinas.com\\\/pt\\\/#website\"},\"primaryImageOfPage\":{\"@id\":\"https:\\\/\\\/jornaldasoficinas.com\\\/pt\\\/jornal-das-oficinas-de-abril-ja-esta-disponivel-online\\\/#primaryimage\"},\"image\":{\"@id\":\"https:\\\/\\\/jornaldasoficinas.com\\\/pt\\\/jornal-das-oficinas-de-abril-ja-esta-disponivel-online\\\/#primaryimage\"},\"thumbnailUrl\":\"https:\\\/\\\/jornaldasoficinas.com\\\/pt\\\/wp-content\\\/uploads\\\/jodigital\\\/185digital.png\",\"datePublished\":\"2021-03-31T17:00:23+00:00\",\"dateModified\":\"2021-06-01T02:06:31+00:00\",\"breadcrumb\":{\"@id\":\"https:\\\/\\\/jornaldasoficinas.com\\\/pt\\\/jornal-das-oficinas-de-abril-ja-esta-disponivel-online\\\/#breadcrumb\"},\"inLanguage\":\"pt-PT\",\"potentialAction\":[{\"@type\":\"ReadAction\",\"target\":[\"https:\\\/\\\/jornaldasoficinas.com\\\/pt\\\/jornal-das-oficinas-de-abril-ja-esta-disponivel-online\\\/\"]}]},{\"@type\":\"ImageObject\",\"inLanguage\":\"pt-PT\",\"@id\":\"https:\\\/\\\/jornaldasoficinas.com\\\/pt\\\/jornal-das-oficinas-de-abril-ja-esta-disponivel-online\\\/#primaryimage\",\"url\":\"https:\\\/\\\/jornaldasoficinas.com\\\/pt\\\/wp-content\\\/uploads\\\/jodigital\\\/185digital.png\",\"contentUrl\":\"https:\\\/\\\/jornaldasoficinas.com\\\/pt\\\/wp-content\\\/uploads\\\/jodigital\\\/185digital.png\",\"width\":1024,\"height\":581,\"caption\":\"jodigital - 185digital\"},{\"@type\":\"BreadcrumbList\",\"@id\":\"https:\\\/\\\/jornaldasoficinas.com\\\/pt\\\/jornal-das-oficinas-de-abril-ja-esta-disponivel-online\\\/#breadcrumb\",\"itemListElement\":[{\"@type\":\"ListItem\",\"position\":1,\"name\":\"In\u00edcio\",\"item\":\"https:\\\/\\\/jornaldasoficinas.com\\\/pt\\\/\"},{\"@type\":\"ListItem\",\"position\":2,\"name\":\"Jornal das Oficinas de abril online\"}]},{\"@type\":\"WebSite\",\"@id\":\"https:\\\/\\\/jornaldasoficinas.com\\\/pt\\\/#website\",\"url\":\"https:\\\/\\\/jornaldasoficinas.com\\\/pt\\\/\",\"name\":\"Jornal das Oficinas\",\"description\":\"Jornal independente do Aftermarket Autom\u00f3vel em Portugal\",\"publisher\":{\"@id\":\"https:\\\/\\\/jornaldasoficinas.com\\\/pt\\\/#organization\"},\"potentialAction\":[{\"@type\":\"SearchAction\",\"target\":{\"@type\":\"EntryPoint\",\"urlTemplate\":\"https:\\\/\\\/jornaldasoficinas.com\\\/pt\\\/?s={search_term_string}\"},\"query-input\":{\"@type\":\"PropertyValueSpecification\",\"valueRequired\":true,\"valueName\":\"search_term_string\"}}],\"inLanguage\":\"pt-PT\"},{\"@type\":\"Organization\",\"@id\":\"https:\\\/\\\/jornaldasoficinas.com\\\/pt\\\/#organization\",\"name\":\"Jornal das Oficinas\",\"url\":\"https:\\\/\\\/jornaldasoficinas.com\\\/pt\\\/\",\"logo\":{\"@type\":\"ImageObject\",\"inLanguage\":\"pt-PT\",\"@id\":\"https:\\\/\\\/jornaldasoficinas.com\\\/pt\\\/#\\\/schema\\\/logo\\\/image\\\/\",\"url\":\"https:\\\/\\\/jornaldasoficinas.com\\\/pt\\\/wp-content\\\/uploads\\\/logoJO-SEO.png\",\"contentUrl\":\"https:\\\/\\\/jornaldasoficinas.com\\\/pt\\\/wp-content\\\/uploads\\\/logoJO-SEO.png\",\"width\":285,\"height\":450,\"caption\":\"Jornal das Oficinas\"},\"image\":{\"@id\":\"https:\\\/\\\/jornaldasoficinas.com\\\/pt\\\/#\\\/schema\\\/logo\\\/image\\\/\"},\"sameAs\":[\"https:\\\/\\\/www.facebook.com\\\/jornaloficinas\",\"https:\\\/\\\/x.com\\\/jornaloficinas\",\"https:\\\/\\\/www.instagram.com\\\/jornal_oficinas\\\/\",\"https:\\\/\\\/www.linkedin.com\\\/company\\\/jornal-das-oficinas\\\/\",\"https:\\\/\\\/www.youtube.com\\\/channel\\\/UCbQZBqtcvV-oSQrr7RzINGg\"]},{\"@type\":\"Person\",\"@id\":\"https:\\\/\\\/jornaldasoficinas.com\\\/pt\\\/#\\\/schema\\\/person\\\/a38eef5de2c41d9e7c9ac10141afddf3\",\"name\":\"Reda\u00e7\u00e3o JO\",\"image\":{\"@type\":\"ImageObject\",\"inLanguage\":\"pt-PT\",\"@id\":\"https:\\\/\\\/secure.gravatar.com\\\/avatar\\\/71f2fa71737ad68a84fea94bc708ddac8ea5b0c4788dc2ad202f3ccb2887742f?s=96&d=wp_user_avatar&r=g\",\"url\":\"https:\\\/\\\/secure.gravatar.com\\\/avatar\\\/71f2fa71737ad68a84fea94bc708ddac8ea5b0c4788dc2ad202f3ccb2887742f?s=96&d=wp_user_avatar&r=g\",\"contentUrl\":\"https:\\\/\\\/secure.gravatar.com\\\/avatar\\\/71f2fa71737ad68a84fea94bc708ddac8ea5b0c4788dc2ad202f3ccb2887742f?s=96&d=wp_user_avatar&r=g\",\"caption\":\"Reda\u00e7\u00e3o JO\"},\"url\":\"https:\\\/\\\/jornaldasoficinas.com\\\/pt\\\/author\\\/joredacao\\\/\"}]}<\/script>\n<!-- \/ Yoast SEO plugin. -->","yoast_head_json":{"title":"Jornal das Oficinas de abril online - Jornal das Oficinas","robots":{"index":"index","follow":"follow","max-snippet":"max-snippet:-1","max-image-preview":"max-image-preview:large","max-video-preview":"max-video-preview:-1"},"canonical":"https:\/\/jornaldasoficinas.com\/pt\/jornal-das-oficinas-de-abril-ja-esta-disponivel-online\/","og_locale":"pt_PT","og_type":"article","og_title":"Jornal das Oficinas de abril online - Jornal das Oficinas","og_description":"Na edi\u00e7\u00e3o de abril de 2021,...","og_url":"https:\/\/jornaldasoficinas.com\/pt\/jornal-das-oficinas-de-abril-ja-esta-disponivel-online\/","og_site_name":"Jornal das Oficinas","article_publisher":"https:\/\/www.facebook.com\/jornaloficinas","article_published_time":"2021-03-31T17:00:23+00:00","article_modified_time":"2021-06-01T02:06:31+00:00","og_image":[{"width":1024,"height":581,"url":"https:\/\/jornaldasoficinas.com\/pt\/wp-content\/uploads\/jodigital\/185digital.png","type":"image\/png"}],"author":"Reda\u00e7\u00e3o JO","twitter_card":"summary_large_image","twitter_creator":"@jornaloficinas","twitter_site":"@jornaloficinas","twitter_misc":{"Escrito por":"Reda\u00e7\u00e3o JO","Tempo estimado de leitura":"4 minutos"},"schema":{"@context":"https:\/\/schema.org","@graph":[{"@type":"Article","@id":"https:\/\/jornaldasoficinas.com\/pt\/jornal-das-oficinas-de-abril-ja-esta-disponivel-online\/#article","isPartOf":{"@id":"https:\/\/jornaldasoficinas.com\/pt\/jornal-das-oficinas-de-abril-ja-esta-disponivel-online\/"},"author":{"name":"Reda\u00e7\u00e3o JO","@id":"https:\/\/jornaldasoficinas.com\/pt\/#\/schema\/person\/a38eef5de2c41d9e7c9ac10141afddf3"},"headline":"Jornal das Oficinas de abril online","datePublished":"2021-03-31T17:00:23+00:00","dateModified":"2021-06-01T02:06:31+00:00","mainEntityOfPage":{"@id":"https:\/\/jornaldasoficinas.com\/pt\/jornal-das-oficinas-de-abril-ja-esta-disponivel-online\/"},"wordCount":760,"publisher":{"@id":"https:\/\/jornaldasoficinas.com\/pt\/#organization"},"image":{"@id":"https:\/\/jornaldasoficinas.com\/pt\/jornal-das-oficinas-de-abril-ja-esta-disponivel-online\/#primaryimage"},"thumbnailUrl":"https:\/\/jornaldasoficinas.com\/pt\/wp-content\/uploads\/jodigital\/185digital.png","keywords":["ALTARODA","ASER","Axalta","Cardoso &amp; Caeiro","Continental","DRiV","Guadiluso","NGK","OSRAM","Power On","V\u00e9rtice Internacional","VISU Aftermarket"],"articleSection":["Edi\u00e7\u00f5es JO"],"inLanguage":"pt-PT"},{"@type":"WebPage","@id":"https:\/\/jornaldasoficinas.com\/pt\/jornal-das-oficinas-de-abril-ja-esta-disponivel-online\/","url":"https:\/\/jornaldasoficinas.com\/pt\/jornal-das-oficinas-de-abril-ja-esta-disponivel-online\/","name":"Jornal das Oficinas de abril online - Jornal das Oficinas","isPartOf":{"@id":"https:\/\/jornaldasoficinas.com\/pt\/#website"},"primaryImageOfPage":{"@id":"https:\/\/jornaldasoficinas.com\/pt\/jornal-das-oficinas-de-abril-ja-esta-disponivel-online\/#primaryimage"},"image":{"@id":"https:\/\/jornaldasoficinas.com\/pt\/jornal-das-oficinas-de-abril-ja-esta-disponivel-online\/#primaryimage"},"thumbnailUrl":"https:\/\/jornaldasoficinas.com\/pt\/wp-content\/uploads\/jodigital\/185digital.png","datePublished":"2021-03-31T17:00:23+00:00","dateModified":"2021-06-01T02:06:31+00:00","breadcrumb":{"@id":"https:\/\/jornaldasoficinas.com\/pt\/jornal-das-oficinas-de-abril-ja-esta-disponivel-online\/#breadcrumb"},"inLanguage":"pt-PT","potentialAction":[{"@type":"ReadAction","target":["https:\/\/jornaldasoficinas.com\/pt\/jornal-das-oficinas-de-abril-ja-esta-disponivel-online\/"]}]},{"@type":"ImageObject","inLanguage":"pt-PT","@id":"https:\/\/jornaldasoficinas.com\/pt\/jornal-das-oficinas-de-abril-ja-esta-disponivel-online\/#primaryimage","url":"https:\/\/jornaldasoficinas.com\/pt\/wp-content\/uploads\/jodigital\/185digital.png","contentUrl":"https:\/\/jornaldasoficinas.com\/pt\/wp-content\/uploads\/jodigital\/185digital.png","width":1024,"height":581,"caption":"jodigital - 185digital"},{"@type":"BreadcrumbList","@id":"https:\/\/jornaldasoficinas.com\/pt\/jornal-das-oficinas-de-abril-ja-esta-disponivel-online\/#breadcrumb","itemListElement":[{"@type":"ListItem","position":1,"name":"In\u00edcio","item":"https:\/\/jornaldasoficinas.com\/pt\/"},{"@type":"ListItem","position":2,"name":"Jornal das Oficinas de abril online"}]},{"@type":"WebSite","@id":"https:\/\/jornaldasoficinas.com\/pt\/#website","url":"https:\/\/jornaldasoficinas.com\/pt\/","name":"Jornal das Oficinas","description":"Jornal independente do Aftermarket Autom\u00f3vel em Portugal","publisher":{"@id":"https:\/\/jornaldasoficinas.com\/pt\/#organization"},"potentialAction":[{"@type":"SearchAction","target":{"@type":"EntryPoint","urlTemplate":"https:\/\/jornaldasoficinas.com\/pt\/?s={search_term_string}"},"query-input":{"@type":"PropertyValueSpecification","valueRequired":true,"valueName":"search_term_string"}}],"inLanguage":"pt-PT"},{"@type":"Organization","@id":"https:\/\/jornaldasoficinas.com\/pt\/#organization","name":"Jornal das Oficinas","url":"https:\/\/jornaldasoficinas.com\/pt\/","logo":{"@type":"ImageObject","inLanguage":"pt-PT","@id":"https:\/\/jornaldasoficinas.com\/pt\/#\/schema\/logo\/image\/","url":"https:\/\/jornaldasoficinas.com\/pt\/wp-content\/uploads\/logoJO-SEO.png","contentUrl":"https:\/\/jornaldasoficinas.com\/pt\/wp-content\/uploads\/logoJO-SEO.png","width":285,"height":450,"caption":"Jornal das Oficinas"},"image":{"@id":"https:\/\/jornaldasoficinas.com\/pt\/#\/schema\/logo\/image\/"},"sameAs":["https:\/\/www.facebook.com\/jornaloficinas","https:\/\/x.com\/jornaloficinas","https:\/\/www.instagram.com\/jornal_oficinas\/","https:\/\/www.linkedin.com\/company\/jornal-das-oficinas\/","https:\/\/www.youtube.com\/channel\/UCbQZBqtcvV-oSQrr7RzINGg"]},{"@type":"Person","@id":"https:\/\/jornaldasoficinas.com\/pt\/#\/schema\/person\/a38eef5de2c41d9e7c9ac10141afddf3","name":"Reda\u00e7\u00e3o JO","image":{"@type":"ImageObject","inLanguage":"pt-PT","@id":"https:\/\/secure.gravatar.com\/avatar\/71f2fa71737ad68a84fea94bc708ddac8ea5b0c4788dc2ad202f3ccb2887742f?s=96&d=wp_user_avatar&r=g","url":"https:\/\/secure.gravatar.com\/avatar\/71f2fa71737ad68a84fea94bc708ddac8ea5b0c4788dc2ad202f3ccb2887742f?s=96&d=wp_user_avatar&r=g","contentUrl":"https:\/\/secure.gravatar.com\/avatar\/71f2fa71737ad68a84fea94bc708ddac8ea5b0c4788dc2ad202f3ccb2887742f?s=96&d=wp_user_avatar&r=g","caption":"Reda\u00e7\u00e3o JO"},"url":"https:\/\/jornaldasoficinas.com\/pt\/author\/joredacao\/"}]}},"_links":{"self":[{"href":"https:\/\/jornaldasoficinas.com\/pt\/wp-json\/wp\/v2\/posts\/19717","targetHints":{"allow":["GET"]}}],"collection":[{"href":"https:\/\/jornaldasoficinas.com\/pt\/wp-json\/wp\/v2\/posts"}],"about":[{"href":"https:\/\/jornaldasoficinas.com\/pt\/wp-json\/wp\/v2\/types\/post"}],"author":[{"embeddable":true,"href":"https:\/\/jornaldasoficinas.com\/pt\/wp-json\/wp\/v2\/users\/15"}],"replies":[{"embeddable":true,"href":"https:\/\/jornaldasoficinas.com\/pt\/wp-json\/wp\/v2\/comments?post=19717"}],"version-history":[{"count":0,"href":"https:\/\/jornaldasoficinas.com\/pt\/wp-json\/wp\/v2\/posts\/19717\/revisions"}],"wp:featuredmedia":[{"embeddable":true,"href":"https:\/\/jornaldasoficinas.com\/pt\/wp-json\/wp\/v2\/media\/21698"}],"wp:attachment":[{"href":"https:\/\/jornaldasoficinas.com\/pt\/wp-json\/wp\/v2\/media?parent=19717"}],"wp:term":[{"taxonomy":"category","embeddable":true,"href":"https:\/\/jornaldasoficinas.com\/pt\/wp-json\/wp\/v2\/categories?post=19717"},{"taxonomy":"post_tag","embeddable":true,"href":"https:\/\/jornaldasoficinas.com\/pt\/wp-json\/wp\/v2\/tags?post=19717"}],"curies":[{"name":"wp","href":"https:\/\/api.w.org\/{rel}","templated":true}]}}