{"id":19744,"date":"2021-03-31T19:00:42","date_gmt":"2021-03-31T18:00:42","guid":{"rendered":"https:\/\/jornaldasoficinas.com\/pt\/?p=19744"},"modified":"2021-03-31T10:06:50","modified_gmt":"2021-03-31T09:06:50","slug":"cardoso-caeiro-valores-que-distinguem","status":"publish","type":"post","link":"https:\/\/jornaldasoficinas.com\/pt\/cardoso-caeiro-valores-que-distinguem\/","title":{"rendered":"Cardoso &#038; Caeiro &#8211; Valores que distinguem"},"content":{"rendered":"<p><img loading=\"lazy\" decoding=\"async\" class=\"alignnone wp-image-19745 size-full\" src=\"https:\/\/jornaldasoficinas.com\/pt\/wp-content\/uploads\/2021\/03\/Cardoso-Caeiro.png\" alt=\"03 - Cardoso-Caeiro\" width=\"1024\" height=\"581\" srcset=\"https:\/\/jornaldasoficinas.com\/pt\/wp-content\/uploads\/2021\/03\/Cardoso-Caeiro.png 1024w, https:\/\/jornaldasoficinas.com\/pt\/wp-content\/uploads\/2021\/03\/Cardoso-Caeiro-300x170.png 300w, https:\/\/jornaldasoficinas.com\/pt\/wp-content\/uploads\/2021\/03\/Cardoso-Caeiro-150x85.png 150w, https:\/\/jornaldasoficinas.com\/pt\/wp-content\/uploads\/2021\/03\/Cardoso-Caeiro-768x436.png 768w\" sizes=\"auto, (max-width: 1024px) 100vw, 1024px\" \/><\/p>\n<p><strong>Parceira da rede \u201cA Oficina\u201d desde a primeira hora, a Cardoso &amp; Caeiro completa este ano o seu 20\u00ba anivers\u00e1rio com a ambi\u00e7\u00e3o de fazer mais e melhor, numa zona com grande potencial de crescimento.<\/strong><\/p>\n<p>A Cardoso &amp; Caeiro foi fundada em 2001 por M\u00e1rio Cardoso &amp; Lu\u00eds Caeiro, e permanece nas instala\u00e7\u00f5es iniciais localizadas na rua Ant\u00f3nio Macedo, em Oeiras, o concelho do pa\u00eds onde os habitantes t\u00eam rendimentos mais altos. \u201cEstamos localizados numa zona privilegiada, num concelho que cresce todos os anos e com uma grande din\u00e2mica empresarial\u201d, refere Lu\u00eds Caeiro. As perspetivas de neg\u00f3cio s\u00e3o por isso muito otimistas, mas este respons\u00e1vel prefere manter a estrutura atual, pelo menos nesta fase em que a pandemia ainda n\u00e3o est\u00e1 controlada e a economia se encontra em queda.<\/p>\n<p>A ades\u00e3o \u00e0 rede \u201cA Oficina\u201d, em 2007, foi uma aposta ganha e uma grande mais valia para a consolida\u00e7\u00e3o do neg\u00f3cio, conforme refere Lu\u00eds Caeiro: \u201cFomos das primeiras oficinas a aderir \u00e0 rede \u201cA Oficina\u201d lan\u00e7ada pela Create Business. Foi um projeto que abra\u00e7amos com muito entusiasmo e empenho, pois conhec\u00edamos bem as pessoas que estavam \u00e0 frente do conceito e que mereciam toda a nossa considera\u00e7\u00e3o. Precis\u00e1vamos de apoio a n\u00edvel da forma\u00e7\u00e3o, informa\u00e7\u00e3o t\u00e9cnica e imagem, e a Create Business proporcionou-nos todas essas ferramentas que se t\u00eam revelado uma mais valia na atividade da Cardoso &amp; Caeiro.\u201d<\/p>\n<p>Gra\u00e7as ao apoio t\u00e9cnico prestado pela Create Business, Lu\u00eds Caeiro afirma que n\u00e3o tem qualquer dificuldade em resolver problemas das viaturas que visitam as suas instala\u00e7\u00f5es, mesmo tratando-se de ve\u00edculos mais recentes. \u201cA nossa equipa j\u00e1 teve forma\u00e7\u00e3o em ve\u00edculos el\u00e9tricos e h\u00edbridos, pelo que estamos aptos a dar assist\u00eancia a estas viaturas. Somos reconhecidos pela nossa compet\u00eancia t\u00e9cnica e recebemos muitas viaturas de outras oficinas que n\u00e3o conseguem resolver problemas mais graves\u201d, revela Lu\u00eds Caeiro.<\/p>\n<p>A Cardoso &amp; Caeiro oferece um servi\u00e7o global aos clientes e \u00e9 conhecida por solucionar todo o tipo de danos e avarias. \u201cSomos acima de tudo uma oficina de repara\u00e7\u00e3o, embora tamb\u00e9m fazemos servi\u00e7os r\u00e1pidos de manuten\u00e7\u00e3o, mas o nosso foco \u00e9 oferecer um servi\u00e7o completo aos clientes, desde a limpeza do ve\u00edculo \u00e0 repara\u00e7\u00e3o de motores e embraiagens, pintura e at\u00e9 pneus. Conseguimos fazer tudo o que a viatura do cliente precisa e somos conhecidos por oferecer um servi\u00e7o completo\u201d, afirma Lu\u00eds Caeiro.<\/p>\n<p>A Cardoso &amp; Caeiro tem como principal fornecedor a Create Business, que disp\u00f5em de uma vasta gama de pe\u00e7as premium que garantem qualidade e fiabilidade de repara\u00e7\u00e3o. \u201cAconselhamos os nossos clientes a montar pe\u00e7as aftermarket de marcas premium, pois oferecem qualidade e seguran\u00e7a e sabemos que n\u00e3o v\u00e3o causar problemas\u201d, frisou Lu\u00eds Caeiro.<\/p>\n<p>Embora reconhe\u00e7a ser dif\u00edcil arranjar bons t\u00e9cnicos para trabalhar na oficina, Lu\u00eds Caeiro n\u00e3o desmoraliza, e tem apostado nos jovens formandos que v\u00e3o fazer o est\u00e1gio de final de curso nas suas instala\u00e7\u00f5es. \u201cTemos integrado na nossa equipa jovens estagi\u00e1rios que revelam interesse pela atividade e vontade de aprender. Atualmente temos uma equipa jovem e motivada, que tem evolu\u00eddo com o nosso apoio e ajuda. Eu e o meu s\u00f3cio M\u00e1rio Cardoso, estamos sempre dispon\u00edveis para transmitir os nossos conhecimentos e experi\u00eancia de modo a poderem evoluir e contribu\u00edrem para o crescimento da empresa\u201d, sublinha Lu\u00eds Caeiro.<\/p>\n<p>Equipada com quatro elevadores, duas m\u00e1quinas de diagn\u00f3stico que se complementam, dois aparelhos de ar condicionado com ambos os gases, m\u00e1quina de montar pneus entre outros equipamentos necess\u00e1rios \u00e0 manuten\u00e7\u00e3o e repara\u00e7\u00e3o de qualquer tipo de ve\u00edculo, a Cardoso &amp; Caeiro garante uma qualidade de trabalho acima da m\u00e9dia e a natural satisfa\u00e7\u00e3o dos clientes. \u201cN\u00e3o fazemos campanhas de descontos e promo\u00e7\u00f5es para conseguir fidelizar ou angariar novos clientes, pois entendemos que a melhor publicidade que podemos fazer \u00e9 oferecer um servi\u00e7o de excel\u00eancia e estarmos sempre dispon\u00edveis para solucionar os problemas dos nossos clientes. Somos uma oficina de repara\u00e7\u00e3o, com muitos anos de experi\u00eancia e \u00e9 essa imagem que queremos transmitir ao mercado. Os nossos clientes s\u00e3o por isso os melhores embaixadores da nossa oficina. S\u00e3o eles que divulgam a excel\u00eancia do nosso servi\u00e7o aos amigos e familiares e nos ajudam a crescer e a ser cada vez melhores profissionais\u201d, assegura Lu\u00eds Caeiro.<\/p>\n<p>A estrat\u00e9gia para o futuro \u00e9 estar atendo \u00e0s novas oportunidades de neg\u00f3cio que possam surgir e tamb\u00e9m alargar a \u00e1rea de servi\u00e7o com a aquisi\u00e7\u00e3o de novas instala\u00e7\u00f5es. A limita\u00e7\u00e3o de espa\u00e7o condiciona o crescimento do neg\u00f3cio, mas Lu\u00eds Caeiro tem no\u00e7\u00e3o que os tempos que atravessamos de incerteza e dificuldades n\u00e3o s\u00e3o a melhor altura para avan\u00e7ar com grandes investimentos, por isso aguarda com tranquilidade a melhor oportunidade para concretizar um novo projeto.<\/p>\n<p>Leia o artigo completo <a href=\"https:\/\/www.yumpu.com\/pt\/document\/read\/65435341\/jornal-das-oficinas-185\/54\" target=\"_blank\" rel=\"noopener\"><strong>aqui<\/strong><\/a><\/p>\n<p>&nbsp;<\/p>\n","protected":false},"excerpt":{"rendered":"<p>Parceira da rede \u201cA Oficina\u201d desde&#8230;<\/p>\n","protected":false},"author":15,"featured_media":19745,"comment_status":"closed","ping_status":"closed","sticky":false,"template":"","format":"standard","meta":{"footnotes":""},"categories":[29],"tags":[2562],"class_list":["post-19744","post","type-post","status-publish","format-standard","has-post-thumbnail","hentry","category-empresas","tag-cardoso-caeiro"],"yoast_head":"<!-- This site is optimized with the Yoast SEO plugin v27.4 - https:\/\/yoast.com\/product\/yoast-seo-wordpress\/ -->\n<title>Cardoso &amp; Caeiro - Valores que distinguem - Jornal das Oficinas<\/title>\n<meta name=\"robots\" content=\"index, follow, max-snippet:-1, max-image-preview:large, max-video-preview:-1\" \/>\n<link rel=\"canonical\" href=\"https:\/\/jornaldasoficinas.com\/pt\/cardoso-caeiro-valores-que-distinguem\/\" \/>\n<meta property=\"og:locale\" content=\"pt_PT\" \/>\n<meta property=\"og:type\" content=\"article\" \/>\n<meta property=\"og:title\" content=\"Cardoso &amp; Caeiro - Valores que distinguem - Jornal das Oficinas\" \/>\n<meta property=\"og:description\" content=\"Parceira da rede \u201cA Oficina\u201d desde...\" \/>\n<meta property=\"og:url\" content=\"https:\/\/jornaldasoficinas.com\/pt\/cardoso-caeiro-valores-que-distinguem\/\" \/>\n<meta property=\"og:site_name\" content=\"Jornal das Oficinas\" \/>\n<meta property=\"article:publisher\" content=\"https:\/\/www.facebook.com\/jornaloficinas\" \/>\n<meta property=\"article:published_time\" content=\"2021-03-31T18:00:42+00:00\" \/>\n<meta property=\"og:image\" content=\"https:\/\/jornaldasoficinas.com\/pt\/wp-content\/uploads\/2021\/03\/Cardoso-Caeiro.png\" \/>\n\t<meta property=\"og:image:width\" content=\"1024\" \/>\n\t<meta property=\"og:image:height\" content=\"581\" \/>\n\t<meta property=\"og:image:type\" content=\"image\/png\" \/>\n<meta name=\"author\" content=\"Reda\u00e7\u00e3o JO\" \/>\n<meta name=\"twitter:card\" content=\"summary_large_image\" \/>\n<meta name=\"twitter:creator\" content=\"@jornaloficinas\" \/>\n<meta name=\"twitter:site\" content=\"@jornaloficinas\" \/>\n<meta name=\"twitter:label1\" content=\"Escrito por\" \/>\n\t<meta name=\"twitter:data1\" content=\"Reda\u00e7\u00e3o JO\" \/>\n\t<meta name=\"twitter:label2\" content=\"Tempo estimado de leitura\" \/>\n\t<meta name=\"twitter:data2\" content=\"4 minutos\" \/>\n<script type=\"application\/ld+json\" class=\"yoast-schema-graph\">{\"@context\":\"https:\\\/\\\/schema.org\",\"@graph\":[{\"@type\":\"Article\",\"@id\":\"https:\\\/\\\/jornaldasoficinas.com\\\/pt\\\/cardoso-caeiro-valores-que-distinguem\\\/#article\",\"isPartOf\":{\"@id\":\"https:\\\/\\\/jornaldasoficinas.com\\\/pt\\\/cardoso-caeiro-valores-que-distinguem\\\/\"},\"author\":{\"name\":\"Reda\u00e7\u00e3o JO\",\"@id\":\"https:\\\/\\\/jornaldasoficinas.com\\\/pt\\\/#\\\/schema\\\/person\\\/a38eef5de2c41d9e7c9ac10141afddf3\"},\"headline\":\"Cardoso &#038; Caeiro &#8211; Valores que distinguem\",\"datePublished\":\"2021-03-31T18:00:42+00:00\",\"mainEntityOfPage\":{\"@id\":\"https:\\\/\\\/jornaldasoficinas.com\\\/pt\\\/cardoso-caeiro-valores-que-distinguem\\\/\"},\"wordCount\":880,\"publisher\":{\"@id\":\"https:\\\/\\\/jornaldasoficinas.com\\\/pt\\\/#organization\"},\"image\":{\"@id\":\"https:\\\/\\\/jornaldasoficinas.com\\\/pt\\\/cardoso-caeiro-valores-que-distinguem\\\/#primaryimage\"},\"thumbnailUrl\":\"https:\\\/\\\/jornaldasoficinas.com\\\/pt\\\/wp-content\\\/uploads\\\/2021\\\/03\\\/Cardoso-Caeiro.png\",\"keywords\":[\"Cardoso &amp; Caeiro\"],\"articleSection\":[\"Empresas\"],\"inLanguage\":\"pt-PT\"},{\"@type\":\"WebPage\",\"@id\":\"https:\\\/\\\/jornaldasoficinas.com\\\/pt\\\/cardoso-caeiro-valores-que-distinguem\\\/\",\"url\":\"https:\\\/\\\/jornaldasoficinas.com\\\/pt\\\/cardoso-caeiro-valores-que-distinguem\\\/\",\"name\":\"Cardoso & Caeiro - Valores que distinguem - Jornal das Oficinas\",\"isPartOf\":{\"@id\":\"https:\\\/\\\/jornaldasoficinas.com\\\/pt\\\/#website\"},\"primaryImageOfPage\":{\"@id\":\"https:\\\/\\\/jornaldasoficinas.com\\\/pt\\\/cardoso-caeiro-valores-que-distinguem\\\/#primaryimage\"},\"image\":{\"@id\":\"https:\\\/\\\/jornaldasoficinas.com\\\/pt\\\/cardoso-caeiro-valores-que-distinguem\\\/#primaryimage\"},\"thumbnailUrl\":\"https:\\\/\\\/jornaldasoficinas.com\\\/pt\\\/wp-content\\\/uploads\\\/2021\\\/03\\\/Cardoso-Caeiro.png\",\"datePublished\":\"2021-03-31T18:00:42+00:00\",\"breadcrumb\":{\"@id\":\"https:\\\/\\\/jornaldasoficinas.com\\\/pt\\\/cardoso-caeiro-valores-que-distinguem\\\/#breadcrumb\"},\"inLanguage\":\"pt-PT\",\"potentialAction\":[{\"@type\":\"ReadAction\",\"target\":[\"https:\\\/\\\/jornaldasoficinas.com\\\/pt\\\/cardoso-caeiro-valores-que-distinguem\\\/\"]}]},{\"@type\":\"ImageObject\",\"inLanguage\":\"pt-PT\",\"@id\":\"https:\\\/\\\/jornaldasoficinas.com\\\/pt\\\/cardoso-caeiro-valores-que-distinguem\\\/#primaryimage\",\"url\":\"https:\\\/\\\/jornaldasoficinas.com\\\/pt\\\/wp-content\\\/uploads\\\/2021\\\/03\\\/Cardoso-Caeiro.png\",\"contentUrl\":\"https:\\\/\\\/jornaldasoficinas.com\\\/pt\\\/wp-content\\\/uploads\\\/2021\\\/03\\\/Cardoso-Caeiro.png\",\"width\":1024,\"height\":581,\"caption\":\"03 - Cardoso-Caeiro\"},{\"@type\":\"BreadcrumbList\",\"@id\":\"https:\\\/\\\/jornaldasoficinas.com\\\/pt\\\/cardoso-caeiro-valores-que-distinguem\\\/#breadcrumb\",\"itemListElement\":[{\"@type\":\"ListItem\",\"position\":1,\"name\":\"In\u00edcio\",\"item\":\"https:\\\/\\\/jornaldasoficinas.com\\\/pt\\\/\"},{\"@type\":\"ListItem\",\"position\":2,\"name\":\"Cardoso &#038; Caeiro &#8211; Valores que distinguem\"}]},{\"@type\":\"WebSite\",\"@id\":\"https:\\\/\\\/jornaldasoficinas.com\\\/pt\\\/#website\",\"url\":\"https:\\\/\\\/jornaldasoficinas.com\\\/pt\\\/\",\"name\":\"Jornal das Oficinas\",\"description\":\"Jornal independente do Aftermarket Autom\u00f3vel em Portugal\",\"publisher\":{\"@id\":\"https:\\\/\\\/jornaldasoficinas.com\\\/pt\\\/#organization\"},\"potentialAction\":[{\"@type\":\"SearchAction\",\"target\":{\"@type\":\"EntryPoint\",\"urlTemplate\":\"https:\\\/\\\/jornaldasoficinas.com\\\/pt\\\/?s={search_term_string}\"},\"query-input\":{\"@type\":\"PropertyValueSpecification\",\"valueRequired\":true,\"valueName\":\"search_term_string\"}}],\"inLanguage\":\"pt-PT\"},{\"@type\":\"Organization\",\"@id\":\"https:\\\/\\\/jornaldasoficinas.com\\\/pt\\\/#organization\",\"name\":\"Jornal das Oficinas\",\"url\":\"https:\\\/\\\/jornaldasoficinas.com\\\/pt\\\/\",\"logo\":{\"@type\":\"ImageObject\",\"inLanguage\":\"pt-PT\",\"@id\":\"https:\\\/\\\/jornaldasoficinas.com\\\/pt\\\/#\\\/schema\\\/logo\\\/image\\\/\",\"url\":\"https:\\\/\\\/jornaldasoficinas.com\\\/pt\\\/wp-content\\\/uploads\\\/logoJO-SEO.png\",\"contentUrl\":\"https:\\\/\\\/jornaldasoficinas.com\\\/pt\\\/wp-content\\\/uploads\\\/logoJO-SEO.png\",\"width\":285,\"height\":450,\"caption\":\"Jornal das Oficinas\"},\"image\":{\"@id\":\"https:\\\/\\\/jornaldasoficinas.com\\\/pt\\\/#\\\/schema\\\/logo\\\/image\\\/\"},\"sameAs\":[\"https:\\\/\\\/www.facebook.com\\\/jornaloficinas\",\"https:\\\/\\\/x.com\\\/jornaloficinas\",\"https:\\\/\\\/www.instagram.com\\\/jornal_oficinas\\\/\",\"https:\\\/\\\/www.linkedin.com\\\/company\\\/jornal-das-oficinas\\\/\",\"https:\\\/\\\/www.youtube.com\\\/channel\\\/UCbQZBqtcvV-oSQrr7RzINGg\"]},{\"@type\":\"Person\",\"@id\":\"https:\\\/\\\/jornaldasoficinas.com\\\/pt\\\/#\\\/schema\\\/person\\\/a38eef5de2c41d9e7c9ac10141afddf3\",\"name\":\"Reda\u00e7\u00e3o JO\",\"image\":{\"@type\":\"ImageObject\",\"inLanguage\":\"pt-PT\",\"@id\":\"https:\\\/\\\/secure.gravatar.com\\\/avatar\\\/71f2fa71737ad68a84fea94bc708ddac8ea5b0c4788dc2ad202f3ccb2887742f?s=96&d=wp_user_avatar&r=g\",\"url\":\"https:\\\/\\\/secure.gravatar.com\\\/avatar\\\/71f2fa71737ad68a84fea94bc708ddac8ea5b0c4788dc2ad202f3ccb2887742f?s=96&d=wp_user_avatar&r=g\",\"contentUrl\":\"https:\\\/\\\/secure.gravatar.com\\\/avatar\\\/71f2fa71737ad68a84fea94bc708ddac8ea5b0c4788dc2ad202f3ccb2887742f?s=96&d=wp_user_avatar&r=g\",\"caption\":\"Reda\u00e7\u00e3o JO\"},\"url\":\"https:\\\/\\\/jornaldasoficinas.com\\\/pt\\\/author\\\/joredacao\\\/\"}]}<\/script>\n<!-- \/ Yoast SEO plugin. -->","yoast_head_json":{"title":"Cardoso & Caeiro - Valores que distinguem - Jornal das Oficinas","robots":{"index":"index","follow":"follow","max-snippet":"max-snippet:-1","max-image-preview":"max-image-preview:large","max-video-preview":"max-video-preview:-1"},"canonical":"https:\/\/jornaldasoficinas.com\/pt\/cardoso-caeiro-valores-que-distinguem\/","og_locale":"pt_PT","og_type":"article","og_title":"Cardoso & Caeiro - Valores que distinguem - Jornal das Oficinas","og_description":"Parceira da rede \u201cA Oficina\u201d desde...","og_url":"https:\/\/jornaldasoficinas.com\/pt\/cardoso-caeiro-valores-que-distinguem\/","og_site_name":"Jornal das Oficinas","article_publisher":"https:\/\/www.facebook.com\/jornaloficinas","article_published_time":"2021-03-31T18:00:42+00:00","og_image":[{"width":1024,"height":581,"url":"https:\/\/jornaldasoficinas.com\/pt\/wp-content\/uploads\/2021\/03\/Cardoso-Caeiro.png","type":"image\/png"}],"author":"Reda\u00e7\u00e3o JO","twitter_card":"summary_large_image","twitter_creator":"@jornaloficinas","twitter_site":"@jornaloficinas","twitter_misc":{"Escrito por":"Reda\u00e7\u00e3o JO","Tempo estimado de leitura":"4 minutos"},"schema":{"@context":"https:\/\/schema.org","@graph":[{"@type":"Article","@id":"https:\/\/jornaldasoficinas.com\/pt\/cardoso-caeiro-valores-que-distinguem\/#article","isPartOf":{"@id":"https:\/\/jornaldasoficinas.com\/pt\/cardoso-caeiro-valores-que-distinguem\/"},"author":{"name":"Reda\u00e7\u00e3o JO","@id":"https:\/\/jornaldasoficinas.com\/pt\/#\/schema\/person\/a38eef5de2c41d9e7c9ac10141afddf3"},"headline":"Cardoso &#038; Caeiro &#8211; Valores que distinguem","datePublished":"2021-03-31T18:00:42+00:00","mainEntityOfPage":{"@id":"https:\/\/jornaldasoficinas.com\/pt\/cardoso-caeiro-valores-que-distinguem\/"},"wordCount":880,"publisher":{"@id":"https:\/\/jornaldasoficinas.com\/pt\/#organization"},"image":{"@id":"https:\/\/jornaldasoficinas.com\/pt\/cardoso-caeiro-valores-que-distinguem\/#primaryimage"},"thumbnailUrl":"https:\/\/jornaldasoficinas.com\/pt\/wp-content\/uploads\/2021\/03\/Cardoso-Caeiro.png","keywords":["Cardoso &amp; Caeiro"],"articleSection":["Empresas"],"inLanguage":"pt-PT"},{"@type":"WebPage","@id":"https:\/\/jornaldasoficinas.com\/pt\/cardoso-caeiro-valores-que-distinguem\/","url":"https:\/\/jornaldasoficinas.com\/pt\/cardoso-caeiro-valores-que-distinguem\/","name":"Cardoso & Caeiro - Valores que distinguem - Jornal das Oficinas","isPartOf":{"@id":"https:\/\/jornaldasoficinas.com\/pt\/#website"},"primaryImageOfPage":{"@id":"https:\/\/jornaldasoficinas.com\/pt\/cardoso-caeiro-valores-que-distinguem\/#primaryimage"},"image":{"@id":"https:\/\/jornaldasoficinas.com\/pt\/cardoso-caeiro-valores-que-distinguem\/#primaryimage"},"thumbnailUrl":"https:\/\/jornaldasoficinas.com\/pt\/wp-content\/uploads\/2021\/03\/Cardoso-Caeiro.png","datePublished":"2021-03-31T18:00:42+00:00","breadcrumb":{"@id":"https:\/\/jornaldasoficinas.com\/pt\/cardoso-caeiro-valores-que-distinguem\/#breadcrumb"},"inLanguage":"pt-PT","potentialAction":[{"@type":"ReadAction","target":["https:\/\/jornaldasoficinas.com\/pt\/cardoso-caeiro-valores-que-distinguem\/"]}]},{"@type":"ImageObject","inLanguage":"pt-PT","@id":"https:\/\/jornaldasoficinas.com\/pt\/cardoso-caeiro-valores-que-distinguem\/#primaryimage","url":"https:\/\/jornaldasoficinas.com\/pt\/wp-content\/uploads\/2021\/03\/Cardoso-Caeiro.png","contentUrl":"https:\/\/jornaldasoficinas.com\/pt\/wp-content\/uploads\/2021\/03\/Cardoso-Caeiro.png","width":1024,"height":581,"caption":"03 - Cardoso-Caeiro"},{"@type":"BreadcrumbList","@id":"https:\/\/jornaldasoficinas.com\/pt\/cardoso-caeiro-valores-que-distinguem\/#breadcrumb","itemListElement":[{"@type":"ListItem","position":1,"name":"In\u00edcio","item":"https:\/\/jornaldasoficinas.com\/pt\/"},{"@type":"ListItem","position":2,"name":"Cardoso &#038; Caeiro &#8211; Valores que distinguem"}]},{"@type":"WebSite","@id":"https:\/\/jornaldasoficinas.com\/pt\/#website","url":"https:\/\/jornaldasoficinas.com\/pt\/","name":"Jornal das Oficinas","description":"Jornal independente do Aftermarket Autom\u00f3vel em Portugal","publisher":{"@id":"https:\/\/jornaldasoficinas.com\/pt\/#organization"},"potentialAction":[{"@type":"SearchAction","target":{"@type":"EntryPoint","urlTemplate":"https:\/\/jornaldasoficinas.com\/pt\/?s={search_term_string}"},"query-input":{"@type":"PropertyValueSpecification","valueRequired":true,"valueName":"search_term_string"}}],"inLanguage":"pt-PT"},{"@type":"Organization","@id":"https:\/\/jornaldasoficinas.com\/pt\/#organization","name":"Jornal das Oficinas","url":"https:\/\/jornaldasoficinas.com\/pt\/","logo":{"@type":"ImageObject","inLanguage":"pt-PT","@id":"https:\/\/jornaldasoficinas.com\/pt\/#\/schema\/logo\/image\/","url":"https:\/\/jornaldasoficinas.com\/pt\/wp-content\/uploads\/logoJO-SEO.png","contentUrl":"https:\/\/jornaldasoficinas.com\/pt\/wp-content\/uploads\/logoJO-SEO.png","width":285,"height":450,"caption":"Jornal das Oficinas"},"image":{"@id":"https:\/\/jornaldasoficinas.com\/pt\/#\/schema\/logo\/image\/"},"sameAs":["https:\/\/www.facebook.com\/jornaloficinas","https:\/\/x.com\/jornaloficinas","https:\/\/www.instagram.com\/jornal_oficinas\/","https:\/\/www.linkedin.com\/company\/jornal-das-oficinas\/","https:\/\/www.youtube.com\/channel\/UCbQZBqtcvV-oSQrr7RzINGg"]},{"@type":"Person","@id":"https:\/\/jornaldasoficinas.com\/pt\/#\/schema\/person\/a38eef5de2c41d9e7c9ac10141afddf3","name":"Reda\u00e7\u00e3o JO","image":{"@type":"ImageObject","inLanguage":"pt-PT","@id":"https:\/\/secure.gravatar.com\/avatar\/71f2fa71737ad68a84fea94bc708ddac8ea5b0c4788dc2ad202f3ccb2887742f?s=96&d=wp_user_avatar&r=g","url":"https:\/\/secure.gravatar.com\/avatar\/71f2fa71737ad68a84fea94bc708ddac8ea5b0c4788dc2ad202f3ccb2887742f?s=96&d=wp_user_avatar&r=g","contentUrl":"https:\/\/secure.gravatar.com\/avatar\/71f2fa71737ad68a84fea94bc708ddac8ea5b0c4788dc2ad202f3ccb2887742f?s=96&d=wp_user_avatar&r=g","caption":"Reda\u00e7\u00e3o JO"},"url":"https:\/\/jornaldasoficinas.com\/pt\/author\/joredacao\/"}]}},"_links":{"self":[{"href":"https:\/\/jornaldasoficinas.com\/pt\/wp-json\/wp\/v2\/posts\/19744","targetHints":{"allow":["GET"]}}],"collection":[{"href":"https:\/\/jornaldasoficinas.com\/pt\/wp-json\/wp\/v2\/posts"}],"about":[{"href":"https:\/\/jornaldasoficinas.com\/pt\/wp-json\/wp\/v2\/types\/post"}],"author":[{"embeddable":true,"href":"https:\/\/jornaldasoficinas.com\/pt\/wp-json\/wp\/v2\/users\/15"}],"replies":[{"embeddable":true,"href":"https:\/\/jornaldasoficinas.com\/pt\/wp-json\/wp\/v2\/comments?post=19744"}],"version-history":[{"count":0,"href":"https:\/\/jornaldasoficinas.com\/pt\/wp-json\/wp\/v2\/posts\/19744\/revisions"}],"wp:featuredmedia":[{"embeddable":true,"href":"https:\/\/jornaldasoficinas.com\/pt\/wp-json\/wp\/v2\/media\/19745"}],"wp:attachment":[{"href":"https:\/\/jornaldasoficinas.com\/pt\/wp-json\/wp\/v2\/media?parent=19744"}],"wp:term":[{"taxonomy":"category","embeddable":true,"href":"https:\/\/jornaldasoficinas.com\/pt\/wp-json\/wp\/v2\/categories?post=19744"},{"taxonomy":"post_tag","embeddable":true,"href":"https:\/\/jornaldasoficinas.com\/pt\/wp-json\/wp\/v2\/tags?post=19744"}],"curies":[{"name":"wp","href":"https:\/\/api.w.org\/{rel}","templated":true}]}}