{"id":19751,"date":"2021-03-31T20:00:08","date_gmt":"2021-03-31T19:00:08","guid":{"rendered":"https:\/\/jornaldasoficinas.com\/pt\/?p=19751"},"modified":"2021-03-31T10:17:33","modified_gmt":"2021-03-31T09:17:33","slug":"12-causas-aser-do-mes-de-abril-destaca-anticongelante","status":"publish","type":"post","link":"https:\/\/jornaldasoficinas.com\/pt\/12-causas-aser-do-mes-de-abril-destaca-anticongelante\/","title":{"rendered":"12 causas ASER do m\u00eas de abril destaca anticongelante"},"content":{"rendered":"<p><img loading=\"lazy\" decoding=\"async\" class=\"alignnone wp-image-19742 size-full\" src=\"https:\/\/jornaldasoficinas.com\/pt\/wp-content\/uploads\/2021\/04\/12-causas-ASER.jpg\" alt=\"04 - 12-causas-ASER\" width=\"1024\" height=\"581\" srcset=\"https:\/\/jornaldasoficinas.com\/pt\/wp-content\/uploads\/2021\/04\/12-causas-ASER.jpg 1024w, https:\/\/jornaldasoficinas.com\/pt\/wp-content\/uploads\/2021\/04\/12-causas-ASER-300x170.jpg 300w, https:\/\/jornaldasoficinas.com\/pt\/wp-content\/uploads\/2021\/04\/12-causas-ASER-150x85.jpg 150w, https:\/\/jornaldasoficinas.com\/pt\/wp-content\/uploads\/2021\/04\/12-causas-ASER-768x436.jpg 768w\" sizes=\"auto, (max-width: 1024px) 100vw, 1024px\" \/><\/p>\n<p><strong>\u00c9 f\u00e1cil cair no erro de associar o mal denominado &#8220;anticongelante&#8221; a baixas temperaturas, e pensar que sua manuten\u00e7\u00e3o no ver\u00e3o n\u00e3o \u00e9 necess\u00e1ria. Anticongelante \u00e9 um l\u00edquido que circula no circuito de refrigera\u00e7\u00e3o do ve\u00edculo.<\/strong><\/p>\n<p>Possui duas fun\u00e7\u00f5es principais, embora n\u00e3o sejam as \u00fanicas: ajudar a evitar o superaquecimento do motor e evitar a corros\u00e3o, favorecendo a lubrifica\u00e7\u00e3o dos elementos por onde circula, como a bomba d&#8217;\u00e1gua. Deve ser capaz de controlar a temperatura das v\u00e1rias partes do motor em todas as condi\u00e7\u00f5es meteorol\u00f3gicas.<\/p>\n<p>Quando falamos em anticongelante, fazemos isso porque estamos a falar de um fluido que arrefece o motor, mas tem componentes que o impedem de congelar. Se fosse usada apenas \u00e1gua, esse &#8220;l\u00edquido de refrigera\u00e7\u00e3o&#8221; congelaria a 0\u00baC, ferveria a 100\u00baC (se estivesse \u00e0 press\u00e3o atmosf\u00e9rica) e n\u00e3o evitaria problemas como a corros\u00e3o das pe\u00e7as do circuito. Por isso, s\u00e3o utilizados os chamados &#8220;anticongelantes simples&#8221;, que incorporam \u00e1lcoois e glicerinas que evitam o congelamento, mas n\u00e3o previnem outros problemas.<\/p>\n<p><strong>Um refrigerante de qualidade cont\u00e9m:<br \/>\n<\/strong>&#8211; Etilenoglicol com \u00e1gua desmineralizada e desionizada<br \/>\n&#8211; Aditivos inibidores de corros\u00e3o<br \/>\n&#8211; Anti-espuma<br \/>\n&#8211; Corantes para dete\u00e7\u00e3o de vazamento.<\/p>\n<p>Portanto, nem a \u00e1gua nem o &#8220;anticongelante puro&#8221; oferecem prote\u00e7\u00e3o suficiente ao motor. E \u00e9 tamb\u00e9m por esta raz\u00e3o que n\u00e3o devemos nos lembrar apenas do l\u00edquido refrigerante no inverno, pois, em outras \u00e9pocas do ano, embora normalmente o l\u00edquido n\u00e3o congele, deve cumprir as suas outras fun\u00e7\u00f5es de anticorros\u00e3o e antiespumante.<\/p>\n<p>Al\u00e9m disso, quando falamos em l\u00edquido de refrigera\u00e7\u00e3o, estamos a falar de um l\u00edquido a 30%, a 50%, a 10%, &#8230; ou seja, estamos a falar de percentagem ou &#8220;concentra\u00e7\u00e3o&#8221;.<\/p>\n<p>O que significa concentra\u00e7\u00e3o? A concentra\u00e7\u00e3o de um l\u00edquido refrigerante \u00e9 a percentagem de etilenoglicol que ele cont\u00e9m e indica seu n\u00edvel de prote\u00e7\u00e3o contra o congelamento, seu ponto de ebuli\u00e7\u00e3o \u00e0 press\u00e3o atmosf\u00e9rica e seu calor espec\u00edfico, que est\u00e1 diretamente relacionado \u00e0 sua capacidade de evacuar o calor. Os ve\u00edculos mais modernos utilizam em seus componentes ligas de alum\u00ednio, que s\u00e3o muito facilmente afetadas pela corros\u00e3o, operam a temperaturas superiores a 100\u00baC e possuem um grande n\u00famero de componentes que podem ser afetados pelo uso de um refrigerante de baixa qualidade. o uso de anticongelante.<\/p>\n<p>Atualmente, podemos encontrar tr\u00eas tipos diferentes de refrigerantes no mercado, dependendo de sua tecnologia anticorrosiva: inorg\u00e2nico, org\u00e2nico (OAT) e semiorg\u00e2nico (Si-OAT). Esses aditivos anticorrosivos que fazem parte do refrigerante se degradam com o tempo, sendo necess\u00e1rio substitu\u00ed-los. Como regra geral, os fabricantes de ve\u00edculos recomendam sua substitui\u00e7\u00e3o a cada 2 anos \/ 40.000 km no caso de refrigerantes inorg\u00e2nicos e a cada 5 anos \/ 100.000 km para os org\u00e2nicos e semiorg\u00e2nicos.<\/p>\n<p>A n\u00e3o troca do l\u00edquido de arrefecimento do motor a tempo levar\u00e1 \u00e0 oxida\u00e7\u00e3o interna do radiador, camisas, linhas de resfriamento do cabe\u00e7ote do cilindro e pode causar s\u00e9rios problemas de resfriamento do motor e, por fim, a quebra de alguns componentes do circuito. Na hora de escolher o refrigerante para o nosso motor, \u00e9 importante escolher a tecnologia adequada de acordo com o fabricante (inorg\u00e2nico, org\u00e2nico ou semiorg\u00e2nico), bem como levar em considera\u00e7\u00e3o a percentagem de monoetellicol presente no mesmo. O monoetellicol \u00e9 misturado ao refrigerante em uma percentagem que varia de 10% a 50%.<\/p>\n<p>Este componente confere ao refrigerante a sua capacidade anticongelante, mas sobretudo aumenta a sua temperatura de ebuli\u00e7\u00e3o, fazendo com que o nosso motor funcione a temperaturas superiores a 100\u00baC. Os fabricantes aconselham o uso de um refrigerante com uma quantidade de monoetellicol entre 40-50%.<\/p>\n<p>Manter a temperatura de opera\u00e7\u00e3o do motor \u00e9 cada vez mais importante, pois eles s\u00e3o cada vez menores, fornecem maior pot\u00eancia e t\u00eam necessidades de resfriamento cada vez mais exigentes. Al\u00e9m disso, manter uma temperatura operacional ideal \u00e9 essencial para manter os limites de emiss\u00e3o de poluentes de acordo com os regulamentos.<\/p>\n<p>Finalmente, \u00e9 aconselh\u00e1vel lavar o circuito de refrigera\u00e7\u00e3o antes de substitu\u00ed-lo. Produtos como o sistema Wynn Flush podem-nos ajudar nessa tarefa. \u00c9 um produto desenvolvido especificamente para remover dep\u00f3sitos de calc\u00e1rio e \u00f3xidos no interior do sistema, bem como poss\u00edveis vest\u00edgios de \u00f3leo.<\/p>\n","protected":false},"excerpt":{"rendered":"<p>\u00c9 f\u00e1cil cair no erro de&#8230;<\/p>\n","protected":false},"author":15,"featured_media":19742,"comment_status":"closed","ping_status":"closed","sticky":false,"template":"","format":"standard","meta":{"footnotes":""},"categories":[29],"tags":[1131,255],"class_list":["post-19751","post","type-post","status-publish","format-standard","has-post-thumbnail","hentry","category-empresas","tag-as-12-causas-aser","tag-aser"],"yoast_head":"<!-- This site is optimized with the Yoast SEO plugin v27.4 - https:\/\/yoast.com\/product\/yoast-seo-wordpress\/ -->\n<title>12 causas ASER do m\u00eas de abril destaca anticongelante - Jornal das Oficinas<\/title>\n<meta name=\"robots\" content=\"index, follow, max-snippet:-1, max-image-preview:large, max-video-preview:-1\" \/>\n<link rel=\"canonical\" href=\"https:\/\/jornaldasoficinas.com\/pt\/12-causas-aser-do-mes-de-abril-destaca-anticongelante\/\" \/>\n<meta property=\"og:locale\" content=\"pt_PT\" \/>\n<meta property=\"og:type\" content=\"article\" \/>\n<meta property=\"og:title\" content=\"12 causas ASER do m\u00eas de abril destaca anticongelante - Jornal das Oficinas\" \/>\n<meta property=\"og:description\" content=\"\u00c9 f\u00e1cil cair no erro de...\" \/>\n<meta property=\"og:url\" content=\"https:\/\/jornaldasoficinas.com\/pt\/12-causas-aser-do-mes-de-abril-destaca-anticongelante\/\" \/>\n<meta property=\"og:site_name\" content=\"Jornal das Oficinas\" \/>\n<meta property=\"article:publisher\" content=\"https:\/\/www.facebook.com\/jornaloficinas\" \/>\n<meta property=\"article:published_time\" content=\"2021-03-31T19:00:08+00:00\" \/>\n<meta property=\"og:image\" content=\"https:\/\/jornaldasoficinas.com\/pt\/wp-content\/uploads\/2021\/04\/12-causas-ASER.jpg\" \/>\n\t<meta property=\"og:image:width\" content=\"1024\" \/>\n\t<meta property=\"og:image:height\" content=\"581\" \/>\n\t<meta property=\"og:image:type\" content=\"image\/jpeg\" \/>\n<meta name=\"author\" content=\"Reda\u00e7\u00e3o JO\" \/>\n<meta name=\"twitter:card\" content=\"summary_large_image\" \/>\n<meta name=\"twitter:creator\" content=\"@jornaloficinas\" \/>\n<meta name=\"twitter:site\" content=\"@jornaloficinas\" \/>\n<meta name=\"twitter:label1\" content=\"Escrito por\" \/>\n\t<meta name=\"twitter:data1\" content=\"Reda\u00e7\u00e3o JO\" \/>\n\t<meta name=\"twitter:label2\" content=\"Tempo estimado de leitura\" \/>\n\t<meta name=\"twitter:data2\" content=\"4 minutos\" \/>\n<script type=\"application\/ld+json\" class=\"yoast-schema-graph\">{\"@context\":\"https:\\\/\\\/schema.org\",\"@graph\":[{\"@type\":\"Article\",\"@id\":\"https:\\\/\\\/jornaldasoficinas.com\\\/pt\\\/12-causas-aser-do-mes-de-abril-destaca-anticongelante\\\/#article\",\"isPartOf\":{\"@id\":\"https:\\\/\\\/jornaldasoficinas.com\\\/pt\\\/12-causas-aser-do-mes-de-abril-destaca-anticongelante\\\/\"},\"author\":{\"name\":\"Reda\u00e7\u00e3o JO\",\"@id\":\"https:\\\/\\\/jornaldasoficinas.com\\\/pt\\\/#\\\/schema\\\/person\\\/a38eef5de2c41d9e7c9ac10141afddf3\"},\"headline\":\"12 causas ASER do m\u00eas de abril destaca anticongelante\",\"datePublished\":\"2021-03-31T19:00:08+00:00\",\"mainEntityOfPage\":{\"@id\":\"https:\\\/\\\/jornaldasoficinas.com\\\/pt\\\/12-causas-aser-do-mes-de-abril-destaca-anticongelante\\\/\"},\"wordCount\":746,\"publisher\":{\"@id\":\"https:\\\/\\\/jornaldasoficinas.com\\\/pt\\\/#organization\"},\"image\":{\"@id\":\"https:\\\/\\\/jornaldasoficinas.com\\\/pt\\\/12-causas-aser-do-mes-de-abril-destaca-anticongelante\\\/#primaryimage\"},\"thumbnailUrl\":\"https:\\\/\\\/jornaldasoficinas.com\\\/pt\\\/wp-content\\\/uploads\\\/2021\\\/04\\\/12-causas-ASER.jpg\",\"keywords\":[\"As 12 Causas ASER\",\"ASER\"],\"articleSection\":[\"Empresas\"],\"inLanguage\":\"pt-PT\"},{\"@type\":\"WebPage\",\"@id\":\"https:\\\/\\\/jornaldasoficinas.com\\\/pt\\\/12-causas-aser-do-mes-de-abril-destaca-anticongelante\\\/\",\"url\":\"https:\\\/\\\/jornaldasoficinas.com\\\/pt\\\/12-causas-aser-do-mes-de-abril-destaca-anticongelante\\\/\",\"name\":\"12 causas ASER do m\u00eas de abril destaca anticongelante - Jornal das Oficinas\",\"isPartOf\":{\"@id\":\"https:\\\/\\\/jornaldasoficinas.com\\\/pt\\\/#website\"},\"primaryImageOfPage\":{\"@id\":\"https:\\\/\\\/jornaldasoficinas.com\\\/pt\\\/12-causas-aser-do-mes-de-abril-destaca-anticongelante\\\/#primaryimage\"},\"image\":{\"@id\":\"https:\\\/\\\/jornaldasoficinas.com\\\/pt\\\/12-causas-aser-do-mes-de-abril-destaca-anticongelante\\\/#primaryimage\"},\"thumbnailUrl\":\"https:\\\/\\\/jornaldasoficinas.com\\\/pt\\\/wp-content\\\/uploads\\\/2021\\\/04\\\/12-causas-ASER.jpg\",\"datePublished\":\"2021-03-31T19:00:08+00:00\",\"breadcrumb\":{\"@id\":\"https:\\\/\\\/jornaldasoficinas.com\\\/pt\\\/12-causas-aser-do-mes-de-abril-destaca-anticongelante\\\/#breadcrumb\"},\"inLanguage\":\"pt-PT\",\"potentialAction\":[{\"@type\":\"ReadAction\",\"target\":[\"https:\\\/\\\/jornaldasoficinas.com\\\/pt\\\/12-causas-aser-do-mes-de-abril-destaca-anticongelante\\\/\"]}]},{\"@type\":\"ImageObject\",\"inLanguage\":\"pt-PT\",\"@id\":\"https:\\\/\\\/jornaldasoficinas.com\\\/pt\\\/12-causas-aser-do-mes-de-abril-destaca-anticongelante\\\/#primaryimage\",\"url\":\"https:\\\/\\\/jornaldasoficinas.com\\\/pt\\\/wp-content\\\/uploads\\\/2021\\\/04\\\/12-causas-ASER.jpg\",\"contentUrl\":\"https:\\\/\\\/jornaldasoficinas.com\\\/pt\\\/wp-content\\\/uploads\\\/2021\\\/04\\\/12-causas-ASER.jpg\",\"width\":1024,\"height\":581,\"caption\":\"04 - 12-causas-ASER\"},{\"@type\":\"BreadcrumbList\",\"@id\":\"https:\\\/\\\/jornaldasoficinas.com\\\/pt\\\/12-causas-aser-do-mes-de-abril-destaca-anticongelante\\\/#breadcrumb\",\"itemListElement\":[{\"@type\":\"ListItem\",\"position\":1,\"name\":\"In\u00edcio\",\"item\":\"https:\\\/\\\/jornaldasoficinas.com\\\/pt\\\/\"},{\"@type\":\"ListItem\",\"position\":2,\"name\":\"12 causas ASER do m\u00eas de abril destaca anticongelante\"}]},{\"@type\":\"WebSite\",\"@id\":\"https:\\\/\\\/jornaldasoficinas.com\\\/pt\\\/#website\",\"url\":\"https:\\\/\\\/jornaldasoficinas.com\\\/pt\\\/\",\"name\":\"Jornal das Oficinas\",\"description\":\"Jornal independente do Aftermarket Autom\u00f3vel em Portugal\",\"publisher\":{\"@id\":\"https:\\\/\\\/jornaldasoficinas.com\\\/pt\\\/#organization\"},\"potentialAction\":[{\"@type\":\"SearchAction\",\"target\":{\"@type\":\"EntryPoint\",\"urlTemplate\":\"https:\\\/\\\/jornaldasoficinas.com\\\/pt\\\/?s={search_term_string}\"},\"query-input\":{\"@type\":\"PropertyValueSpecification\",\"valueRequired\":true,\"valueName\":\"search_term_string\"}}],\"inLanguage\":\"pt-PT\"},{\"@type\":\"Organization\",\"@id\":\"https:\\\/\\\/jornaldasoficinas.com\\\/pt\\\/#organization\",\"name\":\"Jornal das Oficinas\",\"url\":\"https:\\\/\\\/jornaldasoficinas.com\\\/pt\\\/\",\"logo\":{\"@type\":\"ImageObject\",\"inLanguage\":\"pt-PT\",\"@id\":\"https:\\\/\\\/jornaldasoficinas.com\\\/pt\\\/#\\\/schema\\\/logo\\\/image\\\/\",\"url\":\"https:\\\/\\\/jornaldasoficinas.com\\\/pt\\\/wp-content\\\/uploads\\\/logoJO-SEO.png\",\"contentUrl\":\"https:\\\/\\\/jornaldasoficinas.com\\\/pt\\\/wp-content\\\/uploads\\\/logoJO-SEO.png\",\"width\":285,\"height\":450,\"caption\":\"Jornal das Oficinas\"},\"image\":{\"@id\":\"https:\\\/\\\/jornaldasoficinas.com\\\/pt\\\/#\\\/schema\\\/logo\\\/image\\\/\"},\"sameAs\":[\"https:\\\/\\\/www.facebook.com\\\/jornaloficinas\",\"https:\\\/\\\/x.com\\\/jornaloficinas\",\"https:\\\/\\\/www.instagram.com\\\/jornal_oficinas\\\/\",\"https:\\\/\\\/www.linkedin.com\\\/company\\\/jornal-das-oficinas\\\/\",\"https:\\\/\\\/www.youtube.com\\\/channel\\\/UCbQZBqtcvV-oSQrr7RzINGg\"]},{\"@type\":\"Person\",\"@id\":\"https:\\\/\\\/jornaldasoficinas.com\\\/pt\\\/#\\\/schema\\\/person\\\/a38eef5de2c41d9e7c9ac10141afddf3\",\"name\":\"Reda\u00e7\u00e3o JO\",\"image\":{\"@type\":\"ImageObject\",\"inLanguage\":\"pt-PT\",\"@id\":\"https:\\\/\\\/secure.gravatar.com\\\/avatar\\\/71f2fa71737ad68a84fea94bc708ddac8ea5b0c4788dc2ad202f3ccb2887742f?s=96&d=wp_user_avatar&r=g\",\"url\":\"https:\\\/\\\/secure.gravatar.com\\\/avatar\\\/71f2fa71737ad68a84fea94bc708ddac8ea5b0c4788dc2ad202f3ccb2887742f?s=96&d=wp_user_avatar&r=g\",\"contentUrl\":\"https:\\\/\\\/secure.gravatar.com\\\/avatar\\\/71f2fa71737ad68a84fea94bc708ddac8ea5b0c4788dc2ad202f3ccb2887742f?s=96&d=wp_user_avatar&r=g\",\"caption\":\"Reda\u00e7\u00e3o JO\"},\"url\":\"https:\\\/\\\/jornaldasoficinas.com\\\/pt\\\/author\\\/joredacao\\\/\"}]}<\/script>\n<!-- \/ Yoast SEO plugin. -->","yoast_head_json":{"title":"12 causas ASER do m\u00eas de abril destaca anticongelante - Jornal das Oficinas","robots":{"index":"index","follow":"follow","max-snippet":"max-snippet:-1","max-image-preview":"max-image-preview:large","max-video-preview":"max-video-preview:-1"},"canonical":"https:\/\/jornaldasoficinas.com\/pt\/12-causas-aser-do-mes-de-abril-destaca-anticongelante\/","og_locale":"pt_PT","og_type":"article","og_title":"12 causas ASER do m\u00eas de abril destaca anticongelante - Jornal das Oficinas","og_description":"\u00c9 f\u00e1cil cair no erro de...","og_url":"https:\/\/jornaldasoficinas.com\/pt\/12-causas-aser-do-mes-de-abril-destaca-anticongelante\/","og_site_name":"Jornal das Oficinas","article_publisher":"https:\/\/www.facebook.com\/jornaloficinas","article_published_time":"2021-03-31T19:00:08+00:00","og_image":[{"width":1024,"height":581,"url":"https:\/\/jornaldasoficinas.com\/pt\/wp-content\/uploads\/2021\/04\/12-causas-ASER.jpg","type":"image\/jpeg"}],"author":"Reda\u00e7\u00e3o JO","twitter_card":"summary_large_image","twitter_creator":"@jornaloficinas","twitter_site":"@jornaloficinas","twitter_misc":{"Escrito por":"Reda\u00e7\u00e3o JO","Tempo estimado de leitura":"4 minutos"},"schema":{"@context":"https:\/\/schema.org","@graph":[{"@type":"Article","@id":"https:\/\/jornaldasoficinas.com\/pt\/12-causas-aser-do-mes-de-abril-destaca-anticongelante\/#article","isPartOf":{"@id":"https:\/\/jornaldasoficinas.com\/pt\/12-causas-aser-do-mes-de-abril-destaca-anticongelante\/"},"author":{"name":"Reda\u00e7\u00e3o JO","@id":"https:\/\/jornaldasoficinas.com\/pt\/#\/schema\/person\/a38eef5de2c41d9e7c9ac10141afddf3"},"headline":"12 causas ASER do m\u00eas de abril destaca anticongelante","datePublished":"2021-03-31T19:00:08+00:00","mainEntityOfPage":{"@id":"https:\/\/jornaldasoficinas.com\/pt\/12-causas-aser-do-mes-de-abril-destaca-anticongelante\/"},"wordCount":746,"publisher":{"@id":"https:\/\/jornaldasoficinas.com\/pt\/#organization"},"image":{"@id":"https:\/\/jornaldasoficinas.com\/pt\/12-causas-aser-do-mes-de-abril-destaca-anticongelante\/#primaryimage"},"thumbnailUrl":"https:\/\/jornaldasoficinas.com\/pt\/wp-content\/uploads\/2021\/04\/12-causas-ASER.jpg","keywords":["As 12 Causas ASER","ASER"],"articleSection":["Empresas"],"inLanguage":"pt-PT"},{"@type":"WebPage","@id":"https:\/\/jornaldasoficinas.com\/pt\/12-causas-aser-do-mes-de-abril-destaca-anticongelante\/","url":"https:\/\/jornaldasoficinas.com\/pt\/12-causas-aser-do-mes-de-abril-destaca-anticongelante\/","name":"12 causas ASER do m\u00eas de abril destaca anticongelante - Jornal das Oficinas","isPartOf":{"@id":"https:\/\/jornaldasoficinas.com\/pt\/#website"},"primaryImageOfPage":{"@id":"https:\/\/jornaldasoficinas.com\/pt\/12-causas-aser-do-mes-de-abril-destaca-anticongelante\/#primaryimage"},"image":{"@id":"https:\/\/jornaldasoficinas.com\/pt\/12-causas-aser-do-mes-de-abril-destaca-anticongelante\/#primaryimage"},"thumbnailUrl":"https:\/\/jornaldasoficinas.com\/pt\/wp-content\/uploads\/2021\/04\/12-causas-ASER.jpg","datePublished":"2021-03-31T19:00:08+00:00","breadcrumb":{"@id":"https:\/\/jornaldasoficinas.com\/pt\/12-causas-aser-do-mes-de-abril-destaca-anticongelante\/#breadcrumb"},"inLanguage":"pt-PT","potentialAction":[{"@type":"ReadAction","target":["https:\/\/jornaldasoficinas.com\/pt\/12-causas-aser-do-mes-de-abril-destaca-anticongelante\/"]}]},{"@type":"ImageObject","inLanguage":"pt-PT","@id":"https:\/\/jornaldasoficinas.com\/pt\/12-causas-aser-do-mes-de-abril-destaca-anticongelante\/#primaryimage","url":"https:\/\/jornaldasoficinas.com\/pt\/wp-content\/uploads\/2021\/04\/12-causas-ASER.jpg","contentUrl":"https:\/\/jornaldasoficinas.com\/pt\/wp-content\/uploads\/2021\/04\/12-causas-ASER.jpg","width":1024,"height":581,"caption":"04 - 12-causas-ASER"},{"@type":"BreadcrumbList","@id":"https:\/\/jornaldasoficinas.com\/pt\/12-causas-aser-do-mes-de-abril-destaca-anticongelante\/#breadcrumb","itemListElement":[{"@type":"ListItem","position":1,"name":"In\u00edcio","item":"https:\/\/jornaldasoficinas.com\/pt\/"},{"@type":"ListItem","position":2,"name":"12 causas ASER do m\u00eas de abril destaca anticongelante"}]},{"@type":"WebSite","@id":"https:\/\/jornaldasoficinas.com\/pt\/#website","url":"https:\/\/jornaldasoficinas.com\/pt\/","name":"Jornal das Oficinas","description":"Jornal independente do Aftermarket Autom\u00f3vel em Portugal","publisher":{"@id":"https:\/\/jornaldasoficinas.com\/pt\/#organization"},"potentialAction":[{"@type":"SearchAction","target":{"@type":"EntryPoint","urlTemplate":"https:\/\/jornaldasoficinas.com\/pt\/?s={search_term_string}"},"query-input":{"@type":"PropertyValueSpecification","valueRequired":true,"valueName":"search_term_string"}}],"inLanguage":"pt-PT"},{"@type":"Organization","@id":"https:\/\/jornaldasoficinas.com\/pt\/#organization","name":"Jornal das Oficinas","url":"https:\/\/jornaldasoficinas.com\/pt\/","logo":{"@type":"ImageObject","inLanguage":"pt-PT","@id":"https:\/\/jornaldasoficinas.com\/pt\/#\/schema\/logo\/image\/","url":"https:\/\/jornaldasoficinas.com\/pt\/wp-content\/uploads\/logoJO-SEO.png","contentUrl":"https:\/\/jornaldasoficinas.com\/pt\/wp-content\/uploads\/logoJO-SEO.png","width":285,"height":450,"caption":"Jornal das Oficinas"},"image":{"@id":"https:\/\/jornaldasoficinas.com\/pt\/#\/schema\/logo\/image\/"},"sameAs":["https:\/\/www.facebook.com\/jornaloficinas","https:\/\/x.com\/jornaloficinas","https:\/\/www.instagram.com\/jornal_oficinas\/","https:\/\/www.linkedin.com\/company\/jornal-das-oficinas\/","https:\/\/www.youtube.com\/channel\/UCbQZBqtcvV-oSQrr7RzINGg"]},{"@type":"Person","@id":"https:\/\/jornaldasoficinas.com\/pt\/#\/schema\/person\/a38eef5de2c41d9e7c9ac10141afddf3","name":"Reda\u00e7\u00e3o JO","image":{"@type":"ImageObject","inLanguage":"pt-PT","@id":"https:\/\/secure.gravatar.com\/avatar\/71f2fa71737ad68a84fea94bc708ddac8ea5b0c4788dc2ad202f3ccb2887742f?s=96&d=wp_user_avatar&r=g","url":"https:\/\/secure.gravatar.com\/avatar\/71f2fa71737ad68a84fea94bc708ddac8ea5b0c4788dc2ad202f3ccb2887742f?s=96&d=wp_user_avatar&r=g","contentUrl":"https:\/\/secure.gravatar.com\/avatar\/71f2fa71737ad68a84fea94bc708ddac8ea5b0c4788dc2ad202f3ccb2887742f?s=96&d=wp_user_avatar&r=g","caption":"Reda\u00e7\u00e3o JO"},"url":"https:\/\/jornaldasoficinas.com\/pt\/author\/joredacao\/"}]}},"_links":{"self":[{"href":"https:\/\/jornaldasoficinas.com\/pt\/wp-json\/wp\/v2\/posts\/19751","targetHints":{"allow":["GET"]}}],"collection":[{"href":"https:\/\/jornaldasoficinas.com\/pt\/wp-json\/wp\/v2\/posts"}],"about":[{"href":"https:\/\/jornaldasoficinas.com\/pt\/wp-json\/wp\/v2\/types\/post"}],"author":[{"embeddable":true,"href":"https:\/\/jornaldasoficinas.com\/pt\/wp-json\/wp\/v2\/users\/15"}],"replies":[{"embeddable":true,"href":"https:\/\/jornaldasoficinas.com\/pt\/wp-json\/wp\/v2\/comments?post=19751"}],"version-history":[{"count":0,"href":"https:\/\/jornaldasoficinas.com\/pt\/wp-json\/wp\/v2\/posts\/19751\/revisions"}],"wp:featuredmedia":[{"embeddable":true,"href":"https:\/\/jornaldasoficinas.com\/pt\/wp-json\/wp\/v2\/media\/19742"}],"wp:attachment":[{"href":"https:\/\/jornaldasoficinas.com\/pt\/wp-json\/wp\/v2\/media?parent=19751"}],"wp:term":[{"taxonomy":"category","embeddable":true,"href":"https:\/\/jornaldasoficinas.com\/pt\/wp-json\/wp\/v2\/categories?post=19751"},{"taxonomy":"post_tag","embeddable":true,"href":"https:\/\/jornaldasoficinas.com\/pt\/wp-json\/wp\/v2\/tags?post=19751"}],"curies":[{"name":"wp","href":"https:\/\/api.w.org\/{rel}","templated":true}]}}