{"id":19851,"date":"2021-04-06T08:00:08","date_gmt":"2021-04-06T07:00:08","guid":{"rendered":"https:\/\/jornaldasoficinas.com\/pt\/?p=19851"},"modified":"2021-04-03T13:15:32","modified_gmt":"2021-04-03T12:15:32","slug":"schaeffler-aposta-em-sistemas-eletricos-para-comerciais","status":"publish","type":"post","link":"https:\/\/jornaldasoficinas.com\/pt\/schaeffler-aposta-em-sistemas-eletricos-para-comerciais\/","title":{"rendered":"Schaeffler aposta em sistemas el\u00e9tricos para comerciais"},"content":{"rendered":"<p><img loading=\"lazy\" decoding=\"async\" class=\"alignnone wp-image-19832 size-full\" src=\"https:\/\/jornaldasoficinas.com\/pt\/wp-content\/uploads\/2021\/04\/Schaeffler-aposta.jpg\" alt=\"04 - Schaeffler-aposta\" width=\"1024\" height=\"581\" srcset=\"https:\/\/jornaldasoficinas.com\/pt\/wp-content\/uploads\/2021\/04\/Schaeffler-aposta.jpg 1024w, https:\/\/jornaldasoficinas.com\/pt\/wp-content\/uploads\/2021\/04\/Schaeffler-aposta-300x170.jpg 300w, https:\/\/jornaldasoficinas.com\/pt\/wp-content\/uploads\/2021\/04\/Schaeffler-aposta-150x85.jpg 150w, https:\/\/jornaldasoficinas.com\/pt\/wp-content\/uploads\/2021\/04\/Schaeffler-aposta-768x436.jpg 768w\" sizes=\"auto, (max-width: 1024px) 100vw, 1024px\" \/><\/p>\n<p><strong>O fornecedor dos setores autom\u00f3vel e industrial Schaeffler est\u00e1 a expandir o seu portf\u00f3lio de sistemas el\u00e9tricos para ve\u00edculos comerciais, dando outra contribui\u00e7\u00e3o fundamental para o cumprimento dos objetivos clim\u00e1ticos e de sustentabilidade, no \u00e2mbito de um endurecimento global das restri\u00e7\u00f5es da polui\u00e7\u00e3o e das emiss\u00f5es de CO2.<\/strong><\/p>\n<p>&#8220;O setor de ve\u00edculos comerciais enfrenta grandes desafios&#8221;, afirmou Matthias Zink, CEO de\u00a0Automotive Technologies\u00a0na Schaeffler AG. &#8220;Trazemos a nossa consider\u00e1vel experi\u00eancia em sistemas para o campo dos ve\u00edculos comerciais para moldar a forma como o mundo se move&#8221;. O facto de termos ganho recentemente dois grandes contratos mostra que estamos no bom caminho para nos tornarmos o parceiro tecnol\u00f3gico preferencial dos nossos clientes neste setor\u201d.<\/p>\n<p><strong>Propostas para motores el\u00e9tricos e m\u00f3dulos h\u00edbridos<br \/>\n<\/strong>A Schaeffler ganhou um pedido de produ\u00e7\u00e3o em s\u00e9rie para fornecer motores el\u00e9tricos a um fornecedor de renome do setor de ve\u00edculos comerciais a partir de 2023. O motor de 800 V, que \u00e9 utilizado em pares em ve\u00edculos com bateria, fornece uma pot\u00eancia m\u00e1xima cont\u00ednua de 180 kW e gera um bin\u00e1rio m\u00e1ximo de 950 Nm. Tamb\u00e9m apresenta tecnologia de\u00a0Rod Wave Winding, uma inova\u00e7\u00e3o que reduz a complexidade de montagem e aumenta a densidade de pot\u00eancia. O motor desempenha um papel importante na eletrifica\u00e7\u00e3o dos ve\u00edculos comerciais, contribuindo assim para uma redu\u00e7\u00e3o consider\u00e1vel das emiss\u00f5es de CO2.<\/p>\n<p>A Schaeffler ganhou tamb\u00e9m um pedido para a produ\u00e7\u00e3o em s\u00e9rie de m\u00f3dulos h\u00edbridos. Com a disposi\u00e7\u00e3o P1 altamente eficiente, estes m\u00f3dulos permitem implementar a travagem regenerativa. A energia recuperada \u00e9 ent\u00e3o utilizada para alimentar os sistemas a bordo, especialmente os novos sistemas de tratamento de gases de escape, ajudando as frotas de ve\u00edculos a cumprir os objetivos de redu\u00e7\u00e3o de NOx\u00a0e CO2. A produ\u00e7\u00e3o est\u00e1 programada para come\u00e7ar em 2024.<\/p>\n<p>O Dr. Jochen Schr\u00f6der, presidente da unidade de neg\u00f3cios de\u00a0e-Mobility, disse: \u201cTemos vindo a posicionar o nosso neg\u00f3cio de mobilidade el\u00e9trica de forma muito eficaz. A Schaeffler oferece solu\u00e7\u00f5es para todas as op\u00e7\u00f5es de eletrifica\u00e7\u00e3o de acionamentos, desde m\u00f3dulos h\u00edbridos de 48 V a m\u00f3dulos h\u00edbridos\u00a0plug-and-play\u00a0e totalmente el\u00e9tricos. Todo o desenvolvimento e a produ\u00e7\u00e3o dos nossos componentes e sistemas podem ser realizados internamente na pr\u00f3pria empresa, o que nos coloca numa posi\u00e7\u00e3o ideal para nos tornarmos um parceiro dos nossos clientes nestes diversos mercados.\u201d<\/p>\n<p><strong>A Schaeffler impulsiona a responsabilidade<br \/>\n<\/strong>Para o Grupo Schaeffler, ter sucesso empresarial sustent\u00e1vel significa ser ambiental e socialmente respons\u00e1vel. A sustentabilidade \u00e9 um fator impulsionador do desenvolvimento cont\u00ednuo da estrat\u00e9gia empresarial do fornecedor global do setor autom\u00f3vel e industrial. \u00c9 tamb\u00e9m uma parte fundamental do projeto\u00a0Roadmap\u00a02025 para refor\u00e7ar a capacidade do Grupo de aproveitar as oportunidades futuras.<\/p>\n","protected":false},"excerpt":{"rendered":"<p>O fornecedor dos setores autom\u00f3vel e&#8230;<\/p>\n","protected":false},"author":15,"featured_media":19832,"comment_status":"closed","ping_status":"closed","sticky":false,"template":"","format":"standard","meta":{"footnotes":""},"categories":[29],"tags":[1840],"class_list":["post-19851","post","type-post","status-publish","format-standard","has-post-thumbnail","hentry","category-empresas","tag-schaeffler"],"yoast_head":"<!-- This site is optimized with the Yoast SEO plugin v27.5 - https:\/\/yoast.com\/product\/yoast-seo-wordpress\/ -->\n<title>Schaeffler aposta em sistemas el\u00e9tricos para comerciais - Jornal das Oficinas<\/title>\n<meta name=\"robots\" content=\"index, follow, max-snippet:-1, max-image-preview:large, max-video-preview:-1\" \/>\n<link rel=\"canonical\" href=\"https:\/\/jornaldasoficinas.com\/pt\/schaeffler-aposta-em-sistemas-eletricos-para-comerciais\/\" \/>\n<meta property=\"og:locale\" content=\"pt_PT\" \/>\n<meta property=\"og:type\" content=\"article\" \/>\n<meta property=\"og:title\" content=\"Schaeffler aposta em sistemas el\u00e9tricos para comerciais - Jornal das Oficinas\" \/>\n<meta property=\"og:description\" content=\"O fornecedor dos setores autom\u00f3vel e...\" \/>\n<meta property=\"og:url\" content=\"https:\/\/jornaldasoficinas.com\/pt\/schaeffler-aposta-em-sistemas-eletricos-para-comerciais\/\" \/>\n<meta property=\"og:site_name\" content=\"Jornal das Oficinas\" \/>\n<meta property=\"article:publisher\" content=\"https:\/\/www.facebook.com\/jornaloficinas\" \/>\n<meta property=\"article:published_time\" content=\"2021-04-06T07:00:08+00:00\" \/>\n<meta property=\"og:image\" content=\"https:\/\/jornaldasoficinas.com\/pt\/wp-content\/uploads\/2021\/04\/Schaeffler-aposta.jpg\" \/>\n\t<meta property=\"og:image:width\" content=\"1024\" \/>\n\t<meta property=\"og:image:height\" content=\"581\" \/>\n\t<meta property=\"og:image:type\" content=\"image\/jpeg\" \/>\n<meta name=\"author\" content=\"Reda\u00e7\u00e3o JO\" \/>\n<meta name=\"twitter:card\" content=\"summary_large_image\" \/>\n<meta name=\"twitter:creator\" content=\"@jornaloficinas\" \/>\n<meta name=\"twitter:site\" content=\"@jornaloficinas\" \/>\n<meta name=\"twitter:label1\" content=\"Escrito por\" \/>\n\t<meta name=\"twitter:data1\" content=\"Reda\u00e7\u00e3o JO\" \/>\n\t<meta name=\"twitter:label2\" content=\"Tempo estimado de leitura\" \/>\n\t<meta name=\"twitter:data2\" content=\"3 minutos\" \/>\n<script type=\"application\/ld+json\" class=\"yoast-schema-graph\">{\"@context\":\"https:\\\/\\\/schema.org\",\"@graph\":[{\"@type\":\"Article\",\"@id\":\"https:\\\/\\\/jornaldasoficinas.com\\\/pt\\\/schaeffler-aposta-em-sistemas-eletricos-para-comerciais\\\/#article\",\"isPartOf\":{\"@id\":\"https:\\\/\\\/jornaldasoficinas.com\\\/pt\\\/schaeffler-aposta-em-sistemas-eletricos-para-comerciais\\\/\"},\"author\":{\"name\":\"Reda\u00e7\u00e3o JO\",\"@id\":\"https:\\\/\\\/jornaldasoficinas.com\\\/pt\\\/#\\\/schema\\\/person\\\/a38eef5de2c41d9e7c9ac10141afddf3\"},\"headline\":\"Schaeffler aposta em sistemas el\u00e9tricos para comerciais\",\"datePublished\":\"2021-04-06T07:00:08+00:00\",\"mainEntityOfPage\":{\"@id\":\"https:\\\/\\\/jornaldasoficinas.com\\\/pt\\\/schaeffler-aposta-em-sistemas-eletricos-para-comerciais\\\/\"},\"wordCount\":505,\"publisher\":{\"@id\":\"https:\\\/\\\/jornaldasoficinas.com\\\/pt\\\/#organization\"},\"image\":{\"@id\":\"https:\\\/\\\/jornaldasoficinas.com\\\/pt\\\/schaeffler-aposta-em-sistemas-eletricos-para-comerciais\\\/#primaryimage\"},\"thumbnailUrl\":\"https:\\\/\\\/jornaldasoficinas.com\\\/pt\\\/wp-content\\\/uploads\\\/2021\\\/04\\\/Schaeffler-aposta.jpg\",\"keywords\":[\"Schaeffler\"],\"articleSection\":[\"Empresas\"],\"inLanguage\":\"pt-PT\"},{\"@type\":\"WebPage\",\"@id\":\"https:\\\/\\\/jornaldasoficinas.com\\\/pt\\\/schaeffler-aposta-em-sistemas-eletricos-para-comerciais\\\/\",\"url\":\"https:\\\/\\\/jornaldasoficinas.com\\\/pt\\\/schaeffler-aposta-em-sistemas-eletricos-para-comerciais\\\/\",\"name\":\"Schaeffler aposta em sistemas el\u00e9tricos para comerciais - Jornal das Oficinas\",\"isPartOf\":{\"@id\":\"https:\\\/\\\/jornaldasoficinas.com\\\/pt\\\/#website\"},\"primaryImageOfPage\":{\"@id\":\"https:\\\/\\\/jornaldasoficinas.com\\\/pt\\\/schaeffler-aposta-em-sistemas-eletricos-para-comerciais\\\/#primaryimage\"},\"image\":{\"@id\":\"https:\\\/\\\/jornaldasoficinas.com\\\/pt\\\/schaeffler-aposta-em-sistemas-eletricos-para-comerciais\\\/#primaryimage\"},\"thumbnailUrl\":\"https:\\\/\\\/jornaldasoficinas.com\\\/pt\\\/wp-content\\\/uploads\\\/2021\\\/04\\\/Schaeffler-aposta.jpg\",\"datePublished\":\"2021-04-06T07:00:08+00:00\",\"breadcrumb\":{\"@id\":\"https:\\\/\\\/jornaldasoficinas.com\\\/pt\\\/schaeffler-aposta-em-sistemas-eletricos-para-comerciais\\\/#breadcrumb\"},\"inLanguage\":\"pt-PT\",\"potentialAction\":[{\"@type\":\"ReadAction\",\"target\":[\"https:\\\/\\\/jornaldasoficinas.com\\\/pt\\\/schaeffler-aposta-em-sistemas-eletricos-para-comerciais\\\/\"]}]},{\"@type\":\"ImageObject\",\"inLanguage\":\"pt-PT\",\"@id\":\"https:\\\/\\\/jornaldasoficinas.com\\\/pt\\\/schaeffler-aposta-em-sistemas-eletricos-para-comerciais\\\/#primaryimage\",\"url\":\"https:\\\/\\\/jornaldasoficinas.com\\\/pt\\\/wp-content\\\/uploads\\\/2021\\\/04\\\/Schaeffler-aposta.jpg\",\"contentUrl\":\"https:\\\/\\\/jornaldasoficinas.com\\\/pt\\\/wp-content\\\/uploads\\\/2021\\\/04\\\/Schaeffler-aposta.jpg\",\"width\":1024,\"height\":581,\"caption\":\"04 - Schaeffler-aposta\"},{\"@type\":\"BreadcrumbList\",\"@id\":\"https:\\\/\\\/jornaldasoficinas.com\\\/pt\\\/schaeffler-aposta-em-sistemas-eletricos-para-comerciais\\\/#breadcrumb\",\"itemListElement\":[{\"@type\":\"ListItem\",\"position\":1,\"name\":\"In\u00edcio\",\"item\":\"https:\\\/\\\/jornaldasoficinas.com\\\/pt\\\/\"},{\"@type\":\"ListItem\",\"position\":2,\"name\":\"Schaeffler aposta em sistemas el\u00e9tricos para comerciais\"}]},{\"@type\":\"WebSite\",\"@id\":\"https:\\\/\\\/jornaldasoficinas.com\\\/pt\\\/#website\",\"url\":\"https:\\\/\\\/jornaldasoficinas.com\\\/pt\\\/\",\"name\":\"Jornal das Oficinas\",\"description\":\"Jornal independente do Aftermarket Autom\u00f3vel em Portugal\",\"publisher\":{\"@id\":\"https:\\\/\\\/jornaldasoficinas.com\\\/pt\\\/#organization\"},\"potentialAction\":[{\"@type\":\"SearchAction\",\"target\":{\"@type\":\"EntryPoint\",\"urlTemplate\":\"https:\\\/\\\/jornaldasoficinas.com\\\/pt\\\/?s={search_term_string}\"},\"query-input\":{\"@type\":\"PropertyValueSpecification\",\"valueRequired\":true,\"valueName\":\"search_term_string\"}}],\"inLanguage\":\"pt-PT\"},{\"@type\":\"Organization\",\"@id\":\"https:\\\/\\\/jornaldasoficinas.com\\\/pt\\\/#organization\",\"name\":\"Jornal das Oficinas\",\"url\":\"https:\\\/\\\/jornaldasoficinas.com\\\/pt\\\/\",\"logo\":{\"@type\":\"ImageObject\",\"inLanguage\":\"pt-PT\",\"@id\":\"https:\\\/\\\/jornaldasoficinas.com\\\/pt\\\/#\\\/schema\\\/logo\\\/image\\\/\",\"url\":\"https:\\\/\\\/jornaldasoficinas.com\\\/pt\\\/wp-content\\\/uploads\\\/logoJO-SEO.png\",\"contentUrl\":\"https:\\\/\\\/jornaldasoficinas.com\\\/pt\\\/wp-content\\\/uploads\\\/logoJO-SEO.png\",\"width\":285,\"height\":450,\"caption\":\"Jornal das Oficinas\"},\"image\":{\"@id\":\"https:\\\/\\\/jornaldasoficinas.com\\\/pt\\\/#\\\/schema\\\/logo\\\/image\\\/\"},\"sameAs\":[\"https:\\\/\\\/www.facebook.com\\\/jornaloficinas\",\"https:\\\/\\\/x.com\\\/jornaloficinas\",\"https:\\\/\\\/www.instagram.com\\\/jornal_oficinas\\\/\",\"https:\\\/\\\/www.linkedin.com\\\/company\\\/jornal-das-oficinas\\\/\",\"https:\\\/\\\/www.youtube.com\\\/channel\\\/UCbQZBqtcvV-oSQrr7RzINGg\"]},{\"@type\":\"Person\",\"@id\":\"https:\\\/\\\/jornaldasoficinas.com\\\/pt\\\/#\\\/schema\\\/person\\\/a38eef5de2c41d9e7c9ac10141afddf3\",\"name\":\"Reda\u00e7\u00e3o JO\",\"image\":{\"@type\":\"ImageObject\",\"inLanguage\":\"pt-PT\",\"@id\":\"https:\\\/\\\/secure.gravatar.com\\\/avatar\\\/71f2fa71737ad68a84fea94bc708ddac8ea5b0c4788dc2ad202f3ccb2887742f?s=96&d=wp_user_avatar&r=g\",\"url\":\"https:\\\/\\\/secure.gravatar.com\\\/avatar\\\/71f2fa71737ad68a84fea94bc708ddac8ea5b0c4788dc2ad202f3ccb2887742f?s=96&d=wp_user_avatar&r=g\",\"contentUrl\":\"https:\\\/\\\/secure.gravatar.com\\\/avatar\\\/71f2fa71737ad68a84fea94bc708ddac8ea5b0c4788dc2ad202f3ccb2887742f?s=96&d=wp_user_avatar&r=g\",\"caption\":\"Reda\u00e7\u00e3o JO\"},\"url\":\"https:\\\/\\\/jornaldasoficinas.com\\\/pt\\\/author\\\/joredacao\\\/\"}]}<\/script>\n<!-- \/ Yoast SEO plugin. -->","yoast_head_json":{"title":"Schaeffler aposta em sistemas el\u00e9tricos para comerciais - Jornal das Oficinas","robots":{"index":"index","follow":"follow","max-snippet":"max-snippet:-1","max-image-preview":"max-image-preview:large","max-video-preview":"max-video-preview:-1"},"canonical":"https:\/\/jornaldasoficinas.com\/pt\/schaeffler-aposta-em-sistemas-eletricos-para-comerciais\/","og_locale":"pt_PT","og_type":"article","og_title":"Schaeffler aposta em sistemas el\u00e9tricos para comerciais - Jornal das Oficinas","og_description":"O fornecedor dos setores autom\u00f3vel e...","og_url":"https:\/\/jornaldasoficinas.com\/pt\/schaeffler-aposta-em-sistemas-eletricos-para-comerciais\/","og_site_name":"Jornal das Oficinas","article_publisher":"https:\/\/www.facebook.com\/jornaloficinas","article_published_time":"2021-04-06T07:00:08+00:00","og_image":[{"width":1024,"height":581,"url":"https:\/\/jornaldasoficinas.com\/pt\/wp-content\/uploads\/2021\/04\/Schaeffler-aposta.jpg","type":"image\/jpeg"}],"author":"Reda\u00e7\u00e3o JO","twitter_card":"summary_large_image","twitter_creator":"@jornaloficinas","twitter_site":"@jornaloficinas","twitter_misc":{"Escrito por":"Reda\u00e7\u00e3o JO","Tempo estimado de leitura":"3 minutos"},"schema":{"@context":"https:\/\/schema.org","@graph":[{"@type":"Article","@id":"https:\/\/jornaldasoficinas.com\/pt\/schaeffler-aposta-em-sistemas-eletricos-para-comerciais\/#article","isPartOf":{"@id":"https:\/\/jornaldasoficinas.com\/pt\/schaeffler-aposta-em-sistemas-eletricos-para-comerciais\/"},"author":{"name":"Reda\u00e7\u00e3o JO","@id":"https:\/\/jornaldasoficinas.com\/pt\/#\/schema\/person\/a38eef5de2c41d9e7c9ac10141afddf3"},"headline":"Schaeffler aposta em sistemas el\u00e9tricos para comerciais","datePublished":"2021-04-06T07:00:08+00:00","mainEntityOfPage":{"@id":"https:\/\/jornaldasoficinas.com\/pt\/schaeffler-aposta-em-sistemas-eletricos-para-comerciais\/"},"wordCount":505,"publisher":{"@id":"https:\/\/jornaldasoficinas.com\/pt\/#organization"},"image":{"@id":"https:\/\/jornaldasoficinas.com\/pt\/schaeffler-aposta-em-sistemas-eletricos-para-comerciais\/#primaryimage"},"thumbnailUrl":"https:\/\/jornaldasoficinas.com\/pt\/wp-content\/uploads\/2021\/04\/Schaeffler-aposta.jpg","keywords":["Schaeffler"],"articleSection":["Empresas"],"inLanguage":"pt-PT"},{"@type":"WebPage","@id":"https:\/\/jornaldasoficinas.com\/pt\/schaeffler-aposta-em-sistemas-eletricos-para-comerciais\/","url":"https:\/\/jornaldasoficinas.com\/pt\/schaeffler-aposta-em-sistemas-eletricos-para-comerciais\/","name":"Schaeffler aposta em sistemas el\u00e9tricos para comerciais - Jornal das Oficinas","isPartOf":{"@id":"https:\/\/jornaldasoficinas.com\/pt\/#website"},"primaryImageOfPage":{"@id":"https:\/\/jornaldasoficinas.com\/pt\/schaeffler-aposta-em-sistemas-eletricos-para-comerciais\/#primaryimage"},"image":{"@id":"https:\/\/jornaldasoficinas.com\/pt\/schaeffler-aposta-em-sistemas-eletricos-para-comerciais\/#primaryimage"},"thumbnailUrl":"https:\/\/jornaldasoficinas.com\/pt\/wp-content\/uploads\/2021\/04\/Schaeffler-aposta.jpg","datePublished":"2021-04-06T07:00:08+00:00","breadcrumb":{"@id":"https:\/\/jornaldasoficinas.com\/pt\/schaeffler-aposta-em-sistemas-eletricos-para-comerciais\/#breadcrumb"},"inLanguage":"pt-PT","potentialAction":[{"@type":"ReadAction","target":["https:\/\/jornaldasoficinas.com\/pt\/schaeffler-aposta-em-sistemas-eletricos-para-comerciais\/"]}]},{"@type":"ImageObject","inLanguage":"pt-PT","@id":"https:\/\/jornaldasoficinas.com\/pt\/schaeffler-aposta-em-sistemas-eletricos-para-comerciais\/#primaryimage","url":"https:\/\/jornaldasoficinas.com\/pt\/wp-content\/uploads\/2021\/04\/Schaeffler-aposta.jpg","contentUrl":"https:\/\/jornaldasoficinas.com\/pt\/wp-content\/uploads\/2021\/04\/Schaeffler-aposta.jpg","width":1024,"height":581,"caption":"04 - Schaeffler-aposta"},{"@type":"BreadcrumbList","@id":"https:\/\/jornaldasoficinas.com\/pt\/schaeffler-aposta-em-sistemas-eletricos-para-comerciais\/#breadcrumb","itemListElement":[{"@type":"ListItem","position":1,"name":"In\u00edcio","item":"https:\/\/jornaldasoficinas.com\/pt\/"},{"@type":"ListItem","position":2,"name":"Schaeffler aposta em sistemas el\u00e9tricos para comerciais"}]},{"@type":"WebSite","@id":"https:\/\/jornaldasoficinas.com\/pt\/#website","url":"https:\/\/jornaldasoficinas.com\/pt\/","name":"Jornal das Oficinas","description":"Jornal independente do Aftermarket Autom\u00f3vel em Portugal","publisher":{"@id":"https:\/\/jornaldasoficinas.com\/pt\/#organization"},"potentialAction":[{"@type":"SearchAction","target":{"@type":"EntryPoint","urlTemplate":"https:\/\/jornaldasoficinas.com\/pt\/?s={search_term_string}"},"query-input":{"@type":"PropertyValueSpecification","valueRequired":true,"valueName":"search_term_string"}}],"inLanguage":"pt-PT"},{"@type":"Organization","@id":"https:\/\/jornaldasoficinas.com\/pt\/#organization","name":"Jornal das Oficinas","url":"https:\/\/jornaldasoficinas.com\/pt\/","logo":{"@type":"ImageObject","inLanguage":"pt-PT","@id":"https:\/\/jornaldasoficinas.com\/pt\/#\/schema\/logo\/image\/","url":"https:\/\/jornaldasoficinas.com\/pt\/wp-content\/uploads\/logoJO-SEO.png","contentUrl":"https:\/\/jornaldasoficinas.com\/pt\/wp-content\/uploads\/logoJO-SEO.png","width":285,"height":450,"caption":"Jornal das Oficinas"},"image":{"@id":"https:\/\/jornaldasoficinas.com\/pt\/#\/schema\/logo\/image\/"},"sameAs":["https:\/\/www.facebook.com\/jornaloficinas","https:\/\/x.com\/jornaloficinas","https:\/\/www.instagram.com\/jornal_oficinas\/","https:\/\/www.linkedin.com\/company\/jornal-das-oficinas\/","https:\/\/www.youtube.com\/channel\/UCbQZBqtcvV-oSQrr7RzINGg"]},{"@type":"Person","@id":"https:\/\/jornaldasoficinas.com\/pt\/#\/schema\/person\/a38eef5de2c41d9e7c9ac10141afddf3","name":"Reda\u00e7\u00e3o JO","image":{"@type":"ImageObject","inLanguage":"pt-PT","@id":"https:\/\/secure.gravatar.com\/avatar\/71f2fa71737ad68a84fea94bc708ddac8ea5b0c4788dc2ad202f3ccb2887742f?s=96&d=wp_user_avatar&r=g","url":"https:\/\/secure.gravatar.com\/avatar\/71f2fa71737ad68a84fea94bc708ddac8ea5b0c4788dc2ad202f3ccb2887742f?s=96&d=wp_user_avatar&r=g","contentUrl":"https:\/\/secure.gravatar.com\/avatar\/71f2fa71737ad68a84fea94bc708ddac8ea5b0c4788dc2ad202f3ccb2887742f?s=96&d=wp_user_avatar&r=g","caption":"Reda\u00e7\u00e3o JO"},"url":"https:\/\/jornaldasoficinas.com\/pt\/author\/joredacao\/"}]}},"_links":{"self":[{"href":"https:\/\/jornaldasoficinas.com\/pt\/wp-json\/wp\/v2\/posts\/19851","targetHints":{"allow":["GET"]}}],"collection":[{"href":"https:\/\/jornaldasoficinas.com\/pt\/wp-json\/wp\/v2\/posts"}],"about":[{"href":"https:\/\/jornaldasoficinas.com\/pt\/wp-json\/wp\/v2\/types\/post"}],"author":[{"embeddable":true,"href":"https:\/\/jornaldasoficinas.com\/pt\/wp-json\/wp\/v2\/users\/15"}],"replies":[{"embeddable":true,"href":"https:\/\/jornaldasoficinas.com\/pt\/wp-json\/wp\/v2\/comments?post=19851"}],"version-history":[{"count":0,"href":"https:\/\/jornaldasoficinas.com\/pt\/wp-json\/wp\/v2\/posts\/19851\/revisions"}],"wp:featuredmedia":[{"embeddable":true,"href":"https:\/\/jornaldasoficinas.com\/pt\/wp-json\/wp\/v2\/media\/19832"}],"wp:attachment":[{"href":"https:\/\/jornaldasoficinas.com\/pt\/wp-json\/wp\/v2\/media?parent=19851"}],"wp:term":[{"taxonomy":"category","embeddable":true,"href":"https:\/\/jornaldasoficinas.com\/pt\/wp-json\/wp\/v2\/categories?post=19851"},{"taxonomy":"post_tag","embeddable":true,"href":"https:\/\/jornaldasoficinas.com\/pt\/wp-json\/wp\/v2\/tags?post=19851"}],"curies":[{"name":"wp","href":"https:\/\/api.w.org\/{rel}","templated":true}]}}