{"id":19895,"date":"2021-04-06T20:00:53","date_gmt":"2021-04-06T19:00:53","guid":{"rendered":"https:\/\/jornaldasoficinas.com\/pt\/?p=19895"},"modified":"2021-04-06T13:12:01","modified_gmt":"2021-04-06T12:12:01","slug":"geracao-millennials-os-novos-clientes-das-oficinas","status":"publish","type":"post","link":"https:\/\/jornaldasoficinas.com\/pt\/geracao-millennials-os-novos-clientes-das-oficinas\/","title":{"rendered":"Gera\u00e7\u00e3o Millennials &#8211; Os novos clientes das oficinas"},"content":{"rendered":"<p><strong><img loading=\"lazy\" decoding=\"async\" class=\"alignnone wp-image-19898 size-full\" src=\"https:\/\/jornaldasoficinas.com\/pt\/wp-content\/uploads\/2021\/04\/Os-novos-clientes-das-oficinas.jpg\" alt=\"04 - Os-novos-clientes-das-oficinas\" width=\"1024\" height=\"581\" srcset=\"https:\/\/jornaldasoficinas.com\/pt\/wp-content\/uploads\/2021\/04\/Os-novos-clientes-das-oficinas.jpg 1024w, https:\/\/jornaldasoficinas.com\/pt\/wp-content\/uploads\/2021\/04\/Os-novos-clientes-das-oficinas-300x170.jpg 300w, https:\/\/jornaldasoficinas.com\/pt\/wp-content\/uploads\/2021\/04\/Os-novos-clientes-das-oficinas-150x85.jpg 150w, https:\/\/jornaldasoficinas.com\/pt\/wp-content\/uploads\/2021\/04\/Os-novos-clientes-das-oficinas-768x436.jpg 768w\" sizes=\"auto, (max-width: 1024px) 100vw, 1024px\" \/><\/strong><\/p>\n<p><strong>Mudam-se os tempos, mudam-se as vontades. Do que estamos a falar? Da gera\u00e7\u00e3o Millennials ou se preferir, as chamadas \u2018novas gera\u00e7\u00f5es\u2019, entre os 18 e os 37 anos, e da sua rela\u00e7\u00e3o com as oficinas de repara\u00e7\u00e3o autom\u00f3vel<\/strong><\/p>\n<p>A gera\u00e7\u00e3o Millennials representa cerca de 24% da popula\u00e7\u00e3o mundial. Percentagem esta que se traduz nos h\u00e1bitos destes novos consumidores oficinais. O Jornal das Oficinas esteve \u00e0 conversa com alguns propriet\u00e1rios de oficinas e quisemos saber o que mudou nos h\u00e1bitos de consumo da gera\u00e7\u00e3o de 1965 a 1980 \u00e0 atual Millennials.<\/p>\n<p>\u201cA atual gera\u00e7\u00e3o Millennials tem muito menos preocupa\u00e7\u00e3o com o estado da viatura, \u00e9 uma necessidade para se deslocarem, j\u00e1 n\u00e3o \u00e9 um s\u00edmbolo de status como anteriormente\u201d, referiu Marco Sim\u00f5es da Sim\u00f5es e Flor\u00eancio.<\/p>\n<p>Mais exigentes e informados, esta nova gera\u00e7\u00e3o, segundo o \u00faltimo estudo da Deloitte ir\u00e1 representar em 2025 cerca de 75% de for\u00e7a laboral em todo o mundo. Segundo este mesmo estudo, a gera\u00e7\u00e3o Millennials \u00e9 uma esp\u00e9cie de \u201cupgrade\u201d face aos nascidos entre 1965 e 1980. Trata-se de uma gera\u00e7\u00e3o que cresceu num per\u00edodo de altera\u00e7\u00f5es caraterizado pela globaliza\u00e7\u00e3o, pela revolu\u00e7\u00e3o digital e pela crise econ\u00f3mica de 2008. Para al\u00e9m de todos estes fatores, caraterizam-se por ser a gera\u00e7\u00e3o com maior n\u00famero de jovens com estudos superiores. Cerca de 40% do Millennials t\u00eam estudos universit\u00e1rios, uma elevada discrep\u00e2ncia face \u00e0 mesma gera\u00e7\u00e3o anterior de 1999, menos 24%.<\/p>\n<p>Os Millennials passam em m\u00e9dia cerca de 144 minutos por dia em frente a \u00e9crans digitais. Segundo o mesmo estudo da Deloitte, as redes sociais s\u00e3o a principal distra\u00e7\u00e3o das novas gera\u00e7\u00f5es, sendo o WhatsApp e o Facebook os favoritos. De acordo com um artigo da revista Forbes, 45% admite n\u00e3o conseguir passar um dia sem a utiliza\u00e7\u00e3o do telem\u00f3vel e 83% confessa mesmo dormir com o mesmo.<\/p>\n<p>Todos estes aspetos mudaram as vontades e vis\u00f5es desta nova gera\u00e7\u00e3o. Em Portugal, s\u00e3o poucas as oficinas que j\u00e1 se encontram digitalizadas, uma lacuna para acompanhar o crescimento dos Millennials. Trata-se de uma gera\u00e7\u00e3o tecnol\u00f3gica que cada vez mais, antes da desloca\u00e7\u00e3o \u00e0 oficina, se informa sobre as empresas que lhes podem prestar o servi\u00e7o que pretendem. Durante o ano de 2019, segundo um estudo da Google, 62% dos automobilistas da gera\u00e7\u00e3o Millennials, utilizaram a internet para formar a sua opini\u00e3o antes de se deslocarem a uma oficina.<\/p>\n<p>Ainda assim, caraterizam-se por ser uma gera\u00e7\u00e3o que tem um elevado interesse no seu dia a dia em seguir, atrav\u00e9s das redes sociais, marcas e promo\u00e7\u00f5es espec\u00edficas. Segundo um outro estudo, da Global Web Index, cerca de 95% destes jovens, est\u00e1 interessado em gastar um pouco mais em oficinas ativas nas redes sociais.<\/p>\n<p>Leia o artigo completo <a href=\"https:\/\/www.yumpu.com\/pt\/document\/read\/65435341\/jornal-das-oficinas-185\/12\" target=\"_blank\" rel=\"noopener\"><strong>aqui<\/strong><\/a><\/p>\n","protected":false},"excerpt":{"rendered":"<p>Mudam-se os tempos, mudam-se as vontades&#8230;.<\/p>\n","protected":false},"author":15,"featured_media":19898,"comment_status":"closed","ping_status":"closed","sticky":false,"template":"","format":"standard","meta":{"footnotes":""},"categories":[37],"tags":[],"class_list":["post-19895","post","type-post","status-publish","format-standard","has-post-thumbnail","hentry","category-mercado"],"yoast_head":"<!-- This site is optimized with the Yoast SEO plugin v27.5 - https:\/\/yoast.com\/product\/yoast-seo-wordpress\/ -->\n<title>Gera\u00e7\u00e3o Millennials - Os novos clientes das oficinas - Jornal das Oficinas<\/title>\n<meta name=\"robots\" content=\"index, follow, max-snippet:-1, max-image-preview:large, max-video-preview:-1\" \/>\n<link rel=\"canonical\" href=\"https:\/\/jornaldasoficinas.com\/pt\/geracao-millennials-os-novos-clientes-das-oficinas\/\" \/>\n<meta property=\"og:locale\" content=\"pt_PT\" \/>\n<meta property=\"og:type\" content=\"article\" \/>\n<meta property=\"og:title\" content=\"Gera\u00e7\u00e3o Millennials - Os novos clientes das oficinas - Jornal das Oficinas\" \/>\n<meta property=\"og:description\" content=\"Mudam-se os tempos, mudam-se as vontades....\" \/>\n<meta property=\"og:url\" content=\"https:\/\/jornaldasoficinas.com\/pt\/geracao-millennials-os-novos-clientes-das-oficinas\/\" \/>\n<meta property=\"og:site_name\" content=\"Jornal das Oficinas\" \/>\n<meta property=\"article:publisher\" content=\"https:\/\/www.facebook.com\/jornaloficinas\" \/>\n<meta property=\"article:published_time\" content=\"2021-04-06T19:00:53+00:00\" \/>\n<meta property=\"og:image\" content=\"https:\/\/jornaldasoficinas.com\/pt\/wp-content\/uploads\/2021\/04\/Os-novos-clientes-das-oficinas.jpg\" \/>\n\t<meta property=\"og:image:width\" content=\"1024\" \/>\n\t<meta property=\"og:image:height\" content=\"581\" \/>\n\t<meta property=\"og:image:type\" content=\"image\/jpeg\" \/>\n<meta name=\"author\" content=\"Reda\u00e7\u00e3o JO\" \/>\n<meta name=\"twitter:card\" content=\"summary_large_image\" \/>\n<meta name=\"twitter:creator\" content=\"@jornaloficinas\" \/>\n<meta name=\"twitter:site\" content=\"@jornaloficinas\" \/>\n<meta name=\"twitter:label1\" content=\"Escrito por\" \/>\n\t<meta name=\"twitter:data1\" content=\"Reda\u00e7\u00e3o JO\" \/>\n\t<meta name=\"twitter:label2\" content=\"Tempo estimado de leitura\" \/>\n\t<meta name=\"twitter:data2\" content=\"3 minutos\" \/>\n<script type=\"application\/ld+json\" class=\"yoast-schema-graph\">{\"@context\":\"https:\\\/\\\/schema.org\",\"@graph\":[{\"@type\":\"Article\",\"@id\":\"https:\\\/\\\/jornaldasoficinas.com\\\/pt\\\/geracao-millennials-os-novos-clientes-das-oficinas\\\/#article\",\"isPartOf\":{\"@id\":\"https:\\\/\\\/jornaldasoficinas.com\\\/pt\\\/geracao-millennials-os-novos-clientes-das-oficinas\\\/\"},\"author\":{\"name\":\"Reda\u00e7\u00e3o JO\",\"@id\":\"https:\\\/\\\/jornaldasoficinas.com\\\/pt\\\/#\\\/schema\\\/person\\\/a38eef5de2c41d9e7c9ac10141afddf3\"},\"headline\":\"Gera\u00e7\u00e3o Millennials &#8211; Os novos clientes das oficinas\",\"datePublished\":\"2021-04-06T19:00:53+00:00\",\"mainEntityOfPage\":{\"@id\":\"https:\\\/\\\/jornaldasoficinas.com\\\/pt\\\/geracao-millennials-os-novos-clientes-das-oficinas\\\/\"},\"wordCount\":484,\"publisher\":{\"@id\":\"https:\\\/\\\/jornaldasoficinas.com\\\/pt\\\/#organization\"},\"image\":{\"@id\":\"https:\\\/\\\/jornaldasoficinas.com\\\/pt\\\/geracao-millennials-os-novos-clientes-das-oficinas\\\/#primaryimage\"},\"thumbnailUrl\":\"https:\\\/\\\/jornaldasoficinas.com\\\/pt\\\/wp-content\\\/uploads\\\/2021\\\/04\\\/Os-novos-clientes-das-oficinas.jpg\",\"articleSection\":[\"Mercado\"],\"inLanguage\":\"pt-PT\"},{\"@type\":\"WebPage\",\"@id\":\"https:\\\/\\\/jornaldasoficinas.com\\\/pt\\\/geracao-millennials-os-novos-clientes-das-oficinas\\\/\",\"url\":\"https:\\\/\\\/jornaldasoficinas.com\\\/pt\\\/geracao-millennials-os-novos-clientes-das-oficinas\\\/\",\"name\":\"Gera\u00e7\u00e3o Millennials - Os novos clientes das oficinas - Jornal das Oficinas\",\"isPartOf\":{\"@id\":\"https:\\\/\\\/jornaldasoficinas.com\\\/pt\\\/#website\"},\"primaryImageOfPage\":{\"@id\":\"https:\\\/\\\/jornaldasoficinas.com\\\/pt\\\/geracao-millennials-os-novos-clientes-das-oficinas\\\/#primaryimage\"},\"image\":{\"@id\":\"https:\\\/\\\/jornaldasoficinas.com\\\/pt\\\/geracao-millennials-os-novos-clientes-das-oficinas\\\/#primaryimage\"},\"thumbnailUrl\":\"https:\\\/\\\/jornaldasoficinas.com\\\/pt\\\/wp-content\\\/uploads\\\/2021\\\/04\\\/Os-novos-clientes-das-oficinas.jpg\",\"datePublished\":\"2021-04-06T19:00:53+00:00\",\"breadcrumb\":{\"@id\":\"https:\\\/\\\/jornaldasoficinas.com\\\/pt\\\/geracao-millennials-os-novos-clientes-das-oficinas\\\/#breadcrumb\"},\"inLanguage\":\"pt-PT\",\"potentialAction\":[{\"@type\":\"ReadAction\",\"target\":[\"https:\\\/\\\/jornaldasoficinas.com\\\/pt\\\/geracao-millennials-os-novos-clientes-das-oficinas\\\/\"]}]},{\"@type\":\"ImageObject\",\"inLanguage\":\"pt-PT\",\"@id\":\"https:\\\/\\\/jornaldasoficinas.com\\\/pt\\\/geracao-millennials-os-novos-clientes-das-oficinas\\\/#primaryimage\",\"url\":\"https:\\\/\\\/jornaldasoficinas.com\\\/pt\\\/wp-content\\\/uploads\\\/2021\\\/04\\\/Os-novos-clientes-das-oficinas.jpg\",\"contentUrl\":\"https:\\\/\\\/jornaldasoficinas.com\\\/pt\\\/wp-content\\\/uploads\\\/2021\\\/04\\\/Os-novos-clientes-das-oficinas.jpg\",\"width\":1024,\"height\":581,\"caption\":\"04 - Os-novos-clientes-das-oficinas\"},{\"@type\":\"BreadcrumbList\",\"@id\":\"https:\\\/\\\/jornaldasoficinas.com\\\/pt\\\/geracao-millennials-os-novos-clientes-das-oficinas\\\/#breadcrumb\",\"itemListElement\":[{\"@type\":\"ListItem\",\"position\":1,\"name\":\"In\u00edcio\",\"item\":\"https:\\\/\\\/jornaldasoficinas.com\\\/pt\\\/\"},{\"@type\":\"ListItem\",\"position\":2,\"name\":\"Gera\u00e7\u00e3o Millennials &#8211; Os novos clientes das oficinas\"}]},{\"@type\":\"WebSite\",\"@id\":\"https:\\\/\\\/jornaldasoficinas.com\\\/pt\\\/#website\",\"url\":\"https:\\\/\\\/jornaldasoficinas.com\\\/pt\\\/\",\"name\":\"Jornal das Oficinas\",\"description\":\"Jornal independente do Aftermarket Autom\u00f3vel em Portugal\",\"publisher\":{\"@id\":\"https:\\\/\\\/jornaldasoficinas.com\\\/pt\\\/#organization\"},\"potentialAction\":[{\"@type\":\"SearchAction\",\"target\":{\"@type\":\"EntryPoint\",\"urlTemplate\":\"https:\\\/\\\/jornaldasoficinas.com\\\/pt\\\/?s={search_term_string}\"},\"query-input\":{\"@type\":\"PropertyValueSpecification\",\"valueRequired\":true,\"valueName\":\"search_term_string\"}}],\"inLanguage\":\"pt-PT\"},{\"@type\":\"Organization\",\"@id\":\"https:\\\/\\\/jornaldasoficinas.com\\\/pt\\\/#organization\",\"name\":\"Jornal das Oficinas\",\"url\":\"https:\\\/\\\/jornaldasoficinas.com\\\/pt\\\/\",\"logo\":{\"@type\":\"ImageObject\",\"inLanguage\":\"pt-PT\",\"@id\":\"https:\\\/\\\/jornaldasoficinas.com\\\/pt\\\/#\\\/schema\\\/logo\\\/image\\\/\",\"url\":\"https:\\\/\\\/jornaldasoficinas.com\\\/pt\\\/wp-content\\\/uploads\\\/logoJO-SEO.png\",\"contentUrl\":\"https:\\\/\\\/jornaldasoficinas.com\\\/pt\\\/wp-content\\\/uploads\\\/logoJO-SEO.png\",\"width\":285,\"height\":450,\"caption\":\"Jornal das Oficinas\"},\"image\":{\"@id\":\"https:\\\/\\\/jornaldasoficinas.com\\\/pt\\\/#\\\/schema\\\/logo\\\/image\\\/\"},\"sameAs\":[\"https:\\\/\\\/www.facebook.com\\\/jornaloficinas\",\"https:\\\/\\\/x.com\\\/jornaloficinas\",\"https:\\\/\\\/www.instagram.com\\\/jornal_oficinas\\\/\",\"https:\\\/\\\/www.linkedin.com\\\/company\\\/jornal-das-oficinas\\\/\",\"https:\\\/\\\/www.youtube.com\\\/channel\\\/UCbQZBqtcvV-oSQrr7RzINGg\"]},{\"@type\":\"Person\",\"@id\":\"https:\\\/\\\/jornaldasoficinas.com\\\/pt\\\/#\\\/schema\\\/person\\\/a38eef5de2c41d9e7c9ac10141afddf3\",\"name\":\"Reda\u00e7\u00e3o JO\",\"image\":{\"@type\":\"ImageObject\",\"inLanguage\":\"pt-PT\",\"@id\":\"https:\\\/\\\/secure.gravatar.com\\\/avatar\\\/71f2fa71737ad68a84fea94bc708ddac8ea5b0c4788dc2ad202f3ccb2887742f?s=96&d=wp_user_avatar&r=g\",\"url\":\"https:\\\/\\\/secure.gravatar.com\\\/avatar\\\/71f2fa71737ad68a84fea94bc708ddac8ea5b0c4788dc2ad202f3ccb2887742f?s=96&d=wp_user_avatar&r=g\",\"contentUrl\":\"https:\\\/\\\/secure.gravatar.com\\\/avatar\\\/71f2fa71737ad68a84fea94bc708ddac8ea5b0c4788dc2ad202f3ccb2887742f?s=96&d=wp_user_avatar&r=g\",\"caption\":\"Reda\u00e7\u00e3o JO\"},\"url\":\"https:\\\/\\\/jornaldasoficinas.com\\\/pt\\\/author\\\/joredacao\\\/\"}]}<\/script>\n<!-- \/ Yoast SEO plugin. -->","yoast_head_json":{"title":"Gera\u00e7\u00e3o Millennials - Os novos clientes das oficinas - Jornal das Oficinas","robots":{"index":"index","follow":"follow","max-snippet":"max-snippet:-1","max-image-preview":"max-image-preview:large","max-video-preview":"max-video-preview:-1"},"canonical":"https:\/\/jornaldasoficinas.com\/pt\/geracao-millennials-os-novos-clientes-das-oficinas\/","og_locale":"pt_PT","og_type":"article","og_title":"Gera\u00e7\u00e3o Millennials - Os novos clientes das oficinas - Jornal das Oficinas","og_description":"Mudam-se os tempos, mudam-se as vontades....","og_url":"https:\/\/jornaldasoficinas.com\/pt\/geracao-millennials-os-novos-clientes-das-oficinas\/","og_site_name":"Jornal das Oficinas","article_publisher":"https:\/\/www.facebook.com\/jornaloficinas","article_published_time":"2021-04-06T19:00:53+00:00","og_image":[{"width":1024,"height":581,"url":"https:\/\/jornaldasoficinas.com\/pt\/wp-content\/uploads\/2021\/04\/Os-novos-clientes-das-oficinas.jpg","type":"image\/jpeg"}],"author":"Reda\u00e7\u00e3o JO","twitter_card":"summary_large_image","twitter_creator":"@jornaloficinas","twitter_site":"@jornaloficinas","twitter_misc":{"Escrito por":"Reda\u00e7\u00e3o JO","Tempo estimado de leitura":"3 minutos"},"schema":{"@context":"https:\/\/schema.org","@graph":[{"@type":"Article","@id":"https:\/\/jornaldasoficinas.com\/pt\/geracao-millennials-os-novos-clientes-das-oficinas\/#article","isPartOf":{"@id":"https:\/\/jornaldasoficinas.com\/pt\/geracao-millennials-os-novos-clientes-das-oficinas\/"},"author":{"name":"Reda\u00e7\u00e3o JO","@id":"https:\/\/jornaldasoficinas.com\/pt\/#\/schema\/person\/a38eef5de2c41d9e7c9ac10141afddf3"},"headline":"Gera\u00e7\u00e3o Millennials &#8211; Os novos clientes das oficinas","datePublished":"2021-04-06T19:00:53+00:00","mainEntityOfPage":{"@id":"https:\/\/jornaldasoficinas.com\/pt\/geracao-millennials-os-novos-clientes-das-oficinas\/"},"wordCount":484,"publisher":{"@id":"https:\/\/jornaldasoficinas.com\/pt\/#organization"},"image":{"@id":"https:\/\/jornaldasoficinas.com\/pt\/geracao-millennials-os-novos-clientes-das-oficinas\/#primaryimage"},"thumbnailUrl":"https:\/\/jornaldasoficinas.com\/pt\/wp-content\/uploads\/2021\/04\/Os-novos-clientes-das-oficinas.jpg","articleSection":["Mercado"],"inLanguage":"pt-PT"},{"@type":"WebPage","@id":"https:\/\/jornaldasoficinas.com\/pt\/geracao-millennials-os-novos-clientes-das-oficinas\/","url":"https:\/\/jornaldasoficinas.com\/pt\/geracao-millennials-os-novos-clientes-das-oficinas\/","name":"Gera\u00e7\u00e3o Millennials - Os novos clientes das oficinas - Jornal das Oficinas","isPartOf":{"@id":"https:\/\/jornaldasoficinas.com\/pt\/#website"},"primaryImageOfPage":{"@id":"https:\/\/jornaldasoficinas.com\/pt\/geracao-millennials-os-novos-clientes-das-oficinas\/#primaryimage"},"image":{"@id":"https:\/\/jornaldasoficinas.com\/pt\/geracao-millennials-os-novos-clientes-das-oficinas\/#primaryimage"},"thumbnailUrl":"https:\/\/jornaldasoficinas.com\/pt\/wp-content\/uploads\/2021\/04\/Os-novos-clientes-das-oficinas.jpg","datePublished":"2021-04-06T19:00:53+00:00","breadcrumb":{"@id":"https:\/\/jornaldasoficinas.com\/pt\/geracao-millennials-os-novos-clientes-das-oficinas\/#breadcrumb"},"inLanguage":"pt-PT","potentialAction":[{"@type":"ReadAction","target":["https:\/\/jornaldasoficinas.com\/pt\/geracao-millennials-os-novos-clientes-das-oficinas\/"]}]},{"@type":"ImageObject","inLanguage":"pt-PT","@id":"https:\/\/jornaldasoficinas.com\/pt\/geracao-millennials-os-novos-clientes-das-oficinas\/#primaryimage","url":"https:\/\/jornaldasoficinas.com\/pt\/wp-content\/uploads\/2021\/04\/Os-novos-clientes-das-oficinas.jpg","contentUrl":"https:\/\/jornaldasoficinas.com\/pt\/wp-content\/uploads\/2021\/04\/Os-novos-clientes-das-oficinas.jpg","width":1024,"height":581,"caption":"04 - Os-novos-clientes-das-oficinas"},{"@type":"BreadcrumbList","@id":"https:\/\/jornaldasoficinas.com\/pt\/geracao-millennials-os-novos-clientes-das-oficinas\/#breadcrumb","itemListElement":[{"@type":"ListItem","position":1,"name":"In\u00edcio","item":"https:\/\/jornaldasoficinas.com\/pt\/"},{"@type":"ListItem","position":2,"name":"Gera\u00e7\u00e3o Millennials &#8211; Os novos clientes das oficinas"}]},{"@type":"WebSite","@id":"https:\/\/jornaldasoficinas.com\/pt\/#website","url":"https:\/\/jornaldasoficinas.com\/pt\/","name":"Jornal das Oficinas","description":"Jornal independente do Aftermarket Autom\u00f3vel em Portugal","publisher":{"@id":"https:\/\/jornaldasoficinas.com\/pt\/#organization"},"potentialAction":[{"@type":"SearchAction","target":{"@type":"EntryPoint","urlTemplate":"https:\/\/jornaldasoficinas.com\/pt\/?s={search_term_string}"},"query-input":{"@type":"PropertyValueSpecification","valueRequired":true,"valueName":"search_term_string"}}],"inLanguage":"pt-PT"},{"@type":"Organization","@id":"https:\/\/jornaldasoficinas.com\/pt\/#organization","name":"Jornal das Oficinas","url":"https:\/\/jornaldasoficinas.com\/pt\/","logo":{"@type":"ImageObject","inLanguage":"pt-PT","@id":"https:\/\/jornaldasoficinas.com\/pt\/#\/schema\/logo\/image\/","url":"https:\/\/jornaldasoficinas.com\/pt\/wp-content\/uploads\/logoJO-SEO.png","contentUrl":"https:\/\/jornaldasoficinas.com\/pt\/wp-content\/uploads\/logoJO-SEO.png","width":285,"height":450,"caption":"Jornal das Oficinas"},"image":{"@id":"https:\/\/jornaldasoficinas.com\/pt\/#\/schema\/logo\/image\/"},"sameAs":["https:\/\/www.facebook.com\/jornaloficinas","https:\/\/x.com\/jornaloficinas","https:\/\/www.instagram.com\/jornal_oficinas\/","https:\/\/www.linkedin.com\/company\/jornal-das-oficinas\/","https:\/\/www.youtube.com\/channel\/UCbQZBqtcvV-oSQrr7RzINGg"]},{"@type":"Person","@id":"https:\/\/jornaldasoficinas.com\/pt\/#\/schema\/person\/a38eef5de2c41d9e7c9ac10141afddf3","name":"Reda\u00e7\u00e3o JO","image":{"@type":"ImageObject","inLanguage":"pt-PT","@id":"https:\/\/secure.gravatar.com\/avatar\/71f2fa71737ad68a84fea94bc708ddac8ea5b0c4788dc2ad202f3ccb2887742f?s=96&d=wp_user_avatar&r=g","url":"https:\/\/secure.gravatar.com\/avatar\/71f2fa71737ad68a84fea94bc708ddac8ea5b0c4788dc2ad202f3ccb2887742f?s=96&d=wp_user_avatar&r=g","contentUrl":"https:\/\/secure.gravatar.com\/avatar\/71f2fa71737ad68a84fea94bc708ddac8ea5b0c4788dc2ad202f3ccb2887742f?s=96&d=wp_user_avatar&r=g","caption":"Reda\u00e7\u00e3o JO"},"url":"https:\/\/jornaldasoficinas.com\/pt\/author\/joredacao\/"}]}},"_links":{"self":[{"href":"https:\/\/jornaldasoficinas.com\/pt\/wp-json\/wp\/v2\/posts\/19895","targetHints":{"allow":["GET"]}}],"collection":[{"href":"https:\/\/jornaldasoficinas.com\/pt\/wp-json\/wp\/v2\/posts"}],"about":[{"href":"https:\/\/jornaldasoficinas.com\/pt\/wp-json\/wp\/v2\/types\/post"}],"author":[{"embeddable":true,"href":"https:\/\/jornaldasoficinas.com\/pt\/wp-json\/wp\/v2\/users\/15"}],"replies":[{"embeddable":true,"href":"https:\/\/jornaldasoficinas.com\/pt\/wp-json\/wp\/v2\/comments?post=19895"}],"version-history":[{"count":0,"href":"https:\/\/jornaldasoficinas.com\/pt\/wp-json\/wp\/v2\/posts\/19895\/revisions"}],"wp:featuredmedia":[{"embeddable":true,"href":"https:\/\/jornaldasoficinas.com\/pt\/wp-json\/wp\/v2\/media\/19898"}],"wp:attachment":[{"href":"https:\/\/jornaldasoficinas.com\/pt\/wp-json\/wp\/v2\/media?parent=19895"}],"wp:term":[{"taxonomy":"category","embeddable":true,"href":"https:\/\/jornaldasoficinas.com\/pt\/wp-json\/wp\/v2\/categories?post=19895"},{"taxonomy":"post_tag","embeddable":true,"href":"https:\/\/jornaldasoficinas.com\/pt\/wp-json\/wp\/v2\/tags?post=19895"}],"curies":[{"name":"wp","href":"https:\/\/api.w.org\/{rel}","templated":true}]}}