{"id":19933,"date":"2021-04-09T18:00:44","date_gmt":"2021-04-09T17:00:44","guid":{"rendered":"https:\/\/jornaldasoficinas.com\/pt\/?p=19933"},"modified":"2021-04-09T11:50:05","modified_gmt":"2021-04-09T10:50:05","slug":"rodrigo-ferreira-da-silva-reeleito-presidente-da-aran","status":"publish","type":"post","link":"https:\/\/jornaldasoficinas.com\/pt\/rodrigo-ferreira-da-silva-reeleito-presidente-da-aran\/","title":{"rendered":"\u00a0Rodrigo Ferreira da Silva reeleito presidente da ARAN"},"content":{"rendered":"<p><img loading=\"lazy\" decoding=\"async\" class=\"alignnone wp-image-19936 size-full\" src=\"https:\/\/jornaldasoficinas.com\/pt\/wp-content\/uploads\/2021\/04\/Rodrigo-Ferreira-da-Silva.jpeg\" alt=\"04 - Rodrigo-Ferreira-da-Silva\" width=\"1024\" height=\"581\" srcset=\"https:\/\/jornaldasoficinas.com\/pt\/wp-content\/uploads\/2021\/04\/Rodrigo-Ferreira-da-Silva.jpeg 1024w, https:\/\/jornaldasoficinas.com\/pt\/wp-content\/uploads\/2021\/04\/Rodrigo-Ferreira-da-Silva-300x170.jpeg 300w, https:\/\/jornaldasoficinas.com\/pt\/wp-content\/uploads\/2021\/04\/Rodrigo-Ferreira-da-Silva-150x85.jpeg 150w, https:\/\/jornaldasoficinas.com\/pt\/wp-content\/uploads\/2021\/04\/Rodrigo-Ferreira-da-Silva-768x436.jpeg 768w\" sizes=\"auto, (max-width: 1024px) 100vw, 1024px\" \/><\/p>\n<p><strong>Os associados da ARAN &#8211; Associa\u00e7\u00e3o Nacional do Ramo Autom\u00f3vel reelegeram Rodrigo Ferreira da Silva no passado dia 31 de mar\u00e7o para presidente da ARAN. A nova dire\u00e7\u00e3o conduzir\u00e1 o rumo da ARAN at\u00e9 2025.<\/strong><\/p>\n<p>Rodrigo Ferreira da Silva afirma \u201cAgrade\u00e7o a confian\u00e7a de todos os associados, assumindo com responsabilidade o desafio de continuar a fazer crescer a ARAN na defesa do sector. Gostaria ainda de agradecer a todos que foram eleitos o entusiasmo com que aceitaram fazer parte da lista.. E, por \u00faltimo, agradecer a toda a equipa da ARAN o apoio e trabalho nestes quase dois anos.\u201d<\/p>\n<p>Rodrigo Neves Ferreira da Silva nasceu no Porto a 29 de agosto de 1976 (44 anos). Casado e pai de dois filhos, tem mais de 20 anos de experi\u00eancia no setor autom\u00f3vel onde trabalhou em diversas empresas.<\/p>\n<p>Esta \u00e9 a experi\u00eancia profissional, j\u00e1 que a experi\u00eancia de vida mostra que o novo presidente da ARAN nasceu nos autom\u00f3veis, dada a liga\u00e7\u00e3o do seu pai ao setor, que havia fundado a Maiauto em 1972, tendo sido o primeiro concession\u00e1rio autom\u00f3vel do concelho da Maia, com representa\u00e7\u00e3o da Morris, MG e Wosely.<\/p>\n<p>Foi, ent\u00e3o, na Maiauto que Rodrigo Ferreira da Silva come\u00e7ou a trabalhar com o seu pai, em 1999, ap\u00f3s estudar gest\u00e3o de marketing no IPAM e concluir uma p\u00f3s-gradua\u00e7\u00e3o em distribui\u00e7\u00e3o autom\u00f3vel, na Universidade Cat\u00f3lica Portuguesa. Do curriculum vitae consta ainda forma\u00e7\u00e3o na London Business School, em 2005, e na Porto Business School, em 2009.<\/p>\n<p>Desde 2007 que Rodrigo Ferreira da Silva faz parte dos \u00f3rg\u00e3os socias da ARAN. Esteve presente em v\u00e1rias dire\u00e7\u00f5es e no conselho fiscal, estando sempre muito de perto com a atividade da Associa\u00e7\u00e3o.<\/p>\n<p>Presidente da ARAN desde 2019 \u00e9, atualmente, administrador de diversas empresas no setor privado e, desde 2017, vogal do conselho de administra\u00e7\u00e3o do CEPRA (Centro de Forma\u00e7\u00e3o Profissional de Repara\u00e7\u00e3o Autom\u00f3vel) e do CASA (Centro de Arbitragem do setor Autom\u00f3vel).<\/p>\n","protected":false},"excerpt":{"rendered":"<p>Os associados da ARAN &#8211; Associa\u00e7\u00e3o&#8230;<\/p>\n","protected":false},"author":15,"featured_media":19936,"comment_status":"closed","ping_status":"closed","sticky":false,"template":"","format":"standard","meta":{"footnotes":""},"categories":[37],"tags":[136],"class_list":["post-19933","post","type-post","status-publish","format-standard","has-post-thumbnail","hentry","category-mercado","tag-aran"],"yoast_head":"<!-- This site is optimized with the Yoast SEO plugin v27.4 - https:\/\/yoast.com\/product\/yoast-seo-wordpress\/ -->\n<title>\u00a0Rodrigo Ferreira da Silva reeleito presidente da ARAN - Jornal das Oficinas<\/title>\n<meta name=\"robots\" content=\"index, follow, max-snippet:-1, max-image-preview:large, max-video-preview:-1\" \/>\n<link rel=\"canonical\" href=\"https:\/\/jornaldasoficinas.com\/pt\/rodrigo-ferreira-da-silva-reeleito-presidente-da-aran\/\" \/>\n<meta property=\"og:locale\" content=\"pt_PT\" \/>\n<meta property=\"og:type\" content=\"article\" \/>\n<meta property=\"og:title\" content=\"\u00a0Rodrigo Ferreira da Silva reeleito presidente da ARAN - Jornal das Oficinas\" \/>\n<meta property=\"og:description\" content=\"Os associados da ARAN &#8211; Associa\u00e7\u00e3o...\" \/>\n<meta property=\"og:url\" content=\"https:\/\/jornaldasoficinas.com\/pt\/rodrigo-ferreira-da-silva-reeleito-presidente-da-aran\/\" \/>\n<meta property=\"og:site_name\" content=\"Jornal das Oficinas\" \/>\n<meta property=\"article:publisher\" content=\"https:\/\/www.facebook.com\/jornaloficinas\" \/>\n<meta property=\"article:published_time\" content=\"2021-04-09T17:00:44+00:00\" \/>\n<meta property=\"og:image\" content=\"https:\/\/jornaldasoficinas.com\/pt\/wp-content\/uploads\/2021\/04\/Rodrigo-Ferreira-da-Silva.jpeg\" \/>\n\t<meta property=\"og:image:width\" content=\"1024\" \/>\n\t<meta property=\"og:image:height\" content=\"581\" \/>\n\t<meta property=\"og:image:type\" content=\"image\/jpeg\" \/>\n<meta name=\"author\" content=\"Reda\u00e7\u00e3o JO\" \/>\n<meta name=\"twitter:card\" content=\"summary_large_image\" \/>\n<meta name=\"twitter:creator\" content=\"@jornaloficinas\" \/>\n<meta name=\"twitter:site\" content=\"@jornaloficinas\" \/>\n<meta name=\"twitter:label1\" content=\"Escrito por\" \/>\n\t<meta name=\"twitter:data1\" content=\"Reda\u00e7\u00e3o JO\" \/>\n\t<meta name=\"twitter:label2\" content=\"Tempo estimado de leitura\" \/>\n\t<meta name=\"twitter:data2\" content=\"2 minutos\" \/>\n<script type=\"application\/ld+json\" class=\"yoast-schema-graph\">{\"@context\":\"https:\\\/\\\/schema.org\",\"@graph\":[{\"@type\":\"Article\",\"@id\":\"https:\\\/\\\/jornaldasoficinas.com\\\/pt\\\/rodrigo-ferreira-da-silva-reeleito-presidente-da-aran\\\/#article\",\"isPartOf\":{\"@id\":\"https:\\\/\\\/jornaldasoficinas.com\\\/pt\\\/rodrigo-ferreira-da-silva-reeleito-presidente-da-aran\\\/\"},\"author\":{\"name\":\"Reda\u00e7\u00e3o JO\",\"@id\":\"https:\\\/\\\/jornaldasoficinas.com\\\/pt\\\/#\\\/schema\\\/person\\\/a38eef5de2c41d9e7c9ac10141afddf3\"},\"headline\":\"\u00a0Rodrigo Ferreira da Silva reeleito presidente da ARAN\",\"datePublished\":\"2021-04-09T17:00:44+00:00\",\"mainEntityOfPage\":{\"@id\":\"https:\\\/\\\/jornaldasoficinas.com\\\/pt\\\/rodrigo-ferreira-da-silva-reeleito-presidente-da-aran\\\/\"},\"wordCount\":344,\"publisher\":{\"@id\":\"https:\\\/\\\/jornaldasoficinas.com\\\/pt\\\/#organization\"},\"image\":{\"@id\":\"https:\\\/\\\/jornaldasoficinas.com\\\/pt\\\/rodrigo-ferreira-da-silva-reeleito-presidente-da-aran\\\/#primaryimage\"},\"thumbnailUrl\":\"https:\\\/\\\/jornaldasoficinas.com\\\/pt\\\/wp-content\\\/uploads\\\/2021\\\/04\\\/Rodrigo-Ferreira-da-Silva.jpeg\",\"keywords\":[\"ARAN\"],\"articleSection\":[\"Mercado\"],\"inLanguage\":\"pt-PT\"},{\"@type\":\"WebPage\",\"@id\":\"https:\\\/\\\/jornaldasoficinas.com\\\/pt\\\/rodrigo-ferreira-da-silva-reeleito-presidente-da-aran\\\/\",\"url\":\"https:\\\/\\\/jornaldasoficinas.com\\\/pt\\\/rodrigo-ferreira-da-silva-reeleito-presidente-da-aran\\\/\",\"name\":\"\u00a0Rodrigo Ferreira da Silva reeleito presidente da ARAN - Jornal das Oficinas\",\"isPartOf\":{\"@id\":\"https:\\\/\\\/jornaldasoficinas.com\\\/pt\\\/#website\"},\"primaryImageOfPage\":{\"@id\":\"https:\\\/\\\/jornaldasoficinas.com\\\/pt\\\/rodrigo-ferreira-da-silva-reeleito-presidente-da-aran\\\/#primaryimage\"},\"image\":{\"@id\":\"https:\\\/\\\/jornaldasoficinas.com\\\/pt\\\/rodrigo-ferreira-da-silva-reeleito-presidente-da-aran\\\/#primaryimage\"},\"thumbnailUrl\":\"https:\\\/\\\/jornaldasoficinas.com\\\/pt\\\/wp-content\\\/uploads\\\/2021\\\/04\\\/Rodrigo-Ferreira-da-Silva.jpeg\",\"datePublished\":\"2021-04-09T17:00:44+00:00\",\"breadcrumb\":{\"@id\":\"https:\\\/\\\/jornaldasoficinas.com\\\/pt\\\/rodrigo-ferreira-da-silva-reeleito-presidente-da-aran\\\/#breadcrumb\"},\"inLanguage\":\"pt-PT\",\"potentialAction\":[{\"@type\":\"ReadAction\",\"target\":[\"https:\\\/\\\/jornaldasoficinas.com\\\/pt\\\/rodrigo-ferreira-da-silva-reeleito-presidente-da-aran\\\/\"]}]},{\"@type\":\"ImageObject\",\"inLanguage\":\"pt-PT\",\"@id\":\"https:\\\/\\\/jornaldasoficinas.com\\\/pt\\\/rodrigo-ferreira-da-silva-reeleito-presidente-da-aran\\\/#primaryimage\",\"url\":\"https:\\\/\\\/jornaldasoficinas.com\\\/pt\\\/wp-content\\\/uploads\\\/2021\\\/04\\\/Rodrigo-Ferreira-da-Silva.jpeg\",\"contentUrl\":\"https:\\\/\\\/jornaldasoficinas.com\\\/pt\\\/wp-content\\\/uploads\\\/2021\\\/04\\\/Rodrigo-Ferreira-da-Silva.jpeg\",\"width\":1024,\"height\":581,\"caption\":\"04 - Rodrigo-Ferreira-da-Silva\"},{\"@type\":\"BreadcrumbList\",\"@id\":\"https:\\\/\\\/jornaldasoficinas.com\\\/pt\\\/rodrigo-ferreira-da-silva-reeleito-presidente-da-aran\\\/#breadcrumb\",\"itemListElement\":[{\"@type\":\"ListItem\",\"position\":1,\"name\":\"In\u00edcio\",\"item\":\"https:\\\/\\\/jornaldasoficinas.com\\\/pt\\\/\"},{\"@type\":\"ListItem\",\"position\":2,\"name\":\"\u00a0Rodrigo Ferreira da Silva reeleito presidente da ARAN\"}]},{\"@type\":\"WebSite\",\"@id\":\"https:\\\/\\\/jornaldasoficinas.com\\\/pt\\\/#website\",\"url\":\"https:\\\/\\\/jornaldasoficinas.com\\\/pt\\\/\",\"name\":\"Jornal das Oficinas\",\"description\":\"Jornal independente do Aftermarket Autom\u00f3vel em Portugal\",\"publisher\":{\"@id\":\"https:\\\/\\\/jornaldasoficinas.com\\\/pt\\\/#organization\"},\"potentialAction\":[{\"@type\":\"SearchAction\",\"target\":{\"@type\":\"EntryPoint\",\"urlTemplate\":\"https:\\\/\\\/jornaldasoficinas.com\\\/pt\\\/?s={search_term_string}\"},\"query-input\":{\"@type\":\"PropertyValueSpecification\",\"valueRequired\":true,\"valueName\":\"search_term_string\"}}],\"inLanguage\":\"pt-PT\"},{\"@type\":\"Organization\",\"@id\":\"https:\\\/\\\/jornaldasoficinas.com\\\/pt\\\/#organization\",\"name\":\"Jornal das Oficinas\",\"url\":\"https:\\\/\\\/jornaldasoficinas.com\\\/pt\\\/\",\"logo\":{\"@type\":\"ImageObject\",\"inLanguage\":\"pt-PT\",\"@id\":\"https:\\\/\\\/jornaldasoficinas.com\\\/pt\\\/#\\\/schema\\\/logo\\\/image\\\/\",\"url\":\"https:\\\/\\\/jornaldasoficinas.com\\\/pt\\\/wp-content\\\/uploads\\\/logoJO-SEO.png\",\"contentUrl\":\"https:\\\/\\\/jornaldasoficinas.com\\\/pt\\\/wp-content\\\/uploads\\\/logoJO-SEO.png\",\"width\":285,\"height\":450,\"caption\":\"Jornal das Oficinas\"},\"image\":{\"@id\":\"https:\\\/\\\/jornaldasoficinas.com\\\/pt\\\/#\\\/schema\\\/logo\\\/image\\\/\"},\"sameAs\":[\"https:\\\/\\\/www.facebook.com\\\/jornaloficinas\",\"https:\\\/\\\/x.com\\\/jornaloficinas\",\"https:\\\/\\\/www.instagram.com\\\/jornal_oficinas\\\/\",\"https:\\\/\\\/www.linkedin.com\\\/company\\\/jornal-das-oficinas\\\/\",\"https:\\\/\\\/www.youtube.com\\\/channel\\\/UCbQZBqtcvV-oSQrr7RzINGg\"]},{\"@type\":\"Person\",\"@id\":\"https:\\\/\\\/jornaldasoficinas.com\\\/pt\\\/#\\\/schema\\\/person\\\/a38eef5de2c41d9e7c9ac10141afddf3\",\"name\":\"Reda\u00e7\u00e3o JO\",\"image\":{\"@type\":\"ImageObject\",\"inLanguage\":\"pt-PT\",\"@id\":\"https:\\\/\\\/secure.gravatar.com\\\/avatar\\\/71f2fa71737ad68a84fea94bc708ddac8ea5b0c4788dc2ad202f3ccb2887742f?s=96&d=wp_user_avatar&r=g\",\"url\":\"https:\\\/\\\/secure.gravatar.com\\\/avatar\\\/71f2fa71737ad68a84fea94bc708ddac8ea5b0c4788dc2ad202f3ccb2887742f?s=96&d=wp_user_avatar&r=g\",\"contentUrl\":\"https:\\\/\\\/secure.gravatar.com\\\/avatar\\\/71f2fa71737ad68a84fea94bc708ddac8ea5b0c4788dc2ad202f3ccb2887742f?s=96&d=wp_user_avatar&r=g\",\"caption\":\"Reda\u00e7\u00e3o JO\"},\"url\":\"https:\\\/\\\/jornaldasoficinas.com\\\/pt\\\/author\\\/joredacao\\\/\"}]}<\/script>\n<!-- \/ Yoast SEO plugin. -->","yoast_head_json":{"title":"\u00a0Rodrigo Ferreira da Silva reeleito presidente da ARAN - Jornal das Oficinas","robots":{"index":"index","follow":"follow","max-snippet":"max-snippet:-1","max-image-preview":"max-image-preview:large","max-video-preview":"max-video-preview:-1"},"canonical":"https:\/\/jornaldasoficinas.com\/pt\/rodrigo-ferreira-da-silva-reeleito-presidente-da-aran\/","og_locale":"pt_PT","og_type":"article","og_title":"\u00a0Rodrigo Ferreira da Silva reeleito presidente da ARAN - Jornal das Oficinas","og_description":"Os associados da ARAN &#8211; Associa\u00e7\u00e3o...","og_url":"https:\/\/jornaldasoficinas.com\/pt\/rodrigo-ferreira-da-silva-reeleito-presidente-da-aran\/","og_site_name":"Jornal das Oficinas","article_publisher":"https:\/\/www.facebook.com\/jornaloficinas","article_published_time":"2021-04-09T17:00:44+00:00","og_image":[{"width":1024,"height":581,"url":"https:\/\/jornaldasoficinas.com\/pt\/wp-content\/uploads\/2021\/04\/Rodrigo-Ferreira-da-Silva.jpeg","type":"image\/jpeg"}],"author":"Reda\u00e7\u00e3o JO","twitter_card":"summary_large_image","twitter_creator":"@jornaloficinas","twitter_site":"@jornaloficinas","twitter_misc":{"Escrito por":"Reda\u00e7\u00e3o JO","Tempo estimado de leitura":"2 minutos"},"schema":{"@context":"https:\/\/schema.org","@graph":[{"@type":"Article","@id":"https:\/\/jornaldasoficinas.com\/pt\/rodrigo-ferreira-da-silva-reeleito-presidente-da-aran\/#article","isPartOf":{"@id":"https:\/\/jornaldasoficinas.com\/pt\/rodrigo-ferreira-da-silva-reeleito-presidente-da-aran\/"},"author":{"name":"Reda\u00e7\u00e3o JO","@id":"https:\/\/jornaldasoficinas.com\/pt\/#\/schema\/person\/a38eef5de2c41d9e7c9ac10141afddf3"},"headline":"\u00a0Rodrigo Ferreira da Silva reeleito presidente da ARAN","datePublished":"2021-04-09T17:00:44+00:00","mainEntityOfPage":{"@id":"https:\/\/jornaldasoficinas.com\/pt\/rodrigo-ferreira-da-silva-reeleito-presidente-da-aran\/"},"wordCount":344,"publisher":{"@id":"https:\/\/jornaldasoficinas.com\/pt\/#organization"},"image":{"@id":"https:\/\/jornaldasoficinas.com\/pt\/rodrigo-ferreira-da-silva-reeleito-presidente-da-aran\/#primaryimage"},"thumbnailUrl":"https:\/\/jornaldasoficinas.com\/pt\/wp-content\/uploads\/2021\/04\/Rodrigo-Ferreira-da-Silva.jpeg","keywords":["ARAN"],"articleSection":["Mercado"],"inLanguage":"pt-PT"},{"@type":"WebPage","@id":"https:\/\/jornaldasoficinas.com\/pt\/rodrigo-ferreira-da-silva-reeleito-presidente-da-aran\/","url":"https:\/\/jornaldasoficinas.com\/pt\/rodrigo-ferreira-da-silva-reeleito-presidente-da-aran\/","name":"\u00a0Rodrigo Ferreira da Silva reeleito presidente da ARAN - Jornal das Oficinas","isPartOf":{"@id":"https:\/\/jornaldasoficinas.com\/pt\/#website"},"primaryImageOfPage":{"@id":"https:\/\/jornaldasoficinas.com\/pt\/rodrigo-ferreira-da-silva-reeleito-presidente-da-aran\/#primaryimage"},"image":{"@id":"https:\/\/jornaldasoficinas.com\/pt\/rodrigo-ferreira-da-silva-reeleito-presidente-da-aran\/#primaryimage"},"thumbnailUrl":"https:\/\/jornaldasoficinas.com\/pt\/wp-content\/uploads\/2021\/04\/Rodrigo-Ferreira-da-Silva.jpeg","datePublished":"2021-04-09T17:00:44+00:00","breadcrumb":{"@id":"https:\/\/jornaldasoficinas.com\/pt\/rodrigo-ferreira-da-silva-reeleito-presidente-da-aran\/#breadcrumb"},"inLanguage":"pt-PT","potentialAction":[{"@type":"ReadAction","target":["https:\/\/jornaldasoficinas.com\/pt\/rodrigo-ferreira-da-silva-reeleito-presidente-da-aran\/"]}]},{"@type":"ImageObject","inLanguage":"pt-PT","@id":"https:\/\/jornaldasoficinas.com\/pt\/rodrigo-ferreira-da-silva-reeleito-presidente-da-aran\/#primaryimage","url":"https:\/\/jornaldasoficinas.com\/pt\/wp-content\/uploads\/2021\/04\/Rodrigo-Ferreira-da-Silva.jpeg","contentUrl":"https:\/\/jornaldasoficinas.com\/pt\/wp-content\/uploads\/2021\/04\/Rodrigo-Ferreira-da-Silva.jpeg","width":1024,"height":581,"caption":"04 - Rodrigo-Ferreira-da-Silva"},{"@type":"BreadcrumbList","@id":"https:\/\/jornaldasoficinas.com\/pt\/rodrigo-ferreira-da-silva-reeleito-presidente-da-aran\/#breadcrumb","itemListElement":[{"@type":"ListItem","position":1,"name":"In\u00edcio","item":"https:\/\/jornaldasoficinas.com\/pt\/"},{"@type":"ListItem","position":2,"name":"\u00a0Rodrigo Ferreira da Silva reeleito presidente da ARAN"}]},{"@type":"WebSite","@id":"https:\/\/jornaldasoficinas.com\/pt\/#website","url":"https:\/\/jornaldasoficinas.com\/pt\/","name":"Jornal das Oficinas","description":"Jornal independente do Aftermarket Autom\u00f3vel em Portugal","publisher":{"@id":"https:\/\/jornaldasoficinas.com\/pt\/#organization"},"potentialAction":[{"@type":"SearchAction","target":{"@type":"EntryPoint","urlTemplate":"https:\/\/jornaldasoficinas.com\/pt\/?s={search_term_string}"},"query-input":{"@type":"PropertyValueSpecification","valueRequired":true,"valueName":"search_term_string"}}],"inLanguage":"pt-PT"},{"@type":"Organization","@id":"https:\/\/jornaldasoficinas.com\/pt\/#organization","name":"Jornal das Oficinas","url":"https:\/\/jornaldasoficinas.com\/pt\/","logo":{"@type":"ImageObject","inLanguage":"pt-PT","@id":"https:\/\/jornaldasoficinas.com\/pt\/#\/schema\/logo\/image\/","url":"https:\/\/jornaldasoficinas.com\/pt\/wp-content\/uploads\/logoJO-SEO.png","contentUrl":"https:\/\/jornaldasoficinas.com\/pt\/wp-content\/uploads\/logoJO-SEO.png","width":285,"height":450,"caption":"Jornal das Oficinas"},"image":{"@id":"https:\/\/jornaldasoficinas.com\/pt\/#\/schema\/logo\/image\/"},"sameAs":["https:\/\/www.facebook.com\/jornaloficinas","https:\/\/x.com\/jornaloficinas","https:\/\/www.instagram.com\/jornal_oficinas\/","https:\/\/www.linkedin.com\/company\/jornal-das-oficinas\/","https:\/\/www.youtube.com\/channel\/UCbQZBqtcvV-oSQrr7RzINGg"]},{"@type":"Person","@id":"https:\/\/jornaldasoficinas.com\/pt\/#\/schema\/person\/a38eef5de2c41d9e7c9ac10141afddf3","name":"Reda\u00e7\u00e3o JO","image":{"@type":"ImageObject","inLanguage":"pt-PT","@id":"https:\/\/secure.gravatar.com\/avatar\/71f2fa71737ad68a84fea94bc708ddac8ea5b0c4788dc2ad202f3ccb2887742f?s=96&d=wp_user_avatar&r=g","url":"https:\/\/secure.gravatar.com\/avatar\/71f2fa71737ad68a84fea94bc708ddac8ea5b0c4788dc2ad202f3ccb2887742f?s=96&d=wp_user_avatar&r=g","contentUrl":"https:\/\/secure.gravatar.com\/avatar\/71f2fa71737ad68a84fea94bc708ddac8ea5b0c4788dc2ad202f3ccb2887742f?s=96&d=wp_user_avatar&r=g","caption":"Reda\u00e7\u00e3o JO"},"url":"https:\/\/jornaldasoficinas.com\/pt\/author\/joredacao\/"}]}},"_links":{"self":[{"href":"https:\/\/jornaldasoficinas.com\/pt\/wp-json\/wp\/v2\/posts\/19933","targetHints":{"allow":["GET"]}}],"collection":[{"href":"https:\/\/jornaldasoficinas.com\/pt\/wp-json\/wp\/v2\/posts"}],"about":[{"href":"https:\/\/jornaldasoficinas.com\/pt\/wp-json\/wp\/v2\/types\/post"}],"author":[{"embeddable":true,"href":"https:\/\/jornaldasoficinas.com\/pt\/wp-json\/wp\/v2\/users\/15"}],"replies":[{"embeddable":true,"href":"https:\/\/jornaldasoficinas.com\/pt\/wp-json\/wp\/v2\/comments?post=19933"}],"version-history":[{"count":0,"href":"https:\/\/jornaldasoficinas.com\/pt\/wp-json\/wp\/v2\/posts\/19933\/revisions"}],"wp:featuredmedia":[{"embeddable":true,"href":"https:\/\/jornaldasoficinas.com\/pt\/wp-json\/wp\/v2\/media\/19936"}],"wp:attachment":[{"href":"https:\/\/jornaldasoficinas.com\/pt\/wp-json\/wp\/v2\/media?parent=19933"}],"wp:term":[{"taxonomy":"category","embeddable":true,"href":"https:\/\/jornaldasoficinas.com\/pt\/wp-json\/wp\/v2\/categories?post=19933"},{"taxonomy":"post_tag","embeddable":true,"href":"https:\/\/jornaldasoficinas.com\/pt\/wp-json\/wp\/v2\/tags?post=19933"}],"curies":[{"name":"wp","href":"https:\/\/api.w.org\/{rel}","templated":true}]}}