{"id":20025,"date":"2021-04-14T16:00:34","date_gmt":"2021-04-14T15:00:34","guid":{"rendered":"https:\/\/jornaldasoficinas.com\/pt\/?p=20025"},"modified":"2021-04-16T16:52:38","modified_gmt":"2021-04-16T15:52:38","slug":"oficinas-orbita-cepsa-com-forte-presenca-no-territorio-nacional","status":"publish","type":"post","link":"https:\/\/jornaldasoficinas.com\/pt\/oficinas-orbita-cepsa-com-forte-presenca-no-territorio-nacional\/","title":{"rendered":"Oficinas \u00d3rbita Cepsa com forte presen\u00e7a no territ\u00f3rio nacional"},"content":{"rendered":"<p><strong><img loading=\"lazy\" decoding=\"async\" class=\"alignnone wp-image-20053 size-full\" src=\"https:\/\/jornaldasoficinas.com\/pt\/wp-content\/uploads\/2021\/04\/AF-lona-EMBALAGEM-250x120-1.png\" alt=\"04 - AF-lona-EMBALAGEM-250x120-1\" width=\"1024\" height=\"581\" srcset=\"https:\/\/jornaldasoficinas.com\/pt\/wp-content\/uploads\/2021\/04\/AF-lona-EMBALAGEM-250x120-1.png 1024w, https:\/\/jornaldasoficinas.com\/pt\/wp-content\/uploads\/2021\/04\/AF-lona-EMBALAGEM-250x120-1-300x170.png 300w, https:\/\/jornaldasoficinas.com\/pt\/wp-content\/uploads\/2021\/04\/AF-lona-EMBALAGEM-250x120-1-150x85.png 150w, https:\/\/jornaldasoficinas.com\/pt\/wp-content\/uploads\/2021\/04\/AF-lona-EMBALAGEM-250x120-1-768x436.png 768w\" sizes=\"auto, (max-width: 1024px) 100vw, 1024px\" \/><\/strong><\/p>\n<p><strong>S\u00e3o j\u00e1 cerca de 30 as Oficinas \u00d3rbita Cepsa, a funcionar em Portugal, a maioria localizada na Grande Lisboa e no Grande Porto, mas a rede continua a expandir-se, estando presente de norte a sul do pa\u00eds e tamb\u00e9m no arquip\u00e9lago dos A\u00e7ores.<\/strong><\/p>\n<p>Atrav\u00e9s deste projeto, a Cepsa e as oficinas aderentes, colocam ao dispor do Cliente final um conjunto de oficinas aut\u00f3nomas, de repara\u00e7\u00e3o e manuten\u00e7\u00e3o autom\u00f3vel, com profissionais qualificados e em continua forma\u00e7\u00e3o, especialistas em diagn\u00f3stico, lubrifica\u00e7\u00e3o, pneus e mec\u00e2nica, que garantem um atendimento personalizado.<\/p>\n<p>A rede de \u201cOficinas \u00d3rbita\u201d \u00e9 muito mais que um conjunto de estabelecimentos dedicados \u00e0 repara\u00e7\u00e3o e \u00e0 manuten\u00e7\u00e3o de autom\u00f3veis, pois t\u00eam agregado um programa de fideliza\u00e7\u00e3o da Cepsa para oficinas independentes, que adquirirem lubrificantes Cepsa, sendo variados os benef\u00edcios para as mesmas, onde se inclui merchandising de design exclusivo, aliado \u00e0 m\u00e1xima visibilidade para cada estabelecimento aderente, que fica inclu\u00eddo no sistema de pesquisa de oficinas, tanto do website como da nova app da Cepsa;<\/p>\n<p>Est\u00e1 igualmente garantida, por parte da Cepsa, forma\u00e7\u00e3o cont\u00ednua e assessoria t\u00e9cnica, estando asseguradas &#8220;sess\u00f5es formativas&#8221; peri\u00f3dicas e assessoria sempre que necess\u00e1rio, com o objetivo de se prestar o melhor servi\u00e7o aos Clientes.<\/p>\n<p>A rede de Oficinas \u00d3rbita conta com mais de 470 estabelecimentos, em Portugal, Espanha, Andorra e Gibraltar, que garantem um conjunto vasto de servi\u00e7os:<\/p>\n<ul>\n<li>Mudan\u00e7a de \u00f3leos \u2013 filtros;<\/li>\n<li>Repara\u00e7\u00e3o geral do ve\u00edculo;<\/li>\n<li>Eletr\u00f3nica e diagn\u00f3stico do ve\u00edculo;<\/li>\n<li>Mec\u00e2nica multimarca;<\/li>\n<li>Montagem e verifica\u00e7\u00e3o do estado dos pneus;<\/li>\n<li>Verifica\u00e7\u00e3o pr\u00e9-inspe\u00e7\u00e3o.<\/li>\n<\/ul>\n<p>A rede pode ser consultada <strong><a href=\"https:\/\/pertodesi.cepsa.com\/\" target=\"_blank\" rel=\"noopener\">aqui<\/a><\/strong> ou atrav\u00e9s da App da Cepsa, meios que permitem ao cliente aceder de forma c\u00e9lere e simples \u00e0 oficina que lhe for mais conveniente.<\/p>\n","protected":false},"excerpt":{"rendered":"<p>S\u00e3o j\u00e1 cerca de 30 as&#8230;<\/p>\n","protected":false},"author":15,"featured_media":20053,"comment_status":"closed","ping_status":"closed","sticky":false,"template":"","format":"standard","meta":{"footnotes":""},"categories":[29],"tags":[199,2574],"class_list":["post-20025","post","type-post","status-publish","format-standard","has-post-thumbnail","hentry","category-empresas","tag-cepsa","tag-orbita"],"yoast_head":"<!-- This site is optimized with the Yoast SEO plugin v27.4 - https:\/\/yoast.com\/product\/yoast-seo-wordpress\/ -->\n<title>Oficinas \u00d3rbita Cepsa com forte presen\u00e7a no territ\u00f3rio nacional - Jornal das Oficinas<\/title>\n<meta name=\"robots\" content=\"index, follow, max-snippet:-1, max-image-preview:large, max-video-preview:-1\" \/>\n<link rel=\"canonical\" href=\"https:\/\/jornaldasoficinas.com\/pt\/oficinas-orbita-cepsa-com-forte-presenca-no-territorio-nacional\/\" \/>\n<meta property=\"og:locale\" content=\"pt_PT\" \/>\n<meta property=\"og:type\" content=\"article\" \/>\n<meta property=\"og:title\" content=\"Oficinas \u00d3rbita Cepsa com forte presen\u00e7a no territ\u00f3rio nacional - Jornal das Oficinas\" \/>\n<meta property=\"og:description\" content=\"S\u00e3o j\u00e1 cerca de 30 as...\" \/>\n<meta property=\"og:url\" content=\"https:\/\/jornaldasoficinas.com\/pt\/oficinas-orbita-cepsa-com-forte-presenca-no-territorio-nacional\/\" \/>\n<meta property=\"og:site_name\" content=\"Jornal das Oficinas\" \/>\n<meta property=\"article:publisher\" content=\"https:\/\/www.facebook.com\/jornaloficinas\" \/>\n<meta property=\"article:published_time\" content=\"2021-04-14T15:00:34+00:00\" \/>\n<meta property=\"article:modified_time\" content=\"2021-04-16T15:52:38+00:00\" \/>\n<meta property=\"og:image\" content=\"https:\/\/jornaldasoficinas.com\/pt\/wp-content\/uploads\/2021\/04\/AF-lona-EMBALAGEM-250x120-1.png\" \/>\n\t<meta property=\"og:image:width\" content=\"1024\" \/>\n\t<meta property=\"og:image:height\" content=\"581\" \/>\n\t<meta property=\"og:image:type\" content=\"image\/png\" \/>\n<meta name=\"author\" content=\"Reda\u00e7\u00e3o JO\" \/>\n<meta name=\"twitter:card\" content=\"summary_large_image\" \/>\n<meta name=\"twitter:creator\" content=\"@jornaloficinas\" \/>\n<meta name=\"twitter:site\" content=\"@jornaloficinas\" \/>\n<meta name=\"twitter:label1\" content=\"Escrito por\" \/>\n\t<meta name=\"twitter:data1\" content=\"Reda\u00e7\u00e3o JO\" \/>\n\t<meta name=\"twitter:label2\" content=\"Tempo estimado de leitura\" \/>\n\t<meta name=\"twitter:data2\" content=\"2 minutos\" \/>\n<script type=\"application\/ld+json\" class=\"yoast-schema-graph\">{\"@context\":\"https:\\\/\\\/schema.org\",\"@graph\":[{\"@type\":\"Article\",\"@id\":\"https:\\\/\\\/jornaldasoficinas.com\\\/pt\\\/oficinas-orbita-cepsa-com-forte-presenca-no-territorio-nacional\\\/#article\",\"isPartOf\":{\"@id\":\"https:\\\/\\\/jornaldasoficinas.com\\\/pt\\\/oficinas-orbita-cepsa-com-forte-presenca-no-territorio-nacional\\\/\"},\"author\":{\"name\":\"Reda\u00e7\u00e3o JO\",\"@id\":\"https:\\\/\\\/jornaldasoficinas.com\\\/pt\\\/#\\\/schema\\\/person\\\/a38eef5de2c41d9e7c9ac10141afddf3\"},\"headline\":\"Oficinas \u00d3rbita Cepsa com forte presen\u00e7a no territ\u00f3rio nacional\",\"datePublished\":\"2021-04-14T15:00:34+00:00\",\"dateModified\":\"2021-04-16T15:52:38+00:00\",\"mainEntityOfPage\":{\"@id\":\"https:\\\/\\\/jornaldasoficinas.com\\\/pt\\\/oficinas-orbita-cepsa-com-forte-presenca-no-territorio-nacional\\\/\"},\"wordCount\":322,\"publisher\":{\"@id\":\"https:\\\/\\\/jornaldasoficinas.com\\\/pt\\\/#organization\"},\"image\":{\"@id\":\"https:\\\/\\\/jornaldasoficinas.com\\\/pt\\\/oficinas-orbita-cepsa-com-forte-presenca-no-territorio-nacional\\\/#primaryimage\"},\"thumbnailUrl\":\"https:\\\/\\\/jornaldasoficinas.com\\\/pt\\\/wp-content\\\/uploads\\\/2021\\\/04\\\/AF-lona-EMBALAGEM-250x120-1.png\",\"keywords\":[\"Cepsa\",\"\u00d3rbita\"],\"articleSection\":[\"Empresas\"],\"inLanguage\":\"pt-PT\"},{\"@type\":\"WebPage\",\"@id\":\"https:\\\/\\\/jornaldasoficinas.com\\\/pt\\\/oficinas-orbita-cepsa-com-forte-presenca-no-territorio-nacional\\\/\",\"url\":\"https:\\\/\\\/jornaldasoficinas.com\\\/pt\\\/oficinas-orbita-cepsa-com-forte-presenca-no-territorio-nacional\\\/\",\"name\":\"Oficinas \u00d3rbita Cepsa com forte presen\u00e7a no territ\u00f3rio nacional - Jornal das Oficinas\",\"isPartOf\":{\"@id\":\"https:\\\/\\\/jornaldasoficinas.com\\\/pt\\\/#website\"},\"primaryImageOfPage\":{\"@id\":\"https:\\\/\\\/jornaldasoficinas.com\\\/pt\\\/oficinas-orbita-cepsa-com-forte-presenca-no-territorio-nacional\\\/#primaryimage\"},\"image\":{\"@id\":\"https:\\\/\\\/jornaldasoficinas.com\\\/pt\\\/oficinas-orbita-cepsa-com-forte-presenca-no-territorio-nacional\\\/#primaryimage\"},\"thumbnailUrl\":\"https:\\\/\\\/jornaldasoficinas.com\\\/pt\\\/wp-content\\\/uploads\\\/2021\\\/04\\\/AF-lona-EMBALAGEM-250x120-1.png\",\"datePublished\":\"2021-04-14T15:00:34+00:00\",\"dateModified\":\"2021-04-16T15:52:38+00:00\",\"breadcrumb\":{\"@id\":\"https:\\\/\\\/jornaldasoficinas.com\\\/pt\\\/oficinas-orbita-cepsa-com-forte-presenca-no-territorio-nacional\\\/#breadcrumb\"},\"inLanguage\":\"pt-PT\",\"potentialAction\":[{\"@type\":\"ReadAction\",\"target\":[\"https:\\\/\\\/jornaldasoficinas.com\\\/pt\\\/oficinas-orbita-cepsa-com-forte-presenca-no-territorio-nacional\\\/\"]}]},{\"@type\":\"ImageObject\",\"inLanguage\":\"pt-PT\",\"@id\":\"https:\\\/\\\/jornaldasoficinas.com\\\/pt\\\/oficinas-orbita-cepsa-com-forte-presenca-no-territorio-nacional\\\/#primaryimage\",\"url\":\"https:\\\/\\\/jornaldasoficinas.com\\\/pt\\\/wp-content\\\/uploads\\\/2021\\\/04\\\/AF-lona-EMBALAGEM-250x120-1.png\",\"contentUrl\":\"https:\\\/\\\/jornaldasoficinas.com\\\/pt\\\/wp-content\\\/uploads\\\/2021\\\/04\\\/AF-lona-EMBALAGEM-250x120-1.png\",\"width\":1024,\"height\":581,\"caption\":\"04 - AF-lona-EMBALAGEM-250x120-1\"},{\"@type\":\"BreadcrumbList\",\"@id\":\"https:\\\/\\\/jornaldasoficinas.com\\\/pt\\\/oficinas-orbita-cepsa-com-forte-presenca-no-territorio-nacional\\\/#breadcrumb\",\"itemListElement\":[{\"@type\":\"ListItem\",\"position\":1,\"name\":\"In\u00edcio\",\"item\":\"https:\\\/\\\/jornaldasoficinas.com\\\/pt\\\/\"},{\"@type\":\"ListItem\",\"position\":2,\"name\":\"Oficinas \u00d3rbita Cepsa com forte presen\u00e7a no territ\u00f3rio nacional\"}]},{\"@type\":\"WebSite\",\"@id\":\"https:\\\/\\\/jornaldasoficinas.com\\\/pt\\\/#website\",\"url\":\"https:\\\/\\\/jornaldasoficinas.com\\\/pt\\\/\",\"name\":\"Jornal das Oficinas\",\"description\":\"Jornal independente do Aftermarket Autom\u00f3vel em Portugal\",\"publisher\":{\"@id\":\"https:\\\/\\\/jornaldasoficinas.com\\\/pt\\\/#organization\"},\"potentialAction\":[{\"@type\":\"SearchAction\",\"target\":{\"@type\":\"EntryPoint\",\"urlTemplate\":\"https:\\\/\\\/jornaldasoficinas.com\\\/pt\\\/?s={search_term_string}\"},\"query-input\":{\"@type\":\"PropertyValueSpecification\",\"valueRequired\":true,\"valueName\":\"search_term_string\"}}],\"inLanguage\":\"pt-PT\"},{\"@type\":\"Organization\",\"@id\":\"https:\\\/\\\/jornaldasoficinas.com\\\/pt\\\/#organization\",\"name\":\"Jornal das Oficinas\",\"url\":\"https:\\\/\\\/jornaldasoficinas.com\\\/pt\\\/\",\"logo\":{\"@type\":\"ImageObject\",\"inLanguage\":\"pt-PT\",\"@id\":\"https:\\\/\\\/jornaldasoficinas.com\\\/pt\\\/#\\\/schema\\\/logo\\\/image\\\/\",\"url\":\"https:\\\/\\\/jornaldasoficinas.com\\\/pt\\\/wp-content\\\/uploads\\\/logoJO-SEO.png\",\"contentUrl\":\"https:\\\/\\\/jornaldasoficinas.com\\\/pt\\\/wp-content\\\/uploads\\\/logoJO-SEO.png\",\"width\":285,\"height\":450,\"caption\":\"Jornal das Oficinas\"},\"image\":{\"@id\":\"https:\\\/\\\/jornaldasoficinas.com\\\/pt\\\/#\\\/schema\\\/logo\\\/image\\\/\"},\"sameAs\":[\"https:\\\/\\\/www.facebook.com\\\/jornaloficinas\",\"https:\\\/\\\/x.com\\\/jornaloficinas\",\"https:\\\/\\\/www.instagram.com\\\/jornal_oficinas\\\/\",\"https:\\\/\\\/www.linkedin.com\\\/company\\\/jornal-das-oficinas\\\/\",\"https:\\\/\\\/www.youtube.com\\\/channel\\\/UCbQZBqtcvV-oSQrr7RzINGg\"]},{\"@type\":\"Person\",\"@id\":\"https:\\\/\\\/jornaldasoficinas.com\\\/pt\\\/#\\\/schema\\\/person\\\/a38eef5de2c41d9e7c9ac10141afddf3\",\"name\":\"Reda\u00e7\u00e3o JO\",\"image\":{\"@type\":\"ImageObject\",\"inLanguage\":\"pt-PT\",\"@id\":\"https:\\\/\\\/secure.gravatar.com\\\/avatar\\\/71f2fa71737ad68a84fea94bc708ddac8ea5b0c4788dc2ad202f3ccb2887742f?s=96&d=wp_user_avatar&r=g\",\"url\":\"https:\\\/\\\/secure.gravatar.com\\\/avatar\\\/71f2fa71737ad68a84fea94bc708ddac8ea5b0c4788dc2ad202f3ccb2887742f?s=96&d=wp_user_avatar&r=g\",\"contentUrl\":\"https:\\\/\\\/secure.gravatar.com\\\/avatar\\\/71f2fa71737ad68a84fea94bc708ddac8ea5b0c4788dc2ad202f3ccb2887742f?s=96&d=wp_user_avatar&r=g\",\"caption\":\"Reda\u00e7\u00e3o JO\"},\"url\":\"https:\\\/\\\/jornaldasoficinas.com\\\/pt\\\/author\\\/joredacao\\\/\"}]}<\/script>\n<!-- \/ Yoast SEO plugin. -->","yoast_head_json":{"title":"Oficinas \u00d3rbita Cepsa com forte presen\u00e7a no territ\u00f3rio nacional - Jornal das Oficinas","robots":{"index":"index","follow":"follow","max-snippet":"max-snippet:-1","max-image-preview":"max-image-preview:large","max-video-preview":"max-video-preview:-1"},"canonical":"https:\/\/jornaldasoficinas.com\/pt\/oficinas-orbita-cepsa-com-forte-presenca-no-territorio-nacional\/","og_locale":"pt_PT","og_type":"article","og_title":"Oficinas \u00d3rbita Cepsa com forte presen\u00e7a no territ\u00f3rio nacional - Jornal das Oficinas","og_description":"S\u00e3o j\u00e1 cerca de 30 as...","og_url":"https:\/\/jornaldasoficinas.com\/pt\/oficinas-orbita-cepsa-com-forte-presenca-no-territorio-nacional\/","og_site_name":"Jornal das Oficinas","article_publisher":"https:\/\/www.facebook.com\/jornaloficinas","article_published_time":"2021-04-14T15:00:34+00:00","article_modified_time":"2021-04-16T15:52:38+00:00","og_image":[{"width":1024,"height":581,"url":"https:\/\/jornaldasoficinas.com\/pt\/wp-content\/uploads\/2021\/04\/AF-lona-EMBALAGEM-250x120-1.png","type":"image\/png"}],"author":"Reda\u00e7\u00e3o JO","twitter_card":"summary_large_image","twitter_creator":"@jornaloficinas","twitter_site":"@jornaloficinas","twitter_misc":{"Escrito por":"Reda\u00e7\u00e3o JO","Tempo estimado de leitura":"2 minutos"},"schema":{"@context":"https:\/\/schema.org","@graph":[{"@type":"Article","@id":"https:\/\/jornaldasoficinas.com\/pt\/oficinas-orbita-cepsa-com-forte-presenca-no-territorio-nacional\/#article","isPartOf":{"@id":"https:\/\/jornaldasoficinas.com\/pt\/oficinas-orbita-cepsa-com-forte-presenca-no-territorio-nacional\/"},"author":{"name":"Reda\u00e7\u00e3o JO","@id":"https:\/\/jornaldasoficinas.com\/pt\/#\/schema\/person\/a38eef5de2c41d9e7c9ac10141afddf3"},"headline":"Oficinas \u00d3rbita Cepsa com forte presen\u00e7a no territ\u00f3rio nacional","datePublished":"2021-04-14T15:00:34+00:00","dateModified":"2021-04-16T15:52:38+00:00","mainEntityOfPage":{"@id":"https:\/\/jornaldasoficinas.com\/pt\/oficinas-orbita-cepsa-com-forte-presenca-no-territorio-nacional\/"},"wordCount":322,"publisher":{"@id":"https:\/\/jornaldasoficinas.com\/pt\/#organization"},"image":{"@id":"https:\/\/jornaldasoficinas.com\/pt\/oficinas-orbita-cepsa-com-forte-presenca-no-territorio-nacional\/#primaryimage"},"thumbnailUrl":"https:\/\/jornaldasoficinas.com\/pt\/wp-content\/uploads\/2021\/04\/AF-lona-EMBALAGEM-250x120-1.png","keywords":["Cepsa","\u00d3rbita"],"articleSection":["Empresas"],"inLanguage":"pt-PT"},{"@type":"WebPage","@id":"https:\/\/jornaldasoficinas.com\/pt\/oficinas-orbita-cepsa-com-forte-presenca-no-territorio-nacional\/","url":"https:\/\/jornaldasoficinas.com\/pt\/oficinas-orbita-cepsa-com-forte-presenca-no-territorio-nacional\/","name":"Oficinas \u00d3rbita Cepsa com forte presen\u00e7a no territ\u00f3rio nacional - Jornal das Oficinas","isPartOf":{"@id":"https:\/\/jornaldasoficinas.com\/pt\/#website"},"primaryImageOfPage":{"@id":"https:\/\/jornaldasoficinas.com\/pt\/oficinas-orbita-cepsa-com-forte-presenca-no-territorio-nacional\/#primaryimage"},"image":{"@id":"https:\/\/jornaldasoficinas.com\/pt\/oficinas-orbita-cepsa-com-forte-presenca-no-territorio-nacional\/#primaryimage"},"thumbnailUrl":"https:\/\/jornaldasoficinas.com\/pt\/wp-content\/uploads\/2021\/04\/AF-lona-EMBALAGEM-250x120-1.png","datePublished":"2021-04-14T15:00:34+00:00","dateModified":"2021-04-16T15:52:38+00:00","breadcrumb":{"@id":"https:\/\/jornaldasoficinas.com\/pt\/oficinas-orbita-cepsa-com-forte-presenca-no-territorio-nacional\/#breadcrumb"},"inLanguage":"pt-PT","potentialAction":[{"@type":"ReadAction","target":["https:\/\/jornaldasoficinas.com\/pt\/oficinas-orbita-cepsa-com-forte-presenca-no-territorio-nacional\/"]}]},{"@type":"ImageObject","inLanguage":"pt-PT","@id":"https:\/\/jornaldasoficinas.com\/pt\/oficinas-orbita-cepsa-com-forte-presenca-no-territorio-nacional\/#primaryimage","url":"https:\/\/jornaldasoficinas.com\/pt\/wp-content\/uploads\/2021\/04\/AF-lona-EMBALAGEM-250x120-1.png","contentUrl":"https:\/\/jornaldasoficinas.com\/pt\/wp-content\/uploads\/2021\/04\/AF-lona-EMBALAGEM-250x120-1.png","width":1024,"height":581,"caption":"04 - AF-lona-EMBALAGEM-250x120-1"},{"@type":"BreadcrumbList","@id":"https:\/\/jornaldasoficinas.com\/pt\/oficinas-orbita-cepsa-com-forte-presenca-no-territorio-nacional\/#breadcrumb","itemListElement":[{"@type":"ListItem","position":1,"name":"In\u00edcio","item":"https:\/\/jornaldasoficinas.com\/pt\/"},{"@type":"ListItem","position":2,"name":"Oficinas \u00d3rbita Cepsa com forte presen\u00e7a no territ\u00f3rio nacional"}]},{"@type":"WebSite","@id":"https:\/\/jornaldasoficinas.com\/pt\/#website","url":"https:\/\/jornaldasoficinas.com\/pt\/","name":"Jornal das Oficinas","description":"Jornal independente do Aftermarket Autom\u00f3vel em Portugal","publisher":{"@id":"https:\/\/jornaldasoficinas.com\/pt\/#organization"},"potentialAction":[{"@type":"SearchAction","target":{"@type":"EntryPoint","urlTemplate":"https:\/\/jornaldasoficinas.com\/pt\/?s={search_term_string}"},"query-input":{"@type":"PropertyValueSpecification","valueRequired":true,"valueName":"search_term_string"}}],"inLanguage":"pt-PT"},{"@type":"Organization","@id":"https:\/\/jornaldasoficinas.com\/pt\/#organization","name":"Jornal das Oficinas","url":"https:\/\/jornaldasoficinas.com\/pt\/","logo":{"@type":"ImageObject","inLanguage":"pt-PT","@id":"https:\/\/jornaldasoficinas.com\/pt\/#\/schema\/logo\/image\/","url":"https:\/\/jornaldasoficinas.com\/pt\/wp-content\/uploads\/logoJO-SEO.png","contentUrl":"https:\/\/jornaldasoficinas.com\/pt\/wp-content\/uploads\/logoJO-SEO.png","width":285,"height":450,"caption":"Jornal das Oficinas"},"image":{"@id":"https:\/\/jornaldasoficinas.com\/pt\/#\/schema\/logo\/image\/"},"sameAs":["https:\/\/www.facebook.com\/jornaloficinas","https:\/\/x.com\/jornaloficinas","https:\/\/www.instagram.com\/jornal_oficinas\/","https:\/\/www.linkedin.com\/company\/jornal-das-oficinas\/","https:\/\/www.youtube.com\/channel\/UCbQZBqtcvV-oSQrr7RzINGg"]},{"@type":"Person","@id":"https:\/\/jornaldasoficinas.com\/pt\/#\/schema\/person\/a38eef5de2c41d9e7c9ac10141afddf3","name":"Reda\u00e7\u00e3o JO","image":{"@type":"ImageObject","inLanguage":"pt-PT","@id":"https:\/\/secure.gravatar.com\/avatar\/71f2fa71737ad68a84fea94bc708ddac8ea5b0c4788dc2ad202f3ccb2887742f?s=96&d=wp_user_avatar&r=g","url":"https:\/\/secure.gravatar.com\/avatar\/71f2fa71737ad68a84fea94bc708ddac8ea5b0c4788dc2ad202f3ccb2887742f?s=96&d=wp_user_avatar&r=g","contentUrl":"https:\/\/secure.gravatar.com\/avatar\/71f2fa71737ad68a84fea94bc708ddac8ea5b0c4788dc2ad202f3ccb2887742f?s=96&d=wp_user_avatar&r=g","caption":"Reda\u00e7\u00e3o JO"},"url":"https:\/\/jornaldasoficinas.com\/pt\/author\/joredacao\/"}]}},"_links":{"self":[{"href":"https:\/\/jornaldasoficinas.com\/pt\/wp-json\/wp\/v2\/posts\/20025","targetHints":{"allow":["GET"]}}],"collection":[{"href":"https:\/\/jornaldasoficinas.com\/pt\/wp-json\/wp\/v2\/posts"}],"about":[{"href":"https:\/\/jornaldasoficinas.com\/pt\/wp-json\/wp\/v2\/types\/post"}],"author":[{"embeddable":true,"href":"https:\/\/jornaldasoficinas.com\/pt\/wp-json\/wp\/v2\/users\/15"}],"replies":[{"embeddable":true,"href":"https:\/\/jornaldasoficinas.com\/pt\/wp-json\/wp\/v2\/comments?post=20025"}],"version-history":[{"count":0,"href":"https:\/\/jornaldasoficinas.com\/pt\/wp-json\/wp\/v2\/posts\/20025\/revisions"}],"wp:featuredmedia":[{"embeddable":true,"href":"https:\/\/jornaldasoficinas.com\/pt\/wp-json\/wp\/v2\/media\/20053"}],"wp:attachment":[{"href":"https:\/\/jornaldasoficinas.com\/pt\/wp-json\/wp\/v2\/media?parent=20025"}],"wp:term":[{"taxonomy":"category","embeddable":true,"href":"https:\/\/jornaldasoficinas.com\/pt\/wp-json\/wp\/v2\/categories?post=20025"},{"taxonomy":"post_tag","embeddable":true,"href":"https:\/\/jornaldasoficinas.com\/pt\/wp-json\/wp\/v2\/tags?post=20025"}],"curies":[{"name":"wp","href":"https:\/\/api.w.org\/{rel}","templated":true}]}}