{"id":20199,"date":"2021-04-17T08:00:28","date_gmt":"2021-04-17T07:00:28","guid":{"rendered":"https:\/\/jornaldasoficinas.com\/pt\/?p=20199"},"modified":"2023-07-19T13:26:31","modified_gmt":"2023-07-19T12:26:31","slug":"a-nova-normalidade-no-trabalho-antonieta-loureiro-osram","status":"publish","type":"post","link":"https:\/\/jornaldasoficinas.com\/pt\/a-nova-normalidade-no-trabalho-antonieta-loureiro-osram\/","title":{"rendered":"A \u201cnova normalidade\u201d no trabalho, Antonieta Loureiro, Osram"},"content":{"rendered":"<p><img loading=\"lazy\" decoding=\"async\" class=\"alignleft wp-image-20196\" src=\"https:\/\/jornaldasoficinas.com\/pt\/wp-content\/uploads\/2021\/04\/Antonieta_Loureiro_JO-300x170.jpeg\" alt=\"04 - Antonieta_Loureiro_JO\" width=\"501\" height=\"284\" srcset=\"https:\/\/jornaldasoficinas.com\/pt\/wp-content\/uploads\/2021\/04\/Antonieta_Loureiro_JO-300x170.jpeg 300w, https:\/\/jornaldasoficinas.com\/pt\/wp-content\/uploads\/2021\/04\/Antonieta_Loureiro_JO-1024x581.jpeg 1024w, https:\/\/jornaldasoficinas.com\/pt\/wp-content\/uploads\/2021\/04\/Antonieta_Loureiro_JO-150x85.jpeg 150w, https:\/\/jornaldasoficinas.com\/pt\/wp-content\/uploads\/2021\/04\/Antonieta_Loureiro_JO-768x436.jpeg 768w, https:\/\/jornaldasoficinas.com\/pt\/wp-content\/uploads\/2021\/04\/Antonieta_Loureiro_JO-1536x872.jpeg 1536w, https:\/\/jornaldasoficinas.com\/pt\/wp-content\/uploads\/2021\/04\/Antonieta_Loureiro_JO.jpeg 1920w\" sizes=\"auto, (max-width: 501px) 100vw, 501px\" \/><strong>\u00a0<\/strong><strong>Ao estarmos a completar um ano de pandemia, parece-me interessante falar um pouco sobre esta \u201cnova normalidade\u201d que estamos a viver. <\/strong><\/p>\n<p>Que muita coisa vai mudar, j\u00e1 todos sabemos! Mas em concreto, como \u00e9 que essa mudan\u00e7a vai afetar a nossa vida profissional?<\/p>\n<p>Eu gostaria de aproveitar esta oportunidade para partilhar a minha opini\u00e3o sobre a forma como teremos de encarar este \u201c<em>new work<\/em>\u201c ou \u201cnova normalidade no trabalho\u201d.<\/p>\n<p>Talvez come\u00e7ando pelo escrit\u00f3rio, penso que nas fun\u00e7\u00f5es onde for poss\u00edvel o trabalho atrav\u00e9s de casa, o modelo h\u00edbrido vai sair vencedor. Este oferece vantagens ao empregador, pois poder\u00e1 reduzir a \u00e1rea de escrit\u00f3rio dispon\u00edvel, e, por conseguinte, reduzir alguns custos fixos, como tamb\u00e9m oferece ao colaborador a vantagem de uma gest\u00e3o diferente do seu tempo.<\/p>\n<blockquote><p>O equil\u00edbrio entre a vida profissional e a vida privada tem que ser promovido e valorizado pela empresa e tem que ser vivido e desenvolvido por cada colaborador<\/p><\/blockquote>\n<p>Importante \u00e9, que \u00e9 responsabilidade do empregador garantir que estes colaboradores em modelo h\u00edbrido tenham as melhores condi\u00e7\u00f5es poss\u00edveis de trabalho quando est\u00e3o em outro local de trabalho que n\u00e3o o escrit\u00f3rio. E aqui n\u00e3o me refiro somente a algumas altera\u00e7\u00f5es na legisla\u00e7\u00e3o que poder\u00e3o existir, como por exemplo, de obriga\u00e7\u00e3o do empregador a comparticipar algumas despesas como \u00e1gua, luz, etc., mas \u00e9 crucial, e a meu ver mais importante, que o empregador garanta que o seu colaborador tenha bem claro algumas regras muito importantes para manter a sa\u00fade e a produtividade em teletrabalho. Para que tal aconte\u00e7a a informa\u00e7\u00e3o, a forma\u00e7\u00e3o e a monitoriza\u00e7\u00e3o s\u00e3o fundamentais.<\/p>\n<p>Tamb\u00e9m para os colaboradores que n\u00e3o v\u00e3o ser afetados por este modelo h\u00edbrido h\u00e1 que auxili\u00e1-los na transi\u00e7\u00e3o para esta nova realidade e dedicar-lhes tamb\u00e9m uma especial aten\u00e7\u00e3o e acompanhamento.<\/p>\n<p>Inevitavelmente com as empresas a trabalharem desta forma a digitaliza\u00e7\u00e3o \u00e9 imperativa. E aqui os desafios ser\u00e3o ainda maiores para os gestores das empresas. Como lidar com colaboradores em situa\u00e7\u00e3o h\u00edbrida e em situa\u00e7\u00e3o presencial? Como atingir a Miss\u00e3o e a Vis\u00e3o da empresa com esta nova realidade?<\/p>\n<p>Pegando na m\u00e1xima verdadeira de que as pessoas fazem as empresas e n\u00e3o o contr\u00e1rio, agora ser\u00e1 a altura certa para pensar em informa\u00e7\u00e3o e forma\u00e7\u00e3o sobre temas como a adapta\u00e7\u00e3o \u00e0 mudan\u00e7a, a digitaliza\u00e7\u00e3o, a comunica\u00e7\u00e3o positiva, entre outros, dependendo, claro, das necessidades de cada empresa.<\/p>\n<p>Por fim, mas igualmente importante gostaria tamb\u00e9m de abordar aqui o equil\u00edbrio entre a vida profissional e a vida privada. Este equil\u00edbrio tem que ser promovido e valorizado pela empresa e tem que ser vivido e desenvolvido por cada colaborador. Desta forma estaremos, por exemplo, a construir uma empresa com colaboradores prontos para um ambiente de trabalho din\u00e2mico e flex\u00edvel, onde o fator comum \u00e9 o cumprimento das metas a que a empresa se prop\u00f5e. Esta situa\u00e7\u00e3o de equil\u00edbrio\u00a0ser\u00e1 obviamente ben\u00e9fica tamb\u00e9m para a sociedade e para a comunidade onde as pessoas e as empresas se incluem.<\/p>\n<p>O futuro ser\u00e1 diferente e trar\u00e1 muitas e novas oportunidades para todos. Mas teremos todos, e cada um em particular, que contribuir com um esp\u00edrito recetivo e aberto para que essa mudan\u00e7a ocorra e que traga \u201cLUZ\u201d para todos!<\/p>\n<p>&nbsp;<\/p>\n<p>&nbsp;<\/p>\n","protected":false},"excerpt":{"rendered":"<p>\u00a0Ao estarmos a completar um ano&#8230;<\/p>\n","protected":false},"author":15,"featured_media":20196,"comment_status":"closed","ping_status":"closed","sticky":false,"template":"","format":"standard","meta":{"footnotes":""},"categories":[38],"tags":[60],"class_list":["post-20199","post","type-post","status-publish","format-standard","has-post-thumbnail","hentry","category-entrevistas","tag-osram"],"yoast_head":"<!-- This site is optimized with the Yoast SEO plugin v27.4 - https:\/\/yoast.com\/product\/yoast-seo-wordpress\/ -->\n<title>A \u201cnova normalidade\u201d no trabalho, Antonieta Loureiro, Osram - Jornal das Oficinas<\/title>\n<meta name=\"robots\" content=\"index, follow, max-snippet:-1, max-image-preview:large, max-video-preview:-1\" \/>\n<link rel=\"canonical\" href=\"https:\/\/jornaldasoficinas.com\/pt\/a-nova-normalidade-no-trabalho-antonieta-loureiro-osram\/\" \/>\n<meta property=\"og:locale\" content=\"pt_PT\" \/>\n<meta property=\"og:type\" content=\"article\" \/>\n<meta property=\"og:title\" content=\"A \u201cnova normalidade\u201d no trabalho, Antonieta Loureiro, Osram - Jornal das Oficinas\" \/>\n<meta property=\"og:description\" content=\"\u00a0Ao estarmos a completar um ano...\" \/>\n<meta property=\"og:url\" content=\"https:\/\/jornaldasoficinas.com\/pt\/a-nova-normalidade-no-trabalho-antonieta-loureiro-osram\/\" \/>\n<meta property=\"og:site_name\" content=\"Jornal das Oficinas\" \/>\n<meta property=\"article:publisher\" content=\"https:\/\/www.facebook.com\/jornaloficinas\" \/>\n<meta property=\"article:published_time\" content=\"2021-04-17T07:00:28+00:00\" \/>\n<meta property=\"article:modified_time\" content=\"2023-07-19T12:26:31+00:00\" \/>\n<meta property=\"og:image\" content=\"https:\/\/jornaldasoficinas.com\/pt\/wp-content\/uploads\/2021\/04\/Antonieta_Loureiro_JO.jpeg\" \/>\n\t<meta property=\"og:image:width\" content=\"1920\" \/>\n\t<meta property=\"og:image:height\" content=\"1090\" \/>\n\t<meta property=\"og:image:type\" content=\"image\/jpeg\" \/>\n<meta name=\"author\" content=\"Reda\u00e7\u00e3o JO\" \/>\n<meta name=\"twitter:card\" content=\"summary_large_image\" \/>\n<meta name=\"twitter:creator\" content=\"@jornaloficinas\" \/>\n<meta name=\"twitter:site\" content=\"@jornaloficinas\" \/>\n<meta name=\"twitter:label1\" content=\"Escrito por\" \/>\n\t<meta name=\"twitter:data1\" content=\"Reda\u00e7\u00e3o JO\" \/>\n\t<meta name=\"twitter:label2\" content=\"Tempo estimado de leitura\" \/>\n\t<meta name=\"twitter:data2\" content=\"3 minutos\" \/>\n<script type=\"application\/ld+json\" class=\"yoast-schema-graph\">{\"@context\":\"https:\\\/\\\/schema.org\",\"@graph\":[{\"@type\":\"Article\",\"@id\":\"https:\\\/\\\/jornaldasoficinas.com\\\/pt\\\/a-nova-normalidade-no-trabalho-antonieta-loureiro-osram\\\/#article\",\"isPartOf\":{\"@id\":\"https:\\\/\\\/jornaldasoficinas.com\\\/pt\\\/a-nova-normalidade-no-trabalho-antonieta-loureiro-osram\\\/\"},\"author\":{\"name\":\"Reda\u00e7\u00e3o JO\",\"@id\":\"https:\\\/\\\/jornaldasoficinas.com\\\/pt\\\/#\\\/schema\\\/person\\\/a38eef5de2c41d9e7c9ac10141afddf3\"},\"headline\":\"A \u201cnova normalidade\u201d no trabalho, Antonieta Loureiro, Osram\",\"datePublished\":\"2021-04-17T07:00:28+00:00\",\"dateModified\":\"2023-07-19T12:26:31+00:00\",\"mainEntityOfPage\":{\"@id\":\"https:\\\/\\\/jornaldasoficinas.com\\\/pt\\\/a-nova-normalidade-no-trabalho-antonieta-loureiro-osram\\\/\"},\"wordCount\":591,\"publisher\":{\"@id\":\"https:\\\/\\\/jornaldasoficinas.com\\\/pt\\\/#organization\"},\"image\":{\"@id\":\"https:\\\/\\\/jornaldasoficinas.com\\\/pt\\\/a-nova-normalidade-no-trabalho-antonieta-loureiro-osram\\\/#primaryimage\"},\"thumbnailUrl\":\"https:\\\/\\\/jornaldasoficinas.com\\\/pt\\\/wp-content\\\/uploads\\\/2021\\\/04\\\/Antonieta_Loureiro_JO.jpeg\",\"keywords\":[\"OSRAM\"],\"articleSection\":[\"Entrevistas\"],\"inLanguage\":\"pt-PT\"},{\"@type\":\"WebPage\",\"@id\":\"https:\\\/\\\/jornaldasoficinas.com\\\/pt\\\/a-nova-normalidade-no-trabalho-antonieta-loureiro-osram\\\/\",\"url\":\"https:\\\/\\\/jornaldasoficinas.com\\\/pt\\\/a-nova-normalidade-no-trabalho-antonieta-loureiro-osram\\\/\",\"name\":\"A \u201cnova normalidade\u201d no trabalho, Antonieta Loureiro, Osram - Jornal das Oficinas\",\"isPartOf\":{\"@id\":\"https:\\\/\\\/jornaldasoficinas.com\\\/pt\\\/#website\"},\"primaryImageOfPage\":{\"@id\":\"https:\\\/\\\/jornaldasoficinas.com\\\/pt\\\/a-nova-normalidade-no-trabalho-antonieta-loureiro-osram\\\/#primaryimage\"},\"image\":{\"@id\":\"https:\\\/\\\/jornaldasoficinas.com\\\/pt\\\/a-nova-normalidade-no-trabalho-antonieta-loureiro-osram\\\/#primaryimage\"},\"thumbnailUrl\":\"https:\\\/\\\/jornaldasoficinas.com\\\/pt\\\/wp-content\\\/uploads\\\/2021\\\/04\\\/Antonieta_Loureiro_JO.jpeg\",\"datePublished\":\"2021-04-17T07:00:28+00:00\",\"dateModified\":\"2023-07-19T12:26:31+00:00\",\"breadcrumb\":{\"@id\":\"https:\\\/\\\/jornaldasoficinas.com\\\/pt\\\/a-nova-normalidade-no-trabalho-antonieta-loureiro-osram\\\/#breadcrumb\"},\"inLanguage\":\"pt-PT\",\"potentialAction\":[{\"@type\":\"ReadAction\",\"target\":[\"https:\\\/\\\/jornaldasoficinas.com\\\/pt\\\/a-nova-normalidade-no-trabalho-antonieta-loureiro-osram\\\/\"]}]},{\"@type\":\"ImageObject\",\"inLanguage\":\"pt-PT\",\"@id\":\"https:\\\/\\\/jornaldasoficinas.com\\\/pt\\\/a-nova-normalidade-no-trabalho-antonieta-loureiro-osram\\\/#primaryimage\",\"url\":\"https:\\\/\\\/jornaldasoficinas.com\\\/pt\\\/wp-content\\\/uploads\\\/2021\\\/04\\\/Antonieta_Loureiro_JO.jpeg\",\"contentUrl\":\"https:\\\/\\\/jornaldasoficinas.com\\\/pt\\\/wp-content\\\/uploads\\\/2021\\\/04\\\/Antonieta_Loureiro_JO.jpeg\",\"width\":1920,\"height\":1090,\"caption\":\"04 - Antonieta_Loureiro_JO\"},{\"@type\":\"BreadcrumbList\",\"@id\":\"https:\\\/\\\/jornaldasoficinas.com\\\/pt\\\/a-nova-normalidade-no-trabalho-antonieta-loureiro-osram\\\/#breadcrumb\",\"itemListElement\":[{\"@type\":\"ListItem\",\"position\":1,\"name\":\"In\u00edcio\",\"item\":\"https:\\\/\\\/jornaldasoficinas.com\\\/pt\\\/\"},{\"@type\":\"ListItem\",\"position\":2,\"name\":\"A \u201cnova normalidade\u201d no trabalho, Antonieta Loureiro, Osram\"}]},{\"@type\":\"WebSite\",\"@id\":\"https:\\\/\\\/jornaldasoficinas.com\\\/pt\\\/#website\",\"url\":\"https:\\\/\\\/jornaldasoficinas.com\\\/pt\\\/\",\"name\":\"Jornal das Oficinas\",\"description\":\"Jornal independente do Aftermarket Autom\u00f3vel em Portugal\",\"publisher\":{\"@id\":\"https:\\\/\\\/jornaldasoficinas.com\\\/pt\\\/#organization\"},\"potentialAction\":[{\"@type\":\"SearchAction\",\"target\":{\"@type\":\"EntryPoint\",\"urlTemplate\":\"https:\\\/\\\/jornaldasoficinas.com\\\/pt\\\/?s={search_term_string}\"},\"query-input\":{\"@type\":\"PropertyValueSpecification\",\"valueRequired\":true,\"valueName\":\"search_term_string\"}}],\"inLanguage\":\"pt-PT\"},{\"@type\":\"Organization\",\"@id\":\"https:\\\/\\\/jornaldasoficinas.com\\\/pt\\\/#organization\",\"name\":\"Jornal das Oficinas\",\"url\":\"https:\\\/\\\/jornaldasoficinas.com\\\/pt\\\/\",\"logo\":{\"@type\":\"ImageObject\",\"inLanguage\":\"pt-PT\",\"@id\":\"https:\\\/\\\/jornaldasoficinas.com\\\/pt\\\/#\\\/schema\\\/logo\\\/image\\\/\",\"url\":\"https:\\\/\\\/jornaldasoficinas.com\\\/pt\\\/wp-content\\\/uploads\\\/logoJO-SEO.png\",\"contentUrl\":\"https:\\\/\\\/jornaldasoficinas.com\\\/pt\\\/wp-content\\\/uploads\\\/logoJO-SEO.png\",\"width\":285,\"height\":450,\"caption\":\"Jornal das Oficinas\"},\"image\":{\"@id\":\"https:\\\/\\\/jornaldasoficinas.com\\\/pt\\\/#\\\/schema\\\/logo\\\/image\\\/\"},\"sameAs\":[\"https:\\\/\\\/www.facebook.com\\\/jornaloficinas\",\"https:\\\/\\\/x.com\\\/jornaloficinas\",\"https:\\\/\\\/www.instagram.com\\\/jornal_oficinas\\\/\",\"https:\\\/\\\/www.linkedin.com\\\/company\\\/jornal-das-oficinas\\\/\",\"https:\\\/\\\/www.youtube.com\\\/channel\\\/UCbQZBqtcvV-oSQrr7RzINGg\"]},{\"@type\":\"Person\",\"@id\":\"https:\\\/\\\/jornaldasoficinas.com\\\/pt\\\/#\\\/schema\\\/person\\\/a38eef5de2c41d9e7c9ac10141afddf3\",\"name\":\"Reda\u00e7\u00e3o JO\",\"image\":{\"@type\":\"ImageObject\",\"inLanguage\":\"pt-PT\",\"@id\":\"https:\\\/\\\/secure.gravatar.com\\\/avatar\\\/71f2fa71737ad68a84fea94bc708ddac8ea5b0c4788dc2ad202f3ccb2887742f?s=96&d=wp_user_avatar&r=g\",\"url\":\"https:\\\/\\\/secure.gravatar.com\\\/avatar\\\/71f2fa71737ad68a84fea94bc708ddac8ea5b0c4788dc2ad202f3ccb2887742f?s=96&d=wp_user_avatar&r=g\",\"contentUrl\":\"https:\\\/\\\/secure.gravatar.com\\\/avatar\\\/71f2fa71737ad68a84fea94bc708ddac8ea5b0c4788dc2ad202f3ccb2887742f?s=96&d=wp_user_avatar&r=g\",\"caption\":\"Reda\u00e7\u00e3o JO\"},\"url\":\"https:\\\/\\\/jornaldasoficinas.com\\\/pt\\\/author\\\/joredacao\\\/\"}]}<\/script>\n<!-- \/ Yoast SEO plugin. -->","yoast_head_json":{"title":"A \u201cnova normalidade\u201d no trabalho, Antonieta Loureiro, Osram - Jornal das Oficinas","robots":{"index":"index","follow":"follow","max-snippet":"max-snippet:-1","max-image-preview":"max-image-preview:large","max-video-preview":"max-video-preview:-1"},"canonical":"https:\/\/jornaldasoficinas.com\/pt\/a-nova-normalidade-no-trabalho-antonieta-loureiro-osram\/","og_locale":"pt_PT","og_type":"article","og_title":"A \u201cnova normalidade\u201d no trabalho, Antonieta Loureiro, Osram - Jornal das Oficinas","og_description":"\u00a0Ao estarmos a completar um ano...","og_url":"https:\/\/jornaldasoficinas.com\/pt\/a-nova-normalidade-no-trabalho-antonieta-loureiro-osram\/","og_site_name":"Jornal das Oficinas","article_publisher":"https:\/\/www.facebook.com\/jornaloficinas","article_published_time":"2021-04-17T07:00:28+00:00","article_modified_time":"2023-07-19T12:26:31+00:00","og_image":[{"width":1920,"height":1090,"url":"https:\/\/jornaldasoficinas.com\/pt\/wp-content\/uploads\/2021\/04\/Antonieta_Loureiro_JO.jpeg","type":"image\/jpeg"}],"author":"Reda\u00e7\u00e3o JO","twitter_card":"summary_large_image","twitter_creator":"@jornaloficinas","twitter_site":"@jornaloficinas","twitter_misc":{"Escrito por":"Reda\u00e7\u00e3o JO","Tempo estimado de leitura":"3 minutos"},"schema":{"@context":"https:\/\/schema.org","@graph":[{"@type":"Article","@id":"https:\/\/jornaldasoficinas.com\/pt\/a-nova-normalidade-no-trabalho-antonieta-loureiro-osram\/#article","isPartOf":{"@id":"https:\/\/jornaldasoficinas.com\/pt\/a-nova-normalidade-no-trabalho-antonieta-loureiro-osram\/"},"author":{"name":"Reda\u00e7\u00e3o JO","@id":"https:\/\/jornaldasoficinas.com\/pt\/#\/schema\/person\/a38eef5de2c41d9e7c9ac10141afddf3"},"headline":"A \u201cnova normalidade\u201d no trabalho, Antonieta Loureiro, Osram","datePublished":"2021-04-17T07:00:28+00:00","dateModified":"2023-07-19T12:26:31+00:00","mainEntityOfPage":{"@id":"https:\/\/jornaldasoficinas.com\/pt\/a-nova-normalidade-no-trabalho-antonieta-loureiro-osram\/"},"wordCount":591,"publisher":{"@id":"https:\/\/jornaldasoficinas.com\/pt\/#organization"},"image":{"@id":"https:\/\/jornaldasoficinas.com\/pt\/a-nova-normalidade-no-trabalho-antonieta-loureiro-osram\/#primaryimage"},"thumbnailUrl":"https:\/\/jornaldasoficinas.com\/pt\/wp-content\/uploads\/2021\/04\/Antonieta_Loureiro_JO.jpeg","keywords":["OSRAM"],"articleSection":["Entrevistas"],"inLanguage":"pt-PT"},{"@type":"WebPage","@id":"https:\/\/jornaldasoficinas.com\/pt\/a-nova-normalidade-no-trabalho-antonieta-loureiro-osram\/","url":"https:\/\/jornaldasoficinas.com\/pt\/a-nova-normalidade-no-trabalho-antonieta-loureiro-osram\/","name":"A \u201cnova normalidade\u201d no trabalho, Antonieta Loureiro, Osram - Jornal das Oficinas","isPartOf":{"@id":"https:\/\/jornaldasoficinas.com\/pt\/#website"},"primaryImageOfPage":{"@id":"https:\/\/jornaldasoficinas.com\/pt\/a-nova-normalidade-no-trabalho-antonieta-loureiro-osram\/#primaryimage"},"image":{"@id":"https:\/\/jornaldasoficinas.com\/pt\/a-nova-normalidade-no-trabalho-antonieta-loureiro-osram\/#primaryimage"},"thumbnailUrl":"https:\/\/jornaldasoficinas.com\/pt\/wp-content\/uploads\/2021\/04\/Antonieta_Loureiro_JO.jpeg","datePublished":"2021-04-17T07:00:28+00:00","dateModified":"2023-07-19T12:26:31+00:00","breadcrumb":{"@id":"https:\/\/jornaldasoficinas.com\/pt\/a-nova-normalidade-no-trabalho-antonieta-loureiro-osram\/#breadcrumb"},"inLanguage":"pt-PT","potentialAction":[{"@type":"ReadAction","target":["https:\/\/jornaldasoficinas.com\/pt\/a-nova-normalidade-no-trabalho-antonieta-loureiro-osram\/"]}]},{"@type":"ImageObject","inLanguage":"pt-PT","@id":"https:\/\/jornaldasoficinas.com\/pt\/a-nova-normalidade-no-trabalho-antonieta-loureiro-osram\/#primaryimage","url":"https:\/\/jornaldasoficinas.com\/pt\/wp-content\/uploads\/2021\/04\/Antonieta_Loureiro_JO.jpeg","contentUrl":"https:\/\/jornaldasoficinas.com\/pt\/wp-content\/uploads\/2021\/04\/Antonieta_Loureiro_JO.jpeg","width":1920,"height":1090,"caption":"04 - Antonieta_Loureiro_JO"},{"@type":"BreadcrumbList","@id":"https:\/\/jornaldasoficinas.com\/pt\/a-nova-normalidade-no-trabalho-antonieta-loureiro-osram\/#breadcrumb","itemListElement":[{"@type":"ListItem","position":1,"name":"In\u00edcio","item":"https:\/\/jornaldasoficinas.com\/pt\/"},{"@type":"ListItem","position":2,"name":"A \u201cnova normalidade\u201d no trabalho, Antonieta Loureiro, Osram"}]},{"@type":"WebSite","@id":"https:\/\/jornaldasoficinas.com\/pt\/#website","url":"https:\/\/jornaldasoficinas.com\/pt\/","name":"Jornal das Oficinas","description":"Jornal independente do Aftermarket Autom\u00f3vel em Portugal","publisher":{"@id":"https:\/\/jornaldasoficinas.com\/pt\/#organization"},"potentialAction":[{"@type":"SearchAction","target":{"@type":"EntryPoint","urlTemplate":"https:\/\/jornaldasoficinas.com\/pt\/?s={search_term_string}"},"query-input":{"@type":"PropertyValueSpecification","valueRequired":true,"valueName":"search_term_string"}}],"inLanguage":"pt-PT"},{"@type":"Organization","@id":"https:\/\/jornaldasoficinas.com\/pt\/#organization","name":"Jornal das Oficinas","url":"https:\/\/jornaldasoficinas.com\/pt\/","logo":{"@type":"ImageObject","inLanguage":"pt-PT","@id":"https:\/\/jornaldasoficinas.com\/pt\/#\/schema\/logo\/image\/","url":"https:\/\/jornaldasoficinas.com\/pt\/wp-content\/uploads\/logoJO-SEO.png","contentUrl":"https:\/\/jornaldasoficinas.com\/pt\/wp-content\/uploads\/logoJO-SEO.png","width":285,"height":450,"caption":"Jornal das Oficinas"},"image":{"@id":"https:\/\/jornaldasoficinas.com\/pt\/#\/schema\/logo\/image\/"},"sameAs":["https:\/\/www.facebook.com\/jornaloficinas","https:\/\/x.com\/jornaloficinas","https:\/\/www.instagram.com\/jornal_oficinas\/","https:\/\/www.linkedin.com\/company\/jornal-das-oficinas\/","https:\/\/www.youtube.com\/channel\/UCbQZBqtcvV-oSQrr7RzINGg"]},{"@type":"Person","@id":"https:\/\/jornaldasoficinas.com\/pt\/#\/schema\/person\/a38eef5de2c41d9e7c9ac10141afddf3","name":"Reda\u00e7\u00e3o JO","image":{"@type":"ImageObject","inLanguage":"pt-PT","@id":"https:\/\/secure.gravatar.com\/avatar\/71f2fa71737ad68a84fea94bc708ddac8ea5b0c4788dc2ad202f3ccb2887742f?s=96&d=wp_user_avatar&r=g","url":"https:\/\/secure.gravatar.com\/avatar\/71f2fa71737ad68a84fea94bc708ddac8ea5b0c4788dc2ad202f3ccb2887742f?s=96&d=wp_user_avatar&r=g","contentUrl":"https:\/\/secure.gravatar.com\/avatar\/71f2fa71737ad68a84fea94bc708ddac8ea5b0c4788dc2ad202f3ccb2887742f?s=96&d=wp_user_avatar&r=g","caption":"Reda\u00e7\u00e3o JO"},"url":"https:\/\/jornaldasoficinas.com\/pt\/author\/joredacao\/"}]}},"_links":{"self":[{"href":"https:\/\/jornaldasoficinas.com\/pt\/wp-json\/wp\/v2\/posts\/20199","targetHints":{"allow":["GET"]}}],"collection":[{"href":"https:\/\/jornaldasoficinas.com\/pt\/wp-json\/wp\/v2\/posts"}],"about":[{"href":"https:\/\/jornaldasoficinas.com\/pt\/wp-json\/wp\/v2\/types\/post"}],"author":[{"embeddable":true,"href":"https:\/\/jornaldasoficinas.com\/pt\/wp-json\/wp\/v2\/users\/15"}],"replies":[{"embeddable":true,"href":"https:\/\/jornaldasoficinas.com\/pt\/wp-json\/wp\/v2\/comments?post=20199"}],"version-history":[{"count":0,"href":"https:\/\/jornaldasoficinas.com\/pt\/wp-json\/wp\/v2\/posts\/20199\/revisions"}],"wp:featuredmedia":[{"embeddable":true,"href":"https:\/\/jornaldasoficinas.com\/pt\/wp-json\/wp\/v2\/media\/20196"}],"wp:attachment":[{"href":"https:\/\/jornaldasoficinas.com\/pt\/wp-json\/wp\/v2\/media?parent=20199"}],"wp:term":[{"taxonomy":"category","embeddable":true,"href":"https:\/\/jornaldasoficinas.com\/pt\/wp-json\/wp\/v2\/categories?post=20199"},{"taxonomy":"post_tag","embeddable":true,"href":"https:\/\/jornaldasoficinas.com\/pt\/wp-json\/wp\/v2\/tags?post=20199"}],"curies":[{"name":"wp","href":"https:\/\/api.w.org\/{rel}","templated":true}]}}