{"id":20263,"date":"2021-04-20T14:00:17","date_gmt":"2021-04-20T13:00:17","guid":{"rendered":"https:\/\/jornaldasoficinas.com\/pt\/?p=20263"},"modified":"2021-04-18T18:44:06","modified_gmt":"2021-04-18T17:44:06","slug":"mattel-abraca-sustentabilidade","status":"publish","type":"post","link":"https:\/\/jornaldasoficinas.com\/pt\/mattel-abraca-sustentabilidade\/","title":{"rendered":"Mattel abra\u00e7a sustentabilidade"},"content":{"rendered":"<p><strong><img loading=\"lazy\" decoding=\"async\" class=\"alignnone wp-image-20210 size-full\" src=\"https:\/\/jornaldasoficinas.com\/pt\/wp-content\/uploads\/2021\/04\/Mattel-abrac\u0327a.jpg\" alt=\"04 - Mattel-abrac\u0327a\" width=\"1024\" height=\"581\" srcset=\"https:\/\/jornaldasoficinas.com\/pt\/wp-content\/uploads\/2021\/04\/Mattel-abrac\u0327a.jpg 1024w, https:\/\/jornaldasoficinas.com\/pt\/wp-content\/uploads\/2021\/04\/Mattel-abrac\u0327a-300x170.jpg 300w, https:\/\/jornaldasoficinas.com\/pt\/wp-content\/uploads\/2021\/04\/Mattel-abrac\u0327a-150x85.jpg 150w, https:\/\/jornaldasoficinas.com\/pt\/wp-content\/uploads\/2021\/04\/Mattel-abrac\u0327a-768x436.jpg 768w\" sizes=\"auto, (max-width: 1024px) 100vw, 1024px\" \/><\/strong><\/p>\n<p><strong>A Mattel, Inc. anuncia o compromisso de produzir todos os carrinhos\u00a0die-cast, conjuntos de jogos e embalagens\u00a0Matchbox\u00a0com pl\u00e1sticos 100% reciclados, recicl\u00e1veis \u200b\u200bou de base biol\u00f3gica<\/strong><\/p>\n<p>Com o objetivo de utilizar esses materiais em todos os seus produtos e embalagens, at\u00e9 2030, a Mattel d\u00e1 assim o primeiro passo para combater os desafios ambientais e, ao mesmo tempo, apresentar brinquedos el\u00e9tricos inovadores que permitir\u00e3o juntar as crian\u00e7as aos ve\u00edculos que veem, conhecem e adoram e direcion\u00e1-las para um futuro mais ecol\u00f3gico. Para ilustrar esses princ\u00edpios, a marca lan\u00e7a o Matchbox Tesla Roadster, o seu primeiro ve\u00edculo\u00a0die-cast\u00a0feito com 99% de materiais reciclados e certificados como neutros em emiss\u00f5es de carbono. Com 62,1% de zinco reciclado, 1% de a\u00e7o inoxid\u00e1vel e 36,9% de pl\u00e1stico reciclado, o Matchbox Tesla Roadster estar\u00e1 dispon\u00edvel a partir de 2022.<\/p>\n<p>H\u00e1 cerca de 70 anos, que a Matchbox tem vindo a inspirar as crian\u00e7as a estimularem a sua imagina\u00e7\u00e3o e a explorarem o mundo \u00e0 sua volta atrav\u00e9s do brincar, tentando adaptar-se, sempre que poss\u00edvel, a um mundo em constante mudan\u00e7a. Vendendo mais de 40 milh\u00f5es de carrinhos\u00a0die-cast\u00a0anualmente, a marca decidiu reiventar-se e introduzir, em diversos mercados da Europa, em 2021, novas linhas de produtos e embalagens de\u00a0die-casts de ic\u00f3nicos fabricantes europeus, como a Audi, Mercedes, BMW, Jaguar, Porsche, Lamborghini, Fiat, Land Rover, Renault, entre outros. Comprometeu-se tamb\u00e9m a utilizar materiais mais ecol\u00f3gicos, facilitar o processo de reciclagem com a ajuda do\u00a0design\u00a0do produto e da sua rotulagem e promover a evolu\u00e7\u00e3o no processo de\u00a0die-casting, mantendo os detalhes e a qualidade pela qual a Matchbox \u00e9 reconhecida, e a ado\u00e7\u00e3o de uma abordagem\u00a0eco-friendly\u00a0do brincar, desde a expans\u00e3o da representa\u00e7\u00e3o de ve\u00edculos el\u00e9tricos no seu portfolio, \u00e0 introdu\u00e7\u00e3o de carregadores de ve\u00edculos el\u00e9tricos em conjuntos de jogos de postos de combust\u00edvel.<\/p>\n<p>\u201cDesde o in\u00edcio dos\u00a0die-cast\u00a0modernos que a Matchbox tem usado o\u00a0design\u00a0e a inova\u00e7\u00e3o para ligar as crian\u00e7as ao mundo real atrav\u00e9s do brincar\u201d, afirma Roberto Stanichi,\u00a0Global Head of Vehicles\u00a0da Mattel. &#8220;A marca compromete-se a utilizar pl\u00e1sticos 100% reciclados, recicl\u00e1veis \u200b\u200bou de base biol\u00f3gica para contribuir para a extin\u00e7\u00e3o dos crescentes problemas ambientais que enfrentamos hoje e para capacitar a pr\u00f3xima gera\u00e7\u00e3o de f\u00e3s da Matchbox a lutar por um future mais sustent\u00e1vel&#8221;, acrescenta.<\/p>\n<p>Para concretizar o seu compromisso, a marca implementar\u00e1 in\u00fameras medidas, come\u00e7ando pela transi\u00e7\u00e3o gradual em dire\u00e7\u00e3o a uma embalagem com 0% de pl\u00e1stico. O popular Matchbox Power Grabs, com uma variedade de ve\u00edculos\u00a0die-cast\u00a0numa escala de 1:64, licenciados e originais, \u00e9 o primeiro carrinho\u00a0die-cast\u00a0com uma embalagem\u00a0plastic-free,\u00a0substituindo-a por materiais de papel e fibra de madeira certificados pelo Forest Stewardship Council (FSC). Em breve, outras linhas de produtos ter\u00e3o embalagens sem pl\u00e1stico.<\/p>\n<p>Al\u00e9m das embalagens com 0 pl\u00e1stico e do investimento em pl\u00e1sticos reciclados, recicl\u00e1veis \u200b\u200be de base biol\u00f3gica, a marca tem previstas as seguintes a\u00e7\u00f5es para promover a reciclagem adequada e reduzir o desperd\u00edcio:<\/p>\n<ul>\n<li>Utilizar pe\u00e7as recicl\u00e1veis \u200b\u200be eletr\u00f3nicas facilmente remov\u00edveis nos conjuntos de jogos, consolidando-os num \u00fanico m\u00f3dulo facilmente remov\u00edvel, para ajudar a tornar o processo de reciclagem de lixo eletr\u00f3nico mais f\u00e1cil;<\/li>\n<li>Aplicar o r\u00f3tulo \u201cHow 2 Recycle\u201d no sentido de orientar os consumidores no momento de se desfazerem dos materiais do\u00a0packaging;\n<ul>\n<li>Reduzir o uso de energia, as emiss\u00f5es de carbono e o desperd\u00edcio nas opera\u00e7\u00f5es, sem comprometer o\u00a0standard\u00a0de excel\u00eancia dos produtos Matchbox.<\/li>\n<\/ul>\n<\/li>\n<\/ul>\n<p>&nbsp;<\/p>\n<p>&nbsp;<\/p>\n","protected":false},"excerpt":{"rendered":"<p>A Mattel, Inc. anuncia o compromisso&#8230;<\/p>\n","protected":false},"author":15,"featured_media":20210,"comment_status":"closed","ping_status":"closed","sticky":false,"template":"","format":"standard","meta":{"footnotes":""},"categories":[37],"tags":[2575],"class_list":["post-20263","post","type-post","status-publish","format-standard","has-post-thumbnail","hentry","category-mercado","tag-mattel"],"yoast_head":"<!-- This site is optimized with the Yoast SEO plugin v27.4 - https:\/\/yoast.com\/product\/yoast-seo-wordpress\/ -->\n<title>Mattel abra\u00e7a sustentabilidade - Jornal das Oficinas<\/title>\n<meta name=\"robots\" content=\"index, follow, max-snippet:-1, max-image-preview:large, max-video-preview:-1\" \/>\n<link rel=\"canonical\" href=\"https:\/\/jornaldasoficinas.com\/pt\/mattel-abraca-sustentabilidade\/\" \/>\n<meta property=\"og:locale\" content=\"pt_PT\" \/>\n<meta property=\"og:type\" content=\"article\" \/>\n<meta property=\"og:title\" content=\"Mattel abra\u00e7a sustentabilidade - Jornal das Oficinas\" \/>\n<meta property=\"og:description\" content=\"A Mattel, Inc. anuncia o compromisso...\" \/>\n<meta property=\"og:url\" content=\"https:\/\/jornaldasoficinas.com\/pt\/mattel-abraca-sustentabilidade\/\" \/>\n<meta property=\"og:site_name\" content=\"Jornal das Oficinas\" \/>\n<meta property=\"article:publisher\" content=\"https:\/\/www.facebook.com\/jornaloficinas\" \/>\n<meta property=\"article:published_time\" content=\"2021-04-20T13:00:17+00:00\" \/>\n<meta property=\"og:image\" content=\"https:\/\/jornaldasoficinas.com\/pt\/wp-content\/uploads\/2021\/04\/Mattel-abrac\u0327a.jpg\" \/>\n\t<meta property=\"og:image:width\" content=\"1024\" \/>\n\t<meta property=\"og:image:height\" content=\"581\" \/>\n\t<meta property=\"og:image:type\" content=\"image\/jpeg\" \/>\n<meta name=\"author\" content=\"Reda\u00e7\u00e3o JO\" \/>\n<meta name=\"twitter:card\" content=\"summary_large_image\" \/>\n<meta name=\"twitter:creator\" content=\"@jornaloficinas\" \/>\n<meta name=\"twitter:site\" content=\"@jornaloficinas\" \/>\n<meta name=\"twitter:label1\" content=\"Escrito por\" \/>\n\t<meta name=\"twitter:data1\" content=\"Reda\u00e7\u00e3o JO\" \/>\n\t<meta name=\"twitter:label2\" content=\"Tempo estimado de leitura\" \/>\n\t<meta name=\"twitter:data2\" content=\"3 minutos\" \/>\n<script type=\"application\/ld+json\" class=\"yoast-schema-graph\">{\"@context\":\"https:\\\/\\\/schema.org\",\"@graph\":[{\"@type\":\"Article\",\"@id\":\"https:\\\/\\\/jornaldasoficinas.com\\\/pt\\\/mattel-abraca-sustentabilidade\\\/#article\",\"isPartOf\":{\"@id\":\"https:\\\/\\\/jornaldasoficinas.com\\\/pt\\\/mattel-abraca-sustentabilidade\\\/\"},\"author\":{\"name\":\"Reda\u00e7\u00e3o JO\",\"@id\":\"https:\\\/\\\/jornaldasoficinas.com\\\/pt\\\/#\\\/schema\\\/person\\\/a38eef5de2c41d9e7c9ac10141afddf3\"},\"headline\":\"Mattel abra\u00e7a sustentabilidade\",\"datePublished\":\"2021-04-20T13:00:17+00:00\",\"mainEntityOfPage\":{\"@id\":\"https:\\\/\\\/jornaldasoficinas.com\\\/pt\\\/mattel-abraca-sustentabilidade\\\/\"},\"wordCount\":626,\"publisher\":{\"@id\":\"https:\\\/\\\/jornaldasoficinas.com\\\/pt\\\/#organization\"},\"image\":{\"@id\":\"https:\\\/\\\/jornaldasoficinas.com\\\/pt\\\/mattel-abraca-sustentabilidade\\\/#primaryimage\"},\"thumbnailUrl\":\"https:\\\/\\\/jornaldasoficinas.com\\\/pt\\\/wp-content\\\/uploads\\\/2021\\\/04\\\/Mattel-abrac\u0327a.jpg\",\"keywords\":[\"Mattel\"],\"articleSection\":[\"Mercado\"],\"inLanguage\":\"pt-PT\"},{\"@type\":\"WebPage\",\"@id\":\"https:\\\/\\\/jornaldasoficinas.com\\\/pt\\\/mattel-abraca-sustentabilidade\\\/\",\"url\":\"https:\\\/\\\/jornaldasoficinas.com\\\/pt\\\/mattel-abraca-sustentabilidade\\\/\",\"name\":\"Mattel abra\u00e7a sustentabilidade - Jornal das Oficinas\",\"isPartOf\":{\"@id\":\"https:\\\/\\\/jornaldasoficinas.com\\\/pt\\\/#website\"},\"primaryImageOfPage\":{\"@id\":\"https:\\\/\\\/jornaldasoficinas.com\\\/pt\\\/mattel-abraca-sustentabilidade\\\/#primaryimage\"},\"image\":{\"@id\":\"https:\\\/\\\/jornaldasoficinas.com\\\/pt\\\/mattel-abraca-sustentabilidade\\\/#primaryimage\"},\"thumbnailUrl\":\"https:\\\/\\\/jornaldasoficinas.com\\\/pt\\\/wp-content\\\/uploads\\\/2021\\\/04\\\/Mattel-abrac\u0327a.jpg\",\"datePublished\":\"2021-04-20T13:00:17+00:00\",\"breadcrumb\":{\"@id\":\"https:\\\/\\\/jornaldasoficinas.com\\\/pt\\\/mattel-abraca-sustentabilidade\\\/#breadcrumb\"},\"inLanguage\":\"pt-PT\",\"potentialAction\":[{\"@type\":\"ReadAction\",\"target\":[\"https:\\\/\\\/jornaldasoficinas.com\\\/pt\\\/mattel-abraca-sustentabilidade\\\/\"]}]},{\"@type\":\"ImageObject\",\"inLanguage\":\"pt-PT\",\"@id\":\"https:\\\/\\\/jornaldasoficinas.com\\\/pt\\\/mattel-abraca-sustentabilidade\\\/#primaryimage\",\"url\":\"https:\\\/\\\/jornaldasoficinas.com\\\/pt\\\/wp-content\\\/uploads\\\/2021\\\/04\\\/Mattel-abrac\u0327a.jpg\",\"contentUrl\":\"https:\\\/\\\/jornaldasoficinas.com\\\/pt\\\/wp-content\\\/uploads\\\/2021\\\/04\\\/Mattel-abrac\u0327a.jpg\",\"width\":1024,\"height\":581,\"caption\":\"04 - Mattel-abrac\u0327a\"},{\"@type\":\"BreadcrumbList\",\"@id\":\"https:\\\/\\\/jornaldasoficinas.com\\\/pt\\\/mattel-abraca-sustentabilidade\\\/#breadcrumb\",\"itemListElement\":[{\"@type\":\"ListItem\",\"position\":1,\"name\":\"In\u00edcio\",\"item\":\"https:\\\/\\\/jornaldasoficinas.com\\\/pt\\\/\"},{\"@type\":\"ListItem\",\"position\":2,\"name\":\"Mattel abra\u00e7a sustentabilidade\"}]},{\"@type\":\"WebSite\",\"@id\":\"https:\\\/\\\/jornaldasoficinas.com\\\/pt\\\/#website\",\"url\":\"https:\\\/\\\/jornaldasoficinas.com\\\/pt\\\/\",\"name\":\"Jornal das Oficinas\",\"description\":\"Jornal independente do Aftermarket Autom\u00f3vel em Portugal\",\"publisher\":{\"@id\":\"https:\\\/\\\/jornaldasoficinas.com\\\/pt\\\/#organization\"},\"potentialAction\":[{\"@type\":\"SearchAction\",\"target\":{\"@type\":\"EntryPoint\",\"urlTemplate\":\"https:\\\/\\\/jornaldasoficinas.com\\\/pt\\\/?s={search_term_string}\"},\"query-input\":{\"@type\":\"PropertyValueSpecification\",\"valueRequired\":true,\"valueName\":\"search_term_string\"}}],\"inLanguage\":\"pt-PT\"},{\"@type\":\"Organization\",\"@id\":\"https:\\\/\\\/jornaldasoficinas.com\\\/pt\\\/#organization\",\"name\":\"Jornal das Oficinas\",\"url\":\"https:\\\/\\\/jornaldasoficinas.com\\\/pt\\\/\",\"logo\":{\"@type\":\"ImageObject\",\"inLanguage\":\"pt-PT\",\"@id\":\"https:\\\/\\\/jornaldasoficinas.com\\\/pt\\\/#\\\/schema\\\/logo\\\/image\\\/\",\"url\":\"https:\\\/\\\/jornaldasoficinas.com\\\/pt\\\/wp-content\\\/uploads\\\/logoJO-SEO.png\",\"contentUrl\":\"https:\\\/\\\/jornaldasoficinas.com\\\/pt\\\/wp-content\\\/uploads\\\/logoJO-SEO.png\",\"width\":285,\"height\":450,\"caption\":\"Jornal das Oficinas\"},\"image\":{\"@id\":\"https:\\\/\\\/jornaldasoficinas.com\\\/pt\\\/#\\\/schema\\\/logo\\\/image\\\/\"},\"sameAs\":[\"https:\\\/\\\/www.facebook.com\\\/jornaloficinas\",\"https:\\\/\\\/x.com\\\/jornaloficinas\",\"https:\\\/\\\/www.instagram.com\\\/jornal_oficinas\\\/\",\"https:\\\/\\\/www.linkedin.com\\\/company\\\/jornal-das-oficinas\\\/\",\"https:\\\/\\\/www.youtube.com\\\/channel\\\/UCbQZBqtcvV-oSQrr7RzINGg\"]},{\"@type\":\"Person\",\"@id\":\"https:\\\/\\\/jornaldasoficinas.com\\\/pt\\\/#\\\/schema\\\/person\\\/a38eef5de2c41d9e7c9ac10141afddf3\",\"name\":\"Reda\u00e7\u00e3o JO\",\"image\":{\"@type\":\"ImageObject\",\"inLanguage\":\"pt-PT\",\"@id\":\"https:\\\/\\\/secure.gravatar.com\\\/avatar\\\/71f2fa71737ad68a84fea94bc708ddac8ea5b0c4788dc2ad202f3ccb2887742f?s=96&d=wp_user_avatar&r=g\",\"url\":\"https:\\\/\\\/secure.gravatar.com\\\/avatar\\\/71f2fa71737ad68a84fea94bc708ddac8ea5b0c4788dc2ad202f3ccb2887742f?s=96&d=wp_user_avatar&r=g\",\"contentUrl\":\"https:\\\/\\\/secure.gravatar.com\\\/avatar\\\/71f2fa71737ad68a84fea94bc708ddac8ea5b0c4788dc2ad202f3ccb2887742f?s=96&d=wp_user_avatar&r=g\",\"caption\":\"Reda\u00e7\u00e3o JO\"},\"url\":\"https:\\\/\\\/jornaldasoficinas.com\\\/pt\\\/author\\\/joredacao\\\/\"}]}<\/script>\n<!-- \/ Yoast SEO plugin. -->","yoast_head_json":{"title":"Mattel abra\u00e7a sustentabilidade - Jornal das Oficinas","robots":{"index":"index","follow":"follow","max-snippet":"max-snippet:-1","max-image-preview":"max-image-preview:large","max-video-preview":"max-video-preview:-1"},"canonical":"https:\/\/jornaldasoficinas.com\/pt\/mattel-abraca-sustentabilidade\/","og_locale":"pt_PT","og_type":"article","og_title":"Mattel abra\u00e7a sustentabilidade - Jornal das Oficinas","og_description":"A Mattel, Inc. anuncia o compromisso...","og_url":"https:\/\/jornaldasoficinas.com\/pt\/mattel-abraca-sustentabilidade\/","og_site_name":"Jornal das Oficinas","article_publisher":"https:\/\/www.facebook.com\/jornaloficinas","article_published_time":"2021-04-20T13:00:17+00:00","og_image":[{"width":1024,"height":581,"url":"https:\/\/jornaldasoficinas.com\/pt\/wp-content\/uploads\/2021\/04\/Mattel-abrac\u0327a.jpg","type":"image\/jpeg"}],"author":"Reda\u00e7\u00e3o JO","twitter_card":"summary_large_image","twitter_creator":"@jornaloficinas","twitter_site":"@jornaloficinas","twitter_misc":{"Escrito por":"Reda\u00e7\u00e3o JO","Tempo estimado de leitura":"3 minutos"},"schema":{"@context":"https:\/\/schema.org","@graph":[{"@type":"Article","@id":"https:\/\/jornaldasoficinas.com\/pt\/mattel-abraca-sustentabilidade\/#article","isPartOf":{"@id":"https:\/\/jornaldasoficinas.com\/pt\/mattel-abraca-sustentabilidade\/"},"author":{"name":"Reda\u00e7\u00e3o JO","@id":"https:\/\/jornaldasoficinas.com\/pt\/#\/schema\/person\/a38eef5de2c41d9e7c9ac10141afddf3"},"headline":"Mattel abra\u00e7a sustentabilidade","datePublished":"2021-04-20T13:00:17+00:00","mainEntityOfPage":{"@id":"https:\/\/jornaldasoficinas.com\/pt\/mattel-abraca-sustentabilidade\/"},"wordCount":626,"publisher":{"@id":"https:\/\/jornaldasoficinas.com\/pt\/#organization"},"image":{"@id":"https:\/\/jornaldasoficinas.com\/pt\/mattel-abraca-sustentabilidade\/#primaryimage"},"thumbnailUrl":"https:\/\/jornaldasoficinas.com\/pt\/wp-content\/uploads\/2021\/04\/Mattel-abrac\u0327a.jpg","keywords":["Mattel"],"articleSection":["Mercado"],"inLanguage":"pt-PT"},{"@type":"WebPage","@id":"https:\/\/jornaldasoficinas.com\/pt\/mattel-abraca-sustentabilidade\/","url":"https:\/\/jornaldasoficinas.com\/pt\/mattel-abraca-sustentabilidade\/","name":"Mattel abra\u00e7a sustentabilidade - Jornal das Oficinas","isPartOf":{"@id":"https:\/\/jornaldasoficinas.com\/pt\/#website"},"primaryImageOfPage":{"@id":"https:\/\/jornaldasoficinas.com\/pt\/mattel-abraca-sustentabilidade\/#primaryimage"},"image":{"@id":"https:\/\/jornaldasoficinas.com\/pt\/mattel-abraca-sustentabilidade\/#primaryimage"},"thumbnailUrl":"https:\/\/jornaldasoficinas.com\/pt\/wp-content\/uploads\/2021\/04\/Mattel-abrac\u0327a.jpg","datePublished":"2021-04-20T13:00:17+00:00","breadcrumb":{"@id":"https:\/\/jornaldasoficinas.com\/pt\/mattel-abraca-sustentabilidade\/#breadcrumb"},"inLanguage":"pt-PT","potentialAction":[{"@type":"ReadAction","target":["https:\/\/jornaldasoficinas.com\/pt\/mattel-abraca-sustentabilidade\/"]}]},{"@type":"ImageObject","inLanguage":"pt-PT","@id":"https:\/\/jornaldasoficinas.com\/pt\/mattel-abraca-sustentabilidade\/#primaryimage","url":"https:\/\/jornaldasoficinas.com\/pt\/wp-content\/uploads\/2021\/04\/Mattel-abrac\u0327a.jpg","contentUrl":"https:\/\/jornaldasoficinas.com\/pt\/wp-content\/uploads\/2021\/04\/Mattel-abrac\u0327a.jpg","width":1024,"height":581,"caption":"04 - Mattel-abrac\u0327a"},{"@type":"BreadcrumbList","@id":"https:\/\/jornaldasoficinas.com\/pt\/mattel-abraca-sustentabilidade\/#breadcrumb","itemListElement":[{"@type":"ListItem","position":1,"name":"In\u00edcio","item":"https:\/\/jornaldasoficinas.com\/pt\/"},{"@type":"ListItem","position":2,"name":"Mattel abra\u00e7a sustentabilidade"}]},{"@type":"WebSite","@id":"https:\/\/jornaldasoficinas.com\/pt\/#website","url":"https:\/\/jornaldasoficinas.com\/pt\/","name":"Jornal das Oficinas","description":"Jornal independente do Aftermarket Autom\u00f3vel em Portugal","publisher":{"@id":"https:\/\/jornaldasoficinas.com\/pt\/#organization"},"potentialAction":[{"@type":"SearchAction","target":{"@type":"EntryPoint","urlTemplate":"https:\/\/jornaldasoficinas.com\/pt\/?s={search_term_string}"},"query-input":{"@type":"PropertyValueSpecification","valueRequired":true,"valueName":"search_term_string"}}],"inLanguage":"pt-PT"},{"@type":"Organization","@id":"https:\/\/jornaldasoficinas.com\/pt\/#organization","name":"Jornal das Oficinas","url":"https:\/\/jornaldasoficinas.com\/pt\/","logo":{"@type":"ImageObject","inLanguage":"pt-PT","@id":"https:\/\/jornaldasoficinas.com\/pt\/#\/schema\/logo\/image\/","url":"https:\/\/jornaldasoficinas.com\/pt\/wp-content\/uploads\/logoJO-SEO.png","contentUrl":"https:\/\/jornaldasoficinas.com\/pt\/wp-content\/uploads\/logoJO-SEO.png","width":285,"height":450,"caption":"Jornal das Oficinas"},"image":{"@id":"https:\/\/jornaldasoficinas.com\/pt\/#\/schema\/logo\/image\/"},"sameAs":["https:\/\/www.facebook.com\/jornaloficinas","https:\/\/x.com\/jornaloficinas","https:\/\/www.instagram.com\/jornal_oficinas\/","https:\/\/www.linkedin.com\/company\/jornal-das-oficinas\/","https:\/\/www.youtube.com\/channel\/UCbQZBqtcvV-oSQrr7RzINGg"]},{"@type":"Person","@id":"https:\/\/jornaldasoficinas.com\/pt\/#\/schema\/person\/a38eef5de2c41d9e7c9ac10141afddf3","name":"Reda\u00e7\u00e3o JO","image":{"@type":"ImageObject","inLanguage":"pt-PT","@id":"https:\/\/secure.gravatar.com\/avatar\/71f2fa71737ad68a84fea94bc708ddac8ea5b0c4788dc2ad202f3ccb2887742f?s=96&d=wp_user_avatar&r=g","url":"https:\/\/secure.gravatar.com\/avatar\/71f2fa71737ad68a84fea94bc708ddac8ea5b0c4788dc2ad202f3ccb2887742f?s=96&d=wp_user_avatar&r=g","contentUrl":"https:\/\/secure.gravatar.com\/avatar\/71f2fa71737ad68a84fea94bc708ddac8ea5b0c4788dc2ad202f3ccb2887742f?s=96&d=wp_user_avatar&r=g","caption":"Reda\u00e7\u00e3o JO"},"url":"https:\/\/jornaldasoficinas.com\/pt\/author\/joredacao\/"}]}},"_links":{"self":[{"href":"https:\/\/jornaldasoficinas.com\/pt\/wp-json\/wp\/v2\/posts\/20263","targetHints":{"allow":["GET"]}}],"collection":[{"href":"https:\/\/jornaldasoficinas.com\/pt\/wp-json\/wp\/v2\/posts"}],"about":[{"href":"https:\/\/jornaldasoficinas.com\/pt\/wp-json\/wp\/v2\/types\/post"}],"author":[{"embeddable":true,"href":"https:\/\/jornaldasoficinas.com\/pt\/wp-json\/wp\/v2\/users\/15"}],"replies":[{"embeddable":true,"href":"https:\/\/jornaldasoficinas.com\/pt\/wp-json\/wp\/v2\/comments?post=20263"}],"version-history":[{"count":0,"href":"https:\/\/jornaldasoficinas.com\/pt\/wp-json\/wp\/v2\/posts\/20263\/revisions"}],"wp:featuredmedia":[{"embeddable":true,"href":"https:\/\/jornaldasoficinas.com\/pt\/wp-json\/wp\/v2\/media\/20210"}],"wp:attachment":[{"href":"https:\/\/jornaldasoficinas.com\/pt\/wp-json\/wp\/v2\/media?parent=20263"}],"wp:term":[{"taxonomy":"category","embeddable":true,"href":"https:\/\/jornaldasoficinas.com\/pt\/wp-json\/wp\/v2\/categories?post=20263"},{"taxonomy":"post_tag","embeddable":true,"href":"https:\/\/jornaldasoficinas.com\/pt\/wp-json\/wp\/v2\/tags?post=20263"}],"curies":[{"name":"wp","href":"https:\/\/api.w.org\/{rel}","templated":true}]}}