{"id":20526,"date":"2021-04-26T16:00:14","date_gmt":"2021-04-26T15:00:14","guid":{"rendered":"https:\/\/jornaldasoficinas.com\/pt\/?p=20526"},"modified":"2021-04-26T08:59:33","modified_gmt":"2021-04-26T07:59:33","slug":"apdca-insurge-se-contra-alteracao-do-isv","status":"publish","type":"post","link":"https:\/\/jornaldasoficinas.com\/pt\/apdca-insurge-se-contra-alteracao-do-isv\/","title":{"rendered":"APDCA insurge-se contra altera\u00e7\u00e3o do ISV"},"content":{"rendered":"<p><strong><img loading=\"lazy\" decoding=\"async\" class=\"alignnone wp-image-20509 size-full\" src=\"https:\/\/jornaldasoficinas.com\/pt\/wp-content\/uploads\/2021\/04\/APDCA-insurge-se.jpg\" alt=\"04 - APDCA-insurge-se\" width=\"1024\" height=\"581\" srcset=\"https:\/\/jornaldasoficinas.com\/pt\/wp-content\/uploads\/2021\/04\/APDCA-insurge-se.jpg 1024w, https:\/\/jornaldasoficinas.com\/pt\/wp-content\/uploads\/2021\/04\/APDCA-insurge-se-300x170.jpg 300w, https:\/\/jornaldasoficinas.com\/pt\/wp-content\/uploads\/2021\/04\/APDCA-insurge-se-150x85.jpg 150w, https:\/\/jornaldasoficinas.com\/pt\/wp-content\/uploads\/2021\/04\/APDCA-insurge-se-768x436.jpg 768w\" sizes=\"auto, (max-width: 1024px) 100vw, 1024px\" \/><\/strong><\/p>\n<p><strong>Foi publicada em Di\u00e1rio da Rep\u00fablica (DR) uma lei que altera o C\u00f3digo do ISV (Imposto Sobre Ve\u00edculos) e que prev\u00ea, a partir de 1 julho pr\u00f3ximo, o fim da isen\u00e7\u00e3o do referido imposto para os autom\u00f3veis ligeiros de mercadorias, de caixa aberta, sem caixa ou de caixa fechada que n\u00e3o t\u00eam a cabina integrada na carro\u00e7aria, com peso bruto at\u00e9 3.500kg e sem tra\u00e7\u00e3o \u00e0s quatro rodas.<\/strong><\/p>\n<p>Ao mesmo tempo, \u00e9 ainda revogado um outro benef\u00edcio fiscal em rela\u00e7\u00e3o ao Imposto \u00danico de Circula\u00e7\u00e3o (IUC), que previa uma redu\u00e7\u00e3o de 50% no caso de ve\u00edculos da categoria D (tamb\u00e9m de transporte de mercadorias), desde que &#8220;autorizados ou licenciados para o transporte de grandes objetos&#8221;.<\/p>\n<p>A APDCA \u2013 Associa\u00e7\u00e3o Portuguesa Do Com\u00e9rcio Autom\u00f3vel insurge-se contra mais este verdadeiro atentado ao sector autom\u00f3vel, j\u00e1 de si fragilizado pelas medidas restritivas impostas pela pandemia e pela consequente crise econ\u00f3mica.<\/p>\n<p>Mais, por se tratarem de viaturas de cariz vincadamente profissional, esta medida ir\u00e1 penalizar, acima de tudo, as empresas que as adquirem e utilizam no \u00e2mbito da sua atividade. Numa altura em que, como o pr\u00f3prio Governo reconhece, estas atravessam um per\u00edodo particularmente dif\u00edcil e especialmente desafiante que mereceria uma aten\u00e7\u00e3o especial por parte do executivo, nomeadamente no apoio \u00e0 tesouraria das referidas empresas que ser\u00e3o fortemente afetadas por esta medida.<\/p>\n<p>A APDCA critica ainda a total aus\u00eancia de di\u00e1logo com as associa\u00e7\u00f5es representativas do setor que, mais uma vez, s\u00e3o apanhadas de surpresa pela publica\u00e7\u00e3o de uma medida que as afeta diretamente e aos seus associados.<\/p>\n<p>Os argumentos utilizados pelo executivo na sua nota explicativa sobre a aplica\u00e7\u00e3o das medidas agora publicadas, s\u00e3o que \u201cos benef\u00edcios fiscais em causa eram injustificados e contr\u00e1rios aos princ\u00edpios ambientais que subjazem \u00e0 pr\u00f3pria l\u00f3gica daqueles impostos &#8211; j\u00e1 que o c\u00e1lculo do ISV tem crit\u00e9rios ambientais, penalizando os ve\u00edculos com mais emiss\u00f5es poluentes\u201d. Al\u00e9m disso, acrescenta a mesma nota, &#8220;t\u00eam-se revelado perme\u00e1veis a utiliza\u00e7\u00f5es abusivas&#8221;.<\/p>\n<p>A APDCA considera que estes tamb\u00e9m s\u00e3o contr\u00e1rios \u00e0 realidade e n\u00e3o t\u00eam em aten\u00e7\u00e3o os esfor\u00e7os que toda a ind\u00fastria autom\u00f3vel tem vindo a desenvolver para se adaptar em tempo recorde a uma mobilidade mais sustent\u00e1vel, com uma redu\u00e7\u00e3o muito substancial das suas emiss\u00f5es m\u00e9dias e adotando medidas que v\u00e3o, muitas vezes, al\u00e9m do exigido pelas normas europeias.<\/p>\n","protected":false},"excerpt":{"rendered":"<p>Foi publicada em Di\u00e1rio da Rep\u00fablica&#8230;<\/p>\n","protected":false},"author":15,"featured_media":20509,"comment_status":"closed","ping_status":"closed","sticky":false,"template":"","format":"standard","meta":{"footnotes":""},"categories":[37],"tags":[1499],"class_list":["post-20526","post","type-post","status-publish","format-standard","has-post-thumbnail","hentry","category-mercado","tag-apdca"],"yoast_head":"<!-- This site is optimized with the Yoast SEO plugin v27.4 - https:\/\/yoast.com\/product\/yoast-seo-wordpress\/ -->\n<title>APDCA insurge-se contra altera\u00e7\u00e3o do ISV - Jornal das Oficinas<\/title>\n<meta name=\"robots\" content=\"index, follow, max-snippet:-1, max-image-preview:large, max-video-preview:-1\" \/>\n<link rel=\"canonical\" href=\"https:\/\/jornaldasoficinas.com\/pt\/apdca-insurge-se-contra-alteracao-do-isv\/\" \/>\n<meta property=\"og:locale\" content=\"pt_PT\" \/>\n<meta property=\"og:type\" content=\"article\" \/>\n<meta property=\"og:title\" content=\"APDCA insurge-se contra altera\u00e7\u00e3o do ISV - Jornal das Oficinas\" \/>\n<meta property=\"og:description\" content=\"Foi publicada em Di\u00e1rio da Rep\u00fablica...\" \/>\n<meta property=\"og:url\" content=\"https:\/\/jornaldasoficinas.com\/pt\/apdca-insurge-se-contra-alteracao-do-isv\/\" \/>\n<meta property=\"og:site_name\" content=\"Jornal das Oficinas\" \/>\n<meta property=\"article:publisher\" content=\"https:\/\/www.facebook.com\/jornaloficinas\" \/>\n<meta property=\"article:published_time\" content=\"2021-04-26T15:00:14+00:00\" \/>\n<meta property=\"og:image\" content=\"https:\/\/jornaldasoficinas.com\/pt\/wp-content\/uploads\/2021\/04\/APDCA-insurge-se.jpg\" \/>\n\t<meta property=\"og:image:width\" content=\"1024\" \/>\n\t<meta property=\"og:image:height\" content=\"581\" \/>\n\t<meta property=\"og:image:type\" content=\"image\/jpeg\" \/>\n<meta name=\"author\" content=\"Reda\u00e7\u00e3o JO\" \/>\n<meta name=\"twitter:card\" content=\"summary_large_image\" \/>\n<meta name=\"twitter:creator\" content=\"@jornaloficinas\" \/>\n<meta name=\"twitter:site\" content=\"@jornaloficinas\" \/>\n<meta name=\"twitter:label1\" content=\"Escrito por\" \/>\n\t<meta name=\"twitter:data1\" content=\"Reda\u00e7\u00e3o JO\" \/>\n\t<meta name=\"twitter:label2\" content=\"Tempo estimado de leitura\" \/>\n\t<meta name=\"twitter:data2\" content=\"2 minutos\" \/>\n<script type=\"application\/ld+json\" class=\"yoast-schema-graph\">{\"@context\":\"https:\\\/\\\/schema.org\",\"@graph\":[{\"@type\":\"Article\",\"@id\":\"https:\\\/\\\/jornaldasoficinas.com\\\/pt\\\/apdca-insurge-se-contra-alteracao-do-isv\\\/#article\",\"isPartOf\":{\"@id\":\"https:\\\/\\\/jornaldasoficinas.com\\\/pt\\\/apdca-insurge-se-contra-alteracao-do-isv\\\/\"},\"author\":{\"name\":\"Reda\u00e7\u00e3o JO\",\"@id\":\"https:\\\/\\\/jornaldasoficinas.com\\\/pt\\\/#\\\/schema\\\/person\\\/a38eef5de2c41d9e7c9ac10141afddf3\"},\"headline\":\"APDCA insurge-se contra altera\u00e7\u00e3o do ISV\",\"datePublished\":\"2021-04-26T15:00:14+00:00\",\"mainEntityOfPage\":{\"@id\":\"https:\\\/\\\/jornaldasoficinas.com\\\/pt\\\/apdca-insurge-se-contra-alteracao-do-isv\\\/\"},\"wordCount\":441,\"publisher\":{\"@id\":\"https:\\\/\\\/jornaldasoficinas.com\\\/pt\\\/#organization\"},\"image\":{\"@id\":\"https:\\\/\\\/jornaldasoficinas.com\\\/pt\\\/apdca-insurge-se-contra-alteracao-do-isv\\\/#primaryimage\"},\"thumbnailUrl\":\"https:\\\/\\\/jornaldasoficinas.com\\\/pt\\\/wp-content\\\/uploads\\\/2021\\\/04\\\/APDCA-insurge-se.jpg\",\"keywords\":[\"APDCA\"],\"articleSection\":[\"Mercado\"],\"inLanguage\":\"pt-PT\"},{\"@type\":\"WebPage\",\"@id\":\"https:\\\/\\\/jornaldasoficinas.com\\\/pt\\\/apdca-insurge-se-contra-alteracao-do-isv\\\/\",\"url\":\"https:\\\/\\\/jornaldasoficinas.com\\\/pt\\\/apdca-insurge-se-contra-alteracao-do-isv\\\/\",\"name\":\"APDCA insurge-se contra altera\u00e7\u00e3o do ISV - Jornal das Oficinas\",\"isPartOf\":{\"@id\":\"https:\\\/\\\/jornaldasoficinas.com\\\/pt\\\/#website\"},\"primaryImageOfPage\":{\"@id\":\"https:\\\/\\\/jornaldasoficinas.com\\\/pt\\\/apdca-insurge-se-contra-alteracao-do-isv\\\/#primaryimage\"},\"image\":{\"@id\":\"https:\\\/\\\/jornaldasoficinas.com\\\/pt\\\/apdca-insurge-se-contra-alteracao-do-isv\\\/#primaryimage\"},\"thumbnailUrl\":\"https:\\\/\\\/jornaldasoficinas.com\\\/pt\\\/wp-content\\\/uploads\\\/2021\\\/04\\\/APDCA-insurge-se.jpg\",\"datePublished\":\"2021-04-26T15:00:14+00:00\",\"breadcrumb\":{\"@id\":\"https:\\\/\\\/jornaldasoficinas.com\\\/pt\\\/apdca-insurge-se-contra-alteracao-do-isv\\\/#breadcrumb\"},\"inLanguage\":\"pt-PT\",\"potentialAction\":[{\"@type\":\"ReadAction\",\"target\":[\"https:\\\/\\\/jornaldasoficinas.com\\\/pt\\\/apdca-insurge-se-contra-alteracao-do-isv\\\/\"]}]},{\"@type\":\"ImageObject\",\"inLanguage\":\"pt-PT\",\"@id\":\"https:\\\/\\\/jornaldasoficinas.com\\\/pt\\\/apdca-insurge-se-contra-alteracao-do-isv\\\/#primaryimage\",\"url\":\"https:\\\/\\\/jornaldasoficinas.com\\\/pt\\\/wp-content\\\/uploads\\\/2021\\\/04\\\/APDCA-insurge-se.jpg\",\"contentUrl\":\"https:\\\/\\\/jornaldasoficinas.com\\\/pt\\\/wp-content\\\/uploads\\\/2021\\\/04\\\/APDCA-insurge-se.jpg\",\"width\":1024,\"height\":581,\"caption\":\"04 - APDCA-insurge-se\"},{\"@type\":\"BreadcrumbList\",\"@id\":\"https:\\\/\\\/jornaldasoficinas.com\\\/pt\\\/apdca-insurge-se-contra-alteracao-do-isv\\\/#breadcrumb\",\"itemListElement\":[{\"@type\":\"ListItem\",\"position\":1,\"name\":\"In\u00edcio\",\"item\":\"https:\\\/\\\/jornaldasoficinas.com\\\/pt\\\/\"},{\"@type\":\"ListItem\",\"position\":2,\"name\":\"APDCA insurge-se contra altera\u00e7\u00e3o do ISV\"}]},{\"@type\":\"WebSite\",\"@id\":\"https:\\\/\\\/jornaldasoficinas.com\\\/pt\\\/#website\",\"url\":\"https:\\\/\\\/jornaldasoficinas.com\\\/pt\\\/\",\"name\":\"Jornal das Oficinas\",\"description\":\"Jornal independente do Aftermarket Autom\u00f3vel em Portugal\",\"publisher\":{\"@id\":\"https:\\\/\\\/jornaldasoficinas.com\\\/pt\\\/#organization\"},\"potentialAction\":[{\"@type\":\"SearchAction\",\"target\":{\"@type\":\"EntryPoint\",\"urlTemplate\":\"https:\\\/\\\/jornaldasoficinas.com\\\/pt\\\/?s={search_term_string}\"},\"query-input\":{\"@type\":\"PropertyValueSpecification\",\"valueRequired\":true,\"valueName\":\"search_term_string\"}}],\"inLanguage\":\"pt-PT\"},{\"@type\":\"Organization\",\"@id\":\"https:\\\/\\\/jornaldasoficinas.com\\\/pt\\\/#organization\",\"name\":\"Jornal das Oficinas\",\"url\":\"https:\\\/\\\/jornaldasoficinas.com\\\/pt\\\/\",\"logo\":{\"@type\":\"ImageObject\",\"inLanguage\":\"pt-PT\",\"@id\":\"https:\\\/\\\/jornaldasoficinas.com\\\/pt\\\/#\\\/schema\\\/logo\\\/image\\\/\",\"url\":\"https:\\\/\\\/jornaldasoficinas.com\\\/pt\\\/wp-content\\\/uploads\\\/logoJO-SEO.png\",\"contentUrl\":\"https:\\\/\\\/jornaldasoficinas.com\\\/pt\\\/wp-content\\\/uploads\\\/logoJO-SEO.png\",\"width\":285,\"height\":450,\"caption\":\"Jornal das Oficinas\"},\"image\":{\"@id\":\"https:\\\/\\\/jornaldasoficinas.com\\\/pt\\\/#\\\/schema\\\/logo\\\/image\\\/\"},\"sameAs\":[\"https:\\\/\\\/www.facebook.com\\\/jornaloficinas\",\"https:\\\/\\\/x.com\\\/jornaloficinas\",\"https:\\\/\\\/www.instagram.com\\\/jornal_oficinas\\\/\",\"https:\\\/\\\/www.linkedin.com\\\/company\\\/jornal-das-oficinas\\\/\",\"https:\\\/\\\/www.youtube.com\\\/channel\\\/UCbQZBqtcvV-oSQrr7RzINGg\"]},{\"@type\":\"Person\",\"@id\":\"https:\\\/\\\/jornaldasoficinas.com\\\/pt\\\/#\\\/schema\\\/person\\\/a38eef5de2c41d9e7c9ac10141afddf3\",\"name\":\"Reda\u00e7\u00e3o JO\",\"image\":{\"@type\":\"ImageObject\",\"inLanguage\":\"pt-PT\",\"@id\":\"https:\\\/\\\/secure.gravatar.com\\\/avatar\\\/71f2fa71737ad68a84fea94bc708ddac8ea5b0c4788dc2ad202f3ccb2887742f?s=96&d=wp_user_avatar&r=g\",\"url\":\"https:\\\/\\\/secure.gravatar.com\\\/avatar\\\/71f2fa71737ad68a84fea94bc708ddac8ea5b0c4788dc2ad202f3ccb2887742f?s=96&d=wp_user_avatar&r=g\",\"contentUrl\":\"https:\\\/\\\/secure.gravatar.com\\\/avatar\\\/71f2fa71737ad68a84fea94bc708ddac8ea5b0c4788dc2ad202f3ccb2887742f?s=96&d=wp_user_avatar&r=g\",\"caption\":\"Reda\u00e7\u00e3o JO\"},\"url\":\"https:\\\/\\\/jornaldasoficinas.com\\\/pt\\\/author\\\/joredacao\\\/\"}]}<\/script>\n<!-- \/ Yoast SEO plugin. -->","yoast_head_json":{"title":"APDCA insurge-se contra altera\u00e7\u00e3o do ISV - Jornal das Oficinas","robots":{"index":"index","follow":"follow","max-snippet":"max-snippet:-1","max-image-preview":"max-image-preview:large","max-video-preview":"max-video-preview:-1"},"canonical":"https:\/\/jornaldasoficinas.com\/pt\/apdca-insurge-se-contra-alteracao-do-isv\/","og_locale":"pt_PT","og_type":"article","og_title":"APDCA insurge-se contra altera\u00e7\u00e3o do ISV - Jornal das Oficinas","og_description":"Foi publicada em Di\u00e1rio da Rep\u00fablica...","og_url":"https:\/\/jornaldasoficinas.com\/pt\/apdca-insurge-se-contra-alteracao-do-isv\/","og_site_name":"Jornal das Oficinas","article_publisher":"https:\/\/www.facebook.com\/jornaloficinas","article_published_time":"2021-04-26T15:00:14+00:00","og_image":[{"width":1024,"height":581,"url":"https:\/\/jornaldasoficinas.com\/pt\/wp-content\/uploads\/2021\/04\/APDCA-insurge-se.jpg","type":"image\/jpeg"}],"author":"Reda\u00e7\u00e3o JO","twitter_card":"summary_large_image","twitter_creator":"@jornaloficinas","twitter_site":"@jornaloficinas","twitter_misc":{"Escrito por":"Reda\u00e7\u00e3o JO","Tempo estimado de leitura":"2 minutos"},"schema":{"@context":"https:\/\/schema.org","@graph":[{"@type":"Article","@id":"https:\/\/jornaldasoficinas.com\/pt\/apdca-insurge-se-contra-alteracao-do-isv\/#article","isPartOf":{"@id":"https:\/\/jornaldasoficinas.com\/pt\/apdca-insurge-se-contra-alteracao-do-isv\/"},"author":{"name":"Reda\u00e7\u00e3o JO","@id":"https:\/\/jornaldasoficinas.com\/pt\/#\/schema\/person\/a38eef5de2c41d9e7c9ac10141afddf3"},"headline":"APDCA insurge-se contra altera\u00e7\u00e3o do ISV","datePublished":"2021-04-26T15:00:14+00:00","mainEntityOfPage":{"@id":"https:\/\/jornaldasoficinas.com\/pt\/apdca-insurge-se-contra-alteracao-do-isv\/"},"wordCount":441,"publisher":{"@id":"https:\/\/jornaldasoficinas.com\/pt\/#organization"},"image":{"@id":"https:\/\/jornaldasoficinas.com\/pt\/apdca-insurge-se-contra-alteracao-do-isv\/#primaryimage"},"thumbnailUrl":"https:\/\/jornaldasoficinas.com\/pt\/wp-content\/uploads\/2021\/04\/APDCA-insurge-se.jpg","keywords":["APDCA"],"articleSection":["Mercado"],"inLanguage":"pt-PT"},{"@type":"WebPage","@id":"https:\/\/jornaldasoficinas.com\/pt\/apdca-insurge-se-contra-alteracao-do-isv\/","url":"https:\/\/jornaldasoficinas.com\/pt\/apdca-insurge-se-contra-alteracao-do-isv\/","name":"APDCA insurge-se contra altera\u00e7\u00e3o do ISV - Jornal das Oficinas","isPartOf":{"@id":"https:\/\/jornaldasoficinas.com\/pt\/#website"},"primaryImageOfPage":{"@id":"https:\/\/jornaldasoficinas.com\/pt\/apdca-insurge-se-contra-alteracao-do-isv\/#primaryimage"},"image":{"@id":"https:\/\/jornaldasoficinas.com\/pt\/apdca-insurge-se-contra-alteracao-do-isv\/#primaryimage"},"thumbnailUrl":"https:\/\/jornaldasoficinas.com\/pt\/wp-content\/uploads\/2021\/04\/APDCA-insurge-se.jpg","datePublished":"2021-04-26T15:00:14+00:00","breadcrumb":{"@id":"https:\/\/jornaldasoficinas.com\/pt\/apdca-insurge-se-contra-alteracao-do-isv\/#breadcrumb"},"inLanguage":"pt-PT","potentialAction":[{"@type":"ReadAction","target":["https:\/\/jornaldasoficinas.com\/pt\/apdca-insurge-se-contra-alteracao-do-isv\/"]}]},{"@type":"ImageObject","inLanguage":"pt-PT","@id":"https:\/\/jornaldasoficinas.com\/pt\/apdca-insurge-se-contra-alteracao-do-isv\/#primaryimage","url":"https:\/\/jornaldasoficinas.com\/pt\/wp-content\/uploads\/2021\/04\/APDCA-insurge-se.jpg","contentUrl":"https:\/\/jornaldasoficinas.com\/pt\/wp-content\/uploads\/2021\/04\/APDCA-insurge-se.jpg","width":1024,"height":581,"caption":"04 - APDCA-insurge-se"},{"@type":"BreadcrumbList","@id":"https:\/\/jornaldasoficinas.com\/pt\/apdca-insurge-se-contra-alteracao-do-isv\/#breadcrumb","itemListElement":[{"@type":"ListItem","position":1,"name":"In\u00edcio","item":"https:\/\/jornaldasoficinas.com\/pt\/"},{"@type":"ListItem","position":2,"name":"APDCA insurge-se contra altera\u00e7\u00e3o do ISV"}]},{"@type":"WebSite","@id":"https:\/\/jornaldasoficinas.com\/pt\/#website","url":"https:\/\/jornaldasoficinas.com\/pt\/","name":"Jornal das Oficinas","description":"Jornal independente do Aftermarket Autom\u00f3vel em Portugal","publisher":{"@id":"https:\/\/jornaldasoficinas.com\/pt\/#organization"},"potentialAction":[{"@type":"SearchAction","target":{"@type":"EntryPoint","urlTemplate":"https:\/\/jornaldasoficinas.com\/pt\/?s={search_term_string}"},"query-input":{"@type":"PropertyValueSpecification","valueRequired":true,"valueName":"search_term_string"}}],"inLanguage":"pt-PT"},{"@type":"Organization","@id":"https:\/\/jornaldasoficinas.com\/pt\/#organization","name":"Jornal das Oficinas","url":"https:\/\/jornaldasoficinas.com\/pt\/","logo":{"@type":"ImageObject","inLanguage":"pt-PT","@id":"https:\/\/jornaldasoficinas.com\/pt\/#\/schema\/logo\/image\/","url":"https:\/\/jornaldasoficinas.com\/pt\/wp-content\/uploads\/logoJO-SEO.png","contentUrl":"https:\/\/jornaldasoficinas.com\/pt\/wp-content\/uploads\/logoJO-SEO.png","width":285,"height":450,"caption":"Jornal das Oficinas"},"image":{"@id":"https:\/\/jornaldasoficinas.com\/pt\/#\/schema\/logo\/image\/"},"sameAs":["https:\/\/www.facebook.com\/jornaloficinas","https:\/\/x.com\/jornaloficinas","https:\/\/www.instagram.com\/jornal_oficinas\/","https:\/\/www.linkedin.com\/company\/jornal-das-oficinas\/","https:\/\/www.youtube.com\/channel\/UCbQZBqtcvV-oSQrr7RzINGg"]},{"@type":"Person","@id":"https:\/\/jornaldasoficinas.com\/pt\/#\/schema\/person\/a38eef5de2c41d9e7c9ac10141afddf3","name":"Reda\u00e7\u00e3o JO","image":{"@type":"ImageObject","inLanguage":"pt-PT","@id":"https:\/\/secure.gravatar.com\/avatar\/71f2fa71737ad68a84fea94bc708ddac8ea5b0c4788dc2ad202f3ccb2887742f?s=96&d=wp_user_avatar&r=g","url":"https:\/\/secure.gravatar.com\/avatar\/71f2fa71737ad68a84fea94bc708ddac8ea5b0c4788dc2ad202f3ccb2887742f?s=96&d=wp_user_avatar&r=g","contentUrl":"https:\/\/secure.gravatar.com\/avatar\/71f2fa71737ad68a84fea94bc708ddac8ea5b0c4788dc2ad202f3ccb2887742f?s=96&d=wp_user_avatar&r=g","caption":"Reda\u00e7\u00e3o JO"},"url":"https:\/\/jornaldasoficinas.com\/pt\/author\/joredacao\/"}]}},"_links":{"self":[{"href":"https:\/\/jornaldasoficinas.com\/pt\/wp-json\/wp\/v2\/posts\/20526","targetHints":{"allow":["GET"]}}],"collection":[{"href":"https:\/\/jornaldasoficinas.com\/pt\/wp-json\/wp\/v2\/posts"}],"about":[{"href":"https:\/\/jornaldasoficinas.com\/pt\/wp-json\/wp\/v2\/types\/post"}],"author":[{"embeddable":true,"href":"https:\/\/jornaldasoficinas.com\/pt\/wp-json\/wp\/v2\/users\/15"}],"replies":[{"embeddable":true,"href":"https:\/\/jornaldasoficinas.com\/pt\/wp-json\/wp\/v2\/comments?post=20526"}],"version-history":[{"count":0,"href":"https:\/\/jornaldasoficinas.com\/pt\/wp-json\/wp\/v2\/posts\/20526\/revisions"}],"wp:featuredmedia":[{"embeddable":true,"href":"https:\/\/jornaldasoficinas.com\/pt\/wp-json\/wp\/v2\/media\/20509"}],"wp:attachment":[{"href":"https:\/\/jornaldasoficinas.com\/pt\/wp-json\/wp\/v2\/media?parent=20526"}],"wp:term":[{"taxonomy":"category","embeddable":true,"href":"https:\/\/jornaldasoficinas.com\/pt\/wp-json\/wp\/v2\/categories?post=20526"},{"taxonomy":"post_tag","embeddable":true,"href":"https:\/\/jornaldasoficinas.com\/pt\/wp-json\/wp\/v2\/tags?post=20526"}],"curies":[{"name":"wp","href":"https:\/\/api.w.org\/{rel}","templated":true}]}}