{"id":20535,"date":"2021-04-27T12:00:27","date_gmt":"2021-04-27T11:00:27","guid":{"rendered":"https:\/\/jornaldasoficinas.com\/pt\/?p=20535"},"modified":"2021-04-26T09:15:53","modified_gmt":"2021-04-26T08:15:53","slug":"evio-disponibiliza-carregamento-ad-hoc-digital","status":"publish","type":"post","link":"https:\/\/jornaldasoficinas.com\/pt\/evio-disponibiliza-carregamento-ad-hoc-digital\/","title":{"rendered":"EVIO disponibiliza carregamento Ad Hoc digital"},"content":{"rendered":"<p><strong><img loading=\"lazy\" decoding=\"async\" class=\"alignnone wp-image-20510 size-full\" src=\"https:\/\/jornaldasoficinas.com\/pt\/wp-content\/uploads\/2021\/04\/EVIO-disponibiliza.png\" alt=\"04 - EVIO-disponibiliza\" width=\"1024\" height=\"581\" srcset=\"https:\/\/jornaldasoficinas.com\/pt\/wp-content\/uploads\/2021\/04\/EVIO-disponibiliza.png 1024w, https:\/\/jornaldasoficinas.com\/pt\/wp-content\/uploads\/2021\/04\/EVIO-disponibiliza-300x170.png 300w, https:\/\/jornaldasoficinas.com\/pt\/wp-content\/uploads\/2021\/04\/EVIO-disponibiliza-150x85.png 150w, https:\/\/jornaldasoficinas.com\/pt\/wp-content\/uploads\/2021\/04\/EVIO-disponibiliza-768x436.png 768w\" sizes=\"auto, (max-width: 1024px) 100vw, 1024px\" \/><\/strong><\/p>\n<p><strong>A EVIO, eleita startup do ano 2020 na \u00e1rea da mobilidade urbana, mostra a sua capacidade de inova\u00e7\u00e3o ao lan\u00e7ar uma aplica\u00e7\u00e3o para telem\u00f3vel que tem diversos servi\u00e7os para os utilizadores de ve\u00edculos el\u00e9tricos, destacando-se o carregamento Ad Hoc na rede Mobi.E., sem que seja necess\u00e1rio efetuar um contrato com um comercializador de eletricidade para a mobilidade el\u00e9trica e utilizar um cart\u00e3o de carregamento f\u00edsico.<\/strong><\/p>\n<p>Porto, 22 de abril de 2021 \u2013 A EVIO, Electrical Mobility, com sede em Matosinhos, acaba de lan\u00e7ar uma aplica\u00e7\u00e3o para telem\u00f3vel que permite aos utilizadores de ve\u00edculos el\u00e9tricos efetuarem carregamentos Ad Hoc em qualquer posto da rede Mobi.E, sem que haja necessidade de efetuar um contrato com um comercializador de eletricidade para a mobilidade el\u00e9trica. A app EVIO elimina tamb\u00e9m a necessidade de um cart\u00e3o f\u00edsico para proceder ao carregamento.<\/p>\n<p>Com esta nova funcionalidade, j\u00e1 \u00e9 poss\u00edvel, por exemplo, a um turista ou um cidad\u00e3o que pretenda efetuar carregamentos na hora na rede Mobi.E faz\u00ea-lo instantaneamente, sem ter de esperar que lhe seja enviado um contrato para assinar e ter de o devolver acompanhado de uma autoriza\u00e7\u00e3o de d\u00e9bito na sua conta banc\u00e1ria, e depois ainda aguardar pelo envio de um cart\u00e3o f\u00edsico. O processo \u00e9 muito simples: basta fazer download da App, adicionar um dos v\u00e1rios meios de pagamento dispon\u00edveis e efetuar o carregamento.<\/p>\n<p>A App EVIO permite, nomeadamente: i) efetuar carregamento Ad Hoc na rede Mobi.E; ii) simular o custo final de um carregamento em qualquer posto de carregamento e consultar o respetivo detalhe das componentes de tarif\u00e1rio, iii) atrav\u00e9s de um comparador, selecionar v\u00e1rios postos de carregamento e comparar os respetivos tarif\u00e1rios e custo total de um carregamento independentemente das m\u00e9tricas de fatura\u00e7\u00e3o dos mesmos; iv) consultar os pontos de interesse\u00a0 que se encontram junto de um posto de carregamento (j\u00e1 pode escolher onde carregar enquanto faz compras ou faz uma refei\u00e7\u00e3o); (v) efetuar um planeamento de rota de forma inteligente, tendo em considera\u00e7\u00e3o a carga da bateria, a capacidade de carga, o ve\u00edculo e os postos de carregamento dispon\u00edveis no percurso; entre outros. Para al\u00e9m destes servi\u00e7os, o utilizador tem tamb\u00e9m \u00e0 sua disposi\u00e7\u00e3o outros mais b\u00e1sicos \u00e0 semelhan\u00e7a do que encontra atualmente no mercado.<\/p>\n<p>\u201cA EVIO ir\u00e1 continuar a inovar e a apresentar solu\u00e7\u00f5es disruptivas no setor da mobilidade el\u00e9trica, conforme previsto no seu roadmap e processo de expans\u00e3o internacional. Prova disso \u00e9 a recente aposta da Uni\u00e3o Europeia em entrar como acionista na empresa atrav\u00e9s do EIT Urban Mobility.\u201d, refor\u00e7a Carlos Almeida presidente da EVIO.<\/p>\n<p>A nova aplica\u00e7\u00e3o possibilita ainda aos utilizadores consultarem o seu consumo de forma agregada e detalhada, independentemente do local onde carregam, seja no trabalho, em casa ou na rua, desde que os postos estejam ligados \u00e0 rede Mobi.E.<\/p>\n<p>Lu\u00eds Barroso, presidente da MOBI.E, felicita a EVIO por este lan\u00e7amento e afirma \u201cos esfor\u00e7os que a MOBI.E tem vindo a desenvolver em conjunto com os agentes de mercado v\u00e3o no sentido de tornar a rede Mobi.E cada vez mais apelativa e com solu\u00e7\u00f5es simples e f\u00e1ceis de usar por todos os utilizadores. Esta nova funcionalidade vem colmatar uma necessidade do mercado que afetava essencialmente utilizadores espor\u00e1dicos de ve\u00edculos el\u00e9tricos, como turistas e estrangeiros\u201d.<\/p>\n<p>A App pode ser descarregada gratuitamente na Play Store ou Apple Store.<\/p>\n","protected":false},"excerpt":{"rendered":"<p>A EVIO, eleita startup do ano&#8230;<\/p>\n","protected":false},"author":15,"featured_media":20510,"comment_status":"closed","ping_status":"closed","sticky":false,"template":"","format":"standard","meta":{"footnotes":""},"categories":[118],"tags":[2586],"class_list":["post-20535","post","type-post","status-publish","format-standard","has-post-thumbnail","hentry","category-oficina-4-0","tag-evio"],"yoast_head":"<!-- This site is optimized with the Yoast SEO plugin v27.5 - https:\/\/yoast.com\/product\/yoast-seo-wordpress\/ -->\n<title>EVIO disponibiliza carregamento Ad Hoc digital - Jornal das Oficinas<\/title>\n<meta name=\"robots\" content=\"index, follow, max-snippet:-1, max-image-preview:large, max-video-preview:-1\" \/>\n<link rel=\"canonical\" href=\"https:\/\/jornaldasoficinas.com\/pt\/evio-disponibiliza-carregamento-ad-hoc-digital\/\" \/>\n<meta property=\"og:locale\" content=\"pt_PT\" \/>\n<meta property=\"og:type\" content=\"article\" \/>\n<meta property=\"og:title\" content=\"EVIO disponibiliza carregamento Ad Hoc digital - Jornal das Oficinas\" \/>\n<meta property=\"og:description\" content=\"A EVIO, eleita startup do ano...\" \/>\n<meta property=\"og:url\" content=\"https:\/\/jornaldasoficinas.com\/pt\/evio-disponibiliza-carregamento-ad-hoc-digital\/\" \/>\n<meta property=\"og:site_name\" content=\"Jornal das Oficinas\" \/>\n<meta property=\"article:publisher\" content=\"https:\/\/www.facebook.com\/jornaloficinas\" \/>\n<meta property=\"article:published_time\" content=\"2021-04-27T11:00:27+00:00\" \/>\n<meta property=\"og:image\" content=\"https:\/\/jornaldasoficinas.com\/pt\/wp-content\/uploads\/2021\/04\/EVIO-disponibiliza.png\" \/>\n\t<meta property=\"og:image:width\" content=\"1024\" \/>\n\t<meta property=\"og:image:height\" content=\"581\" \/>\n\t<meta property=\"og:image:type\" content=\"image\/png\" \/>\n<meta name=\"author\" content=\"Reda\u00e7\u00e3o JO\" \/>\n<meta name=\"twitter:card\" content=\"summary_large_image\" \/>\n<meta name=\"twitter:creator\" content=\"@jornaloficinas\" \/>\n<meta name=\"twitter:site\" content=\"@jornaloficinas\" \/>\n<meta name=\"twitter:label1\" content=\"Escrito por\" \/>\n\t<meta name=\"twitter:data1\" content=\"Reda\u00e7\u00e3o JO\" \/>\n\t<meta name=\"twitter:label2\" content=\"Tempo estimado de leitura\" \/>\n\t<meta name=\"twitter:data2\" content=\"3 minutos\" \/>\n<script type=\"application\/ld+json\" class=\"yoast-schema-graph\">{\"@context\":\"https:\\\/\\\/schema.org\",\"@graph\":[{\"@type\":\"Article\",\"@id\":\"https:\\\/\\\/jornaldasoficinas.com\\\/pt\\\/evio-disponibiliza-carregamento-ad-hoc-digital\\\/#article\",\"isPartOf\":{\"@id\":\"https:\\\/\\\/jornaldasoficinas.com\\\/pt\\\/evio-disponibiliza-carregamento-ad-hoc-digital\\\/\"},\"author\":{\"name\":\"Reda\u00e7\u00e3o JO\",\"@id\":\"https:\\\/\\\/jornaldasoficinas.com\\\/pt\\\/#\\\/schema\\\/person\\\/a38eef5de2c41d9e7c9ac10141afddf3\"},\"headline\":\"EVIO disponibiliza carregamento Ad Hoc digital\",\"datePublished\":\"2021-04-27T11:00:27+00:00\",\"mainEntityOfPage\":{\"@id\":\"https:\\\/\\\/jornaldasoficinas.com\\\/pt\\\/evio-disponibiliza-carregamento-ad-hoc-digital\\\/\"},\"wordCount\":607,\"publisher\":{\"@id\":\"https:\\\/\\\/jornaldasoficinas.com\\\/pt\\\/#organization\"},\"image\":{\"@id\":\"https:\\\/\\\/jornaldasoficinas.com\\\/pt\\\/evio-disponibiliza-carregamento-ad-hoc-digital\\\/#primaryimage\"},\"thumbnailUrl\":\"https:\\\/\\\/jornaldasoficinas.com\\\/pt\\\/wp-content\\\/uploads\\\/2021\\\/04\\\/EVIO-disponibiliza.png\",\"keywords\":[\"EVIO\"],\"articleSection\":[\"Oficina 4.0\"],\"inLanguage\":\"pt-PT\"},{\"@type\":\"WebPage\",\"@id\":\"https:\\\/\\\/jornaldasoficinas.com\\\/pt\\\/evio-disponibiliza-carregamento-ad-hoc-digital\\\/\",\"url\":\"https:\\\/\\\/jornaldasoficinas.com\\\/pt\\\/evio-disponibiliza-carregamento-ad-hoc-digital\\\/\",\"name\":\"EVIO disponibiliza carregamento Ad Hoc digital - Jornal das Oficinas\",\"isPartOf\":{\"@id\":\"https:\\\/\\\/jornaldasoficinas.com\\\/pt\\\/#website\"},\"primaryImageOfPage\":{\"@id\":\"https:\\\/\\\/jornaldasoficinas.com\\\/pt\\\/evio-disponibiliza-carregamento-ad-hoc-digital\\\/#primaryimage\"},\"image\":{\"@id\":\"https:\\\/\\\/jornaldasoficinas.com\\\/pt\\\/evio-disponibiliza-carregamento-ad-hoc-digital\\\/#primaryimage\"},\"thumbnailUrl\":\"https:\\\/\\\/jornaldasoficinas.com\\\/pt\\\/wp-content\\\/uploads\\\/2021\\\/04\\\/EVIO-disponibiliza.png\",\"datePublished\":\"2021-04-27T11:00:27+00:00\",\"breadcrumb\":{\"@id\":\"https:\\\/\\\/jornaldasoficinas.com\\\/pt\\\/evio-disponibiliza-carregamento-ad-hoc-digital\\\/#breadcrumb\"},\"inLanguage\":\"pt-PT\",\"potentialAction\":[{\"@type\":\"ReadAction\",\"target\":[\"https:\\\/\\\/jornaldasoficinas.com\\\/pt\\\/evio-disponibiliza-carregamento-ad-hoc-digital\\\/\"]}]},{\"@type\":\"ImageObject\",\"inLanguage\":\"pt-PT\",\"@id\":\"https:\\\/\\\/jornaldasoficinas.com\\\/pt\\\/evio-disponibiliza-carregamento-ad-hoc-digital\\\/#primaryimage\",\"url\":\"https:\\\/\\\/jornaldasoficinas.com\\\/pt\\\/wp-content\\\/uploads\\\/2021\\\/04\\\/EVIO-disponibiliza.png\",\"contentUrl\":\"https:\\\/\\\/jornaldasoficinas.com\\\/pt\\\/wp-content\\\/uploads\\\/2021\\\/04\\\/EVIO-disponibiliza.png\",\"width\":1024,\"height\":581,\"caption\":\"04 - EVIO-disponibiliza\"},{\"@type\":\"BreadcrumbList\",\"@id\":\"https:\\\/\\\/jornaldasoficinas.com\\\/pt\\\/evio-disponibiliza-carregamento-ad-hoc-digital\\\/#breadcrumb\",\"itemListElement\":[{\"@type\":\"ListItem\",\"position\":1,\"name\":\"In\u00edcio\",\"item\":\"https:\\\/\\\/jornaldasoficinas.com\\\/pt\\\/\"},{\"@type\":\"ListItem\",\"position\":2,\"name\":\"EVIO disponibiliza carregamento Ad Hoc digital\"}]},{\"@type\":\"WebSite\",\"@id\":\"https:\\\/\\\/jornaldasoficinas.com\\\/pt\\\/#website\",\"url\":\"https:\\\/\\\/jornaldasoficinas.com\\\/pt\\\/\",\"name\":\"Jornal das Oficinas\",\"description\":\"Jornal independente do Aftermarket Autom\u00f3vel em Portugal\",\"publisher\":{\"@id\":\"https:\\\/\\\/jornaldasoficinas.com\\\/pt\\\/#organization\"},\"potentialAction\":[{\"@type\":\"SearchAction\",\"target\":{\"@type\":\"EntryPoint\",\"urlTemplate\":\"https:\\\/\\\/jornaldasoficinas.com\\\/pt\\\/?s={search_term_string}\"},\"query-input\":{\"@type\":\"PropertyValueSpecification\",\"valueRequired\":true,\"valueName\":\"search_term_string\"}}],\"inLanguage\":\"pt-PT\"},{\"@type\":\"Organization\",\"@id\":\"https:\\\/\\\/jornaldasoficinas.com\\\/pt\\\/#organization\",\"name\":\"Jornal das Oficinas\",\"url\":\"https:\\\/\\\/jornaldasoficinas.com\\\/pt\\\/\",\"logo\":{\"@type\":\"ImageObject\",\"inLanguage\":\"pt-PT\",\"@id\":\"https:\\\/\\\/jornaldasoficinas.com\\\/pt\\\/#\\\/schema\\\/logo\\\/image\\\/\",\"url\":\"https:\\\/\\\/jornaldasoficinas.com\\\/pt\\\/wp-content\\\/uploads\\\/logoJO-SEO.png\",\"contentUrl\":\"https:\\\/\\\/jornaldasoficinas.com\\\/pt\\\/wp-content\\\/uploads\\\/logoJO-SEO.png\",\"width\":285,\"height\":450,\"caption\":\"Jornal das Oficinas\"},\"image\":{\"@id\":\"https:\\\/\\\/jornaldasoficinas.com\\\/pt\\\/#\\\/schema\\\/logo\\\/image\\\/\"},\"sameAs\":[\"https:\\\/\\\/www.facebook.com\\\/jornaloficinas\",\"https:\\\/\\\/x.com\\\/jornaloficinas\",\"https:\\\/\\\/www.instagram.com\\\/jornal_oficinas\\\/\",\"https:\\\/\\\/www.linkedin.com\\\/company\\\/jornal-das-oficinas\\\/\",\"https:\\\/\\\/www.youtube.com\\\/channel\\\/UCbQZBqtcvV-oSQrr7RzINGg\"]},{\"@type\":\"Person\",\"@id\":\"https:\\\/\\\/jornaldasoficinas.com\\\/pt\\\/#\\\/schema\\\/person\\\/a38eef5de2c41d9e7c9ac10141afddf3\",\"name\":\"Reda\u00e7\u00e3o JO\",\"image\":{\"@type\":\"ImageObject\",\"inLanguage\":\"pt-PT\",\"@id\":\"https:\\\/\\\/secure.gravatar.com\\\/avatar\\\/71f2fa71737ad68a84fea94bc708ddac8ea5b0c4788dc2ad202f3ccb2887742f?s=96&d=wp_user_avatar&r=g\",\"url\":\"https:\\\/\\\/secure.gravatar.com\\\/avatar\\\/71f2fa71737ad68a84fea94bc708ddac8ea5b0c4788dc2ad202f3ccb2887742f?s=96&d=wp_user_avatar&r=g\",\"contentUrl\":\"https:\\\/\\\/secure.gravatar.com\\\/avatar\\\/71f2fa71737ad68a84fea94bc708ddac8ea5b0c4788dc2ad202f3ccb2887742f?s=96&d=wp_user_avatar&r=g\",\"caption\":\"Reda\u00e7\u00e3o JO\"},\"url\":\"https:\\\/\\\/jornaldasoficinas.com\\\/pt\\\/author\\\/joredacao\\\/\"}]}<\/script>\n<!-- \/ Yoast SEO plugin. -->","yoast_head_json":{"title":"EVIO disponibiliza carregamento Ad Hoc digital - Jornal das Oficinas","robots":{"index":"index","follow":"follow","max-snippet":"max-snippet:-1","max-image-preview":"max-image-preview:large","max-video-preview":"max-video-preview:-1"},"canonical":"https:\/\/jornaldasoficinas.com\/pt\/evio-disponibiliza-carregamento-ad-hoc-digital\/","og_locale":"pt_PT","og_type":"article","og_title":"EVIO disponibiliza carregamento Ad Hoc digital - Jornal das Oficinas","og_description":"A EVIO, eleita startup do ano...","og_url":"https:\/\/jornaldasoficinas.com\/pt\/evio-disponibiliza-carregamento-ad-hoc-digital\/","og_site_name":"Jornal das Oficinas","article_publisher":"https:\/\/www.facebook.com\/jornaloficinas","article_published_time":"2021-04-27T11:00:27+00:00","og_image":[{"width":1024,"height":581,"url":"https:\/\/jornaldasoficinas.com\/pt\/wp-content\/uploads\/2021\/04\/EVIO-disponibiliza.png","type":"image\/png"}],"author":"Reda\u00e7\u00e3o JO","twitter_card":"summary_large_image","twitter_creator":"@jornaloficinas","twitter_site":"@jornaloficinas","twitter_misc":{"Escrito por":"Reda\u00e7\u00e3o JO","Tempo estimado de leitura":"3 minutos"},"schema":{"@context":"https:\/\/schema.org","@graph":[{"@type":"Article","@id":"https:\/\/jornaldasoficinas.com\/pt\/evio-disponibiliza-carregamento-ad-hoc-digital\/#article","isPartOf":{"@id":"https:\/\/jornaldasoficinas.com\/pt\/evio-disponibiliza-carregamento-ad-hoc-digital\/"},"author":{"name":"Reda\u00e7\u00e3o JO","@id":"https:\/\/jornaldasoficinas.com\/pt\/#\/schema\/person\/a38eef5de2c41d9e7c9ac10141afddf3"},"headline":"EVIO disponibiliza carregamento Ad Hoc digital","datePublished":"2021-04-27T11:00:27+00:00","mainEntityOfPage":{"@id":"https:\/\/jornaldasoficinas.com\/pt\/evio-disponibiliza-carregamento-ad-hoc-digital\/"},"wordCount":607,"publisher":{"@id":"https:\/\/jornaldasoficinas.com\/pt\/#organization"},"image":{"@id":"https:\/\/jornaldasoficinas.com\/pt\/evio-disponibiliza-carregamento-ad-hoc-digital\/#primaryimage"},"thumbnailUrl":"https:\/\/jornaldasoficinas.com\/pt\/wp-content\/uploads\/2021\/04\/EVIO-disponibiliza.png","keywords":["EVIO"],"articleSection":["Oficina 4.0"],"inLanguage":"pt-PT"},{"@type":"WebPage","@id":"https:\/\/jornaldasoficinas.com\/pt\/evio-disponibiliza-carregamento-ad-hoc-digital\/","url":"https:\/\/jornaldasoficinas.com\/pt\/evio-disponibiliza-carregamento-ad-hoc-digital\/","name":"EVIO disponibiliza carregamento Ad Hoc digital - Jornal das Oficinas","isPartOf":{"@id":"https:\/\/jornaldasoficinas.com\/pt\/#website"},"primaryImageOfPage":{"@id":"https:\/\/jornaldasoficinas.com\/pt\/evio-disponibiliza-carregamento-ad-hoc-digital\/#primaryimage"},"image":{"@id":"https:\/\/jornaldasoficinas.com\/pt\/evio-disponibiliza-carregamento-ad-hoc-digital\/#primaryimage"},"thumbnailUrl":"https:\/\/jornaldasoficinas.com\/pt\/wp-content\/uploads\/2021\/04\/EVIO-disponibiliza.png","datePublished":"2021-04-27T11:00:27+00:00","breadcrumb":{"@id":"https:\/\/jornaldasoficinas.com\/pt\/evio-disponibiliza-carregamento-ad-hoc-digital\/#breadcrumb"},"inLanguage":"pt-PT","potentialAction":[{"@type":"ReadAction","target":["https:\/\/jornaldasoficinas.com\/pt\/evio-disponibiliza-carregamento-ad-hoc-digital\/"]}]},{"@type":"ImageObject","inLanguage":"pt-PT","@id":"https:\/\/jornaldasoficinas.com\/pt\/evio-disponibiliza-carregamento-ad-hoc-digital\/#primaryimage","url":"https:\/\/jornaldasoficinas.com\/pt\/wp-content\/uploads\/2021\/04\/EVIO-disponibiliza.png","contentUrl":"https:\/\/jornaldasoficinas.com\/pt\/wp-content\/uploads\/2021\/04\/EVIO-disponibiliza.png","width":1024,"height":581,"caption":"04 - EVIO-disponibiliza"},{"@type":"BreadcrumbList","@id":"https:\/\/jornaldasoficinas.com\/pt\/evio-disponibiliza-carregamento-ad-hoc-digital\/#breadcrumb","itemListElement":[{"@type":"ListItem","position":1,"name":"In\u00edcio","item":"https:\/\/jornaldasoficinas.com\/pt\/"},{"@type":"ListItem","position":2,"name":"EVIO disponibiliza carregamento Ad Hoc digital"}]},{"@type":"WebSite","@id":"https:\/\/jornaldasoficinas.com\/pt\/#website","url":"https:\/\/jornaldasoficinas.com\/pt\/","name":"Jornal das Oficinas","description":"Jornal independente do Aftermarket Autom\u00f3vel em Portugal","publisher":{"@id":"https:\/\/jornaldasoficinas.com\/pt\/#organization"},"potentialAction":[{"@type":"SearchAction","target":{"@type":"EntryPoint","urlTemplate":"https:\/\/jornaldasoficinas.com\/pt\/?s={search_term_string}"},"query-input":{"@type":"PropertyValueSpecification","valueRequired":true,"valueName":"search_term_string"}}],"inLanguage":"pt-PT"},{"@type":"Organization","@id":"https:\/\/jornaldasoficinas.com\/pt\/#organization","name":"Jornal das Oficinas","url":"https:\/\/jornaldasoficinas.com\/pt\/","logo":{"@type":"ImageObject","inLanguage":"pt-PT","@id":"https:\/\/jornaldasoficinas.com\/pt\/#\/schema\/logo\/image\/","url":"https:\/\/jornaldasoficinas.com\/pt\/wp-content\/uploads\/logoJO-SEO.png","contentUrl":"https:\/\/jornaldasoficinas.com\/pt\/wp-content\/uploads\/logoJO-SEO.png","width":285,"height":450,"caption":"Jornal das Oficinas"},"image":{"@id":"https:\/\/jornaldasoficinas.com\/pt\/#\/schema\/logo\/image\/"},"sameAs":["https:\/\/www.facebook.com\/jornaloficinas","https:\/\/x.com\/jornaloficinas","https:\/\/www.instagram.com\/jornal_oficinas\/","https:\/\/www.linkedin.com\/company\/jornal-das-oficinas\/","https:\/\/www.youtube.com\/channel\/UCbQZBqtcvV-oSQrr7RzINGg"]},{"@type":"Person","@id":"https:\/\/jornaldasoficinas.com\/pt\/#\/schema\/person\/a38eef5de2c41d9e7c9ac10141afddf3","name":"Reda\u00e7\u00e3o JO","image":{"@type":"ImageObject","inLanguage":"pt-PT","@id":"https:\/\/secure.gravatar.com\/avatar\/71f2fa71737ad68a84fea94bc708ddac8ea5b0c4788dc2ad202f3ccb2887742f?s=96&d=wp_user_avatar&r=g","url":"https:\/\/secure.gravatar.com\/avatar\/71f2fa71737ad68a84fea94bc708ddac8ea5b0c4788dc2ad202f3ccb2887742f?s=96&d=wp_user_avatar&r=g","contentUrl":"https:\/\/secure.gravatar.com\/avatar\/71f2fa71737ad68a84fea94bc708ddac8ea5b0c4788dc2ad202f3ccb2887742f?s=96&d=wp_user_avatar&r=g","caption":"Reda\u00e7\u00e3o JO"},"url":"https:\/\/jornaldasoficinas.com\/pt\/author\/joredacao\/"}]}},"_links":{"self":[{"href":"https:\/\/jornaldasoficinas.com\/pt\/wp-json\/wp\/v2\/posts\/20535","targetHints":{"allow":["GET"]}}],"collection":[{"href":"https:\/\/jornaldasoficinas.com\/pt\/wp-json\/wp\/v2\/posts"}],"about":[{"href":"https:\/\/jornaldasoficinas.com\/pt\/wp-json\/wp\/v2\/types\/post"}],"author":[{"embeddable":true,"href":"https:\/\/jornaldasoficinas.com\/pt\/wp-json\/wp\/v2\/users\/15"}],"replies":[{"embeddable":true,"href":"https:\/\/jornaldasoficinas.com\/pt\/wp-json\/wp\/v2\/comments?post=20535"}],"version-history":[{"count":0,"href":"https:\/\/jornaldasoficinas.com\/pt\/wp-json\/wp\/v2\/posts\/20535\/revisions"}],"wp:featuredmedia":[{"embeddable":true,"href":"https:\/\/jornaldasoficinas.com\/pt\/wp-json\/wp\/v2\/media\/20510"}],"wp:attachment":[{"href":"https:\/\/jornaldasoficinas.com\/pt\/wp-json\/wp\/v2\/media?parent=20535"}],"wp:term":[{"taxonomy":"category","embeddable":true,"href":"https:\/\/jornaldasoficinas.com\/pt\/wp-json\/wp\/v2\/categories?post=20535"},{"taxonomy":"post_tag","embeddable":true,"href":"https:\/\/jornaldasoficinas.com\/pt\/wp-json\/wp\/v2\/tags?post=20535"}],"curies":[{"name":"wp","href":"https:\/\/api.w.org\/{rel}","templated":true}]}}