{"id":20538,"date":"2021-04-27T14:00:07","date_gmt":"2021-04-27T13:00:07","guid":{"rendered":"https:\/\/jornaldasoficinas.com\/pt\/?p=20538"},"modified":"2021-04-26T09:18:00","modified_gmt":"2021-04-26T08:18:00","slug":"nestle-vai-ter-frota-automovel-100-eletrica-ate-2024","status":"publish","type":"post","link":"https:\/\/jornaldasoficinas.com\/pt\/nestle-vai-ter-frota-automovel-100-eletrica-ate-2024\/","title":{"rendered":"Nestl\u00e9 vai ter frota autom\u00f3vel 100% el\u00e9trica at\u00e9 2024"},"content":{"rendered":"<p><img loading=\"lazy\" decoding=\"async\" class=\"alignnone wp-image-20519 size-full\" src=\"https:\/\/jornaldasoficinas.com\/pt\/wp-content\/uploads\/2021\/04\/Nestle\u0301-vai-ter-frota.jpg\" alt=\"04 - Nestle\u0301-vai-ter-frota\" width=\"1024\" height=\"581\" srcset=\"https:\/\/jornaldasoficinas.com\/pt\/wp-content\/uploads\/2021\/04\/Nestle\u0301-vai-ter-frota.jpg 1024w, https:\/\/jornaldasoficinas.com\/pt\/wp-content\/uploads\/2021\/04\/Nestle\u0301-vai-ter-frota-300x170.jpg 300w, https:\/\/jornaldasoficinas.com\/pt\/wp-content\/uploads\/2021\/04\/Nestle\u0301-vai-ter-frota-150x85.jpg 150w, https:\/\/jornaldasoficinas.com\/pt\/wp-content\/uploads\/2021\/04\/Nestle\u0301-vai-ter-frota-768x436.jpg 768w\" sizes=\"auto, (max-width: 1024px) 100vw, 1024px\" \/><\/p>\n<p><strong>A Nestl\u00e9 deu in\u00edcio ao projeto de transforma\u00e7\u00e3o de toda a sua frota autom\u00f3vel para ve\u00edculos el\u00e9tricos e h\u00edbridos, uma iniciativa pioneira no pa\u00eds\u00a0pela sua dimens\u00e3o e\u00a0que\u00a0est\u00e1 inserida no compromisso, assumido globalmente pela Nestl\u00e9, de atingir a neutralidade\u00a0carb\u00f3nica\u00a0at\u00e9 2050.\u00a0<\/strong><\/p>\n<p>Hoje mesmo foram entregues pela Arval, uma das empresas parceiras da Nestl\u00e9 na gest\u00e3o de frota, as primeiras viaturas 100% el\u00e9tricas aos colaboradores,\u00a0de um total previsto de mais de 465 ve\u00edculos.<\/p>\n<p>Esta \u00e9 a primeira etapa de um projeto que estar\u00e1 conclu\u00eddo at\u00e9 final de 2024 com uma frota autom\u00f3vel, comercial e n\u00e3o-comercial, 100% el\u00e9trica\/h\u00edbrida.\u202fDesta forma, at\u00e9 dezembro de 2024, e de acordo com as datas de finaliza\u00e7\u00e3o de contratos existentes, as viaturas de frota que s\u00e3o atualmente de combust\u00edveis fosseis, ser\u00e3o progressivamente substitu\u00eddas por ve\u00edculos\u202fel\u00e9tricos\u00a0ou h\u00edbridos\u202fplug-in.<\/p>\n<p>A par com os restantes projetos em curso (mobilidade integrada, eletricidade 100% renov\u00e1vel certificada, instala\u00e7\u00e3o de pain\u00e9is solares, efici\u00eancia de opera\u00e7\u00f5es, transforma\u00e7\u00e3o de materiais de embalagens, entre outros) no quadro da estrat\u00e9gia de\u00a0Green\u202fVision\u00a0da empresa, este projeto\u00a0dar\u00e1 um relevante contributo para o objetivo global de redu\u00e7\u00e3o do impacto ambiental das opera\u00e7\u00f5es da companhia, com uma redu\u00e7\u00e3o estimada de aproximadamente de 1800 toneladas de CO2 por ano. Para\u00a0que\u00a0este objetivo\u00a0tenha sucesso, a Nestl\u00e9 est\u00e1 a operar\u00a0uma verdadeira mudan\u00e7a de paradigma e\u00a0a op\u00e7\u00e3o do ve\u00edculo el\u00e9trico \u00e9 uma pe\u00e7a fundamental neste contexto.<\/p>\n<p>\u201cPela dimens\u00e3o do\u00a0seu\u00a0projeto, a Nestl\u00e9 \u00e9 pioneira em Portugal na\u00a0transforma\u00e7\u00e3o da sua frota autom\u00f3vel, com mais de 465 ve\u00edculos a passarem, at\u00e9 final de 2024, para a tecnologia el\u00e9trica e h\u00edbrida. Somos\u00a0o exemplo de que \u00e9 poss\u00edvel tirar partido da tecnologia j\u00e1 existente\u00a0e coloc\u00e1-la ao servi\u00e7o da sustentabilidade das opera\u00e7\u00f5es das empresas e,\u00a0com isso,\u00a0reduzir substancialmente os seus impactos ambientais. Este \u00e9 um grande contributo para o objetivo m\u00e1ximo da Companhia de atingir a neutralidade carb\u00f3nica at\u00e9 2050, partilhando valor com a sociedade ao longo do seu desenvolvimento\u201d, afirma Alexis Pinheiro, Workplace Solutions Manager da Nestl\u00e9 Portugal.<\/p>\n<p>Alterar totalmente uma frota autom\u00f3vel\u00a0constitui\u00a0um significativo desafio para colaboradores e empresa, nomeadamente no que toca \u00e0 altera\u00e7\u00e3o de comportamentos e rotinas di\u00e1rias\u00a0e, por essa raz\u00e3o, foram j\u00e1 realizadas diversas sess\u00f5es de forma\u00e7\u00e3o sobre como conduzir um ve\u00edculo el\u00e9trico, cuidados a ter na gest\u00e3o das suas autonomias , locais de abastecimento e como utiliz\u00e1-los de maneira eficiente, entre outras quest\u00f5es relacionadas com a gest\u00e3o da mudan\u00e7a para um dia-a-dia diferente e mais sustent\u00e1vel.<\/p>\n<p>Do lado da empresa, simultaneamente com a altera\u00e7\u00e3o das viaturas, procedeu-se tamb\u00e9m \u00e0 coloca\u00e7\u00e3o de postos\u00a0de carregamento de viaturas no edif\u00edcio\u00a0sede,\u00a0em Linda-a-Velha\u00a0e\u00a0nas f\u00e1bricas de Avanca e Porto. Numa segunda fase estes postos de carregamento ser\u00e3o tamb\u00e9m colocados noutros\u00a0sites\u00a0Nestl\u00e9 Portugal, como por exemplo, na delega\u00e7\u00e3o comercial do Funchal. No total, ser\u00e3o instalados 72 postos de carregamentos at\u00e9 final de 2024: 12 na F\u00e1brica do Porto, 6 na F\u00e1brica de Avanca, 52 na Sede em Linda-a-Velha e dois na delega\u00e7\u00e3o comercial no Funchal. Todos eles ter\u00e3o capacidade de 7,4 kwh para um tempo estimado de carregamento de cinco horas para os ve\u00edculos el\u00e9tricos e duas horas para os h\u00edbridos.<\/p>\n<p>Al\u00e9m destes postos de carregamento da empresa, os novos condutores de ve\u00edculos el\u00e9tricos t\u00eam ainda \u00e0 sua disposi\u00e7\u00e3o toda a rede\u00a0de abastecimento p\u00fablico\u00a0(Mobi-E), cujo carregamento ser\u00e1 feito atrav\u00e9s do contrato CEME celebrado com a empresa Mobiletric.<\/p>\n<p>O caminho para atingir a neutralidade carb\u00f3nica em 2050, agora refor\u00e7ado pelo projeto\u00a0Green\u00a0Fleet, tem vindo a ser\u00a0seguido\u00a0pela Nestl\u00e9 nos \u00faltimos anos com a redu\u00e7\u00e3o de\u00a0consumos de energia\u00a0(-22%), de \u00e1gua\u00a0(-69%)\u00a0e de emiss\u00f5es de CO2\u00a0(-39%). A empresa est\u00e1 tamb\u00e9m a\u00a0operar uma transforma\u00e7\u00e3o ao n\u00edvel dos seus materiais de embalagens com vista a torn\u00e1-los 100%\u00a0recicl\u00e1veis\u00a0ou reutiliz\u00e1veis\u00a0at\u00e9 2025. Ainda ao n\u00edvel do seu portef\u00f3lio este caminho em dire\u00e7\u00e3o a uma crescente sustentabilidade da cadeia de valor\u00a0tem\u00a0levado ao desenvolvimento de produtos com base em mat\u00e9rias-primas de origem vegetal, mais amigas do ambiente no seu desenvolvimento, s\u00e3o as chamadas mat\u00e9rias-primas\u00a0plant-based.\u00a0\u00c9 o conjunto de todas estas iniciativas que constituem a\u00a0Green\u00a0Vision\u00a0da Companhia.<\/p>\n","protected":false},"excerpt":{"rendered":"<p>A Nestl\u00e9 deu in\u00edcio ao projeto&#8230;<\/p>\n","protected":false},"author":15,"featured_media":20519,"comment_status":"closed","ping_status":"closed","sticky":false,"template":"","format":"standard","meta":{"footnotes":""},"categories":[118],"tags":[2587],"class_list":["post-20538","post","type-post","status-publish","format-standard","has-post-thumbnail","hentry","category-oficina-4-0","tag-nestle"],"yoast_head":"<!-- This site is optimized with the Yoast SEO plugin v27.5 - https:\/\/yoast.com\/product\/yoast-seo-wordpress\/ -->\n<title>Nestl\u00e9 vai ter frota autom\u00f3vel 100% el\u00e9trica at\u00e9 2024 - Jornal das Oficinas<\/title>\n<meta name=\"robots\" content=\"index, follow, max-snippet:-1, max-image-preview:large, max-video-preview:-1\" \/>\n<link rel=\"canonical\" href=\"https:\/\/jornaldasoficinas.com\/pt\/nestle-vai-ter-frota-automovel-100-eletrica-ate-2024\/\" \/>\n<meta property=\"og:locale\" content=\"pt_PT\" \/>\n<meta property=\"og:type\" content=\"article\" \/>\n<meta property=\"og:title\" content=\"Nestl\u00e9 vai ter frota autom\u00f3vel 100% el\u00e9trica at\u00e9 2024 - Jornal das Oficinas\" \/>\n<meta property=\"og:description\" content=\"A Nestl\u00e9 deu in\u00edcio ao projeto...\" \/>\n<meta property=\"og:url\" content=\"https:\/\/jornaldasoficinas.com\/pt\/nestle-vai-ter-frota-automovel-100-eletrica-ate-2024\/\" \/>\n<meta property=\"og:site_name\" content=\"Jornal das Oficinas\" \/>\n<meta property=\"article:publisher\" content=\"https:\/\/www.facebook.com\/jornaloficinas\" \/>\n<meta property=\"article:published_time\" content=\"2021-04-27T13:00:07+00:00\" \/>\n<meta property=\"og:image\" content=\"https:\/\/jornaldasoficinas.com\/pt\/wp-content\/uploads\/2021\/04\/Nestle\u0301-vai-ter-frota.jpg\" \/>\n\t<meta property=\"og:image:width\" content=\"1024\" \/>\n\t<meta property=\"og:image:height\" content=\"581\" \/>\n\t<meta property=\"og:image:type\" content=\"image\/jpeg\" \/>\n<meta name=\"author\" content=\"Reda\u00e7\u00e3o JO\" \/>\n<meta name=\"twitter:card\" content=\"summary_large_image\" \/>\n<meta name=\"twitter:creator\" content=\"@jornaloficinas\" \/>\n<meta name=\"twitter:site\" content=\"@jornaloficinas\" \/>\n<meta name=\"twitter:label1\" content=\"Escrito por\" \/>\n\t<meta name=\"twitter:data1\" content=\"Reda\u00e7\u00e3o JO\" \/>\n\t<meta name=\"twitter:label2\" content=\"Tempo estimado de leitura\" \/>\n\t<meta name=\"twitter:data2\" content=\"4 minutos\" \/>\n<script type=\"application\/ld+json\" class=\"yoast-schema-graph\">{\"@context\":\"https:\\\/\\\/schema.org\",\"@graph\":[{\"@type\":\"Article\",\"@id\":\"https:\\\/\\\/jornaldasoficinas.com\\\/pt\\\/nestle-vai-ter-frota-automovel-100-eletrica-ate-2024\\\/#article\",\"isPartOf\":{\"@id\":\"https:\\\/\\\/jornaldasoficinas.com\\\/pt\\\/nestle-vai-ter-frota-automovel-100-eletrica-ate-2024\\\/\"},\"author\":{\"name\":\"Reda\u00e7\u00e3o JO\",\"@id\":\"https:\\\/\\\/jornaldasoficinas.com\\\/pt\\\/#\\\/schema\\\/person\\\/a38eef5de2c41d9e7c9ac10141afddf3\"},\"headline\":\"Nestl\u00e9 vai ter frota autom\u00f3vel 100% el\u00e9trica at\u00e9 2024\",\"datePublished\":\"2021-04-27T13:00:07+00:00\",\"mainEntityOfPage\":{\"@id\":\"https:\\\/\\\/jornaldasoficinas.com\\\/pt\\\/nestle-vai-ter-frota-automovel-100-eletrica-ate-2024\\\/\"},\"wordCount\":772,\"publisher\":{\"@id\":\"https:\\\/\\\/jornaldasoficinas.com\\\/pt\\\/#organization\"},\"image\":{\"@id\":\"https:\\\/\\\/jornaldasoficinas.com\\\/pt\\\/nestle-vai-ter-frota-automovel-100-eletrica-ate-2024\\\/#primaryimage\"},\"thumbnailUrl\":\"https:\\\/\\\/jornaldasoficinas.com\\\/pt\\\/wp-content\\\/uploads\\\/2021\\\/04\\\/Nestle\u0301-vai-ter-frota.jpg\",\"keywords\":[\"NESTL\u00c9\"],\"articleSection\":[\"Oficina 4.0\"],\"inLanguage\":\"pt-PT\"},{\"@type\":\"WebPage\",\"@id\":\"https:\\\/\\\/jornaldasoficinas.com\\\/pt\\\/nestle-vai-ter-frota-automovel-100-eletrica-ate-2024\\\/\",\"url\":\"https:\\\/\\\/jornaldasoficinas.com\\\/pt\\\/nestle-vai-ter-frota-automovel-100-eletrica-ate-2024\\\/\",\"name\":\"Nestl\u00e9 vai ter frota autom\u00f3vel 100% el\u00e9trica at\u00e9 2024 - Jornal das Oficinas\",\"isPartOf\":{\"@id\":\"https:\\\/\\\/jornaldasoficinas.com\\\/pt\\\/#website\"},\"primaryImageOfPage\":{\"@id\":\"https:\\\/\\\/jornaldasoficinas.com\\\/pt\\\/nestle-vai-ter-frota-automovel-100-eletrica-ate-2024\\\/#primaryimage\"},\"image\":{\"@id\":\"https:\\\/\\\/jornaldasoficinas.com\\\/pt\\\/nestle-vai-ter-frota-automovel-100-eletrica-ate-2024\\\/#primaryimage\"},\"thumbnailUrl\":\"https:\\\/\\\/jornaldasoficinas.com\\\/pt\\\/wp-content\\\/uploads\\\/2021\\\/04\\\/Nestle\u0301-vai-ter-frota.jpg\",\"datePublished\":\"2021-04-27T13:00:07+00:00\",\"breadcrumb\":{\"@id\":\"https:\\\/\\\/jornaldasoficinas.com\\\/pt\\\/nestle-vai-ter-frota-automovel-100-eletrica-ate-2024\\\/#breadcrumb\"},\"inLanguage\":\"pt-PT\",\"potentialAction\":[{\"@type\":\"ReadAction\",\"target\":[\"https:\\\/\\\/jornaldasoficinas.com\\\/pt\\\/nestle-vai-ter-frota-automovel-100-eletrica-ate-2024\\\/\"]}]},{\"@type\":\"ImageObject\",\"inLanguage\":\"pt-PT\",\"@id\":\"https:\\\/\\\/jornaldasoficinas.com\\\/pt\\\/nestle-vai-ter-frota-automovel-100-eletrica-ate-2024\\\/#primaryimage\",\"url\":\"https:\\\/\\\/jornaldasoficinas.com\\\/pt\\\/wp-content\\\/uploads\\\/2021\\\/04\\\/Nestle\u0301-vai-ter-frota.jpg\",\"contentUrl\":\"https:\\\/\\\/jornaldasoficinas.com\\\/pt\\\/wp-content\\\/uploads\\\/2021\\\/04\\\/Nestle\u0301-vai-ter-frota.jpg\",\"width\":1024,\"height\":581,\"caption\":\"Mario Lopes Pereira. Linda-a-Velha, 20 de Abril de 2021. Entrega de Viaturas El\u00e9ctricas aos Colaboradores da Nestl\u00e9\"},{\"@type\":\"BreadcrumbList\",\"@id\":\"https:\\\/\\\/jornaldasoficinas.com\\\/pt\\\/nestle-vai-ter-frota-automovel-100-eletrica-ate-2024\\\/#breadcrumb\",\"itemListElement\":[{\"@type\":\"ListItem\",\"position\":1,\"name\":\"In\u00edcio\",\"item\":\"https:\\\/\\\/jornaldasoficinas.com\\\/pt\\\/\"},{\"@type\":\"ListItem\",\"position\":2,\"name\":\"Nestl\u00e9 vai ter frota autom\u00f3vel 100% el\u00e9trica at\u00e9 2024\"}]},{\"@type\":\"WebSite\",\"@id\":\"https:\\\/\\\/jornaldasoficinas.com\\\/pt\\\/#website\",\"url\":\"https:\\\/\\\/jornaldasoficinas.com\\\/pt\\\/\",\"name\":\"Jornal das Oficinas\",\"description\":\"Jornal independente do Aftermarket Autom\u00f3vel em Portugal\",\"publisher\":{\"@id\":\"https:\\\/\\\/jornaldasoficinas.com\\\/pt\\\/#organization\"},\"potentialAction\":[{\"@type\":\"SearchAction\",\"target\":{\"@type\":\"EntryPoint\",\"urlTemplate\":\"https:\\\/\\\/jornaldasoficinas.com\\\/pt\\\/?s={search_term_string}\"},\"query-input\":{\"@type\":\"PropertyValueSpecification\",\"valueRequired\":true,\"valueName\":\"search_term_string\"}}],\"inLanguage\":\"pt-PT\"},{\"@type\":\"Organization\",\"@id\":\"https:\\\/\\\/jornaldasoficinas.com\\\/pt\\\/#organization\",\"name\":\"Jornal das Oficinas\",\"url\":\"https:\\\/\\\/jornaldasoficinas.com\\\/pt\\\/\",\"logo\":{\"@type\":\"ImageObject\",\"inLanguage\":\"pt-PT\",\"@id\":\"https:\\\/\\\/jornaldasoficinas.com\\\/pt\\\/#\\\/schema\\\/logo\\\/image\\\/\",\"url\":\"https:\\\/\\\/jornaldasoficinas.com\\\/pt\\\/wp-content\\\/uploads\\\/logoJO-SEO.png\",\"contentUrl\":\"https:\\\/\\\/jornaldasoficinas.com\\\/pt\\\/wp-content\\\/uploads\\\/logoJO-SEO.png\",\"width\":285,\"height\":450,\"caption\":\"Jornal das Oficinas\"},\"image\":{\"@id\":\"https:\\\/\\\/jornaldasoficinas.com\\\/pt\\\/#\\\/schema\\\/logo\\\/image\\\/\"},\"sameAs\":[\"https:\\\/\\\/www.facebook.com\\\/jornaloficinas\",\"https:\\\/\\\/x.com\\\/jornaloficinas\",\"https:\\\/\\\/www.instagram.com\\\/jornal_oficinas\\\/\",\"https:\\\/\\\/www.linkedin.com\\\/company\\\/jornal-das-oficinas\\\/\",\"https:\\\/\\\/www.youtube.com\\\/channel\\\/UCbQZBqtcvV-oSQrr7RzINGg\"]},{\"@type\":\"Person\",\"@id\":\"https:\\\/\\\/jornaldasoficinas.com\\\/pt\\\/#\\\/schema\\\/person\\\/a38eef5de2c41d9e7c9ac10141afddf3\",\"name\":\"Reda\u00e7\u00e3o JO\",\"image\":{\"@type\":\"ImageObject\",\"inLanguage\":\"pt-PT\",\"@id\":\"https:\\\/\\\/secure.gravatar.com\\\/avatar\\\/71f2fa71737ad68a84fea94bc708ddac8ea5b0c4788dc2ad202f3ccb2887742f?s=96&d=wp_user_avatar&r=g\",\"url\":\"https:\\\/\\\/secure.gravatar.com\\\/avatar\\\/71f2fa71737ad68a84fea94bc708ddac8ea5b0c4788dc2ad202f3ccb2887742f?s=96&d=wp_user_avatar&r=g\",\"contentUrl\":\"https:\\\/\\\/secure.gravatar.com\\\/avatar\\\/71f2fa71737ad68a84fea94bc708ddac8ea5b0c4788dc2ad202f3ccb2887742f?s=96&d=wp_user_avatar&r=g\",\"caption\":\"Reda\u00e7\u00e3o JO\"},\"url\":\"https:\\\/\\\/jornaldasoficinas.com\\\/pt\\\/author\\\/joredacao\\\/\"}]}<\/script>\n<!-- \/ Yoast SEO plugin. -->","yoast_head_json":{"title":"Nestl\u00e9 vai ter frota autom\u00f3vel 100% el\u00e9trica at\u00e9 2024 - Jornal das Oficinas","robots":{"index":"index","follow":"follow","max-snippet":"max-snippet:-1","max-image-preview":"max-image-preview:large","max-video-preview":"max-video-preview:-1"},"canonical":"https:\/\/jornaldasoficinas.com\/pt\/nestle-vai-ter-frota-automovel-100-eletrica-ate-2024\/","og_locale":"pt_PT","og_type":"article","og_title":"Nestl\u00e9 vai ter frota autom\u00f3vel 100% el\u00e9trica at\u00e9 2024 - Jornal das Oficinas","og_description":"A Nestl\u00e9 deu in\u00edcio ao projeto...","og_url":"https:\/\/jornaldasoficinas.com\/pt\/nestle-vai-ter-frota-automovel-100-eletrica-ate-2024\/","og_site_name":"Jornal das Oficinas","article_publisher":"https:\/\/www.facebook.com\/jornaloficinas","article_published_time":"2021-04-27T13:00:07+00:00","og_image":[{"width":1024,"height":581,"url":"https:\/\/jornaldasoficinas.com\/pt\/wp-content\/uploads\/2021\/04\/Nestle\u0301-vai-ter-frota.jpg","type":"image\/jpeg"}],"author":"Reda\u00e7\u00e3o JO","twitter_card":"summary_large_image","twitter_creator":"@jornaloficinas","twitter_site":"@jornaloficinas","twitter_misc":{"Escrito por":"Reda\u00e7\u00e3o JO","Tempo estimado de leitura":"4 minutos"},"schema":{"@context":"https:\/\/schema.org","@graph":[{"@type":"Article","@id":"https:\/\/jornaldasoficinas.com\/pt\/nestle-vai-ter-frota-automovel-100-eletrica-ate-2024\/#article","isPartOf":{"@id":"https:\/\/jornaldasoficinas.com\/pt\/nestle-vai-ter-frota-automovel-100-eletrica-ate-2024\/"},"author":{"name":"Reda\u00e7\u00e3o JO","@id":"https:\/\/jornaldasoficinas.com\/pt\/#\/schema\/person\/a38eef5de2c41d9e7c9ac10141afddf3"},"headline":"Nestl\u00e9 vai ter frota autom\u00f3vel 100% el\u00e9trica at\u00e9 2024","datePublished":"2021-04-27T13:00:07+00:00","mainEntityOfPage":{"@id":"https:\/\/jornaldasoficinas.com\/pt\/nestle-vai-ter-frota-automovel-100-eletrica-ate-2024\/"},"wordCount":772,"publisher":{"@id":"https:\/\/jornaldasoficinas.com\/pt\/#organization"},"image":{"@id":"https:\/\/jornaldasoficinas.com\/pt\/nestle-vai-ter-frota-automovel-100-eletrica-ate-2024\/#primaryimage"},"thumbnailUrl":"https:\/\/jornaldasoficinas.com\/pt\/wp-content\/uploads\/2021\/04\/Nestle\u0301-vai-ter-frota.jpg","keywords":["NESTL\u00c9"],"articleSection":["Oficina 4.0"],"inLanguage":"pt-PT"},{"@type":"WebPage","@id":"https:\/\/jornaldasoficinas.com\/pt\/nestle-vai-ter-frota-automovel-100-eletrica-ate-2024\/","url":"https:\/\/jornaldasoficinas.com\/pt\/nestle-vai-ter-frota-automovel-100-eletrica-ate-2024\/","name":"Nestl\u00e9 vai ter frota autom\u00f3vel 100% el\u00e9trica at\u00e9 2024 - Jornal das Oficinas","isPartOf":{"@id":"https:\/\/jornaldasoficinas.com\/pt\/#website"},"primaryImageOfPage":{"@id":"https:\/\/jornaldasoficinas.com\/pt\/nestle-vai-ter-frota-automovel-100-eletrica-ate-2024\/#primaryimage"},"image":{"@id":"https:\/\/jornaldasoficinas.com\/pt\/nestle-vai-ter-frota-automovel-100-eletrica-ate-2024\/#primaryimage"},"thumbnailUrl":"https:\/\/jornaldasoficinas.com\/pt\/wp-content\/uploads\/2021\/04\/Nestle\u0301-vai-ter-frota.jpg","datePublished":"2021-04-27T13:00:07+00:00","breadcrumb":{"@id":"https:\/\/jornaldasoficinas.com\/pt\/nestle-vai-ter-frota-automovel-100-eletrica-ate-2024\/#breadcrumb"},"inLanguage":"pt-PT","potentialAction":[{"@type":"ReadAction","target":["https:\/\/jornaldasoficinas.com\/pt\/nestle-vai-ter-frota-automovel-100-eletrica-ate-2024\/"]}]},{"@type":"ImageObject","inLanguage":"pt-PT","@id":"https:\/\/jornaldasoficinas.com\/pt\/nestle-vai-ter-frota-automovel-100-eletrica-ate-2024\/#primaryimage","url":"https:\/\/jornaldasoficinas.com\/pt\/wp-content\/uploads\/2021\/04\/Nestle\u0301-vai-ter-frota.jpg","contentUrl":"https:\/\/jornaldasoficinas.com\/pt\/wp-content\/uploads\/2021\/04\/Nestle\u0301-vai-ter-frota.jpg","width":1024,"height":581,"caption":"Mario Lopes Pereira. Linda-a-Velha, 20 de Abril de 2021. Entrega de Viaturas El\u00e9ctricas aos Colaboradores da Nestl\u00e9"},{"@type":"BreadcrumbList","@id":"https:\/\/jornaldasoficinas.com\/pt\/nestle-vai-ter-frota-automovel-100-eletrica-ate-2024\/#breadcrumb","itemListElement":[{"@type":"ListItem","position":1,"name":"In\u00edcio","item":"https:\/\/jornaldasoficinas.com\/pt\/"},{"@type":"ListItem","position":2,"name":"Nestl\u00e9 vai ter frota autom\u00f3vel 100% el\u00e9trica at\u00e9 2024"}]},{"@type":"WebSite","@id":"https:\/\/jornaldasoficinas.com\/pt\/#website","url":"https:\/\/jornaldasoficinas.com\/pt\/","name":"Jornal das Oficinas","description":"Jornal independente do Aftermarket Autom\u00f3vel em Portugal","publisher":{"@id":"https:\/\/jornaldasoficinas.com\/pt\/#organization"},"potentialAction":[{"@type":"SearchAction","target":{"@type":"EntryPoint","urlTemplate":"https:\/\/jornaldasoficinas.com\/pt\/?s={search_term_string}"},"query-input":{"@type":"PropertyValueSpecification","valueRequired":true,"valueName":"search_term_string"}}],"inLanguage":"pt-PT"},{"@type":"Organization","@id":"https:\/\/jornaldasoficinas.com\/pt\/#organization","name":"Jornal das Oficinas","url":"https:\/\/jornaldasoficinas.com\/pt\/","logo":{"@type":"ImageObject","inLanguage":"pt-PT","@id":"https:\/\/jornaldasoficinas.com\/pt\/#\/schema\/logo\/image\/","url":"https:\/\/jornaldasoficinas.com\/pt\/wp-content\/uploads\/logoJO-SEO.png","contentUrl":"https:\/\/jornaldasoficinas.com\/pt\/wp-content\/uploads\/logoJO-SEO.png","width":285,"height":450,"caption":"Jornal das Oficinas"},"image":{"@id":"https:\/\/jornaldasoficinas.com\/pt\/#\/schema\/logo\/image\/"},"sameAs":["https:\/\/www.facebook.com\/jornaloficinas","https:\/\/x.com\/jornaloficinas","https:\/\/www.instagram.com\/jornal_oficinas\/","https:\/\/www.linkedin.com\/company\/jornal-das-oficinas\/","https:\/\/www.youtube.com\/channel\/UCbQZBqtcvV-oSQrr7RzINGg"]},{"@type":"Person","@id":"https:\/\/jornaldasoficinas.com\/pt\/#\/schema\/person\/a38eef5de2c41d9e7c9ac10141afddf3","name":"Reda\u00e7\u00e3o JO","image":{"@type":"ImageObject","inLanguage":"pt-PT","@id":"https:\/\/secure.gravatar.com\/avatar\/71f2fa71737ad68a84fea94bc708ddac8ea5b0c4788dc2ad202f3ccb2887742f?s=96&d=wp_user_avatar&r=g","url":"https:\/\/secure.gravatar.com\/avatar\/71f2fa71737ad68a84fea94bc708ddac8ea5b0c4788dc2ad202f3ccb2887742f?s=96&d=wp_user_avatar&r=g","contentUrl":"https:\/\/secure.gravatar.com\/avatar\/71f2fa71737ad68a84fea94bc708ddac8ea5b0c4788dc2ad202f3ccb2887742f?s=96&d=wp_user_avatar&r=g","caption":"Reda\u00e7\u00e3o JO"},"url":"https:\/\/jornaldasoficinas.com\/pt\/author\/joredacao\/"}]}},"_links":{"self":[{"href":"https:\/\/jornaldasoficinas.com\/pt\/wp-json\/wp\/v2\/posts\/20538","targetHints":{"allow":["GET"]}}],"collection":[{"href":"https:\/\/jornaldasoficinas.com\/pt\/wp-json\/wp\/v2\/posts"}],"about":[{"href":"https:\/\/jornaldasoficinas.com\/pt\/wp-json\/wp\/v2\/types\/post"}],"author":[{"embeddable":true,"href":"https:\/\/jornaldasoficinas.com\/pt\/wp-json\/wp\/v2\/users\/15"}],"replies":[{"embeddable":true,"href":"https:\/\/jornaldasoficinas.com\/pt\/wp-json\/wp\/v2\/comments?post=20538"}],"version-history":[{"count":0,"href":"https:\/\/jornaldasoficinas.com\/pt\/wp-json\/wp\/v2\/posts\/20538\/revisions"}],"wp:featuredmedia":[{"embeddable":true,"href":"https:\/\/jornaldasoficinas.com\/pt\/wp-json\/wp\/v2\/media\/20519"}],"wp:attachment":[{"href":"https:\/\/jornaldasoficinas.com\/pt\/wp-json\/wp\/v2\/media?parent=20538"}],"wp:term":[{"taxonomy":"category","embeddable":true,"href":"https:\/\/jornaldasoficinas.com\/pt\/wp-json\/wp\/v2\/categories?post=20538"},{"taxonomy":"post_tag","embeddable":true,"href":"https:\/\/jornaldasoficinas.com\/pt\/wp-json\/wp\/v2\/tags?post=20538"}],"curies":[{"name":"wp","href":"https:\/\/api.w.org\/{rel}","templated":true}]}}