{"id":20705,"date":"2021-05-01T08:00:55","date_gmt":"2021-05-01T07:00:55","guid":{"rendered":"https:\/\/jornaldasoficinas.com\/pt\/?p=20705"},"modified":"2021-04-30T10:35:06","modified_gmt":"2021-04-30T09:35:06","slug":"auto-delta-celebra-44-anos-o-mercado-e-que-ganha","status":"publish","type":"post","link":"https:\/\/jornaldasoficinas.com\/pt\/auto-delta-celebra-44-anos-o-mercado-e-que-ganha\/","title":{"rendered":"Auto Delta celebra 44 anos, o mercado \u00e9 que ganha"},"content":{"rendered":"<p><strong><img loading=\"lazy\" decoding=\"async\" class=\"alignnone wp-image-20704 size-full\" src=\"https:\/\/jornaldasoficinas.com\/pt\/wp-content\/uploads\/2021\/04\/Auto-Delta-celebra-44-anos.png\" alt=\"04 - Auto-Delta-celebra-44-anos\" width=\"1024\" height=\"581\" srcset=\"https:\/\/jornaldasoficinas.com\/pt\/wp-content\/uploads\/2021\/04\/Auto-Delta-celebra-44-anos.png 1024w, https:\/\/jornaldasoficinas.com\/pt\/wp-content\/uploads\/2021\/04\/Auto-Delta-celebra-44-anos-300x170.png 300w, https:\/\/jornaldasoficinas.com\/pt\/wp-content\/uploads\/2021\/04\/Auto-Delta-celebra-44-anos-150x85.png 150w, https:\/\/jornaldasoficinas.com\/pt\/wp-content\/uploads\/2021\/04\/Auto-Delta-celebra-44-anos-768x436.png 768w\" sizes=\"auto, (max-width: 1024px) 100vw, 1024px\" \/><\/strong><\/p>\n<p><strong>Desde Maio de 1977 at\u00e9 Maio de 2021, contam-se 44 anos de muito trabalho e dedica\u00e7\u00e3o ao mercado, anos repletos de hist\u00f3rias mas tamb\u00e9m de feitos assinal\u00e1veis que, muito brevemente ver\u00e3o juntar-se-lhes um novo cap\u00edtulo.<\/strong><\/p>\n<p>O caminho de uma empresa nunca \u00e9 linear, mas sim recheado de desafios e, no melhor dos casos, de supera\u00e7\u00e3o dos mesmos, reinven\u00e7\u00e3o e aumento sustentado da preponder\u00e2ncia da empresa no mercado em que est\u00e1 inserida. Na verdade, este \u00e9 um resumo simples da hist\u00f3ria da <a href=\"https:\/\/www.autodelta.pt\/\" target=\"_blank\" rel=\"noopener\">Auto Delta<\/a> que soube sempre reinventar-se ao longo dos anos, crescendo e aproveitando as oportunidades de neg\u00f3cio decisivas para o seu crescimento.<\/p>\n<p>A \u00e2ncora deste neg\u00f3cio continua a ser a equipa e as instala\u00e7\u00f5es. Se, por um lado, a equipa da Auto Delta \u00e9 reconhecida pela sua capacidade t\u00e9cnica e comercial, as instala\u00e7\u00f5es encontram-se em permanente desenvolvimento, permitindo alargar as gamas de produto necess\u00e1rias ao mercado. Assim, \u00e9 com muito prazer que anunciamos que as novas instala\u00e7\u00f5es da Auto Delta, que se juntar\u00e3o \u00e0s j\u00e1 existentes, ser\u00e3o inauguradas muito brevemente.<\/p>\n<p>Se agora o distribuidor leiriense conta com 10.400 m2 de \u00e1rea de arruma\u00e7\u00e3o em Leiria a que se juntam os 2.400 m2 em Castelo Branco, a verdade \u00e9 que a inaugura\u00e7\u00e3o das novas instala\u00e7\u00f5es disponibilizar\u00e1 mais 10.700 m2 de \u00e1rea de arruma\u00e7\u00e3o, permitindo um melhor e mais eficaz servi\u00e7o, maior resposta ao mercado e melhores condi\u00e7\u00f5es para a sua equipa.<\/p>\n<p>Este \u00e9 mais um investimento que segue a filosofia base da Auto Delta: crescimento sustentado, respons\u00e1vel e s\u00f3lido, capaz de marcar a diferen\u00e7a no Aftermarket nacional.<\/p>\n","protected":false},"excerpt":{"rendered":"<p>Desde Maio de 1977 at\u00e9 Maio&#8230;<\/p>\n","protected":false},"author":15,"featured_media":20704,"comment_status":"closed","ping_status":"closed","sticky":false,"template":"","format":"standard","meta":{"footnotes":""},"categories":[29],"tags":[187],"class_list":["post-20705","post","type-post","status-publish","format-standard","has-post-thumbnail","hentry","category-empresas","tag-auto-delta"],"yoast_head":"<!-- This site is optimized with the Yoast SEO plugin v27.4 - https:\/\/yoast.com\/product\/yoast-seo-wordpress\/ -->\n<title>Auto Delta celebra 44 anos, o mercado \u00e9 que ganha - Jornal das Oficinas<\/title>\n<meta name=\"description\" content=\"Desde Maio de 1977, contam-se 44 anos de muito trabalho e dedica\u00e7\u00e3o ao mercado feitos pela Auto Delta. Muito brevemente ver\u00e3o juntar-se-lhes um novo cap\u00edtulo\" \/>\n<meta name=\"robots\" content=\"index, follow, max-snippet:-1, max-image-preview:large, max-video-preview:-1\" \/>\n<link rel=\"canonical\" href=\"https:\/\/jornaldasoficinas.com\/pt\/auto-delta-celebra-44-anos-o-mercado-e-que-ganha\/\" \/>\n<meta property=\"og:locale\" content=\"pt_PT\" \/>\n<meta property=\"og:type\" content=\"article\" \/>\n<meta property=\"og:title\" content=\"Auto Delta celebra 44 anos, o mercado \u00e9 que ganha - Jornal das Oficinas\" \/>\n<meta property=\"og:description\" content=\"Desde Maio de 1977, contam-se 44 anos de muito trabalho e dedica\u00e7\u00e3o ao mercado feitos pela Auto Delta. Muito brevemente ver\u00e3o juntar-se-lhes um novo cap\u00edtulo\" \/>\n<meta property=\"og:url\" content=\"https:\/\/jornaldasoficinas.com\/pt\/auto-delta-celebra-44-anos-o-mercado-e-que-ganha\/\" \/>\n<meta property=\"og:site_name\" content=\"Jornal das Oficinas\" \/>\n<meta property=\"article:publisher\" content=\"https:\/\/www.facebook.com\/jornaloficinas\" \/>\n<meta property=\"article:published_time\" content=\"2021-05-01T07:00:55+00:00\" \/>\n<meta property=\"og:image\" content=\"https:\/\/jornaldasoficinas.com\/pt\/wp-content\/uploads\/2021\/04\/Auto-Delta-celebra-44-anos.png\" \/>\n\t<meta property=\"og:image:width\" content=\"1024\" \/>\n\t<meta property=\"og:image:height\" content=\"581\" \/>\n\t<meta property=\"og:image:type\" content=\"image\/png\" \/>\n<meta name=\"author\" content=\"Reda\u00e7\u00e3o JO\" \/>\n<meta name=\"twitter:card\" content=\"summary_large_image\" \/>\n<meta name=\"twitter:creator\" content=\"@jornaloficinas\" \/>\n<meta name=\"twitter:site\" content=\"@jornaloficinas\" \/>\n<meta name=\"twitter:label1\" content=\"Escrito por\" \/>\n\t<meta name=\"twitter:data1\" content=\"Reda\u00e7\u00e3o JO\" \/>\n\t<meta name=\"twitter:label2\" content=\"Tempo estimado de leitura\" \/>\n\t<meta name=\"twitter:data2\" content=\"2 minutos\" \/>\n<script type=\"application\/ld+json\" class=\"yoast-schema-graph\">{\"@context\":\"https:\\\/\\\/schema.org\",\"@graph\":[{\"@type\":\"Article\",\"@id\":\"https:\\\/\\\/jornaldasoficinas.com\\\/pt\\\/auto-delta-celebra-44-anos-o-mercado-e-que-ganha\\\/#article\",\"isPartOf\":{\"@id\":\"https:\\\/\\\/jornaldasoficinas.com\\\/pt\\\/auto-delta-celebra-44-anos-o-mercado-e-que-ganha\\\/\"},\"author\":{\"name\":\"Reda\u00e7\u00e3o JO\",\"@id\":\"https:\\\/\\\/jornaldasoficinas.com\\\/pt\\\/#\\\/schema\\\/person\\\/a38eef5de2c41d9e7c9ac10141afddf3\"},\"headline\":\"Auto Delta celebra 44 anos, o mercado \u00e9 que ganha\",\"datePublished\":\"2021-05-01T07:00:55+00:00\",\"mainEntityOfPage\":{\"@id\":\"https:\\\/\\\/jornaldasoficinas.com\\\/pt\\\/auto-delta-celebra-44-anos-o-mercado-e-que-ganha\\\/\"},\"wordCount\":281,\"publisher\":{\"@id\":\"https:\\\/\\\/jornaldasoficinas.com\\\/pt\\\/#organization\"},\"image\":{\"@id\":\"https:\\\/\\\/jornaldasoficinas.com\\\/pt\\\/auto-delta-celebra-44-anos-o-mercado-e-que-ganha\\\/#primaryimage\"},\"thumbnailUrl\":\"https:\\\/\\\/jornaldasoficinas.com\\\/pt\\\/wp-content\\\/uploads\\\/2021\\\/04\\\/Auto-Delta-celebra-44-anos.png\",\"keywords\":[\"Auto Delta\"],\"articleSection\":[\"Empresas\"],\"inLanguage\":\"pt-PT\"},{\"@type\":\"WebPage\",\"@id\":\"https:\\\/\\\/jornaldasoficinas.com\\\/pt\\\/auto-delta-celebra-44-anos-o-mercado-e-que-ganha\\\/\",\"url\":\"https:\\\/\\\/jornaldasoficinas.com\\\/pt\\\/auto-delta-celebra-44-anos-o-mercado-e-que-ganha\\\/\",\"name\":\"Auto Delta celebra 44 anos, o mercado \u00e9 que ganha - Jornal das Oficinas\",\"isPartOf\":{\"@id\":\"https:\\\/\\\/jornaldasoficinas.com\\\/pt\\\/#website\"},\"primaryImageOfPage\":{\"@id\":\"https:\\\/\\\/jornaldasoficinas.com\\\/pt\\\/auto-delta-celebra-44-anos-o-mercado-e-que-ganha\\\/#primaryimage\"},\"image\":{\"@id\":\"https:\\\/\\\/jornaldasoficinas.com\\\/pt\\\/auto-delta-celebra-44-anos-o-mercado-e-que-ganha\\\/#primaryimage\"},\"thumbnailUrl\":\"https:\\\/\\\/jornaldasoficinas.com\\\/pt\\\/wp-content\\\/uploads\\\/2021\\\/04\\\/Auto-Delta-celebra-44-anos.png\",\"datePublished\":\"2021-05-01T07:00:55+00:00\",\"description\":\"Desde Maio de 1977, contam-se 44 anos de muito trabalho e dedica\u00e7\u00e3o ao mercado feitos pela Auto Delta. Muito brevemente ver\u00e3o juntar-se-lhes um novo cap\u00edtulo\",\"breadcrumb\":{\"@id\":\"https:\\\/\\\/jornaldasoficinas.com\\\/pt\\\/auto-delta-celebra-44-anos-o-mercado-e-que-ganha\\\/#breadcrumb\"},\"inLanguage\":\"pt-PT\",\"potentialAction\":[{\"@type\":\"ReadAction\",\"target\":[\"https:\\\/\\\/jornaldasoficinas.com\\\/pt\\\/auto-delta-celebra-44-anos-o-mercado-e-que-ganha\\\/\"]}]},{\"@type\":\"ImageObject\",\"inLanguage\":\"pt-PT\",\"@id\":\"https:\\\/\\\/jornaldasoficinas.com\\\/pt\\\/auto-delta-celebra-44-anos-o-mercado-e-que-ganha\\\/#primaryimage\",\"url\":\"https:\\\/\\\/jornaldasoficinas.com\\\/pt\\\/wp-content\\\/uploads\\\/2021\\\/04\\\/Auto-Delta-celebra-44-anos.png\",\"contentUrl\":\"https:\\\/\\\/jornaldasoficinas.com\\\/pt\\\/wp-content\\\/uploads\\\/2021\\\/04\\\/Auto-Delta-celebra-44-anos.png\",\"width\":1024,\"height\":581,\"caption\":\"04 - Auto-Delta-celebra-44-anos\"},{\"@type\":\"BreadcrumbList\",\"@id\":\"https:\\\/\\\/jornaldasoficinas.com\\\/pt\\\/auto-delta-celebra-44-anos-o-mercado-e-que-ganha\\\/#breadcrumb\",\"itemListElement\":[{\"@type\":\"ListItem\",\"position\":1,\"name\":\"In\u00edcio\",\"item\":\"https:\\\/\\\/jornaldasoficinas.com\\\/pt\\\/\"},{\"@type\":\"ListItem\",\"position\":2,\"name\":\"Auto Delta celebra 44 anos, o mercado \u00e9 que ganha\"}]},{\"@type\":\"WebSite\",\"@id\":\"https:\\\/\\\/jornaldasoficinas.com\\\/pt\\\/#website\",\"url\":\"https:\\\/\\\/jornaldasoficinas.com\\\/pt\\\/\",\"name\":\"Jornal das Oficinas\",\"description\":\"Jornal independente do Aftermarket Autom\u00f3vel em Portugal\",\"publisher\":{\"@id\":\"https:\\\/\\\/jornaldasoficinas.com\\\/pt\\\/#organization\"},\"potentialAction\":[{\"@type\":\"SearchAction\",\"target\":{\"@type\":\"EntryPoint\",\"urlTemplate\":\"https:\\\/\\\/jornaldasoficinas.com\\\/pt\\\/?s={search_term_string}\"},\"query-input\":{\"@type\":\"PropertyValueSpecification\",\"valueRequired\":true,\"valueName\":\"search_term_string\"}}],\"inLanguage\":\"pt-PT\"},{\"@type\":\"Organization\",\"@id\":\"https:\\\/\\\/jornaldasoficinas.com\\\/pt\\\/#organization\",\"name\":\"Jornal das Oficinas\",\"url\":\"https:\\\/\\\/jornaldasoficinas.com\\\/pt\\\/\",\"logo\":{\"@type\":\"ImageObject\",\"inLanguage\":\"pt-PT\",\"@id\":\"https:\\\/\\\/jornaldasoficinas.com\\\/pt\\\/#\\\/schema\\\/logo\\\/image\\\/\",\"url\":\"https:\\\/\\\/jornaldasoficinas.com\\\/pt\\\/wp-content\\\/uploads\\\/logoJO-SEO.png\",\"contentUrl\":\"https:\\\/\\\/jornaldasoficinas.com\\\/pt\\\/wp-content\\\/uploads\\\/logoJO-SEO.png\",\"width\":285,\"height\":450,\"caption\":\"Jornal das Oficinas\"},\"image\":{\"@id\":\"https:\\\/\\\/jornaldasoficinas.com\\\/pt\\\/#\\\/schema\\\/logo\\\/image\\\/\"},\"sameAs\":[\"https:\\\/\\\/www.facebook.com\\\/jornaloficinas\",\"https:\\\/\\\/x.com\\\/jornaloficinas\",\"https:\\\/\\\/www.instagram.com\\\/jornal_oficinas\\\/\",\"https:\\\/\\\/www.linkedin.com\\\/company\\\/jornal-das-oficinas\\\/\",\"https:\\\/\\\/www.youtube.com\\\/channel\\\/UCbQZBqtcvV-oSQrr7RzINGg\"]},{\"@type\":\"Person\",\"@id\":\"https:\\\/\\\/jornaldasoficinas.com\\\/pt\\\/#\\\/schema\\\/person\\\/a38eef5de2c41d9e7c9ac10141afddf3\",\"name\":\"Reda\u00e7\u00e3o JO\",\"image\":{\"@type\":\"ImageObject\",\"inLanguage\":\"pt-PT\",\"@id\":\"https:\\\/\\\/secure.gravatar.com\\\/avatar\\\/71f2fa71737ad68a84fea94bc708ddac8ea5b0c4788dc2ad202f3ccb2887742f?s=96&d=wp_user_avatar&r=g\",\"url\":\"https:\\\/\\\/secure.gravatar.com\\\/avatar\\\/71f2fa71737ad68a84fea94bc708ddac8ea5b0c4788dc2ad202f3ccb2887742f?s=96&d=wp_user_avatar&r=g\",\"contentUrl\":\"https:\\\/\\\/secure.gravatar.com\\\/avatar\\\/71f2fa71737ad68a84fea94bc708ddac8ea5b0c4788dc2ad202f3ccb2887742f?s=96&d=wp_user_avatar&r=g\",\"caption\":\"Reda\u00e7\u00e3o JO\"},\"url\":\"https:\\\/\\\/jornaldasoficinas.com\\\/pt\\\/author\\\/joredacao\\\/\"}]}<\/script>\n<!-- \/ Yoast SEO plugin. -->","yoast_head_json":{"title":"Auto Delta celebra 44 anos, o mercado \u00e9 que ganha - Jornal das Oficinas","description":"Desde Maio de 1977, contam-se 44 anos de muito trabalho e dedica\u00e7\u00e3o ao mercado feitos pela Auto Delta. Muito brevemente ver\u00e3o juntar-se-lhes um novo cap\u00edtulo","robots":{"index":"index","follow":"follow","max-snippet":"max-snippet:-1","max-image-preview":"max-image-preview:large","max-video-preview":"max-video-preview:-1"},"canonical":"https:\/\/jornaldasoficinas.com\/pt\/auto-delta-celebra-44-anos-o-mercado-e-que-ganha\/","og_locale":"pt_PT","og_type":"article","og_title":"Auto Delta celebra 44 anos, o mercado \u00e9 que ganha - Jornal das Oficinas","og_description":"Desde Maio de 1977, contam-se 44 anos de muito trabalho e dedica\u00e7\u00e3o ao mercado feitos pela Auto Delta. Muito brevemente ver\u00e3o juntar-se-lhes um novo cap\u00edtulo","og_url":"https:\/\/jornaldasoficinas.com\/pt\/auto-delta-celebra-44-anos-o-mercado-e-que-ganha\/","og_site_name":"Jornal das Oficinas","article_publisher":"https:\/\/www.facebook.com\/jornaloficinas","article_published_time":"2021-05-01T07:00:55+00:00","og_image":[{"width":1024,"height":581,"url":"https:\/\/jornaldasoficinas.com\/pt\/wp-content\/uploads\/2021\/04\/Auto-Delta-celebra-44-anos.png","type":"image\/png"}],"author":"Reda\u00e7\u00e3o JO","twitter_card":"summary_large_image","twitter_creator":"@jornaloficinas","twitter_site":"@jornaloficinas","twitter_misc":{"Escrito por":"Reda\u00e7\u00e3o JO","Tempo estimado de leitura":"2 minutos"},"schema":{"@context":"https:\/\/schema.org","@graph":[{"@type":"Article","@id":"https:\/\/jornaldasoficinas.com\/pt\/auto-delta-celebra-44-anos-o-mercado-e-que-ganha\/#article","isPartOf":{"@id":"https:\/\/jornaldasoficinas.com\/pt\/auto-delta-celebra-44-anos-o-mercado-e-que-ganha\/"},"author":{"name":"Reda\u00e7\u00e3o JO","@id":"https:\/\/jornaldasoficinas.com\/pt\/#\/schema\/person\/a38eef5de2c41d9e7c9ac10141afddf3"},"headline":"Auto Delta celebra 44 anos, o mercado \u00e9 que ganha","datePublished":"2021-05-01T07:00:55+00:00","mainEntityOfPage":{"@id":"https:\/\/jornaldasoficinas.com\/pt\/auto-delta-celebra-44-anos-o-mercado-e-que-ganha\/"},"wordCount":281,"publisher":{"@id":"https:\/\/jornaldasoficinas.com\/pt\/#organization"},"image":{"@id":"https:\/\/jornaldasoficinas.com\/pt\/auto-delta-celebra-44-anos-o-mercado-e-que-ganha\/#primaryimage"},"thumbnailUrl":"https:\/\/jornaldasoficinas.com\/pt\/wp-content\/uploads\/2021\/04\/Auto-Delta-celebra-44-anos.png","keywords":["Auto Delta"],"articleSection":["Empresas"],"inLanguage":"pt-PT"},{"@type":"WebPage","@id":"https:\/\/jornaldasoficinas.com\/pt\/auto-delta-celebra-44-anos-o-mercado-e-que-ganha\/","url":"https:\/\/jornaldasoficinas.com\/pt\/auto-delta-celebra-44-anos-o-mercado-e-que-ganha\/","name":"Auto Delta celebra 44 anos, o mercado \u00e9 que ganha - Jornal das Oficinas","isPartOf":{"@id":"https:\/\/jornaldasoficinas.com\/pt\/#website"},"primaryImageOfPage":{"@id":"https:\/\/jornaldasoficinas.com\/pt\/auto-delta-celebra-44-anos-o-mercado-e-que-ganha\/#primaryimage"},"image":{"@id":"https:\/\/jornaldasoficinas.com\/pt\/auto-delta-celebra-44-anos-o-mercado-e-que-ganha\/#primaryimage"},"thumbnailUrl":"https:\/\/jornaldasoficinas.com\/pt\/wp-content\/uploads\/2021\/04\/Auto-Delta-celebra-44-anos.png","datePublished":"2021-05-01T07:00:55+00:00","description":"Desde Maio de 1977, contam-se 44 anos de muito trabalho e dedica\u00e7\u00e3o ao mercado feitos pela Auto Delta. Muito brevemente ver\u00e3o juntar-se-lhes um novo cap\u00edtulo","breadcrumb":{"@id":"https:\/\/jornaldasoficinas.com\/pt\/auto-delta-celebra-44-anos-o-mercado-e-que-ganha\/#breadcrumb"},"inLanguage":"pt-PT","potentialAction":[{"@type":"ReadAction","target":["https:\/\/jornaldasoficinas.com\/pt\/auto-delta-celebra-44-anos-o-mercado-e-que-ganha\/"]}]},{"@type":"ImageObject","inLanguage":"pt-PT","@id":"https:\/\/jornaldasoficinas.com\/pt\/auto-delta-celebra-44-anos-o-mercado-e-que-ganha\/#primaryimage","url":"https:\/\/jornaldasoficinas.com\/pt\/wp-content\/uploads\/2021\/04\/Auto-Delta-celebra-44-anos.png","contentUrl":"https:\/\/jornaldasoficinas.com\/pt\/wp-content\/uploads\/2021\/04\/Auto-Delta-celebra-44-anos.png","width":1024,"height":581,"caption":"04 - Auto-Delta-celebra-44-anos"},{"@type":"BreadcrumbList","@id":"https:\/\/jornaldasoficinas.com\/pt\/auto-delta-celebra-44-anos-o-mercado-e-que-ganha\/#breadcrumb","itemListElement":[{"@type":"ListItem","position":1,"name":"In\u00edcio","item":"https:\/\/jornaldasoficinas.com\/pt\/"},{"@type":"ListItem","position":2,"name":"Auto Delta celebra 44 anos, o mercado \u00e9 que ganha"}]},{"@type":"WebSite","@id":"https:\/\/jornaldasoficinas.com\/pt\/#website","url":"https:\/\/jornaldasoficinas.com\/pt\/","name":"Jornal das Oficinas","description":"Jornal independente do Aftermarket Autom\u00f3vel em Portugal","publisher":{"@id":"https:\/\/jornaldasoficinas.com\/pt\/#organization"},"potentialAction":[{"@type":"SearchAction","target":{"@type":"EntryPoint","urlTemplate":"https:\/\/jornaldasoficinas.com\/pt\/?s={search_term_string}"},"query-input":{"@type":"PropertyValueSpecification","valueRequired":true,"valueName":"search_term_string"}}],"inLanguage":"pt-PT"},{"@type":"Organization","@id":"https:\/\/jornaldasoficinas.com\/pt\/#organization","name":"Jornal das Oficinas","url":"https:\/\/jornaldasoficinas.com\/pt\/","logo":{"@type":"ImageObject","inLanguage":"pt-PT","@id":"https:\/\/jornaldasoficinas.com\/pt\/#\/schema\/logo\/image\/","url":"https:\/\/jornaldasoficinas.com\/pt\/wp-content\/uploads\/logoJO-SEO.png","contentUrl":"https:\/\/jornaldasoficinas.com\/pt\/wp-content\/uploads\/logoJO-SEO.png","width":285,"height":450,"caption":"Jornal das Oficinas"},"image":{"@id":"https:\/\/jornaldasoficinas.com\/pt\/#\/schema\/logo\/image\/"},"sameAs":["https:\/\/www.facebook.com\/jornaloficinas","https:\/\/x.com\/jornaloficinas","https:\/\/www.instagram.com\/jornal_oficinas\/","https:\/\/www.linkedin.com\/company\/jornal-das-oficinas\/","https:\/\/www.youtube.com\/channel\/UCbQZBqtcvV-oSQrr7RzINGg"]},{"@type":"Person","@id":"https:\/\/jornaldasoficinas.com\/pt\/#\/schema\/person\/a38eef5de2c41d9e7c9ac10141afddf3","name":"Reda\u00e7\u00e3o JO","image":{"@type":"ImageObject","inLanguage":"pt-PT","@id":"https:\/\/secure.gravatar.com\/avatar\/71f2fa71737ad68a84fea94bc708ddac8ea5b0c4788dc2ad202f3ccb2887742f?s=96&d=wp_user_avatar&r=g","url":"https:\/\/secure.gravatar.com\/avatar\/71f2fa71737ad68a84fea94bc708ddac8ea5b0c4788dc2ad202f3ccb2887742f?s=96&d=wp_user_avatar&r=g","contentUrl":"https:\/\/secure.gravatar.com\/avatar\/71f2fa71737ad68a84fea94bc708ddac8ea5b0c4788dc2ad202f3ccb2887742f?s=96&d=wp_user_avatar&r=g","caption":"Reda\u00e7\u00e3o JO"},"url":"https:\/\/jornaldasoficinas.com\/pt\/author\/joredacao\/"}]}},"_links":{"self":[{"href":"https:\/\/jornaldasoficinas.com\/pt\/wp-json\/wp\/v2\/posts\/20705","targetHints":{"allow":["GET"]}}],"collection":[{"href":"https:\/\/jornaldasoficinas.com\/pt\/wp-json\/wp\/v2\/posts"}],"about":[{"href":"https:\/\/jornaldasoficinas.com\/pt\/wp-json\/wp\/v2\/types\/post"}],"author":[{"embeddable":true,"href":"https:\/\/jornaldasoficinas.com\/pt\/wp-json\/wp\/v2\/users\/15"}],"replies":[{"embeddable":true,"href":"https:\/\/jornaldasoficinas.com\/pt\/wp-json\/wp\/v2\/comments?post=20705"}],"version-history":[{"count":0,"href":"https:\/\/jornaldasoficinas.com\/pt\/wp-json\/wp\/v2\/posts\/20705\/revisions"}],"wp:featuredmedia":[{"embeddable":true,"href":"https:\/\/jornaldasoficinas.com\/pt\/wp-json\/wp\/v2\/media\/20704"}],"wp:attachment":[{"href":"https:\/\/jornaldasoficinas.com\/pt\/wp-json\/wp\/v2\/media?parent=20705"}],"wp:term":[{"taxonomy":"category","embeddable":true,"href":"https:\/\/jornaldasoficinas.com\/pt\/wp-json\/wp\/v2\/categories?post=20705"},{"taxonomy":"post_tag","embeddable":true,"href":"https:\/\/jornaldasoficinas.com\/pt\/wp-json\/wp\/v2\/tags?post=20705"}],"curies":[{"name":"wp","href":"https:\/\/api.w.org\/{rel}","templated":true}]}}