{"id":20709,"date":"2021-04-30T14:00:45","date_gmt":"2021-04-30T13:00:45","guid":{"rendered":"https:\/\/jornaldasoficinas.com\/pt\/?p=20709"},"modified":"2023-07-20T16:05:49","modified_gmt":"2023-07-20T15:05:49","slug":"portugueses-preferem-viajar-ca-dentro","status":"publish","type":"post","link":"https:\/\/jornaldasoficinas.com\/pt\/portugueses-preferem-viajar-ca-dentro\/","title":{"rendered":"Portugueses preferem viajar c\u00e1 dentro"},"content":{"rendered":"<p><img loading=\"lazy\" decoding=\"async\" class=\"alignnone wp-image-20694 size-full\" src=\"https:\/\/jornaldasoficinas.com\/pt\/wp-content\/uploads\/2021\/04\/Portugueses-preferem.jpg\" alt=\"04 - Portugueses-preferem\" width=\"1024\" height=\"581\" srcset=\"https:\/\/jornaldasoficinas.com\/pt\/wp-content\/uploads\/2021\/04\/Portugueses-preferem.jpg 1024w, https:\/\/jornaldasoficinas.com\/pt\/wp-content\/uploads\/2021\/04\/Portugueses-preferem-300x170.jpg 300w, https:\/\/jornaldasoficinas.com\/pt\/wp-content\/uploads\/2021\/04\/Portugueses-preferem-150x85.jpg 150w, https:\/\/jornaldasoficinas.com\/pt\/wp-content\/uploads\/2021\/04\/Portugueses-preferem-768x436.jpg 768w\" sizes=\"auto, (max-width: 1024px) 100vw, 1024px\" \/><\/p>\n<p><strong>A maioria dos portugueses planeia viajar este ano, nomeadamente na \u00e9poca de ver\u00e3o, e escolhem Portugal como destino de elei\u00e7\u00e3o. Estas s\u00e3o algumas das conclus\u00f5es do estudo Vacation Rental Survey realizado pela Europ Assistance, em parceria com a Phonic e que reflete as altera\u00e7\u00f5es ocorridas nos h\u00e1bitos de viagem dos portugueses devido \u00e0 Covid-19<\/strong><\/p>\n<p>De acordo com o estudo, mais de metade dos entrevistados prefere viajar \u201cdentro do pr\u00f3prio pais\u201d e 31% planeia viajar para pa\u00edses europeus. Cerca de 47% escolhe fazer f\u00e9rias em julho, agosto e setembro de 2021, o que indica que, apesar da pandemia, os portugueses mant\u00eam vontade em viajar nos meses de ver\u00e3o. J\u00e1 22% dos inquiridos pondera viajar apenas a partir de 2022, uma tend\u00eancia em linha com a an\u00e1lise global do question\u00e1rio promovido pela Europ Assistance.<\/p>\n<p>Os arrendamentos de f\u00e9rias s\u00e3o largamente reservados para lazer, cerca de 79% dos portugueses pondera fazer uma \u201cviagem de lazer\u201d nos pr\u00f3ximos 18 meses, no entanto, h\u00e1 tamb\u00e9m um crescente interesse em arrendar para uso relacionado com o trabalho remoto.<\/p>\n<p>O mesmo estudo indica ainda que, nos pr\u00f3ximos 18 meses, 40% dos entrevistados planeia arrendar uma casa de f\u00e9rias, apartamento ou aldeamento como op\u00e7\u00e3o de estadia e prefere fazer a reserva atrav\u00e9s do Booking.com ou Airbnb, o que mostra que os portugueses continuam a privilegiar o arrendamento no momento de reservar alojamento. A grande maioria dos inquiridos (77%) j\u00e1 assegurou local de estadia e refere a tranquilidade, o conforto, a privacidade e o contacto com a natureza como as raz\u00f5es para preferir fazer f\u00e9rias numa casa arrendada.<\/p>\n<p>No que aos seguros de viagem diz respeito, 58% dos entrevistados admitem nunca ter contratado um seguro de viagem ao reservar as suas f\u00e9rias. No entanto, cerca de 66% admite ser \u201cprov\u00e1vel\u201d ou \u201cmuito prov\u00e1vel\u201d adquirir um seguro para a pr\u00f3xima viagem, o que mostra uma maior preocupa\u00e7\u00e3o por parte dos portugueses na contrata\u00e7\u00e3o de seguros de viagem devido \u00e0 pandemia, uma tend\u00eancia que vai ao encontro dos restantes pa\u00edses participantes no estudo.<\/p>\n<p>As coberturas mais privilegiadas pelos entrevistados para garantir a reserva de um arrendamento para f\u00e9rias s\u00e3o o reembolso de dias n\u00e3o utilizados em caso de interrup\u00e7\u00e3o da estadia, por exemplo, devido \u00e0 contamina\u00e7\u00e3o por Covid-19, o cancelamento em caso de infe\u00e7\u00e3o por Covid 19 ou por motivo de quarentena e a assist\u00eancia m\u00e9dica.<\/p>\n<p>No estudo da Europ Assistance, 48% dos inquiridos admite continuar a arrendar casa, apartamento ou aldeamento para f\u00e9rias ap\u00f3s a pandemia e nomeiam a disponibilidade de uma vacina comprovadamente eficaz na preven\u00e7\u00e3o contra o v\u00edrus, a redu\u00e7\u00e3o da propaga\u00e7\u00e3o da Covid-19 em Portugal e a redu\u00e7\u00e3o da propaga\u00e7\u00e3o mundial do v\u00edrus como os fatores que mais v\u00e3o pesar na decis\u00e3o de fazer uma viagem nos pr\u00f3ximos 18 meses.<\/p>\n<p>A dist\u00e2ncia social, acompanhantes (fam\u00edlia, amigos ou individualmente) e locais com elevados protocolos de limpeza s\u00e3o os crit\u00e9rios mais importantes para os portugueses quando selecionam um destino de f\u00e9rias.<\/p>\n<p>J\u00e1 em rela\u00e7\u00e3o \u00e0 quest\u00e3o sobre o que fariam se a vacina\u00e7\u00e3o contra a Covid-19 se tornasse obrigat\u00f3ria para poder viajar de avi\u00e3o, 72% refere n\u00e3o ter qualquer impacto, uma vez que planeiam tomar a vacina.<\/p>\n<p>Para o estudo Vacation Rental Survey da Europ Assistance foram entrevistados cerca de 8.770 viajantes de oito pa\u00edses em todo o mundo, entre 28 de fevereiro e 1 de abril de 2021.<\/p>\n","protected":false},"excerpt":{"rendered":"<p>A maioria dos portugueses planeia viajar&#8230;<\/p>\n","protected":false},"author":15,"featured_media":20694,"comment_status":"closed","ping_status":"closed","sticky":false,"template":"","format":"standard","meta":{"footnotes":""},"categories":[29],"tags":[1207,2596],"class_list":["post-20709","post","type-post","status-publish","format-standard","has-post-thumbnail","hentry","category-empresas","tag-europ-assistance","tag-portugueses"],"yoast_head":"<!-- This site is optimized with the Yoast SEO plugin v27.5 - https:\/\/yoast.com\/product\/yoast-seo-wordpress\/ -->\n<title>Portugueses preferem viajar c\u00e1 dentro - Jornal das Oficinas<\/title>\n<meta name=\"description\" content=\"A maioria dos portugueses planeia viajar este ano, na \u00e9poca de ver\u00e3o, e escolhem Portugal como destino de elei\u00e7\u00e3o, revela a Europ Assistance\" \/>\n<meta name=\"robots\" content=\"index, follow, max-snippet:-1, max-image-preview:large, max-video-preview:-1\" \/>\n<link rel=\"canonical\" href=\"https:\/\/jornaldasoficinas.com\/pt\/portugueses-preferem-viajar-ca-dentro\/\" \/>\n<meta property=\"og:locale\" content=\"pt_PT\" \/>\n<meta property=\"og:type\" content=\"article\" \/>\n<meta property=\"og:title\" content=\"Portugueses preferem viajar c\u00e1 dentro - Jornal das Oficinas\" \/>\n<meta property=\"og:description\" content=\"A maioria dos portugueses planeia viajar este ano, na \u00e9poca de ver\u00e3o, e escolhem Portugal como destino de elei\u00e7\u00e3o, revela a Europ Assistance\" \/>\n<meta property=\"og:url\" content=\"https:\/\/jornaldasoficinas.com\/pt\/portugueses-preferem-viajar-ca-dentro\/\" \/>\n<meta property=\"og:site_name\" content=\"Jornal das Oficinas\" \/>\n<meta property=\"article:publisher\" content=\"https:\/\/www.facebook.com\/jornaloficinas\" \/>\n<meta property=\"article:published_time\" content=\"2021-04-30T13:00:45+00:00\" \/>\n<meta property=\"article:modified_time\" content=\"2023-07-20T15:05:49+00:00\" \/>\n<meta property=\"og:image\" content=\"https:\/\/jornaldasoficinas.com\/pt\/wp-content\/uploads\/2021\/04\/Portugueses-preferem.jpg\" \/>\n\t<meta property=\"og:image:width\" content=\"1024\" \/>\n\t<meta property=\"og:image:height\" content=\"581\" \/>\n\t<meta property=\"og:image:type\" content=\"image\/jpeg\" \/>\n<meta name=\"author\" content=\"Reda\u00e7\u00e3o JO\" \/>\n<meta name=\"twitter:card\" content=\"summary_large_image\" \/>\n<meta name=\"twitter:creator\" content=\"@jornaloficinas\" \/>\n<meta name=\"twitter:site\" content=\"@jornaloficinas\" \/>\n<meta name=\"twitter:label1\" content=\"Escrito por\" \/>\n\t<meta name=\"twitter:data1\" content=\"Reda\u00e7\u00e3o JO\" \/>\n\t<meta name=\"twitter:label2\" content=\"Tempo estimado de leitura\" \/>\n\t<meta name=\"twitter:data2\" content=\"3 minutos\" \/>\n<script type=\"application\/ld+json\" class=\"yoast-schema-graph\">{\"@context\":\"https:\\\/\\\/schema.org\",\"@graph\":[{\"@type\":\"Article\",\"@id\":\"https:\\\/\\\/jornaldasoficinas.com\\\/pt\\\/portugueses-preferem-viajar-ca-dentro\\\/#article\",\"isPartOf\":{\"@id\":\"https:\\\/\\\/jornaldasoficinas.com\\\/pt\\\/portugueses-preferem-viajar-ca-dentro\\\/\"},\"author\":{\"name\":\"Reda\u00e7\u00e3o JO\",\"@id\":\"https:\\\/\\\/jornaldasoficinas.com\\\/pt\\\/#\\\/schema\\\/person\\\/a38eef5de2c41d9e7c9ac10141afddf3\"},\"headline\":\"Portugueses preferem viajar c\u00e1 dentro\",\"datePublished\":\"2021-04-30T13:00:45+00:00\",\"dateModified\":\"2023-07-20T15:05:49+00:00\",\"mainEntityOfPage\":{\"@id\":\"https:\\\/\\\/jornaldasoficinas.com\\\/pt\\\/portugueses-preferem-viajar-ca-dentro\\\/\"},\"wordCount\":596,\"publisher\":{\"@id\":\"https:\\\/\\\/jornaldasoficinas.com\\\/pt\\\/#organization\"},\"image\":{\"@id\":\"https:\\\/\\\/jornaldasoficinas.com\\\/pt\\\/portugueses-preferem-viajar-ca-dentro\\\/#primaryimage\"},\"thumbnailUrl\":\"https:\\\/\\\/jornaldasoficinas.com\\\/pt\\\/wp-content\\\/uploads\\\/2021\\\/04\\\/Portugueses-preferem.jpg\",\"keywords\":[\"Europ Assistance\",\"portugueses\"],\"articleSection\":[\"Empresas\"],\"inLanguage\":\"pt-PT\"},{\"@type\":\"WebPage\",\"@id\":\"https:\\\/\\\/jornaldasoficinas.com\\\/pt\\\/portugueses-preferem-viajar-ca-dentro\\\/\",\"url\":\"https:\\\/\\\/jornaldasoficinas.com\\\/pt\\\/portugueses-preferem-viajar-ca-dentro\\\/\",\"name\":\"Portugueses preferem viajar c\u00e1 dentro - Jornal das Oficinas\",\"isPartOf\":{\"@id\":\"https:\\\/\\\/jornaldasoficinas.com\\\/pt\\\/#website\"},\"primaryImageOfPage\":{\"@id\":\"https:\\\/\\\/jornaldasoficinas.com\\\/pt\\\/portugueses-preferem-viajar-ca-dentro\\\/#primaryimage\"},\"image\":{\"@id\":\"https:\\\/\\\/jornaldasoficinas.com\\\/pt\\\/portugueses-preferem-viajar-ca-dentro\\\/#primaryimage\"},\"thumbnailUrl\":\"https:\\\/\\\/jornaldasoficinas.com\\\/pt\\\/wp-content\\\/uploads\\\/2021\\\/04\\\/Portugueses-preferem.jpg\",\"datePublished\":\"2021-04-30T13:00:45+00:00\",\"dateModified\":\"2023-07-20T15:05:49+00:00\",\"description\":\"A maioria dos portugueses planeia viajar este ano, na \u00e9poca de ver\u00e3o, e escolhem Portugal como destino de elei\u00e7\u00e3o, revela a Europ Assistance\",\"breadcrumb\":{\"@id\":\"https:\\\/\\\/jornaldasoficinas.com\\\/pt\\\/portugueses-preferem-viajar-ca-dentro\\\/#breadcrumb\"},\"inLanguage\":\"pt-PT\",\"potentialAction\":[{\"@type\":\"ReadAction\",\"target\":[\"https:\\\/\\\/jornaldasoficinas.com\\\/pt\\\/portugueses-preferem-viajar-ca-dentro\\\/\"]}]},{\"@type\":\"ImageObject\",\"inLanguage\":\"pt-PT\",\"@id\":\"https:\\\/\\\/jornaldasoficinas.com\\\/pt\\\/portugueses-preferem-viajar-ca-dentro\\\/#primaryimage\",\"url\":\"https:\\\/\\\/jornaldasoficinas.com\\\/pt\\\/wp-content\\\/uploads\\\/2021\\\/04\\\/Portugueses-preferem.jpg\",\"contentUrl\":\"https:\\\/\\\/jornaldasoficinas.com\\\/pt\\\/wp-content\\\/uploads\\\/2021\\\/04\\\/Portugueses-preferem.jpg\",\"width\":1024,\"height\":581,\"caption\":\"04 - Portugueses-preferem\"},{\"@type\":\"BreadcrumbList\",\"@id\":\"https:\\\/\\\/jornaldasoficinas.com\\\/pt\\\/portugueses-preferem-viajar-ca-dentro\\\/#breadcrumb\",\"itemListElement\":[{\"@type\":\"ListItem\",\"position\":1,\"name\":\"In\u00edcio\",\"item\":\"https:\\\/\\\/jornaldasoficinas.com\\\/pt\\\/\"},{\"@type\":\"ListItem\",\"position\":2,\"name\":\"Portugueses preferem viajar c\u00e1 dentro\"}]},{\"@type\":\"WebSite\",\"@id\":\"https:\\\/\\\/jornaldasoficinas.com\\\/pt\\\/#website\",\"url\":\"https:\\\/\\\/jornaldasoficinas.com\\\/pt\\\/\",\"name\":\"Jornal das Oficinas\",\"description\":\"Jornal independente do Aftermarket Autom\u00f3vel em Portugal\",\"publisher\":{\"@id\":\"https:\\\/\\\/jornaldasoficinas.com\\\/pt\\\/#organization\"},\"potentialAction\":[{\"@type\":\"SearchAction\",\"target\":{\"@type\":\"EntryPoint\",\"urlTemplate\":\"https:\\\/\\\/jornaldasoficinas.com\\\/pt\\\/?s={search_term_string}\"},\"query-input\":{\"@type\":\"PropertyValueSpecification\",\"valueRequired\":true,\"valueName\":\"search_term_string\"}}],\"inLanguage\":\"pt-PT\"},{\"@type\":\"Organization\",\"@id\":\"https:\\\/\\\/jornaldasoficinas.com\\\/pt\\\/#organization\",\"name\":\"Jornal das Oficinas\",\"url\":\"https:\\\/\\\/jornaldasoficinas.com\\\/pt\\\/\",\"logo\":{\"@type\":\"ImageObject\",\"inLanguage\":\"pt-PT\",\"@id\":\"https:\\\/\\\/jornaldasoficinas.com\\\/pt\\\/#\\\/schema\\\/logo\\\/image\\\/\",\"url\":\"https:\\\/\\\/jornaldasoficinas.com\\\/pt\\\/wp-content\\\/uploads\\\/logoJO-SEO.png\",\"contentUrl\":\"https:\\\/\\\/jornaldasoficinas.com\\\/pt\\\/wp-content\\\/uploads\\\/logoJO-SEO.png\",\"width\":285,\"height\":450,\"caption\":\"Jornal das Oficinas\"},\"image\":{\"@id\":\"https:\\\/\\\/jornaldasoficinas.com\\\/pt\\\/#\\\/schema\\\/logo\\\/image\\\/\"},\"sameAs\":[\"https:\\\/\\\/www.facebook.com\\\/jornaloficinas\",\"https:\\\/\\\/x.com\\\/jornaloficinas\",\"https:\\\/\\\/www.instagram.com\\\/jornal_oficinas\\\/\",\"https:\\\/\\\/www.linkedin.com\\\/company\\\/jornal-das-oficinas\\\/\",\"https:\\\/\\\/www.youtube.com\\\/channel\\\/UCbQZBqtcvV-oSQrr7RzINGg\"]},{\"@type\":\"Person\",\"@id\":\"https:\\\/\\\/jornaldasoficinas.com\\\/pt\\\/#\\\/schema\\\/person\\\/a38eef5de2c41d9e7c9ac10141afddf3\",\"name\":\"Reda\u00e7\u00e3o JO\",\"image\":{\"@type\":\"ImageObject\",\"inLanguage\":\"pt-PT\",\"@id\":\"https:\\\/\\\/secure.gravatar.com\\\/avatar\\\/71f2fa71737ad68a84fea94bc708ddac8ea5b0c4788dc2ad202f3ccb2887742f?s=96&d=wp_user_avatar&r=g\",\"url\":\"https:\\\/\\\/secure.gravatar.com\\\/avatar\\\/71f2fa71737ad68a84fea94bc708ddac8ea5b0c4788dc2ad202f3ccb2887742f?s=96&d=wp_user_avatar&r=g\",\"contentUrl\":\"https:\\\/\\\/secure.gravatar.com\\\/avatar\\\/71f2fa71737ad68a84fea94bc708ddac8ea5b0c4788dc2ad202f3ccb2887742f?s=96&d=wp_user_avatar&r=g\",\"caption\":\"Reda\u00e7\u00e3o JO\"},\"url\":\"https:\\\/\\\/jornaldasoficinas.com\\\/pt\\\/author\\\/joredacao\\\/\"}]}<\/script>\n<!-- \/ Yoast SEO plugin. -->","yoast_head_json":{"title":"Portugueses preferem viajar c\u00e1 dentro - Jornal das Oficinas","description":"A maioria dos portugueses planeia viajar este ano, na \u00e9poca de ver\u00e3o, e escolhem Portugal como destino de elei\u00e7\u00e3o, revela a Europ Assistance","robots":{"index":"index","follow":"follow","max-snippet":"max-snippet:-1","max-image-preview":"max-image-preview:large","max-video-preview":"max-video-preview:-1"},"canonical":"https:\/\/jornaldasoficinas.com\/pt\/portugueses-preferem-viajar-ca-dentro\/","og_locale":"pt_PT","og_type":"article","og_title":"Portugueses preferem viajar c\u00e1 dentro - Jornal das Oficinas","og_description":"A maioria dos portugueses planeia viajar este ano, na \u00e9poca de ver\u00e3o, e escolhem Portugal como destino de elei\u00e7\u00e3o, revela a Europ Assistance","og_url":"https:\/\/jornaldasoficinas.com\/pt\/portugueses-preferem-viajar-ca-dentro\/","og_site_name":"Jornal das Oficinas","article_publisher":"https:\/\/www.facebook.com\/jornaloficinas","article_published_time":"2021-04-30T13:00:45+00:00","article_modified_time":"2023-07-20T15:05:49+00:00","og_image":[{"width":1024,"height":581,"url":"https:\/\/jornaldasoficinas.com\/pt\/wp-content\/uploads\/2021\/04\/Portugueses-preferem.jpg","type":"image\/jpeg"}],"author":"Reda\u00e7\u00e3o JO","twitter_card":"summary_large_image","twitter_creator":"@jornaloficinas","twitter_site":"@jornaloficinas","twitter_misc":{"Escrito por":"Reda\u00e7\u00e3o JO","Tempo estimado de leitura":"3 minutos"},"schema":{"@context":"https:\/\/schema.org","@graph":[{"@type":"Article","@id":"https:\/\/jornaldasoficinas.com\/pt\/portugueses-preferem-viajar-ca-dentro\/#article","isPartOf":{"@id":"https:\/\/jornaldasoficinas.com\/pt\/portugueses-preferem-viajar-ca-dentro\/"},"author":{"name":"Reda\u00e7\u00e3o JO","@id":"https:\/\/jornaldasoficinas.com\/pt\/#\/schema\/person\/a38eef5de2c41d9e7c9ac10141afddf3"},"headline":"Portugueses preferem viajar c\u00e1 dentro","datePublished":"2021-04-30T13:00:45+00:00","dateModified":"2023-07-20T15:05:49+00:00","mainEntityOfPage":{"@id":"https:\/\/jornaldasoficinas.com\/pt\/portugueses-preferem-viajar-ca-dentro\/"},"wordCount":596,"publisher":{"@id":"https:\/\/jornaldasoficinas.com\/pt\/#organization"},"image":{"@id":"https:\/\/jornaldasoficinas.com\/pt\/portugueses-preferem-viajar-ca-dentro\/#primaryimage"},"thumbnailUrl":"https:\/\/jornaldasoficinas.com\/pt\/wp-content\/uploads\/2021\/04\/Portugueses-preferem.jpg","keywords":["Europ Assistance","portugueses"],"articleSection":["Empresas"],"inLanguage":"pt-PT"},{"@type":"WebPage","@id":"https:\/\/jornaldasoficinas.com\/pt\/portugueses-preferem-viajar-ca-dentro\/","url":"https:\/\/jornaldasoficinas.com\/pt\/portugueses-preferem-viajar-ca-dentro\/","name":"Portugueses preferem viajar c\u00e1 dentro - Jornal das Oficinas","isPartOf":{"@id":"https:\/\/jornaldasoficinas.com\/pt\/#website"},"primaryImageOfPage":{"@id":"https:\/\/jornaldasoficinas.com\/pt\/portugueses-preferem-viajar-ca-dentro\/#primaryimage"},"image":{"@id":"https:\/\/jornaldasoficinas.com\/pt\/portugueses-preferem-viajar-ca-dentro\/#primaryimage"},"thumbnailUrl":"https:\/\/jornaldasoficinas.com\/pt\/wp-content\/uploads\/2021\/04\/Portugueses-preferem.jpg","datePublished":"2021-04-30T13:00:45+00:00","dateModified":"2023-07-20T15:05:49+00:00","description":"A maioria dos portugueses planeia viajar este ano, na \u00e9poca de ver\u00e3o, e escolhem Portugal como destino de elei\u00e7\u00e3o, revela a Europ Assistance","breadcrumb":{"@id":"https:\/\/jornaldasoficinas.com\/pt\/portugueses-preferem-viajar-ca-dentro\/#breadcrumb"},"inLanguage":"pt-PT","potentialAction":[{"@type":"ReadAction","target":["https:\/\/jornaldasoficinas.com\/pt\/portugueses-preferem-viajar-ca-dentro\/"]}]},{"@type":"ImageObject","inLanguage":"pt-PT","@id":"https:\/\/jornaldasoficinas.com\/pt\/portugueses-preferem-viajar-ca-dentro\/#primaryimage","url":"https:\/\/jornaldasoficinas.com\/pt\/wp-content\/uploads\/2021\/04\/Portugueses-preferem.jpg","contentUrl":"https:\/\/jornaldasoficinas.com\/pt\/wp-content\/uploads\/2021\/04\/Portugueses-preferem.jpg","width":1024,"height":581,"caption":"04 - Portugueses-preferem"},{"@type":"BreadcrumbList","@id":"https:\/\/jornaldasoficinas.com\/pt\/portugueses-preferem-viajar-ca-dentro\/#breadcrumb","itemListElement":[{"@type":"ListItem","position":1,"name":"In\u00edcio","item":"https:\/\/jornaldasoficinas.com\/pt\/"},{"@type":"ListItem","position":2,"name":"Portugueses preferem viajar c\u00e1 dentro"}]},{"@type":"WebSite","@id":"https:\/\/jornaldasoficinas.com\/pt\/#website","url":"https:\/\/jornaldasoficinas.com\/pt\/","name":"Jornal das Oficinas","description":"Jornal independente do Aftermarket Autom\u00f3vel em Portugal","publisher":{"@id":"https:\/\/jornaldasoficinas.com\/pt\/#organization"},"potentialAction":[{"@type":"SearchAction","target":{"@type":"EntryPoint","urlTemplate":"https:\/\/jornaldasoficinas.com\/pt\/?s={search_term_string}"},"query-input":{"@type":"PropertyValueSpecification","valueRequired":true,"valueName":"search_term_string"}}],"inLanguage":"pt-PT"},{"@type":"Organization","@id":"https:\/\/jornaldasoficinas.com\/pt\/#organization","name":"Jornal das Oficinas","url":"https:\/\/jornaldasoficinas.com\/pt\/","logo":{"@type":"ImageObject","inLanguage":"pt-PT","@id":"https:\/\/jornaldasoficinas.com\/pt\/#\/schema\/logo\/image\/","url":"https:\/\/jornaldasoficinas.com\/pt\/wp-content\/uploads\/logoJO-SEO.png","contentUrl":"https:\/\/jornaldasoficinas.com\/pt\/wp-content\/uploads\/logoJO-SEO.png","width":285,"height":450,"caption":"Jornal das Oficinas"},"image":{"@id":"https:\/\/jornaldasoficinas.com\/pt\/#\/schema\/logo\/image\/"},"sameAs":["https:\/\/www.facebook.com\/jornaloficinas","https:\/\/x.com\/jornaloficinas","https:\/\/www.instagram.com\/jornal_oficinas\/","https:\/\/www.linkedin.com\/company\/jornal-das-oficinas\/","https:\/\/www.youtube.com\/channel\/UCbQZBqtcvV-oSQrr7RzINGg"]},{"@type":"Person","@id":"https:\/\/jornaldasoficinas.com\/pt\/#\/schema\/person\/a38eef5de2c41d9e7c9ac10141afddf3","name":"Reda\u00e7\u00e3o JO","image":{"@type":"ImageObject","inLanguage":"pt-PT","@id":"https:\/\/secure.gravatar.com\/avatar\/71f2fa71737ad68a84fea94bc708ddac8ea5b0c4788dc2ad202f3ccb2887742f?s=96&d=wp_user_avatar&r=g","url":"https:\/\/secure.gravatar.com\/avatar\/71f2fa71737ad68a84fea94bc708ddac8ea5b0c4788dc2ad202f3ccb2887742f?s=96&d=wp_user_avatar&r=g","contentUrl":"https:\/\/secure.gravatar.com\/avatar\/71f2fa71737ad68a84fea94bc708ddac8ea5b0c4788dc2ad202f3ccb2887742f?s=96&d=wp_user_avatar&r=g","caption":"Reda\u00e7\u00e3o JO"},"url":"https:\/\/jornaldasoficinas.com\/pt\/author\/joredacao\/"}]}},"_links":{"self":[{"href":"https:\/\/jornaldasoficinas.com\/pt\/wp-json\/wp\/v2\/posts\/20709","targetHints":{"allow":["GET"]}}],"collection":[{"href":"https:\/\/jornaldasoficinas.com\/pt\/wp-json\/wp\/v2\/posts"}],"about":[{"href":"https:\/\/jornaldasoficinas.com\/pt\/wp-json\/wp\/v2\/types\/post"}],"author":[{"embeddable":true,"href":"https:\/\/jornaldasoficinas.com\/pt\/wp-json\/wp\/v2\/users\/15"}],"replies":[{"embeddable":true,"href":"https:\/\/jornaldasoficinas.com\/pt\/wp-json\/wp\/v2\/comments?post=20709"}],"version-history":[{"count":0,"href":"https:\/\/jornaldasoficinas.com\/pt\/wp-json\/wp\/v2\/posts\/20709\/revisions"}],"wp:featuredmedia":[{"embeddable":true,"href":"https:\/\/jornaldasoficinas.com\/pt\/wp-json\/wp\/v2\/media\/20694"}],"wp:attachment":[{"href":"https:\/\/jornaldasoficinas.com\/pt\/wp-json\/wp\/v2\/media?parent=20709"}],"wp:term":[{"taxonomy":"category","embeddable":true,"href":"https:\/\/jornaldasoficinas.com\/pt\/wp-json\/wp\/v2\/categories?post=20709"},{"taxonomy":"post_tag","embeddable":true,"href":"https:\/\/jornaldasoficinas.com\/pt\/wp-json\/wp\/v2\/tags?post=20709"}],"curies":[{"name":"wp","href":"https:\/\/api.w.org\/{rel}","templated":true}]}}