{"id":20719,"date":"2021-05-01T14:00:19","date_gmt":"2021-05-01T13:00:19","guid":{"rendered":"https:\/\/jornaldasoficinas.com\/pt\/?p=20719"},"modified":"2021-05-03T21:33:06","modified_gmt":"2021-05-03T20:33:06","slug":"krautli-lanca-carregador-njord-go","status":"publish","type":"post","link":"https:\/\/jornaldasoficinas.com\/pt\/krautli-lanca-carregador-njord-go\/","title":{"rendered":"Krautli lan\u00e7a carregador NJORD GO"},"content":{"rendered":"<p><strong><img loading=\"lazy\" decoding=\"async\" class=\"alignnone wp-image-20689 size-full\" src=\"https:\/\/jornaldasoficinas.com\/pt\/wp-content\/uploads\/2021\/04\/Krautli-lanca-carregador-NJORD-GO.jpg\" alt=\"04 - Krautli-lanca-carregador-NJORD-GO\" width=\"1024\" height=\"581\" srcset=\"https:\/\/jornaldasoficinas.com\/pt\/wp-content\/uploads\/2021\/04\/Krautli-lanca-carregador-NJORD-GO.jpg 1024w, https:\/\/jornaldasoficinas.com\/pt\/wp-content\/uploads\/2021\/04\/Krautli-lanca-carregador-NJORD-GO-300x170.jpg 300w, https:\/\/jornaldasoficinas.com\/pt\/wp-content\/uploads\/2021\/04\/Krautli-lanca-carregador-NJORD-GO-150x85.jpg 150w, https:\/\/jornaldasoficinas.com\/pt\/wp-content\/uploads\/2021\/04\/Krautli-lanca-carregador-NJORD-GO-768x436.jpg 768w\" sizes=\"auto, (max-width: 1024px) 100vw, 1024px\" \/><\/strong><\/p>\n<p><strong>NJORD GO \u00e9 um carregador para ve\u00edculos el\u00e9tricos port\u00e1til, leve e dur\u00e1vel, dispon\u00edvel com um conector tipo 2 e uma capacidade de carga at\u00e9 11 kW que lhe d\u00e1 uma carga EV r\u00e1pida e fi\u00e1vel em casa, ou quando est\u00e1 na estrada<\/strong><\/p>\n<p>A <a href=\"https:\/\/www.krautli.pt\/pt\/\" target=\"_blank\" rel=\"noopener\">Krautli Portugal<\/a> est\u00e1 a entrar na E-Mobilidade. O n\u00famero crescente de ve\u00edculos el\u00e9tricos (EV) na estrada n\u00e3o s\u00f3 resultou num aumento da procura de solu\u00e7\u00f5es de carregamento de EV, como tamb\u00e9m evidenciou a necessidade de maior flexibilidade nos seus produtos e solu\u00e7\u00f5es. A Krautli Portugal est\u00e1 continuamente a adaptar-se e a evoluir para responder \u00e0s necessidades em mudan\u00e7a da ind\u00fastria autom\u00f3vel, raz\u00e3o pela qual lan\u00e7ou o NJORD GO da CTEK.<\/p>\n<p>O NJORD GO vem com cabo de rede fixo de 1,5 m de comprimento e cabo de carga EV de 5,0 m, pelo que n\u00e3o \u00e9 necess\u00e1ria qualquer instala\u00e7\u00e3o \u2013 basta ligar a unidade \u00e0 sua tomada CEE dom\u00e9stica ou comercial para carregar. A interface do utilizador do carregador indica claramente o estado da carga.<\/p>\n<p>Com apenas 14 cm x 25 cm, \u00e9 suficientemente pequeno para ser transportado dentro do ve\u00edculo el\u00e9trico ou poder\u00e1 ser usado o suporte de parede para uma instala\u00e7\u00e3o mais permanente. O NJORD GO \u00e9 embalado com uma gama de fun\u00e7\u00f5es e incorporado em caracter\u00edsticas de seguran\u00e7a, tais como uma prote\u00e7\u00e3o de fus\u00edvel incorporada, dete\u00e7\u00e3o de d\u00edodo do carro para evitar a carga de um carro avariado, RCD de reposi\u00e7\u00e3o autom\u00e1tica, detetor de fugas DC e um autoteste que verifica o funcionamento do RCD, prote\u00e7\u00e3o de temperatura e medidor de energia antes que o carro seja autorizado a carregar.<\/p>\n<p>O carregador EV \u00e9 utilizado atrav\u00e9s da CTEK App que lhe d\u00e1 controlo total sobre a corrente de carga e a programa\u00e7\u00e3o, para m\u00e1xima flexibilidade. Al\u00e9m disso, permite diminuir ou aumentar de forma r\u00e1pida o fornecimento de energia para equilibrar a carga em alturas de elevado consumo dom\u00e9stico; tudo a partir do seu pr\u00f3prio telefone m\u00f3vel Android ou iOS via Bluetooth\u00ae e Wi-Fi.<\/p>\n<p>Finalmente, o CTEK tamb\u00e9m oferece v\u00e1rios cabos de carregamento de ve\u00edculos el\u00e9tricos (EV) que proporcionam um carregamento mais r\u00e1pido e um desempenho garantido. Possui duas op\u00e7\u00f5es: o Cabo Tipo 1 \u2013 Monof\u00e1sico com carregamento at\u00e9 7,4kW ou um Cabo Tipo 2 \u2013 Trif\u00e1sico com carregamento at\u00e9 22kW. Estes cabos s\u00e3o feitos de um pl\u00e1stico resistente, n\u00e3o inflam\u00e1vel que est\u00e1 em conformidade com as especifica\u00e7\u00f5es V-0. Est\u00e3o equipados com tamp\u00f5es de resina sint\u00e9tica dur\u00e1veis e de expans\u00e3o t\u00e9rmica, para que n\u00e3o rachem e sejam completamente seguros para manusear.<\/p>\n<p>&nbsp;<\/p>\n","protected":false},"excerpt":{"rendered":"<p>NJORD GO \u00e9 um carregador para&#8230;<\/p>\n","protected":false},"author":15,"featured_media":20689,"comment_status":"closed","ping_status":"closed","sticky":false,"template":"","format":"standard","meta":{"footnotes":""},"categories":[29],"tags":[282],"class_list":["post-20719","post","type-post","status-publish","format-standard","has-post-thumbnail","hentry","category-empresas","tag-krautli-portugal"],"yoast_head":"<!-- This site is optimized with the Yoast SEO plugin v27.4 - https:\/\/yoast.com\/product\/yoast-seo-wordpress\/ -->\n<title>Krautli lan\u00e7a carregador NJORD GO - Jornal das Oficinas<\/title>\n<meta name=\"description\" content=\"NJORD GO \u00e9 um carregador para ve\u00edculos el\u00e9tricos port\u00e1til, leve e dur\u00e1vel, dispon\u00edvel com um conetor tipo 2, com capacidade de carga at\u00e9 11 kW\" \/>\n<meta name=\"robots\" content=\"index, follow, max-snippet:-1, max-image-preview:large, max-video-preview:-1\" \/>\n<link rel=\"canonical\" href=\"https:\/\/jornaldasoficinas.com\/pt\/krautli-lanca-carregador-njord-go\/\" \/>\n<meta property=\"og:locale\" content=\"pt_PT\" \/>\n<meta property=\"og:type\" content=\"article\" \/>\n<meta property=\"og:title\" content=\"Krautli lan\u00e7a carregador NJORD GO - Jornal das Oficinas\" \/>\n<meta property=\"og:description\" content=\"NJORD GO \u00e9 um carregador para ve\u00edculos el\u00e9tricos port\u00e1til, leve e dur\u00e1vel, dispon\u00edvel com um conetor tipo 2, com capacidade de carga at\u00e9 11 kW\" \/>\n<meta property=\"og:url\" content=\"https:\/\/jornaldasoficinas.com\/pt\/krautli-lanca-carregador-njord-go\/\" \/>\n<meta property=\"og:site_name\" content=\"Jornal das Oficinas\" \/>\n<meta property=\"article:publisher\" content=\"https:\/\/www.facebook.com\/jornaloficinas\" \/>\n<meta property=\"article:published_time\" content=\"2021-05-01T13:00:19+00:00\" \/>\n<meta property=\"article:modified_time\" content=\"2021-05-03T20:33:06+00:00\" \/>\n<meta property=\"og:image\" content=\"https:\/\/jornaldasoficinas.com\/pt\/wp-content\/uploads\/2021\/04\/Krautli-lanca-carregador-NJORD-GO.jpg\" \/>\n\t<meta property=\"og:image:width\" content=\"1024\" \/>\n\t<meta property=\"og:image:height\" content=\"581\" \/>\n\t<meta property=\"og:image:type\" content=\"image\/jpeg\" \/>\n<meta name=\"author\" content=\"Reda\u00e7\u00e3o JO\" \/>\n<meta name=\"twitter:card\" content=\"summary_large_image\" \/>\n<meta name=\"twitter:creator\" content=\"@jornaloficinas\" \/>\n<meta name=\"twitter:site\" content=\"@jornaloficinas\" \/>\n<meta name=\"twitter:label1\" content=\"Escrito por\" \/>\n\t<meta name=\"twitter:data1\" content=\"Reda\u00e7\u00e3o JO\" \/>\n\t<meta name=\"twitter:label2\" content=\"Tempo estimado de leitura\" \/>\n\t<meta name=\"twitter:data2\" content=\"3 minutos\" \/>\n<script type=\"application\/ld+json\" class=\"yoast-schema-graph\">{\"@context\":\"https:\\\/\\\/schema.org\",\"@graph\":[{\"@type\":\"Article\",\"@id\":\"https:\\\/\\\/jornaldasoficinas.com\\\/pt\\\/krautli-lanca-carregador-njord-go\\\/#article\",\"isPartOf\":{\"@id\":\"https:\\\/\\\/jornaldasoficinas.com\\\/pt\\\/krautli-lanca-carregador-njord-go\\\/\"},\"author\":{\"name\":\"Reda\u00e7\u00e3o JO\",\"@id\":\"https:\\\/\\\/jornaldasoficinas.com\\\/pt\\\/#\\\/schema\\\/person\\\/a38eef5de2c41d9e7c9ac10141afddf3\"},\"headline\":\"Krautli lan\u00e7a carregador NJORD GO\",\"datePublished\":\"2021-05-01T13:00:19+00:00\",\"dateModified\":\"2021-05-03T20:33:06+00:00\",\"mainEntityOfPage\":{\"@id\":\"https:\\\/\\\/jornaldasoficinas.com\\\/pt\\\/krautli-lanca-carregador-njord-go\\\/\"},\"wordCount\":470,\"publisher\":{\"@id\":\"https:\\\/\\\/jornaldasoficinas.com\\\/pt\\\/#organization\"},\"image\":{\"@id\":\"https:\\\/\\\/jornaldasoficinas.com\\\/pt\\\/krautli-lanca-carregador-njord-go\\\/#primaryimage\"},\"thumbnailUrl\":\"https:\\\/\\\/jornaldasoficinas.com\\\/pt\\\/wp-content\\\/uploads\\\/2021\\\/04\\\/Krautli-lanca-carregador-NJORD-GO.jpg\",\"keywords\":[\"KRAUTLI Portugal\"],\"articleSection\":[\"Empresas\"],\"inLanguage\":\"pt-PT\"},{\"@type\":\"WebPage\",\"@id\":\"https:\\\/\\\/jornaldasoficinas.com\\\/pt\\\/krautli-lanca-carregador-njord-go\\\/\",\"url\":\"https:\\\/\\\/jornaldasoficinas.com\\\/pt\\\/krautli-lanca-carregador-njord-go\\\/\",\"name\":\"Krautli lan\u00e7a carregador NJORD GO - Jornal das Oficinas\",\"isPartOf\":{\"@id\":\"https:\\\/\\\/jornaldasoficinas.com\\\/pt\\\/#website\"},\"primaryImageOfPage\":{\"@id\":\"https:\\\/\\\/jornaldasoficinas.com\\\/pt\\\/krautli-lanca-carregador-njord-go\\\/#primaryimage\"},\"image\":{\"@id\":\"https:\\\/\\\/jornaldasoficinas.com\\\/pt\\\/krautli-lanca-carregador-njord-go\\\/#primaryimage\"},\"thumbnailUrl\":\"https:\\\/\\\/jornaldasoficinas.com\\\/pt\\\/wp-content\\\/uploads\\\/2021\\\/04\\\/Krautli-lanca-carregador-NJORD-GO.jpg\",\"datePublished\":\"2021-05-01T13:00:19+00:00\",\"dateModified\":\"2021-05-03T20:33:06+00:00\",\"description\":\"NJORD GO \u00e9 um carregador para ve\u00edculos el\u00e9tricos port\u00e1til, leve e dur\u00e1vel, dispon\u00edvel com um conetor tipo 2, com capacidade de carga at\u00e9 11 kW\",\"breadcrumb\":{\"@id\":\"https:\\\/\\\/jornaldasoficinas.com\\\/pt\\\/krautli-lanca-carregador-njord-go\\\/#breadcrumb\"},\"inLanguage\":\"pt-PT\",\"potentialAction\":[{\"@type\":\"ReadAction\",\"target\":[\"https:\\\/\\\/jornaldasoficinas.com\\\/pt\\\/krautli-lanca-carregador-njord-go\\\/\"]}]},{\"@type\":\"ImageObject\",\"inLanguage\":\"pt-PT\",\"@id\":\"https:\\\/\\\/jornaldasoficinas.com\\\/pt\\\/krautli-lanca-carregador-njord-go\\\/#primaryimage\",\"url\":\"https:\\\/\\\/jornaldasoficinas.com\\\/pt\\\/wp-content\\\/uploads\\\/2021\\\/04\\\/Krautli-lanca-carregador-NJORD-GO.jpg\",\"contentUrl\":\"https:\\\/\\\/jornaldasoficinas.com\\\/pt\\\/wp-content\\\/uploads\\\/2021\\\/04\\\/Krautli-lanca-carregador-NJORD-GO.jpg\",\"width\":1024,\"height\":581,\"caption\":\"04 - Krautli-lanca-carregador-NJORD-GO\"},{\"@type\":\"BreadcrumbList\",\"@id\":\"https:\\\/\\\/jornaldasoficinas.com\\\/pt\\\/krautli-lanca-carregador-njord-go\\\/#breadcrumb\",\"itemListElement\":[{\"@type\":\"ListItem\",\"position\":1,\"name\":\"In\u00edcio\",\"item\":\"https:\\\/\\\/jornaldasoficinas.com\\\/pt\\\/\"},{\"@type\":\"ListItem\",\"position\":2,\"name\":\"Krautli lan\u00e7a carregador NJORD GO\"}]},{\"@type\":\"WebSite\",\"@id\":\"https:\\\/\\\/jornaldasoficinas.com\\\/pt\\\/#website\",\"url\":\"https:\\\/\\\/jornaldasoficinas.com\\\/pt\\\/\",\"name\":\"Jornal das Oficinas\",\"description\":\"Jornal independente do Aftermarket Autom\u00f3vel em Portugal\",\"publisher\":{\"@id\":\"https:\\\/\\\/jornaldasoficinas.com\\\/pt\\\/#organization\"},\"potentialAction\":[{\"@type\":\"SearchAction\",\"target\":{\"@type\":\"EntryPoint\",\"urlTemplate\":\"https:\\\/\\\/jornaldasoficinas.com\\\/pt\\\/?s={search_term_string}\"},\"query-input\":{\"@type\":\"PropertyValueSpecification\",\"valueRequired\":true,\"valueName\":\"search_term_string\"}}],\"inLanguage\":\"pt-PT\"},{\"@type\":\"Organization\",\"@id\":\"https:\\\/\\\/jornaldasoficinas.com\\\/pt\\\/#organization\",\"name\":\"Jornal das Oficinas\",\"url\":\"https:\\\/\\\/jornaldasoficinas.com\\\/pt\\\/\",\"logo\":{\"@type\":\"ImageObject\",\"inLanguage\":\"pt-PT\",\"@id\":\"https:\\\/\\\/jornaldasoficinas.com\\\/pt\\\/#\\\/schema\\\/logo\\\/image\\\/\",\"url\":\"https:\\\/\\\/jornaldasoficinas.com\\\/pt\\\/wp-content\\\/uploads\\\/logoJO-SEO.png\",\"contentUrl\":\"https:\\\/\\\/jornaldasoficinas.com\\\/pt\\\/wp-content\\\/uploads\\\/logoJO-SEO.png\",\"width\":285,\"height\":450,\"caption\":\"Jornal das Oficinas\"},\"image\":{\"@id\":\"https:\\\/\\\/jornaldasoficinas.com\\\/pt\\\/#\\\/schema\\\/logo\\\/image\\\/\"},\"sameAs\":[\"https:\\\/\\\/www.facebook.com\\\/jornaloficinas\",\"https:\\\/\\\/x.com\\\/jornaloficinas\",\"https:\\\/\\\/www.instagram.com\\\/jornal_oficinas\\\/\",\"https:\\\/\\\/www.linkedin.com\\\/company\\\/jornal-das-oficinas\\\/\",\"https:\\\/\\\/www.youtube.com\\\/channel\\\/UCbQZBqtcvV-oSQrr7RzINGg\"]},{\"@type\":\"Person\",\"@id\":\"https:\\\/\\\/jornaldasoficinas.com\\\/pt\\\/#\\\/schema\\\/person\\\/a38eef5de2c41d9e7c9ac10141afddf3\",\"name\":\"Reda\u00e7\u00e3o JO\",\"image\":{\"@type\":\"ImageObject\",\"inLanguage\":\"pt-PT\",\"@id\":\"https:\\\/\\\/secure.gravatar.com\\\/avatar\\\/71f2fa71737ad68a84fea94bc708ddac8ea5b0c4788dc2ad202f3ccb2887742f?s=96&d=wp_user_avatar&r=g\",\"url\":\"https:\\\/\\\/secure.gravatar.com\\\/avatar\\\/71f2fa71737ad68a84fea94bc708ddac8ea5b0c4788dc2ad202f3ccb2887742f?s=96&d=wp_user_avatar&r=g\",\"contentUrl\":\"https:\\\/\\\/secure.gravatar.com\\\/avatar\\\/71f2fa71737ad68a84fea94bc708ddac8ea5b0c4788dc2ad202f3ccb2887742f?s=96&d=wp_user_avatar&r=g\",\"caption\":\"Reda\u00e7\u00e3o JO\"},\"url\":\"https:\\\/\\\/jornaldasoficinas.com\\\/pt\\\/author\\\/joredacao\\\/\"}]}<\/script>\n<!-- \/ Yoast SEO plugin. -->","yoast_head_json":{"title":"Krautli lan\u00e7a carregador NJORD GO - Jornal das Oficinas","description":"NJORD GO \u00e9 um carregador para ve\u00edculos el\u00e9tricos port\u00e1til, leve e dur\u00e1vel, dispon\u00edvel com um conetor tipo 2, com capacidade de carga at\u00e9 11 kW","robots":{"index":"index","follow":"follow","max-snippet":"max-snippet:-1","max-image-preview":"max-image-preview:large","max-video-preview":"max-video-preview:-1"},"canonical":"https:\/\/jornaldasoficinas.com\/pt\/krautli-lanca-carregador-njord-go\/","og_locale":"pt_PT","og_type":"article","og_title":"Krautli lan\u00e7a carregador NJORD GO - Jornal das Oficinas","og_description":"NJORD GO \u00e9 um carregador para ve\u00edculos el\u00e9tricos port\u00e1til, leve e dur\u00e1vel, dispon\u00edvel com um conetor tipo 2, com capacidade de carga at\u00e9 11 kW","og_url":"https:\/\/jornaldasoficinas.com\/pt\/krautli-lanca-carregador-njord-go\/","og_site_name":"Jornal das Oficinas","article_publisher":"https:\/\/www.facebook.com\/jornaloficinas","article_published_time":"2021-05-01T13:00:19+00:00","article_modified_time":"2021-05-03T20:33:06+00:00","og_image":[{"width":1024,"height":581,"url":"https:\/\/jornaldasoficinas.com\/pt\/wp-content\/uploads\/2021\/04\/Krautli-lanca-carregador-NJORD-GO.jpg","type":"image\/jpeg"}],"author":"Reda\u00e7\u00e3o JO","twitter_card":"summary_large_image","twitter_creator":"@jornaloficinas","twitter_site":"@jornaloficinas","twitter_misc":{"Escrito por":"Reda\u00e7\u00e3o JO","Tempo estimado de leitura":"3 minutos"},"schema":{"@context":"https:\/\/schema.org","@graph":[{"@type":"Article","@id":"https:\/\/jornaldasoficinas.com\/pt\/krautli-lanca-carregador-njord-go\/#article","isPartOf":{"@id":"https:\/\/jornaldasoficinas.com\/pt\/krautli-lanca-carregador-njord-go\/"},"author":{"name":"Reda\u00e7\u00e3o JO","@id":"https:\/\/jornaldasoficinas.com\/pt\/#\/schema\/person\/a38eef5de2c41d9e7c9ac10141afddf3"},"headline":"Krautli lan\u00e7a carregador NJORD GO","datePublished":"2021-05-01T13:00:19+00:00","dateModified":"2021-05-03T20:33:06+00:00","mainEntityOfPage":{"@id":"https:\/\/jornaldasoficinas.com\/pt\/krautli-lanca-carregador-njord-go\/"},"wordCount":470,"publisher":{"@id":"https:\/\/jornaldasoficinas.com\/pt\/#organization"},"image":{"@id":"https:\/\/jornaldasoficinas.com\/pt\/krautli-lanca-carregador-njord-go\/#primaryimage"},"thumbnailUrl":"https:\/\/jornaldasoficinas.com\/pt\/wp-content\/uploads\/2021\/04\/Krautli-lanca-carregador-NJORD-GO.jpg","keywords":["KRAUTLI Portugal"],"articleSection":["Empresas"],"inLanguage":"pt-PT"},{"@type":"WebPage","@id":"https:\/\/jornaldasoficinas.com\/pt\/krautli-lanca-carregador-njord-go\/","url":"https:\/\/jornaldasoficinas.com\/pt\/krautli-lanca-carregador-njord-go\/","name":"Krautli lan\u00e7a carregador NJORD GO - Jornal das Oficinas","isPartOf":{"@id":"https:\/\/jornaldasoficinas.com\/pt\/#website"},"primaryImageOfPage":{"@id":"https:\/\/jornaldasoficinas.com\/pt\/krautli-lanca-carregador-njord-go\/#primaryimage"},"image":{"@id":"https:\/\/jornaldasoficinas.com\/pt\/krautli-lanca-carregador-njord-go\/#primaryimage"},"thumbnailUrl":"https:\/\/jornaldasoficinas.com\/pt\/wp-content\/uploads\/2021\/04\/Krautli-lanca-carregador-NJORD-GO.jpg","datePublished":"2021-05-01T13:00:19+00:00","dateModified":"2021-05-03T20:33:06+00:00","description":"NJORD GO \u00e9 um carregador para ve\u00edculos el\u00e9tricos port\u00e1til, leve e dur\u00e1vel, dispon\u00edvel com um conetor tipo 2, com capacidade de carga at\u00e9 11 kW","breadcrumb":{"@id":"https:\/\/jornaldasoficinas.com\/pt\/krautli-lanca-carregador-njord-go\/#breadcrumb"},"inLanguage":"pt-PT","potentialAction":[{"@type":"ReadAction","target":["https:\/\/jornaldasoficinas.com\/pt\/krautli-lanca-carregador-njord-go\/"]}]},{"@type":"ImageObject","inLanguage":"pt-PT","@id":"https:\/\/jornaldasoficinas.com\/pt\/krautli-lanca-carregador-njord-go\/#primaryimage","url":"https:\/\/jornaldasoficinas.com\/pt\/wp-content\/uploads\/2021\/04\/Krautli-lanca-carregador-NJORD-GO.jpg","contentUrl":"https:\/\/jornaldasoficinas.com\/pt\/wp-content\/uploads\/2021\/04\/Krautli-lanca-carregador-NJORD-GO.jpg","width":1024,"height":581,"caption":"04 - Krautli-lanca-carregador-NJORD-GO"},{"@type":"BreadcrumbList","@id":"https:\/\/jornaldasoficinas.com\/pt\/krautli-lanca-carregador-njord-go\/#breadcrumb","itemListElement":[{"@type":"ListItem","position":1,"name":"In\u00edcio","item":"https:\/\/jornaldasoficinas.com\/pt\/"},{"@type":"ListItem","position":2,"name":"Krautli lan\u00e7a carregador NJORD GO"}]},{"@type":"WebSite","@id":"https:\/\/jornaldasoficinas.com\/pt\/#website","url":"https:\/\/jornaldasoficinas.com\/pt\/","name":"Jornal das Oficinas","description":"Jornal independente do Aftermarket Autom\u00f3vel em Portugal","publisher":{"@id":"https:\/\/jornaldasoficinas.com\/pt\/#organization"},"potentialAction":[{"@type":"SearchAction","target":{"@type":"EntryPoint","urlTemplate":"https:\/\/jornaldasoficinas.com\/pt\/?s={search_term_string}"},"query-input":{"@type":"PropertyValueSpecification","valueRequired":true,"valueName":"search_term_string"}}],"inLanguage":"pt-PT"},{"@type":"Organization","@id":"https:\/\/jornaldasoficinas.com\/pt\/#organization","name":"Jornal das Oficinas","url":"https:\/\/jornaldasoficinas.com\/pt\/","logo":{"@type":"ImageObject","inLanguage":"pt-PT","@id":"https:\/\/jornaldasoficinas.com\/pt\/#\/schema\/logo\/image\/","url":"https:\/\/jornaldasoficinas.com\/pt\/wp-content\/uploads\/logoJO-SEO.png","contentUrl":"https:\/\/jornaldasoficinas.com\/pt\/wp-content\/uploads\/logoJO-SEO.png","width":285,"height":450,"caption":"Jornal das Oficinas"},"image":{"@id":"https:\/\/jornaldasoficinas.com\/pt\/#\/schema\/logo\/image\/"},"sameAs":["https:\/\/www.facebook.com\/jornaloficinas","https:\/\/x.com\/jornaloficinas","https:\/\/www.instagram.com\/jornal_oficinas\/","https:\/\/www.linkedin.com\/company\/jornal-das-oficinas\/","https:\/\/www.youtube.com\/channel\/UCbQZBqtcvV-oSQrr7RzINGg"]},{"@type":"Person","@id":"https:\/\/jornaldasoficinas.com\/pt\/#\/schema\/person\/a38eef5de2c41d9e7c9ac10141afddf3","name":"Reda\u00e7\u00e3o JO","image":{"@type":"ImageObject","inLanguage":"pt-PT","@id":"https:\/\/secure.gravatar.com\/avatar\/71f2fa71737ad68a84fea94bc708ddac8ea5b0c4788dc2ad202f3ccb2887742f?s=96&d=wp_user_avatar&r=g","url":"https:\/\/secure.gravatar.com\/avatar\/71f2fa71737ad68a84fea94bc708ddac8ea5b0c4788dc2ad202f3ccb2887742f?s=96&d=wp_user_avatar&r=g","contentUrl":"https:\/\/secure.gravatar.com\/avatar\/71f2fa71737ad68a84fea94bc708ddac8ea5b0c4788dc2ad202f3ccb2887742f?s=96&d=wp_user_avatar&r=g","caption":"Reda\u00e7\u00e3o JO"},"url":"https:\/\/jornaldasoficinas.com\/pt\/author\/joredacao\/"}]}},"_links":{"self":[{"href":"https:\/\/jornaldasoficinas.com\/pt\/wp-json\/wp\/v2\/posts\/20719","targetHints":{"allow":["GET"]}}],"collection":[{"href":"https:\/\/jornaldasoficinas.com\/pt\/wp-json\/wp\/v2\/posts"}],"about":[{"href":"https:\/\/jornaldasoficinas.com\/pt\/wp-json\/wp\/v2\/types\/post"}],"author":[{"embeddable":true,"href":"https:\/\/jornaldasoficinas.com\/pt\/wp-json\/wp\/v2\/users\/15"}],"replies":[{"embeddable":true,"href":"https:\/\/jornaldasoficinas.com\/pt\/wp-json\/wp\/v2\/comments?post=20719"}],"version-history":[{"count":0,"href":"https:\/\/jornaldasoficinas.com\/pt\/wp-json\/wp\/v2\/posts\/20719\/revisions"}],"wp:featuredmedia":[{"embeddable":true,"href":"https:\/\/jornaldasoficinas.com\/pt\/wp-json\/wp\/v2\/media\/20689"}],"wp:attachment":[{"href":"https:\/\/jornaldasoficinas.com\/pt\/wp-json\/wp\/v2\/media?parent=20719"}],"wp:term":[{"taxonomy":"category","embeddable":true,"href":"https:\/\/jornaldasoficinas.com\/pt\/wp-json\/wp\/v2\/categories?post=20719"},{"taxonomy":"post_tag","embeddable":true,"href":"https:\/\/jornaldasoficinas.com\/pt\/wp-json\/wp\/v2\/tags?post=20719"}],"curies":[{"name":"wp","href":"https:\/\/api.w.org\/{rel}","templated":true}]}}