{"id":20770,"date":"2021-05-03T12:00:08","date_gmt":"2021-05-03T11:00:08","guid":{"rendered":"https:\/\/jornaldasoficinas.com\/pt\/?p=20770"},"modified":"2023-07-20T16:13:39","modified_gmt":"2023-07-20T15:13:39","slug":"tussam-parceira-da-stratio-pela-manutencao-preditiva","status":"publish","type":"post","link":"https:\/\/jornaldasoficinas.com\/pt\/tussam-parceira-da-stratio-pela-manutencao-preditiva\/","title":{"rendered":"TUSSAM parceira da Stratio pela Manuten\u00e7\u00e3o Preditiva"},"content":{"rendered":"<p><strong><img loading=\"lazy\" decoding=\"async\" class=\"alignnone wp-image-20696 size-full\" src=\"https:\/\/jornaldasoficinas.com\/pt\/wp-content\/uploads\/2021\/04\/TUSSAM-parceira-da-Stratio-pela-Manutencao-Preditiva.png\" alt=\"04 - TUSSAM-parceira-da-Stratio-pela-Manutencao-Preditiva\" width=\"1024\" height=\"581\" srcset=\"https:\/\/jornaldasoficinas.com\/pt\/wp-content\/uploads\/2021\/04\/TUSSAM-parceira-da-Stratio-pela-Manutencao-Preditiva.png 1024w, https:\/\/jornaldasoficinas.com\/pt\/wp-content\/uploads\/2021\/04\/TUSSAM-parceira-da-Stratio-pela-Manutencao-Preditiva-300x170.png 300w, https:\/\/jornaldasoficinas.com\/pt\/wp-content\/uploads\/2021\/04\/TUSSAM-parceira-da-Stratio-pela-Manutencao-Preditiva-150x85.png 150w, https:\/\/jornaldasoficinas.com\/pt\/wp-content\/uploads\/2021\/04\/TUSSAM-parceira-da-Stratio-pela-Manutencao-Preditiva-768x436.png 768w\" sizes=\"auto, (max-width: 1024px) 100vw, 1024px\" \/><\/strong><\/p>\n<p><strong>A TUSSAM, a empresa municipal que gere os Transportes Urbanos de Sevilha em Espanha, decidiu equipar a sua frota com a Plataforma Stratio no seguimento de um concurso internacional que testou v\u00e1rias solu\u00e7\u00f5es durante mais de um ano<\/strong><\/p>\n<p>A <a href=\"https:\/\/www.googleadservices.com\/pagead\/aclk?sa=L&amp;ai=DChcSEwjr6b-Lt67wAhXahdUKHXOxDcIYABAAGgJ3cw&amp;ae=2&amp;ohost=www.google.com&amp;cid=CAESQOD2Y8PQi34B5J69Sk19J2tm-2n9SnzlFXbhDxgeDe5qHuhxCszy_qqvvDQ7Deca3VLVlSDJ0EmfOiIZ5LUfwGU&amp;sig=AOD64_2-mw-wZe0OwzoTzr4F-UckX0uo0w&amp;q&amp;adurl&amp;ved=2ahUKEwjEkLmLt67wAhUSEhQKHcqzAl4Q0Qx6BAgDEAE\">Stratio<\/a> foi escolhida com grande margem de diferen\u00e7a nos crit\u00e9rios t\u00e9cnicos e financeiros de entre v\u00e1rias empresas que concorreram para uma frota que conta com mais de 400 ve\u00edculos transportando 45 milh\u00f5es de passageiros por ano, numa rede de 680 Km com 1000 paragens de autocarro.<\/p>\n<p>O Diretor de Manuten\u00e7\u00e3o da <a href=\"https:\/\/www.tussam.es\/\">TUSSAM<\/a>, Manuel Rosendo referiu que o principal motivo para a escolha da <a href=\"https:\/\/stratioautomotive.com\/pt-pt\/\">Plataforma Stratio<\/a> foi que \u201capesar da Tussam j\u00e1 possuir um sistema de manuten\u00e7\u00e3o preventiva desenvolvido por n\u00f3s, de modo a podermos dar o pr\u00f3ximo passo para melhorar a qualidade do nosso servi\u00e7o e poder oferecer manuten\u00e7\u00e3o preditiva, depois de avaliar v\u00e1rias op\u00e7\u00f5es, finalmente escolhemos a Stratio e n\u00e3o nos arrependemos.\u201d<\/p>\n<p>O mesmo respons\u00e1vel refere ainda que \u201ca Plataforma Stratio permite-nos antecipar muitas das interven\u00e7\u00f5es que antes entravam na oficina para manuten\u00e7\u00f5es corretivas, e para al\u00e9m de evitar interrup\u00e7\u00f5es no servi\u00e7o de autocarros, tamb\u00e9m nos fornece informa\u00e7\u00f5es para uma identifica\u00e7\u00e3o mais eficaz de avarias\u201d, e que no contexto atual, e \u201ctendo em conta que as novas tecnologias aumentaram o pre\u00e7o dos ve\u00edculos e respetivas repara\u00e7\u00f5es, e que a procura pelos nossos servi\u00e7os de autocarro aumentou, tivemos de assegurar uma maior disponibilidade da frota, e como tal uma ferramenta como a Stratio \u00e9 absolutamente necess\u00e1ria\u201d, conclui.<\/p>\n","protected":false},"excerpt":{"rendered":"<p>A TUSSAM, a empresa municipal que&#8230;<\/p>\n","protected":false},"author":15,"featured_media":20696,"comment_status":"closed","ping_status":"closed","sticky":false,"template":"","format":"standard","meta":{"footnotes":""},"categories":[29],"tags":[933,2597],"class_list":["post-20770","post","type-post","status-publish","format-standard","has-post-thumbnail","hentry","category-empresas","tag-stratio","tag-tussam"],"yoast_head":"<!-- This site is optimized with the Yoast SEO plugin v27.4 - https:\/\/yoast.com\/product\/yoast-seo-wordpress\/ -->\n<title>TUSSAM parceira da Stratio pela Manuten\u00e7\u00e3o Preditiva - Jornal das Oficinas<\/title>\n<meta name=\"description\" content=\"A TUSSAM equipou a sua frota com a Plataforma Stratio no seguimento de um concurso internacional que testou v\u00e1rias solu\u00e7\u00f5es durante um ano\" \/>\n<meta name=\"robots\" content=\"index, follow, max-snippet:-1, max-image-preview:large, max-video-preview:-1\" \/>\n<link rel=\"canonical\" href=\"https:\/\/jornaldasoficinas.com\/pt\/tussam-parceira-da-stratio-pela-manutencao-preditiva\/\" \/>\n<meta property=\"og:locale\" content=\"pt_PT\" \/>\n<meta property=\"og:type\" content=\"article\" \/>\n<meta property=\"og:title\" content=\"TUSSAM parceira da Stratio pela Manuten\u00e7\u00e3o Preditiva - Jornal das Oficinas\" \/>\n<meta property=\"og:description\" content=\"A TUSSAM equipou a sua frota com a Plataforma Stratio no seguimento de um concurso internacional que testou v\u00e1rias solu\u00e7\u00f5es durante um ano\" \/>\n<meta property=\"og:url\" content=\"https:\/\/jornaldasoficinas.com\/pt\/tussam-parceira-da-stratio-pela-manutencao-preditiva\/\" \/>\n<meta property=\"og:site_name\" content=\"Jornal das Oficinas\" \/>\n<meta property=\"article:publisher\" content=\"https:\/\/www.facebook.com\/jornaloficinas\" \/>\n<meta property=\"article:published_time\" content=\"2021-05-03T11:00:08+00:00\" \/>\n<meta property=\"article:modified_time\" content=\"2023-07-20T15:13:39+00:00\" \/>\n<meta property=\"og:image\" content=\"https:\/\/jornaldasoficinas.com\/pt\/wp-content\/uploads\/2021\/04\/TUSSAM-parceira-da-Stratio-pela-Manutencao-Preditiva.png\" \/>\n\t<meta property=\"og:image:width\" content=\"1024\" \/>\n\t<meta property=\"og:image:height\" content=\"581\" \/>\n\t<meta property=\"og:image:type\" content=\"image\/png\" \/>\n<meta name=\"author\" content=\"Reda\u00e7\u00e3o JO\" \/>\n<meta name=\"twitter:card\" content=\"summary_large_image\" \/>\n<meta name=\"twitter:creator\" content=\"@jornaloficinas\" \/>\n<meta name=\"twitter:site\" content=\"@jornaloficinas\" \/>\n<meta name=\"twitter:label1\" content=\"Escrito por\" \/>\n\t<meta name=\"twitter:data1\" content=\"Reda\u00e7\u00e3o JO\" \/>\n\t<meta name=\"twitter:label2\" content=\"Tempo estimado de leitura\" \/>\n\t<meta name=\"twitter:data2\" content=\"2 minutos\" \/>\n<script type=\"application\/ld+json\" class=\"yoast-schema-graph\">{\"@context\":\"https:\\\/\\\/schema.org\",\"@graph\":[{\"@type\":\"Article\",\"@id\":\"https:\\\/\\\/jornaldasoficinas.com\\\/pt\\\/tussam-parceira-da-stratio-pela-manutencao-preditiva\\\/#article\",\"isPartOf\":{\"@id\":\"https:\\\/\\\/jornaldasoficinas.com\\\/pt\\\/tussam-parceira-da-stratio-pela-manutencao-preditiva\\\/\"},\"author\":{\"name\":\"Reda\u00e7\u00e3o JO\",\"@id\":\"https:\\\/\\\/jornaldasoficinas.com\\\/pt\\\/#\\\/schema\\\/person\\\/a38eef5de2c41d9e7c9ac10141afddf3\"},\"headline\":\"TUSSAM parceira da Stratio pela Manuten\u00e7\u00e3o Preditiva\",\"datePublished\":\"2021-05-03T11:00:08+00:00\",\"dateModified\":\"2023-07-20T15:13:39+00:00\",\"mainEntityOfPage\":{\"@id\":\"https:\\\/\\\/jornaldasoficinas.com\\\/pt\\\/tussam-parceira-da-stratio-pela-manutencao-preditiva\\\/\"},\"wordCount\":280,\"publisher\":{\"@id\":\"https:\\\/\\\/jornaldasoficinas.com\\\/pt\\\/#organization\"},\"image\":{\"@id\":\"https:\\\/\\\/jornaldasoficinas.com\\\/pt\\\/tussam-parceira-da-stratio-pela-manutencao-preditiva\\\/#primaryimage\"},\"thumbnailUrl\":\"https:\\\/\\\/jornaldasoficinas.com\\\/pt\\\/wp-content\\\/uploads\\\/2021\\\/04\\\/TUSSAM-parceira-da-Stratio-pela-Manutencao-Preditiva.png\",\"keywords\":[\"Stratio\",\"TUSSAM\"],\"articleSection\":[\"Empresas\"],\"inLanguage\":\"pt-PT\"},{\"@type\":\"WebPage\",\"@id\":\"https:\\\/\\\/jornaldasoficinas.com\\\/pt\\\/tussam-parceira-da-stratio-pela-manutencao-preditiva\\\/\",\"url\":\"https:\\\/\\\/jornaldasoficinas.com\\\/pt\\\/tussam-parceira-da-stratio-pela-manutencao-preditiva\\\/\",\"name\":\"TUSSAM parceira da Stratio pela Manuten\u00e7\u00e3o Preditiva - Jornal das Oficinas\",\"isPartOf\":{\"@id\":\"https:\\\/\\\/jornaldasoficinas.com\\\/pt\\\/#website\"},\"primaryImageOfPage\":{\"@id\":\"https:\\\/\\\/jornaldasoficinas.com\\\/pt\\\/tussam-parceira-da-stratio-pela-manutencao-preditiva\\\/#primaryimage\"},\"image\":{\"@id\":\"https:\\\/\\\/jornaldasoficinas.com\\\/pt\\\/tussam-parceira-da-stratio-pela-manutencao-preditiva\\\/#primaryimage\"},\"thumbnailUrl\":\"https:\\\/\\\/jornaldasoficinas.com\\\/pt\\\/wp-content\\\/uploads\\\/2021\\\/04\\\/TUSSAM-parceira-da-Stratio-pela-Manutencao-Preditiva.png\",\"datePublished\":\"2021-05-03T11:00:08+00:00\",\"dateModified\":\"2023-07-20T15:13:39+00:00\",\"description\":\"A TUSSAM equipou a sua frota com a Plataforma Stratio no seguimento de um concurso internacional que testou v\u00e1rias solu\u00e7\u00f5es durante um ano\",\"breadcrumb\":{\"@id\":\"https:\\\/\\\/jornaldasoficinas.com\\\/pt\\\/tussam-parceira-da-stratio-pela-manutencao-preditiva\\\/#breadcrumb\"},\"inLanguage\":\"pt-PT\",\"potentialAction\":[{\"@type\":\"ReadAction\",\"target\":[\"https:\\\/\\\/jornaldasoficinas.com\\\/pt\\\/tussam-parceira-da-stratio-pela-manutencao-preditiva\\\/\"]}]},{\"@type\":\"ImageObject\",\"inLanguage\":\"pt-PT\",\"@id\":\"https:\\\/\\\/jornaldasoficinas.com\\\/pt\\\/tussam-parceira-da-stratio-pela-manutencao-preditiva\\\/#primaryimage\",\"url\":\"https:\\\/\\\/jornaldasoficinas.com\\\/pt\\\/wp-content\\\/uploads\\\/2021\\\/04\\\/TUSSAM-parceira-da-Stratio-pela-Manutencao-Preditiva.png\",\"contentUrl\":\"https:\\\/\\\/jornaldasoficinas.com\\\/pt\\\/wp-content\\\/uploads\\\/2021\\\/04\\\/TUSSAM-parceira-da-Stratio-pela-Manutencao-Preditiva.png\",\"width\":1024,\"height\":581,\"caption\":\"04 - TUSSAM-parceira-da-Stratio-pela-Manutencao-Preditiva\"},{\"@type\":\"BreadcrumbList\",\"@id\":\"https:\\\/\\\/jornaldasoficinas.com\\\/pt\\\/tussam-parceira-da-stratio-pela-manutencao-preditiva\\\/#breadcrumb\",\"itemListElement\":[{\"@type\":\"ListItem\",\"position\":1,\"name\":\"In\u00edcio\",\"item\":\"https:\\\/\\\/jornaldasoficinas.com\\\/pt\\\/\"},{\"@type\":\"ListItem\",\"position\":2,\"name\":\"TUSSAM parceira da Stratio pela Manuten\u00e7\u00e3o Preditiva\"}]},{\"@type\":\"WebSite\",\"@id\":\"https:\\\/\\\/jornaldasoficinas.com\\\/pt\\\/#website\",\"url\":\"https:\\\/\\\/jornaldasoficinas.com\\\/pt\\\/\",\"name\":\"Jornal das Oficinas\",\"description\":\"Jornal independente do Aftermarket Autom\u00f3vel em Portugal\",\"publisher\":{\"@id\":\"https:\\\/\\\/jornaldasoficinas.com\\\/pt\\\/#organization\"},\"potentialAction\":[{\"@type\":\"SearchAction\",\"target\":{\"@type\":\"EntryPoint\",\"urlTemplate\":\"https:\\\/\\\/jornaldasoficinas.com\\\/pt\\\/?s={search_term_string}\"},\"query-input\":{\"@type\":\"PropertyValueSpecification\",\"valueRequired\":true,\"valueName\":\"search_term_string\"}}],\"inLanguage\":\"pt-PT\"},{\"@type\":\"Organization\",\"@id\":\"https:\\\/\\\/jornaldasoficinas.com\\\/pt\\\/#organization\",\"name\":\"Jornal das Oficinas\",\"url\":\"https:\\\/\\\/jornaldasoficinas.com\\\/pt\\\/\",\"logo\":{\"@type\":\"ImageObject\",\"inLanguage\":\"pt-PT\",\"@id\":\"https:\\\/\\\/jornaldasoficinas.com\\\/pt\\\/#\\\/schema\\\/logo\\\/image\\\/\",\"url\":\"https:\\\/\\\/jornaldasoficinas.com\\\/pt\\\/wp-content\\\/uploads\\\/logoJO-SEO.png\",\"contentUrl\":\"https:\\\/\\\/jornaldasoficinas.com\\\/pt\\\/wp-content\\\/uploads\\\/logoJO-SEO.png\",\"width\":285,\"height\":450,\"caption\":\"Jornal das Oficinas\"},\"image\":{\"@id\":\"https:\\\/\\\/jornaldasoficinas.com\\\/pt\\\/#\\\/schema\\\/logo\\\/image\\\/\"},\"sameAs\":[\"https:\\\/\\\/www.facebook.com\\\/jornaloficinas\",\"https:\\\/\\\/x.com\\\/jornaloficinas\",\"https:\\\/\\\/www.instagram.com\\\/jornal_oficinas\\\/\",\"https:\\\/\\\/www.linkedin.com\\\/company\\\/jornal-das-oficinas\\\/\",\"https:\\\/\\\/www.youtube.com\\\/channel\\\/UCbQZBqtcvV-oSQrr7RzINGg\"]},{\"@type\":\"Person\",\"@id\":\"https:\\\/\\\/jornaldasoficinas.com\\\/pt\\\/#\\\/schema\\\/person\\\/a38eef5de2c41d9e7c9ac10141afddf3\",\"name\":\"Reda\u00e7\u00e3o JO\",\"image\":{\"@type\":\"ImageObject\",\"inLanguage\":\"pt-PT\",\"@id\":\"https:\\\/\\\/secure.gravatar.com\\\/avatar\\\/71f2fa71737ad68a84fea94bc708ddac8ea5b0c4788dc2ad202f3ccb2887742f?s=96&d=wp_user_avatar&r=g\",\"url\":\"https:\\\/\\\/secure.gravatar.com\\\/avatar\\\/71f2fa71737ad68a84fea94bc708ddac8ea5b0c4788dc2ad202f3ccb2887742f?s=96&d=wp_user_avatar&r=g\",\"contentUrl\":\"https:\\\/\\\/secure.gravatar.com\\\/avatar\\\/71f2fa71737ad68a84fea94bc708ddac8ea5b0c4788dc2ad202f3ccb2887742f?s=96&d=wp_user_avatar&r=g\",\"caption\":\"Reda\u00e7\u00e3o JO\"},\"url\":\"https:\\\/\\\/jornaldasoficinas.com\\\/pt\\\/author\\\/joredacao\\\/\"}]}<\/script>\n<!-- \/ Yoast SEO plugin. -->","yoast_head_json":{"title":"TUSSAM parceira da Stratio pela Manuten\u00e7\u00e3o Preditiva - Jornal das Oficinas","description":"A TUSSAM equipou a sua frota com a Plataforma Stratio no seguimento de um concurso internacional que testou v\u00e1rias solu\u00e7\u00f5es durante um ano","robots":{"index":"index","follow":"follow","max-snippet":"max-snippet:-1","max-image-preview":"max-image-preview:large","max-video-preview":"max-video-preview:-1"},"canonical":"https:\/\/jornaldasoficinas.com\/pt\/tussam-parceira-da-stratio-pela-manutencao-preditiva\/","og_locale":"pt_PT","og_type":"article","og_title":"TUSSAM parceira da Stratio pela Manuten\u00e7\u00e3o Preditiva - Jornal das Oficinas","og_description":"A TUSSAM equipou a sua frota com a Plataforma Stratio no seguimento de um concurso internacional que testou v\u00e1rias solu\u00e7\u00f5es durante um ano","og_url":"https:\/\/jornaldasoficinas.com\/pt\/tussam-parceira-da-stratio-pela-manutencao-preditiva\/","og_site_name":"Jornal das Oficinas","article_publisher":"https:\/\/www.facebook.com\/jornaloficinas","article_published_time":"2021-05-03T11:00:08+00:00","article_modified_time":"2023-07-20T15:13:39+00:00","og_image":[{"width":1024,"height":581,"url":"https:\/\/jornaldasoficinas.com\/pt\/wp-content\/uploads\/2021\/04\/TUSSAM-parceira-da-Stratio-pela-Manutencao-Preditiva.png","type":"image\/png"}],"author":"Reda\u00e7\u00e3o JO","twitter_card":"summary_large_image","twitter_creator":"@jornaloficinas","twitter_site":"@jornaloficinas","twitter_misc":{"Escrito por":"Reda\u00e7\u00e3o JO","Tempo estimado de leitura":"2 minutos"},"schema":{"@context":"https:\/\/schema.org","@graph":[{"@type":"Article","@id":"https:\/\/jornaldasoficinas.com\/pt\/tussam-parceira-da-stratio-pela-manutencao-preditiva\/#article","isPartOf":{"@id":"https:\/\/jornaldasoficinas.com\/pt\/tussam-parceira-da-stratio-pela-manutencao-preditiva\/"},"author":{"name":"Reda\u00e7\u00e3o JO","@id":"https:\/\/jornaldasoficinas.com\/pt\/#\/schema\/person\/a38eef5de2c41d9e7c9ac10141afddf3"},"headline":"TUSSAM parceira da Stratio pela Manuten\u00e7\u00e3o Preditiva","datePublished":"2021-05-03T11:00:08+00:00","dateModified":"2023-07-20T15:13:39+00:00","mainEntityOfPage":{"@id":"https:\/\/jornaldasoficinas.com\/pt\/tussam-parceira-da-stratio-pela-manutencao-preditiva\/"},"wordCount":280,"publisher":{"@id":"https:\/\/jornaldasoficinas.com\/pt\/#organization"},"image":{"@id":"https:\/\/jornaldasoficinas.com\/pt\/tussam-parceira-da-stratio-pela-manutencao-preditiva\/#primaryimage"},"thumbnailUrl":"https:\/\/jornaldasoficinas.com\/pt\/wp-content\/uploads\/2021\/04\/TUSSAM-parceira-da-Stratio-pela-Manutencao-Preditiva.png","keywords":["Stratio","TUSSAM"],"articleSection":["Empresas"],"inLanguage":"pt-PT"},{"@type":"WebPage","@id":"https:\/\/jornaldasoficinas.com\/pt\/tussam-parceira-da-stratio-pela-manutencao-preditiva\/","url":"https:\/\/jornaldasoficinas.com\/pt\/tussam-parceira-da-stratio-pela-manutencao-preditiva\/","name":"TUSSAM parceira da Stratio pela Manuten\u00e7\u00e3o Preditiva - Jornal das Oficinas","isPartOf":{"@id":"https:\/\/jornaldasoficinas.com\/pt\/#website"},"primaryImageOfPage":{"@id":"https:\/\/jornaldasoficinas.com\/pt\/tussam-parceira-da-stratio-pela-manutencao-preditiva\/#primaryimage"},"image":{"@id":"https:\/\/jornaldasoficinas.com\/pt\/tussam-parceira-da-stratio-pela-manutencao-preditiva\/#primaryimage"},"thumbnailUrl":"https:\/\/jornaldasoficinas.com\/pt\/wp-content\/uploads\/2021\/04\/TUSSAM-parceira-da-Stratio-pela-Manutencao-Preditiva.png","datePublished":"2021-05-03T11:00:08+00:00","dateModified":"2023-07-20T15:13:39+00:00","description":"A TUSSAM equipou a sua frota com a Plataforma Stratio no seguimento de um concurso internacional que testou v\u00e1rias solu\u00e7\u00f5es durante um ano","breadcrumb":{"@id":"https:\/\/jornaldasoficinas.com\/pt\/tussam-parceira-da-stratio-pela-manutencao-preditiva\/#breadcrumb"},"inLanguage":"pt-PT","potentialAction":[{"@type":"ReadAction","target":["https:\/\/jornaldasoficinas.com\/pt\/tussam-parceira-da-stratio-pela-manutencao-preditiva\/"]}]},{"@type":"ImageObject","inLanguage":"pt-PT","@id":"https:\/\/jornaldasoficinas.com\/pt\/tussam-parceira-da-stratio-pela-manutencao-preditiva\/#primaryimage","url":"https:\/\/jornaldasoficinas.com\/pt\/wp-content\/uploads\/2021\/04\/TUSSAM-parceira-da-Stratio-pela-Manutencao-Preditiva.png","contentUrl":"https:\/\/jornaldasoficinas.com\/pt\/wp-content\/uploads\/2021\/04\/TUSSAM-parceira-da-Stratio-pela-Manutencao-Preditiva.png","width":1024,"height":581,"caption":"04 - TUSSAM-parceira-da-Stratio-pela-Manutencao-Preditiva"},{"@type":"BreadcrumbList","@id":"https:\/\/jornaldasoficinas.com\/pt\/tussam-parceira-da-stratio-pela-manutencao-preditiva\/#breadcrumb","itemListElement":[{"@type":"ListItem","position":1,"name":"In\u00edcio","item":"https:\/\/jornaldasoficinas.com\/pt\/"},{"@type":"ListItem","position":2,"name":"TUSSAM parceira da Stratio pela Manuten\u00e7\u00e3o Preditiva"}]},{"@type":"WebSite","@id":"https:\/\/jornaldasoficinas.com\/pt\/#website","url":"https:\/\/jornaldasoficinas.com\/pt\/","name":"Jornal das Oficinas","description":"Jornal independente do Aftermarket Autom\u00f3vel em Portugal","publisher":{"@id":"https:\/\/jornaldasoficinas.com\/pt\/#organization"},"potentialAction":[{"@type":"SearchAction","target":{"@type":"EntryPoint","urlTemplate":"https:\/\/jornaldasoficinas.com\/pt\/?s={search_term_string}"},"query-input":{"@type":"PropertyValueSpecification","valueRequired":true,"valueName":"search_term_string"}}],"inLanguage":"pt-PT"},{"@type":"Organization","@id":"https:\/\/jornaldasoficinas.com\/pt\/#organization","name":"Jornal das Oficinas","url":"https:\/\/jornaldasoficinas.com\/pt\/","logo":{"@type":"ImageObject","inLanguage":"pt-PT","@id":"https:\/\/jornaldasoficinas.com\/pt\/#\/schema\/logo\/image\/","url":"https:\/\/jornaldasoficinas.com\/pt\/wp-content\/uploads\/logoJO-SEO.png","contentUrl":"https:\/\/jornaldasoficinas.com\/pt\/wp-content\/uploads\/logoJO-SEO.png","width":285,"height":450,"caption":"Jornal das Oficinas"},"image":{"@id":"https:\/\/jornaldasoficinas.com\/pt\/#\/schema\/logo\/image\/"},"sameAs":["https:\/\/www.facebook.com\/jornaloficinas","https:\/\/x.com\/jornaloficinas","https:\/\/www.instagram.com\/jornal_oficinas\/","https:\/\/www.linkedin.com\/company\/jornal-das-oficinas\/","https:\/\/www.youtube.com\/channel\/UCbQZBqtcvV-oSQrr7RzINGg"]},{"@type":"Person","@id":"https:\/\/jornaldasoficinas.com\/pt\/#\/schema\/person\/a38eef5de2c41d9e7c9ac10141afddf3","name":"Reda\u00e7\u00e3o JO","image":{"@type":"ImageObject","inLanguage":"pt-PT","@id":"https:\/\/secure.gravatar.com\/avatar\/71f2fa71737ad68a84fea94bc708ddac8ea5b0c4788dc2ad202f3ccb2887742f?s=96&d=wp_user_avatar&r=g","url":"https:\/\/secure.gravatar.com\/avatar\/71f2fa71737ad68a84fea94bc708ddac8ea5b0c4788dc2ad202f3ccb2887742f?s=96&d=wp_user_avatar&r=g","contentUrl":"https:\/\/secure.gravatar.com\/avatar\/71f2fa71737ad68a84fea94bc708ddac8ea5b0c4788dc2ad202f3ccb2887742f?s=96&d=wp_user_avatar&r=g","caption":"Reda\u00e7\u00e3o JO"},"url":"https:\/\/jornaldasoficinas.com\/pt\/author\/joredacao\/"}]}},"_links":{"self":[{"href":"https:\/\/jornaldasoficinas.com\/pt\/wp-json\/wp\/v2\/posts\/20770","targetHints":{"allow":["GET"]}}],"collection":[{"href":"https:\/\/jornaldasoficinas.com\/pt\/wp-json\/wp\/v2\/posts"}],"about":[{"href":"https:\/\/jornaldasoficinas.com\/pt\/wp-json\/wp\/v2\/types\/post"}],"author":[{"embeddable":true,"href":"https:\/\/jornaldasoficinas.com\/pt\/wp-json\/wp\/v2\/users\/15"}],"replies":[{"embeddable":true,"href":"https:\/\/jornaldasoficinas.com\/pt\/wp-json\/wp\/v2\/comments?post=20770"}],"version-history":[{"count":0,"href":"https:\/\/jornaldasoficinas.com\/pt\/wp-json\/wp\/v2\/posts\/20770\/revisions"}],"wp:featuredmedia":[{"embeddable":true,"href":"https:\/\/jornaldasoficinas.com\/pt\/wp-json\/wp\/v2\/media\/20696"}],"wp:attachment":[{"href":"https:\/\/jornaldasoficinas.com\/pt\/wp-json\/wp\/v2\/media?parent=20770"}],"wp:term":[{"taxonomy":"category","embeddable":true,"href":"https:\/\/jornaldasoficinas.com\/pt\/wp-json\/wp\/v2\/categories?post=20770"},{"taxonomy":"post_tag","embeddable":true,"href":"https:\/\/jornaldasoficinas.com\/pt\/wp-json\/wp\/v2\/tags?post=20770"}],"curies":[{"name":"wp","href":"https:\/\/api.w.org\/{rel}","templated":true}]}}