{"id":20857,"date":"2021-05-04T16:00:39","date_gmt":"2021-05-04T15:00:39","guid":{"rendered":"https:\/\/jornaldasoficinas.com\/pt\/?p=20857"},"modified":"2021-05-03T22:02:20","modified_gmt":"2021-05-03T21:02:20","slug":"postos-mobi-e-passam-a-ser-taxado-a-partir-de-1-de-maio","status":"publish","type":"post","link":"https:\/\/jornaldasoficinas.com\/pt\/postos-mobi-e-passam-a-ser-taxado-a-partir-de-1-de-maio\/","title":{"rendered":"Postos MOBI.E passam a ser taxados a partir de 1 de Maio"},"content":{"rendered":"<p><strong><img loading=\"lazy\" decoding=\"async\" class=\"alignnone wp-image-20836 size-full\" src=\"https:\/\/jornaldasoficinas.com\/pt\/wp-content\/uploads\/2021\/05\/Postos-MOBI.E-passam-1.png\" alt=\"05 - Postos-MOBI.E-passam-1\" width=\"1024\" height=\"581\" srcset=\"https:\/\/jornaldasoficinas.com\/pt\/wp-content\/uploads\/2021\/05\/Postos-MOBI.E-passam-1.png 1024w, https:\/\/jornaldasoficinas.com\/pt\/wp-content\/uploads\/2021\/05\/Postos-MOBI.E-passam-1-300x170.png 300w, https:\/\/jornaldasoficinas.com\/pt\/wp-content\/uploads\/2021\/05\/Postos-MOBI.E-passam-1-150x85.png 150w, https:\/\/jornaldasoficinas.com\/pt\/wp-content\/uploads\/2021\/05\/Postos-MOBI.E-passam-1-768x436.png 768w\" sizes=\"auto, (max-width: 1024px) 100vw, 1024px\" \/><\/strong><\/p>\n<p><strong>Com o processo gradual de implementa\u00e7\u00e3o plena do Regulamento de Mobilidade El\u00e9trica, a MOBI.E anuncia a cobran\u00e7a pela Entidade Gestora da rede de Mobilidade El\u00e9trica de uma \u201ctarifa EGME\u201d, com a supervis\u00e3o da Entidade Reguladora<\/strong><\/p>\n<p>Na rede <a href=\"https:\/\/www.mobie.pt\/\">Mobi.E<\/a> o acesso aos postos de carregamento por parte dos utilizadores \u00e9 universal e n\u00e3o depende das redes com quem o servi\u00e7o \u00e9 contratualizado, ao contr\u00e1rio do que acontece noutros pa\u00edses que \u00e9 necess\u00e1ria a contratualiza\u00e7\u00e3o de roaming com plataformas privadas a cobrarem adicionalmente comiss\u00f5es de servi\u00e7o e mesmo assim sem conseguir garantir a liga\u00e7\u00e3o a todas as redes existentes em cada Pa\u00eds.<\/p>\n<p>Em Portugal, atrav\u00e9s da rede Mobi.E este servi\u00e7o \u00e9 prestado sem cobran\u00e7a adicional e com a supervis\u00e3o da Entidade Reguladora, a quem compete definir a Tarifa da Entidade Gestora da Rede de Mobilidade El\u00e9trica (EGME).<\/p>\n<p>A ERSE definiu, assim, o valor da tarifa EGME, a qual passar\u00e1 a ser paga a partir do dia 1 de maio pelos CEME (Comercializadores de Eletricidade para a Mobilidade El\u00e9trica), OPC (Operador de Pontos de Carregamento) e DPC (Detentores de Pontos de Carregamento). As tarifas da EGME ir\u00e3o come\u00e7ar a ser cobradas pela MOBI.E aos agentes do mercado, n\u00e3o tendo uma aplica\u00e7\u00e3o direta nos utilizadores, de acordo com os seguintes valores:<\/p>\n<ul>\n<li><strong> Tarifa da EGME aplic\u00e1vel aos Comercializadores de Eletricidade para a Mobilidade El\u00e9trica (CEME): 0,1657\u20ac\/carregamento;<\/strong><strong><br \/>\n<\/strong><\/li>\n<\/ul>\n<ul>\n<li><strong> Tarifa da EGME aplic\u00e1vel aos Operadores de Pontos de Carregamento (OPC): 0,1657\u20ac\/carregamento;<\/strong><strong><br \/>\n<\/strong><\/li>\n<\/ul>\n<ul>\n<li><strong> Tarifa da EGME aplic\u00e1vel aos Detentores de Pontos de Carregamento (DPC): 0,0385\u20ac\/dia\/ponto de carregamento.<\/strong><\/li>\n<\/ul>\n<p>\u201cCom esta altera\u00e7\u00e3o, \u00e9 dado mais um passo para a plena implementa\u00e7\u00e3o da fase de mercado da mobilidade el\u00e9trica em Portugal, sendo um importante contributo para assegurar a sustentabilidade do funcionamento do modelo Mobi.E dentro do princ\u00edpio utilizador-pagador\u201d\u00a0afirma Lu\u00eds Barroso, Presidente da MOBI.E.<\/p>\n<p>Desde o in\u00edcio da fase plena de mercado da mobilidade el\u00e9trica, a 1 de julho de 2020, a MOBI.E tem vindo a transferir gradualmente as compet\u00eancias para os agentes de mercado, numa altura em que a rede Mobi.E conta com a cobertura geogr\u00e1fica superior a 90% dos munic\u00edpios, uma rede com mais de 1.650 postos de carregamento e mais de 3.400 tomadas.<\/p>\n","protected":false},"excerpt":{"rendered":"<p>Com o processo gradual de implementa\u00e7\u00e3o&#8230;<\/p>\n","protected":false},"author":15,"featured_media":20836,"comment_status":"closed","ping_status":"closed","sticky":false,"template":"","format":"standard","meta":{"footnotes":""},"categories":[37],"tags":[],"class_list":["post-20857","post","type-post","status-publish","format-standard","has-post-thumbnail","hentry","category-mercado"],"yoast_head":"<!-- This site is optimized with the Yoast SEO plugin v27.5 - https:\/\/yoast.com\/product\/yoast-seo-wordpress\/ -->\n<title>Postos MOBI.E passam a ser taxados a partir de 1 de Maio - Jornal das Oficinas<\/title>\n<meta name=\"description\" content=\"A MOBI.E anuncia a cobran\u00e7a pela Entidade Gestora da rede de Mobilidade El\u00e9trica de uma \u201ctarifa EGME\u201d, com a supervis\u00e3o da Entidade Reguladora\" \/>\n<meta name=\"robots\" content=\"index, follow, max-snippet:-1, max-image-preview:large, max-video-preview:-1\" \/>\n<link rel=\"canonical\" href=\"https:\/\/jornaldasoficinas.com\/pt\/postos-mobi-e-passam-a-ser-taxado-a-partir-de-1-de-maio\/\" \/>\n<meta property=\"og:locale\" content=\"pt_PT\" \/>\n<meta property=\"og:type\" content=\"article\" \/>\n<meta property=\"og:title\" content=\"Postos MOBI.E passam a ser taxados a partir de 1 de Maio - Jornal das Oficinas\" \/>\n<meta property=\"og:description\" content=\"A MOBI.E anuncia a cobran\u00e7a pela Entidade Gestora da rede de Mobilidade El\u00e9trica de uma \u201ctarifa EGME\u201d, com a supervis\u00e3o da Entidade Reguladora\" \/>\n<meta property=\"og:url\" content=\"https:\/\/jornaldasoficinas.com\/pt\/postos-mobi-e-passam-a-ser-taxado-a-partir-de-1-de-maio\/\" \/>\n<meta property=\"og:site_name\" content=\"Jornal das Oficinas\" \/>\n<meta property=\"article:publisher\" content=\"https:\/\/www.facebook.com\/jornaloficinas\" \/>\n<meta property=\"article:published_time\" content=\"2021-05-04T15:00:39+00:00\" \/>\n<meta property=\"og:image\" content=\"https:\/\/jornaldasoficinas.com\/pt\/wp-content\/uploads\/2021\/05\/Postos-MOBI.E-passam-1.png\" \/>\n\t<meta property=\"og:image:width\" content=\"1024\" \/>\n\t<meta property=\"og:image:height\" content=\"581\" \/>\n\t<meta property=\"og:image:type\" content=\"image\/png\" \/>\n<meta name=\"author\" content=\"Reda\u00e7\u00e3o JO\" \/>\n<meta name=\"twitter:card\" content=\"summary_large_image\" \/>\n<meta name=\"twitter:creator\" content=\"@jornaloficinas\" \/>\n<meta name=\"twitter:site\" content=\"@jornaloficinas\" \/>\n<meta name=\"twitter:label1\" content=\"Escrito por\" \/>\n\t<meta name=\"twitter:data1\" content=\"Reda\u00e7\u00e3o JO\" \/>\n\t<meta name=\"twitter:label2\" content=\"Tempo estimado de leitura\" \/>\n\t<meta name=\"twitter:data2\" content=\"2 minutos\" \/>\n<script type=\"application\/ld+json\" class=\"yoast-schema-graph\">{\"@context\":\"https:\\\/\\\/schema.org\",\"@graph\":[{\"@type\":\"Article\",\"@id\":\"https:\\\/\\\/jornaldasoficinas.com\\\/pt\\\/postos-mobi-e-passam-a-ser-taxado-a-partir-de-1-de-maio\\\/#article\",\"isPartOf\":{\"@id\":\"https:\\\/\\\/jornaldasoficinas.com\\\/pt\\\/postos-mobi-e-passam-a-ser-taxado-a-partir-de-1-de-maio\\\/\"},\"author\":{\"name\":\"Reda\u00e7\u00e3o JO\",\"@id\":\"https:\\\/\\\/jornaldasoficinas.com\\\/pt\\\/#\\\/schema\\\/person\\\/a38eef5de2c41d9e7c9ac10141afddf3\"},\"headline\":\"Postos MOBI.E passam a ser taxados a partir de 1 de Maio\",\"datePublished\":\"2021-05-04T15:00:39+00:00\",\"mainEntityOfPage\":{\"@id\":\"https:\\\/\\\/jornaldasoficinas.com\\\/pt\\\/postos-mobi-e-passam-a-ser-taxado-a-partir-de-1-de-maio\\\/\"},\"wordCount\":402,\"publisher\":{\"@id\":\"https:\\\/\\\/jornaldasoficinas.com\\\/pt\\\/#organization\"},\"image\":{\"@id\":\"https:\\\/\\\/jornaldasoficinas.com\\\/pt\\\/postos-mobi-e-passam-a-ser-taxado-a-partir-de-1-de-maio\\\/#primaryimage\"},\"thumbnailUrl\":\"https:\\\/\\\/jornaldasoficinas.com\\\/pt\\\/wp-content\\\/uploads\\\/2021\\\/05\\\/Postos-MOBI.E-passam-1.png\",\"articleSection\":[\"Mercado\"],\"inLanguage\":\"pt-PT\"},{\"@type\":\"WebPage\",\"@id\":\"https:\\\/\\\/jornaldasoficinas.com\\\/pt\\\/postos-mobi-e-passam-a-ser-taxado-a-partir-de-1-de-maio\\\/\",\"url\":\"https:\\\/\\\/jornaldasoficinas.com\\\/pt\\\/postos-mobi-e-passam-a-ser-taxado-a-partir-de-1-de-maio\\\/\",\"name\":\"Postos MOBI.E passam a ser taxados a partir de 1 de Maio - Jornal das Oficinas\",\"isPartOf\":{\"@id\":\"https:\\\/\\\/jornaldasoficinas.com\\\/pt\\\/#website\"},\"primaryImageOfPage\":{\"@id\":\"https:\\\/\\\/jornaldasoficinas.com\\\/pt\\\/postos-mobi-e-passam-a-ser-taxado-a-partir-de-1-de-maio\\\/#primaryimage\"},\"image\":{\"@id\":\"https:\\\/\\\/jornaldasoficinas.com\\\/pt\\\/postos-mobi-e-passam-a-ser-taxado-a-partir-de-1-de-maio\\\/#primaryimage\"},\"thumbnailUrl\":\"https:\\\/\\\/jornaldasoficinas.com\\\/pt\\\/wp-content\\\/uploads\\\/2021\\\/05\\\/Postos-MOBI.E-passam-1.png\",\"datePublished\":\"2021-05-04T15:00:39+00:00\",\"description\":\"A MOBI.E anuncia a cobran\u00e7a pela Entidade Gestora da rede de Mobilidade El\u00e9trica de uma \u201ctarifa EGME\u201d, com a supervis\u00e3o da Entidade Reguladora\",\"breadcrumb\":{\"@id\":\"https:\\\/\\\/jornaldasoficinas.com\\\/pt\\\/postos-mobi-e-passam-a-ser-taxado-a-partir-de-1-de-maio\\\/#breadcrumb\"},\"inLanguage\":\"pt-PT\",\"potentialAction\":[{\"@type\":\"ReadAction\",\"target\":[\"https:\\\/\\\/jornaldasoficinas.com\\\/pt\\\/postos-mobi-e-passam-a-ser-taxado-a-partir-de-1-de-maio\\\/\"]}]},{\"@type\":\"ImageObject\",\"inLanguage\":\"pt-PT\",\"@id\":\"https:\\\/\\\/jornaldasoficinas.com\\\/pt\\\/postos-mobi-e-passam-a-ser-taxado-a-partir-de-1-de-maio\\\/#primaryimage\",\"url\":\"https:\\\/\\\/jornaldasoficinas.com\\\/pt\\\/wp-content\\\/uploads\\\/2021\\\/05\\\/Postos-MOBI.E-passam-1.png\",\"contentUrl\":\"https:\\\/\\\/jornaldasoficinas.com\\\/pt\\\/wp-content\\\/uploads\\\/2021\\\/05\\\/Postos-MOBI.E-passam-1.png\",\"width\":1024,\"height\":581,\"caption\":\"05 - Postos-MOBI.E-passam-1\"},{\"@type\":\"BreadcrumbList\",\"@id\":\"https:\\\/\\\/jornaldasoficinas.com\\\/pt\\\/postos-mobi-e-passam-a-ser-taxado-a-partir-de-1-de-maio\\\/#breadcrumb\",\"itemListElement\":[{\"@type\":\"ListItem\",\"position\":1,\"name\":\"In\u00edcio\",\"item\":\"https:\\\/\\\/jornaldasoficinas.com\\\/pt\\\/\"},{\"@type\":\"ListItem\",\"position\":2,\"name\":\"Postos MOBI.E passam a ser taxados a partir de 1 de Maio\"}]},{\"@type\":\"WebSite\",\"@id\":\"https:\\\/\\\/jornaldasoficinas.com\\\/pt\\\/#website\",\"url\":\"https:\\\/\\\/jornaldasoficinas.com\\\/pt\\\/\",\"name\":\"Jornal das Oficinas\",\"description\":\"Jornal independente do Aftermarket Autom\u00f3vel em Portugal\",\"publisher\":{\"@id\":\"https:\\\/\\\/jornaldasoficinas.com\\\/pt\\\/#organization\"},\"potentialAction\":[{\"@type\":\"SearchAction\",\"target\":{\"@type\":\"EntryPoint\",\"urlTemplate\":\"https:\\\/\\\/jornaldasoficinas.com\\\/pt\\\/?s={search_term_string}\"},\"query-input\":{\"@type\":\"PropertyValueSpecification\",\"valueRequired\":true,\"valueName\":\"search_term_string\"}}],\"inLanguage\":\"pt-PT\"},{\"@type\":\"Organization\",\"@id\":\"https:\\\/\\\/jornaldasoficinas.com\\\/pt\\\/#organization\",\"name\":\"Jornal das Oficinas\",\"url\":\"https:\\\/\\\/jornaldasoficinas.com\\\/pt\\\/\",\"logo\":{\"@type\":\"ImageObject\",\"inLanguage\":\"pt-PT\",\"@id\":\"https:\\\/\\\/jornaldasoficinas.com\\\/pt\\\/#\\\/schema\\\/logo\\\/image\\\/\",\"url\":\"https:\\\/\\\/jornaldasoficinas.com\\\/pt\\\/wp-content\\\/uploads\\\/logoJO-SEO.png\",\"contentUrl\":\"https:\\\/\\\/jornaldasoficinas.com\\\/pt\\\/wp-content\\\/uploads\\\/logoJO-SEO.png\",\"width\":285,\"height\":450,\"caption\":\"Jornal das Oficinas\"},\"image\":{\"@id\":\"https:\\\/\\\/jornaldasoficinas.com\\\/pt\\\/#\\\/schema\\\/logo\\\/image\\\/\"},\"sameAs\":[\"https:\\\/\\\/www.facebook.com\\\/jornaloficinas\",\"https:\\\/\\\/x.com\\\/jornaloficinas\",\"https:\\\/\\\/www.instagram.com\\\/jornal_oficinas\\\/\",\"https:\\\/\\\/www.linkedin.com\\\/company\\\/jornal-das-oficinas\\\/\",\"https:\\\/\\\/www.youtube.com\\\/channel\\\/UCbQZBqtcvV-oSQrr7RzINGg\"]},{\"@type\":\"Person\",\"@id\":\"https:\\\/\\\/jornaldasoficinas.com\\\/pt\\\/#\\\/schema\\\/person\\\/a38eef5de2c41d9e7c9ac10141afddf3\",\"name\":\"Reda\u00e7\u00e3o JO\",\"image\":{\"@type\":\"ImageObject\",\"inLanguage\":\"pt-PT\",\"@id\":\"https:\\\/\\\/secure.gravatar.com\\\/avatar\\\/71f2fa71737ad68a84fea94bc708ddac8ea5b0c4788dc2ad202f3ccb2887742f?s=96&d=wp_user_avatar&r=g\",\"url\":\"https:\\\/\\\/secure.gravatar.com\\\/avatar\\\/71f2fa71737ad68a84fea94bc708ddac8ea5b0c4788dc2ad202f3ccb2887742f?s=96&d=wp_user_avatar&r=g\",\"contentUrl\":\"https:\\\/\\\/secure.gravatar.com\\\/avatar\\\/71f2fa71737ad68a84fea94bc708ddac8ea5b0c4788dc2ad202f3ccb2887742f?s=96&d=wp_user_avatar&r=g\",\"caption\":\"Reda\u00e7\u00e3o JO\"},\"url\":\"https:\\\/\\\/jornaldasoficinas.com\\\/pt\\\/author\\\/joredacao\\\/\"}]}<\/script>\n<!-- \/ Yoast SEO plugin. -->","yoast_head_json":{"title":"Postos MOBI.E passam a ser taxados a partir de 1 de Maio - Jornal das Oficinas","description":"A MOBI.E anuncia a cobran\u00e7a pela Entidade Gestora da rede de Mobilidade El\u00e9trica de uma \u201ctarifa EGME\u201d, com a supervis\u00e3o da Entidade Reguladora","robots":{"index":"index","follow":"follow","max-snippet":"max-snippet:-1","max-image-preview":"max-image-preview:large","max-video-preview":"max-video-preview:-1"},"canonical":"https:\/\/jornaldasoficinas.com\/pt\/postos-mobi-e-passam-a-ser-taxado-a-partir-de-1-de-maio\/","og_locale":"pt_PT","og_type":"article","og_title":"Postos MOBI.E passam a ser taxados a partir de 1 de Maio - Jornal das Oficinas","og_description":"A MOBI.E anuncia a cobran\u00e7a pela Entidade Gestora da rede de Mobilidade El\u00e9trica de uma \u201ctarifa EGME\u201d, com a supervis\u00e3o da Entidade Reguladora","og_url":"https:\/\/jornaldasoficinas.com\/pt\/postos-mobi-e-passam-a-ser-taxado-a-partir-de-1-de-maio\/","og_site_name":"Jornal das Oficinas","article_publisher":"https:\/\/www.facebook.com\/jornaloficinas","article_published_time":"2021-05-04T15:00:39+00:00","og_image":[{"width":1024,"height":581,"url":"https:\/\/jornaldasoficinas.com\/pt\/wp-content\/uploads\/2021\/05\/Postos-MOBI.E-passam-1.png","type":"image\/png"}],"author":"Reda\u00e7\u00e3o JO","twitter_card":"summary_large_image","twitter_creator":"@jornaloficinas","twitter_site":"@jornaloficinas","twitter_misc":{"Escrito por":"Reda\u00e7\u00e3o JO","Tempo estimado de leitura":"2 minutos"},"schema":{"@context":"https:\/\/schema.org","@graph":[{"@type":"Article","@id":"https:\/\/jornaldasoficinas.com\/pt\/postos-mobi-e-passam-a-ser-taxado-a-partir-de-1-de-maio\/#article","isPartOf":{"@id":"https:\/\/jornaldasoficinas.com\/pt\/postos-mobi-e-passam-a-ser-taxado-a-partir-de-1-de-maio\/"},"author":{"name":"Reda\u00e7\u00e3o JO","@id":"https:\/\/jornaldasoficinas.com\/pt\/#\/schema\/person\/a38eef5de2c41d9e7c9ac10141afddf3"},"headline":"Postos MOBI.E passam a ser taxados a partir de 1 de Maio","datePublished":"2021-05-04T15:00:39+00:00","mainEntityOfPage":{"@id":"https:\/\/jornaldasoficinas.com\/pt\/postos-mobi-e-passam-a-ser-taxado-a-partir-de-1-de-maio\/"},"wordCount":402,"publisher":{"@id":"https:\/\/jornaldasoficinas.com\/pt\/#organization"},"image":{"@id":"https:\/\/jornaldasoficinas.com\/pt\/postos-mobi-e-passam-a-ser-taxado-a-partir-de-1-de-maio\/#primaryimage"},"thumbnailUrl":"https:\/\/jornaldasoficinas.com\/pt\/wp-content\/uploads\/2021\/05\/Postos-MOBI.E-passam-1.png","articleSection":["Mercado"],"inLanguage":"pt-PT"},{"@type":"WebPage","@id":"https:\/\/jornaldasoficinas.com\/pt\/postos-mobi-e-passam-a-ser-taxado-a-partir-de-1-de-maio\/","url":"https:\/\/jornaldasoficinas.com\/pt\/postos-mobi-e-passam-a-ser-taxado-a-partir-de-1-de-maio\/","name":"Postos MOBI.E passam a ser taxados a partir de 1 de Maio - Jornal das Oficinas","isPartOf":{"@id":"https:\/\/jornaldasoficinas.com\/pt\/#website"},"primaryImageOfPage":{"@id":"https:\/\/jornaldasoficinas.com\/pt\/postos-mobi-e-passam-a-ser-taxado-a-partir-de-1-de-maio\/#primaryimage"},"image":{"@id":"https:\/\/jornaldasoficinas.com\/pt\/postos-mobi-e-passam-a-ser-taxado-a-partir-de-1-de-maio\/#primaryimage"},"thumbnailUrl":"https:\/\/jornaldasoficinas.com\/pt\/wp-content\/uploads\/2021\/05\/Postos-MOBI.E-passam-1.png","datePublished":"2021-05-04T15:00:39+00:00","description":"A MOBI.E anuncia a cobran\u00e7a pela Entidade Gestora da rede de Mobilidade El\u00e9trica de uma \u201ctarifa EGME\u201d, com a supervis\u00e3o da Entidade Reguladora","breadcrumb":{"@id":"https:\/\/jornaldasoficinas.com\/pt\/postos-mobi-e-passam-a-ser-taxado-a-partir-de-1-de-maio\/#breadcrumb"},"inLanguage":"pt-PT","potentialAction":[{"@type":"ReadAction","target":["https:\/\/jornaldasoficinas.com\/pt\/postos-mobi-e-passam-a-ser-taxado-a-partir-de-1-de-maio\/"]}]},{"@type":"ImageObject","inLanguage":"pt-PT","@id":"https:\/\/jornaldasoficinas.com\/pt\/postos-mobi-e-passam-a-ser-taxado-a-partir-de-1-de-maio\/#primaryimage","url":"https:\/\/jornaldasoficinas.com\/pt\/wp-content\/uploads\/2021\/05\/Postos-MOBI.E-passam-1.png","contentUrl":"https:\/\/jornaldasoficinas.com\/pt\/wp-content\/uploads\/2021\/05\/Postos-MOBI.E-passam-1.png","width":1024,"height":581,"caption":"05 - Postos-MOBI.E-passam-1"},{"@type":"BreadcrumbList","@id":"https:\/\/jornaldasoficinas.com\/pt\/postos-mobi-e-passam-a-ser-taxado-a-partir-de-1-de-maio\/#breadcrumb","itemListElement":[{"@type":"ListItem","position":1,"name":"In\u00edcio","item":"https:\/\/jornaldasoficinas.com\/pt\/"},{"@type":"ListItem","position":2,"name":"Postos MOBI.E passam a ser taxados a partir de 1 de Maio"}]},{"@type":"WebSite","@id":"https:\/\/jornaldasoficinas.com\/pt\/#website","url":"https:\/\/jornaldasoficinas.com\/pt\/","name":"Jornal das Oficinas","description":"Jornal independente do Aftermarket Autom\u00f3vel em Portugal","publisher":{"@id":"https:\/\/jornaldasoficinas.com\/pt\/#organization"},"potentialAction":[{"@type":"SearchAction","target":{"@type":"EntryPoint","urlTemplate":"https:\/\/jornaldasoficinas.com\/pt\/?s={search_term_string}"},"query-input":{"@type":"PropertyValueSpecification","valueRequired":true,"valueName":"search_term_string"}}],"inLanguage":"pt-PT"},{"@type":"Organization","@id":"https:\/\/jornaldasoficinas.com\/pt\/#organization","name":"Jornal das Oficinas","url":"https:\/\/jornaldasoficinas.com\/pt\/","logo":{"@type":"ImageObject","inLanguage":"pt-PT","@id":"https:\/\/jornaldasoficinas.com\/pt\/#\/schema\/logo\/image\/","url":"https:\/\/jornaldasoficinas.com\/pt\/wp-content\/uploads\/logoJO-SEO.png","contentUrl":"https:\/\/jornaldasoficinas.com\/pt\/wp-content\/uploads\/logoJO-SEO.png","width":285,"height":450,"caption":"Jornal das Oficinas"},"image":{"@id":"https:\/\/jornaldasoficinas.com\/pt\/#\/schema\/logo\/image\/"},"sameAs":["https:\/\/www.facebook.com\/jornaloficinas","https:\/\/x.com\/jornaloficinas","https:\/\/www.instagram.com\/jornal_oficinas\/","https:\/\/www.linkedin.com\/company\/jornal-das-oficinas\/","https:\/\/www.youtube.com\/channel\/UCbQZBqtcvV-oSQrr7RzINGg"]},{"@type":"Person","@id":"https:\/\/jornaldasoficinas.com\/pt\/#\/schema\/person\/a38eef5de2c41d9e7c9ac10141afddf3","name":"Reda\u00e7\u00e3o JO","image":{"@type":"ImageObject","inLanguage":"pt-PT","@id":"https:\/\/secure.gravatar.com\/avatar\/71f2fa71737ad68a84fea94bc708ddac8ea5b0c4788dc2ad202f3ccb2887742f?s=96&d=wp_user_avatar&r=g","url":"https:\/\/secure.gravatar.com\/avatar\/71f2fa71737ad68a84fea94bc708ddac8ea5b0c4788dc2ad202f3ccb2887742f?s=96&d=wp_user_avatar&r=g","contentUrl":"https:\/\/secure.gravatar.com\/avatar\/71f2fa71737ad68a84fea94bc708ddac8ea5b0c4788dc2ad202f3ccb2887742f?s=96&d=wp_user_avatar&r=g","caption":"Reda\u00e7\u00e3o JO"},"url":"https:\/\/jornaldasoficinas.com\/pt\/author\/joredacao\/"}]}},"_links":{"self":[{"href":"https:\/\/jornaldasoficinas.com\/pt\/wp-json\/wp\/v2\/posts\/20857","targetHints":{"allow":["GET"]}}],"collection":[{"href":"https:\/\/jornaldasoficinas.com\/pt\/wp-json\/wp\/v2\/posts"}],"about":[{"href":"https:\/\/jornaldasoficinas.com\/pt\/wp-json\/wp\/v2\/types\/post"}],"author":[{"embeddable":true,"href":"https:\/\/jornaldasoficinas.com\/pt\/wp-json\/wp\/v2\/users\/15"}],"replies":[{"embeddable":true,"href":"https:\/\/jornaldasoficinas.com\/pt\/wp-json\/wp\/v2\/comments?post=20857"}],"version-history":[{"count":0,"href":"https:\/\/jornaldasoficinas.com\/pt\/wp-json\/wp\/v2\/posts\/20857\/revisions"}],"wp:featuredmedia":[{"embeddable":true,"href":"https:\/\/jornaldasoficinas.com\/pt\/wp-json\/wp\/v2\/media\/20836"}],"wp:attachment":[{"href":"https:\/\/jornaldasoficinas.com\/pt\/wp-json\/wp\/v2\/media?parent=20857"}],"wp:term":[{"taxonomy":"category","embeddable":true,"href":"https:\/\/jornaldasoficinas.com\/pt\/wp-json\/wp\/v2\/categories?post=20857"},{"taxonomy":"post_tag","embeddable":true,"href":"https:\/\/jornaldasoficinas.com\/pt\/wp-json\/wp\/v2\/tags?post=20857"}],"curies":[{"name":"wp","href":"https:\/\/api.w.org\/{rel}","templated":true}]}}