{"id":20952,"date":"2021-05-05T19:00:12","date_gmt":"2021-05-05T18:00:12","guid":{"rendered":"https:\/\/jornaldasoficinas.com\/pt\/?p=20952"},"modified":"2021-05-05T08:16:16","modified_gmt":"2021-05-05T07:16:16","slug":"temos-que-estar-otimistas-mas-obviamente-cautelosos-contiservice","status":"publish","type":"post","link":"https:\/\/jornaldasoficinas.com\/pt\/temos-que-estar-otimistas-mas-obviamente-cautelosos-contiservice\/","title":{"rendered":"\u201cTemos que estar otimistas, mas obviamente cautelosos\u201d, ContiService\u00a0"},"content":{"rendered":"<p><strong><img loading=\"lazy\" decoding=\"async\" class=\"alignnone wp-image-20941 size-full\" src=\"https:\/\/jornaldasoficinas.com\/pt\/wp-content\/uploads\/2021\/05\/Sandra_Melo_-Contiservice.jpeg\" alt=\"05 - Sandra_Melo_-Contiservice\" width=\"1024\" height=\"581\" srcset=\"https:\/\/jornaldasoficinas.com\/pt\/wp-content\/uploads\/2021\/05\/Sandra_Melo_-Contiservice.jpeg 1024w, https:\/\/jornaldasoficinas.com\/pt\/wp-content\/uploads\/2021\/05\/Sandra_Melo_-Contiservice-300x170.jpeg 300w, https:\/\/jornaldasoficinas.com\/pt\/wp-content\/uploads\/2021\/05\/Sandra_Melo_-Contiservice-150x85.jpeg 150w, https:\/\/jornaldasoficinas.com\/pt\/wp-content\/uploads\/2021\/05\/Sandra_Melo_-Contiservice-768x436.jpeg 768w\" sizes=\"auto, (max-width: 1024px) 100vw, 1024px\" \/><\/strong><\/p>\n<p><strong>Sandra Melo, respons\u00e1vel da rede ContiService<\/strong><span data-contrast=\"auto\"><strong>, afirma estar confiante que com o retomar de \u201calguma normalidade\u201d, a atividade econ\u00f3mica estabilize e com a conquista da confian\u00e7a dos consumidores, a atual situa\u00e7\u00e3o se v\u00e1 invertendo.<\/strong> <\/span><\/p>\n<p><span data-contrast=\"auto\">\u201cTemos que estar otimistas, mas obviamente estamos cautelosos, e seguimos com muita aten\u00e7\u00e3o toda a evolu\u00e7\u00e3o do mercado. O nosso neg\u00f3cio est\u00e1 na estrita depend\u00eancia dos n\u00edveis da mobilidade. Estamos novamente a atravessar um per\u00edodo em que desloca\u00e7\u00f5es individuais, fruto da atual situa\u00e7\u00e3o pand\u00e9mica, s\u00e3o altamente desaconselhadas o que est\u00e1 a ter um forte impacto na nossa atividade\u201d, refere esta respons\u00e1vel.<\/span><span data-ccp-props=\"{&quot;335551550&quot;:6,&quot;335551620&quot;:6,&quot;469777462&quot;:[566,1133,1700,2267,2834,3401,3968,4535,5102,5669,6236,6803],&quot;469777927&quot;:[0,0,0,0,0,0,0,0,0,0,0,0],&quot;469777928&quot;:[1,1,1,1,1,1,1,1,1,1,1,1]}\">\u00a0<\/span><\/p>\n<p><span data-contrast=\"auto\">Perante a atual situa\u00e7\u00e3o que o pa\u00eds vive do ponto de vista da sa\u00fade p\u00fablica e que influencia significativamente o desempenho econ\u00f3mico das oficinas, a <\/span><a href=\"http:\/\/www.contiservice.pt\/\" target=\"_blank\" rel=\"noopener\"><span data-contrast=\"auto\">ContiService<\/span><\/a><span data-contrast=\"auto\"> tem feito um enorme esfor\u00e7o para estar ainda mais pr\u00f3ximos dos pontos de venda. \u201cTivemos que rapidamente reagir e reajustar as nossas rotinas e modos de atua\u00e7\u00e3o. A primeira e principal preocupa\u00e7\u00e3o \u00e9 a quest\u00e3o da sa\u00fade e seguran\u00e7a de todos os colaboradores e clientes. Os nossos pontos de venda t\u00eam implementado in\u00fameras medidas de higiene, em linha com o conjunto de recomenda\u00e7\u00f5es em vigor para o setor. O digital tem assumido um protagonismo crescente no decorrer desta pandemia e temos estado a apoiar os nossos pontos de venda, refor\u00e7ando de forma consistente e diferenciadora a sua presen\u00e7a nas diversas plataformas\u201d, explicou Sandra melo.<\/span><span data-ccp-props=\"{&quot;335551550&quot;:6,&quot;335551620&quot;:6,&quot;469777462&quot;:[566,1133,1700,2267,2834,3401,3968,4535,5102,5669,6236,6803],&quot;469777927&quot;:[0,0,0,0,0,0,0,0,0,0,0,0],&quot;469777928&quot;:[1,1,1,1,1,1,1,1,1,1,1,1]}\">\u00a0<\/span><\/p>\n<p><span data-contrast=\"auto\">Mesmo durante o per\u00edodo de confinamento, a <\/span><span data-contrast=\"auto\">ContiService<\/span><span data-contrast=\"auto\"> continuou a apostar na forma\u00e7\u00e3o t\u00e9cnica e comportamental da rede, no refor\u00e7o do modelo online, de forma a servir melhor o consumidor, e ao mesmo tempo dotar as oficinas de conhecimentos t\u00e9cnicos oficinais e de gest\u00e3o que apoiem a enfrentar os momentos atuais e em campanhas atrativas no ponto de venda que potenciem a capta\u00e7\u00e3o de neg\u00f3cio.\u00a0<\/span><span data-ccp-props=\"{&quot;335551550&quot;:6,&quot;335551620&quot;:6,&quot;469777462&quot;:[566,1133,1700,2267,2834,3401,3968,4535,5102,5669,6236,6803],&quot;469777927&quot;:[0,0,0,0,0,0,0,0,0,0,0,0],&quot;469777928&quot;:[1,1,1,1,1,1,1,1,1,1,1,1]}\">\u00a0<\/span><\/p>\n<p><span data-contrast=\"auto\">Para manter a fideliza\u00e7\u00e3o de clientes, Sandra Melo diz que o segredo \u201cest\u00e1 intimamente ligado \u00e0 qualidade do servi\u00e7o que prestamos e \u00e0 confian\u00e7a que conseguimos incutir nos consumidores. E este \u00e9 um percurso que tem vindo a ser percorrido pelo <\/span><span data-contrast=\"auto\">ContiService<\/span><span data-contrast=\"auto\"> desde a sua funda\u00e7\u00e3o. Somos hoje reconhecidos por todos os <\/span><span data-contrast=\"auto\">players<\/span><span data-contrast=\"auto\"> do setor como um projeto ganhador. Todo o trabalho desenvolvido nos pontos de venda tem sido no sentido de ir de encontro \u00e0s necessidades dos nossos clientes e de os fidelizar. Estamos em evolu\u00e7\u00e3o constante para conseguirmos antecipar as necessidades dos consumidores. Estamos muito atentos \u00e0s din\u00e2micas do ponto de venda para reagirmos e ajustarmos prontamente a nossa oferta \u00e0s necessidades do mercado. Experi\u00eancia, Transpar\u00eancia e Profissionalismo s\u00e3o os <\/span><span data-contrast=\"auto\">guidelines<\/span><span data-contrast=\"auto\"> que orientam a atua\u00e7\u00e3o da rede <\/span><span data-contrast=\"auto\">Contiservice<\/span><span data-contrast=\"auto\"> e \u00e9 nestes <\/span><span data-contrast=\"auto\">boillerpoints<\/span><span data-contrast=\"auto\"> que assentamos diariamente a nossa estrat\u00e9gia. Somos hoje uma refer\u00eancia no mercado oficinal.\u201d<\/span><span data-ccp-props=\"{&quot;335551550&quot;:6,&quot;335551620&quot;:6,&quot;469777462&quot;:[566,1133,1700,2267,2834,3401,3968,4535,5102,5669,6236,6803],&quot;469777927&quot;:[0,0,0,0,0,0,0,0,0,0,0,0],&quot;469777928&quot;:[1,1,1,1,1,1,1,1,1,1,1,1]}\">\u00a0<\/span><\/p>\n<p><span data-contrast=\"auto\">Os consumidores ir\u00e3o escolher as marcas que mais confian\u00e7a lhe inspirem. A autenticidade das marcas continuar\u00e1 a ser cada vez mais importante na toma de decis\u00e3o de compra. Estar\u00e3o tamb\u00e9m mais conscientes e atentos sobre de onde \u00e9 que v\u00eam e s\u00e3o produzidos os produtos que consomem. S\u00e3o e continuar\u00e3o a ser consumidores informados. \u201cNeste mundo cada vez mais global e digital os gerentes das oficinas ter\u00e3o que estar em linha com o que s\u00e3o as tend\u00eancias de consumo e do mercado autom\u00f3vel. Os t\u00e9cnicos, por sua vez, ter\u00e3o que estar sobretudo alinhados com o desenvolvimento do setor autom\u00f3vel que est\u00e1 em constante evolu\u00e7\u00e3o. E a forma\u00e7\u00e3o t\u00e9cnica e especializada ser\u00e1 ela cada vez mais importante para poder dar uma resposta altamente qualificada a um mercado cada vez mais exigente do ponto de vista t\u00e9cnico e tecnol\u00f3gico\u201d, refere Sandra Melo.<\/span><span data-ccp-props=\"{&quot;335551550&quot;:6,&quot;335551620&quot;:6,&quot;469777462&quot;:[566,1133,1700,2267,2834,3401,3968,4535,5102,5669,6236,6803],&quot;469777927&quot;:[0,0,0,0,0,0,0,0,0,0,0,0],&quot;469777928&quot;:[1,1,1,1,1,1,1,1,1,1,1,1]}\">\u00a0<\/span><\/p>\n<p><span data-contrast=\"auto\">Para enfrentar os desafios do futuro, Sandra Melo diz ser necess\u00e1rio \u201cprestar servi\u00e7os integrados e ajustados \u00e0s necessidades globais do cliente e apesar da incerteza que est\u00e1 a dominar este arranque de ano estamos convencidos que a situa\u00e7\u00e3o do pa\u00eds ir\u00e1 normalizar, pelo que acreditamos que com o nosso compromisso e dedica\u00e7\u00e3o as vendas tender\u00e3o para os n\u00edveis anteriores a 2020.\u201d<\/span><span data-ccp-props=\"{&quot;335551550&quot;:6,&quot;335551620&quot;:6,&quot;469777462&quot;:[566,1133,1700,2267,2834,3401,3968,4535,5102,5669,6236,6803],&quot;469777927&quot;:[0,0,0,0,0,0,0,0,0,0,0,0],&quot;469777928&quot;:[1,1,1,1,1,1,1,1,1,1,1,1]}\">\u00a0<\/span><\/p>\n","protected":false},"excerpt":{"rendered":"<p>Sandra Melo, respons\u00e1vel da rede ContiService,&#8230;<\/p>\n","protected":false},"author":15,"featured_media":20941,"comment_status":"closed","ping_status":"closed","sticky":false,"template":"","format":"standard","meta":{"footnotes":""},"categories":[38],"tags":[716],"class_list":["post-20952","post","type-post","status-publish","format-standard","has-post-thumbnail","hentry","category-entrevistas","tag-contiservice"],"yoast_head":"<!-- This site is optimized with the Yoast SEO plugin v27.5 - https:\/\/yoast.com\/product\/yoast-seo-wordpress\/ -->\n<title>\u201cTemos que estar otimistas, mas obviamente cautelosos\u201d, ContiService\u00a0 - Jornal das Oficinas<\/title>\n<meta name=\"description\" content=\"Sandra Melo, respons\u00e1vel da rede ContiService, afirma estar confiante que com o retomar de \u201calguma normalidade\u201d.\" \/>\n<meta name=\"robots\" content=\"index, follow, max-snippet:-1, max-image-preview:large, max-video-preview:-1\" \/>\n<link rel=\"canonical\" href=\"https:\/\/jornaldasoficinas.com\/pt\/temos-que-estar-otimistas-mas-obviamente-cautelosos-contiservice\/\" \/>\n<meta property=\"og:locale\" content=\"pt_PT\" \/>\n<meta property=\"og:type\" content=\"article\" \/>\n<meta property=\"og:title\" content=\"\u201cTemos que estar otimistas, mas obviamente cautelosos\u201d, ContiService\u00a0 - Jornal das Oficinas\" \/>\n<meta property=\"og:description\" content=\"Sandra Melo, respons\u00e1vel da rede ContiService, afirma estar confiante que com o retomar de \u201calguma normalidade\u201d.\" \/>\n<meta property=\"og:url\" content=\"https:\/\/jornaldasoficinas.com\/pt\/temos-que-estar-otimistas-mas-obviamente-cautelosos-contiservice\/\" \/>\n<meta property=\"og:site_name\" content=\"Jornal das Oficinas\" \/>\n<meta property=\"article:publisher\" content=\"https:\/\/www.facebook.com\/jornaloficinas\" \/>\n<meta property=\"article:published_time\" content=\"2021-05-05T18:00:12+00:00\" \/>\n<meta property=\"og:image\" content=\"https:\/\/jornaldasoficinas.com\/pt\/wp-content\/uploads\/2021\/05\/Sandra_Melo_-Contiservice.jpeg\" \/>\n\t<meta property=\"og:image:width\" content=\"1024\" \/>\n\t<meta property=\"og:image:height\" content=\"581\" \/>\n\t<meta property=\"og:image:type\" content=\"image\/jpeg\" \/>\n<meta name=\"author\" content=\"Reda\u00e7\u00e3o JO\" \/>\n<meta name=\"twitter:card\" content=\"summary_large_image\" \/>\n<meta name=\"twitter:creator\" content=\"@jornaloficinas\" \/>\n<meta name=\"twitter:site\" content=\"@jornaloficinas\" \/>\n<meta name=\"twitter:label1\" content=\"Escrito por\" \/>\n\t<meta name=\"twitter:data1\" content=\"Reda\u00e7\u00e3o JO\" \/>\n\t<meta name=\"twitter:label2\" content=\"Tempo estimado de leitura\" \/>\n\t<meta name=\"twitter:data2\" content=\"3 minutos\" \/>\n<script type=\"application\/ld+json\" class=\"yoast-schema-graph\">{\"@context\":\"https:\\\/\\\/schema.org\",\"@graph\":[{\"@type\":\"Article\",\"@id\":\"https:\\\/\\\/jornaldasoficinas.com\\\/pt\\\/temos-que-estar-otimistas-mas-obviamente-cautelosos-contiservice\\\/#article\",\"isPartOf\":{\"@id\":\"https:\\\/\\\/jornaldasoficinas.com\\\/pt\\\/temos-que-estar-otimistas-mas-obviamente-cautelosos-contiservice\\\/\"},\"author\":{\"name\":\"Reda\u00e7\u00e3o JO\",\"@id\":\"https:\\\/\\\/jornaldasoficinas.com\\\/pt\\\/#\\\/schema\\\/person\\\/a38eef5de2c41d9e7c9ac10141afddf3\"},\"headline\":\"\u201cTemos que estar otimistas, mas obviamente cautelosos\u201d, ContiService\u00a0\",\"datePublished\":\"2021-05-05T18:00:12+00:00\",\"mainEntityOfPage\":{\"@id\":\"https:\\\/\\\/jornaldasoficinas.com\\\/pt\\\/temos-que-estar-otimistas-mas-obviamente-cautelosos-contiservice\\\/\"},\"wordCount\":719,\"publisher\":{\"@id\":\"https:\\\/\\\/jornaldasoficinas.com\\\/pt\\\/#organization\"},\"image\":{\"@id\":\"https:\\\/\\\/jornaldasoficinas.com\\\/pt\\\/temos-que-estar-otimistas-mas-obviamente-cautelosos-contiservice\\\/#primaryimage\"},\"thumbnailUrl\":\"https:\\\/\\\/jornaldasoficinas.com\\\/pt\\\/wp-content\\\/uploads\\\/2021\\\/05\\\/Sandra_Melo_-Contiservice.jpeg\",\"keywords\":[\"Contiservice\"],\"articleSection\":[\"Entrevistas\"],\"inLanguage\":\"pt-PT\"},{\"@type\":\"WebPage\",\"@id\":\"https:\\\/\\\/jornaldasoficinas.com\\\/pt\\\/temos-que-estar-otimistas-mas-obviamente-cautelosos-contiservice\\\/\",\"url\":\"https:\\\/\\\/jornaldasoficinas.com\\\/pt\\\/temos-que-estar-otimistas-mas-obviamente-cautelosos-contiservice\\\/\",\"name\":\"\u201cTemos que estar otimistas, mas obviamente cautelosos\u201d, ContiService\u00a0 - Jornal das Oficinas\",\"isPartOf\":{\"@id\":\"https:\\\/\\\/jornaldasoficinas.com\\\/pt\\\/#website\"},\"primaryImageOfPage\":{\"@id\":\"https:\\\/\\\/jornaldasoficinas.com\\\/pt\\\/temos-que-estar-otimistas-mas-obviamente-cautelosos-contiservice\\\/#primaryimage\"},\"image\":{\"@id\":\"https:\\\/\\\/jornaldasoficinas.com\\\/pt\\\/temos-que-estar-otimistas-mas-obviamente-cautelosos-contiservice\\\/#primaryimage\"},\"thumbnailUrl\":\"https:\\\/\\\/jornaldasoficinas.com\\\/pt\\\/wp-content\\\/uploads\\\/2021\\\/05\\\/Sandra_Melo_-Contiservice.jpeg\",\"datePublished\":\"2021-05-05T18:00:12+00:00\",\"description\":\"Sandra Melo, respons\u00e1vel da rede ContiService, afirma estar confiante que com o retomar de \u201calguma normalidade\u201d.\",\"breadcrumb\":{\"@id\":\"https:\\\/\\\/jornaldasoficinas.com\\\/pt\\\/temos-que-estar-otimistas-mas-obviamente-cautelosos-contiservice\\\/#breadcrumb\"},\"inLanguage\":\"pt-PT\",\"potentialAction\":[{\"@type\":\"ReadAction\",\"target\":[\"https:\\\/\\\/jornaldasoficinas.com\\\/pt\\\/temos-que-estar-otimistas-mas-obviamente-cautelosos-contiservice\\\/\"]}]},{\"@type\":\"ImageObject\",\"inLanguage\":\"pt-PT\",\"@id\":\"https:\\\/\\\/jornaldasoficinas.com\\\/pt\\\/temos-que-estar-otimistas-mas-obviamente-cautelosos-contiservice\\\/#primaryimage\",\"url\":\"https:\\\/\\\/jornaldasoficinas.com\\\/pt\\\/wp-content\\\/uploads\\\/2021\\\/05\\\/Sandra_Melo_-Contiservice.jpeg\",\"contentUrl\":\"https:\\\/\\\/jornaldasoficinas.com\\\/pt\\\/wp-content\\\/uploads\\\/2021\\\/05\\\/Sandra_Melo_-Contiservice.jpeg\",\"width\":1024,\"height\":581,\"caption\":\"05 - Sandra_Melo_-Contiservice\"},{\"@type\":\"BreadcrumbList\",\"@id\":\"https:\\\/\\\/jornaldasoficinas.com\\\/pt\\\/temos-que-estar-otimistas-mas-obviamente-cautelosos-contiservice\\\/#breadcrumb\",\"itemListElement\":[{\"@type\":\"ListItem\",\"position\":1,\"name\":\"In\u00edcio\",\"item\":\"https:\\\/\\\/jornaldasoficinas.com\\\/pt\\\/\"},{\"@type\":\"ListItem\",\"position\":2,\"name\":\"\u201cTemos que estar otimistas, mas obviamente cautelosos\u201d, ContiService\u00a0\"}]},{\"@type\":\"WebSite\",\"@id\":\"https:\\\/\\\/jornaldasoficinas.com\\\/pt\\\/#website\",\"url\":\"https:\\\/\\\/jornaldasoficinas.com\\\/pt\\\/\",\"name\":\"Jornal das Oficinas\",\"description\":\"Jornal independente do Aftermarket Autom\u00f3vel em Portugal\",\"publisher\":{\"@id\":\"https:\\\/\\\/jornaldasoficinas.com\\\/pt\\\/#organization\"},\"potentialAction\":[{\"@type\":\"SearchAction\",\"target\":{\"@type\":\"EntryPoint\",\"urlTemplate\":\"https:\\\/\\\/jornaldasoficinas.com\\\/pt\\\/?s={search_term_string}\"},\"query-input\":{\"@type\":\"PropertyValueSpecification\",\"valueRequired\":true,\"valueName\":\"search_term_string\"}}],\"inLanguage\":\"pt-PT\"},{\"@type\":\"Organization\",\"@id\":\"https:\\\/\\\/jornaldasoficinas.com\\\/pt\\\/#organization\",\"name\":\"Jornal das Oficinas\",\"url\":\"https:\\\/\\\/jornaldasoficinas.com\\\/pt\\\/\",\"logo\":{\"@type\":\"ImageObject\",\"inLanguage\":\"pt-PT\",\"@id\":\"https:\\\/\\\/jornaldasoficinas.com\\\/pt\\\/#\\\/schema\\\/logo\\\/image\\\/\",\"url\":\"https:\\\/\\\/jornaldasoficinas.com\\\/pt\\\/wp-content\\\/uploads\\\/logoJO-SEO.png\",\"contentUrl\":\"https:\\\/\\\/jornaldasoficinas.com\\\/pt\\\/wp-content\\\/uploads\\\/logoJO-SEO.png\",\"width\":285,\"height\":450,\"caption\":\"Jornal das Oficinas\"},\"image\":{\"@id\":\"https:\\\/\\\/jornaldasoficinas.com\\\/pt\\\/#\\\/schema\\\/logo\\\/image\\\/\"},\"sameAs\":[\"https:\\\/\\\/www.facebook.com\\\/jornaloficinas\",\"https:\\\/\\\/x.com\\\/jornaloficinas\",\"https:\\\/\\\/www.instagram.com\\\/jornal_oficinas\\\/\",\"https:\\\/\\\/www.linkedin.com\\\/company\\\/jornal-das-oficinas\\\/\",\"https:\\\/\\\/www.youtube.com\\\/channel\\\/UCbQZBqtcvV-oSQrr7RzINGg\"]},{\"@type\":\"Person\",\"@id\":\"https:\\\/\\\/jornaldasoficinas.com\\\/pt\\\/#\\\/schema\\\/person\\\/a38eef5de2c41d9e7c9ac10141afddf3\",\"name\":\"Reda\u00e7\u00e3o JO\",\"image\":{\"@type\":\"ImageObject\",\"inLanguage\":\"pt-PT\",\"@id\":\"https:\\\/\\\/secure.gravatar.com\\\/avatar\\\/71f2fa71737ad68a84fea94bc708ddac8ea5b0c4788dc2ad202f3ccb2887742f?s=96&d=wp_user_avatar&r=g\",\"url\":\"https:\\\/\\\/secure.gravatar.com\\\/avatar\\\/71f2fa71737ad68a84fea94bc708ddac8ea5b0c4788dc2ad202f3ccb2887742f?s=96&d=wp_user_avatar&r=g\",\"contentUrl\":\"https:\\\/\\\/secure.gravatar.com\\\/avatar\\\/71f2fa71737ad68a84fea94bc708ddac8ea5b0c4788dc2ad202f3ccb2887742f?s=96&d=wp_user_avatar&r=g\",\"caption\":\"Reda\u00e7\u00e3o JO\"},\"url\":\"https:\\\/\\\/jornaldasoficinas.com\\\/pt\\\/author\\\/joredacao\\\/\"}]}<\/script>\n<!-- \/ Yoast SEO plugin. -->","yoast_head_json":{"title":"\u201cTemos que estar otimistas, mas obviamente cautelosos\u201d, ContiService\u00a0 - Jornal das Oficinas","description":"Sandra Melo, respons\u00e1vel da rede ContiService, afirma estar confiante que com o retomar de \u201calguma normalidade\u201d.","robots":{"index":"index","follow":"follow","max-snippet":"max-snippet:-1","max-image-preview":"max-image-preview:large","max-video-preview":"max-video-preview:-1"},"canonical":"https:\/\/jornaldasoficinas.com\/pt\/temos-que-estar-otimistas-mas-obviamente-cautelosos-contiservice\/","og_locale":"pt_PT","og_type":"article","og_title":"\u201cTemos que estar otimistas, mas obviamente cautelosos\u201d, ContiService\u00a0 - Jornal das Oficinas","og_description":"Sandra Melo, respons\u00e1vel da rede ContiService, afirma estar confiante que com o retomar de \u201calguma normalidade\u201d.","og_url":"https:\/\/jornaldasoficinas.com\/pt\/temos-que-estar-otimistas-mas-obviamente-cautelosos-contiservice\/","og_site_name":"Jornal das Oficinas","article_publisher":"https:\/\/www.facebook.com\/jornaloficinas","article_published_time":"2021-05-05T18:00:12+00:00","og_image":[{"width":1024,"height":581,"url":"https:\/\/jornaldasoficinas.com\/pt\/wp-content\/uploads\/2021\/05\/Sandra_Melo_-Contiservice.jpeg","type":"image\/jpeg"}],"author":"Reda\u00e7\u00e3o JO","twitter_card":"summary_large_image","twitter_creator":"@jornaloficinas","twitter_site":"@jornaloficinas","twitter_misc":{"Escrito por":"Reda\u00e7\u00e3o JO","Tempo estimado de leitura":"3 minutos"},"schema":{"@context":"https:\/\/schema.org","@graph":[{"@type":"Article","@id":"https:\/\/jornaldasoficinas.com\/pt\/temos-que-estar-otimistas-mas-obviamente-cautelosos-contiservice\/#article","isPartOf":{"@id":"https:\/\/jornaldasoficinas.com\/pt\/temos-que-estar-otimistas-mas-obviamente-cautelosos-contiservice\/"},"author":{"name":"Reda\u00e7\u00e3o JO","@id":"https:\/\/jornaldasoficinas.com\/pt\/#\/schema\/person\/a38eef5de2c41d9e7c9ac10141afddf3"},"headline":"\u201cTemos que estar otimistas, mas obviamente cautelosos\u201d, ContiService\u00a0","datePublished":"2021-05-05T18:00:12+00:00","mainEntityOfPage":{"@id":"https:\/\/jornaldasoficinas.com\/pt\/temos-que-estar-otimistas-mas-obviamente-cautelosos-contiservice\/"},"wordCount":719,"publisher":{"@id":"https:\/\/jornaldasoficinas.com\/pt\/#organization"},"image":{"@id":"https:\/\/jornaldasoficinas.com\/pt\/temos-que-estar-otimistas-mas-obviamente-cautelosos-contiservice\/#primaryimage"},"thumbnailUrl":"https:\/\/jornaldasoficinas.com\/pt\/wp-content\/uploads\/2021\/05\/Sandra_Melo_-Contiservice.jpeg","keywords":["Contiservice"],"articleSection":["Entrevistas"],"inLanguage":"pt-PT"},{"@type":"WebPage","@id":"https:\/\/jornaldasoficinas.com\/pt\/temos-que-estar-otimistas-mas-obviamente-cautelosos-contiservice\/","url":"https:\/\/jornaldasoficinas.com\/pt\/temos-que-estar-otimistas-mas-obviamente-cautelosos-contiservice\/","name":"\u201cTemos que estar otimistas, mas obviamente cautelosos\u201d, ContiService\u00a0 - Jornal das Oficinas","isPartOf":{"@id":"https:\/\/jornaldasoficinas.com\/pt\/#website"},"primaryImageOfPage":{"@id":"https:\/\/jornaldasoficinas.com\/pt\/temos-que-estar-otimistas-mas-obviamente-cautelosos-contiservice\/#primaryimage"},"image":{"@id":"https:\/\/jornaldasoficinas.com\/pt\/temos-que-estar-otimistas-mas-obviamente-cautelosos-contiservice\/#primaryimage"},"thumbnailUrl":"https:\/\/jornaldasoficinas.com\/pt\/wp-content\/uploads\/2021\/05\/Sandra_Melo_-Contiservice.jpeg","datePublished":"2021-05-05T18:00:12+00:00","description":"Sandra Melo, respons\u00e1vel da rede ContiService, afirma estar confiante que com o retomar de \u201calguma normalidade\u201d.","breadcrumb":{"@id":"https:\/\/jornaldasoficinas.com\/pt\/temos-que-estar-otimistas-mas-obviamente-cautelosos-contiservice\/#breadcrumb"},"inLanguage":"pt-PT","potentialAction":[{"@type":"ReadAction","target":["https:\/\/jornaldasoficinas.com\/pt\/temos-que-estar-otimistas-mas-obviamente-cautelosos-contiservice\/"]}]},{"@type":"ImageObject","inLanguage":"pt-PT","@id":"https:\/\/jornaldasoficinas.com\/pt\/temos-que-estar-otimistas-mas-obviamente-cautelosos-contiservice\/#primaryimage","url":"https:\/\/jornaldasoficinas.com\/pt\/wp-content\/uploads\/2021\/05\/Sandra_Melo_-Contiservice.jpeg","contentUrl":"https:\/\/jornaldasoficinas.com\/pt\/wp-content\/uploads\/2021\/05\/Sandra_Melo_-Contiservice.jpeg","width":1024,"height":581,"caption":"05 - Sandra_Melo_-Contiservice"},{"@type":"BreadcrumbList","@id":"https:\/\/jornaldasoficinas.com\/pt\/temos-que-estar-otimistas-mas-obviamente-cautelosos-contiservice\/#breadcrumb","itemListElement":[{"@type":"ListItem","position":1,"name":"In\u00edcio","item":"https:\/\/jornaldasoficinas.com\/pt\/"},{"@type":"ListItem","position":2,"name":"\u201cTemos que estar otimistas, mas obviamente cautelosos\u201d, ContiService\u00a0"}]},{"@type":"WebSite","@id":"https:\/\/jornaldasoficinas.com\/pt\/#website","url":"https:\/\/jornaldasoficinas.com\/pt\/","name":"Jornal das Oficinas","description":"Jornal independente do Aftermarket Autom\u00f3vel em Portugal","publisher":{"@id":"https:\/\/jornaldasoficinas.com\/pt\/#organization"},"potentialAction":[{"@type":"SearchAction","target":{"@type":"EntryPoint","urlTemplate":"https:\/\/jornaldasoficinas.com\/pt\/?s={search_term_string}"},"query-input":{"@type":"PropertyValueSpecification","valueRequired":true,"valueName":"search_term_string"}}],"inLanguage":"pt-PT"},{"@type":"Organization","@id":"https:\/\/jornaldasoficinas.com\/pt\/#organization","name":"Jornal das Oficinas","url":"https:\/\/jornaldasoficinas.com\/pt\/","logo":{"@type":"ImageObject","inLanguage":"pt-PT","@id":"https:\/\/jornaldasoficinas.com\/pt\/#\/schema\/logo\/image\/","url":"https:\/\/jornaldasoficinas.com\/pt\/wp-content\/uploads\/logoJO-SEO.png","contentUrl":"https:\/\/jornaldasoficinas.com\/pt\/wp-content\/uploads\/logoJO-SEO.png","width":285,"height":450,"caption":"Jornal das Oficinas"},"image":{"@id":"https:\/\/jornaldasoficinas.com\/pt\/#\/schema\/logo\/image\/"},"sameAs":["https:\/\/www.facebook.com\/jornaloficinas","https:\/\/x.com\/jornaloficinas","https:\/\/www.instagram.com\/jornal_oficinas\/","https:\/\/www.linkedin.com\/company\/jornal-das-oficinas\/","https:\/\/www.youtube.com\/channel\/UCbQZBqtcvV-oSQrr7RzINGg"]},{"@type":"Person","@id":"https:\/\/jornaldasoficinas.com\/pt\/#\/schema\/person\/a38eef5de2c41d9e7c9ac10141afddf3","name":"Reda\u00e7\u00e3o JO","image":{"@type":"ImageObject","inLanguage":"pt-PT","@id":"https:\/\/secure.gravatar.com\/avatar\/71f2fa71737ad68a84fea94bc708ddac8ea5b0c4788dc2ad202f3ccb2887742f?s=96&d=wp_user_avatar&r=g","url":"https:\/\/secure.gravatar.com\/avatar\/71f2fa71737ad68a84fea94bc708ddac8ea5b0c4788dc2ad202f3ccb2887742f?s=96&d=wp_user_avatar&r=g","contentUrl":"https:\/\/secure.gravatar.com\/avatar\/71f2fa71737ad68a84fea94bc708ddac8ea5b0c4788dc2ad202f3ccb2887742f?s=96&d=wp_user_avatar&r=g","caption":"Reda\u00e7\u00e3o JO"},"url":"https:\/\/jornaldasoficinas.com\/pt\/author\/joredacao\/"}]}},"_links":{"self":[{"href":"https:\/\/jornaldasoficinas.com\/pt\/wp-json\/wp\/v2\/posts\/20952","targetHints":{"allow":["GET"]}}],"collection":[{"href":"https:\/\/jornaldasoficinas.com\/pt\/wp-json\/wp\/v2\/posts"}],"about":[{"href":"https:\/\/jornaldasoficinas.com\/pt\/wp-json\/wp\/v2\/types\/post"}],"author":[{"embeddable":true,"href":"https:\/\/jornaldasoficinas.com\/pt\/wp-json\/wp\/v2\/users\/15"}],"replies":[{"embeddable":true,"href":"https:\/\/jornaldasoficinas.com\/pt\/wp-json\/wp\/v2\/comments?post=20952"}],"version-history":[{"count":0,"href":"https:\/\/jornaldasoficinas.com\/pt\/wp-json\/wp\/v2\/posts\/20952\/revisions"}],"wp:featuredmedia":[{"embeddable":true,"href":"https:\/\/jornaldasoficinas.com\/pt\/wp-json\/wp\/v2\/media\/20941"}],"wp:attachment":[{"href":"https:\/\/jornaldasoficinas.com\/pt\/wp-json\/wp\/v2\/media?parent=20952"}],"wp:term":[{"taxonomy":"category","embeddable":true,"href":"https:\/\/jornaldasoficinas.com\/pt\/wp-json\/wp\/v2\/categories?post=20952"},{"taxonomy":"post_tag","embeddable":true,"href":"https:\/\/jornaldasoficinas.com\/pt\/wp-json\/wp\/v2\/tags?post=20952"}],"curies":[{"name":"wp","href":"https:\/\/api.w.org\/{rel}","templated":true}]}}