{"id":20972,"date":"2021-05-06T10:00:32","date_gmt":"2021-05-06T09:00:32","guid":{"rendered":"https:\/\/jornaldasoficinas.com\/pt\/?p=20972"},"modified":"2021-05-06T10:54:10","modified_gmt":"2021-05-06T09:54:10","slug":"edp-bp-e-brisa-inauguram-primeiro-carregador-ultrarrapido-na-a1","status":"publish","type":"post","link":"https:\/\/jornaldasoficinas.com\/pt\/edp-bp-e-brisa-inauguram-primeiro-carregador-ultrarrapido-na-a1\/","title":{"rendered":"EDP, bp e Brisa inauguram carregador ultrarr\u00e1pido na A1"},"content":{"rendered":"<p><strong><img loading=\"lazy\" decoding=\"async\" class=\"alignnone wp-image-20920 size-full\" src=\"https:\/\/jornaldasoficinas.com\/pt\/wp-content\/uploads\/2021\/05\/EDP-bp-e-Brisa.jpg\" alt=\"05 - EDP-bp-e-Brisa\" width=\"1024\" height=\"581\" srcset=\"https:\/\/jornaldasoficinas.com\/pt\/wp-content\/uploads\/2021\/05\/EDP-bp-e-Brisa.jpg 1024w, https:\/\/jornaldasoficinas.com\/pt\/wp-content\/uploads\/2021\/05\/EDP-bp-e-Brisa-300x170.jpg 300w, https:\/\/jornaldasoficinas.com\/pt\/wp-content\/uploads\/2021\/05\/EDP-bp-e-Brisa-150x85.jpg 150w, https:\/\/jornaldasoficinas.com\/pt\/wp-content\/uploads\/2021\/05\/EDP-bp-e-Brisa-768x436.jpg 768w\" sizes=\"auto, (max-width: 1024px) 100vw, 1024px\" \/><\/strong><\/p>\n<p><strong>\u00c1rea de Servi\u00e7o Santar\u00e9m Norte\/Sul recebe o primeiro carregador ultrarr\u00e1pido da A1 &#8211; Autoestrada do Norte que permite carregamentos em poucos minutos. Parceria entre as empresas vai facilitar mobilidade el\u00e9trica nas autoestradas nacionais.<\/strong><\/p>\n<p>J\u00e1 est\u00e3o operacionais na A1 \u2013 Autoestrada do Norte \u2013 os primeiros dois pontos de carregamento r\u00e1pido e ultrarr\u00e1pido da parceria entre a <a href=\"https:\/\/www.bp.com\/pt_pt\/portugal\/home.html\" target=\"_blank\" rel=\"noopener\">bp<\/a>, a <a href=\"https:\/\/www.brisa.pt\/pt\/\" target=\"_blank\" rel=\"noopener\">Brisa<\/a> e a <a href=\"https:\/\/www.edp.com\/pt-pt\" target=\"_blank\" rel=\"noopener\">EDP Comercial<\/a>, no \u00e2mbito da rede Via Verde Electric. Os carregadores foram instalados na \u00c1rea de Servi\u00e7o de Santar\u00e9m, no sentido Norte\/Sul, uma localiza\u00e7\u00e3o estrat\u00e9gica entre as duas principais cidades do pa\u00eds, Lisboa e Porto. Os equipamentos escolhidos s\u00e3o dos mais modernos e inovadores do mercado.<\/p>\n<p>\u00c9 agora mais f\u00e1cil, c\u00f3modo e previs\u00edvel para os utilizadores de mobilidade el\u00e9trica percorrerem longas dist\u00e2ncias, fora dos centros urbanos. Com o carregador ultrarr\u00e1pido, de 150kW, \u00e9 poss\u00edvel carregar o equivalente a 100 quil\u00f3metros de autonomia em menos de dez minutos, diminuindo de forma significativa o tempo de paragem. Este \u00e9 o primeiro carregador ultrarr\u00e1pido da bp e da EDP em Portugal. \u00c9 tamb\u00e9m o primeiro desta autoestrada, onde em 2020 passaram em m\u00e9dia 26 mil ve\u00edculos por dia. Foi tamb\u00e9m instalado um carregador r\u00e1pido, de 50kW, que permite o carregamento simult\u00e2neo de duas viaturas, em AC e DC.<\/p>\n<p>At\u00e9 ao final do ano, a bp, a Brisa e a EDP Comercial esperam equipar mais quatro \u00e1reas de servi\u00e7o com carregadores r\u00e1pidos e ultrarr\u00e1pidos, na A1 e na A2, assegurando desta forma que h\u00e1 mais e melhores op\u00e7\u00f5es de carregamento el\u00e9trico a Norte e a Sul, em dois dos principais eixos rodovi\u00e1rios. Todos os equipamentos estar\u00e3o ligados \u00e0 rede p\u00fablica MOBI.E. Com a utiliza\u00e7\u00e3o do Cart\u00e3o Mobilidade El\u00e9trica EDP, os clientes da empresa com contrato de eletricidade ter\u00e3o 25% de desconto no carregamento at\u00e9 ao final de junho.<\/p>\n<p>Os espa\u00e7os destinados \u00e0 mobilidade el\u00e9trica estar\u00e3o devidamente identificados junto \u00e0s \u00e1reas de servi\u00e7o <a href=\"https:\/\/www.viaverde.pt\/particulares\/viagens-vantagens\/vantagens\/areas-de-servico-colibri\" target=\"_blank\" rel=\"noopener\">Colibri<\/a>, fazendo parte da Via Verde Electric, a nova rede de pontos de carregamento r\u00e1pidos e ultrarr\u00e1pidos que a Brisa est\u00e1 a implementar nas suas autoestradas. Este conceito junta os principais players do setor num esfor\u00e7o coletivo pela evolu\u00e7\u00e3o do carregamento p\u00fablico em Portugal e ser\u00e1 um passo fundamental na descarboniza\u00e7\u00e3o do pa\u00eds. \u00c9 atrav\u00e9s de parcerias como esta, que envolvem empresas de diferentes setores num objetivo comum, que ser\u00e1 poss\u00edvel oferecer mais op\u00e7\u00f5es de carregamento, em localiza\u00e7\u00f5es cada vez mais diversas e abrangentes, um contributo essencial para a mobilidade el\u00e9trica.<\/p>\n<p><strong>Acelera\u00e7\u00e3o da mobilidade el\u00e9trica<br \/>\n<\/strong>A inaugura\u00e7\u00e3o destes pontos de carregamento constitui um marco importante na pol\u00edtica de sustentabilidade da bp, que tem vindo a trabalhar para criar solu\u00e7\u00f5es energ\u00e9ticas alternativas ou produtos com consumos mais eficientes, com vista \u00e0 redu\u00e7\u00e3o das emiss\u00f5es de carbono. A bp trabalha diariamente para evoluir no seu prop\u00f3sito de \u201cre-imaginar\u201d a energia para as pessoas e para o planeta, como parte da jornada #bpNetZero. Em Portugal h\u00e1 92 anos, a bp \u00e9 hoje uma empresa integrada de energia focada no fornecimento de solu\u00e7\u00f5es para os clientes e tem como compromisso tornar-se numa empresa com zero emiss\u00f5es l\u00edquidas de carbono at\u00e9 2050 ou antes e ajudar o mundo a atingir o mesmo objetivo.<\/p>\n<p>A rede Via Verde Eletric \u00e9 a resposta da Brisa \u00e0 necessidade de acelerar a descarboniza\u00e7\u00e3o do tr\u00e1fego rodovi\u00e1rio, atrav\u00e9s da facilita\u00e7\u00e3o da mobilidade el\u00e9trica. At\u00e9 ao final de 2021, com a bp e a EDP, e com os restantes parceiros da Via Verde Electric, todas as autoestradas da Brisa estar\u00e3o servidas por um total de 82 postos de carregamento r\u00e1pido e ultrarr\u00e1pido (dos 50kW aos 350kW), instalados em 40 \u00e1reas de servi\u00e7o. At\u00e9 ao ver\u00e3o deste ano, j\u00e1 ser\u00e1 poss\u00edvel atravessar por autoestrada o pa\u00eds, de norte a sul, num carro el\u00e9trico, com total seguran\u00e7a e conforto de carregamento. A Brisa tem como objetivo atingir a neutralidade carb\u00f3nica at\u00e9 2045.<\/p>\n<p>L\u00edder na escolha dos clientes para carregamentos na via p\u00fablica, a EDP Comercial j\u00e1 emitiu mais de 25 mil cart\u00f5es para utiliza\u00e7\u00e3o na rede MOBI.E, que j\u00e1 foram utilizados para fazer mais de 140 mil carregamentos, evitando a emiss\u00e3o de 1.200 toneladas de CO2 para o planeta. Enquanto Operador de Postos de Carregamento, a EDP Comercial foi tamb\u00e9m a empresa que mais cresceu em 2020. Para 2021, a empresa quer ter mais de 1.000 pontos de carregamentos em todo o pa\u00eds e continuar a desenvolver as melhores solu\u00e7\u00f5es tamb\u00e9m para o carregamento privado em moradias, condom\u00ednios e empresas.<\/p>\n","protected":false},"excerpt":{"rendered":"<p>\u00c1rea de Servi\u00e7o Santar\u00e9m Norte\/Sul recebe&#8230;<\/p>\n","protected":false},"author":15,"featured_media":20920,"comment_status":"closed","ping_status":"closed","sticky":false,"template":"","format":"standard","meta":{"footnotes":""},"categories":[37],"tags":[2352,715],"class_list":["post-20972","post","type-post","status-publish","format-standard","has-post-thumbnail","hentry","category-mercado","tag-bp","tag-brisa"],"yoast_head":"<!-- This site is optimized with the Yoast SEO plugin v27.5 - https:\/\/yoast.com\/product\/yoast-seo-wordpress\/ -->\n<title>EDP, bp e Brisa inauguram carregador ultrarr\u00e1pido na A1 - Jornal das Oficinas<\/title>\n<meta name=\"description\" content=\"\u00c1rea de Servi\u00e7o Santar\u00e9m Norte\/Sul recebe o primeiro carregador ultrarr\u00e1pido da A1 que permite carregamentos em poucos minutos\" \/>\n<meta name=\"robots\" content=\"index, follow, max-snippet:-1, max-image-preview:large, max-video-preview:-1\" \/>\n<link rel=\"canonical\" href=\"https:\/\/jornaldasoficinas.com\/pt\/edp-bp-e-brisa-inauguram-primeiro-carregador-ultrarrapido-na-a1\/\" \/>\n<meta property=\"og:locale\" content=\"pt_PT\" \/>\n<meta property=\"og:type\" content=\"article\" \/>\n<meta property=\"og:title\" content=\"EDP, bp e Brisa inauguram carregador ultrarr\u00e1pido na A1 - Jornal das Oficinas\" \/>\n<meta property=\"og:description\" content=\"\u00c1rea de Servi\u00e7o Santar\u00e9m Norte\/Sul recebe o primeiro carregador ultrarr\u00e1pido da A1 que permite carregamentos em poucos minutos\" \/>\n<meta property=\"og:url\" content=\"https:\/\/jornaldasoficinas.com\/pt\/edp-bp-e-brisa-inauguram-primeiro-carregador-ultrarrapido-na-a1\/\" \/>\n<meta property=\"og:site_name\" content=\"Jornal das Oficinas\" \/>\n<meta property=\"article:publisher\" content=\"https:\/\/www.facebook.com\/jornaloficinas\" \/>\n<meta property=\"article:published_time\" content=\"2021-05-06T09:00:32+00:00\" \/>\n<meta property=\"article:modified_time\" content=\"2021-05-06T09:54:10+00:00\" \/>\n<meta property=\"og:image\" content=\"https:\/\/jornaldasoficinas.com\/pt\/wp-content\/uploads\/2021\/05\/EDP-bp-e-Brisa.jpg\" \/>\n\t<meta property=\"og:image:width\" content=\"1024\" \/>\n\t<meta property=\"og:image:height\" content=\"581\" \/>\n\t<meta property=\"og:image:type\" content=\"image\/jpeg\" \/>\n<meta name=\"author\" content=\"Reda\u00e7\u00e3o JO\" \/>\n<meta name=\"twitter:card\" content=\"summary_large_image\" \/>\n<meta name=\"twitter:creator\" content=\"@jornaloficinas\" \/>\n<meta name=\"twitter:site\" content=\"@jornaloficinas\" \/>\n<meta name=\"twitter:label1\" content=\"Escrito por\" \/>\n\t<meta name=\"twitter:data1\" content=\"Reda\u00e7\u00e3o JO\" \/>\n\t<meta name=\"twitter:label2\" content=\"Tempo estimado de leitura\" \/>\n\t<meta name=\"twitter:data2\" content=\"4 minutos\" \/>\n<script type=\"application\/ld+json\" class=\"yoast-schema-graph\">{\"@context\":\"https:\\\/\\\/schema.org\",\"@graph\":[{\"@type\":\"Article\",\"@id\":\"https:\\\/\\\/jornaldasoficinas.com\\\/pt\\\/edp-bp-e-brisa-inauguram-primeiro-carregador-ultrarrapido-na-a1\\\/#article\",\"isPartOf\":{\"@id\":\"https:\\\/\\\/jornaldasoficinas.com\\\/pt\\\/edp-bp-e-brisa-inauguram-primeiro-carregador-ultrarrapido-na-a1\\\/\"},\"author\":{\"name\":\"Reda\u00e7\u00e3o JO\",\"@id\":\"https:\\\/\\\/jornaldasoficinas.com\\\/pt\\\/#\\\/schema\\\/person\\\/a38eef5de2c41d9e7c9ac10141afddf3\"},\"headline\":\"EDP, bp e Brisa inauguram carregador ultrarr\u00e1pido na A1\",\"datePublished\":\"2021-05-06T09:00:32+00:00\",\"dateModified\":\"2021-05-06T09:54:10+00:00\",\"mainEntityOfPage\":{\"@id\":\"https:\\\/\\\/jornaldasoficinas.com\\\/pt\\\/edp-bp-e-brisa-inauguram-primeiro-carregador-ultrarrapido-na-a1\\\/\"},\"wordCount\":805,\"publisher\":{\"@id\":\"https:\\\/\\\/jornaldasoficinas.com\\\/pt\\\/#organization\"},\"image\":{\"@id\":\"https:\\\/\\\/jornaldasoficinas.com\\\/pt\\\/edp-bp-e-brisa-inauguram-primeiro-carregador-ultrarrapido-na-a1\\\/#primaryimage\"},\"thumbnailUrl\":\"https:\\\/\\\/jornaldasoficinas.com\\\/pt\\\/wp-content\\\/uploads\\\/2021\\\/05\\\/EDP-bp-e-Brisa.jpg\",\"keywords\":[\"bp\",\"brisa\"],\"articleSection\":[\"Mercado\"],\"inLanguage\":\"pt-PT\"},{\"@type\":\"WebPage\",\"@id\":\"https:\\\/\\\/jornaldasoficinas.com\\\/pt\\\/edp-bp-e-brisa-inauguram-primeiro-carregador-ultrarrapido-na-a1\\\/\",\"url\":\"https:\\\/\\\/jornaldasoficinas.com\\\/pt\\\/edp-bp-e-brisa-inauguram-primeiro-carregador-ultrarrapido-na-a1\\\/\",\"name\":\"EDP, bp e Brisa inauguram carregador ultrarr\u00e1pido na A1 - Jornal das Oficinas\",\"isPartOf\":{\"@id\":\"https:\\\/\\\/jornaldasoficinas.com\\\/pt\\\/#website\"},\"primaryImageOfPage\":{\"@id\":\"https:\\\/\\\/jornaldasoficinas.com\\\/pt\\\/edp-bp-e-brisa-inauguram-primeiro-carregador-ultrarrapido-na-a1\\\/#primaryimage\"},\"image\":{\"@id\":\"https:\\\/\\\/jornaldasoficinas.com\\\/pt\\\/edp-bp-e-brisa-inauguram-primeiro-carregador-ultrarrapido-na-a1\\\/#primaryimage\"},\"thumbnailUrl\":\"https:\\\/\\\/jornaldasoficinas.com\\\/pt\\\/wp-content\\\/uploads\\\/2021\\\/05\\\/EDP-bp-e-Brisa.jpg\",\"datePublished\":\"2021-05-06T09:00:32+00:00\",\"dateModified\":\"2021-05-06T09:54:10+00:00\",\"description\":\"\u00c1rea de Servi\u00e7o Santar\u00e9m Norte\\\/Sul recebe o primeiro carregador ultrarr\u00e1pido da A1 que permite carregamentos em poucos minutos\",\"breadcrumb\":{\"@id\":\"https:\\\/\\\/jornaldasoficinas.com\\\/pt\\\/edp-bp-e-brisa-inauguram-primeiro-carregador-ultrarrapido-na-a1\\\/#breadcrumb\"},\"inLanguage\":\"pt-PT\",\"potentialAction\":[{\"@type\":\"ReadAction\",\"target\":[\"https:\\\/\\\/jornaldasoficinas.com\\\/pt\\\/edp-bp-e-brisa-inauguram-primeiro-carregador-ultrarrapido-na-a1\\\/\"]}]},{\"@type\":\"ImageObject\",\"inLanguage\":\"pt-PT\",\"@id\":\"https:\\\/\\\/jornaldasoficinas.com\\\/pt\\\/edp-bp-e-brisa-inauguram-primeiro-carregador-ultrarrapido-na-a1\\\/#primaryimage\",\"url\":\"https:\\\/\\\/jornaldasoficinas.com\\\/pt\\\/wp-content\\\/uploads\\\/2021\\\/05\\\/EDP-bp-e-Brisa.jpg\",\"contentUrl\":\"https:\\\/\\\/jornaldasoficinas.com\\\/pt\\\/wp-content\\\/uploads\\\/2021\\\/05\\\/EDP-bp-e-Brisa.jpg\",\"width\":1024,\"height\":581,\"caption\":\"05 - EDP-bp-e-Brisa\"},{\"@type\":\"BreadcrumbList\",\"@id\":\"https:\\\/\\\/jornaldasoficinas.com\\\/pt\\\/edp-bp-e-brisa-inauguram-primeiro-carregador-ultrarrapido-na-a1\\\/#breadcrumb\",\"itemListElement\":[{\"@type\":\"ListItem\",\"position\":1,\"name\":\"In\u00edcio\",\"item\":\"https:\\\/\\\/jornaldasoficinas.com\\\/pt\\\/\"},{\"@type\":\"ListItem\",\"position\":2,\"name\":\"EDP, bp e Brisa inauguram carregador ultrarr\u00e1pido na A1\"}]},{\"@type\":\"WebSite\",\"@id\":\"https:\\\/\\\/jornaldasoficinas.com\\\/pt\\\/#website\",\"url\":\"https:\\\/\\\/jornaldasoficinas.com\\\/pt\\\/\",\"name\":\"Jornal das Oficinas\",\"description\":\"Jornal independente do Aftermarket Autom\u00f3vel em Portugal\",\"publisher\":{\"@id\":\"https:\\\/\\\/jornaldasoficinas.com\\\/pt\\\/#organization\"},\"potentialAction\":[{\"@type\":\"SearchAction\",\"target\":{\"@type\":\"EntryPoint\",\"urlTemplate\":\"https:\\\/\\\/jornaldasoficinas.com\\\/pt\\\/?s={search_term_string}\"},\"query-input\":{\"@type\":\"PropertyValueSpecification\",\"valueRequired\":true,\"valueName\":\"search_term_string\"}}],\"inLanguage\":\"pt-PT\"},{\"@type\":\"Organization\",\"@id\":\"https:\\\/\\\/jornaldasoficinas.com\\\/pt\\\/#organization\",\"name\":\"Jornal das Oficinas\",\"url\":\"https:\\\/\\\/jornaldasoficinas.com\\\/pt\\\/\",\"logo\":{\"@type\":\"ImageObject\",\"inLanguage\":\"pt-PT\",\"@id\":\"https:\\\/\\\/jornaldasoficinas.com\\\/pt\\\/#\\\/schema\\\/logo\\\/image\\\/\",\"url\":\"https:\\\/\\\/jornaldasoficinas.com\\\/pt\\\/wp-content\\\/uploads\\\/logoJO-SEO.png\",\"contentUrl\":\"https:\\\/\\\/jornaldasoficinas.com\\\/pt\\\/wp-content\\\/uploads\\\/logoJO-SEO.png\",\"width\":285,\"height\":450,\"caption\":\"Jornal das Oficinas\"},\"image\":{\"@id\":\"https:\\\/\\\/jornaldasoficinas.com\\\/pt\\\/#\\\/schema\\\/logo\\\/image\\\/\"},\"sameAs\":[\"https:\\\/\\\/www.facebook.com\\\/jornaloficinas\",\"https:\\\/\\\/x.com\\\/jornaloficinas\",\"https:\\\/\\\/www.instagram.com\\\/jornal_oficinas\\\/\",\"https:\\\/\\\/www.linkedin.com\\\/company\\\/jornal-das-oficinas\\\/\",\"https:\\\/\\\/www.youtube.com\\\/channel\\\/UCbQZBqtcvV-oSQrr7RzINGg\"]},{\"@type\":\"Person\",\"@id\":\"https:\\\/\\\/jornaldasoficinas.com\\\/pt\\\/#\\\/schema\\\/person\\\/a38eef5de2c41d9e7c9ac10141afddf3\",\"name\":\"Reda\u00e7\u00e3o JO\",\"image\":{\"@type\":\"ImageObject\",\"inLanguage\":\"pt-PT\",\"@id\":\"https:\\\/\\\/secure.gravatar.com\\\/avatar\\\/71f2fa71737ad68a84fea94bc708ddac8ea5b0c4788dc2ad202f3ccb2887742f?s=96&d=wp_user_avatar&r=g\",\"url\":\"https:\\\/\\\/secure.gravatar.com\\\/avatar\\\/71f2fa71737ad68a84fea94bc708ddac8ea5b0c4788dc2ad202f3ccb2887742f?s=96&d=wp_user_avatar&r=g\",\"contentUrl\":\"https:\\\/\\\/secure.gravatar.com\\\/avatar\\\/71f2fa71737ad68a84fea94bc708ddac8ea5b0c4788dc2ad202f3ccb2887742f?s=96&d=wp_user_avatar&r=g\",\"caption\":\"Reda\u00e7\u00e3o JO\"},\"url\":\"https:\\\/\\\/jornaldasoficinas.com\\\/pt\\\/author\\\/joredacao\\\/\"}]}<\/script>\n<!-- \/ Yoast SEO plugin. -->","yoast_head_json":{"title":"EDP, bp e Brisa inauguram carregador ultrarr\u00e1pido na A1 - Jornal das Oficinas","description":"\u00c1rea de Servi\u00e7o Santar\u00e9m Norte\/Sul recebe o primeiro carregador ultrarr\u00e1pido da A1 que permite carregamentos em poucos minutos","robots":{"index":"index","follow":"follow","max-snippet":"max-snippet:-1","max-image-preview":"max-image-preview:large","max-video-preview":"max-video-preview:-1"},"canonical":"https:\/\/jornaldasoficinas.com\/pt\/edp-bp-e-brisa-inauguram-primeiro-carregador-ultrarrapido-na-a1\/","og_locale":"pt_PT","og_type":"article","og_title":"EDP, bp e Brisa inauguram carregador ultrarr\u00e1pido na A1 - Jornal das Oficinas","og_description":"\u00c1rea de Servi\u00e7o Santar\u00e9m Norte\/Sul recebe o primeiro carregador ultrarr\u00e1pido da A1 que permite carregamentos em poucos minutos","og_url":"https:\/\/jornaldasoficinas.com\/pt\/edp-bp-e-brisa-inauguram-primeiro-carregador-ultrarrapido-na-a1\/","og_site_name":"Jornal das Oficinas","article_publisher":"https:\/\/www.facebook.com\/jornaloficinas","article_published_time":"2021-05-06T09:00:32+00:00","article_modified_time":"2021-05-06T09:54:10+00:00","og_image":[{"width":1024,"height":581,"url":"https:\/\/jornaldasoficinas.com\/pt\/wp-content\/uploads\/2021\/05\/EDP-bp-e-Brisa.jpg","type":"image\/jpeg"}],"author":"Reda\u00e7\u00e3o JO","twitter_card":"summary_large_image","twitter_creator":"@jornaloficinas","twitter_site":"@jornaloficinas","twitter_misc":{"Escrito por":"Reda\u00e7\u00e3o JO","Tempo estimado de leitura":"4 minutos"},"schema":{"@context":"https:\/\/schema.org","@graph":[{"@type":"Article","@id":"https:\/\/jornaldasoficinas.com\/pt\/edp-bp-e-brisa-inauguram-primeiro-carregador-ultrarrapido-na-a1\/#article","isPartOf":{"@id":"https:\/\/jornaldasoficinas.com\/pt\/edp-bp-e-brisa-inauguram-primeiro-carregador-ultrarrapido-na-a1\/"},"author":{"name":"Reda\u00e7\u00e3o JO","@id":"https:\/\/jornaldasoficinas.com\/pt\/#\/schema\/person\/a38eef5de2c41d9e7c9ac10141afddf3"},"headline":"EDP, bp e Brisa inauguram carregador ultrarr\u00e1pido na A1","datePublished":"2021-05-06T09:00:32+00:00","dateModified":"2021-05-06T09:54:10+00:00","mainEntityOfPage":{"@id":"https:\/\/jornaldasoficinas.com\/pt\/edp-bp-e-brisa-inauguram-primeiro-carregador-ultrarrapido-na-a1\/"},"wordCount":805,"publisher":{"@id":"https:\/\/jornaldasoficinas.com\/pt\/#organization"},"image":{"@id":"https:\/\/jornaldasoficinas.com\/pt\/edp-bp-e-brisa-inauguram-primeiro-carregador-ultrarrapido-na-a1\/#primaryimage"},"thumbnailUrl":"https:\/\/jornaldasoficinas.com\/pt\/wp-content\/uploads\/2021\/05\/EDP-bp-e-Brisa.jpg","keywords":["bp","brisa"],"articleSection":["Mercado"],"inLanguage":"pt-PT"},{"@type":"WebPage","@id":"https:\/\/jornaldasoficinas.com\/pt\/edp-bp-e-brisa-inauguram-primeiro-carregador-ultrarrapido-na-a1\/","url":"https:\/\/jornaldasoficinas.com\/pt\/edp-bp-e-brisa-inauguram-primeiro-carregador-ultrarrapido-na-a1\/","name":"EDP, bp e Brisa inauguram carregador ultrarr\u00e1pido na A1 - Jornal das Oficinas","isPartOf":{"@id":"https:\/\/jornaldasoficinas.com\/pt\/#website"},"primaryImageOfPage":{"@id":"https:\/\/jornaldasoficinas.com\/pt\/edp-bp-e-brisa-inauguram-primeiro-carregador-ultrarrapido-na-a1\/#primaryimage"},"image":{"@id":"https:\/\/jornaldasoficinas.com\/pt\/edp-bp-e-brisa-inauguram-primeiro-carregador-ultrarrapido-na-a1\/#primaryimage"},"thumbnailUrl":"https:\/\/jornaldasoficinas.com\/pt\/wp-content\/uploads\/2021\/05\/EDP-bp-e-Brisa.jpg","datePublished":"2021-05-06T09:00:32+00:00","dateModified":"2021-05-06T09:54:10+00:00","description":"\u00c1rea de Servi\u00e7o Santar\u00e9m Norte\/Sul recebe o primeiro carregador ultrarr\u00e1pido da A1 que permite carregamentos em poucos minutos","breadcrumb":{"@id":"https:\/\/jornaldasoficinas.com\/pt\/edp-bp-e-brisa-inauguram-primeiro-carregador-ultrarrapido-na-a1\/#breadcrumb"},"inLanguage":"pt-PT","potentialAction":[{"@type":"ReadAction","target":["https:\/\/jornaldasoficinas.com\/pt\/edp-bp-e-brisa-inauguram-primeiro-carregador-ultrarrapido-na-a1\/"]}]},{"@type":"ImageObject","inLanguage":"pt-PT","@id":"https:\/\/jornaldasoficinas.com\/pt\/edp-bp-e-brisa-inauguram-primeiro-carregador-ultrarrapido-na-a1\/#primaryimage","url":"https:\/\/jornaldasoficinas.com\/pt\/wp-content\/uploads\/2021\/05\/EDP-bp-e-Brisa.jpg","contentUrl":"https:\/\/jornaldasoficinas.com\/pt\/wp-content\/uploads\/2021\/05\/EDP-bp-e-Brisa.jpg","width":1024,"height":581,"caption":"05 - EDP-bp-e-Brisa"},{"@type":"BreadcrumbList","@id":"https:\/\/jornaldasoficinas.com\/pt\/edp-bp-e-brisa-inauguram-primeiro-carregador-ultrarrapido-na-a1\/#breadcrumb","itemListElement":[{"@type":"ListItem","position":1,"name":"In\u00edcio","item":"https:\/\/jornaldasoficinas.com\/pt\/"},{"@type":"ListItem","position":2,"name":"EDP, bp e Brisa inauguram carregador ultrarr\u00e1pido na A1"}]},{"@type":"WebSite","@id":"https:\/\/jornaldasoficinas.com\/pt\/#website","url":"https:\/\/jornaldasoficinas.com\/pt\/","name":"Jornal das Oficinas","description":"Jornal independente do Aftermarket Autom\u00f3vel em Portugal","publisher":{"@id":"https:\/\/jornaldasoficinas.com\/pt\/#organization"},"potentialAction":[{"@type":"SearchAction","target":{"@type":"EntryPoint","urlTemplate":"https:\/\/jornaldasoficinas.com\/pt\/?s={search_term_string}"},"query-input":{"@type":"PropertyValueSpecification","valueRequired":true,"valueName":"search_term_string"}}],"inLanguage":"pt-PT"},{"@type":"Organization","@id":"https:\/\/jornaldasoficinas.com\/pt\/#organization","name":"Jornal das Oficinas","url":"https:\/\/jornaldasoficinas.com\/pt\/","logo":{"@type":"ImageObject","inLanguage":"pt-PT","@id":"https:\/\/jornaldasoficinas.com\/pt\/#\/schema\/logo\/image\/","url":"https:\/\/jornaldasoficinas.com\/pt\/wp-content\/uploads\/logoJO-SEO.png","contentUrl":"https:\/\/jornaldasoficinas.com\/pt\/wp-content\/uploads\/logoJO-SEO.png","width":285,"height":450,"caption":"Jornal das Oficinas"},"image":{"@id":"https:\/\/jornaldasoficinas.com\/pt\/#\/schema\/logo\/image\/"},"sameAs":["https:\/\/www.facebook.com\/jornaloficinas","https:\/\/x.com\/jornaloficinas","https:\/\/www.instagram.com\/jornal_oficinas\/","https:\/\/www.linkedin.com\/company\/jornal-das-oficinas\/","https:\/\/www.youtube.com\/channel\/UCbQZBqtcvV-oSQrr7RzINGg"]},{"@type":"Person","@id":"https:\/\/jornaldasoficinas.com\/pt\/#\/schema\/person\/a38eef5de2c41d9e7c9ac10141afddf3","name":"Reda\u00e7\u00e3o JO","image":{"@type":"ImageObject","inLanguage":"pt-PT","@id":"https:\/\/secure.gravatar.com\/avatar\/71f2fa71737ad68a84fea94bc708ddac8ea5b0c4788dc2ad202f3ccb2887742f?s=96&d=wp_user_avatar&r=g","url":"https:\/\/secure.gravatar.com\/avatar\/71f2fa71737ad68a84fea94bc708ddac8ea5b0c4788dc2ad202f3ccb2887742f?s=96&d=wp_user_avatar&r=g","contentUrl":"https:\/\/secure.gravatar.com\/avatar\/71f2fa71737ad68a84fea94bc708ddac8ea5b0c4788dc2ad202f3ccb2887742f?s=96&d=wp_user_avatar&r=g","caption":"Reda\u00e7\u00e3o JO"},"url":"https:\/\/jornaldasoficinas.com\/pt\/author\/joredacao\/"}]}},"_links":{"self":[{"href":"https:\/\/jornaldasoficinas.com\/pt\/wp-json\/wp\/v2\/posts\/20972","targetHints":{"allow":["GET"]}}],"collection":[{"href":"https:\/\/jornaldasoficinas.com\/pt\/wp-json\/wp\/v2\/posts"}],"about":[{"href":"https:\/\/jornaldasoficinas.com\/pt\/wp-json\/wp\/v2\/types\/post"}],"author":[{"embeddable":true,"href":"https:\/\/jornaldasoficinas.com\/pt\/wp-json\/wp\/v2\/users\/15"}],"replies":[{"embeddable":true,"href":"https:\/\/jornaldasoficinas.com\/pt\/wp-json\/wp\/v2\/comments?post=20972"}],"version-history":[{"count":0,"href":"https:\/\/jornaldasoficinas.com\/pt\/wp-json\/wp\/v2\/posts\/20972\/revisions"}],"wp:featuredmedia":[{"embeddable":true,"href":"https:\/\/jornaldasoficinas.com\/pt\/wp-json\/wp\/v2\/media\/20920"}],"wp:attachment":[{"href":"https:\/\/jornaldasoficinas.com\/pt\/wp-json\/wp\/v2\/media?parent=20972"}],"wp:term":[{"taxonomy":"category","embeddable":true,"href":"https:\/\/jornaldasoficinas.com\/pt\/wp-json\/wp\/v2\/categories?post=20972"},{"taxonomy":"post_tag","embeddable":true,"href":"https:\/\/jornaldasoficinas.com\/pt\/wp-json\/wp\/v2\/tags?post=20972"}],"curies":[{"name":"wp","href":"https:\/\/api.w.org\/{rel}","templated":true}]}}