{"id":20994,"date":"2021-05-06T08:00:37","date_gmt":"2021-05-06T07:00:37","guid":{"rendered":"https:\/\/jornaldasoficinas.com\/pt\/?p=20994"},"modified":"2023-07-19T15:51:04","modified_gmt":"2023-07-19T14:51:04","slug":"automechanika-frankfurt-sera-em-formato-digital-plus","status":"publish","type":"post","link":"https:\/\/jornaldasoficinas.com\/pt\/automechanika-frankfurt-sera-em-formato-digital-plus\/","title":{"rendered":"Automechanika Frankfurt ser\u00e1 em formato \u2018Digital Plus\u2019"},"content":{"rendered":"<p><strong><img loading=\"lazy\" decoding=\"async\" class=\"alignnone wp-image-21000 size-full\" src=\"https:\/\/jornaldasoficinas.com\/pt\/wp-content\/uploads\/2021\/05\/Automechanika-Frankfurt-sera-em-formato-Digital-Plus-1.jpg\" alt=\"05 - Automechanika-Frankfurt-sera-em-formato-Digital-Plus\" width=\"1024\" height=\"581\" srcset=\"https:\/\/jornaldasoficinas.com\/pt\/wp-content\/uploads\/2021\/05\/Automechanika-Frankfurt-sera-em-formato-Digital-Plus-1.jpg 1024w, https:\/\/jornaldasoficinas.com\/pt\/wp-content\/uploads\/2021\/05\/Automechanika-Frankfurt-sera-em-formato-Digital-Plus-1-300x170.jpg 300w, https:\/\/jornaldasoficinas.com\/pt\/wp-content\/uploads\/2021\/05\/Automechanika-Frankfurt-sera-em-formato-Digital-Plus-1-150x85.jpg 150w, https:\/\/jornaldasoficinas.com\/pt\/wp-content\/uploads\/2021\/05\/Automechanika-Frankfurt-sera-em-formato-Digital-Plus-1-768x436.jpg 768w\" sizes=\"auto, (max-width: 1024px) 100vw, 1024px\" \/><\/strong><\/p>\n<p><strong>A Automechanika Frankfurt deste ano, de 14 a 16 de setembro, ser\u00e1 diferente de todas as outras com o seu formato \u2018Digital Plus\u2019 \u00fanico. Al\u00e9m de uma exposi\u00e7\u00e3o f\u00edsica compacta, o foco principal da Automechanika \u00e9 oferecer a todos os participantes a oportunidade de fazer <em>networking<\/em> e apresentar as suas empresas digitalmente<\/strong><\/p>\n<p>A nova oferta, que atualmente est\u00e1 a ser introduzida na ind\u00fastria, reduz ao m\u00ednimo os preparativos para feiras. No pr\u00f3ximo ano, a principal feira comercial internacional retornar\u00e1 ao seu formato familiar no recinto de exposi\u00e7\u00f5es de Frankfurt de 13 a 17 de setembro de 2022.<\/p>\n<p>Os organizadores decidiram mudar o curso em rela\u00e7\u00e3o aos preparativos para a primeira Automechanika h\u00edbrida, pelo menos para a exposi\u00e7\u00e3o f\u00edsica. Detlef Braun, Membro do Conselho Executivo da Messe Frankfurt: \u201cComo resultado das dificuldades cont\u00ednuas colocadas pela pandemia, n\u00e3o seremos capazes de satisfazer as expectativas dos nossos clientes para uma feira comercial internacional l\u00edder em setembro.<\/p>\n<p>O evento n\u00e3o requer apenas aprova\u00e7\u00f5es oficiais, mas tamb\u00e9m deve ser poss\u00edvel viajar para o exterior. No entanto, isso n\u00e3o muda a necessidade da ind\u00fastria automotiva por uma plataforma onde possam fazer neg\u00f3cios este ano. \u00c9 por isso que decidimos modificar o nosso conceito para a Automechanika deste ano: de acordo com o princ\u00edpio &#8216;plug-and-play&#8217;, estamos a oferecer oportunidades para expor e fazer networking pessoalmente no recinto da feira. No pr\u00f3ximo ano, planeamos realizar mais uma vez a Automechanika Frankfurt no seu formato de feira comercial familiar. O evento acontecer\u00e1 de 13 a 17 de setembro de 2022. \u201d<\/p>\n<p>O novo conceito oferece \u00e0s empresas uma variedade de formatos de apresenta\u00e7\u00e3o \u00e0 sua escolha, bem como v\u00e1rias salas de networking onde encontros de neg\u00f3cios pessoais podem ocorrer de acordo com as medidas de prote\u00e7\u00e3o contra o coronav\u00edrus. As empresas que n\u00e3o podem viajar para Frankfurt devido a restri\u00e7\u00f5es de viagens podem apresentar os seus produtos numa plataforma digital, onde tamb\u00e9m se poder\u00e3o encontrar e interagir com os visitantes digitalmente.<\/p>\n<p>No pr\u00f3ximo ano a Automechanika Frankfurt ter\u00e1 lugar de 13 a 17 de Setembro de 2022, ap\u00f3s o que voltar\u00e1 a realizar-se uma vez de dois em dois anos.<\/p>\n","protected":false},"excerpt":{"rendered":"<p>A Automechanika Frankfurt deste ano, de&#8230;<\/p>\n","protected":false},"author":15,"featured_media":21000,"comment_status":"closed","ping_status":"closed","sticky":false,"template":"","format":"standard","meta":{"footnotes":""},"categories":[29],"tags":[1758],"class_list":["post-20994","post","type-post","status-publish","format-standard","has-post-thumbnail","hentry","category-empresas","tag-automechanika"],"yoast_head":"<!-- This site is optimized with the Yoast SEO plugin v27.5 - https:\/\/yoast.com\/product\/yoast-seo-wordpress\/ -->\n<title>Automechanika Frankfurt ser\u00e1 em formato \u2018Digital Plus\u2019 - Jornal das Oficinas<\/title>\n<meta name=\"description\" content=\"A Automechanika Frankfurt deste ano, de 14 a 16 de setembro, ser\u00e1 diferente de todas as outras com o seu formato \u2018Digital Plus\u2019 \u00fanico.\" \/>\n<meta name=\"robots\" content=\"index, follow, max-snippet:-1, max-image-preview:large, max-video-preview:-1\" \/>\n<link rel=\"canonical\" href=\"https:\/\/jornaldasoficinas.com\/pt\/automechanika-frankfurt-sera-em-formato-digital-plus\/\" \/>\n<meta property=\"og:locale\" content=\"pt_PT\" \/>\n<meta property=\"og:type\" content=\"article\" \/>\n<meta property=\"og:title\" content=\"Automechanika Frankfurt ser\u00e1 em formato \u2018Digital Plus\u2019 - Jornal das Oficinas\" \/>\n<meta property=\"og:description\" content=\"A Automechanika Frankfurt deste ano, de 14 a 16 de setembro, ser\u00e1 diferente de todas as outras com o seu formato \u2018Digital Plus\u2019 \u00fanico.\" \/>\n<meta property=\"og:url\" content=\"https:\/\/jornaldasoficinas.com\/pt\/automechanika-frankfurt-sera-em-formato-digital-plus\/\" \/>\n<meta property=\"og:site_name\" content=\"Jornal das Oficinas\" \/>\n<meta property=\"article:publisher\" content=\"https:\/\/www.facebook.com\/jornaloficinas\" \/>\n<meta property=\"article:published_time\" content=\"2021-05-06T07:00:37+00:00\" \/>\n<meta property=\"article:modified_time\" content=\"2023-07-19T14:51:04+00:00\" \/>\n<meta property=\"og:image\" content=\"https:\/\/jornaldasoficinas.com\/pt\/wp-content\/uploads\/2021\/05\/Automechanika-Frankfurt-sera-em-formato-Digital-Plus-1.jpg\" \/>\n\t<meta property=\"og:image:width\" content=\"1024\" \/>\n\t<meta property=\"og:image:height\" content=\"581\" \/>\n\t<meta property=\"og:image:type\" content=\"image\/jpeg\" \/>\n<meta name=\"author\" content=\"Reda\u00e7\u00e3o JO\" \/>\n<meta name=\"twitter:card\" content=\"summary_large_image\" \/>\n<meta name=\"twitter:creator\" content=\"@jornaloficinas\" \/>\n<meta name=\"twitter:site\" content=\"@jornaloficinas\" \/>\n<meta name=\"twitter:label1\" content=\"Escrito por\" \/>\n\t<meta name=\"twitter:data1\" content=\"Reda\u00e7\u00e3o JO\" \/>\n\t<meta name=\"twitter:label2\" content=\"Tempo estimado de leitura\" \/>\n\t<meta name=\"twitter:data2\" content=\"2 minutos\" \/>\n<script type=\"application\/ld+json\" class=\"yoast-schema-graph\">{\"@context\":\"https:\\\/\\\/schema.org\",\"@graph\":[{\"@type\":\"Article\",\"@id\":\"https:\\\/\\\/jornaldasoficinas.com\\\/pt\\\/automechanika-frankfurt-sera-em-formato-digital-plus\\\/#article\",\"isPartOf\":{\"@id\":\"https:\\\/\\\/jornaldasoficinas.com\\\/pt\\\/automechanika-frankfurt-sera-em-formato-digital-plus\\\/\"},\"author\":{\"name\":\"Reda\u00e7\u00e3o JO\",\"@id\":\"https:\\\/\\\/jornaldasoficinas.com\\\/pt\\\/#\\\/schema\\\/person\\\/a38eef5de2c41d9e7c9ac10141afddf3\"},\"headline\":\"Automechanika Frankfurt ser\u00e1 em formato \u2018Digital Plus\u2019\",\"datePublished\":\"2021-05-06T07:00:37+00:00\",\"dateModified\":\"2023-07-19T14:51:04+00:00\",\"mainEntityOfPage\":{\"@id\":\"https:\\\/\\\/jornaldasoficinas.com\\\/pt\\\/automechanika-frankfurt-sera-em-formato-digital-plus\\\/\"},\"wordCount\":377,\"publisher\":{\"@id\":\"https:\\\/\\\/jornaldasoficinas.com\\\/pt\\\/#organization\"},\"image\":{\"@id\":\"https:\\\/\\\/jornaldasoficinas.com\\\/pt\\\/automechanika-frankfurt-sera-em-formato-digital-plus\\\/#primaryimage\"},\"thumbnailUrl\":\"https:\\\/\\\/jornaldasoficinas.com\\\/pt\\\/wp-content\\\/uploads\\\/2021\\\/05\\\/Automechanika-Frankfurt-sera-em-formato-Digital-Plus-1.jpg\",\"keywords\":[\"Automechanika\"],\"articleSection\":[\"Empresas\"],\"inLanguage\":\"pt-PT\"},{\"@type\":\"WebPage\",\"@id\":\"https:\\\/\\\/jornaldasoficinas.com\\\/pt\\\/automechanika-frankfurt-sera-em-formato-digital-plus\\\/\",\"url\":\"https:\\\/\\\/jornaldasoficinas.com\\\/pt\\\/automechanika-frankfurt-sera-em-formato-digital-plus\\\/\",\"name\":\"Automechanika Frankfurt ser\u00e1 em formato \u2018Digital Plus\u2019 - Jornal das Oficinas\",\"isPartOf\":{\"@id\":\"https:\\\/\\\/jornaldasoficinas.com\\\/pt\\\/#website\"},\"primaryImageOfPage\":{\"@id\":\"https:\\\/\\\/jornaldasoficinas.com\\\/pt\\\/automechanika-frankfurt-sera-em-formato-digital-plus\\\/#primaryimage\"},\"image\":{\"@id\":\"https:\\\/\\\/jornaldasoficinas.com\\\/pt\\\/automechanika-frankfurt-sera-em-formato-digital-plus\\\/#primaryimage\"},\"thumbnailUrl\":\"https:\\\/\\\/jornaldasoficinas.com\\\/pt\\\/wp-content\\\/uploads\\\/2021\\\/05\\\/Automechanika-Frankfurt-sera-em-formato-Digital-Plus-1.jpg\",\"datePublished\":\"2021-05-06T07:00:37+00:00\",\"dateModified\":\"2023-07-19T14:51:04+00:00\",\"description\":\"A Automechanika Frankfurt deste ano, de 14 a 16 de setembro, ser\u00e1 diferente de todas as outras com o seu formato \u2018Digital Plus\u2019 \u00fanico.\",\"breadcrumb\":{\"@id\":\"https:\\\/\\\/jornaldasoficinas.com\\\/pt\\\/automechanika-frankfurt-sera-em-formato-digital-plus\\\/#breadcrumb\"},\"inLanguage\":\"pt-PT\",\"potentialAction\":[{\"@type\":\"ReadAction\",\"target\":[\"https:\\\/\\\/jornaldasoficinas.com\\\/pt\\\/automechanika-frankfurt-sera-em-formato-digital-plus\\\/\"]}]},{\"@type\":\"ImageObject\",\"inLanguage\":\"pt-PT\",\"@id\":\"https:\\\/\\\/jornaldasoficinas.com\\\/pt\\\/automechanika-frankfurt-sera-em-formato-digital-plus\\\/#primaryimage\",\"url\":\"https:\\\/\\\/jornaldasoficinas.com\\\/pt\\\/wp-content\\\/uploads\\\/2021\\\/05\\\/Automechanika-Frankfurt-sera-em-formato-Digital-Plus-1.jpg\",\"contentUrl\":\"https:\\\/\\\/jornaldasoficinas.com\\\/pt\\\/wp-content\\\/uploads\\\/2021\\\/05\\\/Automechanika-Frankfurt-sera-em-formato-Digital-Plus-1.jpg\",\"width\":1024,\"height\":581,\"caption\":\"05 - Automechanika-Frankfurt-sera-em-formato-Digital-Plus\"},{\"@type\":\"BreadcrumbList\",\"@id\":\"https:\\\/\\\/jornaldasoficinas.com\\\/pt\\\/automechanika-frankfurt-sera-em-formato-digital-plus\\\/#breadcrumb\",\"itemListElement\":[{\"@type\":\"ListItem\",\"position\":1,\"name\":\"In\u00edcio\",\"item\":\"https:\\\/\\\/jornaldasoficinas.com\\\/pt\\\/\"},{\"@type\":\"ListItem\",\"position\":2,\"name\":\"Automechanika Frankfurt ser\u00e1 em formato \u2018Digital Plus\u2019\"}]},{\"@type\":\"WebSite\",\"@id\":\"https:\\\/\\\/jornaldasoficinas.com\\\/pt\\\/#website\",\"url\":\"https:\\\/\\\/jornaldasoficinas.com\\\/pt\\\/\",\"name\":\"Jornal das Oficinas\",\"description\":\"Jornal independente do Aftermarket Autom\u00f3vel em Portugal\",\"publisher\":{\"@id\":\"https:\\\/\\\/jornaldasoficinas.com\\\/pt\\\/#organization\"},\"potentialAction\":[{\"@type\":\"SearchAction\",\"target\":{\"@type\":\"EntryPoint\",\"urlTemplate\":\"https:\\\/\\\/jornaldasoficinas.com\\\/pt\\\/?s={search_term_string}\"},\"query-input\":{\"@type\":\"PropertyValueSpecification\",\"valueRequired\":true,\"valueName\":\"search_term_string\"}}],\"inLanguage\":\"pt-PT\"},{\"@type\":\"Organization\",\"@id\":\"https:\\\/\\\/jornaldasoficinas.com\\\/pt\\\/#organization\",\"name\":\"Jornal das Oficinas\",\"url\":\"https:\\\/\\\/jornaldasoficinas.com\\\/pt\\\/\",\"logo\":{\"@type\":\"ImageObject\",\"inLanguage\":\"pt-PT\",\"@id\":\"https:\\\/\\\/jornaldasoficinas.com\\\/pt\\\/#\\\/schema\\\/logo\\\/image\\\/\",\"url\":\"https:\\\/\\\/jornaldasoficinas.com\\\/pt\\\/wp-content\\\/uploads\\\/logoJO-SEO.png\",\"contentUrl\":\"https:\\\/\\\/jornaldasoficinas.com\\\/pt\\\/wp-content\\\/uploads\\\/logoJO-SEO.png\",\"width\":285,\"height\":450,\"caption\":\"Jornal das Oficinas\"},\"image\":{\"@id\":\"https:\\\/\\\/jornaldasoficinas.com\\\/pt\\\/#\\\/schema\\\/logo\\\/image\\\/\"},\"sameAs\":[\"https:\\\/\\\/www.facebook.com\\\/jornaloficinas\",\"https:\\\/\\\/x.com\\\/jornaloficinas\",\"https:\\\/\\\/www.instagram.com\\\/jornal_oficinas\\\/\",\"https:\\\/\\\/www.linkedin.com\\\/company\\\/jornal-das-oficinas\\\/\",\"https:\\\/\\\/www.youtube.com\\\/channel\\\/UCbQZBqtcvV-oSQrr7RzINGg\"]},{\"@type\":\"Person\",\"@id\":\"https:\\\/\\\/jornaldasoficinas.com\\\/pt\\\/#\\\/schema\\\/person\\\/a38eef5de2c41d9e7c9ac10141afddf3\",\"name\":\"Reda\u00e7\u00e3o JO\",\"image\":{\"@type\":\"ImageObject\",\"inLanguage\":\"pt-PT\",\"@id\":\"https:\\\/\\\/secure.gravatar.com\\\/avatar\\\/71f2fa71737ad68a84fea94bc708ddac8ea5b0c4788dc2ad202f3ccb2887742f?s=96&d=wp_user_avatar&r=g\",\"url\":\"https:\\\/\\\/secure.gravatar.com\\\/avatar\\\/71f2fa71737ad68a84fea94bc708ddac8ea5b0c4788dc2ad202f3ccb2887742f?s=96&d=wp_user_avatar&r=g\",\"contentUrl\":\"https:\\\/\\\/secure.gravatar.com\\\/avatar\\\/71f2fa71737ad68a84fea94bc708ddac8ea5b0c4788dc2ad202f3ccb2887742f?s=96&d=wp_user_avatar&r=g\",\"caption\":\"Reda\u00e7\u00e3o JO\"},\"url\":\"https:\\\/\\\/jornaldasoficinas.com\\\/pt\\\/author\\\/joredacao\\\/\"}]}<\/script>\n<!-- \/ Yoast SEO plugin. -->","yoast_head_json":{"title":"Automechanika Frankfurt ser\u00e1 em formato \u2018Digital Plus\u2019 - Jornal das Oficinas","description":"A Automechanika Frankfurt deste ano, de 14 a 16 de setembro, ser\u00e1 diferente de todas as outras com o seu formato \u2018Digital Plus\u2019 \u00fanico.","robots":{"index":"index","follow":"follow","max-snippet":"max-snippet:-1","max-image-preview":"max-image-preview:large","max-video-preview":"max-video-preview:-1"},"canonical":"https:\/\/jornaldasoficinas.com\/pt\/automechanika-frankfurt-sera-em-formato-digital-plus\/","og_locale":"pt_PT","og_type":"article","og_title":"Automechanika Frankfurt ser\u00e1 em formato \u2018Digital Plus\u2019 - Jornal das Oficinas","og_description":"A Automechanika Frankfurt deste ano, de 14 a 16 de setembro, ser\u00e1 diferente de todas as outras com o seu formato \u2018Digital Plus\u2019 \u00fanico.","og_url":"https:\/\/jornaldasoficinas.com\/pt\/automechanika-frankfurt-sera-em-formato-digital-plus\/","og_site_name":"Jornal das Oficinas","article_publisher":"https:\/\/www.facebook.com\/jornaloficinas","article_published_time":"2021-05-06T07:00:37+00:00","article_modified_time":"2023-07-19T14:51:04+00:00","og_image":[{"width":1024,"height":581,"url":"https:\/\/jornaldasoficinas.com\/pt\/wp-content\/uploads\/2021\/05\/Automechanika-Frankfurt-sera-em-formato-Digital-Plus-1.jpg","type":"image\/jpeg"}],"author":"Reda\u00e7\u00e3o JO","twitter_card":"summary_large_image","twitter_creator":"@jornaloficinas","twitter_site":"@jornaloficinas","twitter_misc":{"Escrito por":"Reda\u00e7\u00e3o JO","Tempo estimado de leitura":"2 minutos"},"schema":{"@context":"https:\/\/schema.org","@graph":[{"@type":"Article","@id":"https:\/\/jornaldasoficinas.com\/pt\/automechanika-frankfurt-sera-em-formato-digital-plus\/#article","isPartOf":{"@id":"https:\/\/jornaldasoficinas.com\/pt\/automechanika-frankfurt-sera-em-formato-digital-plus\/"},"author":{"name":"Reda\u00e7\u00e3o JO","@id":"https:\/\/jornaldasoficinas.com\/pt\/#\/schema\/person\/a38eef5de2c41d9e7c9ac10141afddf3"},"headline":"Automechanika Frankfurt ser\u00e1 em formato \u2018Digital Plus\u2019","datePublished":"2021-05-06T07:00:37+00:00","dateModified":"2023-07-19T14:51:04+00:00","mainEntityOfPage":{"@id":"https:\/\/jornaldasoficinas.com\/pt\/automechanika-frankfurt-sera-em-formato-digital-plus\/"},"wordCount":377,"publisher":{"@id":"https:\/\/jornaldasoficinas.com\/pt\/#organization"},"image":{"@id":"https:\/\/jornaldasoficinas.com\/pt\/automechanika-frankfurt-sera-em-formato-digital-plus\/#primaryimage"},"thumbnailUrl":"https:\/\/jornaldasoficinas.com\/pt\/wp-content\/uploads\/2021\/05\/Automechanika-Frankfurt-sera-em-formato-Digital-Plus-1.jpg","keywords":["Automechanika"],"articleSection":["Empresas"],"inLanguage":"pt-PT"},{"@type":"WebPage","@id":"https:\/\/jornaldasoficinas.com\/pt\/automechanika-frankfurt-sera-em-formato-digital-plus\/","url":"https:\/\/jornaldasoficinas.com\/pt\/automechanika-frankfurt-sera-em-formato-digital-plus\/","name":"Automechanika Frankfurt ser\u00e1 em formato \u2018Digital Plus\u2019 - Jornal das Oficinas","isPartOf":{"@id":"https:\/\/jornaldasoficinas.com\/pt\/#website"},"primaryImageOfPage":{"@id":"https:\/\/jornaldasoficinas.com\/pt\/automechanika-frankfurt-sera-em-formato-digital-plus\/#primaryimage"},"image":{"@id":"https:\/\/jornaldasoficinas.com\/pt\/automechanika-frankfurt-sera-em-formato-digital-plus\/#primaryimage"},"thumbnailUrl":"https:\/\/jornaldasoficinas.com\/pt\/wp-content\/uploads\/2021\/05\/Automechanika-Frankfurt-sera-em-formato-Digital-Plus-1.jpg","datePublished":"2021-05-06T07:00:37+00:00","dateModified":"2023-07-19T14:51:04+00:00","description":"A Automechanika Frankfurt deste ano, de 14 a 16 de setembro, ser\u00e1 diferente de todas as outras com o seu formato \u2018Digital Plus\u2019 \u00fanico.","breadcrumb":{"@id":"https:\/\/jornaldasoficinas.com\/pt\/automechanika-frankfurt-sera-em-formato-digital-plus\/#breadcrumb"},"inLanguage":"pt-PT","potentialAction":[{"@type":"ReadAction","target":["https:\/\/jornaldasoficinas.com\/pt\/automechanika-frankfurt-sera-em-formato-digital-plus\/"]}]},{"@type":"ImageObject","inLanguage":"pt-PT","@id":"https:\/\/jornaldasoficinas.com\/pt\/automechanika-frankfurt-sera-em-formato-digital-plus\/#primaryimage","url":"https:\/\/jornaldasoficinas.com\/pt\/wp-content\/uploads\/2021\/05\/Automechanika-Frankfurt-sera-em-formato-Digital-Plus-1.jpg","contentUrl":"https:\/\/jornaldasoficinas.com\/pt\/wp-content\/uploads\/2021\/05\/Automechanika-Frankfurt-sera-em-formato-Digital-Plus-1.jpg","width":1024,"height":581,"caption":"05 - Automechanika-Frankfurt-sera-em-formato-Digital-Plus"},{"@type":"BreadcrumbList","@id":"https:\/\/jornaldasoficinas.com\/pt\/automechanika-frankfurt-sera-em-formato-digital-plus\/#breadcrumb","itemListElement":[{"@type":"ListItem","position":1,"name":"In\u00edcio","item":"https:\/\/jornaldasoficinas.com\/pt\/"},{"@type":"ListItem","position":2,"name":"Automechanika Frankfurt ser\u00e1 em formato \u2018Digital Plus\u2019"}]},{"@type":"WebSite","@id":"https:\/\/jornaldasoficinas.com\/pt\/#website","url":"https:\/\/jornaldasoficinas.com\/pt\/","name":"Jornal das Oficinas","description":"Jornal independente do Aftermarket Autom\u00f3vel em Portugal","publisher":{"@id":"https:\/\/jornaldasoficinas.com\/pt\/#organization"},"potentialAction":[{"@type":"SearchAction","target":{"@type":"EntryPoint","urlTemplate":"https:\/\/jornaldasoficinas.com\/pt\/?s={search_term_string}"},"query-input":{"@type":"PropertyValueSpecification","valueRequired":true,"valueName":"search_term_string"}}],"inLanguage":"pt-PT"},{"@type":"Organization","@id":"https:\/\/jornaldasoficinas.com\/pt\/#organization","name":"Jornal das Oficinas","url":"https:\/\/jornaldasoficinas.com\/pt\/","logo":{"@type":"ImageObject","inLanguage":"pt-PT","@id":"https:\/\/jornaldasoficinas.com\/pt\/#\/schema\/logo\/image\/","url":"https:\/\/jornaldasoficinas.com\/pt\/wp-content\/uploads\/logoJO-SEO.png","contentUrl":"https:\/\/jornaldasoficinas.com\/pt\/wp-content\/uploads\/logoJO-SEO.png","width":285,"height":450,"caption":"Jornal das Oficinas"},"image":{"@id":"https:\/\/jornaldasoficinas.com\/pt\/#\/schema\/logo\/image\/"},"sameAs":["https:\/\/www.facebook.com\/jornaloficinas","https:\/\/x.com\/jornaloficinas","https:\/\/www.instagram.com\/jornal_oficinas\/","https:\/\/www.linkedin.com\/company\/jornal-das-oficinas\/","https:\/\/www.youtube.com\/channel\/UCbQZBqtcvV-oSQrr7RzINGg"]},{"@type":"Person","@id":"https:\/\/jornaldasoficinas.com\/pt\/#\/schema\/person\/a38eef5de2c41d9e7c9ac10141afddf3","name":"Reda\u00e7\u00e3o JO","image":{"@type":"ImageObject","inLanguage":"pt-PT","@id":"https:\/\/secure.gravatar.com\/avatar\/71f2fa71737ad68a84fea94bc708ddac8ea5b0c4788dc2ad202f3ccb2887742f?s=96&d=wp_user_avatar&r=g","url":"https:\/\/secure.gravatar.com\/avatar\/71f2fa71737ad68a84fea94bc708ddac8ea5b0c4788dc2ad202f3ccb2887742f?s=96&d=wp_user_avatar&r=g","contentUrl":"https:\/\/secure.gravatar.com\/avatar\/71f2fa71737ad68a84fea94bc708ddac8ea5b0c4788dc2ad202f3ccb2887742f?s=96&d=wp_user_avatar&r=g","caption":"Reda\u00e7\u00e3o JO"},"url":"https:\/\/jornaldasoficinas.com\/pt\/author\/joredacao\/"}]}},"_links":{"self":[{"href":"https:\/\/jornaldasoficinas.com\/pt\/wp-json\/wp\/v2\/posts\/20994","targetHints":{"allow":["GET"]}}],"collection":[{"href":"https:\/\/jornaldasoficinas.com\/pt\/wp-json\/wp\/v2\/posts"}],"about":[{"href":"https:\/\/jornaldasoficinas.com\/pt\/wp-json\/wp\/v2\/types\/post"}],"author":[{"embeddable":true,"href":"https:\/\/jornaldasoficinas.com\/pt\/wp-json\/wp\/v2\/users\/15"}],"replies":[{"embeddable":true,"href":"https:\/\/jornaldasoficinas.com\/pt\/wp-json\/wp\/v2\/comments?post=20994"}],"version-history":[{"count":0,"href":"https:\/\/jornaldasoficinas.com\/pt\/wp-json\/wp\/v2\/posts\/20994\/revisions"}],"wp:featuredmedia":[{"embeddable":true,"href":"https:\/\/jornaldasoficinas.com\/pt\/wp-json\/wp\/v2\/media\/21000"}],"wp:attachment":[{"href":"https:\/\/jornaldasoficinas.com\/pt\/wp-json\/wp\/v2\/media?parent=20994"}],"wp:term":[{"taxonomy":"category","embeddable":true,"href":"https:\/\/jornaldasoficinas.com\/pt\/wp-json\/wp\/v2\/categories?post=20994"},{"taxonomy":"post_tag","embeddable":true,"href":"https:\/\/jornaldasoficinas.com\/pt\/wp-json\/wp\/v2\/tags?post=20994"}],"curies":[{"name":"wp","href":"https:\/\/api.w.org\/{rel}","templated":true}]}}