{"id":21023,"date":"2021-05-06T18:00:28","date_gmt":"2021-05-06T17:00:28","guid":{"rendered":"https:\/\/jornaldasoficinas.com\/pt\/?p=21023"},"modified":"2021-05-10T14:34:00","modified_gmt":"2021-05-10T13:34:00","slug":"resultados-randstad-employer-brand-research-divulgados","status":"publish","type":"post","link":"https:\/\/jornaldasoficinas.com\/pt\/resultados-randstad-employer-brand-research-divulgados\/","title":{"rendered":"Resultados Randstad Employer Brand Research divulgados"},"content":{"rendered":"<p><strong><img loading=\"lazy\" decoding=\"async\" class=\"alignnone wp-image-21011 size-full\" src=\"https:\/\/jornaldasoficinas.com\/pt\/wp-content\/uploads\/2021\/05\/Resultados-Randstad.jpg\" alt=\"05 - Resultados-Randstad\" width=\"1024\" height=\"581\" srcset=\"https:\/\/jornaldasoficinas.com\/pt\/wp-content\/uploads\/2021\/05\/Resultados-Randstad.jpg 1024w, https:\/\/jornaldasoficinas.com\/pt\/wp-content\/uploads\/2021\/05\/Resultados-Randstad-300x170.jpg 300w, https:\/\/jornaldasoficinas.com\/pt\/wp-content\/uploads\/2021\/05\/Resultados-Randstad-150x85.jpg 150w, https:\/\/jornaldasoficinas.com\/pt\/wp-content\/uploads\/2021\/05\/Resultados-Randstad-768x436.jpg 768w\" sizes=\"auto, (max-width: 1024px) 100vw, 1024px\" \/><\/strong><\/p>\n<p><strong>Foram hoje apresentados os resultados do Randstad Employer Brand Research (REBR) 2021, o maior estudo independente de employer branding realizado pela Kantar, que analisa anualmente as principais tend\u00eancias do mercado de trabalho e d\u00e1 a conhecer as empresas e sectores mais atrativos para trabalhar em 34 pa\u00edses, incluindo Portugal<\/strong><\/p>\n<p>Este ano os resultados do estudo refletem j\u00e1 a perce\u00e7\u00e3o dos portugueses num contexto de pandemia, permitindo identificar quais as principais mudan\u00e7as no mundo do trabalho e as tend\u00eancias que v\u00e3o marcar o futuro. Das v\u00e1rias conclus\u00f5es, a mais inesperada mostra que num ano especialmente desafiante perto de metade (48%) dos portugueses n\u00e3o tem medo de perder o seu emprego em 2021.<\/p>\n<p>Apesar deste sentimento mais otimista, 1 em cada 3 indiv\u00edduos sente um certo grau de preocupa\u00e7\u00e3o quando se trata de poderem manter o seu emprego no pr\u00f3ximo ano. As mulheres (33%) est\u00e3o mais preocupadas do que os homens (27%), o que est\u00e1 de acordo com o facto de, no ano passado, terem j\u00e1 visto a sua situa\u00e7\u00e3o de emprego mudar com mais frequ\u00eancia do que os homens. O mesmo se aplica a 39% dos trabalhadores menos qualificados que est\u00e3o mais preocupados em perder o seu emprego.<\/p>\n<p><strong>Minoria prefere trabalho remoto<br \/>\n<\/strong>Cerca de 2 em cada 5 trabalhadores portugueses s\u00e3o atra\u00eddos pela possibilidade de trabalhar remotamente. As mulheres, os trabalhadores mais qualificados e os grupos et\u00e1rios mais velhos (55 anos ou mais) s\u00e3o os que se mostram mais inclinados para este modelo de trabalho. Apenas 2% dos colaboradores que podem trabalhar a partir de casa n\u00e3o est\u00e3o autorizados a faz\u00ea-lo pelo seu empregador. Al\u00e9m disso, para 26% dos trabalhadores, os empregos est\u00e3o vinculados \u00e0s instala\u00e7\u00f5es, o que torna imposs\u00edvel trabalhar a partir de casa ou de outro lugar.<\/p>\n<p>Sobre a influ\u00eancia da pandemia na ado\u00e7\u00e3o do trabalho remoto, cerca de metade (52%) afirma que passou a trabalhar em casa. Os colaboradores mais qualificados foram os mais propensos a trabalhar mais horas do que o habitual (11%), muito embora a maioria considere que trabalha o mesmo.<\/p>\n<p><strong>Portugueses mais leais aos empregadores<br \/>\n<\/strong>A forma como as organiza\u00e7\u00f5es t\u00eam apoiado os seus funcion\u00e1rios e lidaram com a pandemia teve um impacto positivo na lealdade entre os trabalhadores portugueses. Pelo menos 60% dos trabalhadores sente agora que s\u00e3o mais leais em oposi\u00e7\u00e3o a 5% que se sentem o contr\u00e1rio.<\/p>\n<p><strong>Sal\u00e1rio continua a ser o mais importante na hora de escolher a empresa para a qual se vai trabalhar<br \/>\n<\/strong>Em 2021, e com a possibilidade de escolherem v\u00e1rias op\u00e7\u00f5es, os portugueses consideram que o \u2018sal\u00e1rio e benef\u00edcios atrativos\u2019 (71%) continua a ser o mais importante na hora de escolher um empregador. A \u00fanica exce\u00e7\u00e3o \u00e9 na gera\u00e7\u00e3o dos 55 aos 64 anos onde a estabilidade profissional \u00e9 mais valorizada (72%). A n\u00edvel nacional, o \u2018equil\u00edbrio trabalho-vida pessoal\u2019 (66%) e estabilidade profissional\u2019 (66%) ocupam o segundo lugar ex aequo seguidos do \u2018ambiente de trabalho agrad\u00e1vel\u2019 (65%) e da \u2018progress\u00e3o de carreira\u2019 (64%).<\/p>\n<p>De acordo com o REBR 2021, 9% dos colaboradores portugueses mudaram de empregador nos \u00faltimos 6 meses (mais ainda entre as mulheres e os trabalhadores mais jovens). Al\u00e9m disso, 20% pretendem mudar de empregador nos pr\u00f3ximos 6 meses. Os canais mais utilizados por quem pretende mudar de emprego s\u00e3o as liga\u00e7\u00f5es pessoais (38%) e os portais de emprego (34%).<\/p>\n<p><strong>G\u00e9nero, qualifica\u00e7\u00f5es e gera\u00e7\u00f5es valorizam diferentes crit\u00e9rios<br \/>\n<\/strong>A diversidade e inclus\u00e3o est\u00e1 em 13\u00ba lugar nos crit\u00e9rios mais valorizados pelos portugueses. Um n\u00famero que \u00e9 mais representativo por causa das mulheres (43% face aos 34% dos homens). Mas este n\u00e3o \u00e9 o \u00fanico crit\u00e9rio que as mulheres valorizam mais do que os homens: concilia\u00e7\u00e3o entre a vida pessoal e profissional (70% vs 63%), bom ambiente de trabalho (69% vs 61%) e covid-19 seguran\u00e7a no trabalho (53% vs 45%) s\u00e3o os crit\u00e9rios onde existem maiores diferen\u00e7as. Em sentido contr\u00e1rio, a sa\u00fade financeira, a utiliza\u00e7\u00e3o de tecnologias recentes e a boa reputa\u00e7\u00e3o s\u00e3o fatores mais valorizados pelos homens.<\/p>\n<p>As gera\u00e7\u00f5es tamb\u00e9m t\u00eam diferentes opini\u00f5es. A concilia\u00e7\u00e3o entre a vida pessoal e profissional ganha destaque na gera\u00e7\u00e3o millenial e X, enquanto os Z valorizam o ambiente de trabalho e a progress\u00e3o de carreira. Na rela\u00e7\u00e3o com tecnologias recentes \u00e9 interessante verificar que s\u00e3o os baby boomers que mais valorizam este crit\u00e9rio, enquanto que as gera\u00e7\u00f5es nativas digitais n\u00e3o d\u00e3o tanta import\u00e2ncia a este crit\u00e9rio.<\/p>\n<p>Em termos de qualifica\u00e7\u00f5es \u00e9 interessante verificar que a estabilidade profissional preocupa quem tem mais qualifica\u00e7\u00f5es, os mesmo que valorizam a progress\u00e3o de carreira, a possibilidade de trabalhar remoto e a concilia\u00e7\u00e3o entre a vida pessoal e profissional. As pessoas com menores qualifica\u00e7\u00f5es destacam os sal\u00e1rios e a estabilidade profissional.<\/p>\n<p><strong>Top 20 das empresas mais atrativas para trabalhar Delta \u00e9 a empresa mais atrativa para trabalhar em 2021<br \/>\n<\/strong>A Delta Caf\u00e9s ficou no primeiro lugar do top 20 de empregadores de 2021. Uma subida de 5 posi\u00e7\u00f5es face aos resultados de 2020.<\/p>\n<p>\u201cOs resultados deste ano j\u00e1 refletem o impacto da pandemia na perce\u00e7\u00e3o dos portugueses, dando destaque a marcas que se mostraram muito ativas e pr\u00f3ximas dos seus colaboradores, como \u00e9 o caso da Delta Caf\u00e9s. No mesmo sentido e apesar do impacto da pandemia em sectores como o turismo e avia\u00e7\u00e3o vemos algumas destas marcas \u201csobreviver\u201d a este embate pela forma como geriram a crise\u201d, afirma Jos\u00e9 Miguel Leonardo, CEO da Randstad Portugal.\u201dO employer brand mostra neste estudo que n\u00e3o est\u00e1 de quarentena e refor\u00e7a a sua import\u00e2ncia na atra\u00e7\u00e3o e reten\u00e7\u00e3o de talento\u201d.<\/p>\n<p>\u201c\u00c9 com grande orgulho que vemos a Delta Caf\u00e9s ser reconhecida como a empresa mais atrativa para trabalhar, de acordo com o Randstad Employer Brand Research 2021. Num ano t\u00e3o desafiante como foi o de 2020, e que continua a ser 2021, o bem estar e a seguran\u00e7a de quem trabalha connosco tem sido a nossa maior preocupa\u00e7\u00e3o.<\/p>\n<p>Sentir que as iniciativas implementadas n\u00e3o s\u00f3 deram resultados mas que tamb\u00e9m s\u00e3o reconhecidas pela maioria dos portugueses, deixa-nos a responsabilidade acrescida de fazer mais e melhor no desenvolvimento e crescimento das nossas pessoas\u201d, afirma Rui Miguel Nabeiro Administrador do Grupo Nabeiro &#8211; Delta Caf\u00e9s.<\/p>\n<p><strong>A lista completa do top-20 das empresas mais atrativas para trabalhar \u00e9 a seguinte:<\/strong><strong>\u00a0<\/strong><\/p>\n<ol>\n<li>Delta Caf\u00e9s<\/li>\n<li>ANA &#8211; Aeroportos de Portugal<\/li>\n<li>PWC<\/li>\n<li>OGMA &#8211; ind\u00fastria aeron\u00e1utica de Portugal<\/li>\n<li>RTP &#8211; R\u00e1dio e Televis\u00e3o de Portugal<\/li>\n<li>Ikea Portugal<\/li>\n<li>Banco de Portugal<\/li>\n<li>Nestl\u00e9<\/li>\n<li>Nokia<\/li>\n<li>Farfetch<\/li>\n<li>Deloitte<\/li>\n<li>Volkswagen Group Services<\/li>\n<li>Corticeira Amorim<\/li>\n<li>Fujitsu Technology Solutions<\/li>\n<li>Siemens<\/li>\n<li>TAP &#8211; Transportes A\u00e9reos Portugueses<\/li>\n<li>The Navigator Company<\/li>\n<li>Bosch<\/li>\n<li>Critical Software<\/li>\n<li>EDP<\/li>\n<\/ol>\n<p>&nbsp;<\/p>\n","protected":false},"excerpt":{"rendered":"<p>Foram hoje apresentados os resultados do&#8230;<\/p>\n","protected":false},"author":15,"featured_media":21011,"comment_status":"closed","ping_status":"closed","sticky":false,"template":"","format":"standard","meta":{"footnotes":""},"categories":[37],"tags":[2606],"class_list":["post-21023","post","type-post","status-publish","format-standard","has-post-thumbnail","hentry","category-mercado","tag-kantar"],"yoast_head":"<!-- This site is optimized with the Yoast SEO plugin v27.4 - https:\/\/yoast.com\/product\/yoast-seo-wordpress\/ -->\n<title>Resultados Randstad Employer Brand Research divulgados - Jornal das Oficinas<\/title>\n<meta name=\"description\" content=\"Foram hoje apresentados os resultados do Randstad Employer Brand Research 2021, o maior estudo independente de employer branding realizado pela Kantar\" \/>\n<meta name=\"robots\" content=\"index, follow, max-snippet:-1, max-image-preview:large, max-video-preview:-1\" \/>\n<link rel=\"canonical\" href=\"https:\/\/jornaldasoficinas.com\/pt\/resultados-randstad-employer-brand-research-divulgados\/\" \/>\n<meta property=\"og:locale\" content=\"pt_PT\" \/>\n<meta property=\"og:type\" content=\"article\" \/>\n<meta property=\"og:title\" content=\"Resultados Randstad Employer Brand Research divulgados - Jornal das Oficinas\" \/>\n<meta property=\"og:description\" content=\"Foram hoje apresentados os resultados do Randstad Employer Brand Research 2021, o maior estudo independente de employer branding realizado pela Kantar\" \/>\n<meta property=\"og:url\" content=\"https:\/\/jornaldasoficinas.com\/pt\/resultados-randstad-employer-brand-research-divulgados\/\" \/>\n<meta property=\"og:site_name\" content=\"Jornal das Oficinas\" \/>\n<meta property=\"article:publisher\" content=\"https:\/\/www.facebook.com\/jornaloficinas\" \/>\n<meta property=\"article:published_time\" content=\"2021-05-06T17:00:28+00:00\" \/>\n<meta property=\"article:modified_time\" content=\"2021-05-10T13:34:00+00:00\" \/>\n<meta property=\"og:image\" content=\"https:\/\/jornaldasoficinas.com\/pt\/wp-content\/uploads\/2021\/05\/Resultados-Randstad.jpg\" \/>\n\t<meta property=\"og:image:width\" content=\"1024\" \/>\n\t<meta property=\"og:image:height\" content=\"581\" \/>\n\t<meta property=\"og:image:type\" content=\"image\/jpeg\" \/>\n<meta name=\"author\" content=\"Reda\u00e7\u00e3o JO\" \/>\n<meta name=\"twitter:card\" content=\"summary_large_image\" \/>\n<meta name=\"twitter:creator\" content=\"@jornaloficinas\" \/>\n<meta name=\"twitter:site\" content=\"@jornaloficinas\" \/>\n<meta name=\"twitter:label1\" content=\"Escrito por\" \/>\n\t<meta name=\"twitter:data1\" content=\"Reda\u00e7\u00e3o JO\" \/>\n\t<meta name=\"twitter:label2\" content=\"Tempo estimado de leitura\" \/>\n\t<meta name=\"twitter:data2\" content=\"5 minutos\" \/>\n<script type=\"application\/ld+json\" class=\"yoast-schema-graph\">{\"@context\":\"https:\\\/\\\/schema.org\",\"@graph\":[{\"@type\":\"Article\",\"@id\":\"https:\\\/\\\/jornaldasoficinas.com\\\/pt\\\/resultados-randstad-employer-brand-research-divulgados\\\/#article\",\"isPartOf\":{\"@id\":\"https:\\\/\\\/jornaldasoficinas.com\\\/pt\\\/resultados-randstad-employer-brand-research-divulgados\\\/\"},\"author\":{\"name\":\"Reda\u00e7\u00e3o JO\",\"@id\":\"https:\\\/\\\/jornaldasoficinas.com\\\/pt\\\/#\\\/schema\\\/person\\\/a38eef5de2c41d9e7c9ac10141afddf3\"},\"headline\":\"Resultados Randstad Employer Brand Research divulgados\",\"datePublished\":\"2021-05-06T17:00:28+00:00\",\"dateModified\":\"2021-05-10T13:34:00+00:00\",\"mainEntityOfPage\":{\"@id\":\"https:\\\/\\\/jornaldasoficinas.com\\\/pt\\\/resultados-randstad-employer-brand-research-divulgados\\\/\"},\"wordCount\":1131,\"publisher\":{\"@id\":\"https:\\\/\\\/jornaldasoficinas.com\\\/pt\\\/#organization\"},\"image\":{\"@id\":\"https:\\\/\\\/jornaldasoficinas.com\\\/pt\\\/resultados-randstad-employer-brand-research-divulgados\\\/#primaryimage\"},\"thumbnailUrl\":\"https:\\\/\\\/jornaldasoficinas.com\\\/pt\\\/wp-content\\\/uploads\\\/2021\\\/05\\\/Resultados-Randstad.jpg\",\"keywords\":[\"Kantar\"],\"articleSection\":[\"Mercado\"],\"inLanguage\":\"pt-PT\"},{\"@type\":\"WebPage\",\"@id\":\"https:\\\/\\\/jornaldasoficinas.com\\\/pt\\\/resultados-randstad-employer-brand-research-divulgados\\\/\",\"url\":\"https:\\\/\\\/jornaldasoficinas.com\\\/pt\\\/resultados-randstad-employer-brand-research-divulgados\\\/\",\"name\":\"Resultados Randstad Employer Brand Research divulgados - Jornal das Oficinas\",\"isPartOf\":{\"@id\":\"https:\\\/\\\/jornaldasoficinas.com\\\/pt\\\/#website\"},\"primaryImageOfPage\":{\"@id\":\"https:\\\/\\\/jornaldasoficinas.com\\\/pt\\\/resultados-randstad-employer-brand-research-divulgados\\\/#primaryimage\"},\"image\":{\"@id\":\"https:\\\/\\\/jornaldasoficinas.com\\\/pt\\\/resultados-randstad-employer-brand-research-divulgados\\\/#primaryimage\"},\"thumbnailUrl\":\"https:\\\/\\\/jornaldasoficinas.com\\\/pt\\\/wp-content\\\/uploads\\\/2021\\\/05\\\/Resultados-Randstad.jpg\",\"datePublished\":\"2021-05-06T17:00:28+00:00\",\"dateModified\":\"2021-05-10T13:34:00+00:00\",\"description\":\"Foram hoje apresentados os resultados do Randstad Employer Brand Research 2021, o maior estudo independente de employer branding realizado pela Kantar\",\"breadcrumb\":{\"@id\":\"https:\\\/\\\/jornaldasoficinas.com\\\/pt\\\/resultados-randstad-employer-brand-research-divulgados\\\/#breadcrumb\"},\"inLanguage\":\"pt-PT\",\"potentialAction\":[{\"@type\":\"ReadAction\",\"target\":[\"https:\\\/\\\/jornaldasoficinas.com\\\/pt\\\/resultados-randstad-employer-brand-research-divulgados\\\/\"]}]},{\"@type\":\"ImageObject\",\"inLanguage\":\"pt-PT\",\"@id\":\"https:\\\/\\\/jornaldasoficinas.com\\\/pt\\\/resultados-randstad-employer-brand-research-divulgados\\\/#primaryimage\",\"url\":\"https:\\\/\\\/jornaldasoficinas.com\\\/pt\\\/wp-content\\\/uploads\\\/2021\\\/05\\\/Resultados-Randstad.jpg\",\"contentUrl\":\"https:\\\/\\\/jornaldasoficinas.com\\\/pt\\\/wp-content\\\/uploads\\\/2021\\\/05\\\/Resultados-Randstad.jpg\",\"width\":1024,\"height\":581,\"caption\":\"05 - Resultados-Randstad\"},{\"@type\":\"BreadcrumbList\",\"@id\":\"https:\\\/\\\/jornaldasoficinas.com\\\/pt\\\/resultados-randstad-employer-brand-research-divulgados\\\/#breadcrumb\",\"itemListElement\":[{\"@type\":\"ListItem\",\"position\":1,\"name\":\"In\u00edcio\",\"item\":\"https:\\\/\\\/jornaldasoficinas.com\\\/pt\\\/\"},{\"@type\":\"ListItem\",\"position\":2,\"name\":\"Resultados Randstad Employer Brand Research divulgados\"}]},{\"@type\":\"WebSite\",\"@id\":\"https:\\\/\\\/jornaldasoficinas.com\\\/pt\\\/#website\",\"url\":\"https:\\\/\\\/jornaldasoficinas.com\\\/pt\\\/\",\"name\":\"Jornal das Oficinas\",\"description\":\"Jornal independente do Aftermarket Autom\u00f3vel em Portugal\",\"publisher\":{\"@id\":\"https:\\\/\\\/jornaldasoficinas.com\\\/pt\\\/#organization\"},\"potentialAction\":[{\"@type\":\"SearchAction\",\"target\":{\"@type\":\"EntryPoint\",\"urlTemplate\":\"https:\\\/\\\/jornaldasoficinas.com\\\/pt\\\/?s={search_term_string}\"},\"query-input\":{\"@type\":\"PropertyValueSpecification\",\"valueRequired\":true,\"valueName\":\"search_term_string\"}}],\"inLanguage\":\"pt-PT\"},{\"@type\":\"Organization\",\"@id\":\"https:\\\/\\\/jornaldasoficinas.com\\\/pt\\\/#organization\",\"name\":\"Jornal das Oficinas\",\"url\":\"https:\\\/\\\/jornaldasoficinas.com\\\/pt\\\/\",\"logo\":{\"@type\":\"ImageObject\",\"inLanguage\":\"pt-PT\",\"@id\":\"https:\\\/\\\/jornaldasoficinas.com\\\/pt\\\/#\\\/schema\\\/logo\\\/image\\\/\",\"url\":\"https:\\\/\\\/jornaldasoficinas.com\\\/pt\\\/wp-content\\\/uploads\\\/logoJO-SEO.png\",\"contentUrl\":\"https:\\\/\\\/jornaldasoficinas.com\\\/pt\\\/wp-content\\\/uploads\\\/logoJO-SEO.png\",\"width\":285,\"height\":450,\"caption\":\"Jornal das Oficinas\"},\"image\":{\"@id\":\"https:\\\/\\\/jornaldasoficinas.com\\\/pt\\\/#\\\/schema\\\/logo\\\/image\\\/\"},\"sameAs\":[\"https:\\\/\\\/www.facebook.com\\\/jornaloficinas\",\"https:\\\/\\\/x.com\\\/jornaloficinas\",\"https:\\\/\\\/www.instagram.com\\\/jornal_oficinas\\\/\",\"https:\\\/\\\/www.linkedin.com\\\/company\\\/jornal-das-oficinas\\\/\",\"https:\\\/\\\/www.youtube.com\\\/channel\\\/UCbQZBqtcvV-oSQrr7RzINGg\"]},{\"@type\":\"Person\",\"@id\":\"https:\\\/\\\/jornaldasoficinas.com\\\/pt\\\/#\\\/schema\\\/person\\\/a38eef5de2c41d9e7c9ac10141afddf3\",\"name\":\"Reda\u00e7\u00e3o JO\",\"image\":{\"@type\":\"ImageObject\",\"inLanguage\":\"pt-PT\",\"@id\":\"https:\\\/\\\/secure.gravatar.com\\\/avatar\\\/71f2fa71737ad68a84fea94bc708ddac8ea5b0c4788dc2ad202f3ccb2887742f?s=96&d=wp_user_avatar&r=g\",\"url\":\"https:\\\/\\\/secure.gravatar.com\\\/avatar\\\/71f2fa71737ad68a84fea94bc708ddac8ea5b0c4788dc2ad202f3ccb2887742f?s=96&d=wp_user_avatar&r=g\",\"contentUrl\":\"https:\\\/\\\/secure.gravatar.com\\\/avatar\\\/71f2fa71737ad68a84fea94bc708ddac8ea5b0c4788dc2ad202f3ccb2887742f?s=96&d=wp_user_avatar&r=g\",\"caption\":\"Reda\u00e7\u00e3o JO\"},\"url\":\"https:\\\/\\\/jornaldasoficinas.com\\\/pt\\\/author\\\/joredacao\\\/\"}]}<\/script>\n<!-- \/ Yoast SEO plugin. -->","yoast_head_json":{"title":"Resultados Randstad Employer Brand Research divulgados - Jornal das Oficinas","description":"Foram hoje apresentados os resultados do Randstad Employer Brand Research 2021, o maior estudo independente de employer branding realizado pela Kantar","robots":{"index":"index","follow":"follow","max-snippet":"max-snippet:-1","max-image-preview":"max-image-preview:large","max-video-preview":"max-video-preview:-1"},"canonical":"https:\/\/jornaldasoficinas.com\/pt\/resultados-randstad-employer-brand-research-divulgados\/","og_locale":"pt_PT","og_type":"article","og_title":"Resultados Randstad Employer Brand Research divulgados - Jornal das Oficinas","og_description":"Foram hoje apresentados os resultados do Randstad Employer Brand Research 2021, o maior estudo independente de employer branding realizado pela Kantar","og_url":"https:\/\/jornaldasoficinas.com\/pt\/resultados-randstad-employer-brand-research-divulgados\/","og_site_name":"Jornal das Oficinas","article_publisher":"https:\/\/www.facebook.com\/jornaloficinas","article_published_time":"2021-05-06T17:00:28+00:00","article_modified_time":"2021-05-10T13:34:00+00:00","og_image":[{"width":1024,"height":581,"url":"https:\/\/jornaldasoficinas.com\/pt\/wp-content\/uploads\/2021\/05\/Resultados-Randstad.jpg","type":"image\/jpeg"}],"author":"Reda\u00e7\u00e3o JO","twitter_card":"summary_large_image","twitter_creator":"@jornaloficinas","twitter_site":"@jornaloficinas","twitter_misc":{"Escrito por":"Reda\u00e7\u00e3o JO","Tempo estimado de leitura":"5 minutos"},"schema":{"@context":"https:\/\/schema.org","@graph":[{"@type":"Article","@id":"https:\/\/jornaldasoficinas.com\/pt\/resultados-randstad-employer-brand-research-divulgados\/#article","isPartOf":{"@id":"https:\/\/jornaldasoficinas.com\/pt\/resultados-randstad-employer-brand-research-divulgados\/"},"author":{"name":"Reda\u00e7\u00e3o JO","@id":"https:\/\/jornaldasoficinas.com\/pt\/#\/schema\/person\/a38eef5de2c41d9e7c9ac10141afddf3"},"headline":"Resultados Randstad Employer Brand Research divulgados","datePublished":"2021-05-06T17:00:28+00:00","dateModified":"2021-05-10T13:34:00+00:00","mainEntityOfPage":{"@id":"https:\/\/jornaldasoficinas.com\/pt\/resultados-randstad-employer-brand-research-divulgados\/"},"wordCount":1131,"publisher":{"@id":"https:\/\/jornaldasoficinas.com\/pt\/#organization"},"image":{"@id":"https:\/\/jornaldasoficinas.com\/pt\/resultados-randstad-employer-brand-research-divulgados\/#primaryimage"},"thumbnailUrl":"https:\/\/jornaldasoficinas.com\/pt\/wp-content\/uploads\/2021\/05\/Resultados-Randstad.jpg","keywords":["Kantar"],"articleSection":["Mercado"],"inLanguage":"pt-PT"},{"@type":"WebPage","@id":"https:\/\/jornaldasoficinas.com\/pt\/resultados-randstad-employer-brand-research-divulgados\/","url":"https:\/\/jornaldasoficinas.com\/pt\/resultados-randstad-employer-brand-research-divulgados\/","name":"Resultados Randstad Employer Brand Research divulgados - Jornal das Oficinas","isPartOf":{"@id":"https:\/\/jornaldasoficinas.com\/pt\/#website"},"primaryImageOfPage":{"@id":"https:\/\/jornaldasoficinas.com\/pt\/resultados-randstad-employer-brand-research-divulgados\/#primaryimage"},"image":{"@id":"https:\/\/jornaldasoficinas.com\/pt\/resultados-randstad-employer-brand-research-divulgados\/#primaryimage"},"thumbnailUrl":"https:\/\/jornaldasoficinas.com\/pt\/wp-content\/uploads\/2021\/05\/Resultados-Randstad.jpg","datePublished":"2021-05-06T17:00:28+00:00","dateModified":"2021-05-10T13:34:00+00:00","description":"Foram hoje apresentados os resultados do Randstad Employer Brand Research 2021, o maior estudo independente de employer branding realizado pela Kantar","breadcrumb":{"@id":"https:\/\/jornaldasoficinas.com\/pt\/resultados-randstad-employer-brand-research-divulgados\/#breadcrumb"},"inLanguage":"pt-PT","potentialAction":[{"@type":"ReadAction","target":["https:\/\/jornaldasoficinas.com\/pt\/resultados-randstad-employer-brand-research-divulgados\/"]}]},{"@type":"ImageObject","inLanguage":"pt-PT","@id":"https:\/\/jornaldasoficinas.com\/pt\/resultados-randstad-employer-brand-research-divulgados\/#primaryimage","url":"https:\/\/jornaldasoficinas.com\/pt\/wp-content\/uploads\/2021\/05\/Resultados-Randstad.jpg","contentUrl":"https:\/\/jornaldasoficinas.com\/pt\/wp-content\/uploads\/2021\/05\/Resultados-Randstad.jpg","width":1024,"height":581,"caption":"05 - Resultados-Randstad"},{"@type":"BreadcrumbList","@id":"https:\/\/jornaldasoficinas.com\/pt\/resultados-randstad-employer-brand-research-divulgados\/#breadcrumb","itemListElement":[{"@type":"ListItem","position":1,"name":"In\u00edcio","item":"https:\/\/jornaldasoficinas.com\/pt\/"},{"@type":"ListItem","position":2,"name":"Resultados Randstad Employer Brand Research divulgados"}]},{"@type":"WebSite","@id":"https:\/\/jornaldasoficinas.com\/pt\/#website","url":"https:\/\/jornaldasoficinas.com\/pt\/","name":"Jornal das Oficinas","description":"Jornal independente do Aftermarket Autom\u00f3vel em Portugal","publisher":{"@id":"https:\/\/jornaldasoficinas.com\/pt\/#organization"},"potentialAction":[{"@type":"SearchAction","target":{"@type":"EntryPoint","urlTemplate":"https:\/\/jornaldasoficinas.com\/pt\/?s={search_term_string}"},"query-input":{"@type":"PropertyValueSpecification","valueRequired":true,"valueName":"search_term_string"}}],"inLanguage":"pt-PT"},{"@type":"Organization","@id":"https:\/\/jornaldasoficinas.com\/pt\/#organization","name":"Jornal das Oficinas","url":"https:\/\/jornaldasoficinas.com\/pt\/","logo":{"@type":"ImageObject","inLanguage":"pt-PT","@id":"https:\/\/jornaldasoficinas.com\/pt\/#\/schema\/logo\/image\/","url":"https:\/\/jornaldasoficinas.com\/pt\/wp-content\/uploads\/logoJO-SEO.png","contentUrl":"https:\/\/jornaldasoficinas.com\/pt\/wp-content\/uploads\/logoJO-SEO.png","width":285,"height":450,"caption":"Jornal das Oficinas"},"image":{"@id":"https:\/\/jornaldasoficinas.com\/pt\/#\/schema\/logo\/image\/"},"sameAs":["https:\/\/www.facebook.com\/jornaloficinas","https:\/\/x.com\/jornaloficinas","https:\/\/www.instagram.com\/jornal_oficinas\/","https:\/\/www.linkedin.com\/company\/jornal-das-oficinas\/","https:\/\/www.youtube.com\/channel\/UCbQZBqtcvV-oSQrr7RzINGg"]},{"@type":"Person","@id":"https:\/\/jornaldasoficinas.com\/pt\/#\/schema\/person\/a38eef5de2c41d9e7c9ac10141afddf3","name":"Reda\u00e7\u00e3o JO","image":{"@type":"ImageObject","inLanguage":"pt-PT","@id":"https:\/\/secure.gravatar.com\/avatar\/71f2fa71737ad68a84fea94bc708ddac8ea5b0c4788dc2ad202f3ccb2887742f?s=96&d=wp_user_avatar&r=g","url":"https:\/\/secure.gravatar.com\/avatar\/71f2fa71737ad68a84fea94bc708ddac8ea5b0c4788dc2ad202f3ccb2887742f?s=96&d=wp_user_avatar&r=g","contentUrl":"https:\/\/secure.gravatar.com\/avatar\/71f2fa71737ad68a84fea94bc708ddac8ea5b0c4788dc2ad202f3ccb2887742f?s=96&d=wp_user_avatar&r=g","caption":"Reda\u00e7\u00e3o JO"},"url":"https:\/\/jornaldasoficinas.com\/pt\/author\/joredacao\/"}]}},"_links":{"self":[{"href":"https:\/\/jornaldasoficinas.com\/pt\/wp-json\/wp\/v2\/posts\/21023","targetHints":{"allow":["GET"]}}],"collection":[{"href":"https:\/\/jornaldasoficinas.com\/pt\/wp-json\/wp\/v2\/posts"}],"about":[{"href":"https:\/\/jornaldasoficinas.com\/pt\/wp-json\/wp\/v2\/types\/post"}],"author":[{"embeddable":true,"href":"https:\/\/jornaldasoficinas.com\/pt\/wp-json\/wp\/v2\/users\/15"}],"replies":[{"embeddable":true,"href":"https:\/\/jornaldasoficinas.com\/pt\/wp-json\/wp\/v2\/comments?post=21023"}],"version-history":[{"count":0,"href":"https:\/\/jornaldasoficinas.com\/pt\/wp-json\/wp\/v2\/posts\/21023\/revisions"}],"wp:featuredmedia":[{"embeddable":true,"href":"https:\/\/jornaldasoficinas.com\/pt\/wp-json\/wp\/v2\/media\/21011"}],"wp:attachment":[{"href":"https:\/\/jornaldasoficinas.com\/pt\/wp-json\/wp\/v2\/media?parent=21023"}],"wp:term":[{"taxonomy":"category","embeddable":true,"href":"https:\/\/jornaldasoficinas.com\/pt\/wp-json\/wp\/v2\/categories?post=21023"},{"taxonomy":"post_tag","embeddable":true,"href":"https:\/\/jornaldasoficinas.com\/pt\/wp-json\/wp\/v2\/tags?post=21023"}],"curies":[{"name":"wp","href":"https:\/\/api.w.org\/{rel}","templated":true}]}}