{"id":21025,"date":"2021-05-06T20:00:50","date_gmt":"2021-05-06T19:00:50","guid":{"rendered":"https:\/\/jornaldasoficinas.com\/pt\/?p=21025"},"modified":"2022-01-26T10:21:22","modified_gmt":"2022-01-26T10:21:22","slug":"metalcaucho-patrocina-pol-castells-no-rally-ciutat-de-valls","status":"publish","type":"post","link":"https:\/\/jornaldasoficinas.com\/pt\/metalcaucho-patrocina-pol-castells-no-rally-ciutat-de-valls\/","title":{"rendered":"Metalcaucho patrocina Pol Castells no Rally Ciutat de Valls"},"content":{"rendered":"<p><strong><img loading=\"lazy\" decoding=\"async\" class=\"alignnone wp-image-21009 size-full\" src=\"https:\/\/jornaldasoficinas.com\/pt\/wp-content\/uploads\/2021\/05\/Metalcaucho-patrocina.jpg\" alt=\"05 - Metalcaucho-patrocina\" width=\"1024\" height=\"581\" srcset=\"https:\/\/jornaldasoficinas.com\/pt\/wp-content\/uploads\/2021\/05\/Metalcaucho-patrocina.jpg 1024w, https:\/\/jornaldasoficinas.com\/pt\/wp-content\/uploads\/2021\/05\/Metalcaucho-patrocina-300x170.jpg 300w, https:\/\/jornaldasoficinas.com\/pt\/wp-content\/uploads\/2021\/05\/Metalcaucho-patrocina-150x85.jpg 150w, https:\/\/jornaldasoficinas.com\/pt\/wp-content\/uploads\/2021\/05\/Metalcaucho-patrocina-768x436.jpg 768w\" sizes=\"auto, (max-width: 1024px) 100vw, 1024px\" \/><\/strong><\/p>\n<p><strong>Metalcaucho continua a contar com seus funcion\u00e1rios para os seus patroc\u00ednios desportivos. \u00c9 por isso que formalizou um patroc\u00ednio com o jovem talento Pol Castells, que alia a sua posi\u00e7\u00e3o de t\u00e9cnico do Departamento de Qualidade da Metalcaucho \u00e0 sua paix\u00e3o pelo automobilismo.<\/strong><\/p>\n<p>A primeira corrida deste Campeonato Catal\u00e3o de Promo\u00e7\u00e3o (CCP) estava marcada para 13 de mar\u00e7o em Bellpuig (Lleida), mas foi suspensa devido a restri\u00e7\u00f5es da Covid. Por isso a estreia aconteceu no passado dia 1 de maio no Rally Ciutat de Valls (Tarragona), com 16 inscri\u00e7\u00f5es e uma temporada emocionante, muito disputada e de ritmo vertiginoso.<\/p>\n<p>O rali, com 90 km cronometrados e divididos em 5 diferentes passagens duplas, come\u00e7ou com estrada molhada e problemas el\u00e9tricos no carro de Pol Castells, que se arrastaram ao longo do dia, obrigando-os a dar o seu melhor. Na \u00faltima etapa da manh\u00e3 acertaram a zero (melhor tempo), o que os levou \u00e0 terceira posi\u00e7\u00e3o na classifica\u00e7\u00e3o. Durante a tarde e a noite tiveram que\u00a0 aproveitar ao m\u00e1ximo, defendendo-se com bons momentos, para permanecer no p\u00f3dio.<\/p>\n<p>Pol Castells ficou satisfeito com o trabalho realizado: \u201ca minha avalia\u00e7\u00e3o \u00e9 muito positiva, conseguimos um p\u00f3dio importante, pois s\u00e3o bons pontos para o final do ano. Mostramos um bom ritmo apesar do problema el\u00e9trico que pesou um pouco durante todo o dia, marcando o melhor tempo duas vezes. No final est\u00e1vamos a menos de 7 segundos da segunda gaveta do p\u00f3dio, mas estamos muito contentes pelo terceiro lugar \u201d.<\/p>\n<p>Em 2019 a <a href=\"https:\/\/www.metalcaucho.com\/\" target=\"_blank\" rel=\"noopener\">Metalcaucho<\/a> preparou um Nissan Micra III K12 160 SR, com o qual correu v\u00e1rios ralis de montanha, tendo ainda ganho o Track Day do Circuito de Calafat. A pandemia de 2020 parou o projeto automobil\u00edstico, mas agora que a situa\u00e7\u00e3o come\u00e7a a permitir, ele ressurge com for\u00e7a novamente. No dia 21 de mar\u00e7o Pol Castells conduziu o ve\u00edculo com a imagem da marca numa corrida de montanha em Tarragona, o Pujada a Alcover, terminando em primeiro lugar na categoria J\u00fanior.<\/p>\n<p>No entanto, para esta competi\u00e7\u00e3o, ideal para jovens talentos (com menos de 23 anos) que disputam ralis, Pol Castells, que tem Jos\u00e9 Luis Alonso como co-piloto, conduziu o seu pr\u00f3prio ve\u00edculo, um Peugeot 206 XS Motor 1.6 (grupo N e classe 1), na qual tamb\u00e9m \u00e9 poss\u00edvel testar a resist\u00eancia das pe\u00e7as de reposi\u00e7\u00e3o Metalcaucho em ambiente real. Este jovem de 20 anos iniciou a sua carreira desportiva no karting e j\u00e1 em 2019 estreou-se nos carros, conquistando a vit\u00f3ria nas 6 Horas de Enduro em Calafat, dois p\u00f3dios no IX Pujada Ullastrell e um d\u00e9cimo quinto lugar geral no Rally Ciutat 21 d&#8217;Igualada.<\/p>\n<p>Em 2020, ele disputou o Campeonato Catal\u00e3o de Montanha (La Pujada 2020) e venceu o Subcampeonato na Categoria 2. Pol Castells, apesar da juventude, j\u00e1 tem alguns triunfos em seu curr\u00edculo, e com certeza em breve poder\u00e1 comemorar mais alguns agradecimentos ao patroc\u00ednio da Metalcaucho.<\/p>\n","protected":false},"excerpt":{"rendered":"<p>Metalcaucho continua a contar com seus&#8230;<\/p>\n","protected":false},"author":15,"featured_media":21009,"comment_status":"closed","ping_status":"closed","sticky":false,"template":"","format":"standard","meta":{"footnotes":""},"categories":[29],"tags":[207],"class_list":["post-21025","post","type-post","status-publish","format-standard","has-post-thumbnail","hentry","category-empresas","tag-metalcaucho"],"yoast_head":"<!-- This site is optimized with the Yoast SEO plugin v27.4 - https:\/\/yoast.com\/product\/yoast-seo-wordpress\/ -->\n<title>Metalcaucho patrocina Pol Castells no Rally Ciutat de Valls - Jornal das Oficinas<\/title>\n<meta name=\"description\" content=\"A Metalcaucho formalizou um patroc\u00ednio com o jovem talento Pol Castells, que alia a sua posi\u00e7\u00e3o de t\u00e9cnico do Departamento de Qualidade da Metalcaucho \u00e0 sua paix\u00e3o pelo automobilismo\" \/>\n<meta name=\"robots\" content=\"index, follow, max-snippet:-1, max-image-preview:large, max-video-preview:-1\" \/>\n<link rel=\"canonical\" href=\"https:\/\/jornaldasoficinas.com\/pt\/metalcaucho-patrocina-pol-castells-no-rally-ciutat-de-valls\/\" \/>\n<meta property=\"og:locale\" content=\"pt_PT\" \/>\n<meta property=\"og:type\" content=\"article\" \/>\n<meta property=\"og:title\" content=\"Metalcaucho patrocina Pol Castells no Rally Ciutat de Valls - Jornal das Oficinas\" \/>\n<meta property=\"og:description\" content=\"A Metalcaucho formalizou um patroc\u00ednio com o jovem talento Pol Castells, que alia a sua posi\u00e7\u00e3o de t\u00e9cnico do Departamento de Qualidade da Metalcaucho \u00e0 sua paix\u00e3o pelo automobilismo\" \/>\n<meta property=\"og:url\" content=\"https:\/\/jornaldasoficinas.com\/pt\/metalcaucho-patrocina-pol-castells-no-rally-ciutat-de-valls\/\" \/>\n<meta property=\"og:site_name\" content=\"Jornal das Oficinas\" \/>\n<meta property=\"article:publisher\" content=\"https:\/\/www.facebook.com\/jornaloficinas\" \/>\n<meta property=\"article:published_time\" content=\"2021-05-06T19:00:50+00:00\" \/>\n<meta property=\"article:modified_time\" content=\"2022-01-26T10:21:22+00:00\" \/>\n<meta property=\"og:image\" content=\"https:\/\/jornaldasoficinas.com\/pt\/wp-content\/uploads\/2021\/05\/Metalcaucho-patrocina.jpg\" \/>\n\t<meta property=\"og:image:width\" content=\"1024\" \/>\n\t<meta property=\"og:image:height\" content=\"581\" \/>\n\t<meta property=\"og:image:type\" content=\"image\/jpeg\" \/>\n<meta name=\"author\" content=\"Reda\u00e7\u00e3o JO\" \/>\n<meta name=\"twitter:card\" content=\"summary_large_image\" \/>\n<meta name=\"twitter:creator\" content=\"@jornaloficinas\" \/>\n<meta name=\"twitter:site\" content=\"@jornaloficinas\" \/>\n<meta name=\"twitter:label1\" content=\"Escrito por\" \/>\n\t<meta name=\"twitter:data1\" content=\"Reda\u00e7\u00e3o JO\" \/>\n\t<meta name=\"twitter:label2\" content=\"Tempo estimado de leitura\" \/>\n\t<meta name=\"twitter:data2\" content=\"3 minutos\" \/>\n<script type=\"application\/ld+json\" class=\"yoast-schema-graph\">{\"@context\":\"https:\\\/\\\/schema.org\",\"@graph\":[{\"@type\":\"Article\",\"@id\":\"https:\\\/\\\/jornaldasoficinas.com\\\/pt\\\/metalcaucho-patrocina-pol-castells-no-rally-ciutat-de-valls\\\/#article\",\"isPartOf\":{\"@id\":\"https:\\\/\\\/jornaldasoficinas.com\\\/pt\\\/metalcaucho-patrocina-pol-castells-no-rally-ciutat-de-valls\\\/\"},\"author\":{\"name\":\"Reda\u00e7\u00e3o JO\",\"@id\":\"https:\\\/\\\/jornaldasoficinas.com\\\/pt\\\/#\\\/schema\\\/person\\\/a38eef5de2c41d9e7c9ac10141afddf3\"},\"headline\":\"Metalcaucho patrocina Pol Castells no Rally Ciutat de Valls\",\"datePublished\":\"2021-05-06T19:00:50+00:00\",\"dateModified\":\"2022-01-26T10:21:22+00:00\",\"mainEntityOfPage\":{\"@id\":\"https:\\\/\\\/jornaldasoficinas.com\\\/pt\\\/metalcaucho-patrocina-pol-castells-no-rally-ciutat-de-valls\\\/\"},\"wordCount\":505,\"publisher\":{\"@id\":\"https:\\\/\\\/jornaldasoficinas.com\\\/pt\\\/#organization\"},\"image\":{\"@id\":\"https:\\\/\\\/jornaldasoficinas.com\\\/pt\\\/metalcaucho-patrocina-pol-castells-no-rally-ciutat-de-valls\\\/#primaryimage\"},\"thumbnailUrl\":\"https:\\\/\\\/jornaldasoficinas.com\\\/pt\\\/wp-content\\\/uploads\\\/2021\\\/05\\\/Metalcaucho-patrocina.jpg\",\"keywords\":[\"Metalcaucho\"],\"articleSection\":[\"Empresas\"],\"inLanguage\":\"pt-PT\"},{\"@type\":\"WebPage\",\"@id\":\"https:\\\/\\\/jornaldasoficinas.com\\\/pt\\\/metalcaucho-patrocina-pol-castells-no-rally-ciutat-de-valls\\\/\",\"url\":\"https:\\\/\\\/jornaldasoficinas.com\\\/pt\\\/metalcaucho-patrocina-pol-castells-no-rally-ciutat-de-valls\\\/\",\"name\":\"Metalcaucho patrocina Pol Castells no Rally Ciutat de Valls - Jornal das Oficinas\",\"isPartOf\":{\"@id\":\"https:\\\/\\\/jornaldasoficinas.com\\\/pt\\\/#website\"},\"primaryImageOfPage\":{\"@id\":\"https:\\\/\\\/jornaldasoficinas.com\\\/pt\\\/metalcaucho-patrocina-pol-castells-no-rally-ciutat-de-valls\\\/#primaryimage\"},\"image\":{\"@id\":\"https:\\\/\\\/jornaldasoficinas.com\\\/pt\\\/metalcaucho-patrocina-pol-castells-no-rally-ciutat-de-valls\\\/#primaryimage\"},\"thumbnailUrl\":\"https:\\\/\\\/jornaldasoficinas.com\\\/pt\\\/wp-content\\\/uploads\\\/2021\\\/05\\\/Metalcaucho-patrocina.jpg\",\"datePublished\":\"2021-05-06T19:00:50+00:00\",\"dateModified\":\"2022-01-26T10:21:22+00:00\",\"description\":\"A Metalcaucho formalizou um patroc\u00ednio com o jovem talento Pol Castells, que alia a sua posi\u00e7\u00e3o de t\u00e9cnico do Departamento de Qualidade da Metalcaucho \u00e0 sua paix\u00e3o pelo automobilismo\",\"breadcrumb\":{\"@id\":\"https:\\\/\\\/jornaldasoficinas.com\\\/pt\\\/metalcaucho-patrocina-pol-castells-no-rally-ciutat-de-valls\\\/#breadcrumb\"},\"inLanguage\":\"pt-PT\",\"potentialAction\":[{\"@type\":\"ReadAction\",\"target\":[\"https:\\\/\\\/jornaldasoficinas.com\\\/pt\\\/metalcaucho-patrocina-pol-castells-no-rally-ciutat-de-valls\\\/\"]}]},{\"@type\":\"ImageObject\",\"inLanguage\":\"pt-PT\",\"@id\":\"https:\\\/\\\/jornaldasoficinas.com\\\/pt\\\/metalcaucho-patrocina-pol-castells-no-rally-ciutat-de-valls\\\/#primaryimage\",\"url\":\"https:\\\/\\\/jornaldasoficinas.com\\\/pt\\\/wp-content\\\/uploads\\\/2021\\\/05\\\/Metalcaucho-patrocina.jpg\",\"contentUrl\":\"https:\\\/\\\/jornaldasoficinas.com\\\/pt\\\/wp-content\\\/uploads\\\/2021\\\/05\\\/Metalcaucho-patrocina.jpg\",\"width\":1024,\"height\":581,\"caption\":\"05 - Metalcaucho-patrocina\"},{\"@type\":\"BreadcrumbList\",\"@id\":\"https:\\\/\\\/jornaldasoficinas.com\\\/pt\\\/metalcaucho-patrocina-pol-castells-no-rally-ciutat-de-valls\\\/#breadcrumb\",\"itemListElement\":[{\"@type\":\"ListItem\",\"position\":1,\"name\":\"In\u00edcio\",\"item\":\"https:\\\/\\\/jornaldasoficinas.com\\\/pt\\\/\"},{\"@type\":\"ListItem\",\"position\":2,\"name\":\"Metalcaucho patrocina Pol Castells no Rally Ciutat de Valls\"}]},{\"@type\":\"WebSite\",\"@id\":\"https:\\\/\\\/jornaldasoficinas.com\\\/pt\\\/#website\",\"url\":\"https:\\\/\\\/jornaldasoficinas.com\\\/pt\\\/\",\"name\":\"Jornal das Oficinas\",\"description\":\"Jornal independente do Aftermarket Autom\u00f3vel em Portugal\",\"publisher\":{\"@id\":\"https:\\\/\\\/jornaldasoficinas.com\\\/pt\\\/#organization\"},\"potentialAction\":[{\"@type\":\"SearchAction\",\"target\":{\"@type\":\"EntryPoint\",\"urlTemplate\":\"https:\\\/\\\/jornaldasoficinas.com\\\/pt\\\/?s={search_term_string}\"},\"query-input\":{\"@type\":\"PropertyValueSpecification\",\"valueRequired\":true,\"valueName\":\"search_term_string\"}}],\"inLanguage\":\"pt-PT\"},{\"@type\":\"Organization\",\"@id\":\"https:\\\/\\\/jornaldasoficinas.com\\\/pt\\\/#organization\",\"name\":\"Jornal das Oficinas\",\"url\":\"https:\\\/\\\/jornaldasoficinas.com\\\/pt\\\/\",\"logo\":{\"@type\":\"ImageObject\",\"inLanguage\":\"pt-PT\",\"@id\":\"https:\\\/\\\/jornaldasoficinas.com\\\/pt\\\/#\\\/schema\\\/logo\\\/image\\\/\",\"url\":\"https:\\\/\\\/jornaldasoficinas.com\\\/pt\\\/wp-content\\\/uploads\\\/logoJO-SEO.png\",\"contentUrl\":\"https:\\\/\\\/jornaldasoficinas.com\\\/pt\\\/wp-content\\\/uploads\\\/logoJO-SEO.png\",\"width\":285,\"height\":450,\"caption\":\"Jornal das Oficinas\"},\"image\":{\"@id\":\"https:\\\/\\\/jornaldasoficinas.com\\\/pt\\\/#\\\/schema\\\/logo\\\/image\\\/\"},\"sameAs\":[\"https:\\\/\\\/www.facebook.com\\\/jornaloficinas\",\"https:\\\/\\\/x.com\\\/jornaloficinas\",\"https:\\\/\\\/www.instagram.com\\\/jornal_oficinas\\\/\",\"https:\\\/\\\/www.linkedin.com\\\/company\\\/jornal-das-oficinas\\\/\",\"https:\\\/\\\/www.youtube.com\\\/channel\\\/UCbQZBqtcvV-oSQrr7RzINGg\"]},{\"@type\":\"Person\",\"@id\":\"https:\\\/\\\/jornaldasoficinas.com\\\/pt\\\/#\\\/schema\\\/person\\\/a38eef5de2c41d9e7c9ac10141afddf3\",\"name\":\"Reda\u00e7\u00e3o JO\",\"image\":{\"@type\":\"ImageObject\",\"inLanguage\":\"pt-PT\",\"@id\":\"https:\\\/\\\/secure.gravatar.com\\\/avatar\\\/71f2fa71737ad68a84fea94bc708ddac8ea5b0c4788dc2ad202f3ccb2887742f?s=96&d=wp_user_avatar&r=g\",\"url\":\"https:\\\/\\\/secure.gravatar.com\\\/avatar\\\/71f2fa71737ad68a84fea94bc708ddac8ea5b0c4788dc2ad202f3ccb2887742f?s=96&d=wp_user_avatar&r=g\",\"contentUrl\":\"https:\\\/\\\/secure.gravatar.com\\\/avatar\\\/71f2fa71737ad68a84fea94bc708ddac8ea5b0c4788dc2ad202f3ccb2887742f?s=96&d=wp_user_avatar&r=g\",\"caption\":\"Reda\u00e7\u00e3o JO\"},\"url\":\"https:\\\/\\\/jornaldasoficinas.com\\\/pt\\\/author\\\/joredacao\\\/\"}]}<\/script>\n<!-- \/ Yoast SEO plugin. -->","yoast_head_json":{"title":"Metalcaucho patrocina Pol Castells no Rally Ciutat de Valls - Jornal das Oficinas","description":"A Metalcaucho formalizou um patroc\u00ednio com o jovem talento Pol Castells, que alia a sua posi\u00e7\u00e3o de t\u00e9cnico do Departamento de Qualidade da Metalcaucho \u00e0 sua paix\u00e3o pelo automobilismo","robots":{"index":"index","follow":"follow","max-snippet":"max-snippet:-1","max-image-preview":"max-image-preview:large","max-video-preview":"max-video-preview:-1"},"canonical":"https:\/\/jornaldasoficinas.com\/pt\/metalcaucho-patrocina-pol-castells-no-rally-ciutat-de-valls\/","og_locale":"pt_PT","og_type":"article","og_title":"Metalcaucho patrocina Pol Castells no Rally Ciutat de Valls - Jornal das Oficinas","og_description":"A Metalcaucho formalizou um patroc\u00ednio com o jovem talento Pol Castells, que alia a sua posi\u00e7\u00e3o de t\u00e9cnico do Departamento de Qualidade da Metalcaucho \u00e0 sua paix\u00e3o pelo automobilismo","og_url":"https:\/\/jornaldasoficinas.com\/pt\/metalcaucho-patrocina-pol-castells-no-rally-ciutat-de-valls\/","og_site_name":"Jornal das Oficinas","article_publisher":"https:\/\/www.facebook.com\/jornaloficinas","article_published_time":"2021-05-06T19:00:50+00:00","article_modified_time":"2022-01-26T10:21:22+00:00","og_image":[{"width":1024,"height":581,"url":"https:\/\/jornaldasoficinas.com\/pt\/wp-content\/uploads\/2021\/05\/Metalcaucho-patrocina.jpg","type":"image\/jpeg"}],"author":"Reda\u00e7\u00e3o JO","twitter_card":"summary_large_image","twitter_creator":"@jornaloficinas","twitter_site":"@jornaloficinas","twitter_misc":{"Escrito por":"Reda\u00e7\u00e3o JO","Tempo estimado de leitura":"3 minutos"},"schema":{"@context":"https:\/\/schema.org","@graph":[{"@type":"Article","@id":"https:\/\/jornaldasoficinas.com\/pt\/metalcaucho-patrocina-pol-castells-no-rally-ciutat-de-valls\/#article","isPartOf":{"@id":"https:\/\/jornaldasoficinas.com\/pt\/metalcaucho-patrocina-pol-castells-no-rally-ciutat-de-valls\/"},"author":{"name":"Reda\u00e7\u00e3o JO","@id":"https:\/\/jornaldasoficinas.com\/pt\/#\/schema\/person\/a38eef5de2c41d9e7c9ac10141afddf3"},"headline":"Metalcaucho patrocina Pol Castells no Rally Ciutat de Valls","datePublished":"2021-05-06T19:00:50+00:00","dateModified":"2022-01-26T10:21:22+00:00","mainEntityOfPage":{"@id":"https:\/\/jornaldasoficinas.com\/pt\/metalcaucho-patrocina-pol-castells-no-rally-ciutat-de-valls\/"},"wordCount":505,"publisher":{"@id":"https:\/\/jornaldasoficinas.com\/pt\/#organization"},"image":{"@id":"https:\/\/jornaldasoficinas.com\/pt\/metalcaucho-patrocina-pol-castells-no-rally-ciutat-de-valls\/#primaryimage"},"thumbnailUrl":"https:\/\/jornaldasoficinas.com\/pt\/wp-content\/uploads\/2021\/05\/Metalcaucho-patrocina.jpg","keywords":["Metalcaucho"],"articleSection":["Empresas"],"inLanguage":"pt-PT"},{"@type":"WebPage","@id":"https:\/\/jornaldasoficinas.com\/pt\/metalcaucho-patrocina-pol-castells-no-rally-ciutat-de-valls\/","url":"https:\/\/jornaldasoficinas.com\/pt\/metalcaucho-patrocina-pol-castells-no-rally-ciutat-de-valls\/","name":"Metalcaucho patrocina Pol Castells no Rally Ciutat de Valls - Jornal das Oficinas","isPartOf":{"@id":"https:\/\/jornaldasoficinas.com\/pt\/#website"},"primaryImageOfPage":{"@id":"https:\/\/jornaldasoficinas.com\/pt\/metalcaucho-patrocina-pol-castells-no-rally-ciutat-de-valls\/#primaryimage"},"image":{"@id":"https:\/\/jornaldasoficinas.com\/pt\/metalcaucho-patrocina-pol-castells-no-rally-ciutat-de-valls\/#primaryimage"},"thumbnailUrl":"https:\/\/jornaldasoficinas.com\/pt\/wp-content\/uploads\/2021\/05\/Metalcaucho-patrocina.jpg","datePublished":"2021-05-06T19:00:50+00:00","dateModified":"2022-01-26T10:21:22+00:00","description":"A Metalcaucho formalizou um patroc\u00ednio com o jovem talento Pol Castells, que alia a sua posi\u00e7\u00e3o de t\u00e9cnico do Departamento de Qualidade da Metalcaucho \u00e0 sua paix\u00e3o pelo automobilismo","breadcrumb":{"@id":"https:\/\/jornaldasoficinas.com\/pt\/metalcaucho-patrocina-pol-castells-no-rally-ciutat-de-valls\/#breadcrumb"},"inLanguage":"pt-PT","potentialAction":[{"@type":"ReadAction","target":["https:\/\/jornaldasoficinas.com\/pt\/metalcaucho-patrocina-pol-castells-no-rally-ciutat-de-valls\/"]}]},{"@type":"ImageObject","inLanguage":"pt-PT","@id":"https:\/\/jornaldasoficinas.com\/pt\/metalcaucho-patrocina-pol-castells-no-rally-ciutat-de-valls\/#primaryimage","url":"https:\/\/jornaldasoficinas.com\/pt\/wp-content\/uploads\/2021\/05\/Metalcaucho-patrocina.jpg","contentUrl":"https:\/\/jornaldasoficinas.com\/pt\/wp-content\/uploads\/2021\/05\/Metalcaucho-patrocina.jpg","width":1024,"height":581,"caption":"05 - Metalcaucho-patrocina"},{"@type":"BreadcrumbList","@id":"https:\/\/jornaldasoficinas.com\/pt\/metalcaucho-patrocina-pol-castells-no-rally-ciutat-de-valls\/#breadcrumb","itemListElement":[{"@type":"ListItem","position":1,"name":"In\u00edcio","item":"https:\/\/jornaldasoficinas.com\/pt\/"},{"@type":"ListItem","position":2,"name":"Metalcaucho patrocina Pol Castells no Rally Ciutat de Valls"}]},{"@type":"WebSite","@id":"https:\/\/jornaldasoficinas.com\/pt\/#website","url":"https:\/\/jornaldasoficinas.com\/pt\/","name":"Jornal das Oficinas","description":"Jornal independente do Aftermarket Autom\u00f3vel em Portugal","publisher":{"@id":"https:\/\/jornaldasoficinas.com\/pt\/#organization"},"potentialAction":[{"@type":"SearchAction","target":{"@type":"EntryPoint","urlTemplate":"https:\/\/jornaldasoficinas.com\/pt\/?s={search_term_string}"},"query-input":{"@type":"PropertyValueSpecification","valueRequired":true,"valueName":"search_term_string"}}],"inLanguage":"pt-PT"},{"@type":"Organization","@id":"https:\/\/jornaldasoficinas.com\/pt\/#organization","name":"Jornal das Oficinas","url":"https:\/\/jornaldasoficinas.com\/pt\/","logo":{"@type":"ImageObject","inLanguage":"pt-PT","@id":"https:\/\/jornaldasoficinas.com\/pt\/#\/schema\/logo\/image\/","url":"https:\/\/jornaldasoficinas.com\/pt\/wp-content\/uploads\/logoJO-SEO.png","contentUrl":"https:\/\/jornaldasoficinas.com\/pt\/wp-content\/uploads\/logoJO-SEO.png","width":285,"height":450,"caption":"Jornal das Oficinas"},"image":{"@id":"https:\/\/jornaldasoficinas.com\/pt\/#\/schema\/logo\/image\/"},"sameAs":["https:\/\/www.facebook.com\/jornaloficinas","https:\/\/x.com\/jornaloficinas","https:\/\/www.instagram.com\/jornal_oficinas\/","https:\/\/www.linkedin.com\/company\/jornal-das-oficinas\/","https:\/\/www.youtube.com\/channel\/UCbQZBqtcvV-oSQrr7RzINGg"]},{"@type":"Person","@id":"https:\/\/jornaldasoficinas.com\/pt\/#\/schema\/person\/a38eef5de2c41d9e7c9ac10141afddf3","name":"Reda\u00e7\u00e3o JO","image":{"@type":"ImageObject","inLanguage":"pt-PT","@id":"https:\/\/secure.gravatar.com\/avatar\/71f2fa71737ad68a84fea94bc708ddac8ea5b0c4788dc2ad202f3ccb2887742f?s=96&d=wp_user_avatar&r=g","url":"https:\/\/secure.gravatar.com\/avatar\/71f2fa71737ad68a84fea94bc708ddac8ea5b0c4788dc2ad202f3ccb2887742f?s=96&d=wp_user_avatar&r=g","contentUrl":"https:\/\/secure.gravatar.com\/avatar\/71f2fa71737ad68a84fea94bc708ddac8ea5b0c4788dc2ad202f3ccb2887742f?s=96&d=wp_user_avatar&r=g","caption":"Reda\u00e7\u00e3o JO"},"url":"https:\/\/jornaldasoficinas.com\/pt\/author\/joredacao\/"}]}},"_links":{"self":[{"href":"https:\/\/jornaldasoficinas.com\/pt\/wp-json\/wp\/v2\/posts\/21025","targetHints":{"allow":["GET"]}}],"collection":[{"href":"https:\/\/jornaldasoficinas.com\/pt\/wp-json\/wp\/v2\/posts"}],"about":[{"href":"https:\/\/jornaldasoficinas.com\/pt\/wp-json\/wp\/v2\/types\/post"}],"author":[{"embeddable":true,"href":"https:\/\/jornaldasoficinas.com\/pt\/wp-json\/wp\/v2\/users\/15"}],"replies":[{"embeddable":true,"href":"https:\/\/jornaldasoficinas.com\/pt\/wp-json\/wp\/v2\/comments?post=21025"}],"version-history":[{"count":0,"href":"https:\/\/jornaldasoficinas.com\/pt\/wp-json\/wp\/v2\/posts\/21025\/revisions"}],"wp:featuredmedia":[{"embeddable":true,"href":"https:\/\/jornaldasoficinas.com\/pt\/wp-json\/wp\/v2\/media\/21009"}],"wp:attachment":[{"href":"https:\/\/jornaldasoficinas.com\/pt\/wp-json\/wp\/v2\/media?parent=21025"}],"wp:term":[{"taxonomy":"category","embeddable":true,"href":"https:\/\/jornaldasoficinas.com\/pt\/wp-json\/wp\/v2\/categories?post=21025"},{"taxonomy":"post_tag","embeddable":true,"href":"https:\/\/jornaldasoficinas.com\/pt\/wp-json\/wp\/v2\/tags?post=21025"}],"curies":[{"name":"wp","href":"https:\/\/api.w.org\/{rel}","templated":true}]}}