{"id":21083,"date":"2021-05-09T13:00:07","date_gmt":"2021-05-09T12:00:07","guid":{"rendered":"https:\/\/jornaldasoficinas.com\/pt\/?p=21083"},"modified":"2021-05-10T14:10:54","modified_gmt":"2021-05-10T13:10:54","slug":"a-bragalis-sera-a-cara-do-projeto-ad-a-norte-bragalis","status":"publish","type":"post","link":"https:\/\/jornaldasoficinas.com\/pt\/a-bragalis-sera-a-cara-do-projeto-ad-a-norte-bragalis\/","title":{"rendered":"\u201cA Bragalis ser\u00e1 a cara do projeto AD a norte\u201d, Bragalis"},"content":{"rendered":"<p><strong><img loading=\"lazy\" decoding=\"async\" class=\"alignnone wp-image-21078 size-full\" src=\"https:\/\/jornaldasoficinas.com\/pt\/wp-content\/uploads\/2021\/05\/entrevista-Jose-Alberto.jpeg\" alt=\"05 - entrevista-Jose-Alberto\" width=\"1024\" height=\"581\" srcset=\"https:\/\/jornaldasoficinas.com\/pt\/wp-content\/uploads\/2021\/05\/entrevista-Jose-Alberto.jpeg 1024w, https:\/\/jornaldasoficinas.com\/pt\/wp-content\/uploads\/2021\/05\/entrevista-Jose-Alberto-300x170.jpeg 300w, https:\/\/jornaldasoficinas.com\/pt\/wp-content\/uploads\/2021\/05\/entrevista-Jose-Alberto-150x85.jpeg 150w, https:\/\/jornaldasoficinas.com\/pt\/wp-content\/uploads\/2021\/05\/entrevista-Jose-Alberto-768x436.jpeg 768w\" sizes=\"auto, (max-width: 1024px) 100vw, 1024px\" \/><\/strong><\/p>\n<p><strong>A Bragalis foi adquirida pela Autozit\u00e2nia, com efeitos a 1 de janeiro de 2021, mas mant\u00e9m a sua forma de atua\u00e7\u00e3o aut\u00f3noma no mercado, preservando a f\u00f3rmula de sucesso que tem permitido o seu crescimento, agora com portef\u00f3lio comum, somando os produtos AD, conforme explica Jos\u00e9 Alberto, em entrevista ao JO<\/strong><\/p>\n<p>A Bragalis foi criada em 1985 como grupo de compras, somando no seu percurso retalhistas empreendedores na sua zona de a\u00e7\u00e3o, com forte sentido estrat\u00e9gico de investimento para uma evolu\u00e7\u00e3o com vis\u00e3o. \u00c9 uma empresa que desenvolveu a sua atividade na base de um crescimento sustentado pelo canal de retalho, sem oscila\u00e7\u00f5es no caminho, sempre muito saud\u00e1vel econ\u00f3mica e financeiramente. Na zona norte conseguiu uma quota de mercado e um n\u00edvel de envolvimento comercial com os retalhistas acima da m\u00e9dia, resultado da estrat\u00e9gia e dos excelentes servi\u00e7os prestados nos seus armaz\u00e9ns em Braga e Vila Real, durante estes 36 anos.<\/p>\n<p>Depois da grande din\u00e2mica a norte, j\u00e1 integrada numa organiza\u00e7\u00e3o internacional, consolidada e saud\u00e1vel econ\u00f3mico\/financeiramente, a crescer o volume de neg\u00f3cios mesmo em ano de pandemia, a Bragalis teria de abra\u00e7ar o desafio seguinte que era a abrang\u00eancia nacional da sua a\u00e7\u00e3o. Ao mesmo tempo a Autozit\u00e2nia, empresa de refer\u00eancia nacional, procurava maior espa\u00e7o comercial a norte. Esta opera\u00e7\u00e3o, pode dizer-se, foi o \u201ccasamento\u201d perfeito\u201d para um futuro com muita solidez.<\/p>\n<p>Leia a entrevista completa <a href=\"https:\/\/www.yumpu.com\/pt\/document\/read\/65569888\/jornal-das-oficinas-186\/30\" target=\"_blank\" rel=\"noopener\"><strong>aqui<\/strong><\/a><\/p>\n","protected":false},"excerpt":{"rendered":"<p>A Bragalis foi adquirida pela Autozit\u00e2nia,&#8230;<\/p>\n","protected":false},"author":15,"featured_media":21078,"comment_status":"closed","ping_status":"closed","sticky":false,"template":"","format":"standard","meta":{"footnotes":""},"categories":[38],"tags":[281,995],"class_list":["post-21083","post","type-post","status-publish","format-standard","has-post-thumbnail","hentry","category-entrevistas","tag-autozitania","tag-bragalis"],"yoast_head":"<!-- This site is optimized with the Yoast SEO plugin v27.5 - https:\/\/yoast.com\/product\/yoast-seo-wordpress\/ -->\n<title>\u201cA Bragalis ser\u00e1 a cara do projeto AD a norte\u201d, Bragalis - Jornal das Oficinas<\/title>\n<meta name=\"description\" content=\"A Bragalis foi adquirida pela Autozit\u00e2nia mas mant\u00e9m a sua forma de atua\u00e7\u00e3o aut\u00f3noma no mercado, preservando a f\u00f3rmula que a faz crescer\" \/>\n<meta name=\"robots\" content=\"index, follow, max-snippet:-1, max-image-preview:large, max-video-preview:-1\" \/>\n<link rel=\"canonical\" href=\"https:\/\/jornaldasoficinas.com\/pt\/a-bragalis-sera-a-cara-do-projeto-ad-a-norte-bragalis\/\" \/>\n<meta property=\"og:locale\" content=\"pt_PT\" \/>\n<meta property=\"og:type\" content=\"article\" \/>\n<meta property=\"og:title\" content=\"\u201cA Bragalis ser\u00e1 a cara do projeto AD a norte\u201d, Bragalis - Jornal das Oficinas\" \/>\n<meta property=\"og:description\" content=\"A Bragalis foi adquirida pela Autozit\u00e2nia mas mant\u00e9m a sua forma de atua\u00e7\u00e3o aut\u00f3noma no mercado, preservando a f\u00f3rmula que a faz crescer\" \/>\n<meta property=\"og:url\" content=\"https:\/\/jornaldasoficinas.com\/pt\/a-bragalis-sera-a-cara-do-projeto-ad-a-norte-bragalis\/\" \/>\n<meta property=\"og:site_name\" content=\"Jornal das Oficinas\" \/>\n<meta property=\"article:publisher\" content=\"https:\/\/www.facebook.com\/jornaloficinas\" \/>\n<meta property=\"article:published_time\" content=\"2021-05-09T12:00:07+00:00\" \/>\n<meta property=\"article:modified_time\" content=\"2021-05-10T13:10:54+00:00\" \/>\n<meta property=\"og:image\" content=\"https:\/\/jornaldasoficinas.com\/pt\/wp-content\/uploads\/2021\/05\/entrevista-Jose-Alberto.jpeg\" \/>\n\t<meta property=\"og:image:width\" content=\"1024\" \/>\n\t<meta property=\"og:image:height\" content=\"581\" \/>\n\t<meta property=\"og:image:type\" content=\"image\/jpeg\" \/>\n<meta name=\"author\" content=\"Reda\u00e7\u00e3o JO\" \/>\n<meta name=\"twitter:card\" content=\"summary_large_image\" \/>\n<meta name=\"twitter:creator\" content=\"@jornaloficinas\" \/>\n<meta name=\"twitter:site\" content=\"@jornaloficinas\" \/>\n<meta name=\"twitter:label1\" content=\"Escrito por\" \/>\n\t<meta name=\"twitter:data1\" content=\"Reda\u00e7\u00e3o JO\" \/>\n\t<meta name=\"twitter:label2\" content=\"Tempo estimado de leitura\" \/>\n\t<meta name=\"twitter:data2\" content=\"2 minutos\" \/>\n<script type=\"application\/ld+json\" class=\"yoast-schema-graph\">{\"@context\":\"https:\\\/\\\/schema.org\",\"@graph\":[{\"@type\":\"Article\",\"@id\":\"https:\\\/\\\/jornaldasoficinas.com\\\/pt\\\/a-bragalis-sera-a-cara-do-projeto-ad-a-norte-bragalis\\\/#article\",\"isPartOf\":{\"@id\":\"https:\\\/\\\/jornaldasoficinas.com\\\/pt\\\/a-bragalis-sera-a-cara-do-projeto-ad-a-norte-bragalis\\\/\"},\"author\":{\"name\":\"Reda\u00e7\u00e3o JO\",\"@id\":\"https:\\\/\\\/jornaldasoficinas.com\\\/pt\\\/#\\\/schema\\\/person\\\/a38eef5de2c41d9e7c9ac10141afddf3\"},\"headline\":\"\u201cA Bragalis ser\u00e1 a cara do projeto AD a norte\u201d, Bragalis\",\"datePublished\":\"2021-05-09T12:00:07+00:00\",\"dateModified\":\"2021-05-10T13:10:54+00:00\",\"mainEntityOfPage\":{\"@id\":\"https:\\\/\\\/jornaldasoficinas.com\\\/pt\\\/a-bragalis-sera-a-cara-do-projeto-ad-a-norte-bragalis\\\/\"},\"wordCount\":264,\"publisher\":{\"@id\":\"https:\\\/\\\/jornaldasoficinas.com\\\/pt\\\/#organization\"},\"image\":{\"@id\":\"https:\\\/\\\/jornaldasoficinas.com\\\/pt\\\/a-bragalis-sera-a-cara-do-projeto-ad-a-norte-bragalis\\\/#primaryimage\"},\"thumbnailUrl\":\"https:\\\/\\\/jornaldasoficinas.com\\\/pt\\\/wp-content\\\/uploads\\\/2021\\\/05\\\/entrevista-Jose-Alberto.jpeg\",\"keywords\":[\"Autozit\u00e2nia\",\"Bragalis\"],\"articleSection\":[\"Entrevistas\"],\"inLanguage\":\"pt-PT\"},{\"@type\":\"WebPage\",\"@id\":\"https:\\\/\\\/jornaldasoficinas.com\\\/pt\\\/a-bragalis-sera-a-cara-do-projeto-ad-a-norte-bragalis\\\/\",\"url\":\"https:\\\/\\\/jornaldasoficinas.com\\\/pt\\\/a-bragalis-sera-a-cara-do-projeto-ad-a-norte-bragalis\\\/\",\"name\":\"\u201cA Bragalis ser\u00e1 a cara do projeto AD a norte\u201d, Bragalis - Jornal das Oficinas\",\"isPartOf\":{\"@id\":\"https:\\\/\\\/jornaldasoficinas.com\\\/pt\\\/#website\"},\"primaryImageOfPage\":{\"@id\":\"https:\\\/\\\/jornaldasoficinas.com\\\/pt\\\/a-bragalis-sera-a-cara-do-projeto-ad-a-norte-bragalis\\\/#primaryimage\"},\"image\":{\"@id\":\"https:\\\/\\\/jornaldasoficinas.com\\\/pt\\\/a-bragalis-sera-a-cara-do-projeto-ad-a-norte-bragalis\\\/#primaryimage\"},\"thumbnailUrl\":\"https:\\\/\\\/jornaldasoficinas.com\\\/pt\\\/wp-content\\\/uploads\\\/2021\\\/05\\\/entrevista-Jose-Alberto.jpeg\",\"datePublished\":\"2021-05-09T12:00:07+00:00\",\"dateModified\":\"2021-05-10T13:10:54+00:00\",\"description\":\"A Bragalis foi adquirida pela Autozit\u00e2nia mas mant\u00e9m a sua forma de atua\u00e7\u00e3o aut\u00f3noma no mercado, preservando a f\u00f3rmula que a faz crescer\",\"breadcrumb\":{\"@id\":\"https:\\\/\\\/jornaldasoficinas.com\\\/pt\\\/a-bragalis-sera-a-cara-do-projeto-ad-a-norte-bragalis\\\/#breadcrumb\"},\"inLanguage\":\"pt-PT\",\"potentialAction\":[{\"@type\":\"ReadAction\",\"target\":[\"https:\\\/\\\/jornaldasoficinas.com\\\/pt\\\/a-bragalis-sera-a-cara-do-projeto-ad-a-norte-bragalis\\\/\"]}]},{\"@type\":\"ImageObject\",\"inLanguage\":\"pt-PT\",\"@id\":\"https:\\\/\\\/jornaldasoficinas.com\\\/pt\\\/a-bragalis-sera-a-cara-do-projeto-ad-a-norte-bragalis\\\/#primaryimage\",\"url\":\"https:\\\/\\\/jornaldasoficinas.com\\\/pt\\\/wp-content\\\/uploads\\\/2021\\\/05\\\/entrevista-Jose-Alberto.jpeg\",\"contentUrl\":\"https:\\\/\\\/jornaldasoficinas.com\\\/pt\\\/wp-content\\\/uploads\\\/2021\\\/05\\\/entrevista-Jose-Alberto.jpeg\",\"width\":1024,\"height\":581,\"caption\":\"05 - entrevista-Jose-Alberto\"},{\"@type\":\"BreadcrumbList\",\"@id\":\"https:\\\/\\\/jornaldasoficinas.com\\\/pt\\\/a-bragalis-sera-a-cara-do-projeto-ad-a-norte-bragalis\\\/#breadcrumb\",\"itemListElement\":[{\"@type\":\"ListItem\",\"position\":1,\"name\":\"In\u00edcio\",\"item\":\"https:\\\/\\\/jornaldasoficinas.com\\\/pt\\\/\"},{\"@type\":\"ListItem\",\"position\":2,\"name\":\"\u201cA Bragalis ser\u00e1 a cara do projeto AD a norte\u201d, Bragalis\"}]},{\"@type\":\"WebSite\",\"@id\":\"https:\\\/\\\/jornaldasoficinas.com\\\/pt\\\/#website\",\"url\":\"https:\\\/\\\/jornaldasoficinas.com\\\/pt\\\/\",\"name\":\"Jornal das Oficinas\",\"description\":\"Jornal independente do Aftermarket Autom\u00f3vel em Portugal\",\"publisher\":{\"@id\":\"https:\\\/\\\/jornaldasoficinas.com\\\/pt\\\/#organization\"},\"potentialAction\":[{\"@type\":\"SearchAction\",\"target\":{\"@type\":\"EntryPoint\",\"urlTemplate\":\"https:\\\/\\\/jornaldasoficinas.com\\\/pt\\\/?s={search_term_string}\"},\"query-input\":{\"@type\":\"PropertyValueSpecification\",\"valueRequired\":true,\"valueName\":\"search_term_string\"}}],\"inLanguage\":\"pt-PT\"},{\"@type\":\"Organization\",\"@id\":\"https:\\\/\\\/jornaldasoficinas.com\\\/pt\\\/#organization\",\"name\":\"Jornal das Oficinas\",\"url\":\"https:\\\/\\\/jornaldasoficinas.com\\\/pt\\\/\",\"logo\":{\"@type\":\"ImageObject\",\"inLanguage\":\"pt-PT\",\"@id\":\"https:\\\/\\\/jornaldasoficinas.com\\\/pt\\\/#\\\/schema\\\/logo\\\/image\\\/\",\"url\":\"https:\\\/\\\/jornaldasoficinas.com\\\/pt\\\/wp-content\\\/uploads\\\/logoJO-SEO.png\",\"contentUrl\":\"https:\\\/\\\/jornaldasoficinas.com\\\/pt\\\/wp-content\\\/uploads\\\/logoJO-SEO.png\",\"width\":285,\"height\":450,\"caption\":\"Jornal das Oficinas\"},\"image\":{\"@id\":\"https:\\\/\\\/jornaldasoficinas.com\\\/pt\\\/#\\\/schema\\\/logo\\\/image\\\/\"},\"sameAs\":[\"https:\\\/\\\/www.facebook.com\\\/jornaloficinas\",\"https:\\\/\\\/x.com\\\/jornaloficinas\",\"https:\\\/\\\/www.instagram.com\\\/jornal_oficinas\\\/\",\"https:\\\/\\\/www.linkedin.com\\\/company\\\/jornal-das-oficinas\\\/\",\"https:\\\/\\\/www.youtube.com\\\/channel\\\/UCbQZBqtcvV-oSQrr7RzINGg\"]},{\"@type\":\"Person\",\"@id\":\"https:\\\/\\\/jornaldasoficinas.com\\\/pt\\\/#\\\/schema\\\/person\\\/a38eef5de2c41d9e7c9ac10141afddf3\",\"name\":\"Reda\u00e7\u00e3o JO\",\"image\":{\"@type\":\"ImageObject\",\"inLanguage\":\"pt-PT\",\"@id\":\"https:\\\/\\\/secure.gravatar.com\\\/avatar\\\/71f2fa71737ad68a84fea94bc708ddac8ea5b0c4788dc2ad202f3ccb2887742f?s=96&d=wp_user_avatar&r=g\",\"url\":\"https:\\\/\\\/secure.gravatar.com\\\/avatar\\\/71f2fa71737ad68a84fea94bc708ddac8ea5b0c4788dc2ad202f3ccb2887742f?s=96&d=wp_user_avatar&r=g\",\"contentUrl\":\"https:\\\/\\\/secure.gravatar.com\\\/avatar\\\/71f2fa71737ad68a84fea94bc708ddac8ea5b0c4788dc2ad202f3ccb2887742f?s=96&d=wp_user_avatar&r=g\",\"caption\":\"Reda\u00e7\u00e3o JO\"},\"url\":\"https:\\\/\\\/jornaldasoficinas.com\\\/pt\\\/author\\\/joredacao\\\/\"}]}<\/script>\n<!-- \/ Yoast SEO plugin. -->","yoast_head_json":{"title":"\u201cA Bragalis ser\u00e1 a cara do projeto AD a norte\u201d, Bragalis - Jornal das Oficinas","description":"A Bragalis foi adquirida pela Autozit\u00e2nia mas mant\u00e9m a sua forma de atua\u00e7\u00e3o aut\u00f3noma no mercado, preservando a f\u00f3rmula que a faz crescer","robots":{"index":"index","follow":"follow","max-snippet":"max-snippet:-1","max-image-preview":"max-image-preview:large","max-video-preview":"max-video-preview:-1"},"canonical":"https:\/\/jornaldasoficinas.com\/pt\/a-bragalis-sera-a-cara-do-projeto-ad-a-norte-bragalis\/","og_locale":"pt_PT","og_type":"article","og_title":"\u201cA Bragalis ser\u00e1 a cara do projeto AD a norte\u201d, Bragalis - Jornal das Oficinas","og_description":"A Bragalis foi adquirida pela Autozit\u00e2nia mas mant\u00e9m a sua forma de atua\u00e7\u00e3o aut\u00f3noma no mercado, preservando a f\u00f3rmula que a faz crescer","og_url":"https:\/\/jornaldasoficinas.com\/pt\/a-bragalis-sera-a-cara-do-projeto-ad-a-norte-bragalis\/","og_site_name":"Jornal das Oficinas","article_publisher":"https:\/\/www.facebook.com\/jornaloficinas","article_published_time":"2021-05-09T12:00:07+00:00","article_modified_time":"2021-05-10T13:10:54+00:00","og_image":[{"width":1024,"height":581,"url":"https:\/\/jornaldasoficinas.com\/pt\/wp-content\/uploads\/2021\/05\/entrevista-Jose-Alberto.jpeg","type":"image\/jpeg"}],"author":"Reda\u00e7\u00e3o JO","twitter_card":"summary_large_image","twitter_creator":"@jornaloficinas","twitter_site":"@jornaloficinas","twitter_misc":{"Escrito por":"Reda\u00e7\u00e3o JO","Tempo estimado de leitura":"2 minutos"},"schema":{"@context":"https:\/\/schema.org","@graph":[{"@type":"Article","@id":"https:\/\/jornaldasoficinas.com\/pt\/a-bragalis-sera-a-cara-do-projeto-ad-a-norte-bragalis\/#article","isPartOf":{"@id":"https:\/\/jornaldasoficinas.com\/pt\/a-bragalis-sera-a-cara-do-projeto-ad-a-norte-bragalis\/"},"author":{"name":"Reda\u00e7\u00e3o JO","@id":"https:\/\/jornaldasoficinas.com\/pt\/#\/schema\/person\/a38eef5de2c41d9e7c9ac10141afddf3"},"headline":"\u201cA Bragalis ser\u00e1 a cara do projeto AD a norte\u201d, Bragalis","datePublished":"2021-05-09T12:00:07+00:00","dateModified":"2021-05-10T13:10:54+00:00","mainEntityOfPage":{"@id":"https:\/\/jornaldasoficinas.com\/pt\/a-bragalis-sera-a-cara-do-projeto-ad-a-norte-bragalis\/"},"wordCount":264,"publisher":{"@id":"https:\/\/jornaldasoficinas.com\/pt\/#organization"},"image":{"@id":"https:\/\/jornaldasoficinas.com\/pt\/a-bragalis-sera-a-cara-do-projeto-ad-a-norte-bragalis\/#primaryimage"},"thumbnailUrl":"https:\/\/jornaldasoficinas.com\/pt\/wp-content\/uploads\/2021\/05\/entrevista-Jose-Alberto.jpeg","keywords":["Autozit\u00e2nia","Bragalis"],"articleSection":["Entrevistas"],"inLanguage":"pt-PT"},{"@type":"WebPage","@id":"https:\/\/jornaldasoficinas.com\/pt\/a-bragalis-sera-a-cara-do-projeto-ad-a-norte-bragalis\/","url":"https:\/\/jornaldasoficinas.com\/pt\/a-bragalis-sera-a-cara-do-projeto-ad-a-norte-bragalis\/","name":"\u201cA Bragalis ser\u00e1 a cara do projeto AD a norte\u201d, Bragalis - Jornal das Oficinas","isPartOf":{"@id":"https:\/\/jornaldasoficinas.com\/pt\/#website"},"primaryImageOfPage":{"@id":"https:\/\/jornaldasoficinas.com\/pt\/a-bragalis-sera-a-cara-do-projeto-ad-a-norte-bragalis\/#primaryimage"},"image":{"@id":"https:\/\/jornaldasoficinas.com\/pt\/a-bragalis-sera-a-cara-do-projeto-ad-a-norte-bragalis\/#primaryimage"},"thumbnailUrl":"https:\/\/jornaldasoficinas.com\/pt\/wp-content\/uploads\/2021\/05\/entrevista-Jose-Alberto.jpeg","datePublished":"2021-05-09T12:00:07+00:00","dateModified":"2021-05-10T13:10:54+00:00","description":"A Bragalis foi adquirida pela Autozit\u00e2nia mas mant\u00e9m a sua forma de atua\u00e7\u00e3o aut\u00f3noma no mercado, preservando a f\u00f3rmula que a faz crescer","breadcrumb":{"@id":"https:\/\/jornaldasoficinas.com\/pt\/a-bragalis-sera-a-cara-do-projeto-ad-a-norte-bragalis\/#breadcrumb"},"inLanguage":"pt-PT","potentialAction":[{"@type":"ReadAction","target":["https:\/\/jornaldasoficinas.com\/pt\/a-bragalis-sera-a-cara-do-projeto-ad-a-norte-bragalis\/"]}]},{"@type":"ImageObject","inLanguage":"pt-PT","@id":"https:\/\/jornaldasoficinas.com\/pt\/a-bragalis-sera-a-cara-do-projeto-ad-a-norte-bragalis\/#primaryimage","url":"https:\/\/jornaldasoficinas.com\/pt\/wp-content\/uploads\/2021\/05\/entrevista-Jose-Alberto.jpeg","contentUrl":"https:\/\/jornaldasoficinas.com\/pt\/wp-content\/uploads\/2021\/05\/entrevista-Jose-Alberto.jpeg","width":1024,"height":581,"caption":"05 - entrevista-Jose-Alberto"},{"@type":"BreadcrumbList","@id":"https:\/\/jornaldasoficinas.com\/pt\/a-bragalis-sera-a-cara-do-projeto-ad-a-norte-bragalis\/#breadcrumb","itemListElement":[{"@type":"ListItem","position":1,"name":"In\u00edcio","item":"https:\/\/jornaldasoficinas.com\/pt\/"},{"@type":"ListItem","position":2,"name":"\u201cA Bragalis ser\u00e1 a cara do projeto AD a norte\u201d, Bragalis"}]},{"@type":"WebSite","@id":"https:\/\/jornaldasoficinas.com\/pt\/#website","url":"https:\/\/jornaldasoficinas.com\/pt\/","name":"Jornal das Oficinas","description":"Jornal independente do Aftermarket Autom\u00f3vel em Portugal","publisher":{"@id":"https:\/\/jornaldasoficinas.com\/pt\/#organization"},"potentialAction":[{"@type":"SearchAction","target":{"@type":"EntryPoint","urlTemplate":"https:\/\/jornaldasoficinas.com\/pt\/?s={search_term_string}"},"query-input":{"@type":"PropertyValueSpecification","valueRequired":true,"valueName":"search_term_string"}}],"inLanguage":"pt-PT"},{"@type":"Organization","@id":"https:\/\/jornaldasoficinas.com\/pt\/#organization","name":"Jornal das Oficinas","url":"https:\/\/jornaldasoficinas.com\/pt\/","logo":{"@type":"ImageObject","inLanguage":"pt-PT","@id":"https:\/\/jornaldasoficinas.com\/pt\/#\/schema\/logo\/image\/","url":"https:\/\/jornaldasoficinas.com\/pt\/wp-content\/uploads\/logoJO-SEO.png","contentUrl":"https:\/\/jornaldasoficinas.com\/pt\/wp-content\/uploads\/logoJO-SEO.png","width":285,"height":450,"caption":"Jornal das Oficinas"},"image":{"@id":"https:\/\/jornaldasoficinas.com\/pt\/#\/schema\/logo\/image\/"},"sameAs":["https:\/\/www.facebook.com\/jornaloficinas","https:\/\/x.com\/jornaloficinas","https:\/\/www.instagram.com\/jornal_oficinas\/","https:\/\/www.linkedin.com\/company\/jornal-das-oficinas\/","https:\/\/www.youtube.com\/channel\/UCbQZBqtcvV-oSQrr7RzINGg"]},{"@type":"Person","@id":"https:\/\/jornaldasoficinas.com\/pt\/#\/schema\/person\/a38eef5de2c41d9e7c9ac10141afddf3","name":"Reda\u00e7\u00e3o JO","image":{"@type":"ImageObject","inLanguage":"pt-PT","@id":"https:\/\/secure.gravatar.com\/avatar\/71f2fa71737ad68a84fea94bc708ddac8ea5b0c4788dc2ad202f3ccb2887742f?s=96&d=wp_user_avatar&r=g","url":"https:\/\/secure.gravatar.com\/avatar\/71f2fa71737ad68a84fea94bc708ddac8ea5b0c4788dc2ad202f3ccb2887742f?s=96&d=wp_user_avatar&r=g","contentUrl":"https:\/\/secure.gravatar.com\/avatar\/71f2fa71737ad68a84fea94bc708ddac8ea5b0c4788dc2ad202f3ccb2887742f?s=96&d=wp_user_avatar&r=g","caption":"Reda\u00e7\u00e3o JO"},"url":"https:\/\/jornaldasoficinas.com\/pt\/author\/joredacao\/"}]}},"_links":{"self":[{"href":"https:\/\/jornaldasoficinas.com\/pt\/wp-json\/wp\/v2\/posts\/21083","targetHints":{"allow":["GET"]}}],"collection":[{"href":"https:\/\/jornaldasoficinas.com\/pt\/wp-json\/wp\/v2\/posts"}],"about":[{"href":"https:\/\/jornaldasoficinas.com\/pt\/wp-json\/wp\/v2\/types\/post"}],"author":[{"embeddable":true,"href":"https:\/\/jornaldasoficinas.com\/pt\/wp-json\/wp\/v2\/users\/15"}],"replies":[{"embeddable":true,"href":"https:\/\/jornaldasoficinas.com\/pt\/wp-json\/wp\/v2\/comments?post=21083"}],"version-history":[{"count":0,"href":"https:\/\/jornaldasoficinas.com\/pt\/wp-json\/wp\/v2\/posts\/21083\/revisions"}],"wp:featuredmedia":[{"embeddable":true,"href":"https:\/\/jornaldasoficinas.com\/pt\/wp-json\/wp\/v2\/media\/21078"}],"wp:attachment":[{"href":"https:\/\/jornaldasoficinas.com\/pt\/wp-json\/wp\/v2\/media?parent=21083"}],"wp:term":[{"taxonomy":"category","embeddable":true,"href":"https:\/\/jornaldasoficinas.com\/pt\/wp-json\/wp\/v2\/categories?post=21083"},{"taxonomy":"post_tag","embeddable":true,"href":"https:\/\/jornaldasoficinas.com\/pt\/wp-json\/wp\/v2\/tags?post=21083"}],"curies":[{"name":"wp","href":"https:\/\/api.w.org\/{rel}","templated":true}]}}