{"id":21114,"date":"2021-05-10T14:00:07","date_gmt":"2021-05-10T13:00:07","guid":{"rendered":"https:\/\/jornaldasoficinas.com\/pt\/?p=21114"},"modified":"2021-05-10T13:26:46","modified_gmt":"2021-05-10T12:26:46","slug":"brembo-desenvolve-conceito-new-g-sessanta-para-motos","status":"publish","type":"post","link":"https:\/\/jornaldasoficinas.com\/pt\/brembo-desenvolve-conceito-new-g-sessanta-para-motos\/","title":{"rendered":"Brembo desenvolve conceito \u2018New G Sessanta\u2019 para motos"},"content":{"rendered":"<p><img loading=\"lazy\" decoding=\"async\" class=\"alignnone wp-image-21102 size-full\" src=\"https:\/\/jornaldasoficinas.com\/pt\/wp-content\/uploads\/2021\/05\/Brembo-desenvolve.jpg\" alt=\"05 - Brembo-desenvolve\" width=\"1024\" height=\"581\" srcset=\"https:\/\/jornaldasoficinas.com\/pt\/wp-content\/uploads\/2021\/05\/Brembo-desenvolve.jpg 1024w, https:\/\/jornaldasoficinas.com\/pt\/wp-content\/uploads\/2021\/05\/Brembo-desenvolve-300x170.jpg 300w, https:\/\/jornaldasoficinas.com\/pt\/wp-content\/uploads\/2021\/05\/Brembo-desenvolve-150x85.jpg 150w, https:\/\/jornaldasoficinas.com\/pt\/wp-content\/uploads\/2021\/05\/Brembo-desenvolve-768x436.jpg 768w\" sizes=\"auto, (max-width: 1024px) 100vw, 1024px\" \/><\/p>\n<p><strong>Para o seu 60\u00ba anivers\u00e1rio, a Brembo apresenta a \u2018New G Sessanta\u2019, um novo conceito inspirado na primeira pin\u00e7a de trav\u00e3o para motos produzida pela empresa, que concretiza a nossa nova vis\u00e3o do futuro da mobilidade<\/strong><\/p>\n<p>A Brembo apostou na aplica\u00e7\u00e3o revolucion\u00e1ria da tecnologia LED diretamente no corpo da pin\u00e7a. Esta solu\u00e7\u00e3o adapta-se a todas as aplica\u00e7\u00f5es e tipos de paqu\u00edmetro e real\u00e7a a sua forma e fun\u00e7\u00e3o: pode ser tanto na interface que comunica diretamente com o utilizador, como uma escolha est\u00e9tica, adaptando-se aos gostos e prefer\u00eancias do utilizador. A luz eleva a experi\u00eancia de Brembo no uso da cor a um patamar superior, conferindo-lhe novos valores.<\/p>\n<p>O Brembo &#8216;New G Sessanta&#8217; \u00e9 um conceito pensado para ser individualizado, utilizando a tecnologia wireless, quando o ve\u00edculo est\u00e1 parado, para controlar a tonalidade de luz desejada para expressar humor e real\u00e7ar o estilo da bicicleta.<\/p>\n<p>O uso da cor e da luz tamb\u00e9m tem o potencial de permitir o envio de dados e informa\u00e7\u00f5es sobre as condi\u00e7\u00f5es do ve\u00edculo e do pr\u00f3prio paqu\u00edmetro, ou mesmo auxiliar na localiza\u00e7\u00e3o de um ve\u00edculo estacionado por meio da emiss\u00e3o de uma luz de cortesia.<\/p>\n<p>L\u00edder nato das inova\u00e7\u00f5es que moldaram a hist\u00f3ria dos sistemas de frenagem de alto desempenho, a Brembo foi pioneira num novo conceito em pin\u00e7as de freio que vai al\u00e9m dos c\u00e2nones tradicionais de design e tecnologia, para apresentar uma dimens\u00e3o contempor\u00e2nea que fala a linguagem das novas gera\u00e7\u00f5es .<\/p>\n<p>O conceito &#8216;New G Sessanta&#8217; da Brembo celebra o design da primeira pin\u00e7a de freio da marca a ser fabricada para motos em 1972. Permanecendo fiel \u00e0s linhas ic\u00f3nicas que foram a marca desse primeiro modelo que fez hist\u00f3ria, o conceito reinterpreta o seu corpo com uma estrutura de pr\u00f3xima gera\u00e7\u00e3o de s\u00f3lidos e vazios din\u00e2micos, que ainda s\u00e3o essenciais na sua imedia\u00e7\u00e3o e consist\u00eancia formal.<\/p>\n","protected":false},"excerpt":{"rendered":"<p>Para o seu 60\u00ba anivers\u00e1rio, a&#8230;<\/p>\n","protected":false},"author":15,"featured_media":21102,"comment_status":"closed","ping_status":"closed","sticky":false,"template":"","format":"standard","meta":{"footnotes":""},"categories":[29],"tags":[283],"class_list":["post-21114","post","type-post","status-publish","format-standard","has-post-thumbnail","hentry","category-empresas","tag-brembo"],"yoast_head":"<!-- This site is optimized with the Yoast SEO plugin v27.5 - https:\/\/yoast.com\/product\/yoast-seo-wordpress\/ -->\n<title>Brembo desenvolve conceito \u2018New G Sessanta\u2019 para motos - Jornal das Oficinas<\/title>\n<meta name=\"description\" content=\"Para o seu 60\u00ba anivers\u00e1rio, a Brembo apresenta a \u2018New G Sessanta\u2019, um novo conceito inspirado na primeira pin\u00e7a de trav\u00e3o para motos\" \/>\n<meta name=\"robots\" content=\"index, follow, max-snippet:-1, max-image-preview:large, max-video-preview:-1\" \/>\n<link rel=\"canonical\" href=\"https:\/\/jornaldasoficinas.com\/pt\/brembo-desenvolve-conceito-new-g-sessanta-para-motos\/\" \/>\n<meta property=\"og:locale\" content=\"pt_PT\" \/>\n<meta property=\"og:type\" content=\"article\" \/>\n<meta property=\"og:title\" content=\"Brembo desenvolve conceito \u2018New G Sessanta\u2019 para motos - Jornal das Oficinas\" \/>\n<meta property=\"og:description\" content=\"Para o seu 60\u00ba anivers\u00e1rio, a Brembo apresenta a \u2018New G Sessanta\u2019, um novo conceito inspirado na primeira pin\u00e7a de trav\u00e3o para motos\" \/>\n<meta property=\"og:url\" content=\"https:\/\/jornaldasoficinas.com\/pt\/brembo-desenvolve-conceito-new-g-sessanta-para-motos\/\" \/>\n<meta property=\"og:site_name\" content=\"Jornal das Oficinas\" \/>\n<meta property=\"article:publisher\" content=\"https:\/\/www.facebook.com\/jornaloficinas\" \/>\n<meta property=\"article:published_time\" content=\"2021-05-10T13:00:07+00:00\" \/>\n<meta property=\"og:image\" content=\"https:\/\/jornaldasoficinas.com\/pt\/wp-content\/uploads\/2021\/05\/Brembo-desenvolve.jpg\" \/>\n\t<meta property=\"og:image:width\" content=\"1024\" \/>\n\t<meta property=\"og:image:height\" content=\"581\" \/>\n\t<meta property=\"og:image:type\" content=\"image\/jpeg\" \/>\n<meta name=\"author\" content=\"Reda\u00e7\u00e3o JO\" \/>\n<meta name=\"twitter:card\" content=\"summary_large_image\" \/>\n<meta name=\"twitter:creator\" content=\"@jornaloficinas\" \/>\n<meta name=\"twitter:site\" content=\"@jornaloficinas\" \/>\n<meta name=\"twitter:label1\" content=\"Escrito por\" \/>\n\t<meta name=\"twitter:data1\" content=\"Reda\u00e7\u00e3o JO\" \/>\n\t<meta name=\"twitter:label2\" content=\"Tempo estimado de leitura\" \/>\n\t<meta name=\"twitter:data2\" content=\"2 minutos\" \/>\n<script type=\"application\/ld+json\" class=\"yoast-schema-graph\">{\"@context\":\"https:\\\/\\\/schema.org\",\"@graph\":[{\"@type\":\"Article\",\"@id\":\"https:\\\/\\\/jornaldasoficinas.com\\\/pt\\\/brembo-desenvolve-conceito-new-g-sessanta-para-motos\\\/#article\",\"isPartOf\":{\"@id\":\"https:\\\/\\\/jornaldasoficinas.com\\\/pt\\\/brembo-desenvolve-conceito-new-g-sessanta-para-motos\\\/\"},\"author\":{\"name\":\"Reda\u00e7\u00e3o JO\",\"@id\":\"https:\\\/\\\/jornaldasoficinas.com\\\/pt\\\/#\\\/schema\\\/person\\\/a38eef5de2c41d9e7c9ac10141afddf3\"},\"headline\":\"Brembo desenvolve conceito \u2018New G Sessanta\u2019 para motos\",\"datePublished\":\"2021-05-10T13:00:07+00:00\",\"mainEntityOfPage\":{\"@id\":\"https:\\\/\\\/jornaldasoficinas.com\\\/pt\\\/brembo-desenvolve-conceito-new-g-sessanta-para-motos\\\/\"},\"wordCount\":355,\"publisher\":{\"@id\":\"https:\\\/\\\/jornaldasoficinas.com\\\/pt\\\/#organization\"},\"image\":{\"@id\":\"https:\\\/\\\/jornaldasoficinas.com\\\/pt\\\/brembo-desenvolve-conceito-new-g-sessanta-para-motos\\\/#primaryimage\"},\"thumbnailUrl\":\"https:\\\/\\\/jornaldasoficinas.com\\\/pt\\\/wp-content\\\/uploads\\\/2021\\\/05\\\/Brembo-desenvolve.jpg\",\"keywords\":[\"Brembo\"],\"articleSection\":[\"Empresas\"],\"inLanguage\":\"pt-PT\"},{\"@type\":\"WebPage\",\"@id\":\"https:\\\/\\\/jornaldasoficinas.com\\\/pt\\\/brembo-desenvolve-conceito-new-g-sessanta-para-motos\\\/\",\"url\":\"https:\\\/\\\/jornaldasoficinas.com\\\/pt\\\/brembo-desenvolve-conceito-new-g-sessanta-para-motos\\\/\",\"name\":\"Brembo desenvolve conceito \u2018New G Sessanta\u2019 para motos - Jornal das Oficinas\",\"isPartOf\":{\"@id\":\"https:\\\/\\\/jornaldasoficinas.com\\\/pt\\\/#website\"},\"primaryImageOfPage\":{\"@id\":\"https:\\\/\\\/jornaldasoficinas.com\\\/pt\\\/brembo-desenvolve-conceito-new-g-sessanta-para-motos\\\/#primaryimage\"},\"image\":{\"@id\":\"https:\\\/\\\/jornaldasoficinas.com\\\/pt\\\/brembo-desenvolve-conceito-new-g-sessanta-para-motos\\\/#primaryimage\"},\"thumbnailUrl\":\"https:\\\/\\\/jornaldasoficinas.com\\\/pt\\\/wp-content\\\/uploads\\\/2021\\\/05\\\/Brembo-desenvolve.jpg\",\"datePublished\":\"2021-05-10T13:00:07+00:00\",\"description\":\"Para o seu 60\u00ba anivers\u00e1rio, a Brembo apresenta a \u2018New G Sessanta\u2019, um novo conceito inspirado na primeira pin\u00e7a de trav\u00e3o para motos\",\"breadcrumb\":{\"@id\":\"https:\\\/\\\/jornaldasoficinas.com\\\/pt\\\/brembo-desenvolve-conceito-new-g-sessanta-para-motos\\\/#breadcrumb\"},\"inLanguage\":\"pt-PT\",\"potentialAction\":[{\"@type\":\"ReadAction\",\"target\":[\"https:\\\/\\\/jornaldasoficinas.com\\\/pt\\\/brembo-desenvolve-conceito-new-g-sessanta-para-motos\\\/\"]}]},{\"@type\":\"ImageObject\",\"inLanguage\":\"pt-PT\",\"@id\":\"https:\\\/\\\/jornaldasoficinas.com\\\/pt\\\/brembo-desenvolve-conceito-new-g-sessanta-para-motos\\\/#primaryimage\",\"url\":\"https:\\\/\\\/jornaldasoficinas.com\\\/pt\\\/wp-content\\\/uploads\\\/2021\\\/05\\\/Brembo-desenvolve.jpg\",\"contentUrl\":\"https:\\\/\\\/jornaldasoficinas.com\\\/pt\\\/wp-content\\\/uploads\\\/2021\\\/05\\\/Brembo-desenvolve.jpg\",\"width\":1024,\"height\":581,\"caption\":\"05 - Brembo-desenvolve\"},{\"@type\":\"BreadcrumbList\",\"@id\":\"https:\\\/\\\/jornaldasoficinas.com\\\/pt\\\/brembo-desenvolve-conceito-new-g-sessanta-para-motos\\\/#breadcrumb\",\"itemListElement\":[{\"@type\":\"ListItem\",\"position\":1,\"name\":\"In\u00edcio\",\"item\":\"https:\\\/\\\/jornaldasoficinas.com\\\/pt\\\/\"},{\"@type\":\"ListItem\",\"position\":2,\"name\":\"Brembo desenvolve conceito \u2018New G Sessanta\u2019 para motos\"}]},{\"@type\":\"WebSite\",\"@id\":\"https:\\\/\\\/jornaldasoficinas.com\\\/pt\\\/#website\",\"url\":\"https:\\\/\\\/jornaldasoficinas.com\\\/pt\\\/\",\"name\":\"Jornal das Oficinas\",\"description\":\"Jornal independente do Aftermarket Autom\u00f3vel em Portugal\",\"publisher\":{\"@id\":\"https:\\\/\\\/jornaldasoficinas.com\\\/pt\\\/#organization\"},\"potentialAction\":[{\"@type\":\"SearchAction\",\"target\":{\"@type\":\"EntryPoint\",\"urlTemplate\":\"https:\\\/\\\/jornaldasoficinas.com\\\/pt\\\/?s={search_term_string}\"},\"query-input\":{\"@type\":\"PropertyValueSpecification\",\"valueRequired\":true,\"valueName\":\"search_term_string\"}}],\"inLanguage\":\"pt-PT\"},{\"@type\":\"Organization\",\"@id\":\"https:\\\/\\\/jornaldasoficinas.com\\\/pt\\\/#organization\",\"name\":\"Jornal das Oficinas\",\"url\":\"https:\\\/\\\/jornaldasoficinas.com\\\/pt\\\/\",\"logo\":{\"@type\":\"ImageObject\",\"inLanguage\":\"pt-PT\",\"@id\":\"https:\\\/\\\/jornaldasoficinas.com\\\/pt\\\/#\\\/schema\\\/logo\\\/image\\\/\",\"url\":\"https:\\\/\\\/jornaldasoficinas.com\\\/pt\\\/wp-content\\\/uploads\\\/logoJO-SEO.png\",\"contentUrl\":\"https:\\\/\\\/jornaldasoficinas.com\\\/pt\\\/wp-content\\\/uploads\\\/logoJO-SEO.png\",\"width\":285,\"height\":450,\"caption\":\"Jornal das Oficinas\"},\"image\":{\"@id\":\"https:\\\/\\\/jornaldasoficinas.com\\\/pt\\\/#\\\/schema\\\/logo\\\/image\\\/\"},\"sameAs\":[\"https:\\\/\\\/www.facebook.com\\\/jornaloficinas\",\"https:\\\/\\\/x.com\\\/jornaloficinas\",\"https:\\\/\\\/www.instagram.com\\\/jornal_oficinas\\\/\",\"https:\\\/\\\/www.linkedin.com\\\/company\\\/jornal-das-oficinas\\\/\",\"https:\\\/\\\/www.youtube.com\\\/channel\\\/UCbQZBqtcvV-oSQrr7RzINGg\"]},{\"@type\":\"Person\",\"@id\":\"https:\\\/\\\/jornaldasoficinas.com\\\/pt\\\/#\\\/schema\\\/person\\\/a38eef5de2c41d9e7c9ac10141afddf3\",\"name\":\"Reda\u00e7\u00e3o JO\",\"image\":{\"@type\":\"ImageObject\",\"inLanguage\":\"pt-PT\",\"@id\":\"https:\\\/\\\/secure.gravatar.com\\\/avatar\\\/71f2fa71737ad68a84fea94bc708ddac8ea5b0c4788dc2ad202f3ccb2887742f?s=96&d=wp_user_avatar&r=g\",\"url\":\"https:\\\/\\\/secure.gravatar.com\\\/avatar\\\/71f2fa71737ad68a84fea94bc708ddac8ea5b0c4788dc2ad202f3ccb2887742f?s=96&d=wp_user_avatar&r=g\",\"contentUrl\":\"https:\\\/\\\/secure.gravatar.com\\\/avatar\\\/71f2fa71737ad68a84fea94bc708ddac8ea5b0c4788dc2ad202f3ccb2887742f?s=96&d=wp_user_avatar&r=g\",\"caption\":\"Reda\u00e7\u00e3o JO\"},\"url\":\"https:\\\/\\\/jornaldasoficinas.com\\\/pt\\\/author\\\/joredacao\\\/\"}]}<\/script>\n<!-- \/ Yoast SEO plugin. -->","yoast_head_json":{"title":"Brembo desenvolve conceito \u2018New G Sessanta\u2019 para motos - Jornal das Oficinas","description":"Para o seu 60\u00ba anivers\u00e1rio, a Brembo apresenta a \u2018New G Sessanta\u2019, um novo conceito inspirado na primeira pin\u00e7a de trav\u00e3o para motos","robots":{"index":"index","follow":"follow","max-snippet":"max-snippet:-1","max-image-preview":"max-image-preview:large","max-video-preview":"max-video-preview:-1"},"canonical":"https:\/\/jornaldasoficinas.com\/pt\/brembo-desenvolve-conceito-new-g-sessanta-para-motos\/","og_locale":"pt_PT","og_type":"article","og_title":"Brembo desenvolve conceito \u2018New G Sessanta\u2019 para motos - Jornal das Oficinas","og_description":"Para o seu 60\u00ba anivers\u00e1rio, a Brembo apresenta a \u2018New G Sessanta\u2019, um novo conceito inspirado na primeira pin\u00e7a de trav\u00e3o para motos","og_url":"https:\/\/jornaldasoficinas.com\/pt\/brembo-desenvolve-conceito-new-g-sessanta-para-motos\/","og_site_name":"Jornal das Oficinas","article_publisher":"https:\/\/www.facebook.com\/jornaloficinas","article_published_time":"2021-05-10T13:00:07+00:00","og_image":[{"width":1024,"height":581,"url":"https:\/\/jornaldasoficinas.com\/pt\/wp-content\/uploads\/2021\/05\/Brembo-desenvolve.jpg","type":"image\/jpeg"}],"author":"Reda\u00e7\u00e3o JO","twitter_card":"summary_large_image","twitter_creator":"@jornaloficinas","twitter_site":"@jornaloficinas","twitter_misc":{"Escrito por":"Reda\u00e7\u00e3o JO","Tempo estimado de leitura":"2 minutos"},"schema":{"@context":"https:\/\/schema.org","@graph":[{"@type":"Article","@id":"https:\/\/jornaldasoficinas.com\/pt\/brembo-desenvolve-conceito-new-g-sessanta-para-motos\/#article","isPartOf":{"@id":"https:\/\/jornaldasoficinas.com\/pt\/brembo-desenvolve-conceito-new-g-sessanta-para-motos\/"},"author":{"name":"Reda\u00e7\u00e3o JO","@id":"https:\/\/jornaldasoficinas.com\/pt\/#\/schema\/person\/a38eef5de2c41d9e7c9ac10141afddf3"},"headline":"Brembo desenvolve conceito \u2018New G Sessanta\u2019 para motos","datePublished":"2021-05-10T13:00:07+00:00","mainEntityOfPage":{"@id":"https:\/\/jornaldasoficinas.com\/pt\/brembo-desenvolve-conceito-new-g-sessanta-para-motos\/"},"wordCount":355,"publisher":{"@id":"https:\/\/jornaldasoficinas.com\/pt\/#organization"},"image":{"@id":"https:\/\/jornaldasoficinas.com\/pt\/brembo-desenvolve-conceito-new-g-sessanta-para-motos\/#primaryimage"},"thumbnailUrl":"https:\/\/jornaldasoficinas.com\/pt\/wp-content\/uploads\/2021\/05\/Brembo-desenvolve.jpg","keywords":["Brembo"],"articleSection":["Empresas"],"inLanguage":"pt-PT"},{"@type":"WebPage","@id":"https:\/\/jornaldasoficinas.com\/pt\/brembo-desenvolve-conceito-new-g-sessanta-para-motos\/","url":"https:\/\/jornaldasoficinas.com\/pt\/brembo-desenvolve-conceito-new-g-sessanta-para-motos\/","name":"Brembo desenvolve conceito \u2018New G Sessanta\u2019 para motos - Jornal das Oficinas","isPartOf":{"@id":"https:\/\/jornaldasoficinas.com\/pt\/#website"},"primaryImageOfPage":{"@id":"https:\/\/jornaldasoficinas.com\/pt\/brembo-desenvolve-conceito-new-g-sessanta-para-motos\/#primaryimage"},"image":{"@id":"https:\/\/jornaldasoficinas.com\/pt\/brembo-desenvolve-conceito-new-g-sessanta-para-motos\/#primaryimage"},"thumbnailUrl":"https:\/\/jornaldasoficinas.com\/pt\/wp-content\/uploads\/2021\/05\/Brembo-desenvolve.jpg","datePublished":"2021-05-10T13:00:07+00:00","description":"Para o seu 60\u00ba anivers\u00e1rio, a Brembo apresenta a \u2018New G Sessanta\u2019, um novo conceito inspirado na primeira pin\u00e7a de trav\u00e3o para motos","breadcrumb":{"@id":"https:\/\/jornaldasoficinas.com\/pt\/brembo-desenvolve-conceito-new-g-sessanta-para-motos\/#breadcrumb"},"inLanguage":"pt-PT","potentialAction":[{"@type":"ReadAction","target":["https:\/\/jornaldasoficinas.com\/pt\/brembo-desenvolve-conceito-new-g-sessanta-para-motos\/"]}]},{"@type":"ImageObject","inLanguage":"pt-PT","@id":"https:\/\/jornaldasoficinas.com\/pt\/brembo-desenvolve-conceito-new-g-sessanta-para-motos\/#primaryimage","url":"https:\/\/jornaldasoficinas.com\/pt\/wp-content\/uploads\/2021\/05\/Brembo-desenvolve.jpg","contentUrl":"https:\/\/jornaldasoficinas.com\/pt\/wp-content\/uploads\/2021\/05\/Brembo-desenvolve.jpg","width":1024,"height":581,"caption":"05 - Brembo-desenvolve"},{"@type":"BreadcrumbList","@id":"https:\/\/jornaldasoficinas.com\/pt\/brembo-desenvolve-conceito-new-g-sessanta-para-motos\/#breadcrumb","itemListElement":[{"@type":"ListItem","position":1,"name":"In\u00edcio","item":"https:\/\/jornaldasoficinas.com\/pt\/"},{"@type":"ListItem","position":2,"name":"Brembo desenvolve conceito \u2018New G Sessanta\u2019 para motos"}]},{"@type":"WebSite","@id":"https:\/\/jornaldasoficinas.com\/pt\/#website","url":"https:\/\/jornaldasoficinas.com\/pt\/","name":"Jornal das Oficinas","description":"Jornal independente do Aftermarket Autom\u00f3vel em Portugal","publisher":{"@id":"https:\/\/jornaldasoficinas.com\/pt\/#organization"},"potentialAction":[{"@type":"SearchAction","target":{"@type":"EntryPoint","urlTemplate":"https:\/\/jornaldasoficinas.com\/pt\/?s={search_term_string}"},"query-input":{"@type":"PropertyValueSpecification","valueRequired":true,"valueName":"search_term_string"}}],"inLanguage":"pt-PT"},{"@type":"Organization","@id":"https:\/\/jornaldasoficinas.com\/pt\/#organization","name":"Jornal das Oficinas","url":"https:\/\/jornaldasoficinas.com\/pt\/","logo":{"@type":"ImageObject","inLanguage":"pt-PT","@id":"https:\/\/jornaldasoficinas.com\/pt\/#\/schema\/logo\/image\/","url":"https:\/\/jornaldasoficinas.com\/pt\/wp-content\/uploads\/logoJO-SEO.png","contentUrl":"https:\/\/jornaldasoficinas.com\/pt\/wp-content\/uploads\/logoJO-SEO.png","width":285,"height":450,"caption":"Jornal das Oficinas"},"image":{"@id":"https:\/\/jornaldasoficinas.com\/pt\/#\/schema\/logo\/image\/"},"sameAs":["https:\/\/www.facebook.com\/jornaloficinas","https:\/\/x.com\/jornaloficinas","https:\/\/www.instagram.com\/jornal_oficinas\/","https:\/\/www.linkedin.com\/company\/jornal-das-oficinas\/","https:\/\/www.youtube.com\/channel\/UCbQZBqtcvV-oSQrr7RzINGg"]},{"@type":"Person","@id":"https:\/\/jornaldasoficinas.com\/pt\/#\/schema\/person\/a38eef5de2c41d9e7c9ac10141afddf3","name":"Reda\u00e7\u00e3o JO","image":{"@type":"ImageObject","inLanguage":"pt-PT","@id":"https:\/\/secure.gravatar.com\/avatar\/71f2fa71737ad68a84fea94bc708ddac8ea5b0c4788dc2ad202f3ccb2887742f?s=96&d=wp_user_avatar&r=g","url":"https:\/\/secure.gravatar.com\/avatar\/71f2fa71737ad68a84fea94bc708ddac8ea5b0c4788dc2ad202f3ccb2887742f?s=96&d=wp_user_avatar&r=g","contentUrl":"https:\/\/secure.gravatar.com\/avatar\/71f2fa71737ad68a84fea94bc708ddac8ea5b0c4788dc2ad202f3ccb2887742f?s=96&d=wp_user_avatar&r=g","caption":"Reda\u00e7\u00e3o JO"},"url":"https:\/\/jornaldasoficinas.com\/pt\/author\/joredacao\/"}]}},"_links":{"self":[{"href":"https:\/\/jornaldasoficinas.com\/pt\/wp-json\/wp\/v2\/posts\/21114","targetHints":{"allow":["GET"]}}],"collection":[{"href":"https:\/\/jornaldasoficinas.com\/pt\/wp-json\/wp\/v2\/posts"}],"about":[{"href":"https:\/\/jornaldasoficinas.com\/pt\/wp-json\/wp\/v2\/types\/post"}],"author":[{"embeddable":true,"href":"https:\/\/jornaldasoficinas.com\/pt\/wp-json\/wp\/v2\/users\/15"}],"replies":[{"embeddable":true,"href":"https:\/\/jornaldasoficinas.com\/pt\/wp-json\/wp\/v2\/comments?post=21114"}],"version-history":[{"count":0,"href":"https:\/\/jornaldasoficinas.com\/pt\/wp-json\/wp\/v2\/posts\/21114\/revisions"}],"wp:featuredmedia":[{"embeddable":true,"href":"https:\/\/jornaldasoficinas.com\/pt\/wp-json\/wp\/v2\/media\/21102"}],"wp:attachment":[{"href":"https:\/\/jornaldasoficinas.com\/pt\/wp-json\/wp\/v2\/media?parent=21114"}],"wp:term":[{"taxonomy":"category","embeddable":true,"href":"https:\/\/jornaldasoficinas.com\/pt\/wp-json\/wp\/v2\/categories?post=21114"},{"taxonomy":"post_tag","embeddable":true,"href":"https:\/\/jornaldasoficinas.com\/pt\/wp-json\/wp\/v2\/tags?post=21114"}],"curies":[{"name":"wp","href":"https:\/\/api.w.org\/{rel}","templated":true}]}}